{"id":6911,"date":"2022-07-11T11:00:45","date_gmt":"2022-07-11T14:00:45","guid":{"rendered":"https:\/\/www.fsfx.com.br\/coi\/?p=6911"},"modified":"2022-07-11T15:35:15","modified_gmt":"2022-07-11T18:35:15","slug":"os-cuidados-com-a-saude-bucal-durante-a-gestacao-mudam","status":"publish","type":"post","link":"https:\/\/www.fsfx.com.br\/coi\/os-cuidados-com-a-saude-bucal-durante-a-gestacao-mudam\/","title":{"rendered":"Os cuidados com a sa\u00fade bucal durante a gesta\u00e7\u00e3o mudam?"},"content":{"rendered":"<p>Os cuidados s\u00e3o os mesmos de uma mulher n\u00e3o gr\u00e1vida, ou seja: a limpeza di\u00e1ria dos dentes e l\u00edngua com uso adequado da escova e do fio dental. Entretanto, vale lembrar alguns cuidados:<\/p>\n<ul>\n<li>Escovar os dentes com mais frequ\u00eancia j\u00e1 que o n\u00famero de alimentos estar\u00e1 mais elevado;<\/li>\n<li>Colocar pouco creme dental durante a escova\u00e7\u00e3o e n\u00e3o molhar demasiadamente a escova; Assim n\u00e3o formar\u00e1 muita espuma, provocando menos enjoos. Caso n\u00e3o esteja tolerando, usar a escova sem creme dental;<\/li>\n<li>Fazer a higiene bucal ap\u00f3s os epis\u00f3dios de v\u00f4mito, que aumentam a acidez na boca, podendo levar a descalcifica\u00e7\u00e3o dent\u00e1ria;<\/li>\n<li>Consumir moderadamente alimentos a\u00e7ucarados, preferencialmente ap\u00f3s as refei\u00e7\u00f5es. Assim, voc\u00ea controlar\u00e1 melhor o seu peso e evitar\u00e1 c\u00e1ries;<\/li>\n<li>Consultar um dentista em caso de sangramento gengival persistente por mais de 15 dias;<\/li>\n<li>Programar sua consulta para revis\u00e3o odontol\u00f3gica assim que souber que est\u00e1 gr\u00e1vida.<\/li>\n<\/ul>\n<p><em><strong>IMPORTANTE: pesquisas recentes evidenciam que a doen\u00e7a gengival \u00e9 um dos fatores de risco para o nascimento de beb\u00eas prematuros e com baixo peso corporal.<\/strong><\/em><\/p>\n<p>Cuide de sua sa\u00fade bucal! Consulte sempre um especialista em casos de d\u00favidas!<\/p>\n","protected":false},"excerpt":{"rendered":"<p>Os cuidados s\u00e3o os mesmos de uma mulher n\u00e3o gr\u00e1vida, ou seja: a limpeza di\u00e1ria dos dentes e l\u00edngua com uso adequado da escova e do fio dental. Entretanto, vale lembrar alguns cuidados: Escovar os dentes com mais frequ\u00eancia j\u00e1 que o n\u00famero de alimentos estar\u00e1 mais elevado; Colocar pouco creme dental durante a escova\u00e7\u00e3o [&hellip;]<\/p>\n","protected":false},"author":2,"featured_media":7024,"comment_status":"open","ping_status":"open","sticky":false,"template":"","format":"standard","meta":{"_acf_changed":false,"site-sidebar-layout":"default","site-content-layout":"","ast-site-content-layout":"default","site-content-style":"default","site-sidebar-style":"default","ast-global-header-display":"","ast-banner-title-visibility":"","ast-main-header-display":"","ast-hfb-above-header-display":"","ast-hfb-below-header-display":"","ast-hfb-mobile-header-display":"","site-post-title":"","ast-breadcrumbs-content":"","ast-featured-img":"","footer-sml-layout":"","theme-transparent-header-meta":"","adv-header-id-meta":"","stick-header-meta":"","header-above-stick-meta":"","header-main-stick-meta":"","header-below-stick-meta":"","astra-migrate-meta-layouts":"default","ast-page-background-enabled":"default","ast-page-background-meta":{"desktop":{"background-color":"var(--ast-global-color-4)","background-image":"","background-repeat":"repeat","background-position":"center center","background-size":"auto","background-attachment":"scroll","background-type":"","background-media":"","overlay-type":"","overlay-color":"","overlay-opacity":"","overlay-gradient":""},"tablet":{"background-color":"","background-image":"","background-repeat":"repeat","background-position":"center center","background-size":"auto","background-attachment":"scroll","background-type":"","background-media":"","overlay-type":"","overlay-color":"","overlay-opacity":"","overlay-gradient":""},"mobile":{"background-color":"","background-image":"","background-repeat":"repeat","background-position":"center center","background-size":"auto","background-attachment":"scroll","background-type":"","background-media":"","overlay-type":"","overlay-color":"","overlay-opacity":"","overlay-gradient":""}},"ast-content-background-meta":{"desktop":{"background-color":"var(--ast-global-color-5)","background-image":"","background-repeat":"repeat","background-position":"center center","background-size":"auto","background-attachment":"scroll","background-type":"","background-media":"","overlay-type":"","overlay-color":"","overlay-opacity":"","overlay-gradient":""},"tablet":{"background-color":"var(--ast-global-color-5)","background-image":"","background-repeat":"repeat","background-position":"center center","background-size":"auto","background-attachment":"scroll","background-type":"","background-media":"","overlay-type":"","overlay-color":"","overlay-opacity":"","overlay-gradient":""},"mobile":{"background-color":"var(--ast-global-color-5)","background-image":"","background-repeat":"repeat","background-position":"center center","background-size":"auto","background-attachment":"scroll","background-type":"","background-media":"","overlay-type":"","overlay-color":"","overlay-opacity":"","overlay-gradient":""}},"footnotes":""},"categories":[18],"tags":[],"class_list":["post-6911","post","type-post","status-publish","format-standard","has-post-thumbnail","hentry","category-dicas"],"acf":[],"yoast_head":"<!-- This site is optimized with the Yoast SEO plugin v26.9 - https:\/\/yoast.com\/product\/yoast-seo-wordpress\/ -->\n<title>Os cuidados com a sa\u00fade bucal durante a gesta\u00e7\u00e3o mudam? - Centro de Odontologia Integrada<\/title>\n<meta name=\"robots\" content=\"index, follow, max-snippet:-1, max-image-preview:large, max-video-preview:-1\" \/>\n<link rel=\"canonical\" href=\"https:\/\/www.fsfx.com.br\/coi\/os-cuidados-com-a-saude-bucal-durante-a-gestacao-mudam\/\" \/>\n<meta property=\"og:locale\" content=\"pt_BR\" \/>\n<meta property=\"og:type\" content=\"article\" \/>\n<meta property=\"og:title\" content=\"Os cuidados com a sa\u00fade bucal durante a gesta\u00e7\u00e3o mudam? - Centro de Odontologia Integrada\" \/>\n<meta property=\"og:description\" content=\"Os cuidados s\u00e3o os mesmos de uma mulher n\u00e3o gr\u00e1vida, ou seja: a limpeza di\u00e1ria dos dentes e l\u00edngua com uso adequado da escova e do fio dental. Entretanto, vale lembrar alguns cuidados: Escovar os dentes com mais frequ\u00eancia j\u00e1 que o n\u00famero de alimentos estar\u00e1 mais elevado; Colocar pouco creme dental durante a escova\u00e7\u00e3o [&hellip;]\" \/>\n<meta property=\"og:url\" content=\"https:\/\/www.fsfx.com.br\/coi\/os-cuidados-com-a-saude-bucal-durante-a-gestacao-mudam\/\" \/>\n<meta property=\"og:site_name\" content=\"Centro de Odontologia Integrada\" \/>\n<meta property=\"article:published_time\" content=\"2022-07-11T14:00:45+00:00\" \/>\n<meta property=\"article:modified_time\" content=\"2022-07-11T18:35:15+00:00\" \/>\n<meta property=\"og:image\" content=\"https:\/\/www.fsfx.com.br\/coi\/wp-content\/uploads\/sites\/4\/2022\/07\/mae-dentista.jpg\" \/>\n\t<meta property=\"og:image:width\" content=\"1920\" \/>\n\t<meta property=\"og:image:height\" content=\"622\" \/>\n\t<meta property=\"og:image:type\" content=\"image\/jpeg\" \/>\n<meta name=\"author\" content=\"claudio\" \/>\n<meta name=\"twitter:card\" content=\"summary_large_image\" \/>\n<meta name=\"twitter:label1\" content=\"Escrito por\" \/>\n\t<meta name=\"twitter:data1\" content=\"claudio\" \/>\n\t<meta name=\"twitter:label2\" content=\"Est. tempo de leitura\" \/>\n\t<meta name=\"twitter:data2\" content=\"1 minuto\" \/>\n<script type=\"application\/ld+json\" class=\"yoast-schema-graph\">{\"@context\":\"https:\/\/schema.org\",\"@graph\":[{\"@type\":\"Article\",\"@id\":\"https:\/\/www.fsfx.com.br\/coi\/os-cuidados-com-a-saude-bucal-durante-a-gestacao-mudam\/#article\",\"isPartOf\":{\"@id\":\"https:\/\/www.fsfx.com.br\/coi\/os-cuidados-com-a-saude-bucal-durante-a-gestacao-mudam\/\"},\"author\":{\"name\":\"claudio\",\"@id\":\"https:\/\/www.fsfx.com.br\/coi\/#\/schema\/person\/7d2372fe1973398ab20a060bbb9a87d8\"},\"headline\":\"Os cuidados com a sa\u00fade bucal durante a gesta\u00e7\u00e3o mudam?\",\"datePublished\":\"2022-07-11T14:00:45+00:00\",\"dateModified\":\"2022-07-11T18:35:15+00:00\",\"mainEntityOfPage\":{\"@id\":\"https:\/\/www.fsfx.com.br\/coi\/os-cuidados-com-a-saude-bucal-durante-a-gestacao-mudam\/\"},\"wordCount\":218,\"commentCount\":0,\"publisher\":{\"@id\":\"https:\/\/www.fsfx.com.br\/coi\/#organization\"},\"image\":{\"@id\":\"https:\/\/www.fsfx.com.br\/coi\/os-cuidados-com-a-saude-bucal-durante-a-gestacao-mudam\/#primaryimage\"},\"thumbnailUrl\":\"https:\/\/www.fsfx.com.br\/coi\/wp-content\/uploads\/sites\/4\/2022\/07\/mae-dentista.jpg\",\"articleSection\":[\"Dicas\"],\"inLanguage\":\"pt-BR\",\"potentialAction\":[{\"@type\":\"CommentAction\",\"name\":\"Comment\",\"target\":[\"https:\/\/www.fsfx.com.br\/coi\/os-cuidados-com-a-saude-bucal-durante-a-gestacao-mudam\/#respond\"]}]},{\"@type\":\"WebPage\",\"@id\":\"https:\/\/www.fsfx.com.br\/coi\/os-cuidados-com-a-saude-bucal-durante-a-gestacao-mudam\/\",\"url\":\"https:\/\/www.fsfx.com.br\/coi\/os-cuidados-com-a-saude-bucal-durante-a-gestacao-mudam\/\",\"name\":\"Os cuidados com a sa\u00fade bucal durante a gesta\u00e7\u00e3o mudam? - Centro de Odontologia Integrada\",\"isPartOf\":{\"@id\":\"https:\/\/www.fsfx.com.br\/coi\/#website\"},\"primaryImageOfPage\":{\"@id\":\"https:\/\/www.fsfx.com.br\/coi\/os-cuidados-com-a-saude-bucal-durante-a-gestacao-mudam\/#primaryimage\"},\"image\":{\"@id\":\"https:\/\/www.fsfx.com.br\/coi\/os-cuidados-com-a-saude-bucal-durante-a-gestacao-mudam\/#primaryimage\"},\"thumbnailUrl\":\"https:\/\/www.fsfx.com.br\/coi\/wp-content\/uploads\/sites\/4\/2022\/07\/mae-dentista.jpg\",\"datePublished\":\"2022-07-11T14:00:45+00:00\",\"dateModified\":\"2022-07-11T18:35:15+00:00\",\"breadcrumb\":{\"@id\":\"https:\/\/www.fsfx.com.br\/coi\/os-cuidados-com-a-saude-bucal-durante-a-gestacao-mudam\/#breadcrumb\"},\"inLanguage\":\"pt-BR\",\"potentialAction\":[{\"@type\":\"ReadAction\",\"target\":[\"https:\/\/www.fsfx.com.br\/coi\/os-cuidados-com-a-saude-bucal-durante-a-gestacao-mudam\/\"]}]},{\"@type\":\"ImageObject\",\"inLanguage\":\"pt-BR\",\"@id\":\"https:\/\/www.fsfx.com.br\/coi\/os-cuidados-com-a-saude-bucal-durante-a-gestacao-mudam\/#primaryimage\",\"url\":\"https:\/\/www.fsfx.com.br\/coi\/wp-content\/uploads\/sites\/4\/2022\/07\/mae-dentista.jpg\",\"contentUrl\":\"https:\/\/www.fsfx.com.br\/coi\/wp-content\/uploads\/sites\/4\/2022\/07\/mae-dentista.jpg\",\"width\":1920,\"height\":622},{\"@type\":\"BreadcrumbList\",\"@id\":\"https:\/\/www.fsfx.com.br\/coi\/os-cuidados-com-a-saude-bucal-durante-a-gestacao-mudam\/#breadcrumb\",\"itemListElement\":[{\"@type\":\"ListItem\",\"position\":1,\"name\":\"In\u00edcio\",\"item\":\"https:\/\/www.fsfx.com.br\/coi\/\"},{\"@type\":\"ListItem\",\"position\":2,\"name\":\"Os cuidados com a sa\u00fade bucal durante a gesta\u00e7\u00e3o mudam?\"}]},{\"@type\":\"WebSite\",\"@id\":\"https:\/\/www.fsfx.com.br\/coi\/#website\",\"url\":\"https:\/\/www.fsfx.com.br\/coi\/\",\"name\":\"Centro de Odontologia Integrada\",\"description\":\"O COI realiza procedimentos para melhoria da sua sa\u00fade bucal desde os mais simples, como a profilaxia (limpeza) bucal, at\u00e9 procedimentos mais completos, como tratamento dos dist\u00farbios do sono, tratamento em implantodontia, reabilita\u00e7\u00e3o oral e ortodontia.\",\"publisher\":{\"@id\":\"https:\/\/www.fsfx.com.br\/coi\/#organization\"},\"potentialAction\":[{\"@type\":\"SearchAction\",\"target\":{\"@type\":\"EntryPoint\",\"urlTemplate\":\"https:\/\/www.fsfx.com.br\/coi\/?s={search_term_string}\"},\"query-input\":{\"@type\":\"PropertyValueSpecification\",\"valueRequired\":true,\"valueName\":\"search_term_string\"}}],\"inLanguage\":\"pt-BR\"},{\"@type\":\"Organization\",\"@id\":\"https:\/\/www.fsfx.com.br\/coi\/#organization\",\"name\":\"COI - Centro de Odontologia Integrada\",\"url\":\"https:\/\/www.fsfx.com.br\/coi\/\",\"logo\":{\"@type\":\"ImageObject\",\"inLanguage\":\"pt-BR\",\"@id\":\"https:\/\/www.fsfx.com.br\/coi\/#\/schema\/logo\/image\/\",\"url\":\"https:\/\/www.fsfx.com.br\/coi\/wp-content\/uploads\/sites\/4\/2022\/03\/logo-2.png\",\"contentUrl\":\"https:\/\/www.fsfx.com.br\/coi\/wp-content\/uploads\/sites\/4\/2022\/03\/logo-2.png\",\"width\":218,\"height\":57,\"caption\":\"COI - Centro de Odontologia Integrada\"},\"image\":{\"@id\":\"https:\/\/www.fsfx.com.br\/coi\/#\/schema\/logo\/image\/\"}},{\"@type\":\"Person\",\"@id\":\"https:\/\/www.fsfx.com.br\/coi\/#\/schema\/person\/7d2372fe1973398ab20a060bbb9a87d8\",\"name\":\"claudio\",\"image\":{\"@type\":\"ImageObject\",\"inLanguage\":\"pt-BR\",\"@id\":\"https:\/\/www.fsfx.com.br\/coi\/#\/schema\/person\/image\/\",\"url\":\"https:\/\/secure.gravatar.com\/avatar\/724caacf0f2f073275cb3689c577e73e87e40150b1ffd648a67445e75aa7ff03?s=96&d=mm&r=g\",\"contentUrl\":\"https:\/\/secure.gravatar.com\/avatar\/724caacf0f2f073275cb3689c577e73e87e40150b1ffd648a67445e75aa7ff03?s=96&d=mm&r=g\",\"caption\":\"claudio\"},\"url\":\"https:\/\/www.fsfx.com.br\/coi\/author\/claudio\/\"}]}<\/script>\n<!-- \/ Yoast SEO plugin. -->","yoast_head_json":{"title":"Os cuidados com a sa\u00fade bucal durante a gesta\u00e7\u00e3o mudam? - Centro de Odontologia Integrada","robots":{"index":"index","follow":"follow","max-snippet":"max-snippet:-1","max-image-preview":"max-image-preview:large","max-video-preview":"max-video-preview:-1"},"canonical":"https:\/\/www.fsfx.com.br\/coi\/os-cuidados-com-a-saude-bucal-durante-a-gestacao-mudam\/","og_locale":"pt_BR","og_type":"article","og_title":"Os cuidados com a sa\u00fade bucal durante a gesta\u00e7\u00e3o mudam? - Centro de Odontologia Integrada","og_description":"Os cuidados s\u00e3o os mesmos de uma mulher n\u00e3o gr\u00e1vida, ou seja: a limpeza di\u00e1ria dos dentes e l\u00edngua com uso adequado da escova e do fio dental. Entretanto, vale lembrar alguns cuidados: Escovar os dentes com mais frequ\u00eancia j\u00e1 que o n\u00famero de alimentos estar\u00e1 mais elevado; Colocar pouco creme dental durante a escova\u00e7\u00e3o [&hellip;]","og_url":"https:\/\/www.fsfx.com.br\/coi\/os-cuidados-com-a-saude-bucal-durante-a-gestacao-mudam\/","og_site_name":"Centro de Odontologia Integrada","article_published_time":"2022-07-11T14:00:45+00:00","article_modified_time":"2022-07-11T18:35:15+00:00","og_image":[{"width":1920,"height":622,"url":"https:\/\/www.fsfx.com.br\/coi\/wp-content\/uploads\/sites\/4\/2022\/07\/mae-dentista.jpg","type":"image\/jpeg"}],"author":"claudio","twitter_card":"summary_large_image","twitter_misc":{"Escrito por":"claudio","Est. tempo de leitura":"1 minuto"},"schema":{"@context":"https:\/\/schema.org","@graph":[{"@type":"Article","@id":"https:\/\/www.fsfx.com.br\/coi\/os-cuidados-com-a-saude-bucal-durante-a-gestacao-mudam\/#article","isPartOf":{"@id":"https:\/\/www.fsfx.com.br\/coi\/os-cuidados-com-a-saude-bucal-durante-a-gestacao-mudam\/"},"author":{"name":"claudio","@id":"https:\/\/www.fsfx.com.br\/coi\/#\/schema\/person\/7d2372fe1973398ab20a060bbb9a87d8"},"headline":"Os cuidados com a sa\u00fade bucal durante a gesta\u00e7\u00e3o mudam?","datePublished":"2022-07-11T14:00:45+00:00","dateModified":"2022-07-11T18:35:15+00:00","mainEntityOfPage":{"@id":"https:\/\/www.fsfx.com.br\/coi\/os-cuidados-com-a-saude-bucal-durante-a-gestacao-mudam\/"},"wordCount":218,"commentCount":0,"publisher":{"@id":"https:\/\/www.fsfx.com.br\/coi\/#organization"},"image":{"@id":"https:\/\/www.fsfx.com.br\/coi\/os-cuidados-com-a-saude-bucal-durante-a-gestacao-mudam\/#primaryimage"},"thumbnailUrl":"https:\/\/www.fsfx.com.br\/coi\/wp-content\/uploads\/sites\/4\/2022\/07\/mae-dentista.jpg","articleSection":["Dicas"],"inLanguage":"pt-BR","potentialAction":[{"@type":"CommentAction","name":"Comment","target":["https:\/\/www.fsfx.com.br\/coi\/os-cuidados-com-a-saude-bucal-durante-a-gestacao-mudam\/#respond"]}]},{"@type":"WebPage","@id":"https:\/\/www.fsfx.com.br\/coi\/os-cuidados-com-a-saude-bucal-durante-a-gestacao-mudam\/","url":"https:\/\/www.fsfx.com.br\/coi\/os-cuidados-com-a-saude-bucal-durante-a-gestacao-mudam\/","name":"Os cuidados com a sa\u00fade bucal durante a gesta\u00e7\u00e3o mudam? - Centro de Odontologia Integrada","isPartOf":{"@id":"https:\/\/www.fsfx.com.br\/coi\/#website"},"primaryImageOfPage":{"@id":"https:\/\/www.fsfx.com.br\/coi\/os-cuidados-com-a-saude-bucal-durante-a-gestacao-mudam\/#primaryimage"},"image":{"@id":"https:\/\/www.fsfx.com.br\/coi\/os-cuidados-com-a-saude-bucal-durante-a-gestacao-mudam\/#primaryimage"},"thumbnailUrl":"https:\/\/www.fsfx.com.br\/coi\/wp-content\/uploads\/sites\/4\/2022\/07\/mae-dentista.jpg","datePublished":"2022-07-11T14:00:45+00:00","dateModified":"2022-07-11T18:35:15+00:00","breadcrumb":{"@id":"https:\/\/www.fsfx.com.br\/coi\/os-cuidados-com-a-saude-bucal-durante-a-gestacao-mudam\/#breadcrumb"},"inLanguage":"pt-BR","potentialAction":[{"@type":"ReadAction","target":["https:\/\/www.fsfx.com.br\/coi\/os-cuidados-com-a-saude-bucal-durante-a-gestacao-mudam\/"]}]},{"@type":"ImageObject","inLanguage":"pt-BR","@id":"https:\/\/www.fsfx.com.br\/coi\/os-cuidados-com-a-saude-bucal-durante-a-gestacao-mudam\/#primaryimage","url":"https:\/\/www.fsfx.com.br\/coi\/wp-content\/uploads\/sites\/4\/2022\/07\/mae-dentista.jpg","contentUrl":"https:\/\/www.fsfx.com.br\/coi\/wp-content\/uploads\/sites\/4\/2022\/07\/mae-dentista.jpg","width":1920,"height":622},{"@type":"BreadcrumbList","@id":"https:\/\/www.fsfx.com.br\/coi\/os-cuidados-com-a-saude-bucal-durante-a-gestacao-mudam\/#breadcrumb","itemListElement":[{"@type":"ListItem","position":1,"name":"In\u00edcio","item":"https:\/\/www.fsfx.com.br\/coi\/"},{"@type":"ListItem","position":2,"name":"Os cuidados com a sa\u00fade bucal durante a gesta\u00e7\u00e3o mudam?"}]},{"@type":"WebSite","@id":"https:\/\/www.fsfx.com.br\/coi\/#website","url":"https:\/\/www.fsfx.com.br\/coi\/","name":"Centro de Odontologia Integrada","description":"O COI realiza procedimentos para melhoria da sua sa\u00fade bucal desde os mais simples, como a profilaxia (limpeza) bucal, at\u00e9 procedimentos mais completos, como tratamento dos dist\u00farbios do sono, tratamento em implantodontia, reabilita\u00e7\u00e3o oral e ortodontia.","publisher":{"@id":"https:\/\/www.fsfx.com.br\/coi\/#organization"},"potentialAction":[{"@type":"SearchAction","target":{"@type":"EntryPoint","urlTemplate":"https:\/\/www.fsfx.com.br\/coi\/?s={search_term_string}"},"query-input":{"@type":"PropertyValueSpecification","valueRequired":true,"valueName":"search_term_string"}}],"inLanguage":"pt-BR"},{"@type":"Organization","@id":"https:\/\/www.fsfx.com.br\/coi\/#organization","name":"COI - Centro de Odontologia Integrada","url":"https:\/\/www.fsfx.com.br\/coi\/","logo":{"@type":"ImageObject","inLanguage":"pt-BR","@id":"https:\/\/www.fsfx.com.br\/coi\/#\/schema\/logo\/image\/","url":"https:\/\/www.fsfx.com.br\/coi\/wp-content\/uploads\/sites\/4\/2022\/03\/logo-2.png","contentUrl":"https:\/\/www.fsfx.com.br\/coi\/wp-content\/uploads\/sites\/4\/2022\/03\/logo-2.png","width":218,"height":57,"caption":"COI - Centro de Odontologia Integrada"},"image":{"@id":"https:\/\/www.fsfx.com.br\/coi\/#\/schema\/logo\/image\/"}},{"@type":"Person","@id":"https:\/\/www.fsfx.com.br\/coi\/#\/schema\/person\/7d2372fe1973398ab20a060bbb9a87d8","name":"claudio","image":{"@type":"ImageObject","inLanguage":"pt-BR","@id":"https:\/\/www.fsfx.com.br\/coi\/#\/schema\/person\/image\/","url":"https:\/\/secure.gravatar.com\/avatar\/724caacf0f2f073275cb3689c577e73e87e40150b1ffd648a67445e75aa7ff03?s=96&d=mm&r=g","contentUrl":"https:\/\/secure.gravatar.com\/avatar\/724caacf0f2f073275cb3689c577e73e87e40150b1ffd648a67445e75aa7ff03?s=96&d=mm&r=g","caption":"claudio"},"url":"https:\/\/www.fsfx.com.br\/coi\/author\/claudio\/"}]}},"_links":{"self":[{"href":"https:\/\/www.fsfx.com.br\/coi\/wp-json\/wp\/v2\/posts\/6911","targetHints":{"allow":["GET"]}}],"collection":[{"href":"https:\/\/www.fsfx.com.br\/coi\/wp-json\/wp\/v2\/posts"}],"about":[{"href":"https:\/\/www.fsfx.com.br\/coi\/wp-json\/wp\/v2\/types\/post"}],"author":[{"embeddable":true,"href":"https:\/\/www.fsfx.com.br\/coi\/wp-json\/wp\/v2\/users\/2"}],"replies":[{"embeddable":true,"href":"https:\/\/www.fsfx.com.br\/coi\/wp-json\/wp\/v2\/comments?post=6911"}],"version-history":[{"count":0,"href":"https:\/\/www.fsfx.com.br\/coi\/wp-json\/wp\/v2\/posts\/6911\/revisions"}],"wp:featuredmedia":[{"embeddable":true,"href":"https:\/\/www.fsfx.com.br\/coi\/wp-json\/wp\/v2\/media\/7024"}],"wp:attachment":[{"href":"https:\/\/www.fsfx.com.br\/coi\/wp-json\/wp\/v2\/media?parent=6911"}],"wp:term":[{"taxonomy":"category","embeddable":true,"href":"https:\/\/www.fsfx.com.br\/coi\/wp-json\/wp\/v2\/categories?post=6911"},{"taxonomy":"post_tag","embeddable":true,"href":"https:\/\/www.fsfx.com.br\/coi\/wp-json\/wp\/v2\/tags?post=6911"}],"curies":[{"name":"wp","href":"https:\/\/api.w.org\/{rel}","templated":true}]}}