{"id":6913,"date":"2022-07-11T11:01:34","date_gmt":"2022-07-11T14:01:34","guid":{"rendered":"https:\/\/www.fsfx.com.br\/coi\/?p=6913"},"modified":"2022-07-11T15:33:58","modified_gmt":"2022-07-11T18:33:58","slug":"tire-algumas-duvidas-sobre-sua-saude-bucal-durante-sua-gestacao-aqui","status":"publish","type":"post","link":"https:\/\/www.fsfx.com.br\/coi\/tire-algumas-duvidas-sobre-sua-saude-bucal-durante-sua-gestacao-aqui\/","title":{"rendered":"Tire algumas d\u00favidas sobre sua sa\u00fade bucal durante sua gesta\u00e7\u00e3o aqui!"},"content":{"rendered":"<ul>\n<li>Quais problemas, sofridos pela m\u00e3e, que podem afetar os dentes do beb\u00ea?<\/li>\n<\/ul>\n<p>Os dentes dec\u00edduos, \u201cdentes de leite\u201d, come\u00e7am a se formar a partir da 6\u00aa semana e os dentes permanentes a partir do 5\u00ba m\u00eas de vida intrauterina. Dessa forma, condi\u00e7\u00f5es desfavor\u00e1veis durante a gravidez (uso de medicamentos, infec\u00e7\u00f5es, car\u00eancias nutricionais, ingest\u00e3o elevada de cafe\u00edna, febre de origem vir\u00f3tica persistente, dentre outros) podem trazer problemas nos dentes em fase de forma\u00e7\u00e3o, tais como manchas e altera\u00e7\u00f5es na forma.<\/p>\n<ul>\n<li>O ato de fumar e ingerir bebidas alco\u00f3licas podem prejudicar o beb\u00ea?<\/li>\n<\/ul>\n<p>O fumo passivo, afeta o desenvolvimento dos dentes permanentes. O beb\u00ea pode nascer com baixo peso, menor tamanho e com maior chance de apresentar defeitos cong\u00eanitos e infec\u00e7\u00f5es respirat\u00f3rias. O risco da s\u00edndrome de morte s\u00fabita aumenta de acordo com o n\u00famero de cigarros fumados durante a gravidez. A intelig\u00eancia da crian\u00e7a pode ser comprometida.<\/p>\n<p>Para assegurar uma boa denti\u00e7\u00e3o do beb\u00ea, as futuras mam\u00e3es devem evitar o consumo excessivo de alimentos a\u00e7ucarados a partir do 4\u00ba m\u00eas de gesta\u00e7\u00e3o, pois \u00e9 quando se inicia a forma\u00e7\u00e3o do paladar do beb\u00ea.<\/p>\n<ul>\n<li>Qual a rela\u00e7\u00e3o entre: gravidez e doen\u00e7a c\u00e1rie?<\/li>\n<\/ul>\n<p>A gravidez n\u00e3o \u00e9 respons\u00e1vel pelo aparecimento de c\u00e1ries e nem pela perda de minerais dos dentes da m\u00e3e. O aumento da atividade de c\u00e1rie est\u00e1 relacionado com a altera\u00e7\u00e3o da dieta e com a presen\u00e7a da placa bacteriana, pela limpeza inadequada dos dentes.<\/p>\n<ul>\n<li>As gengivas inflamam mais durante a gravidez?<\/li>\n<\/ul>\n<p>A gravidez n\u00e3o causa inflama\u00e7\u00e3o e\/ou sangramento na gengiva. Na gr\u00e1vida, a gengiva torna-se mais el\u00e1stica, favorecendo para que a gestante tenha gengivite. Entretanto, a presen\u00e7a da placa bacteriana e a defici\u00eancia de escova\u00e7\u00e3o \u00e9 que provocam o sangramento da gengiva.<\/p>\n<ul>\n<li>Que altera\u00e7\u00f5es podem trazer os problemas bucais?<\/li>\n<\/ul>\n<p>Algumas altera\u00e7\u00f5es no organismo da mulher associados \u00e0 mudan\u00e7a de h\u00e1bitos de vida podem levar ao aparecimento ou agravamento de problemas bucais, tais como as doen\u00e7as de c\u00e1rie e gengival, se n\u00e3o acompanhados da devida higieniza\u00e7\u00e3o di\u00e1rios.<\/p>\n<p>S\u00e3o elas:<\/p>\n<ul>\n<li>Aumento da acidez na boca devido aos v\u00f4mitos.<\/li>\n<li>Crescimento do n\u00famero de refei\u00e7\u00f5es\/lanches di\u00e1rios.<\/li>\n<li>Aumento ocasional do consumo de doces e outros alimentos a\u00e7ucarados.<\/li>\n<li>Diminui\u00e7\u00e3o dos cuidados com higiene bucal, principalmente antes e depois do parto, quando a aten\u00e7\u00e3o est\u00e1 voltada para os preparativos e para a sa\u00fade do beb\u00ea.<\/li>\n<li>Maior sonol\u00eancia da gestante, que dorme mais tempo, sendo um per\u00edodo cr\u00edtico, devido \u00e0 diminui\u00e7\u00e3o da saliva e dos movimentos musculares (l\u00edngua e bochecha) durante o sono.<\/li>\n<li>O beb\u00ea retira c\u00e1lcio dos dentes da m\u00e3e durante a gravidez?<\/li>\n<\/ul>\n<p>Se a dieta da m\u00e3e tem c\u00e1lcio suficiente, n\u00e3o h\u00e1 problema. Se houver falta de c\u00e1lcio, o beb\u00ea retirar\u00e1 o c\u00e1lcio dos ossos da m\u00e3e, e n\u00e3o dos dentes.<\/p>\n<ul>\n<li>Saiba mais sobre o pr\u00e9-natal odontol\u00f3gico:<\/li>\n<\/ul>\n<p>O acompanhamento odontol\u00f3gico durante a gravidez \u00e9 muito importante, pois diminui os riscos da gestante e do feto. A futura mam\u00e3e precisa conhecer as causas e condi\u00e7\u00f5es em que as doen\u00e7as orais se desenvolvem e, se necess\u00e1rio, modificar a composi\u00e7\u00e3o de bact\u00e9rias de sua saliva para diminuir o risco de contaminar a crian\u00e7a. Pensando no bem-estar da gestante e do beb\u00ea, organizamos um conjunto de informa\u00e7\u00f5es importantes para garantir o sorriso com a sa\u00fade, de toda a fam\u00edlia.<\/p>\n","protected":false},"excerpt":{"rendered":"<p>Quais problemas, sofridos pela m\u00e3e, que podem afetar os dentes do beb\u00ea? Os dentes dec\u00edduos, \u201cdentes de leite\u201d, come\u00e7am a se formar a partir da 6\u00aa semana e os dentes permanentes a partir do 5\u00ba m\u00eas de vida intrauterina. Dessa forma, condi\u00e7\u00f5es desfavor\u00e1veis durante a gravidez (uso de medicamentos, infec\u00e7\u00f5es, car\u00eancias nutricionais, ingest\u00e3o elevada de [&hellip;]<\/p>\n","protected":false},"author":2,"featured_media":7023,"comment_status":"open","ping_status":"open","sticky":false,"template":"","format":"standard","meta":{"_acf_changed":false,"site-sidebar-layout":"default","site-content-layout":"","ast-site-content-layout":"default","site-content-style":"default","site-sidebar-style":"default","ast-global-header-display":"","ast-banner-title-visibility":"","ast-main-header-display":"","ast-hfb-above-header-display":"","ast-hfb-below-header-display":"","ast-hfb-mobile-header-display":"","site-post-title":"","ast-breadcrumbs-content":"","ast-featured-img":"","footer-sml-layout":"","theme-transparent-header-meta":"","adv-header-id-meta":"","stick-header-meta":"","header-above-stick-meta":"","header-main-stick-meta":"","header-below-stick-meta":"","astra-migrate-meta-layouts":"default","ast-page-background-enabled":"default","ast-page-background-meta":{"desktop":{"background-color":"var(--ast-global-color-4)","background-image":"","background-repeat":"repeat","background-position":"center center","background-size":"auto","background-attachment":"scroll","background-type":"","background-media":"","overlay-type":"","overlay-color":"","overlay-opacity":"","overlay-gradient":""},"tablet":{"background-color":"","background-image":"","background-repeat":"repeat","background-position":"center center","background-size":"auto","background-attachment":"scroll","background-type":"","background-media":"","overlay-type":"","overlay-color":"","overlay-opacity":"","overlay-gradient":""},"mobile":{"background-color":"","background-image":"","background-repeat":"repeat","background-position":"center center","background-size":"auto","background-attachment":"scroll","background-type":"","background-media":"","overlay-type":"","overlay-color":"","overlay-opacity":"","overlay-gradient":""}},"ast-content-background-meta":{"desktop":{"background-color":"var(--ast-global-color-5)","background-image":"","background-repeat":"repeat","background-position":"center center","background-size":"auto","background-attachment":"scroll","background-type":"","background-media":"","overlay-type":"","overlay-color":"","overlay-opacity":"","overlay-gradient":""},"tablet":{"background-color":"var(--ast-global-color-5)","background-image":"","background-repeat":"repeat","background-position":"center center","background-size":"auto","background-attachment":"scroll","background-type":"","background-media":"","overlay-type":"","overlay-color":"","overlay-opacity":"","overlay-gradient":""},"mobile":{"background-color":"var(--ast-global-color-5)","background-image":"","background-repeat":"repeat","background-position":"center center","background-size":"auto","background-attachment":"scroll","background-type":"","background-media":"","overlay-type":"","overlay-color":"","overlay-opacity":"","overlay-gradient":""}},"footnotes":""},"categories":[19],"tags":[],"class_list":["post-6913","post","type-post","status-publish","format-standard","has-post-thumbnail","hentry","category-cuidados-gestantes"],"acf":[],"yoast_head":"<!-- This site is optimized with the Yoast SEO plugin v26.9 - https:\/\/yoast.com\/product\/yoast-seo-wordpress\/ -->\n<title>Tire algumas d\u00favidas sobre sua sa\u00fade bucal durante sua gesta\u00e7\u00e3o aqui! - Centro de Odontologia Integrada<\/title>\n<meta name=\"robots\" content=\"index, follow, max-snippet:-1, max-image-preview:large, max-video-preview:-1\" \/>\n<link rel=\"canonical\" href=\"https:\/\/www.fsfx.com.br\/coi\/tire-algumas-duvidas-sobre-sua-saude-bucal-durante-sua-gestacao-aqui\/\" \/>\n<meta property=\"og:locale\" content=\"pt_BR\" \/>\n<meta property=\"og:type\" content=\"article\" \/>\n<meta property=\"og:title\" content=\"Tire algumas d\u00favidas sobre sua sa\u00fade bucal durante sua gesta\u00e7\u00e3o aqui! - Centro de Odontologia Integrada\" \/>\n<meta property=\"og:description\" content=\"Quais problemas, sofridos pela m\u00e3e, que podem afetar os dentes do beb\u00ea? Os dentes dec\u00edduos, \u201cdentes de leite\u201d, come\u00e7am a se formar a partir da 6\u00aa semana e os dentes permanentes a partir do 5\u00ba m\u00eas de vida intrauterina. Dessa forma, condi\u00e7\u00f5es desfavor\u00e1veis durante a gravidez (uso de medicamentos, infec\u00e7\u00f5es, car\u00eancias nutricionais, ingest\u00e3o elevada de [&hellip;]\" \/>\n<meta property=\"og:url\" content=\"https:\/\/www.fsfx.com.br\/coi\/tire-algumas-duvidas-sobre-sua-saude-bucal-durante-sua-gestacao-aqui\/\" \/>\n<meta property=\"og:site_name\" content=\"Centro de Odontologia Integrada\" \/>\n<meta property=\"article:published_time\" content=\"2022-07-11T14:01:34+00:00\" \/>\n<meta property=\"article:modified_time\" content=\"2022-07-11T18:33:58+00:00\" \/>\n<meta property=\"og:image\" content=\"https:\/\/www.fsfx.com.br\/coi\/wp-content\/uploads\/sites\/4\/2022\/07\/gravida-dentista.jpg\" \/>\n\t<meta property=\"og:image:width\" content=\"1920\" \/>\n\t<meta property=\"og:image:height\" content=\"622\" \/>\n\t<meta property=\"og:image:type\" content=\"image\/jpeg\" \/>\n<meta name=\"author\" content=\"claudio\" \/>\n<meta name=\"twitter:card\" content=\"summary_large_image\" \/>\n<meta name=\"twitter:label1\" content=\"Escrito por\" \/>\n\t<meta name=\"twitter:data1\" content=\"claudio\" \/>\n\t<meta name=\"twitter:label2\" content=\"Est. tempo de leitura\" \/>\n\t<meta name=\"twitter:data2\" content=\"3 minutos\" \/>\n<script type=\"application\/ld+json\" class=\"yoast-schema-graph\">{\"@context\":\"https:\/\/schema.org\",\"@graph\":[{\"@type\":\"Article\",\"@id\":\"https:\/\/www.fsfx.com.br\/coi\/tire-algumas-duvidas-sobre-sua-saude-bucal-durante-sua-gestacao-aqui\/#article\",\"isPartOf\":{\"@id\":\"https:\/\/www.fsfx.com.br\/coi\/tire-algumas-duvidas-sobre-sua-saude-bucal-durante-sua-gestacao-aqui\/\"},\"author\":{\"name\":\"claudio\",\"@id\":\"https:\/\/www.fsfx.com.br\/coi\/#\/schema\/person\/7d2372fe1973398ab20a060bbb9a87d8\"},\"headline\":\"Tire algumas d\u00favidas sobre sua sa\u00fade bucal durante sua gesta\u00e7\u00e3o aqui!\",\"datePublished\":\"2022-07-11T14:01:34+00:00\",\"dateModified\":\"2022-07-11T18:33:58+00:00\",\"mainEntityOfPage\":{\"@id\":\"https:\/\/www.fsfx.com.br\/coi\/tire-algumas-duvidas-sobre-sua-saude-bucal-durante-sua-gestacao-aqui\/\"},\"wordCount\":626,\"commentCount\":0,\"publisher\":{\"@id\":\"https:\/\/www.fsfx.com.br\/coi\/#organization\"},\"image\":{\"@id\":\"https:\/\/www.fsfx.com.br\/coi\/tire-algumas-duvidas-sobre-sua-saude-bucal-durante-sua-gestacao-aqui\/#primaryimage\"},\"thumbnailUrl\":\"https:\/\/www.fsfx.com.br\/coi\/wp-content\/uploads\/sites\/4\/2022\/07\/gravida-dentista.jpg\",\"articleSection\":[\"Cuidados Gestantes\"],\"inLanguage\":\"pt-BR\",\"potentialAction\":[{\"@type\":\"CommentAction\",\"name\":\"Comment\",\"target\":[\"https:\/\/www.fsfx.com.br\/coi\/tire-algumas-duvidas-sobre-sua-saude-bucal-durante-sua-gestacao-aqui\/#respond\"]}]},{\"@type\":\"WebPage\",\"@id\":\"https:\/\/www.fsfx.com.br\/coi\/tire-algumas-duvidas-sobre-sua-saude-bucal-durante-sua-gestacao-aqui\/\",\"url\":\"https:\/\/www.fsfx.com.br\/coi\/tire-algumas-duvidas-sobre-sua-saude-bucal-durante-sua-gestacao-aqui\/\",\"name\":\"Tire algumas d\u00favidas sobre sua sa\u00fade bucal durante sua gesta\u00e7\u00e3o aqui! - Centro de Odontologia Integrada\",\"isPartOf\":{\"@id\":\"https:\/\/www.fsfx.com.br\/coi\/#website\"},\"primaryImageOfPage\":{\"@id\":\"https:\/\/www.fsfx.com.br\/coi\/tire-algumas-duvidas-sobre-sua-saude-bucal-durante-sua-gestacao-aqui\/#primaryimage\"},\"image\":{\"@id\":\"https:\/\/www.fsfx.com.br\/coi\/tire-algumas-duvidas-sobre-sua-saude-bucal-durante-sua-gestacao-aqui\/#primaryimage\"},\"thumbnailUrl\":\"https:\/\/www.fsfx.com.br\/coi\/wp-content\/uploads\/sites\/4\/2022\/07\/gravida-dentista.jpg\",\"datePublished\":\"2022-07-11T14:01:34+00:00\",\"dateModified\":\"2022-07-11T18:33:58+00:00\",\"breadcrumb\":{\"@id\":\"https:\/\/www.fsfx.com.br\/coi\/tire-algumas-duvidas-sobre-sua-saude-bucal-durante-sua-gestacao-aqui\/#breadcrumb\"},\"inLanguage\":\"pt-BR\",\"potentialAction\":[{\"@type\":\"ReadAction\",\"target\":[\"https:\/\/www.fsfx.com.br\/coi\/tire-algumas-duvidas-sobre-sua-saude-bucal-durante-sua-gestacao-aqui\/\"]}]},{\"@type\":\"ImageObject\",\"inLanguage\":\"pt-BR\",\"@id\":\"https:\/\/www.fsfx.com.br\/coi\/tire-algumas-duvidas-sobre-sua-saude-bucal-durante-sua-gestacao-aqui\/#primaryimage\",\"url\":\"https:\/\/www.fsfx.com.br\/coi\/wp-content\/uploads\/sites\/4\/2022\/07\/gravida-dentista.jpg\",\"contentUrl\":\"https:\/\/www.fsfx.com.br\/coi\/wp-content\/uploads\/sites\/4\/2022\/07\/gravida-dentista.jpg\",\"width\":1920,\"height\":622},{\"@type\":\"BreadcrumbList\",\"@id\":\"https:\/\/www.fsfx.com.br\/coi\/tire-algumas-duvidas-sobre-sua-saude-bucal-durante-sua-gestacao-aqui\/#breadcrumb\",\"itemListElement\":[{\"@type\":\"ListItem\",\"position\":1,\"name\":\"In\u00edcio\",\"item\":\"https:\/\/www.fsfx.com.br\/coi\/\"},{\"@type\":\"ListItem\",\"position\":2,\"name\":\"Tire algumas d\u00favidas sobre sua sa\u00fade bucal durante sua gesta\u00e7\u00e3o aqui!\"}]},{\"@type\":\"WebSite\",\"@id\":\"https:\/\/www.fsfx.com.br\/coi\/#website\",\"url\":\"https:\/\/www.fsfx.com.br\/coi\/\",\"name\":\"Centro de Odontologia Integrada\",\"description\":\"O COI realiza procedimentos para melhoria da sua sa\u00fade bucal desde os mais simples, como a profilaxia (limpeza) bucal, at\u00e9 procedimentos mais completos, como tratamento dos dist\u00farbios do sono, tratamento em implantodontia, reabilita\u00e7\u00e3o oral e ortodontia.\",\"publisher\":{\"@id\":\"https:\/\/www.fsfx.com.br\/coi\/#organization\"},\"potentialAction\":[{\"@type\":\"SearchAction\",\"target\":{\"@type\":\"EntryPoint\",\"urlTemplate\":\"https:\/\/www.fsfx.com.br\/coi\/?s={search_term_string}\"},\"query-input\":{\"@type\":\"PropertyValueSpecification\",\"valueRequired\":true,\"valueName\":\"search_term_string\"}}],\"inLanguage\":\"pt-BR\"},{\"@type\":\"Organization\",\"@id\":\"https:\/\/www.fsfx.com.br\/coi\/#organization\",\"name\":\"COI - Centro de Odontologia Integrada\",\"url\":\"https:\/\/www.fsfx.com.br\/coi\/\",\"logo\":{\"@type\":\"ImageObject\",\"inLanguage\":\"pt-BR\",\"@id\":\"https:\/\/www.fsfx.com.br\/coi\/#\/schema\/logo\/image\/\",\"url\":\"https:\/\/www.fsfx.com.br\/coi\/wp-content\/uploads\/sites\/4\/2022\/03\/logo-2.png\",\"contentUrl\":\"https:\/\/www.fsfx.com.br\/coi\/wp-content\/uploads\/sites\/4\/2022\/03\/logo-2.png\",\"width\":218,\"height\":57,\"caption\":\"COI - Centro de Odontologia Integrada\"},\"image\":{\"@id\":\"https:\/\/www.fsfx.com.br\/coi\/#\/schema\/logo\/image\/\"}},{\"@type\":\"Person\",\"@id\":\"https:\/\/www.fsfx.com.br\/coi\/#\/schema\/person\/7d2372fe1973398ab20a060bbb9a87d8\",\"name\":\"claudio\",\"image\":{\"@type\":\"ImageObject\",\"inLanguage\":\"pt-BR\",\"@id\":\"https:\/\/www.fsfx.com.br\/coi\/#\/schema\/person\/image\/\",\"url\":\"https:\/\/secure.gravatar.com\/avatar\/724caacf0f2f073275cb3689c577e73e87e40150b1ffd648a67445e75aa7ff03?s=96&d=mm&r=g\",\"contentUrl\":\"https:\/\/secure.gravatar.com\/avatar\/724caacf0f2f073275cb3689c577e73e87e40150b1ffd648a67445e75aa7ff03?s=96&d=mm&r=g\",\"caption\":\"claudio\"},\"url\":\"https:\/\/www.fsfx.com.br\/coi\/author\/claudio\/\"}]}<\/script>\n<!-- \/ Yoast SEO plugin. -->","yoast_head_json":{"title":"Tire algumas d\u00favidas sobre sua sa\u00fade bucal durante sua gesta\u00e7\u00e3o aqui! - Centro de Odontologia Integrada","robots":{"index":"index","follow":"follow","max-snippet":"max-snippet:-1","max-image-preview":"max-image-preview:large","max-video-preview":"max-video-preview:-1"},"canonical":"https:\/\/www.fsfx.com.br\/coi\/tire-algumas-duvidas-sobre-sua-saude-bucal-durante-sua-gestacao-aqui\/","og_locale":"pt_BR","og_type":"article","og_title":"Tire algumas d\u00favidas sobre sua sa\u00fade bucal durante sua gesta\u00e7\u00e3o aqui! - Centro de Odontologia Integrada","og_description":"Quais problemas, sofridos pela m\u00e3e, que podem afetar os dentes do beb\u00ea? Os dentes dec\u00edduos, \u201cdentes de leite\u201d, come\u00e7am a se formar a partir da 6\u00aa semana e os dentes permanentes a partir do 5\u00ba m\u00eas de vida intrauterina. Dessa forma, condi\u00e7\u00f5es desfavor\u00e1veis durante a gravidez (uso de medicamentos, infec\u00e7\u00f5es, car\u00eancias nutricionais, ingest\u00e3o elevada de [&hellip;]","og_url":"https:\/\/www.fsfx.com.br\/coi\/tire-algumas-duvidas-sobre-sua-saude-bucal-durante-sua-gestacao-aqui\/","og_site_name":"Centro de Odontologia Integrada","article_published_time":"2022-07-11T14:01:34+00:00","article_modified_time":"2022-07-11T18:33:58+00:00","og_image":[{"width":1920,"height":622,"url":"https:\/\/www.fsfx.com.br\/coi\/wp-content\/uploads\/sites\/4\/2022\/07\/gravida-dentista.jpg","type":"image\/jpeg"}],"author":"claudio","twitter_card":"summary_large_image","twitter_misc":{"Escrito por":"claudio","Est. tempo de leitura":"3 minutos"},"schema":{"@context":"https:\/\/schema.org","@graph":[{"@type":"Article","@id":"https:\/\/www.fsfx.com.br\/coi\/tire-algumas-duvidas-sobre-sua-saude-bucal-durante-sua-gestacao-aqui\/#article","isPartOf":{"@id":"https:\/\/www.fsfx.com.br\/coi\/tire-algumas-duvidas-sobre-sua-saude-bucal-durante-sua-gestacao-aqui\/"},"author":{"name":"claudio","@id":"https:\/\/www.fsfx.com.br\/coi\/#\/schema\/person\/7d2372fe1973398ab20a060bbb9a87d8"},"headline":"Tire algumas d\u00favidas sobre sua sa\u00fade bucal durante sua gesta\u00e7\u00e3o aqui!","datePublished":"2022-07-11T14:01:34+00:00","dateModified":"2022-07-11T18:33:58+00:00","mainEntityOfPage":{"@id":"https:\/\/www.fsfx.com.br\/coi\/tire-algumas-duvidas-sobre-sua-saude-bucal-durante-sua-gestacao-aqui\/"},"wordCount":626,"commentCount":0,"publisher":{"@id":"https:\/\/www.fsfx.com.br\/coi\/#organization"},"image":{"@id":"https:\/\/www.fsfx.com.br\/coi\/tire-algumas-duvidas-sobre-sua-saude-bucal-durante-sua-gestacao-aqui\/#primaryimage"},"thumbnailUrl":"https:\/\/www.fsfx.com.br\/coi\/wp-content\/uploads\/sites\/4\/2022\/07\/gravida-dentista.jpg","articleSection":["Cuidados Gestantes"],"inLanguage":"pt-BR","potentialAction":[{"@type":"CommentAction","name":"Comment","target":["https:\/\/www.fsfx.com.br\/coi\/tire-algumas-duvidas-sobre-sua-saude-bucal-durante-sua-gestacao-aqui\/#respond"]}]},{"@type":"WebPage","@id":"https:\/\/www.fsfx.com.br\/coi\/tire-algumas-duvidas-sobre-sua-saude-bucal-durante-sua-gestacao-aqui\/","url":"https:\/\/www.fsfx.com.br\/coi\/tire-algumas-duvidas-sobre-sua-saude-bucal-durante-sua-gestacao-aqui\/","name":"Tire algumas d\u00favidas sobre sua sa\u00fade bucal durante sua gesta\u00e7\u00e3o aqui! - Centro de Odontologia Integrada","isPartOf":{"@id":"https:\/\/www.fsfx.com.br\/coi\/#website"},"primaryImageOfPage":{"@id":"https:\/\/www.fsfx.com.br\/coi\/tire-algumas-duvidas-sobre-sua-saude-bucal-durante-sua-gestacao-aqui\/#primaryimage"},"image":{"@id":"https:\/\/www.fsfx.com.br\/coi\/tire-algumas-duvidas-sobre-sua-saude-bucal-durante-sua-gestacao-aqui\/#primaryimage"},"thumbnailUrl":"https:\/\/www.fsfx.com.br\/coi\/wp-content\/uploads\/sites\/4\/2022\/07\/gravida-dentista.jpg","datePublished":"2022-07-11T14:01:34+00:00","dateModified":"2022-07-11T18:33:58+00:00","breadcrumb":{"@id":"https:\/\/www.fsfx.com.br\/coi\/tire-algumas-duvidas-sobre-sua-saude-bucal-durante-sua-gestacao-aqui\/#breadcrumb"},"inLanguage":"pt-BR","potentialAction":[{"@type":"ReadAction","target":["https:\/\/www.fsfx.com.br\/coi\/tire-algumas-duvidas-sobre-sua-saude-bucal-durante-sua-gestacao-aqui\/"]}]},{"@type":"ImageObject","inLanguage":"pt-BR","@id":"https:\/\/www.fsfx.com.br\/coi\/tire-algumas-duvidas-sobre-sua-saude-bucal-durante-sua-gestacao-aqui\/#primaryimage","url":"https:\/\/www.fsfx.com.br\/coi\/wp-content\/uploads\/sites\/4\/2022\/07\/gravida-dentista.jpg","contentUrl":"https:\/\/www.fsfx.com.br\/coi\/wp-content\/uploads\/sites\/4\/2022\/07\/gravida-dentista.jpg","width":1920,"height":622},{"@type":"BreadcrumbList","@id":"https:\/\/www.fsfx.com.br\/coi\/tire-algumas-duvidas-sobre-sua-saude-bucal-durante-sua-gestacao-aqui\/#breadcrumb","itemListElement":[{"@type":"ListItem","position":1,"name":"In\u00edcio","item":"https:\/\/www.fsfx.com.br\/coi\/"},{"@type":"ListItem","position":2,"name":"Tire algumas d\u00favidas sobre sua sa\u00fade bucal durante sua gesta\u00e7\u00e3o aqui!"}]},{"@type":"WebSite","@id":"https:\/\/www.fsfx.com.br\/coi\/#website","url":"https:\/\/www.fsfx.com.br\/coi\/","name":"Centro de Odontologia Integrada","description":"O COI realiza procedimentos para melhoria da sua sa\u00fade bucal desde os mais simples, como a profilaxia (limpeza) bucal, at\u00e9 procedimentos mais completos, como tratamento dos dist\u00farbios do sono, tratamento em implantodontia, reabilita\u00e7\u00e3o oral e ortodontia.","publisher":{"@id":"https:\/\/www.fsfx.com.br\/coi\/#organization"},"potentialAction":[{"@type":"SearchAction","target":{"@type":"EntryPoint","urlTemplate":"https:\/\/www.fsfx.com.br\/coi\/?s={search_term_string}"},"query-input":{"@type":"PropertyValueSpecification","valueRequired":true,"valueName":"search_term_string"}}],"inLanguage":"pt-BR"},{"@type":"Organization","@id":"https:\/\/www.fsfx.com.br\/coi\/#organization","name":"COI - Centro de Odontologia Integrada","url":"https:\/\/www.fsfx.com.br\/coi\/","logo":{"@type":"ImageObject","inLanguage":"pt-BR","@id":"https:\/\/www.fsfx.com.br\/coi\/#\/schema\/logo\/image\/","url":"https:\/\/www.fsfx.com.br\/coi\/wp-content\/uploads\/sites\/4\/2022\/03\/logo-2.png","contentUrl":"https:\/\/www.fsfx.com.br\/coi\/wp-content\/uploads\/sites\/4\/2022\/03\/logo-2.png","width":218,"height":57,"caption":"COI - Centro de Odontologia Integrada"},"image":{"@id":"https:\/\/www.fsfx.com.br\/coi\/#\/schema\/logo\/image\/"}},{"@type":"Person","@id":"https:\/\/www.fsfx.com.br\/coi\/#\/schema\/person\/7d2372fe1973398ab20a060bbb9a87d8","name":"claudio","image":{"@type":"ImageObject","inLanguage":"pt-BR","@id":"https:\/\/www.fsfx.com.br\/coi\/#\/schema\/person\/image\/","url":"https:\/\/secure.gravatar.com\/avatar\/724caacf0f2f073275cb3689c577e73e87e40150b1ffd648a67445e75aa7ff03?s=96&d=mm&r=g","contentUrl":"https:\/\/secure.gravatar.com\/avatar\/724caacf0f2f073275cb3689c577e73e87e40150b1ffd648a67445e75aa7ff03?s=96&d=mm&r=g","caption":"claudio"},"url":"https:\/\/www.fsfx.com.br\/coi\/author\/claudio\/"}]}},"_links":{"self":[{"href":"https:\/\/www.fsfx.com.br\/coi\/wp-json\/wp\/v2\/posts\/6913","targetHints":{"allow":["GET"]}}],"collection":[{"href":"https:\/\/www.fsfx.com.br\/coi\/wp-json\/wp\/v2\/posts"}],"about":[{"href":"https:\/\/www.fsfx.com.br\/coi\/wp-json\/wp\/v2\/types\/post"}],"author":[{"embeddable":true,"href":"https:\/\/www.fsfx.com.br\/coi\/wp-json\/wp\/v2\/users\/2"}],"replies":[{"embeddable":true,"href":"https:\/\/www.fsfx.com.br\/coi\/wp-json\/wp\/v2\/comments?post=6913"}],"version-history":[{"count":0,"href":"https:\/\/www.fsfx.com.br\/coi\/wp-json\/wp\/v2\/posts\/6913\/revisions"}],"wp:featuredmedia":[{"embeddable":true,"href":"https:\/\/www.fsfx.com.br\/coi\/wp-json\/wp\/v2\/media\/7023"}],"wp:attachment":[{"href":"https:\/\/www.fsfx.com.br\/coi\/wp-json\/wp\/v2\/media?parent=6913"}],"wp:term":[{"taxonomy":"category","embeddable":true,"href":"https:\/\/www.fsfx.com.br\/coi\/wp-json\/wp\/v2\/categories?post=6913"},{"taxonomy":"post_tag","embeddable":true,"href":"https:\/\/www.fsfx.com.br\/coi\/wp-json\/wp\/v2\/tags?post=6913"}],"curies":[{"name":"wp","href":"https:\/\/api.w.org\/{rel}","templated":true}]}}