{"id":6917,"date":"2022-07-11T11:05:33","date_gmt":"2022-07-11T14:05:33","guid":{"rendered":"https:\/\/www.fsfx.com.br\/coi\/?p=6917"},"modified":"2022-07-20T17:55:28","modified_gmt":"2022-07-20T20:55:28","slug":"programa-odontologico-materno-infantil","status":"publish","type":"post","link":"https:\/\/www.fsfx.com.br\/coi\/programa-odontologico-materno-infantil\/","title":{"rendered":"Programa Odontol\u00f3gico Materno Infantil"},"content":{"rendered":"<p><strong>O beb\u00ea nasceu\u2026 E agora?<\/strong><\/p>\n<p>O acompanhamento do desenvolvimento da denti\u00e7\u00e3o do beb\u00ea, desde os primeiros meses de vida, \u00e9 muito importante para a garantia de sua sa\u00fade bucal. Lembre-se que a crian\u00e7a aprende o que v\u00ea e tende a repetir o que os pais fazem. Portanto, pratique regularmente a sua higieniza\u00e7\u00e3o bucal, preferencialmente, com a crian\u00e7a. Avalie sempre a boquinha do beb\u00ea e, se necess\u00e1rio, procure orienta\u00e7\u00e3o odontol\u00f3gica.<\/p>\n<p><strong>Como eliminar o h\u00e1bito da chupeta?<\/strong><\/p>\n<p>Al\u00e9m de n\u00e3o deix\u00e1-la dispon\u00edvel durante o dia e do tradicional uso de ch\u00e1s amargos para banh\u00e1-la, pode-se utilizar a t\u00e9cnica da sugest\u00e3o noturna, que consiste em conversar pr\u00f3ximo ao ouvido da crian\u00e7a durante os primeiros 10 minutos de sono. Evite falar a palavra \u201cn\u00e3o\u201d e escolha a orienta\u00e7\u00e3o que desejar passar.<\/p>\n<p><strong>Qual o benef\u00edcio do aleitamento materno para a sa\u00fade bucal?<\/strong><\/p>\n<ul>\n<li style=\"list-style-type: none;\">\n<ul>\n<li>Contribui para o desenvolvimento correto das arcadas dent\u00e1rias e para o crescimento harm\u00f4nico da face.<\/li>\n<li>Favorece as fun\u00e7\u00f5es de mastiga\u00e7\u00e3o, fona\u00e7\u00e3o e degluti\u00e7\u00e3o.<\/li>\n<li>Desenvolve a respira\u00e7\u00e3o pelo nariz, contribuindo na preven\u00e7\u00e3o de amigdalites, pneumonias, rinites e sinusites etc.<\/li>\n<li>Proporciona tonicidade \u00e0 musculatura da face e da l\u00edngua.<\/li>\n<\/ul>\n<\/li>\n<\/ul>\n<p><strong>O que \u00e9 c\u00e1rie de mamadeira e quais s\u00e3o as suas causas?<\/strong><\/p>\n<p>\u00c9 um tipo de c\u00e1rie precoce, tamb\u00e9m conhecida como \u201cC\u00e1rie Rampante\u201d ou \u201cC\u00e1rie de Peito\u201d. Ocorre na primeira denti\u00e7\u00e3o da crian\u00e7a, principalmente, nos dentes que ficam na parte de tr\u00e1s da boca. Localiza-se pr\u00f3ximo \u00e0 gengiva, destruindo rapidamente a coroa do dente. \u00c9 extremamente dolorida, impedindo, muitas vezes, que a crian\u00e7a se alimente adequadamente.<\/p>\n<p><strong>Causas:<\/strong><\/p>\n<ul>\n<li>Uso de subst\u00e2ncias adocicadas na chupeta.<\/li>\n<li>H\u00e1bito de alimenta\u00e7\u00e3o noturna.<\/li>\n<li>Uso de medicamentos por tempo prolongado, principalmente durante o sono, sem que haja limpeza logo ap\u00f3s.<\/li>\n<li>Consumo excessivo de alimentos a\u00e7ucarados.<\/li>\n<li>Benef\u00edcios da higiene bucal do beb\u00ea<\/li>\n<li>Preven\u00e7\u00e3o das doen\u00e7as bucais.<\/li>\n<li>Incorpora\u00e7\u00e3o de h\u00e1bitos saud\u00e1veis.<\/li>\n<\/ul>\n<p><strong>Como posso evitar contaminar o meu beb\u00ea?<\/strong><\/p>\n<p>As m\u00e3es s\u00e3o as principais transmissoras de bact\u00e9rias que causam c\u00e1rie para os beb\u00eas. Da\u00ed a import\u00e2ncia da realiza\u00e7\u00e3o dos tratamentos odontol\u00f3gicos antes ou durante o pr\u00e9-natal. Assim, receber\u00e3o o beb\u00ea com seus dentes e gengivas saud\u00e1veis. Evite beijar a boca do beb\u00ea, soprar e\/ou provar papinhas utilizando o mesmo talher. Se a crian\u00e7a for contaminada precocemente, as chances de desenvolver doen\u00e7as bucais severas na vida adulta ser\u00e3o muito maiores.<\/p>\n<p><strong>O uso da chupeta prejudica a sa\u00fade?<\/strong><\/p>\n<p>A chupeta complementa a satisfa\u00e7\u00e3o psicoemocional do beb\u00ea e pode ser usada, por\u00e9m, de forma consciente. Deve ser ortod\u00f4ntica, de bico curvo ou reto e de tamanho compat\u00edvel com a boca do beb\u00ea.<\/p>\n<p><strong>Cuidados:<\/strong><\/p>\n<ul>\n<li style=\"list-style-type: none;\">\n<ul>\n<li>Utilize-a de modo racional, exclusivamente para completar a necessidade de suc\u00e7\u00e3o e como est\u00edmulo ao desenvolvimento das arcadas dent\u00e1rias.<\/li>\n<li>O uso prolongado poder\u00e1 causar mau posicionamento dos dentes, desvio do crescimento das arcadas dent\u00e1rias, al\u00e9m de altera\u00e7\u00f5es na forma de engolir e falar.<\/li>\n<li>A chupeta nunca deve ficar presa \u00e0 roupa, pois favorece o h\u00e1bito do uso constante.<\/li>\n<li>A crian\u00e7a n\u00e3o deve conversar com a chupeta na boca.<\/li>\n<li>O beb\u00ea n\u00e3o pode dormir o tempo todo com a chupeta, pois ficar\u00e1 com a boca aberta e n\u00e3o ir\u00e1 respirar corretamente pelo nariz.<\/li>\n<li>A chupeta n\u00e3o deve mais fazer parte da vida da crian\u00e7a quando ela completar tr\u00eas anos.<\/li>\n<\/ul>\n<\/li>\n<\/ul>\n<p><strong>Quais crian\u00e7as s\u00e3o consideradas propensas alto risco de c\u00e1rie?<\/strong><\/p>\n<ul>\n<li style=\"list-style-type: none;\">\n<ul>\n<li>Filhos de pais com desenvolvimento acentuado de doen\u00e7as orais.<\/li>\n<li>Crian\u00e7as que mamam de madrugada ap\u00f3s o nascimento dos dentes.<\/li>\n<li>Crian\u00e7as que n\u00e3o t\u00eam apoio dos pais para higieniza\u00e7\u00e3o da boca.<\/li>\n<li>Crian\u00e7as que frequentemente dormem sem fazer limpeza bucal noturna.<\/li>\n<li>Crian\u00e7as que consomem alimenta\u00e7\u00e3o a\u00e7ucarada com grande frequ\u00eancia.<\/li>\n<\/ul>\n<\/li>\n<\/ul>\n","protected":false},"excerpt":{"rendered":"<p>O beb\u00ea nasceu\u2026 E agora? O acompanhamento do desenvolvimento da denti\u00e7\u00e3o do beb\u00ea, desde os primeiros meses de vida, \u00e9 muito importante para a garantia de sua sa\u00fade bucal. Lembre-se que a crian\u00e7a aprende o que v\u00ea e tende a repetir o que os pais fazem. Portanto, pratique regularmente a sua higieniza\u00e7\u00e3o bucal, preferencialmente, com [&hellip;]<\/p>\n","protected":false},"author":2,"featured_media":7025,"comment_status":"open","ping_status":"open","sticky":false,"template":"","format":"standard","meta":{"_acf_changed":false,"site-sidebar-layout":"default","site-content-layout":"","ast-site-content-layout":"default","site-content-style":"default","site-sidebar-style":"default","ast-global-header-display":"","ast-banner-title-visibility":"","ast-main-header-display":"","ast-hfb-above-header-display":"","ast-hfb-below-header-display":"","ast-hfb-mobile-header-display":"","site-post-title":"","ast-breadcrumbs-content":"","ast-featured-img":"","footer-sml-layout":"","theme-transparent-header-meta":"","adv-header-id-meta":"","stick-header-meta":"","header-above-stick-meta":"","header-main-stick-meta":"","header-below-stick-meta":"","astra-migrate-meta-layouts":"default","ast-page-background-enabled":"default","ast-page-background-meta":{"desktop":{"background-color":"var(--ast-global-color-4)","background-image":"","background-repeat":"repeat","background-position":"center center","background-size":"auto","background-attachment":"scroll","background-type":"","background-media":"","overlay-type":"","overlay-color":"","overlay-opacity":"","overlay-gradient":""},"tablet":{"background-color":"","background-image":"","background-repeat":"repeat","background-position":"center center","background-size":"auto","background-attachment":"scroll","background-type":"","background-media":"","overlay-type":"","overlay-color":"","overlay-opacity":"","overlay-gradient":""},"mobile":{"background-color":"","background-image":"","background-repeat":"repeat","background-position":"center center","background-size":"auto","background-attachment":"scroll","background-type":"","background-media":"","overlay-type":"","overlay-color":"","overlay-opacity":"","overlay-gradient":""}},"ast-content-background-meta":{"desktop":{"background-color":"var(--ast-global-color-5)","background-image":"","background-repeat":"repeat","background-position":"center center","background-size":"auto","background-attachment":"scroll","background-type":"","background-media":"","overlay-type":"","overlay-color":"","overlay-opacity":"","overlay-gradient":""},"tablet":{"background-color":"var(--ast-global-color-5)","background-image":"","background-repeat":"repeat","background-position":"center center","background-size":"auto","background-attachment":"scroll","background-type":"","background-media":"","overlay-type":"","overlay-color":"","overlay-opacity":"","overlay-gradient":""},"mobile":{"background-color":"var(--ast-global-color-5)","background-image":"","background-repeat":"repeat","background-position":"center center","background-size":"auto","background-attachment":"scroll","background-type":"","background-media":"","overlay-type":"","overlay-color":"","overlay-opacity":"","overlay-gradient":""}},"footnotes":""},"categories":[19],"tags":[],"class_list":["post-6917","post","type-post","status-publish","format-standard","has-post-thumbnail","hentry","category-cuidados-gestantes"],"acf":[],"yoast_head":"<!-- This site is optimized with the Yoast SEO plugin v26.9 - https:\/\/yoast.com\/product\/yoast-seo-wordpress\/ -->\n<title>Programa Odontol\u00f3gico Materno Infantil - Centro de Odontologia Integrada<\/title>\n<meta name=\"robots\" content=\"index, follow, max-snippet:-1, max-image-preview:large, max-video-preview:-1\" \/>\n<link rel=\"canonical\" href=\"https:\/\/www.fsfx.com.br\/coi\/programa-odontologico-materno-infantil\/\" \/>\n<meta property=\"og:locale\" content=\"pt_BR\" \/>\n<meta property=\"og:type\" content=\"article\" \/>\n<meta property=\"og:title\" content=\"Programa Odontol\u00f3gico Materno Infantil - Centro de Odontologia Integrada\" \/>\n<meta property=\"og:description\" content=\"O beb\u00ea nasceu\u2026 E agora? O acompanhamento do desenvolvimento da denti\u00e7\u00e3o do beb\u00ea, desde os primeiros meses de vida, \u00e9 muito importante para a garantia de sua sa\u00fade bucal. Lembre-se que a crian\u00e7a aprende o que v\u00ea e tende a repetir o que os pais fazem. Portanto, pratique regularmente a sua higieniza\u00e7\u00e3o bucal, preferencialmente, com [&hellip;]\" \/>\n<meta property=\"og:url\" content=\"https:\/\/www.fsfx.com.br\/coi\/programa-odontologico-materno-infantil\/\" \/>\n<meta property=\"og:site_name\" content=\"Centro de Odontologia Integrada\" \/>\n<meta property=\"article:published_time\" content=\"2022-07-11T14:05:33+00:00\" \/>\n<meta property=\"article:modified_time\" content=\"2022-07-20T20:55:28+00:00\" \/>\n<meta property=\"og:image\" content=\"https:\/\/www.fsfx.com.br\/coi\/wp-content\/uploads\/sites\/4\/2022\/07\/maternidade.jpg\" \/>\n\t<meta property=\"og:image:width\" content=\"1920\" \/>\n\t<meta property=\"og:image:height\" content=\"622\" \/>\n\t<meta property=\"og:image:type\" content=\"image\/jpeg\" \/>\n<meta name=\"author\" content=\"claudio\" \/>\n<meta name=\"twitter:card\" content=\"summary_large_image\" \/>\n<meta name=\"twitter:label1\" content=\"Escrito por\" \/>\n\t<meta name=\"twitter:data1\" content=\"claudio\" \/>\n\t<meta name=\"twitter:label2\" content=\"Est. tempo de leitura\" \/>\n\t<meta name=\"twitter:data2\" content=\"3 minutos\" \/>\n<script type=\"application\/ld+json\" class=\"yoast-schema-graph\">{\"@context\":\"https:\/\/schema.org\",\"@graph\":[{\"@type\":\"Article\",\"@id\":\"https:\/\/www.fsfx.com.br\/coi\/programa-odontologico-materno-infantil\/#article\",\"isPartOf\":{\"@id\":\"https:\/\/www.fsfx.com.br\/coi\/programa-odontologico-materno-infantil\/\"},\"author\":{\"name\":\"claudio\",\"@id\":\"https:\/\/www.fsfx.com.br\/coi\/#\/schema\/person\/7d2372fe1973398ab20a060bbb9a87d8\"},\"headline\":\"Programa Odontol\u00f3gico Materno Infantil\",\"datePublished\":\"2022-07-11T14:05:33+00:00\",\"dateModified\":\"2022-07-20T20:55:28+00:00\",\"mainEntityOfPage\":{\"@id\":\"https:\/\/www.fsfx.com.br\/coi\/programa-odontologico-materno-infantil\/\"},\"wordCount\":678,\"commentCount\":0,\"publisher\":{\"@id\":\"https:\/\/www.fsfx.com.br\/coi\/#organization\"},\"image\":{\"@id\":\"https:\/\/www.fsfx.com.br\/coi\/programa-odontologico-materno-infantil\/#primaryimage\"},\"thumbnailUrl\":\"https:\/\/www.fsfx.com.br\/coi\/wp-content\/uploads\/sites\/4\/2022\/07\/maternidade.jpg\",\"articleSection\":[\"Cuidados Gestantes\"],\"inLanguage\":\"pt-BR\",\"potentialAction\":[{\"@type\":\"CommentAction\",\"name\":\"Comment\",\"target\":[\"https:\/\/www.fsfx.com.br\/coi\/programa-odontologico-materno-infantil\/#respond\"]}]},{\"@type\":\"WebPage\",\"@id\":\"https:\/\/www.fsfx.com.br\/coi\/programa-odontologico-materno-infantil\/\",\"url\":\"https:\/\/www.fsfx.com.br\/coi\/programa-odontologico-materno-infantil\/\",\"name\":\"Programa Odontol\u00f3gico Materno Infantil - Centro de Odontologia Integrada\",\"isPartOf\":{\"@id\":\"https:\/\/www.fsfx.com.br\/coi\/#website\"},\"primaryImageOfPage\":{\"@id\":\"https:\/\/www.fsfx.com.br\/coi\/programa-odontologico-materno-infantil\/#primaryimage\"},\"image\":{\"@id\":\"https:\/\/www.fsfx.com.br\/coi\/programa-odontologico-materno-infantil\/#primaryimage\"},\"thumbnailUrl\":\"https:\/\/www.fsfx.com.br\/coi\/wp-content\/uploads\/sites\/4\/2022\/07\/maternidade.jpg\",\"datePublished\":\"2022-07-11T14:05:33+00:00\",\"dateModified\":\"2022-07-20T20:55:28+00:00\",\"breadcrumb\":{\"@id\":\"https:\/\/www.fsfx.com.br\/coi\/programa-odontologico-materno-infantil\/#breadcrumb\"},\"inLanguage\":\"pt-BR\",\"potentialAction\":[{\"@type\":\"ReadAction\",\"target\":[\"https:\/\/www.fsfx.com.br\/coi\/programa-odontologico-materno-infantil\/\"]}]},{\"@type\":\"ImageObject\",\"inLanguage\":\"pt-BR\",\"@id\":\"https:\/\/www.fsfx.com.br\/coi\/programa-odontologico-materno-infantil\/#primaryimage\",\"url\":\"https:\/\/www.fsfx.com.br\/coi\/wp-content\/uploads\/sites\/4\/2022\/07\/maternidade.jpg\",\"contentUrl\":\"https:\/\/www.fsfx.com.br\/coi\/wp-content\/uploads\/sites\/4\/2022\/07\/maternidade.jpg\",\"width\":1920,\"height\":622},{\"@type\":\"BreadcrumbList\",\"@id\":\"https:\/\/www.fsfx.com.br\/coi\/programa-odontologico-materno-infantil\/#breadcrumb\",\"itemListElement\":[{\"@type\":\"ListItem\",\"position\":1,\"name\":\"In\u00edcio\",\"item\":\"https:\/\/www.fsfx.com.br\/coi\/\"},{\"@type\":\"ListItem\",\"position\":2,\"name\":\"Programa Odontol\u00f3gico Materno Infantil\"}]},{\"@type\":\"WebSite\",\"@id\":\"https:\/\/www.fsfx.com.br\/coi\/#website\",\"url\":\"https:\/\/www.fsfx.com.br\/coi\/\",\"name\":\"Centro de Odontologia Integrada\",\"description\":\"O COI realiza procedimentos para melhoria da sua sa\u00fade bucal desde os mais simples, como a profilaxia (limpeza) bucal, at\u00e9 procedimentos mais completos, como tratamento dos dist\u00farbios do sono, tratamento em implantodontia, reabilita\u00e7\u00e3o oral e ortodontia.\",\"publisher\":{\"@id\":\"https:\/\/www.fsfx.com.br\/coi\/#organization\"},\"potentialAction\":[{\"@type\":\"SearchAction\",\"target\":{\"@type\":\"EntryPoint\",\"urlTemplate\":\"https:\/\/www.fsfx.com.br\/coi\/?s={search_term_string}\"},\"query-input\":{\"@type\":\"PropertyValueSpecification\",\"valueRequired\":true,\"valueName\":\"search_term_string\"}}],\"inLanguage\":\"pt-BR\"},{\"@type\":\"Organization\",\"@id\":\"https:\/\/www.fsfx.com.br\/coi\/#organization\",\"name\":\"COI - Centro de Odontologia Integrada\",\"url\":\"https:\/\/www.fsfx.com.br\/coi\/\",\"logo\":{\"@type\":\"ImageObject\",\"inLanguage\":\"pt-BR\",\"@id\":\"https:\/\/www.fsfx.com.br\/coi\/#\/schema\/logo\/image\/\",\"url\":\"https:\/\/www.fsfx.com.br\/coi\/wp-content\/uploads\/sites\/4\/2022\/03\/logo-2.png\",\"contentUrl\":\"https:\/\/www.fsfx.com.br\/coi\/wp-content\/uploads\/sites\/4\/2022\/03\/logo-2.png\",\"width\":218,\"height\":57,\"caption\":\"COI - Centro de Odontologia Integrada\"},\"image\":{\"@id\":\"https:\/\/www.fsfx.com.br\/coi\/#\/schema\/logo\/image\/\"}},{\"@type\":\"Person\",\"@id\":\"https:\/\/www.fsfx.com.br\/coi\/#\/schema\/person\/7d2372fe1973398ab20a060bbb9a87d8\",\"name\":\"claudio\",\"image\":{\"@type\":\"ImageObject\",\"inLanguage\":\"pt-BR\",\"@id\":\"https:\/\/www.fsfx.com.br\/coi\/#\/schema\/person\/image\/\",\"url\":\"https:\/\/secure.gravatar.com\/avatar\/724caacf0f2f073275cb3689c577e73e87e40150b1ffd648a67445e75aa7ff03?s=96&d=mm&r=g\",\"contentUrl\":\"https:\/\/secure.gravatar.com\/avatar\/724caacf0f2f073275cb3689c577e73e87e40150b1ffd648a67445e75aa7ff03?s=96&d=mm&r=g\",\"caption\":\"claudio\"},\"url\":\"https:\/\/www.fsfx.com.br\/coi\/author\/claudio\/\"}]}<\/script>\n<!-- \/ Yoast SEO plugin. -->","yoast_head_json":{"title":"Programa Odontol\u00f3gico Materno Infantil - Centro de Odontologia Integrada","robots":{"index":"index","follow":"follow","max-snippet":"max-snippet:-1","max-image-preview":"max-image-preview:large","max-video-preview":"max-video-preview:-1"},"canonical":"https:\/\/www.fsfx.com.br\/coi\/programa-odontologico-materno-infantil\/","og_locale":"pt_BR","og_type":"article","og_title":"Programa Odontol\u00f3gico Materno Infantil - Centro de Odontologia Integrada","og_description":"O beb\u00ea nasceu\u2026 E agora? O acompanhamento do desenvolvimento da denti\u00e7\u00e3o do beb\u00ea, desde os primeiros meses de vida, \u00e9 muito importante para a garantia de sua sa\u00fade bucal. Lembre-se que a crian\u00e7a aprende o que v\u00ea e tende a repetir o que os pais fazem. Portanto, pratique regularmente a sua higieniza\u00e7\u00e3o bucal, preferencialmente, com [&hellip;]","og_url":"https:\/\/www.fsfx.com.br\/coi\/programa-odontologico-materno-infantil\/","og_site_name":"Centro de Odontologia Integrada","article_published_time":"2022-07-11T14:05:33+00:00","article_modified_time":"2022-07-20T20:55:28+00:00","og_image":[{"width":1920,"height":622,"url":"https:\/\/www.fsfx.com.br\/coi\/wp-content\/uploads\/sites\/4\/2022\/07\/maternidade.jpg","type":"image\/jpeg"}],"author":"claudio","twitter_card":"summary_large_image","twitter_misc":{"Escrito por":"claudio","Est. tempo de leitura":"3 minutos"},"schema":{"@context":"https:\/\/schema.org","@graph":[{"@type":"Article","@id":"https:\/\/www.fsfx.com.br\/coi\/programa-odontologico-materno-infantil\/#article","isPartOf":{"@id":"https:\/\/www.fsfx.com.br\/coi\/programa-odontologico-materno-infantil\/"},"author":{"name":"claudio","@id":"https:\/\/www.fsfx.com.br\/coi\/#\/schema\/person\/7d2372fe1973398ab20a060bbb9a87d8"},"headline":"Programa Odontol\u00f3gico Materno Infantil","datePublished":"2022-07-11T14:05:33+00:00","dateModified":"2022-07-20T20:55:28+00:00","mainEntityOfPage":{"@id":"https:\/\/www.fsfx.com.br\/coi\/programa-odontologico-materno-infantil\/"},"wordCount":678,"commentCount":0,"publisher":{"@id":"https:\/\/www.fsfx.com.br\/coi\/#organization"},"image":{"@id":"https:\/\/www.fsfx.com.br\/coi\/programa-odontologico-materno-infantil\/#primaryimage"},"thumbnailUrl":"https:\/\/www.fsfx.com.br\/coi\/wp-content\/uploads\/sites\/4\/2022\/07\/maternidade.jpg","articleSection":["Cuidados Gestantes"],"inLanguage":"pt-BR","potentialAction":[{"@type":"CommentAction","name":"Comment","target":["https:\/\/www.fsfx.com.br\/coi\/programa-odontologico-materno-infantil\/#respond"]}]},{"@type":"WebPage","@id":"https:\/\/www.fsfx.com.br\/coi\/programa-odontologico-materno-infantil\/","url":"https:\/\/www.fsfx.com.br\/coi\/programa-odontologico-materno-infantil\/","name":"Programa Odontol\u00f3gico Materno Infantil - Centro de Odontologia Integrada","isPartOf":{"@id":"https:\/\/www.fsfx.com.br\/coi\/#website"},"primaryImageOfPage":{"@id":"https:\/\/www.fsfx.com.br\/coi\/programa-odontologico-materno-infantil\/#primaryimage"},"image":{"@id":"https:\/\/www.fsfx.com.br\/coi\/programa-odontologico-materno-infantil\/#primaryimage"},"thumbnailUrl":"https:\/\/www.fsfx.com.br\/coi\/wp-content\/uploads\/sites\/4\/2022\/07\/maternidade.jpg","datePublished":"2022-07-11T14:05:33+00:00","dateModified":"2022-07-20T20:55:28+00:00","breadcrumb":{"@id":"https:\/\/www.fsfx.com.br\/coi\/programa-odontologico-materno-infantil\/#breadcrumb"},"inLanguage":"pt-BR","potentialAction":[{"@type":"ReadAction","target":["https:\/\/www.fsfx.com.br\/coi\/programa-odontologico-materno-infantil\/"]}]},{"@type":"ImageObject","inLanguage":"pt-BR","@id":"https:\/\/www.fsfx.com.br\/coi\/programa-odontologico-materno-infantil\/#primaryimage","url":"https:\/\/www.fsfx.com.br\/coi\/wp-content\/uploads\/sites\/4\/2022\/07\/maternidade.jpg","contentUrl":"https:\/\/www.fsfx.com.br\/coi\/wp-content\/uploads\/sites\/4\/2022\/07\/maternidade.jpg","width":1920,"height":622},{"@type":"BreadcrumbList","@id":"https:\/\/www.fsfx.com.br\/coi\/programa-odontologico-materno-infantil\/#breadcrumb","itemListElement":[{"@type":"ListItem","position":1,"name":"In\u00edcio","item":"https:\/\/www.fsfx.com.br\/coi\/"},{"@type":"ListItem","position":2,"name":"Programa Odontol\u00f3gico Materno Infantil"}]},{"@type":"WebSite","@id":"https:\/\/www.fsfx.com.br\/coi\/#website","url":"https:\/\/www.fsfx.com.br\/coi\/","name":"Centro de Odontologia Integrada","description":"O COI realiza procedimentos para melhoria da sua sa\u00fade bucal desde os mais simples, como a profilaxia (limpeza) bucal, at\u00e9 procedimentos mais completos, como tratamento dos dist\u00farbios do sono, tratamento em implantodontia, reabilita\u00e7\u00e3o oral e ortodontia.","publisher":{"@id":"https:\/\/www.fsfx.com.br\/coi\/#organization"},"potentialAction":[{"@type":"SearchAction","target":{"@type":"EntryPoint","urlTemplate":"https:\/\/www.fsfx.com.br\/coi\/?s={search_term_string}"},"query-input":{"@type":"PropertyValueSpecification","valueRequired":true,"valueName":"search_term_string"}}],"inLanguage":"pt-BR"},{"@type":"Organization","@id":"https:\/\/www.fsfx.com.br\/coi\/#organization","name":"COI - Centro de Odontologia Integrada","url":"https:\/\/www.fsfx.com.br\/coi\/","logo":{"@type":"ImageObject","inLanguage":"pt-BR","@id":"https:\/\/www.fsfx.com.br\/coi\/#\/schema\/logo\/image\/","url":"https:\/\/www.fsfx.com.br\/coi\/wp-content\/uploads\/sites\/4\/2022\/03\/logo-2.png","contentUrl":"https:\/\/www.fsfx.com.br\/coi\/wp-content\/uploads\/sites\/4\/2022\/03\/logo-2.png","width":218,"height":57,"caption":"COI - Centro de Odontologia Integrada"},"image":{"@id":"https:\/\/www.fsfx.com.br\/coi\/#\/schema\/logo\/image\/"}},{"@type":"Person","@id":"https:\/\/www.fsfx.com.br\/coi\/#\/schema\/person\/7d2372fe1973398ab20a060bbb9a87d8","name":"claudio","image":{"@type":"ImageObject","inLanguage":"pt-BR","@id":"https:\/\/www.fsfx.com.br\/coi\/#\/schema\/person\/image\/","url":"https:\/\/secure.gravatar.com\/avatar\/724caacf0f2f073275cb3689c577e73e87e40150b1ffd648a67445e75aa7ff03?s=96&d=mm&r=g","contentUrl":"https:\/\/secure.gravatar.com\/avatar\/724caacf0f2f073275cb3689c577e73e87e40150b1ffd648a67445e75aa7ff03?s=96&d=mm&r=g","caption":"claudio"},"url":"https:\/\/www.fsfx.com.br\/coi\/author\/claudio\/"}]}},"_links":{"self":[{"href":"https:\/\/www.fsfx.com.br\/coi\/wp-json\/wp\/v2\/posts\/6917","targetHints":{"allow":["GET"]}}],"collection":[{"href":"https:\/\/www.fsfx.com.br\/coi\/wp-json\/wp\/v2\/posts"}],"about":[{"href":"https:\/\/www.fsfx.com.br\/coi\/wp-json\/wp\/v2\/types\/post"}],"author":[{"embeddable":true,"href":"https:\/\/www.fsfx.com.br\/coi\/wp-json\/wp\/v2\/users\/2"}],"replies":[{"embeddable":true,"href":"https:\/\/www.fsfx.com.br\/coi\/wp-json\/wp\/v2\/comments?post=6917"}],"version-history":[{"count":0,"href":"https:\/\/www.fsfx.com.br\/coi\/wp-json\/wp\/v2\/posts\/6917\/revisions"}],"wp:featuredmedia":[{"embeddable":true,"href":"https:\/\/www.fsfx.com.br\/coi\/wp-json\/wp\/v2\/media\/7025"}],"wp:attachment":[{"href":"https:\/\/www.fsfx.com.br\/coi\/wp-json\/wp\/v2\/media?parent=6917"}],"wp:term":[{"taxonomy":"category","embeddable":true,"href":"https:\/\/www.fsfx.com.br\/coi\/wp-json\/wp\/v2\/categories?post=6917"},{"taxonomy":"post_tag","embeddable":true,"href":"https:\/\/www.fsfx.com.br\/coi\/wp-json\/wp\/v2\/tags?post=6917"}],"curies":[{"name":"wp","href":"https:\/\/api.w.org\/{rel}","templated":true}]}}