{"id":7856,"date":"2024-10-24T14:39:30","date_gmt":"2024-10-24T17:39:30","guid":{"rendered":"https:\/\/www.fsfx.com.br\/coi\/?p=7856"},"modified":"2024-10-24T14:39:30","modified_gmt":"2024-10-24T17:39:30","slug":"saude-bucal-e-bem-estar-o-papel-do-coi-na-prevencao-de-doencas-sistemicas","status":"publish","type":"post","link":"https:\/\/www.fsfx.com.br\/coi\/saude-bucal-e-bem-estar-o-papel-do-coi-na-prevencao-de-doencas-sistemicas\/","title":{"rendered":"Sa\u00fade bucal e bem-estar: o papel do COI na preven\u00e7\u00e3o de doen\u00e7as sist\u00eamicas"},"content":{"rendered":"<p style=\"text-align: center\"><em>No 43\u00ba anivers\u00e1rio do Centro de Odontologia Integrada, cirurgi\u00e3o-dentista d\u00e1 dicas de como ter uma boa sa\u00fade bucal<\/em><\/p>\n<p>No dia 25 de outubro, comemora-se o Dia Nacional da Sa\u00fade Bucal, uma data que homenageia os dentistas brasileiros e refor\u00e7a a import\u00e2ncia dos cuidados com a sa\u00fade bucal. Paralelamente, o Centro de Odontologia Integrada (COI), administrado pela Funda\u00e7\u00e3o S\u00e3o Francisco Xavier (FSFX), celebra o seu 43\u00ba anivers\u00e1rio, no dia 27 de outubro. Para marcar essas ocasi\u00f5es, o COI destaca como uma boa higiene bucal impacta diretamente no bem-estar do corpo, prevenindo complica\u00e7\u00f5es graves em outros \u00f3rg\u00e3os.<\/p>\n<p>Nesses 43 anos de hist\u00f3ria, o COI consolidou-se como refer\u00eancia em sa\u00fade bucal, oferecendo atendimento de excel\u00eancia e inovando constantemente no setor odontol\u00f3gico. Com sede localizada no bairro Horto, em Ipatinga, o COI orgulha-se de sua contribui\u00e7\u00e3o para a sa\u00fade bucal de milhares de pessoas. Foi a primeira institui\u00e7\u00e3o de assist\u00eancia odontol\u00f3gica de Minas Gerais a ser certificada pela norma ISO 9001:2008, destacando-se pela incorpora\u00e7\u00e3o de tecnologias de ponta, como tomografia computadorizada, raios-X e um laborat\u00f3rio digital de pr\u00f3teses, o que garante diagn\u00f3sticos precisos e tratamentos eficientes.<\/p>\n<p>Com uma estrutura moderna, o COI possui 12 especialidades odontol\u00f3gicas, 46 unidades odontol\u00f3gicas, um laborat\u00f3rio de pr\u00f3tese e uma Central de Materiais e Esteriliza\u00e7\u00e3o. Em 2023, foram realizados mais de 386 mil procedimentos, evidenciando sua alta capacidade de atendimento. A equipe \u00e9 formada por 66 cirurgi\u00f5es-dentistas, 29 t\u00e9cnicos em sa\u00fade bucal, 68 auxiliares em sa\u00fade bucal, al\u00e9m de t\u00e9cnicos em radiologia e t\u00e9cnico de pr\u00f3tese dent\u00e1ria.<\/p>\n<p><img fetchpriority=\"high\" decoding=\"async\" class=\" wp-image-7857 alignleft\" src=\"https:\/\/www.fsfx.com.br\/coi\/wp-content\/uploads\/sites\/4\/2024\/10\/Ronaldo-Faria-cirurgiao-dentista-do-COI-1-300x225.jpg\" alt=\"\" width=\"457\" height=\"343\" srcset=\"https:\/\/www.fsfx.com.br\/coi\/wp-content\/uploads\/sites\/4\/2024\/10\/Ronaldo-Faria-cirurgiao-dentista-do-COI-1-300x225.jpg 300w, https:\/\/www.fsfx.com.br\/coi\/wp-content\/uploads\/sites\/4\/2024\/10\/Ronaldo-Faria-cirurgiao-dentista-do-COI-1-1024x768.jpg 1024w, https:\/\/www.fsfx.com.br\/coi\/wp-content\/uploads\/sites\/4\/2024\/10\/Ronaldo-Faria-cirurgiao-dentista-do-COI-1-768x576.jpg 768w, https:\/\/www.fsfx.com.br\/coi\/wp-content\/uploads\/sites\/4\/2024\/10\/Ronaldo-Faria-cirurgiao-dentista-do-COI-1-1536x1152.jpg 1536w, https:\/\/www.fsfx.com.br\/coi\/wp-content\/uploads\/sites\/4\/2024\/10\/Ronaldo-Faria-cirurgiao-dentista-do-COI-1.jpg 1920w\" sizes=\"(max-width: 457px) 100vw, 457px\" \/>O cirurgi\u00e3o-dentista e respons\u00e1vel t\u00e9cnico do COI, Ronaldo Faria, orienta sobre os cuidados di\u00e1rios necess\u00e1rios para prevenir complica\u00e7\u00f5es. \u201cPr\u00e1ticas simples, como escovar os dentes pelo menos tr\u00eas vezes ao dia, usar fio dental diariamente e realizar visitas regulares ao dentista, a cada seis meses, fazem toda a diferen\u00e7a. Al\u00e9m disso, h\u00e1bitos saud\u00e1veis, como uma dieta balanceada, rica em c\u00e1lcio e vitamina D, e a redu\u00e7\u00e3o do consumo de a\u00e7\u00facar, ajudam a manter a sa\u00fade bucal e geral em dia\u201d, orienta.<\/p>\n<p>Uma boa higiene e os cuidados com a sa\u00fade bucal evitam doen\u00e7as mais comuns que podem ter um impacto sist\u00eamico. \u201cEntre os problemas bucais mais comuns est\u00e3o as c\u00e1ries, gengivite, periodontite, estomatite, candid\u00edase oral e abscessos dent\u00e1rios. As bact\u00e9rias presentes na placa bacteriana podem entrar na corrente sangu\u00ednea, causando infec\u00e7\u00f5es que afetam o cora\u00e7\u00e3o, pulm\u00f5es e at\u00e9 aumentam o risco de parto prematuro. Al\u00e9m disso, a periodontite, por exemplo, pode elevar o risco de diabetes, doen\u00e7as card\u00edacas, acidente vascular cerebral (AVC) e at\u00e9 alguns tipos de c\u00e2ncer\u201d, explica Ronaldo.<\/p>\n<p>O profissional tamb\u00e9m destaca a rela\u00e7\u00e3o entre sa\u00fade bucal e doen\u00e7as cr\u00f4nicas, como diabetes e osteoporose. \u201cPessoas com diabetes descontrolada s\u00e3o mais propensas a problemas bucais, como redu\u00e7\u00e3o do fluxo salivar e cicatriza\u00e7\u00e3o lenta, o que pode dificultar o controle da doen\u00e7a. J\u00e1 a osteoporose pode ser indicada por sinais na boca, como mobilidade dent\u00e1ria e fraturas \u00f3sseas\u201d, afirma.<\/p>\n<p>O COI oferece um programa de preven\u00e7\u00e3o, que se destaca por ser refer\u00eancia nacional, com atendimento para todas as idades, desde beb\u00eas at\u00e9 idosos. \u201cTemos um dos menores \u00edndices de CPOD do Brasil. O CPOD \u00e9 um indicador de avalia\u00e7\u00e3o das condi\u00e7\u00f5es de sa\u00fade bucal da popula\u00e7\u00e3o que a Organiza\u00e7\u00e3o Mundial de Sa\u00fade adota. Al\u00e9m da preven\u00e7\u00e3o, como servi\u00e7os de limpeza dent\u00e1ria, o COI oferece todas as especialidades da odontologia, para restaurar a qualidade da sa\u00fade bucal e de uma maneira geral, como restaura\u00e7\u00f5es, pr\u00f3teses fixas, unit\u00e1rias e totais, implantes, tratamento de canal, disfun\u00e7\u00e3o temporomandibular, odontologia do sono, ortodontia, reabilita\u00e7\u00e3o, est\u00e9tica, harmoniza\u00e7\u00e3o e clareamento. Al\u00e9m de possuir um laborat\u00f3rio digital, que permite realizar um servi\u00e7o de melhor adapta\u00e7\u00e3o e qualidade ao seu p\u00fablico\u201d, diz Ronaldo.<\/p>\n<p><img decoding=\"async\" class=\" wp-image-7858 alignright\" src=\"https:\/\/www.fsfx.com.br\/coi\/wp-content\/uploads\/sites\/4\/2024\/10\/Ronaldo-Faria-cirurgiao-dentista-do-COI-2-300x225.jpg\" alt=\"\" width=\"465\" height=\"349\" srcset=\"https:\/\/www.fsfx.com.br\/coi\/wp-content\/uploads\/sites\/4\/2024\/10\/Ronaldo-Faria-cirurgiao-dentista-do-COI-2-300x225.jpg 300w, https:\/\/www.fsfx.com.br\/coi\/wp-content\/uploads\/sites\/4\/2024\/10\/Ronaldo-Faria-cirurgiao-dentista-do-COI-2-1024x768.jpg 1024w, https:\/\/www.fsfx.com.br\/coi\/wp-content\/uploads\/sites\/4\/2024\/10\/Ronaldo-Faria-cirurgiao-dentista-do-COI-2-768x576.jpg 768w, https:\/\/www.fsfx.com.br\/coi\/wp-content\/uploads\/sites\/4\/2024\/10\/Ronaldo-Faria-cirurgiao-dentista-do-COI-2-1536x1152.jpg 1536w, https:\/\/www.fsfx.com.br\/coi\/wp-content\/uploads\/sites\/4\/2024\/10\/Ronaldo-Faria-cirurgiao-dentista-do-COI-2.jpg 1920w\" sizes=\"(max-width: 465px) 100vw, 465px\" \/>Segundo o especialista, evitar o tabagismo e o consumo excessivo de \u00e1lcool tamb\u00e9m s\u00e3o medidas que podem reduzir o risco de problemas bucais. Ronaldo refor\u00e7a, ainda, que a visita regular ao dentista \u00e9 fundamental, mas h\u00e1 sinais de alerta que indicam a necessidade de procurar um profissional com urg\u00eancia. \u201cDores nos dentes, sangramento nas gengivas, mau h\u00e1lito persistente, sensibilidade, feridas que n\u00e3o cicatrizam e dentes quebrados s\u00e3o alguns dos sintomas que n\u00e3o podem ser ignorados\u201d, explica.<\/p>\n<p>Em celebra\u00e7\u00e3o ao Dia Nacional da Sa\u00fade Bucal \u00e9 fundamental conscientizar a popula\u00e7\u00e3o sobre a import\u00e2ncia de uma higiene bucal adequada e das visitas regulares ao dentista. \u201c\u00c9 muito importante a conscientiza\u00e7\u00e3o da popula\u00e7\u00e3o em rela\u00e7\u00e3o \u00e0 sa\u00fade bucal em geral. As simples formas de conscientiza\u00e7\u00e3o ajudam a prevenir doen\u00e7as relacionadas \u00e0 sa\u00fade bucal e v\u00e1rias doen\u00e7as cr\u00f4nicas\u201d, refor\u00e7a Ronaldo.<\/p>\n<p>O COI, que funciona de segunda a sexta-feira, das 7h \u00e0s 22h, e aos s\u00e1bados, das 7h \u00e0s 13h, atende diversos conv\u00eanios e pacientes particulares, refor\u00e7ando seu compromisso com a sa\u00fade bucal da popula\u00e7\u00e3o por meio de um atendimento de qualidade e humanizado.<\/p>\n<p>Essa hist\u00f3ria de sucesso continua, com o COI investindo em tecnologia, qualifica\u00e7\u00e3o profissional e, acima de tudo, em um atendimento acolhedor, proporcionando sorrisos saud\u00e1veis e mais confian\u00e7a aos seus pacientes.<\/p>\n","protected":false},"excerpt":{"rendered":"<p>No 43\u00ba anivers\u00e1rio do Centro de Odontologia Integrada, cirurgi\u00e3o-dentista d\u00e1 dicas de como ter uma boa sa\u00fade bucal No dia 25 de outubro, comemora-se o Dia Nacional da Sa\u00fade Bucal, uma data que homenageia os dentistas brasileiros e refor\u00e7a a import\u00e2ncia dos cuidados com a sa\u00fade bucal. Paralelamente, o Centro de Odontologia Integrada (COI), administrado [&hellip;]<\/p>\n","protected":false},"author":6,"featured_media":7857,"comment_status":"closed","ping_status":"closed","sticky":false,"template":"","format":"standard","meta":{"_acf_changed":false,"site-sidebar-layout":"default","site-content-layout":"","ast-site-content-layout":"default","site-content-style":"default","site-sidebar-style":"default","ast-global-header-display":"","ast-banner-title-visibility":"","ast-main-header-display":"","ast-hfb-above-header-display":"","ast-hfb-below-header-display":"","ast-hfb-mobile-header-display":"","site-post-title":"","ast-breadcrumbs-content":"","ast-featured-img":"","footer-sml-layout":"","theme-transparent-header-meta":"","adv-header-id-meta":"","stick-header-meta":"","header-above-stick-meta":"","header-main-stick-meta":"","header-below-stick-meta":"","astra-migrate-meta-layouts":"default","ast-page-background-enabled":"default","ast-page-background-meta":{"desktop":{"background-color":"var(--ast-global-color-4)","background-image":"","background-repeat":"repeat","background-position":"center center","background-size":"auto","background-attachment":"scroll","background-type":"","background-media":"","overlay-type":"","overlay-color":"","overlay-opacity":"","overlay-gradient":""},"tablet":{"background-color":"","background-image":"","background-repeat":"repeat","background-position":"center center","background-size":"auto","background-attachment":"scroll","background-type":"","background-media":"","overlay-type":"","overlay-color":"","overlay-opacity":"","overlay-gradient":""},"mobile":{"background-color":"","background-image":"","background-repeat":"repeat","background-position":"center center","background-size":"auto","background-attachment":"scroll","background-type":"","background-media":"","overlay-type":"","overlay-color":"","overlay-opacity":"","overlay-gradient":""}},"ast-content-background-meta":{"desktop":{"background-color":"var(--ast-global-color-5)","background-image":"","background-repeat":"repeat","background-position":"center center","background-size":"auto","background-attachment":"scroll","background-type":"","background-media":"","overlay-type":"","overlay-color":"","overlay-opacity":"","overlay-gradient":""},"tablet":{"background-color":"var(--ast-global-color-5)","background-image":"","background-repeat":"repeat","background-position":"center center","background-size":"auto","background-attachment":"scroll","background-type":"","background-media":"","overlay-type":"","overlay-color":"","overlay-opacity":"","overlay-gradient":""},"mobile":{"background-color":"var(--ast-global-color-5)","background-image":"","background-repeat":"repeat","background-position":"center center","background-size":"auto","background-attachment":"scroll","background-type":"","background-media":"","overlay-type":"","overlay-color":"","overlay-opacity":"","overlay-gradient":""}},"footnotes":""},"categories":[17],"tags":[],"class_list":["post-7856","post","type-post","status-publish","format-standard","has-post-thumbnail","hentry","category-saude-bucal"],"acf":[],"yoast_head":"<!-- This site is optimized with the Yoast SEO plugin v26.9 - https:\/\/yoast.com\/product\/yoast-seo-wordpress\/ -->\n<title>Sa\u00fade bucal e bem-estar: o papel do COI na preven\u00e7\u00e3o de doen\u00e7as sist\u00eamicas - Centro de Odontologia Integrada<\/title>\n<meta name=\"robots\" content=\"index, follow, max-snippet:-1, max-image-preview:large, max-video-preview:-1\" \/>\n<link rel=\"canonical\" href=\"https:\/\/www.fsfx.com.br\/coi\/saude-bucal-e-bem-estar-o-papel-do-coi-na-prevencao-de-doencas-sistemicas\/\" \/>\n<meta property=\"og:locale\" content=\"pt_BR\" \/>\n<meta property=\"og:type\" content=\"article\" \/>\n<meta property=\"og:title\" content=\"Sa\u00fade bucal e bem-estar: o papel do COI na preven\u00e7\u00e3o de doen\u00e7as sist\u00eamicas - Centro de Odontologia Integrada\" \/>\n<meta property=\"og:description\" content=\"No 43\u00ba anivers\u00e1rio do Centro de Odontologia Integrada, cirurgi\u00e3o-dentista d\u00e1 dicas de como ter uma boa sa\u00fade bucal No dia 25 de outubro, comemora-se o Dia Nacional da Sa\u00fade Bucal, uma data que homenageia os dentistas brasileiros e refor\u00e7a a import\u00e2ncia dos cuidados com a sa\u00fade bucal. Paralelamente, o Centro de Odontologia Integrada (COI), administrado [&hellip;]\" \/>\n<meta property=\"og:url\" content=\"https:\/\/www.fsfx.com.br\/coi\/saude-bucal-e-bem-estar-o-papel-do-coi-na-prevencao-de-doencas-sistemicas\/\" \/>\n<meta property=\"og:site_name\" content=\"Centro de Odontologia Integrada\" \/>\n<meta property=\"article:published_time\" content=\"2024-10-24T17:39:30+00:00\" \/>\n<meta property=\"og:image\" content=\"https:\/\/www.fsfx.com.br\/coi\/wp-content\/uploads\/sites\/4\/2024\/10\/Ronaldo-Faria-cirurgiao-dentista-do-COI-1.jpg\" \/>\n\t<meta property=\"og:image:width\" content=\"1920\" \/>\n\t<meta property=\"og:image:height\" content=\"1440\" \/>\n\t<meta property=\"og:image:type\" content=\"image\/jpeg\" \/>\n<meta name=\"author\" content=\"C\u00e1ssio Santana\" \/>\n<meta name=\"twitter:card\" content=\"summary_large_image\" \/>\n<meta name=\"twitter:label1\" content=\"Escrito por\" \/>\n\t<meta name=\"twitter:data1\" content=\"C\u00e1ssio Santana\" \/>\n\t<meta name=\"twitter:label2\" content=\"Est. tempo de leitura\" \/>\n\t<meta name=\"twitter:data2\" content=\"6 minutos\" \/>\n<script type=\"application\/ld+json\" class=\"yoast-schema-graph\">{\"@context\":\"https:\/\/schema.org\",\"@graph\":[{\"@type\":\"Article\",\"@id\":\"https:\/\/www.fsfx.com.br\/coi\/saude-bucal-e-bem-estar-o-papel-do-coi-na-prevencao-de-doencas-sistemicas\/#article\",\"isPartOf\":{\"@id\":\"https:\/\/www.fsfx.com.br\/coi\/saude-bucal-e-bem-estar-o-papel-do-coi-na-prevencao-de-doencas-sistemicas\/\"},\"author\":{\"name\":\"C\u00e1ssio Santana\",\"@id\":\"https:\/\/www.fsfx.com.br\/coi\/#\/schema\/person\/6bf2cced2b7a5d5d78f5610fc8f52504\"},\"headline\":\"Sa\u00fade bucal e bem-estar: o papel do COI na preven\u00e7\u00e3o de doen\u00e7as sist\u00eamicas\",\"datePublished\":\"2024-10-24T17:39:30+00:00\",\"mainEntityOfPage\":{\"@id\":\"https:\/\/www.fsfx.com.br\/coi\/saude-bucal-e-bem-estar-o-papel-do-coi-na-prevencao-de-doencas-sistemicas\/\"},\"wordCount\":948,\"publisher\":{\"@id\":\"https:\/\/www.fsfx.com.br\/coi\/#organization\"},\"image\":{\"@id\":\"https:\/\/www.fsfx.com.br\/coi\/saude-bucal-e-bem-estar-o-papel-do-coi-na-prevencao-de-doencas-sistemicas\/#primaryimage\"},\"thumbnailUrl\":\"https:\/\/www.fsfx.com.br\/coi\/wp-content\/uploads\/sites\/4\/2024\/10\/Ronaldo-Faria-cirurgiao-dentista-do-COI-1.jpg\",\"articleSection\":[\"Sa\u00fade Bucal\"],\"inLanguage\":\"pt-BR\"},{\"@type\":\"WebPage\",\"@id\":\"https:\/\/www.fsfx.com.br\/coi\/saude-bucal-e-bem-estar-o-papel-do-coi-na-prevencao-de-doencas-sistemicas\/\",\"url\":\"https:\/\/www.fsfx.com.br\/coi\/saude-bucal-e-bem-estar-o-papel-do-coi-na-prevencao-de-doencas-sistemicas\/\",\"name\":\"Sa\u00fade bucal e bem-estar: o papel do COI na preven\u00e7\u00e3o de doen\u00e7as sist\u00eamicas - Centro de Odontologia Integrada\",\"isPartOf\":{\"@id\":\"https:\/\/www.fsfx.com.br\/coi\/#website\"},\"primaryImageOfPage\":{\"@id\":\"https:\/\/www.fsfx.com.br\/coi\/saude-bucal-e-bem-estar-o-papel-do-coi-na-prevencao-de-doencas-sistemicas\/#primaryimage\"},\"image\":{\"@id\":\"https:\/\/www.fsfx.com.br\/coi\/saude-bucal-e-bem-estar-o-papel-do-coi-na-prevencao-de-doencas-sistemicas\/#primaryimage\"},\"thumbnailUrl\":\"https:\/\/www.fsfx.com.br\/coi\/wp-content\/uploads\/sites\/4\/2024\/10\/Ronaldo-Faria-cirurgiao-dentista-do-COI-1.jpg\",\"datePublished\":\"2024-10-24T17:39:30+00:00\",\"breadcrumb\":{\"@id\":\"https:\/\/www.fsfx.com.br\/coi\/saude-bucal-e-bem-estar-o-papel-do-coi-na-prevencao-de-doencas-sistemicas\/#breadcrumb\"},\"inLanguage\":\"pt-BR\",\"potentialAction\":[{\"@type\":\"ReadAction\",\"target\":[\"https:\/\/www.fsfx.com.br\/coi\/saude-bucal-e-bem-estar-o-papel-do-coi-na-prevencao-de-doencas-sistemicas\/\"]}]},{\"@type\":\"ImageObject\",\"inLanguage\":\"pt-BR\",\"@id\":\"https:\/\/www.fsfx.com.br\/coi\/saude-bucal-e-bem-estar-o-papel-do-coi-na-prevencao-de-doencas-sistemicas\/#primaryimage\",\"url\":\"https:\/\/www.fsfx.com.br\/coi\/wp-content\/uploads\/sites\/4\/2024\/10\/Ronaldo-Faria-cirurgiao-dentista-do-COI-1.jpg\",\"contentUrl\":\"https:\/\/www.fsfx.com.br\/coi\/wp-content\/uploads\/sites\/4\/2024\/10\/Ronaldo-Faria-cirurgiao-dentista-do-COI-1.jpg\",\"width\":1920,\"height\":1440},{\"@type\":\"BreadcrumbList\",\"@id\":\"https:\/\/www.fsfx.com.br\/coi\/saude-bucal-e-bem-estar-o-papel-do-coi-na-prevencao-de-doencas-sistemicas\/#breadcrumb\",\"itemListElement\":[{\"@type\":\"ListItem\",\"position\":1,\"name\":\"In\u00edcio\",\"item\":\"https:\/\/www.fsfx.com.br\/coi\/\"},{\"@type\":\"ListItem\",\"position\":2,\"name\":\"Sa\u00fade bucal e bem-estar: o papel do COI na preven\u00e7\u00e3o de doen\u00e7as sist\u00eamicas\"}]},{\"@type\":\"WebSite\",\"@id\":\"https:\/\/www.fsfx.com.br\/coi\/#website\",\"url\":\"https:\/\/www.fsfx.com.br\/coi\/\",\"name\":\"Centro de Odontologia Integrada\",\"description\":\"O COI realiza procedimentos para melhoria da sua sa\u00fade bucal desde os mais simples, como a profilaxia (limpeza) bucal, at\u00e9 procedimentos mais completos, como tratamento dos dist\u00farbios do sono, tratamento em implantodontia, reabilita\u00e7\u00e3o oral e ortodontia.\",\"publisher\":{\"@id\":\"https:\/\/www.fsfx.com.br\/coi\/#organization\"},\"potentialAction\":[{\"@type\":\"SearchAction\",\"target\":{\"@type\":\"EntryPoint\",\"urlTemplate\":\"https:\/\/www.fsfx.com.br\/coi\/?s={search_term_string}\"},\"query-input\":{\"@type\":\"PropertyValueSpecification\",\"valueRequired\":true,\"valueName\":\"search_term_string\"}}],\"inLanguage\":\"pt-BR\"},{\"@type\":\"Organization\",\"@id\":\"https:\/\/www.fsfx.com.br\/coi\/#organization\",\"name\":\"COI - Centro de Odontologia Integrada\",\"url\":\"https:\/\/www.fsfx.com.br\/coi\/\",\"logo\":{\"@type\":\"ImageObject\",\"inLanguage\":\"pt-BR\",\"@id\":\"https:\/\/www.fsfx.com.br\/coi\/#\/schema\/logo\/image\/\",\"url\":\"https:\/\/www.fsfx.com.br\/coi\/wp-content\/uploads\/sites\/4\/2022\/03\/logo-2.png\",\"contentUrl\":\"https:\/\/www.fsfx.com.br\/coi\/wp-content\/uploads\/sites\/4\/2022\/03\/logo-2.png\",\"width\":218,\"height\":57,\"caption\":\"COI - Centro de Odontologia Integrada\"},\"image\":{\"@id\":\"https:\/\/www.fsfx.com.br\/coi\/#\/schema\/logo\/image\/\"}},{\"@type\":\"Person\",\"@id\":\"https:\/\/www.fsfx.com.br\/coi\/#\/schema\/person\/6bf2cced2b7a5d5d78f5610fc8f52504\",\"name\":\"C\u00e1ssio Santana\",\"image\":{\"@type\":\"ImageObject\",\"inLanguage\":\"pt-BR\",\"@id\":\"https:\/\/www.fsfx.com.br\/coi\/#\/schema\/person\/image\/\",\"url\":\"https:\/\/secure.gravatar.com\/avatar\/ef79739de3edd2f5c2e7c4930b0808c62af99fc5520eaadc7899948f8bc6d2e1?s=96&d=mm&r=g\",\"contentUrl\":\"https:\/\/secure.gravatar.com\/avatar\/ef79739de3edd2f5c2e7c4930b0808c62af99fc5520eaadc7899948f8bc6d2e1?s=96&d=mm&r=g\",\"caption\":\"C\u00e1ssio Santana\"},\"url\":\"https:\/\/www.fsfx.com.br\/coi\/author\/cassio\/\"}]}<\/script>\n<!-- \/ Yoast SEO plugin. -->","yoast_head_json":{"title":"Sa\u00fade bucal e bem-estar: o papel do COI na preven\u00e7\u00e3o de doen\u00e7as sist\u00eamicas - Centro de Odontologia Integrada","robots":{"index":"index","follow":"follow","max-snippet":"max-snippet:-1","max-image-preview":"max-image-preview:large","max-video-preview":"max-video-preview:-1"},"canonical":"https:\/\/www.fsfx.com.br\/coi\/saude-bucal-e-bem-estar-o-papel-do-coi-na-prevencao-de-doencas-sistemicas\/","og_locale":"pt_BR","og_type":"article","og_title":"Sa\u00fade bucal e bem-estar: o papel do COI na preven\u00e7\u00e3o de doen\u00e7as sist\u00eamicas - Centro de Odontologia Integrada","og_description":"No 43\u00ba anivers\u00e1rio do Centro de Odontologia Integrada, cirurgi\u00e3o-dentista d\u00e1 dicas de como ter uma boa sa\u00fade bucal No dia 25 de outubro, comemora-se o Dia Nacional da Sa\u00fade Bucal, uma data que homenageia os dentistas brasileiros e refor\u00e7a a import\u00e2ncia dos cuidados com a sa\u00fade bucal. Paralelamente, o Centro de Odontologia Integrada (COI), administrado [&hellip;]","og_url":"https:\/\/www.fsfx.com.br\/coi\/saude-bucal-e-bem-estar-o-papel-do-coi-na-prevencao-de-doencas-sistemicas\/","og_site_name":"Centro de Odontologia Integrada","article_published_time":"2024-10-24T17:39:30+00:00","og_image":[{"width":1920,"height":1440,"url":"https:\/\/www.fsfx.com.br\/coi\/wp-content\/uploads\/sites\/4\/2024\/10\/Ronaldo-Faria-cirurgiao-dentista-do-COI-1.jpg","type":"image\/jpeg"}],"author":"C\u00e1ssio Santana","twitter_card":"summary_large_image","twitter_misc":{"Escrito por":"C\u00e1ssio Santana","Est. tempo de leitura":"6 minutos"},"schema":{"@context":"https:\/\/schema.org","@graph":[{"@type":"Article","@id":"https:\/\/www.fsfx.com.br\/coi\/saude-bucal-e-bem-estar-o-papel-do-coi-na-prevencao-de-doencas-sistemicas\/#article","isPartOf":{"@id":"https:\/\/www.fsfx.com.br\/coi\/saude-bucal-e-bem-estar-o-papel-do-coi-na-prevencao-de-doencas-sistemicas\/"},"author":{"name":"C\u00e1ssio Santana","@id":"https:\/\/www.fsfx.com.br\/coi\/#\/schema\/person\/6bf2cced2b7a5d5d78f5610fc8f52504"},"headline":"Sa\u00fade bucal e bem-estar: o papel do COI na preven\u00e7\u00e3o de doen\u00e7as sist\u00eamicas","datePublished":"2024-10-24T17:39:30+00:00","mainEntityOfPage":{"@id":"https:\/\/www.fsfx.com.br\/coi\/saude-bucal-e-bem-estar-o-papel-do-coi-na-prevencao-de-doencas-sistemicas\/"},"wordCount":948,"publisher":{"@id":"https:\/\/www.fsfx.com.br\/coi\/#organization"},"image":{"@id":"https:\/\/www.fsfx.com.br\/coi\/saude-bucal-e-bem-estar-o-papel-do-coi-na-prevencao-de-doencas-sistemicas\/#primaryimage"},"thumbnailUrl":"https:\/\/www.fsfx.com.br\/coi\/wp-content\/uploads\/sites\/4\/2024\/10\/Ronaldo-Faria-cirurgiao-dentista-do-COI-1.jpg","articleSection":["Sa\u00fade Bucal"],"inLanguage":"pt-BR"},{"@type":"WebPage","@id":"https:\/\/www.fsfx.com.br\/coi\/saude-bucal-e-bem-estar-o-papel-do-coi-na-prevencao-de-doencas-sistemicas\/","url":"https:\/\/www.fsfx.com.br\/coi\/saude-bucal-e-bem-estar-o-papel-do-coi-na-prevencao-de-doencas-sistemicas\/","name":"Sa\u00fade bucal e bem-estar: o papel do COI na preven\u00e7\u00e3o de doen\u00e7as sist\u00eamicas - Centro de Odontologia Integrada","isPartOf":{"@id":"https:\/\/www.fsfx.com.br\/coi\/#website"},"primaryImageOfPage":{"@id":"https:\/\/www.fsfx.com.br\/coi\/saude-bucal-e-bem-estar-o-papel-do-coi-na-prevencao-de-doencas-sistemicas\/#primaryimage"},"image":{"@id":"https:\/\/www.fsfx.com.br\/coi\/saude-bucal-e-bem-estar-o-papel-do-coi-na-prevencao-de-doencas-sistemicas\/#primaryimage"},"thumbnailUrl":"https:\/\/www.fsfx.com.br\/coi\/wp-content\/uploads\/sites\/4\/2024\/10\/Ronaldo-Faria-cirurgiao-dentista-do-COI-1.jpg","datePublished":"2024-10-24T17:39:30+00:00","breadcrumb":{"@id":"https:\/\/www.fsfx.com.br\/coi\/saude-bucal-e-bem-estar-o-papel-do-coi-na-prevencao-de-doencas-sistemicas\/#breadcrumb"},"inLanguage":"pt-BR","potentialAction":[{"@type":"ReadAction","target":["https:\/\/www.fsfx.com.br\/coi\/saude-bucal-e-bem-estar-o-papel-do-coi-na-prevencao-de-doencas-sistemicas\/"]}]},{"@type":"ImageObject","inLanguage":"pt-BR","@id":"https:\/\/www.fsfx.com.br\/coi\/saude-bucal-e-bem-estar-o-papel-do-coi-na-prevencao-de-doencas-sistemicas\/#primaryimage","url":"https:\/\/www.fsfx.com.br\/coi\/wp-content\/uploads\/sites\/4\/2024\/10\/Ronaldo-Faria-cirurgiao-dentista-do-COI-1.jpg","contentUrl":"https:\/\/www.fsfx.com.br\/coi\/wp-content\/uploads\/sites\/4\/2024\/10\/Ronaldo-Faria-cirurgiao-dentista-do-COI-1.jpg","width":1920,"height":1440},{"@type":"BreadcrumbList","@id":"https:\/\/www.fsfx.com.br\/coi\/saude-bucal-e-bem-estar-o-papel-do-coi-na-prevencao-de-doencas-sistemicas\/#breadcrumb","itemListElement":[{"@type":"ListItem","position":1,"name":"In\u00edcio","item":"https:\/\/www.fsfx.com.br\/coi\/"},{"@type":"ListItem","position":2,"name":"Sa\u00fade bucal e bem-estar: o papel do COI na preven\u00e7\u00e3o de doen\u00e7as sist\u00eamicas"}]},{"@type":"WebSite","@id":"https:\/\/www.fsfx.com.br\/coi\/#website","url":"https:\/\/www.fsfx.com.br\/coi\/","name":"Centro de Odontologia Integrada","description":"O COI realiza procedimentos para melhoria da sua sa\u00fade bucal desde os mais simples, como a profilaxia (limpeza) bucal, at\u00e9 procedimentos mais completos, como tratamento dos dist\u00farbios do sono, tratamento em implantodontia, reabilita\u00e7\u00e3o oral e ortodontia.","publisher":{"@id":"https:\/\/www.fsfx.com.br\/coi\/#organization"},"potentialAction":[{"@type":"SearchAction","target":{"@type":"EntryPoint","urlTemplate":"https:\/\/www.fsfx.com.br\/coi\/?s={search_term_string}"},"query-input":{"@type":"PropertyValueSpecification","valueRequired":true,"valueName":"search_term_string"}}],"inLanguage":"pt-BR"},{"@type":"Organization","@id":"https:\/\/www.fsfx.com.br\/coi\/#organization","name":"COI - Centro de Odontologia Integrada","url":"https:\/\/www.fsfx.com.br\/coi\/","logo":{"@type":"ImageObject","inLanguage":"pt-BR","@id":"https:\/\/www.fsfx.com.br\/coi\/#\/schema\/logo\/image\/","url":"https:\/\/www.fsfx.com.br\/coi\/wp-content\/uploads\/sites\/4\/2022\/03\/logo-2.png","contentUrl":"https:\/\/www.fsfx.com.br\/coi\/wp-content\/uploads\/sites\/4\/2022\/03\/logo-2.png","width":218,"height":57,"caption":"COI - Centro de Odontologia Integrada"},"image":{"@id":"https:\/\/www.fsfx.com.br\/coi\/#\/schema\/logo\/image\/"}},{"@type":"Person","@id":"https:\/\/www.fsfx.com.br\/coi\/#\/schema\/person\/6bf2cced2b7a5d5d78f5610fc8f52504","name":"C\u00e1ssio Santana","image":{"@type":"ImageObject","inLanguage":"pt-BR","@id":"https:\/\/www.fsfx.com.br\/coi\/#\/schema\/person\/image\/","url":"https:\/\/secure.gravatar.com\/avatar\/ef79739de3edd2f5c2e7c4930b0808c62af99fc5520eaadc7899948f8bc6d2e1?s=96&d=mm&r=g","contentUrl":"https:\/\/secure.gravatar.com\/avatar\/ef79739de3edd2f5c2e7c4930b0808c62af99fc5520eaadc7899948f8bc6d2e1?s=96&d=mm&r=g","caption":"C\u00e1ssio Santana"},"url":"https:\/\/www.fsfx.com.br\/coi\/author\/cassio\/"}]}},"_links":{"self":[{"href":"https:\/\/www.fsfx.com.br\/coi\/wp-json\/wp\/v2\/posts\/7856","targetHints":{"allow":["GET"]}}],"collection":[{"href":"https:\/\/www.fsfx.com.br\/coi\/wp-json\/wp\/v2\/posts"}],"about":[{"href":"https:\/\/www.fsfx.com.br\/coi\/wp-json\/wp\/v2\/types\/post"}],"author":[{"embeddable":true,"href":"https:\/\/www.fsfx.com.br\/coi\/wp-json\/wp\/v2\/users\/6"}],"replies":[{"embeddable":true,"href":"https:\/\/www.fsfx.com.br\/coi\/wp-json\/wp\/v2\/comments?post=7856"}],"version-history":[{"count":1,"href":"https:\/\/www.fsfx.com.br\/coi\/wp-json\/wp\/v2\/posts\/7856\/revisions"}],"predecessor-version":[{"id":7859,"href":"https:\/\/www.fsfx.com.br\/coi\/wp-json\/wp\/v2\/posts\/7856\/revisions\/7859"}],"wp:featuredmedia":[{"embeddable":true,"href":"https:\/\/www.fsfx.com.br\/coi\/wp-json\/wp\/v2\/media\/7857"}],"wp:attachment":[{"href":"https:\/\/www.fsfx.com.br\/coi\/wp-json\/wp\/v2\/media?parent=7856"}],"wp:term":[{"taxonomy":"category","embeddable":true,"href":"https:\/\/www.fsfx.com.br\/coi\/wp-json\/wp\/v2\/categories?post=7856"},{"taxonomy":"post_tag","embeddable":true,"href":"https:\/\/www.fsfx.com.br\/coi\/wp-json\/wp\/v2\/tags?post=7856"}],"curies":[{"name":"wp","href":"https:\/\/api.w.org\/{rel}","templated":true}]}}