{"id":8019,"date":"2025-10-24T17:24:07","date_gmt":"2025-10-24T20:24:07","guid":{"rendered":"https:\/\/www.fsfx.com.br\/coi\/?p=8019"},"modified":"2025-10-24T17:24:07","modified_gmt":"2025-10-24T20:24:07","slug":"coi-celebra-44-anos-de-historia-e-reforca-a-importancia-dos-cuidados-com-a-saude-bucal-no-dia-nacional-da-saude-bucal","status":"publish","type":"post","link":"https:\/\/www.fsfx.com.br\/coi\/coi-celebra-44-anos-de-historia-e-reforca-a-importancia-dos-cuidados-com-a-saude-bucal-no-dia-nacional-da-saude-bucal\/","title":{"rendered":"COI celebra 44 anos de hist\u00f3ria e refor\u00e7a a import\u00e2ncia dos cuidados com a sa\u00fade bucal no Dia Nacional da Sa\u00fade Bucal"},"content":{"rendered":"<p>Cuidar do sorriso \u00e9 cuidar da sa\u00fade como um todo. \u00c9 com essa mensagem que o Centro de Odontologia Integrada (COI), administrado pela Funda\u00e7\u00e3o S\u00e3o Francisco Xavier (FSFX), celebra tr\u00eas momentos especiais: o Dia Nacional da Sa\u00fade Bucal e o Dia do Dentista, comemorado em 25 de outubro, e o anivers\u00e1rio de 44 anos do COI, no dia 27. A data \u00e9 um convite para lembrar que a preven\u00e7\u00e3o \u00e9 o melhor caminho para garantir qualidade de vida e bem-estar.<\/p>\n<figure id=\"attachment_8020\" aria-describedby=\"caption-attachment-8020\" style=\"width: 360px\" class=\"wp-caption alignleft\"><img fetchpriority=\"high\" decoding=\"async\" class=\"wp-image-8020 \" src=\"https:\/\/www.fsfx.com.br\/coi\/wp-content\/uploads\/sites\/4\/2025\/10\/Andre-Mafra-300x200.jpg\" alt=\"\" width=\"360\" height=\"240\" srcset=\"https:\/\/www.fsfx.com.br\/coi\/wp-content\/uploads\/sites\/4\/2025\/10\/Andre-Mafra-300x200.jpg 300w, https:\/\/www.fsfx.com.br\/coi\/wp-content\/uploads\/sites\/4\/2025\/10\/Andre-Mafra-1024x683.jpg 1024w, https:\/\/www.fsfx.com.br\/coi\/wp-content\/uploads\/sites\/4\/2025\/10\/Andre-Mafra-768x512.jpg 768w, https:\/\/www.fsfx.com.br\/coi\/wp-content\/uploads\/sites\/4\/2025\/10\/Andre-Mafra-1536x1024.jpg 1536w, https:\/\/www.fsfx.com.br\/coi\/wp-content\/uploads\/sites\/4\/2025\/10\/Andre-Mafra.jpg 1920w\" sizes=\"(max-width: 360px) 100vw, 360px\" \/><figcaption id=\"caption-attachment-8020\" class=\"wp-caption-text\">Andr\u00e9 Mafra<\/figcaption><\/figure>\n<p>O dentista Andr\u00e9 Barreto Mafra de Oliveira, especialista em Reabilita\u00e7\u00e3o Oral, explica que o Dia Nacional da Sa\u00fade Bucal vai muito al\u00e9m de uma homenagem aos profissionais da \u00e1rea. \u201cComemorar essa data \u00e9 gerar conscientiza\u00e7\u00e3o sobre preven\u00e7\u00e3o, melhoria da autoestima e bem-estar geral. V\u00e1rios problemas de sa\u00fade se iniciam ou se manifestam na boca, e o cuidado \u00e9 fundamental. Cuidar do sorriso \u00e9 cuidar da sa\u00fade\u201d, refor\u00e7a.<\/p>\n<p>Entre as doen\u00e7as que podem ser prevenidas com bons h\u00e1bitos de higiene bucal, Andr\u00e9 cita as mais conhecidas, como gengivite, periodontite, halitose e at\u00e9 mesmo o c\u00e2ncer de boca. Mas ele alerta que os impactos v\u00e3o al\u00e9m da cavidade oral. \u201cA falta de cuidado pode contribuir para doen\u00e7as graves, como a endocardite bacteriana, quando bact\u00e9rias da boca chegam ao cora\u00e7\u00e3o. H\u00e1 tamb\u00e9m risco aumentado de complica\u00e7\u00f5es na gravidez e at\u00e9 poss\u00edveis rela\u00e7\u00f5es com artrite reumatoide e Alzheimer\u201d, explica.<\/p>\n<p>Outro problema que tem se tornado cada vez mais comum nos consult\u00f3rios \u00e9 o bruxismo, que segundo o dentista, est\u00e1 diretamente ligado ao estresse da vida moderna. \u201cVivemos em um tempo muito acelerado, com cobran\u00e7as e preocupa\u00e7\u00f5es constantes. O bruxismo pode come\u00e7ar de forma silenciosa, durante o sono, e trazer dores de cabe\u00e7a, tens\u00e3o no pesco\u00e7o, estalos na mand\u00edbula e at\u00e9 fraturas nos dentes. Al\u00e9m disso, conseguindo identificar precocemente, podemos evitar consequ\u00eancias graves, muitas vezes irrevers\u00edveis\u201d, relata. Ele destaca a import\u00e2ncia de buscar avalia\u00e7\u00e3o profissional para o diagn\u00f3stico precoce, al\u00e9m de adotar cuidados simples, como manter uma boa higiene do sono, evitar telas antes de dormir e reduzir o consumo de cafe\u00edna e \u00e1lcool.<\/p>\n<p>O COI \u00e9 um dos grandes aliados na preven\u00e7\u00e3o e no tratamento desses problemas. Em 44 anos de atua\u00e7\u00e3o, o Centro de Odontologia se consolidou como refer\u00eancia em sa\u00fade bucal em Minas Gerais, oferecendo atendimento de excel\u00eancia, tecnologia de ponta e uma equipe altamente qualificada. Com unidades no bairro Horto e Cana\u00e3, em Ipatinga, o COI foi a primeira institui\u00e7\u00e3o odontol\u00f3gica do estado a conquistar a certifica\u00e7\u00e3o ISO 9001:2008, reconhecendo sua gest\u00e3o de qualidade.<\/p>\n<p>Com 12 especialidades odontol\u00f3gicas, 44 unidades de atendimento, um moderno laborat\u00f3rio de pr\u00f3tese e uma Central de Materiais e Esteriliza\u00e7\u00e3o, o COI realizou, apenas em 2024, mais de 415 mil procedimentos. O time \u00e9 formado por 66 cirurgi\u00f5es-dentistas, 29 t\u00e9cnicos em sa\u00fade bucal, 68 auxiliares de sa\u00fade bucal e profissionais de radiologia e pr\u00f3tese. \u201cOferecemos o que h\u00e1 de mais moderno em diagn\u00f3stico e tratamento, com um olhar humanizado para cada paciente\u201d, destaca Andr\u00e9.<\/p>\n<p>Aberto de segunda a sexta-feira, das 7h \u00e0s 22h, e aos s\u00e1bados, das 7h \u00e0s 13h, o COI atende conv\u00eanios e pacientes particulares, sempre com o compromisso de promover sa\u00fade e confian\u00e7a atrav\u00e9s do sorriso.<\/p>\n<p>Para Andr\u00e9, a principal mensagem que o Dia Nacional da Sa\u00fade Bucal deixa \u00e9 de que o cuidado precisa ser constante. \u201cA preven\u00e7\u00e3o vai al\u00e9m do sorriso, ela envolve a sa\u00fade geral. Investir na sa\u00fade bucal \u00e9 investir em voc\u00ea. Pequenos cuidados di\u00e1rios e visitas regulares ao dentista fazem toda a diferen\u00e7a para garantir um futuro com mais sa\u00fade, autoestima e qualidade de vida\u201d, conclui.<\/p>\n","protected":false},"excerpt":{"rendered":"<p>Cuidar do sorriso \u00e9 cuidar da sa\u00fade como um todo. \u00c9 com essa mensagem que o Centro de Odontologia Integrada (COI), administrado pela Funda\u00e7\u00e3o S\u00e3o Francisco Xavier (FSFX), celebra tr\u00eas momentos especiais: o Dia Nacional da Sa\u00fade Bucal e o Dia do Dentista, comemorado em 25 de outubro, e o anivers\u00e1rio de 44 anos do [&hellip;]<\/p>\n","protected":false},"author":6,"featured_media":8020,"comment_status":"closed","ping_status":"closed","sticky":false,"template":"","format":"standard","meta":{"_acf_changed":false,"site-sidebar-layout":"default","site-content-layout":"","ast-site-content-layout":"default","site-content-style":"default","site-sidebar-style":"default","ast-global-header-display":"","ast-banner-title-visibility":"","ast-main-header-display":"","ast-hfb-above-header-display":"","ast-hfb-below-header-display":"","ast-hfb-mobile-header-display":"","site-post-title":"","ast-breadcrumbs-content":"","ast-featured-img":"","footer-sml-layout":"","theme-transparent-header-meta":"","adv-header-id-meta":"","stick-header-meta":"","header-above-stick-meta":"","header-main-stick-meta":"","header-below-stick-meta":"","astra-migrate-meta-layouts":"default","ast-page-background-enabled":"default","ast-page-background-meta":{"desktop":{"background-color":"var(--ast-global-color-4)","background-image":"","background-repeat":"repeat","background-position":"center center","background-size":"auto","background-attachment":"scroll","background-type":"","background-media":"","overlay-type":"","overlay-color":"","overlay-opacity":"","overlay-gradient":""},"tablet":{"background-color":"","background-image":"","background-repeat":"repeat","background-position":"center center","background-size":"auto","background-attachment":"scroll","background-type":"","background-media":"","overlay-type":"","overlay-color":"","overlay-opacity":"","overlay-gradient":""},"mobile":{"background-color":"","background-image":"","background-repeat":"repeat","background-position":"center center","background-size":"auto","background-attachment":"scroll","background-type":"","background-media":"","overlay-type":"","overlay-color":"","overlay-opacity":"","overlay-gradient":""}},"ast-content-background-meta":{"desktop":{"background-color":"var(--ast-global-color-5)","background-image":"","background-repeat":"repeat","background-position":"center center","background-size":"auto","background-attachment":"scroll","background-type":"","background-media":"","overlay-type":"","overlay-color":"","overlay-opacity":"","overlay-gradient":""},"tablet":{"background-color":"var(--ast-global-color-5)","background-image":"","background-repeat":"repeat","background-position":"center center","background-size":"auto","background-attachment":"scroll","background-type":"","background-media":"","overlay-type":"","overlay-color":"","overlay-opacity":"","overlay-gradient":""},"mobile":{"background-color":"var(--ast-global-color-5)","background-image":"","background-repeat":"repeat","background-position":"center center","background-size":"auto","background-attachment":"scroll","background-type":"","background-media":"","overlay-type":"","overlay-color":"","overlay-opacity":"","overlay-gradient":""}},"footnotes":""},"categories":[17],"tags":[],"class_list":["post-8019","post","type-post","status-publish","format-standard","has-post-thumbnail","hentry","category-saude-bucal"],"acf":[],"yoast_head":"<!-- This site is optimized with the Yoast SEO plugin v26.9 - https:\/\/yoast.com\/product\/yoast-seo-wordpress\/ -->\n<title>COI celebra 44 anos de hist\u00f3ria e refor\u00e7a a import\u00e2ncia dos cuidados com a sa\u00fade bucal no Dia Nacional da Sa\u00fade Bucal - Centro de Odontologia Integrada<\/title>\n<meta name=\"robots\" content=\"index, follow, max-snippet:-1, max-image-preview:large, max-video-preview:-1\" \/>\n<link rel=\"canonical\" href=\"https:\/\/www.fsfx.com.br\/coi\/coi-celebra-44-anos-de-historia-e-reforca-a-importancia-dos-cuidados-com-a-saude-bucal-no-dia-nacional-da-saude-bucal\/\" \/>\n<meta property=\"og:locale\" content=\"pt_BR\" \/>\n<meta property=\"og:type\" content=\"article\" \/>\n<meta property=\"og:title\" content=\"COI celebra 44 anos de hist\u00f3ria e refor\u00e7a a import\u00e2ncia dos cuidados com a sa\u00fade bucal no Dia Nacional da Sa\u00fade Bucal - Centro de Odontologia Integrada\" \/>\n<meta property=\"og:description\" content=\"Cuidar do sorriso \u00e9 cuidar da sa\u00fade como um todo. \u00c9 com essa mensagem que o Centro de Odontologia Integrada (COI), administrado pela Funda\u00e7\u00e3o S\u00e3o Francisco Xavier (FSFX), celebra tr\u00eas momentos especiais: o Dia Nacional da Sa\u00fade Bucal e o Dia do Dentista, comemorado em 25 de outubro, e o anivers\u00e1rio de 44 anos do [&hellip;]\" \/>\n<meta property=\"og:url\" content=\"https:\/\/www.fsfx.com.br\/coi\/coi-celebra-44-anos-de-historia-e-reforca-a-importancia-dos-cuidados-com-a-saude-bucal-no-dia-nacional-da-saude-bucal\/\" \/>\n<meta property=\"og:site_name\" content=\"Centro de Odontologia Integrada\" \/>\n<meta property=\"article:published_time\" content=\"2025-10-24T20:24:07+00:00\" \/>\n<meta property=\"og:image\" content=\"https:\/\/www.fsfx.com.br\/coi\/wp-content\/uploads\/sites\/4\/2025\/10\/Andre-Mafra.jpg\" \/>\n\t<meta property=\"og:image:width\" content=\"1920\" \/>\n\t<meta property=\"og:image:height\" content=\"1280\" \/>\n\t<meta property=\"og:image:type\" content=\"image\/jpeg\" \/>\n<meta name=\"author\" content=\"C\u00e1ssio Santana\" \/>\n<meta name=\"twitter:card\" content=\"summary_large_image\" \/>\n<meta name=\"twitter:label1\" content=\"Escrito por\" \/>\n\t<meta name=\"twitter:data1\" content=\"C\u00e1ssio Santana\" \/>\n\t<meta name=\"twitter:label2\" content=\"Est. tempo de leitura\" \/>\n\t<meta name=\"twitter:data2\" content=\"4 minutos\" \/>\n<script type=\"application\/ld+json\" class=\"yoast-schema-graph\">{\"@context\":\"https:\/\/schema.org\",\"@graph\":[{\"@type\":\"Article\",\"@id\":\"https:\/\/www.fsfx.com.br\/coi\/coi-celebra-44-anos-de-historia-e-reforca-a-importancia-dos-cuidados-com-a-saude-bucal-no-dia-nacional-da-saude-bucal\/#article\",\"isPartOf\":{\"@id\":\"https:\/\/www.fsfx.com.br\/coi\/coi-celebra-44-anos-de-historia-e-reforca-a-importancia-dos-cuidados-com-a-saude-bucal-no-dia-nacional-da-saude-bucal\/\"},\"author\":{\"name\":\"C\u00e1ssio Santana\",\"@id\":\"https:\/\/www.fsfx.com.br\/coi\/#\/schema\/person\/6bf2cced2b7a5d5d78f5610fc8f52504\"},\"headline\":\"COI celebra 44 anos de hist\u00f3ria e refor\u00e7a a import\u00e2ncia dos cuidados com a sa\u00fade bucal no Dia Nacional da Sa\u00fade Bucal\",\"datePublished\":\"2025-10-24T20:24:07+00:00\",\"mainEntityOfPage\":{\"@id\":\"https:\/\/www.fsfx.com.br\/coi\/coi-celebra-44-anos-de-historia-e-reforca-a-importancia-dos-cuidados-com-a-saude-bucal-no-dia-nacional-da-saude-bucal\/\"},\"wordCount\":674,\"publisher\":{\"@id\":\"https:\/\/www.fsfx.com.br\/coi\/#organization\"},\"image\":{\"@id\":\"https:\/\/www.fsfx.com.br\/coi\/coi-celebra-44-anos-de-historia-e-reforca-a-importancia-dos-cuidados-com-a-saude-bucal-no-dia-nacional-da-saude-bucal\/#primaryimage\"},\"thumbnailUrl\":\"https:\/\/www.fsfx.com.br\/coi\/wp-content\/uploads\/sites\/4\/2025\/10\/Andre-Mafra.jpg\",\"articleSection\":[\"Sa\u00fade Bucal\"],\"inLanguage\":\"pt-BR\"},{\"@type\":\"WebPage\",\"@id\":\"https:\/\/www.fsfx.com.br\/coi\/coi-celebra-44-anos-de-historia-e-reforca-a-importancia-dos-cuidados-com-a-saude-bucal-no-dia-nacional-da-saude-bucal\/\",\"url\":\"https:\/\/www.fsfx.com.br\/coi\/coi-celebra-44-anos-de-historia-e-reforca-a-importancia-dos-cuidados-com-a-saude-bucal-no-dia-nacional-da-saude-bucal\/\",\"name\":\"COI celebra 44 anos de hist\u00f3ria e refor\u00e7a a import\u00e2ncia dos cuidados com a sa\u00fade bucal no Dia Nacional da Sa\u00fade Bucal - Centro de Odontologia Integrada\",\"isPartOf\":{\"@id\":\"https:\/\/www.fsfx.com.br\/coi\/#website\"},\"primaryImageOfPage\":{\"@id\":\"https:\/\/www.fsfx.com.br\/coi\/coi-celebra-44-anos-de-historia-e-reforca-a-importancia-dos-cuidados-com-a-saude-bucal-no-dia-nacional-da-saude-bucal\/#primaryimage\"},\"image\":{\"@id\":\"https:\/\/www.fsfx.com.br\/coi\/coi-celebra-44-anos-de-historia-e-reforca-a-importancia-dos-cuidados-com-a-saude-bucal-no-dia-nacional-da-saude-bucal\/#primaryimage\"},\"thumbnailUrl\":\"https:\/\/www.fsfx.com.br\/coi\/wp-content\/uploads\/sites\/4\/2025\/10\/Andre-Mafra.jpg\",\"datePublished\":\"2025-10-24T20:24:07+00:00\",\"breadcrumb\":{\"@id\":\"https:\/\/www.fsfx.com.br\/coi\/coi-celebra-44-anos-de-historia-e-reforca-a-importancia-dos-cuidados-com-a-saude-bucal-no-dia-nacional-da-saude-bucal\/#breadcrumb\"},\"inLanguage\":\"pt-BR\",\"potentialAction\":[{\"@type\":\"ReadAction\",\"target\":[\"https:\/\/www.fsfx.com.br\/coi\/coi-celebra-44-anos-de-historia-e-reforca-a-importancia-dos-cuidados-com-a-saude-bucal-no-dia-nacional-da-saude-bucal\/\"]}]},{\"@type\":\"ImageObject\",\"inLanguage\":\"pt-BR\",\"@id\":\"https:\/\/www.fsfx.com.br\/coi\/coi-celebra-44-anos-de-historia-e-reforca-a-importancia-dos-cuidados-com-a-saude-bucal-no-dia-nacional-da-saude-bucal\/#primaryimage\",\"url\":\"https:\/\/www.fsfx.com.br\/coi\/wp-content\/uploads\/sites\/4\/2025\/10\/Andre-Mafra.jpg\",\"contentUrl\":\"https:\/\/www.fsfx.com.br\/coi\/wp-content\/uploads\/sites\/4\/2025\/10\/Andre-Mafra.jpg\",\"width\":1920,\"height\":1280},{\"@type\":\"BreadcrumbList\",\"@id\":\"https:\/\/www.fsfx.com.br\/coi\/coi-celebra-44-anos-de-historia-e-reforca-a-importancia-dos-cuidados-com-a-saude-bucal-no-dia-nacional-da-saude-bucal\/#breadcrumb\",\"itemListElement\":[{\"@type\":\"ListItem\",\"position\":1,\"name\":\"In\u00edcio\",\"item\":\"https:\/\/www.fsfx.com.br\/coi\/\"},{\"@type\":\"ListItem\",\"position\":2,\"name\":\"COI celebra 44 anos de hist\u00f3ria e refor\u00e7a a import\u00e2ncia dos cuidados com a sa\u00fade bucal no Dia Nacional da Sa\u00fade Bucal\"}]},{\"@type\":\"WebSite\",\"@id\":\"https:\/\/www.fsfx.com.br\/coi\/#website\",\"url\":\"https:\/\/www.fsfx.com.br\/coi\/\",\"name\":\"Centro de Odontologia Integrada\",\"description\":\"O COI realiza procedimentos para melhoria da sua sa\u00fade bucal desde os mais simples, como a profilaxia (limpeza) bucal, at\u00e9 procedimentos mais completos, como tratamento dos dist\u00farbios do sono, tratamento em implantodontia, reabilita\u00e7\u00e3o oral e ortodontia.\",\"publisher\":{\"@id\":\"https:\/\/www.fsfx.com.br\/coi\/#organization\"},\"potentialAction\":[{\"@type\":\"SearchAction\",\"target\":{\"@type\":\"EntryPoint\",\"urlTemplate\":\"https:\/\/www.fsfx.com.br\/coi\/?s={search_term_string}\"},\"query-input\":{\"@type\":\"PropertyValueSpecification\",\"valueRequired\":true,\"valueName\":\"search_term_string\"}}],\"inLanguage\":\"pt-BR\"},{\"@type\":\"Organization\",\"@id\":\"https:\/\/www.fsfx.com.br\/coi\/#organization\",\"name\":\"COI - Centro de Odontologia Integrada\",\"url\":\"https:\/\/www.fsfx.com.br\/coi\/\",\"logo\":{\"@type\":\"ImageObject\",\"inLanguage\":\"pt-BR\",\"@id\":\"https:\/\/www.fsfx.com.br\/coi\/#\/schema\/logo\/image\/\",\"url\":\"https:\/\/www.fsfx.com.br\/coi\/wp-content\/uploads\/sites\/4\/2022\/03\/logo-2.png\",\"contentUrl\":\"https:\/\/www.fsfx.com.br\/coi\/wp-content\/uploads\/sites\/4\/2022\/03\/logo-2.png\",\"width\":218,\"height\":57,\"caption\":\"COI - Centro de Odontologia Integrada\"},\"image\":{\"@id\":\"https:\/\/www.fsfx.com.br\/coi\/#\/schema\/logo\/image\/\"}},{\"@type\":\"Person\",\"@id\":\"https:\/\/www.fsfx.com.br\/coi\/#\/schema\/person\/6bf2cced2b7a5d5d78f5610fc8f52504\",\"name\":\"C\u00e1ssio Santana\",\"image\":{\"@type\":\"ImageObject\",\"inLanguage\":\"pt-BR\",\"@id\":\"https:\/\/www.fsfx.com.br\/coi\/#\/schema\/person\/image\/\",\"url\":\"https:\/\/secure.gravatar.com\/avatar\/ef79739de3edd2f5c2e7c4930b0808c62af99fc5520eaadc7899948f8bc6d2e1?s=96&d=mm&r=g\",\"contentUrl\":\"https:\/\/secure.gravatar.com\/avatar\/ef79739de3edd2f5c2e7c4930b0808c62af99fc5520eaadc7899948f8bc6d2e1?s=96&d=mm&r=g\",\"caption\":\"C\u00e1ssio Santana\"},\"url\":\"https:\/\/www.fsfx.com.br\/coi\/author\/cassio\/\"}]}<\/script>\n<!-- \/ Yoast SEO plugin. -->","yoast_head_json":{"title":"COI celebra 44 anos de hist\u00f3ria e refor\u00e7a a import\u00e2ncia dos cuidados com a sa\u00fade bucal no Dia Nacional da Sa\u00fade Bucal - Centro de Odontologia Integrada","robots":{"index":"index","follow":"follow","max-snippet":"max-snippet:-1","max-image-preview":"max-image-preview:large","max-video-preview":"max-video-preview:-1"},"canonical":"https:\/\/www.fsfx.com.br\/coi\/coi-celebra-44-anos-de-historia-e-reforca-a-importancia-dos-cuidados-com-a-saude-bucal-no-dia-nacional-da-saude-bucal\/","og_locale":"pt_BR","og_type":"article","og_title":"COI celebra 44 anos de hist\u00f3ria e refor\u00e7a a import\u00e2ncia dos cuidados com a sa\u00fade bucal no Dia Nacional da Sa\u00fade Bucal - Centro de Odontologia Integrada","og_description":"Cuidar do sorriso \u00e9 cuidar da sa\u00fade como um todo. \u00c9 com essa mensagem que o Centro de Odontologia Integrada (COI), administrado pela Funda\u00e7\u00e3o S\u00e3o Francisco Xavier (FSFX), celebra tr\u00eas momentos especiais: o Dia Nacional da Sa\u00fade Bucal e o Dia do Dentista, comemorado em 25 de outubro, e o anivers\u00e1rio de 44 anos do [&hellip;]","og_url":"https:\/\/www.fsfx.com.br\/coi\/coi-celebra-44-anos-de-historia-e-reforca-a-importancia-dos-cuidados-com-a-saude-bucal-no-dia-nacional-da-saude-bucal\/","og_site_name":"Centro de Odontologia Integrada","article_published_time":"2025-10-24T20:24:07+00:00","og_image":[{"width":1920,"height":1280,"url":"https:\/\/www.fsfx.com.br\/coi\/wp-content\/uploads\/sites\/4\/2025\/10\/Andre-Mafra.jpg","type":"image\/jpeg"}],"author":"C\u00e1ssio Santana","twitter_card":"summary_large_image","twitter_misc":{"Escrito por":"C\u00e1ssio Santana","Est. tempo de leitura":"4 minutos"},"schema":{"@context":"https:\/\/schema.org","@graph":[{"@type":"Article","@id":"https:\/\/www.fsfx.com.br\/coi\/coi-celebra-44-anos-de-historia-e-reforca-a-importancia-dos-cuidados-com-a-saude-bucal-no-dia-nacional-da-saude-bucal\/#article","isPartOf":{"@id":"https:\/\/www.fsfx.com.br\/coi\/coi-celebra-44-anos-de-historia-e-reforca-a-importancia-dos-cuidados-com-a-saude-bucal-no-dia-nacional-da-saude-bucal\/"},"author":{"name":"C\u00e1ssio Santana","@id":"https:\/\/www.fsfx.com.br\/coi\/#\/schema\/person\/6bf2cced2b7a5d5d78f5610fc8f52504"},"headline":"COI celebra 44 anos de hist\u00f3ria e refor\u00e7a a import\u00e2ncia dos cuidados com a sa\u00fade bucal no Dia Nacional da Sa\u00fade Bucal","datePublished":"2025-10-24T20:24:07+00:00","mainEntityOfPage":{"@id":"https:\/\/www.fsfx.com.br\/coi\/coi-celebra-44-anos-de-historia-e-reforca-a-importancia-dos-cuidados-com-a-saude-bucal-no-dia-nacional-da-saude-bucal\/"},"wordCount":674,"publisher":{"@id":"https:\/\/www.fsfx.com.br\/coi\/#organization"},"image":{"@id":"https:\/\/www.fsfx.com.br\/coi\/coi-celebra-44-anos-de-historia-e-reforca-a-importancia-dos-cuidados-com-a-saude-bucal-no-dia-nacional-da-saude-bucal\/#primaryimage"},"thumbnailUrl":"https:\/\/www.fsfx.com.br\/coi\/wp-content\/uploads\/sites\/4\/2025\/10\/Andre-Mafra.jpg","articleSection":["Sa\u00fade Bucal"],"inLanguage":"pt-BR"},{"@type":"WebPage","@id":"https:\/\/www.fsfx.com.br\/coi\/coi-celebra-44-anos-de-historia-e-reforca-a-importancia-dos-cuidados-com-a-saude-bucal-no-dia-nacional-da-saude-bucal\/","url":"https:\/\/www.fsfx.com.br\/coi\/coi-celebra-44-anos-de-historia-e-reforca-a-importancia-dos-cuidados-com-a-saude-bucal-no-dia-nacional-da-saude-bucal\/","name":"COI celebra 44 anos de hist\u00f3ria e refor\u00e7a a import\u00e2ncia dos cuidados com a sa\u00fade bucal no Dia Nacional da Sa\u00fade Bucal - Centro de Odontologia Integrada","isPartOf":{"@id":"https:\/\/www.fsfx.com.br\/coi\/#website"},"primaryImageOfPage":{"@id":"https:\/\/www.fsfx.com.br\/coi\/coi-celebra-44-anos-de-historia-e-reforca-a-importancia-dos-cuidados-com-a-saude-bucal-no-dia-nacional-da-saude-bucal\/#primaryimage"},"image":{"@id":"https:\/\/www.fsfx.com.br\/coi\/coi-celebra-44-anos-de-historia-e-reforca-a-importancia-dos-cuidados-com-a-saude-bucal-no-dia-nacional-da-saude-bucal\/#primaryimage"},"thumbnailUrl":"https:\/\/www.fsfx.com.br\/coi\/wp-content\/uploads\/sites\/4\/2025\/10\/Andre-Mafra.jpg","datePublished":"2025-10-24T20:24:07+00:00","breadcrumb":{"@id":"https:\/\/www.fsfx.com.br\/coi\/coi-celebra-44-anos-de-historia-e-reforca-a-importancia-dos-cuidados-com-a-saude-bucal-no-dia-nacional-da-saude-bucal\/#breadcrumb"},"inLanguage":"pt-BR","potentialAction":[{"@type":"ReadAction","target":["https:\/\/www.fsfx.com.br\/coi\/coi-celebra-44-anos-de-historia-e-reforca-a-importancia-dos-cuidados-com-a-saude-bucal-no-dia-nacional-da-saude-bucal\/"]}]},{"@type":"ImageObject","inLanguage":"pt-BR","@id":"https:\/\/www.fsfx.com.br\/coi\/coi-celebra-44-anos-de-historia-e-reforca-a-importancia-dos-cuidados-com-a-saude-bucal-no-dia-nacional-da-saude-bucal\/#primaryimage","url":"https:\/\/www.fsfx.com.br\/coi\/wp-content\/uploads\/sites\/4\/2025\/10\/Andre-Mafra.jpg","contentUrl":"https:\/\/www.fsfx.com.br\/coi\/wp-content\/uploads\/sites\/4\/2025\/10\/Andre-Mafra.jpg","width":1920,"height":1280},{"@type":"BreadcrumbList","@id":"https:\/\/www.fsfx.com.br\/coi\/coi-celebra-44-anos-de-historia-e-reforca-a-importancia-dos-cuidados-com-a-saude-bucal-no-dia-nacional-da-saude-bucal\/#breadcrumb","itemListElement":[{"@type":"ListItem","position":1,"name":"In\u00edcio","item":"https:\/\/www.fsfx.com.br\/coi\/"},{"@type":"ListItem","position":2,"name":"COI celebra 44 anos de hist\u00f3ria e refor\u00e7a a import\u00e2ncia dos cuidados com a sa\u00fade bucal no Dia Nacional da Sa\u00fade Bucal"}]},{"@type":"WebSite","@id":"https:\/\/www.fsfx.com.br\/coi\/#website","url":"https:\/\/www.fsfx.com.br\/coi\/","name":"Centro de Odontologia Integrada","description":"O COI realiza procedimentos para melhoria da sua sa\u00fade bucal desde os mais simples, como a profilaxia (limpeza) bucal, at\u00e9 procedimentos mais completos, como tratamento dos dist\u00farbios do sono, tratamento em implantodontia, reabilita\u00e7\u00e3o oral e ortodontia.","publisher":{"@id":"https:\/\/www.fsfx.com.br\/coi\/#organization"},"potentialAction":[{"@type":"SearchAction","target":{"@type":"EntryPoint","urlTemplate":"https:\/\/www.fsfx.com.br\/coi\/?s={search_term_string}"},"query-input":{"@type":"PropertyValueSpecification","valueRequired":true,"valueName":"search_term_string"}}],"inLanguage":"pt-BR"},{"@type":"Organization","@id":"https:\/\/www.fsfx.com.br\/coi\/#organization","name":"COI - Centro de Odontologia Integrada","url":"https:\/\/www.fsfx.com.br\/coi\/","logo":{"@type":"ImageObject","inLanguage":"pt-BR","@id":"https:\/\/www.fsfx.com.br\/coi\/#\/schema\/logo\/image\/","url":"https:\/\/www.fsfx.com.br\/coi\/wp-content\/uploads\/sites\/4\/2022\/03\/logo-2.png","contentUrl":"https:\/\/www.fsfx.com.br\/coi\/wp-content\/uploads\/sites\/4\/2022\/03\/logo-2.png","width":218,"height":57,"caption":"COI - Centro de Odontologia Integrada"},"image":{"@id":"https:\/\/www.fsfx.com.br\/coi\/#\/schema\/logo\/image\/"}},{"@type":"Person","@id":"https:\/\/www.fsfx.com.br\/coi\/#\/schema\/person\/6bf2cced2b7a5d5d78f5610fc8f52504","name":"C\u00e1ssio Santana","image":{"@type":"ImageObject","inLanguage":"pt-BR","@id":"https:\/\/www.fsfx.com.br\/coi\/#\/schema\/person\/image\/","url":"https:\/\/secure.gravatar.com\/avatar\/ef79739de3edd2f5c2e7c4930b0808c62af99fc5520eaadc7899948f8bc6d2e1?s=96&d=mm&r=g","contentUrl":"https:\/\/secure.gravatar.com\/avatar\/ef79739de3edd2f5c2e7c4930b0808c62af99fc5520eaadc7899948f8bc6d2e1?s=96&d=mm&r=g","caption":"C\u00e1ssio Santana"},"url":"https:\/\/www.fsfx.com.br\/coi\/author\/cassio\/"}]}},"_links":{"self":[{"href":"https:\/\/www.fsfx.com.br\/coi\/wp-json\/wp\/v2\/posts\/8019","targetHints":{"allow":["GET"]}}],"collection":[{"href":"https:\/\/www.fsfx.com.br\/coi\/wp-json\/wp\/v2\/posts"}],"about":[{"href":"https:\/\/www.fsfx.com.br\/coi\/wp-json\/wp\/v2\/types\/post"}],"author":[{"embeddable":true,"href":"https:\/\/www.fsfx.com.br\/coi\/wp-json\/wp\/v2\/users\/6"}],"replies":[{"embeddable":true,"href":"https:\/\/www.fsfx.com.br\/coi\/wp-json\/wp\/v2\/comments?post=8019"}],"version-history":[{"count":1,"href":"https:\/\/www.fsfx.com.br\/coi\/wp-json\/wp\/v2\/posts\/8019\/revisions"}],"predecessor-version":[{"id":8021,"href":"https:\/\/www.fsfx.com.br\/coi\/wp-json\/wp\/v2\/posts\/8019\/revisions\/8021"}],"wp:featuredmedia":[{"embeddable":true,"href":"https:\/\/www.fsfx.com.br\/coi\/wp-json\/wp\/v2\/media\/8020"}],"wp:attachment":[{"href":"https:\/\/www.fsfx.com.br\/coi\/wp-json\/wp\/v2\/media?parent=8019"}],"wp:term":[{"taxonomy":"category","embeddable":true,"href":"https:\/\/www.fsfx.com.br\/coi\/wp-json\/wp\/v2\/categories?post=8019"},{"taxonomy":"post_tag","embeddable":true,"href":"https:\/\/www.fsfx.com.br\/coi\/wp-json\/wp\/v2\/tags?post=8019"}],"curies":[{"name":"wp","href":"https:\/\/api.w.org\/{rel}","templated":true}]}}