{"id":1489,"date":"2020-05-14T18:13:11","date_gmt":"2020-05-14T21:13:11","guid":{"rendered":"http:\/\/fsfx.com.br\/\/csfx\/2020\/05\/14\/pastoral-da-saude-do-vale-do-aco-acolhe-os-pacientes-do-hmc-ha-mais-de-tres-decadas\/"},"modified":"2020-05-14T18:13:11","modified_gmt":"2020-05-14T21:13:11","slug":"pastoral-da-saude-do-vale-do-aco-acolhe-os-pacientes-do-hmc-ha-mais-de-tres-decadas","status":"publish","type":"post","link":"https:\/\/www.fsfx.com.br\/colegio-sao-francisco\/pastoral-da-saude-do-vale-do-aco-acolhe-os-pacientes-do-hmc-ha-mais-de-tres-decadas\/","title":{"rendered":"Pastoral da Sa\u00fade do Vale do A\u00e7o acolhe  os pacientes do HMC h\u00e1 mais de tr\u00eas d\u00e9cadas"},"content":{"rendered":"<p>Conscientes da import\u00e2ncia de oferecer um cuidado humanizado e de fomentar o acolhimento e o apoio no momento da interna\u00e7\u00e3o, a Funda\u00e7\u00e3o S\u00e3o Francisco Xavier (FSFX) e o Hospital M\u00e1rcio Cunha (HMC) mant\u00e9m uma longa, e importante, parceria com o grupo de volunt\u00e1rios da Pastoral da Sa\u00fade do Vale do A\u00e7o. Atuando h\u00e1 35 anos nas depend\u00eancias do hospital, o grupo, que conta com cerca de 200 volunt\u00e1rios, dedica parte do seu tempo a visitar e prestar aux\u00edlio aos pacientes internados no HMC.<\/p>\n<p>O grupo atua em diversas \u00e1reas dentro da Institui\u00e7\u00e3o. Na maternidade, por exemplo, os volunt\u00e1rios acompanham \u00e0s futuras mam\u00e3es e ensinam tric\u00f4, croch\u00ea e bordado. J\u00e1 durante o parto, as doulas da Pastoral da Sa\u00fade d\u00e3o suporte f\u00edsico e emocional \u00e0s mulheres antes, durante e ap\u00f3s o parto. Na pediatria, o grupo realiza atividades de leitura e pintura com as crian\u00e7as internadas. A equipe tamb\u00e9m realiza trabalhos no Centro de Terapia Renal Substitutiva (CTRS), na Unidade de Oncologia Adulto e Pedi\u00e1trica e na Unidade de Cuidados Paliativos.<\/p>\n<p>Antes de participar do grupo, todos os volunt\u00e1rios passam por um treinamento ministrado por profissionais do Hospital M\u00e1rcio Cunha, como a equipe do Servi\u00e7o Social e do Controle de Infec\u00e7\u00e3o Hospitalar. \u0093Os membros da pastoral s\u00e3o pessoas, na grande maioria com muita experi\u00eancia de vida, que doam parte do seu tempo para auxiliar o pr\u00f3ximo. A equipe do Servi\u00e7o Social \u00e9 respons\u00e1vel por acompanhar essas atividades dentro do hospital. Buscamos trabalhar o perfil desses volunt\u00e1rios e refor\u00e7ar suas atribui\u00e7\u00f5es e responsabilidades, al\u00e9m disso, \u00e9 por meio de reuni\u00f5es, semin\u00e1rios e conversas com os membros que conseguimos perceber como essa atividade \u00e9 ben\u00e9fica n\u00e3o s\u00f3 para os pacientes, mas tamb\u00e9m para aqueles que buscam trazer alegria e conforto aos outros\u0094, revela Maria In\u00eas Romano Teixeira, supervisora da Assist\u00eancia Multidisciplinar do HMC.<\/p>\n<p>Cosme Carvalho Silva \u00e9 um dos volunt\u00e1rios da pastoral que atua no HMC. H\u00e1 quatro anos, ele integra o grupo \u0093Expresso Gra\u00e7a\u0094 e conta como \u00e9 gratificante perceber o poder que as visitas t\u00eam na vida dos pacientes.&nbsp;\u0093Essas intera\u00e7\u00f5es feitas pela pastoral servem como um momento de troca entre todos os envolvidos, tanto os volunt\u00e1rios quanto os pacientes. Eu procuro estar regulamente no HMC visitando n\u00e3o s\u00f3 os membros da minha comunidade, mas tamb\u00e9m aqueles que precisam de um apoio. Atuo com o Expresso Gra\u00e7a em Ipatinga e al\u00e9m dos trabalhos que realizamos, buscamos capacitar outras pessoas para o trabalho volunt\u00e1rio. Recebemos muitos depoimentos dos pr\u00f3prios pacientes ap\u00f3s as nossas intera\u00e7\u00f5es e conseguimos notar como essas visitas e conversas fazem uma grande diferen\u00e7a no momento em que essas pessoas est\u00e3o vivendo\u0094, conta o volunt\u00e1rio.<\/p>\n<p>Os volunt\u00e1rios da Pastoral da Sa\u00fade proporcionam ainda aos pacientes e acompanhantes do HMC momentos de religiosidade, apoio e reflex\u00e3o, respeitando a cren\u00e7a de cada um.&nbsp;O trabalho realizado pelo grupo contribui para incentivar a recupera\u00e7\u00e3o dos pacientes e incentiv\u00e1-los a retomarem as suas atividades.<\/p>\n<p>O trabalho do grupo de volunt\u00e1rios vai de encontro a um dos objetivos da Funda\u00e7\u00e3o, que \u00e9 proporcionar um atendimento humanizado e fazer com que os pacientes sintam-se bem, mesmo estando em um ambiente hospitalar. \u0093\u00c9 clara a import\u00e2ncia dessa parceria entre Funda\u00e7\u00e3o e o HMC com a Pastoral da Sa\u00fade do Vale do A\u00e7o.&nbsp;Apesar do paciente ter todo o suporte da equipe de assist\u00eancia, precisamos lembrar que durante o per\u00edodo de interna\u00e7\u00e3o ele est\u00e1 vivenciando um momento fr\u00e1gil e alguns encontram-se distantes de familiares e amigos. E, \u00e0s vezes, tudo o que ele precisa \u00e9 ser ouvido, o que ajuda no al\u00edvio das tens\u00f5es, a se acalmar e a aceitar o tratamento e o tempo em que ficar\u00e1 no hospital. O volunt\u00e1rio \u00e9 um parceiro importante da assist\u00eancia\u0094, conclui a superintendente do Hospital M\u00e1rcio Cunha, Thatiane Olivier Ticom.<\/p>\n","protected":false},"excerpt":{"rendered":"<p>Conscientes da import\u00e2ncia de oferecer um cuidado humanizado e de fomentar o acolhimento e o apoio no momento da interna\u00e7\u00e3o, a Funda\u00e7\u00e3o S\u00e3o Francisco Xavier (FSFX) e o Hospital M\u00e1rcio Cunha (HMC) mant\u00e9m uma longa, e importante, parceria com o grupo de volunt\u00e1rios da Pastoral da Sa\u00fade do Vale do A\u00e7o. Atuando h\u00e1 35 anos [&hellip;]<\/p>\n","protected":false},"author":2,"featured_media":0,"comment_status":"open","ping_status":"open","sticky":false,"template":"","format":"standard","meta":{"_acf_changed":false,"site-sidebar-layout":"default","site-content-layout":"","ast-site-content-layout":"default","site-content-style":"default","site-sidebar-style":"default","ast-global-header-display":"","ast-banner-title-visibility":"","ast-main-header-display":"","ast-hfb-above-header-display":"","ast-hfb-below-header-display":"","ast-hfb-mobile-header-display":"","site-post-title":"","ast-breadcrumbs-content":"","ast-featured-img":"","footer-sml-layout":"","theme-transparent-header-meta":"","adv-header-id-meta":"","stick-header-meta":"","header-above-stick-meta":"","header-main-stick-meta":"","header-below-stick-meta":"","astra-migrate-meta-layouts":"default","ast-page-background-enabled":"default","ast-page-background-meta":{"desktop":{"background-color":"var(--ast-global-color-4)","background-image":"","background-repeat":"repeat","background-position":"center center","background-size":"auto","background-attachment":"scroll","background-type":"","background-media":"","overlay-type":"","overlay-color":"","overlay-opacity":"","overlay-gradient":""},"tablet":{"background-color":"","background-image":"","background-repeat":"repeat","background-position":"center center","background-size":"auto","background-attachment":"scroll","background-type":"","background-media":"","overlay-type":"","overlay-color":"","overlay-opacity":"","overlay-gradient":""},"mobile":{"background-color":"","background-image":"","background-repeat":"repeat","background-position":"center center","background-size":"auto","background-attachment":"scroll","background-type":"","background-media":"","overlay-type":"","overlay-color":"","overlay-opacity":"","overlay-gradient":""}},"ast-content-background-meta":{"desktop":{"background-color":"var(--ast-global-color-5)","background-image":"","background-repeat":"repeat","background-position":"center center","background-size":"auto","background-attachment":"scroll","background-type":"","background-media":"","overlay-type":"","overlay-color":"","overlay-opacity":"","overlay-gradient":""},"tablet":{"background-color":"var(--ast-global-color-5)","background-image":"","background-repeat":"repeat","background-position":"center center","background-size":"auto","background-attachment":"scroll","background-type":"","background-media":"","overlay-type":"","overlay-color":"","overlay-opacity":"","overlay-gradient":""},"mobile":{"background-color":"var(--ast-global-color-5)","background-image":"","background-repeat":"repeat","background-position":"center center","background-size":"auto","background-attachment":"scroll","background-type":"","background-media":"","overlay-type":"","overlay-color":"","overlay-opacity":"","overlay-gradient":""}},"footnotes":""},"categories":[1],"tags":[],"class_list":["post-1489","post","type-post","status-publish","format-standard","hentry","category-sem-categoria"],"acf":[],"yoast_head":"<!-- This site is optimized with the Yoast SEO plugin v26.9 - https:\/\/yoast.com\/product\/yoast-seo-wordpress\/ -->\n<title>Pastoral da Sa\u00fade do Vale do A\u00e7o acolhe os pacientes do HMC h\u00e1 mais de tr\u00eas d\u00e9cadas - Col\u00e9gio S\u00e3o Francisco Xavier<\/title>\n<meta name=\"robots\" content=\"index, follow, max-snippet:-1, max-image-preview:large, max-video-preview:-1\" \/>\n<link rel=\"canonical\" href=\"https:\/\/www.fsfx.com.br\/colegio-sao-francisco\/pastoral-da-saude-do-vale-do-aco-acolhe-os-pacientes-do-hmc-ha-mais-de-tres-decadas\/\" \/>\n<meta property=\"og:locale\" content=\"pt_BR\" \/>\n<meta property=\"og:type\" content=\"article\" \/>\n<meta property=\"og:title\" content=\"Pastoral da Sa\u00fade do Vale do A\u00e7o acolhe os pacientes do HMC h\u00e1 mais de tr\u00eas d\u00e9cadas - Col\u00e9gio S\u00e3o Francisco Xavier\" \/>\n<meta property=\"og:description\" content=\"Conscientes da import\u00e2ncia de oferecer um cuidado humanizado e de fomentar o acolhimento e o apoio no momento da interna\u00e7\u00e3o, a Funda\u00e7\u00e3o S\u00e3o Francisco Xavier (FSFX) e o Hospital M\u00e1rcio Cunha (HMC) mant\u00e9m uma longa, e importante, parceria com o grupo de volunt\u00e1rios da Pastoral da Sa\u00fade do Vale do A\u00e7o. Atuando h\u00e1 35 anos [&hellip;]\" \/>\n<meta property=\"og:url\" content=\"https:\/\/www.fsfx.com.br\/colegio-sao-francisco\/pastoral-da-saude-do-vale-do-aco-acolhe-os-pacientes-do-hmc-ha-mais-de-tres-decadas\/\" \/>\n<meta property=\"og:site_name\" content=\"Col\u00e9gio S\u00e3o Francisco Xavier\" \/>\n<meta property=\"article:published_time\" content=\"2020-05-14T21:13:11+00:00\" \/>\n<meta name=\"author\" content=\"claudio\" \/>\n<meta name=\"twitter:card\" content=\"summary_large_image\" \/>\n<meta name=\"twitter:label1\" content=\"Escrito por\" \/>\n\t<meta name=\"twitter:data1\" content=\"claudio\" \/>\n\t<meta name=\"twitter:label2\" content=\"Est. tempo de leitura\" \/>\n\t<meta name=\"twitter:data2\" content=\"3 minutos\" \/>\n<script type=\"application\/ld+json\" class=\"yoast-schema-graph\">{\"@context\":\"https:\/\/schema.org\",\"@graph\":[{\"@type\":\"Article\",\"@id\":\"https:\/\/www.fsfx.com.br\/colegio-sao-francisco\/pastoral-da-saude-do-vale-do-aco-acolhe-os-pacientes-do-hmc-ha-mais-de-tres-decadas\/#article\",\"isPartOf\":{\"@id\":\"https:\/\/www.fsfx.com.br\/colegio-sao-francisco\/pastoral-da-saude-do-vale-do-aco-acolhe-os-pacientes-do-hmc-ha-mais-de-tres-decadas\/\"},\"author\":{\"name\":\"claudio\",\"@id\":\"https:\/\/www.fsfx.com.br\/colegio-sao-francisco\/#\/schema\/person\/7d2372fe1973398ab20a060bbb9a87d8\"},\"headline\":\"Pastoral da Sa\u00fade do Vale do A\u00e7o acolhe os pacientes do HMC h\u00e1 mais de tr\u00eas d\u00e9cadas\",\"datePublished\":\"2020-05-14T21:13:11+00:00\",\"mainEntityOfPage\":{\"@id\":\"https:\/\/www.fsfx.com.br\/colegio-sao-francisco\/pastoral-da-saude-do-vale-do-aco-acolhe-os-pacientes-do-hmc-ha-mais-de-tres-decadas\/\"},\"wordCount\":712,\"commentCount\":0,\"publisher\":{\"@id\":\"https:\/\/www.fsfx.com.br\/colegio-sao-francisco\/#organization\"},\"inLanguage\":\"pt-BR\",\"potentialAction\":[{\"@type\":\"CommentAction\",\"name\":\"Comment\",\"target\":[\"https:\/\/www.fsfx.com.br\/colegio-sao-francisco\/pastoral-da-saude-do-vale-do-aco-acolhe-os-pacientes-do-hmc-ha-mais-de-tres-decadas\/#respond\"]}]},{\"@type\":\"WebPage\",\"@id\":\"https:\/\/www.fsfx.com.br\/colegio-sao-francisco\/pastoral-da-saude-do-vale-do-aco-acolhe-os-pacientes-do-hmc-ha-mais-de-tres-decadas\/\",\"url\":\"https:\/\/www.fsfx.com.br\/colegio-sao-francisco\/pastoral-da-saude-do-vale-do-aco-acolhe-os-pacientes-do-hmc-ha-mais-de-tres-decadas\/\",\"name\":\"Pastoral da Sa\u00fade do Vale do A\u00e7o acolhe os pacientes do HMC h\u00e1 mais de tr\u00eas d\u00e9cadas - Col\u00e9gio S\u00e3o Francisco Xavier\",\"isPartOf\":{\"@id\":\"https:\/\/www.fsfx.com.br\/colegio-sao-francisco\/#website\"},\"datePublished\":\"2020-05-14T21:13:11+00:00\",\"breadcrumb\":{\"@id\":\"https:\/\/www.fsfx.com.br\/colegio-sao-francisco\/pastoral-da-saude-do-vale-do-aco-acolhe-os-pacientes-do-hmc-ha-mais-de-tres-decadas\/#breadcrumb\"},\"inLanguage\":\"pt-BR\",\"potentialAction\":[{\"@type\":\"ReadAction\",\"target\":[\"https:\/\/www.fsfx.com.br\/colegio-sao-francisco\/pastoral-da-saude-do-vale-do-aco-acolhe-os-pacientes-do-hmc-ha-mais-de-tres-decadas\/\"]}]},{\"@type\":\"BreadcrumbList\",\"@id\":\"https:\/\/www.fsfx.com.br\/colegio-sao-francisco\/pastoral-da-saude-do-vale-do-aco-acolhe-os-pacientes-do-hmc-ha-mais-de-tres-decadas\/#breadcrumb\",\"itemListElement\":[{\"@type\":\"ListItem\",\"position\":1,\"name\":\"In\u00edcio\",\"item\":\"https:\/\/www.fsfx.com.br\/colegio-sao-francisco\/\"},{\"@type\":\"ListItem\",\"position\":2,\"name\":\"Pastoral da Sa\u00fade do Vale do A\u00e7o acolhe os pacientes do HMC h\u00e1 mais de tr\u00eas d\u00e9cadas\"}]},{\"@type\":\"WebSite\",\"@id\":\"https:\/\/www.fsfx.com.br\/colegio-sao-francisco\/#website\",\"url\":\"https:\/\/www.fsfx.com.br\/colegio-sao-francisco\/\",\"name\":\"Col\u00e9gio S\u00e3o Francisco Xavier\",\"description\":\"\",\"publisher\":{\"@id\":\"https:\/\/www.fsfx.com.br\/colegio-sao-francisco\/#organization\"},\"potentialAction\":[{\"@type\":\"SearchAction\",\"target\":{\"@type\":\"EntryPoint\",\"urlTemplate\":\"https:\/\/www.fsfx.com.br\/colegio-sao-francisco\/?s={search_term_string}\"},\"query-input\":{\"@type\":\"PropertyValueSpecification\",\"valueRequired\":true,\"valueName\":\"search_term_string\"}}],\"inLanguage\":\"pt-BR\"},{\"@type\":\"Organization\",\"@id\":\"https:\/\/www.fsfx.com.br\/colegio-sao-francisco\/#organization\",\"name\":\"CSFX - Col\u00e9gio S\u00e3o Francisco Xavier\",\"url\":\"https:\/\/www.fsfx.com.br\/colegio-sao-francisco\/\",\"logo\":{\"@type\":\"ImageObject\",\"inLanguage\":\"pt-BR\",\"@id\":\"https:\/\/www.fsfx.com.br\/colegio-sao-francisco\/#\/schema\/logo\/image\/\",\"url\":\"https:\/\/www.fsfx.com.br\/colegio-sao-francisco\/wp-content\/uploads\/sites\/10\/2020\/02\/logo.png\",\"contentUrl\":\"https:\/\/www.fsfx.com.br\/colegio-sao-francisco\/wp-content\/uploads\/sites\/10\/2020\/02\/logo.png\",\"width\":175,\"height\":40,\"caption\":\"CSFX - Col\u00e9gio S\u00e3o Francisco Xavier\"},\"image\":{\"@id\":\"https:\/\/www.fsfx.com.br\/colegio-sao-francisco\/#\/schema\/logo\/image\/\"}},{\"@type\":\"Person\",\"@id\":\"https:\/\/www.fsfx.com.br\/colegio-sao-francisco\/#\/schema\/person\/7d2372fe1973398ab20a060bbb9a87d8\",\"name\":\"claudio\",\"image\":{\"@type\":\"ImageObject\",\"inLanguage\":\"pt-BR\",\"@id\":\"https:\/\/www.fsfx.com.br\/colegio-sao-francisco\/#\/schema\/person\/image\/\",\"url\":\"https:\/\/secure.gravatar.com\/avatar\/724caacf0f2f073275cb3689c577e73e87e40150b1ffd648a67445e75aa7ff03?s=96&d=mm&r=g\",\"contentUrl\":\"https:\/\/secure.gravatar.com\/avatar\/724caacf0f2f073275cb3689c577e73e87e40150b1ffd648a67445e75aa7ff03?s=96&d=mm&r=g\",\"caption\":\"claudio\"},\"url\":\"https:\/\/www.fsfx.com.br\/colegio-sao-francisco\/author\/claudio\/\"}]}<\/script>\n<!-- \/ Yoast SEO plugin. -->","yoast_head_json":{"title":"Pastoral da Sa\u00fade do Vale do A\u00e7o acolhe os pacientes do HMC h\u00e1 mais de tr\u00eas d\u00e9cadas - Col\u00e9gio S\u00e3o Francisco Xavier","robots":{"index":"index","follow":"follow","max-snippet":"max-snippet:-1","max-image-preview":"max-image-preview:large","max-video-preview":"max-video-preview:-1"},"canonical":"https:\/\/www.fsfx.com.br\/colegio-sao-francisco\/pastoral-da-saude-do-vale-do-aco-acolhe-os-pacientes-do-hmc-ha-mais-de-tres-decadas\/","og_locale":"pt_BR","og_type":"article","og_title":"Pastoral da Sa\u00fade do Vale do A\u00e7o acolhe os pacientes do HMC h\u00e1 mais de tr\u00eas d\u00e9cadas - Col\u00e9gio S\u00e3o Francisco Xavier","og_description":"Conscientes da import\u00e2ncia de oferecer um cuidado humanizado e de fomentar o acolhimento e o apoio no momento da interna\u00e7\u00e3o, a Funda\u00e7\u00e3o S\u00e3o Francisco Xavier (FSFX) e o Hospital M\u00e1rcio Cunha (HMC) mant\u00e9m uma longa, e importante, parceria com o grupo de volunt\u00e1rios da Pastoral da Sa\u00fade do Vale do A\u00e7o. Atuando h\u00e1 35 anos [&hellip;]","og_url":"https:\/\/www.fsfx.com.br\/colegio-sao-francisco\/pastoral-da-saude-do-vale-do-aco-acolhe-os-pacientes-do-hmc-ha-mais-de-tres-decadas\/","og_site_name":"Col\u00e9gio S\u00e3o Francisco Xavier","article_published_time":"2020-05-14T21:13:11+00:00","author":"claudio","twitter_card":"summary_large_image","twitter_misc":{"Escrito por":"claudio","Est. tempo de leitura":"3 minutos"},"schema":{"@context":"https:\/\/schema.org","@graph":[{"@type":"Article","@id":"https:\/\/www.fsfx.com.br\/colegio-sao-francisco\/pastoral-da-saude-do-vale-do-aco-acolhe-os-pacientes-do-hmc-ha-mais-de-tres-decadas\/#article","isPartOf":{"@id":"https:\/\/www.fsfx.com.br\/colegio-sao-francisco\/pastoral-da-saude-do-vale-do-aco-acolhe-os-pacientes-do-hmc-ha-mais-de-tres-decadas\/"},"author":{"name":"claudio","@id":"https:\/\/www.fsfx.com.br\/colegio-sao-francisco\/#\/schema\/person\/7d2372fe1973398ab20a060bbb9a87d8"},"headline":"Pastoral da Sa\u00fade do Vale do A\u00e7o acolhe os pacientes do HMC h\u00e1 mais de tr\u00eas d\u00e9cadas","datePublished":"2020-05-14T21:13:11+00:00","mainEntityOfPage":{"@id":"https:\/\/www.fsfx.com.br\/colegio-sao-francisco\/pastoral-da-saude-do-vale-do-aco-acolhe-os-pacientes-do-hmc-ha-mais-de-tres-decadas\/"},"wordCount":712,"commentCount":0,"publisher":{"@id":"https:\/\/www.fsfx.com.br\/colegio-sao-francisco\/#organization"},"inLanguage":"pt-BR","potentialAction":[{"@type":"CommentAction","name":"Comment","target":["https:\/\/www.fsfx.com.br\/colegio-sao-francisco\/pastoral-da-saude-do-vale-do-aco-acolhe-os-pacientes-do-hmc-ha-mais-de-tres-decadas\/#respond"]}]},{"@type":"WebPage","@id":"https:\/\/www.fsfx.com.br\/colegio-sao-francisco\/pastoral-da-saude-do-vale-do-aco-acolhe-os-pacientes-do-hmc-ha-mais-de-tres-decadas\/","url":"https:\/\/www.fsfx.com.br\/colegio-sao-francisco\/pastoral-da-saude-do-vale-do-aco-acolhe-os-pacientes-do-hmc-ha-mais-de-tres-decadas\/","name":"Pastoral da Sa\u00fade do Vale do A\u00e7o acolhe os pacientes do HMC h\u00e1 mais de tr\u00eas d\u00e9cadas - Col\u00e9gio S\u00e3o Francisco Xavier","isPartOf":{"@id":"https:\/\/www.fsfx.com.br\/colegio-sao-francisco\/#website"},"datePublished":"2020-05-14T21:13:11+00:00","breadcrumb":{"@id":"https:\/\/www.fsfx.com.br\/colegio-sao-francisco\/pastoral-da-saude-do-vale-do-aco-acolhe-os-pacientes-do-hmc-ha-mais-de-tres-decadas\/#breadcrumb"},"inLanguage":"pt-BR","potentialAction":[{"@type":"ReadAction","target":["https:\/\/www.fsfx.com.br\/colegio-sao-francisco\/pastoral-da-saude-do-vale-do-aco-acolhe-os-pacientes-do-hmc-ha-mais-de-tres-decadas\/"]}]},{"@type":"BreadcrumbList","@id":"https:\/\/www.fsfx.com.br\/colegio-sao-francisco\/pastoral-da-saude-do-vale-do-aco-acolhe-os-pacientes-do-hmc-ha-mais-de-tres-decadas\/#breadcrumb","itemListElement":[{"@type":"ListItem","position":1,"name":"In\u00edcio","item":"https:\/\/www.fsfx.com.br\/colegio-sao-francisco\/"},{"@type":"ListItem","position":2,"name":"Pastoral da Sa\u00fade do Vale do A\u00e7o acolhe os pacientes do HMC h\u00e1 mais de tr\u00eas d\u00e9cadas"}]},{"@type":"WebSite","@id":"https:\/\/www.fsfx.com.br\/colegio-sao-francisco\/#website","url":"https:\/\/www.fsfx.com.br\/colegio-sao-francisco\/","name":"Col\u00e9gio S\u00e3o Francisco Xavier","description":"","publisher":{"@id":"https:\/\/www.fsfx.com.br\/colegio-sao-francisco\/#organization"},"potentialAction":[{"@type":"SearchAction","target":{"@type":"EntryPoint","urlTemplate":"https:\/\/www.fsfx.com.br\/colegio-sao-francisco\/?s={search_term_string}"},"query-input":{"@type":"PropertyValueSpecification","valueRequired":true,"valueName":"search_term_string"}}],"inLanguage":"pt-BR"},{"@type":"Organization","@id":"https:\/\/www.fsfx.com.br\/colegio-sao-francisco\/#organization","name":"CSFX - Col\u00e9gio S\u00e3o Francisco Xavier","url":"https:\/\/www.fsfx.com.br\/colegio-sao-francisco\/","logo":{"@type":"ImageObject","inLanguage":"pt-BR","@id":"https:\/\/www.fsfx.com.br\/colegio-sao-francisco\/#\/schema\/logo\/image\/","url":"https:\/\/www.fsfx.com.br\/colegio-sao-francisco\/wp-content\/uploads\/sites\/10\/2020\/02\/logo.png","contentUrl":"https:\/\/www.fsfx.com.br\/colegio-sao-francisco\/wp-content\/uploads\/sites\/10\/2020\/02\/logo.png","width":175,"height":40,"caption":"CSFX - Col\u00e9gio S\u00e3o Francisco Xavier"},"image":{"@id":"https:\/\/www.fsfx.com.br\/colegio-sao-francisco\/#\/schema\/logo\/image\/"}},{"@type":"Person","@id":"https:\/\/www.fsfx.com.br\/colegio-sao-francisco\/#\/schema\/person\/7d2372fe1973398ab20a060bbb9a87d8","name":"claudio","image":{"@type":"ImageObject","inLanguage":"pt-BR","@id":"https:\/\/www.fsfx.com.br\/colegio-sao-francisco\/#\/schema\/person\/image\/","url":"https:\/\/secure.gravatar.com\/avatar\/724caacf0f2f073275cb3689c577e73e87e40150b1ffd648a67445e75aa7ff03?s=96&d=mm&r=g","contentUrl":"https:\/\/secure.gravatar.com\/avatar\/724caacf0f2f073275cb3689c577e73e87e40150b1ffd648a67445e75aa7ff03?s=96&d=mm&r=g","caption":"claudio"},"url":"https:\/\/www.fsfx.com.br\/colegio-sao-francisco\/author\/claudio\/"}]}},"_links":{"self":[{"href":"https:\/\/www.fsfx.com.br\/colegio-sao-francisco\/wp-json\/wp\/v2\/posts\/1489","targetHints":{"allow":["GET"]}}],"collection":[{"href":"https:\/\/www.fsfx.com.br\/colegio-sao-francisco\/wp-json\/wp\/v2\/posts"}],"about":[{"href":"https:\/\/www.fsfx.com.br\/colegio-sao-francisco\/wp-json\/wp\/v2\/types\/post"}],"author":[{"embeddable":true,"href":"https:\/\/www.fsfx.com.br\/colegio-sao-francisco\/wp-json\/wp\/v2\/users\/2"}],"replies":[{"embeddable":true,"href":"https:\/\/www.fsfx.com.br\/colegio-sao-francisco\/wp-json\/wp\/v2\/comments?post=1489"}],"version-history":[{"count":0,"href":"https:\/\/www.fsfx.com.br\/colegio-sao-francisco\/wp-json\/wp\/v2\/posts\/1489\/revisions"}],"wp:attachment":[{"href":"https:\/\/www.fsfx.com.br\/colegio-sao-francisco\/wp-json\/wp\/v2\/media?parent=1489"}],"wp:term":[{"taxonomy":"category","embeddable":true,"href":"https:\/\/www.fsfx.com.br\/colegio-sao-francisco\/wp-json\/wp\/v2\/categories?post=1489"},{"taxonomy":"post_tag","embeddable":true,"href":"https:\/\/www.fsfx.com.br\/colegio-sao-francisco\/wp-json\/wp\/v2\/tags?post=1489"}],"curies":[{"name":"wp","href":"https:\/\/api.w.org\/{rel}","templated":true}]}}