{"id":1492,"date":"2020-05-14T18:13:17","date_gmt":"2020-05-14T21:13:17","guid":{"rendered":"http:\/\/fsfx.com.br\/\/csfx\/2020\/05\/14\/hmc-participa-do-mcdia-feliz-2019\/"},"modified":"2020-05-14T18:13:17","modified_gmt":"2020-05-14T21:13:17","slug":"hmc-participa-do-mcdia-feliz-2019","status":"publish","type":"post","link":"https:\/\/www.fsfx.com.br\/colegio-sao-francisco\/hmc-participa-do-mcdia-feliz-2019\/","title":{"rendered":"HMC participa do McDia Feliz 2019"},"content":{"rendered":"<p>Pelo segundo ano consecutivo, o Hospital M\u00e1rcio Cunha (HMC) est\u00e1 participando do McDia Feliz, a maior campanha do pa\u00eds em prol do combate ao c\u00e2ncer infanto-juvenil e que chega a sua 31\u00aa edi\u00e7\u00e3o. O hospital participa com o projeto de custeio das a\u00e7\u00f5es pedag\u00f3gicas dentro da Unidade de Oncologia Pedi\u00e1trica. O objetivo \u00e9 garantir a manuten\u00e7\u00e3o das atividades escolares regulares das crian\u00e7as, para que, durante a interna\u00e7\u00e3o, elas tenham momentos de recrea\u00e7\u00e3o e entretenimento.<\/p>\n<p>A Unidade de Oncologia Pedi\u00e1trica do HMC, refer\u00eancia em atendimento para a macrorregi\u00e3o Leste de Minas Gerais, com popula\u00e7\u00e3o aproximada de 1,47 milh\u00e3o de habitantes, ser\u00e1 beneficiada com a venda de t\u00edquetes antecipados, produtos promocionais com a marca McDia Feliz e sandu\u00edches Big Mac nos restaurantes do Vale do A\u00e7o no dia 24 de agosto.&nbsp;<\/p>\n<p>Para a gerente da Unidade de Oncologia do Hospital M\u00e1rcio Cunha, Ledv\u00e2nia Chaves Ribeiros, a parceria com o Instituto Ronald McDonald pela luta contra o c\u00e2ncer infanto-juvenil tem, como principal resultado, a melhoria dos atendimentos aos pacientes. \u0093Um dos nossos focos assistenciais \u00e9 a qualidade no tratamento prestado aos nossos pacientes que, em muitos casos, \u00e9 longo e com intercorr\u00eancias durante o processo. Esse ano, o principal objetivo dessa parceria, por meio da arrecada\u00e7\u00e3o das vendas de t\u00edquetes antecipados do Big Mac e do sandu\u00edche no dia da campanha, \u00e9 que possamos proporcionar a realiza\u00e7\u00e3o do trabalho pedag\u00f3gico, que tem um impacto importante na assist\u00eancia das crian\u00e7as\u0094, afirma Ledv\u00e2nia.<\/p>\n<p>Em 2018, o Hospital M\u00e1rcio Cunha teve a participa\u00e7\u00e3o de sucesso na campanha e conseguiu arrecadar verba para o&nbsp;financiamento de parte dos custos da m\u00e3o de obra assistencial da Oncologia Pedi\u00e1trica, beneficiando crian\u00e7as e adolescentes que passam por tratamento no local. Como resultado do sucesso de sua participa\u00e7\u00e3o no McDia Feliz em prol da Oncologia Pedi\u00e1trica no \u00faltimo ano, o M\u00e1rcio Cunha foi agraciado com um pr\u00eamiona categoria \u0091Amo Muito Tudo Isso\u0092, que representa os bons resultados nas vendas e grande engajamento na causa.<\/p>\n<p>&nbsp;<\/p>\n<p><strong>VENDA DE T\u00cdQUETES ANTECIPADOS<\/strong><\/p>\n<p>A venda de t\u00edquetes antecipados para o McDia Feliz j\u00e1 come\u00e7ou. Os moradores do Vale do A\u00e7o podem adquiri-los no Caixa da Unidade I do Hospital M\u00e1rcio Cunha, no bairro das \u00c1guas. No valor de R$ 17,00 cada, o t\u00edquete poder\u00e1 ser trocado pelo sandu\u00edche Big Mac na data da campanha, dia 24 de agosto.<\/p>\n","protected":false},"excerpt":{"rendered":"<p>Pelo segundo ano consecutivo, o Hospital M\u00e1rcio Cunha (HMC) est\u00e1 participando do McDia Feliz, a maior campanha do pa\u00eds em prol do combate ao c\u00e2ncer infanto-juvenil e que chega a sua 31\u00aa edi\u00e7\u00e3o. O hospital participa com o projeto de custeio das a\u00e7\u00f5es pedag\u00f3gicas dentro da Unidade de Oncologia Pedi\u00e1trica. O objetivo \u00e9 garantir a [&hellip;]<\/p>\n","protected":false},"author":2,"featured_media":0,"comment_status":"open","ping_status":"open","sticky":false,"template":"","format":"standard","meta":{"_acf_changed":false,"site-sidebar-layout":"default","site-content-layout":"","ast-site-content-layout":"default","site-content-style":"default","site-sidebar-style":"default","ast-global-header-display":"","ast-banner-title-visibility":"","ast-main-header-display":"","ast-hfb-above-header-display":"","ast-hfb-below-header-display":"","ast-hfb-mobile-header-display":"","site-post-title":"","ast-breadcrumbs-content":"","ast-featured-img":"","footer-sml-layout":"","theme-transparent-header-meta":"","adv-header-id-meta":"","stick-header-meta":"","header-above-stick-meta":"","header-main-stick-meta":"","header-below-stick-meta":"","astra-migrate-meta-layouts":"default","ast-page-background-enabled":"default","ast-page-background-meta":{"desktop":{"background-color":"var(--ast-global-color-4)","background-image":"","background-repeat":"repeat","background-position":"center center","background-size":"auto","background-attachment":"scroll","background-type":"","background-media":"","overlay-type":"","overlay-color":"","overlay-opacity":"","overlay-gradient":""},"tablet":{"background-color":"","background-image":"","background-repeat":"repeat","background-position":"center center","background-size":"auto","background-attachment":"scroll","background-type":"","background-media":"","overlay-type":"","overlay-color":"","overlay-opacity":"","overlay-gradient":""},"mobile":{"background-color":"","background-image":"","background-repeat":"repeat","background-position":"center center","background-size":"auto","background-attachment":"scroll","background-type":"","background-media":"","overlay-type":"","overlay-color":"","overlay-opacity":"","overlay-gradient":""}},"ast-content-background-meta":{"desktop":{"background-color":"var(--ast-global-color-5)","background-image":"","background-repeat":"repeat","background-position":"center center","background-size":"auto","background-attachment":"scroll","background-type":"","background-media":"","overlay-type":"","overlay-color":"","overlay-opacity":"","overlay-gradient":""},"tablet":{"background-color":"var(--ast-global-color-5)","background-image":"","background-repeat":"repeat","background-position":"center center","background-size":"auto","background-attachment":"scroll","background-type":"","background-media":"","overlay-type":"","overlay-color":"","overlay-opacity":"","overlay-gradient":""},"mobile":{"background-color":"var(--ast-global-color-5)","background-image":"","background-repeat":"repeat","background-position":"center center","background-size":"auto","background-attachment":"scroll","background-type":"","background-media":"","overlay-type":"","overlay-color":"","overlay-opacity":"","overlay-gradient":""}},"footnotes":""},"categories":[1],"tags":[],"class_list":["post-1492","post","type-post","status-publish","format-standard","hentry","category-sem-categoria"],"acf":[],"yoast_head":"<!-- This site is optimized with the Yoast SEO plugin v26.9 - https:\/\/yoast.com\/product\/yoast-seo-wordpress\/ -->\n<title>HMC participa do McDia Feliz 2019 - Col\u00e9gio S\u00e3o Francisco Xavier<\/title>\n<meta name=\"robots\" content=\"index, follow, max-snippet:-1, max-image-preview:large, max-video-preview:-1\" \/>\n<link rel=\"canonical\" href=\"https:\/\/www.fsfx.com.br\/colegio-sao-francisco\/hmc-participa-do-mcdia-feliz-2019\/\" \/>\n<meta property=\"og:locale\" content=\"pt_BR\" \/>\n<meta property=\"og:type\" content=\"article\" \/>\n<meta property=\"og:title\" content=\"HMC participa do McDia Feliz 2019 - Col\u00e9gio S\u00e3o Francisco Xavier\" \/>\n<meta property=\"og:description\" content=\"Pelo segundo ano consecutivo, o Hospital M\u00e1rcio Cunha (HMC) est\u00e1 participando do McDia Feliz, a maior campanha do pa\u00eds em prol do combate ao c\u00e2ncer infanto-juvenil e que chega a sua 31\u00aa edi\u00e7\u00e3o. O hospital participa com o projeto de custeio das a\u00e7\u00f5es pedag\u00f3gicas dentro da Unidade de Oncologia Pedi\u00e1trica. O objetivo \u00e9 garantir a [&hellip;]\" \/>\n<meta property=\"og:url\" content=\"https:\/\/www.fsfx.com.br\/colegio-sao-francisco\/hmc-participa-do-mcdia-feliz-2019\/\" \/>\n<meta property=\"og:site_name\" content=\"Col\u00e9gio S\u00e3o Francisco Xavier\" \/>\n<meta property=\"article:published_time\" content=\"2020-05-14T21:13:17+00:00\" \/>\n<meta name=\"author\" content=\"claudio\" \/>\n<meta name=\"twitter:card\" content=\"summary_large_image\" \/>\n<meta name=\"twitter:label1\" content=\"Escrito por\" \/>\n\t<meta name=\"twitter:data1\" content=\"claudio\" \/>\n\t<meta name=\"twitter:label2\" content=\"Est. tempo de leitura\" \/>\n\t<meta name=\"twitter:data2\" content=\"2 minutos\" \/>\n<script type=\"application\/ld+json\" class=\"yoast-schema-graph\">{\"@context\":\"https:\/\/schema.org\",\"@graph\":[{\"@type\":\"Article\",\"@id\":\"https:\/\/www.fsfx.com.br\/colegio-sao-francisco\/hmc-participa-do-mcdia-feliz-2019\/#article\",\"isPartOf\":{\"@id\":\"https:\/\/www.fsfx.com.br\/colegio-sao-francisco\/hmc-participa-do-mcdia-feliz-2019\/\"},\"author\":{\"name\":\"claudio\",\"@id\":\"https:\/\/www.fsfx.com.br\/colegio-sao-francisco\/#\/schema\/person\/7d2372fe1973398ab20a060bbb9a87d8\"},\"headline\":\"HMC participa do McDia Feliz 2019\",\"datePublished\":\"2020-05-14T21:13:17+00:00\",\"mainEntityOfPage\":{\"@id\":\"https:\/\/www.fsfx.com.br\/colegio-sao-francisco\/hmc-participa-do-mcdia-feliz-2019\/\"},\"wordCount\":427,\"commentCount\":0,\"publisher\":{\"@id\":\"https:\/\/www.fsfx.com.br\/colegio-sao-francisco\/#organization\"},\"inLanguage\":\"pt-BR\",\"potentialAction\":[{\"@type\":\"CommentAction\",\"name\":\"Comment\",\"target\":[\"https:\/\/www.fsfx.com.br\/colegio-sao-francisco\/hmc-participa-do-mcdia-feliz-2019\/#respond\"]}]},{\"@type\":\"WebPage\",\"@id\":\"https:\/\/www.fsfx.com.br\/colegio-sao-francisco\/hmc-participa-do-mcdia-feliz-2019\/\",\"url\":\"https:\/\/www.fsfx.com.br\/colegio-sao-francisco\/hmc-participa-do-mcdia-feliz-2019\/\",\"name\":\"HMC participa do McDia Feliz 2019 - Col\u00e9gio S\u00e3o Francisco Xavier\",\"isPartOf\":{\"@id\":\"https:\/\/www.fsfx.com.br\/colegio-sao-francisco\/#website\"},\"datePublished\":\"2020-05-14T21:13:17+00:00\",\"breadcrumb\":{\"@id\":\"https:\/\/www.fsfx.com.br\/colegio-sao-francisco\/hmc-participa-do-mcdia-feliz-2019\/#breadcrumb\"},\"inLanguage\":\"pt-BR\",\"potentialAction\":[{\"@type\":\"ReadAction\",\"target\":[\"https:\/\/www.fsfx.com.br\/colegio-sao-francisco\/hmc-participa-do-mcdia-feliz-2019\/\"]}]},{\"@type\":\"BreadcrumbList\",\"@id\":\"https:\/\/www.fsfx.com.br\/colegio-sao-francisco\/hmc-participa-do-mcdia-feliz-2019\/#breadcrumb\",\"itemListElement\":[{\"@type\":\"ListItem\",\"position\":1,\"name\":\"In\u00edcio\",\"item\":\"https:\/\/www.fsfx.com.br\/colegio-sao-francisco\/\"},{\"@type\":\"ListItem\",\"position\":2,\"name\":\"HMC participa do McDia Feliz 2019\"}]},{\"@type\":\"WebSite\",\"@id\":\"https:\/\/www.fsfx.com.br\/colegio-sao-francisco\/#website\",\"url\":\"https:\/\/www.fsfx.com.br\/colegio-sao-francisco\/\",\"name\":\"Col\u00e9gio S\u00e3o Francisco Xavier\",\"description\":\"\",\"publisher\":{\"@id\":\"https:\/\/www.fsfx.com.br\/colegio-sao-francisco\/#organization\"},\"potentialAction\":[{\"@type\":\"SearchAction\",\"target\":{\"@type\":\"EntryPoint\",\"urlTemplate\":\"https:\/\/www.fsfx.com.br\/colegio-sao-francisco\/?s={search_term_string}\"},\"query-input\":{\"@type\":\"PropertyValueSpecification\",\"valueRequired\":true,\"valueName\":\"search_term_string\"}}],\"inLanguage\":\"pt-BR\"},{\"@type\":\"Organization\",\"@id\":\"https:\/\/www.fsfx.com.br\/colegio-sao-francisco\/#organization\",\"name\":\"CSFX - Col\u00e9gio S\u00e3o Francisco Xavier\",\"url\":\"https:\/\/www.fsfx.com.br\/colegio-sao-francisco\/\",\"logo\":{\"@type\":\"ImageObject\",\"inLanguage\":\"pt-BR\",\"@id\":\"https:\/\/www.fsfx.com.br\/colegio-sao-francisco\/#\/schema\/logo\/image\/\",\"url\":\"https:\/\/www.fsfx.com.br\/colegio-sao-francisco\/wp-content\/uploads\/sites\/10\/2020\/02\/logo.png\",\"contentUrl\":\"https:\/\/www.fsfx.com.br\/colegio-sao-francisco\/wp-content\/uploads\/sites\/10\/2020\/02\/logo.png\",\"width\":175,\"height\":40,\"caption\":\"CSFX - Col\u00e9gio S\u00e3o Francisco Xavier\"},\"image\":{\"@id\":\"https:\/\/www.fsfx.com.br\/colegio-sao-francisco\/#\/schema\/logo\/image\/\"}},{\"@type\":\"Person\",\"@id\":\"https:\/\/www.fsfx.com.br\/colegio-sao-francisco\/#\/schema\/person\/7d2372fe1973398ab20a060bbb9a87d8\",\"name\":\"claudio\",\"image\":{\"@type\":\"ImageObject\",\"inLanguage\":\"pt-BR\",\"@id\":\"https:\/\/www.fsfx.com.br\/colegio-sao-francisco\/#\/schema\/person\/image\/\",\"url\":\"https:\/\/secure.gravatar.com\/avatar\/724caacf0f2f073275cb3689c577e73e87e40150b1ffd648a67445e75aa7ff03?s=96&d=mm&r=g\",\"contentUrl\":\"https:\/\/secure.gravatar.com\/avatar\/724caacf0f2f073275cb3689c577e73e87e40150b1ffd648a67445e75aa7ff03?s=96&d=mm&r=g\",\"caption\":\"claudio\"},\"url\":\"https:\/\/www.fsfx.com.br\/colegio-sao-francisco\/author\/claudio\/\"}]}<\/script>\n<!-- \/ Yoast SEO plugin. -->","yoast_head_json":{"title":"HMC participa do McDia Feliz 2019 - Col\u00e9gio S\u00e3o Francisco Xavier","robots":{"index":"index","follow":"follow","max-snippet":"max-snippet:-1","max-image-preview":"max-image-preview:large","max-video-preview":"max-video-preview:-1"},"canonical":"https:\/\/www.fsfx.com.br\/colegio-sao-francisco\/hmc-participa-do-mcdia-feliz-2019\/","og_locale":"pt_BR","og_type":"article","og_title":"HMC participa do McDia Feliz 2019 - Col\u00e9gio S\u00e3o Francisco Xavier","og_description":"Pelo segundo ano consecutivo, o Hospital M\u00e1rcio Cunha (HMC) est\u00e1 participando do McDia Feliz, a maior campanha do pa\u00eds em prol do combate ao c\u00e2ncer infanto-juvenil e que chega a sua 31\u00aa edi\u00e7\u00e3o. O hospital participa com o projeto de custeio das a\u00e7\u00f5es pedag\u00f3gicas dentro da Unidade de Oncologia Pedi\u00e1trica. O objetivo \u00e9 garantir a [&hellip;]","og_url":"https:\/\/www.fsfx.com.br\/colegio-sao-francisco\/hmc-participa-do-mcdia-feliz-2019\/","og_site_name":"Col\u00e9gio S\u00e3o Francisco Xavier","article_published_time":"2020-05-14T21:13:17+00:00","author":"claudio","twitter_card":"summary_large_image","twitter_misc":{"Escrito por":"claudio","Est. tempo de leitura":"2 minutos"},"schema":{"@context":"https:\/\/schema.org","@graph":[{"@type":"Article","@id":"https:\/\/www.fsfx.com.br\/colegio-sao-francisco\/hmc-participa-do-mcdia-feliz-2019\/#article","isPartOf":{"@id":"https:\/\/www.fsfx.com.br\/colegio-sao-francisco\/hmc-participa-do-mcdia-feliz-2019\/"},"author":{"name":"claudio","@id":"https:\/\/www.fsfx.com.br\/colegio-sao-francisco\/#\/schema\/person\/7d2372fe1973398ab20a060bbb9a87d8"},"headline":"HMC participa do McDia Feliz 2019","datePublished":"2020-05-14T21:13:17+00:00","mainEntityOfPage":{"@id":"https:\/\/www.fsfx.com.br\/colegio-sao-francisco\/hmc-participa-do-mcdia-feliz-2019\/"},"wordCount":427,"commentCount":0,"publisher":{"@id":"https:\/\/www.fsfx.com.br\/colegio-sao-francisco\/#organization"},"inLanguage":"pt-BR","potentialAction":[{"@type":"CommentAction","name":"Comment","target":["https:\/\/www.fsfx.com.br\/colegio-sao-francisco\/hmc-participa-do-mcdia-feliz-2019\/#respond"]}]},{"@type":"WebPage","@id":"https:\/\/www.fsfx.com.br\/colegio-sao-francisco\/hmc-participa-do-mcdia-feliz-2019\/","url":"https:\/\/www.fsfx.com.br\/colegio-sao-francisco\/hmc-participa-do-mcdia-feliz-2019\/","name":"HMC participa do McDia Feliz 2019 - Col\u00e9gio S\u00e3o Francisco Xavier","isPartOf":{"@id":"https:\/\/www.fsfx.com.br\/colegio-sao-francisco\/#website"},"datePublished":"2020-05-14T21:13:17+00:00","breadcrumb":{"@id":"https:\/\/www.fsfx.com.br\/colegio-sao-francisco\/hmc-participa-do-mcdia-feliz-2019\/#breadcrumb"},"inLanguage":"pt-BR","potentialAction":[{"@type":"ReadAction","target":["https:\/\/www.fsfx.com.br\/colegio-sao-francisco\/hmc-participa-do-mcdia-feliz-2019\/"]}]},{"@type":"BreadcrumbList","@id":"https:\/\/www.fsfx.com.br\/colegio-sao-francisco\/hmc-participa-do-mcdia-feliz-2019\/#breadcrumb","itemListElement":[{"@type":"ListItem","position":1,"name":"In\u00edcio","item":"https:\/\/www.fsfx.com.br\/colegio-sao-francisco\/"},{"@type":"ListItem","position":2,"name":"HMC participa do McDia Feliz 2019"}]},{"@type":"WebSite","@id":"https:\/\/www.fsfx.com.br\/colegio-sao-francisco\/#website","url":"https:\/\/www.fsfx.com.br\/colegio-sao-francisco\/","name":"Col\u00e9gio S\u00e3o Francisco Xavier","description":"","publisher":{"@id":"https:\/\/www.fsfx.com.br\/colegio-sao-francisco\/#organization"},"potentialAction":[{"@type":"SearchAction","target":{"@type":"EntryPoint","urlTemplate":"https:\/\/www.fsfx.com.br\/colegio-sao-francisco\/?s={search_term_string}"},"query-input":{"@type":"PropertyValueSpecification","valueRequired":true,"valueName":"search_term_string"}}],"inLanguage":"pt-BR"},{"@type":"Organization","@id":"https:\/\/www.fsfx.com.br\/colegio-sao-francisco\/#organization","name":"CSFX - Col\u00e9gio S\u00e3o Francisco Xavier","url":"https:\/\/www.fsfx.com.br\/colegio-sao-francisco\/","logo":{"@type":"ImageObject","inLanguage":"pt-BR","@id":"https:\/\/www.fsfx.com.br\/colegio-sao-francisco\/#\/schema\/logo\/image\/","url":"https:\/\/www.fsfx.com.br\/colegio-sao-francisco\/wp-content\/uploads\/sites\/10\/2020\/02\/logo.png","contentUrl":"https:\/\/www.fsfx.com.br\/colegio-sao-francisco\/wp-content\/uploads\/sites\/10\/2020\/02\/logo.png","width":175,"height":40,"caption":"CSFX - Col\u00e9gio S\u00e3o Francisco Xavier"},"image":{"@id":"https:\/\/www.fsfx.com.br\/colegio-sao-francisco\/#\/schema\/logo\/image\/"}},{"@type":"Person","@id":"https:\/\/www.fsfx.com.br\/colegio-sao-francisco\/#\/schema\/person\/7d2372fe1973398ab20a060bbb9a87d8","name":"claudio","image":{"@type":"ImageObject","inLanguage":"pt-BR","@id":"https:\/\/www.fsfx.com.br\/colegio-sao-francisco\/#\/schema\/person\/image\/","url":"https:\/\/secure.gravatar.com\/avatar\/724caacf0f2f073275cb3689c577e73e87e40150b1ffd648a67445e75aa7ff03?s=96&d=mm&r=g","contentUrl":"https:\/\/secure.gravatar.com\/avatar\/724caacf0f2f073275cb3689c577e73e87e40150b1ffd648a67445e75aa7ff03?s=96&d=mm&r=g","caption":"claudio"},"url":"https:\/\/www.fsfx.com.br\/colegio-sao-francisco\/author\/claudio\/"}]}},"_links":{"self":[{"href":"https:\/\/www.fsfx.com.br\/colegio-sao-francisco\/wp-json\/wp\/v2\/posts\/1492","targetHints":{"allow":["GET"]}}],"collection":[{"href":"https:\/\/www.fsfx.com.br\/colegio-sao-francisco\/wp-json\/wp\/v2\/posts"}],"about":[{"href":"https:\/\/www.fsfx.com.br\/colegio-sao-francisco\/wp-json\/wp\/v2\/types\/post"}],"author":[{"embeddable":true,"href":"https:\/\/www.fsfx.com.br\/colegio-sao-francisco\/wp-json\/wp\/v2\/users\/2"}],"replies":[{"embeddable":true,"href":"https:\/\/www.fsfx.com.br\/colegio-sao-francisco\/wp-json\/wp\/v2\/comments?post=1492"}],"version-history":[{"count":0,"href":"https:\/\/www.fsfx.com.br\/colegio-sao-francisco\/wp-json\/wp\/v2\/posts\/1492\/revisions"}],"wp:attachment":[{"href":"https:\/\/www.fsfx.com.br\/colegio-sao-francisco\/wp-json\/wp\/v2\/media?parent=1492"}],"wp:term":[{"taxonomy":"category","embeddable":true,"href":"https:\/\/www.fsfx.com.br\/colegio-sao-francisco\/wp-json\/wp\/v2\/categories?post=1492"},{"taxonomy":"post_tag","embeddable":true,"href":"https:\/\/www.fsfx.com.br\/colegio-sao-francisco\/wp-json\/wp\/v2\/tags?post=1492"}],"curies":[{"name":"wp","href":"https:\/\/api.w.org\/{rel}","templated":true}]}}