{"id":1494,"date":"2020-05-14T18:13:20","date_gmt":"2020-05-14T21:13:20","guid":{"rendered":"http:\/\/fsfx.com.br\/\/csfx\/2020\/05\/14\/hmc-realiza-segundo-ciclo-de-aplicacao-do-palivizumabe\/"},"modified":"2020-05-14T18:13:20","modified_gmt":"2020-05-14T21:13:20","slug":"hmc-realiza-segundo-ciclo-de-aplicacao-do-palivizumabe","status":"publish","type":"post","link":"https:\/\/www.fsfx.com.br\/colegio-sao-francisco\/hmc-realiza-segundo-ciclo-de-aplicacao-do-palivizumabe\/","title":{"rendered":"HMC realiza segundo ciclo de aplica\u00e7\u00e3o do Palivizumabe"},"content":{"rendered":"<p>A Funda\u00e7\u00e3o S\u00e3o Francisco Xavier, por meio do Hospital M\u00e1rcio Cunha (HMC), finaliza este m\u00eas, o segundo ciclo de aplica\u00e7\u00e3o do Palivizumabe. O medicamento, disponibilizado pelo Minist\u00e9rio da Sa\u00fade, \u00e9 indicado para tratamento de beb\u00eas e crian\u00e7as que tenham mais probabilidade de desenvolver doen\u00e7as respirat\u00f3rias e infec\u00e7\u00f5es causadas pelo V\u00edrus Sincicial Respirat\u00f3rio (VSR). O HMC tornou-se p\u00f3lo de aplica\u00e7\u00e3o do medicamento em 2018, trazendo al\u00edvio para&nbsp;os pacientes do Vale do a\u00e7o que antes tinham de ser encaminhados para unidades hospitalares em Governador Valadares e Belo Horizonte.<\/p>\n<p>Segundo o protocolo estadual, tem direito ao uso do medicamento, crian\u00e7as prematuras nascidas com idade gestacional de at\u00e9 28 semanas e com idade inferior a um ano. E ainda crian\u00e7as com idade inferior a dois anos, com doen\u00e7a pulmonar cr\u00f4nica da prematuridade, displasia broncopulmonar ou doen\u00e7a card\u00edaca cong\u00eanita com repercuss\u00e3o hemodin\u00e2mica demonstrada. A doen\u00e7a card\u00edaca pode&nbsp;surgir nas primeiras oito semanas de gesta\u00e7\u00e3o, quando se forma o cora\u00e7\u00e3o do beb\u00ea e \u00e9 identificada a partir de qualquer anormalidade na estrutura ou fun\u00e7\u00e3o do cora\u00e7\u00e3o<\/p>\n<p>S\u00e3o disponibilizadas pelo Minist\u00e9rio da Sa\u00fade at\u00e9 cinco doses de Palivizumabe por crian\u00e7a. As aplica\u00e7\u00f5es s\u00e3o realizadas a cada 30 dias, no per\u00edodo de maior circula\u00e7\u00e3o do V\u00edrus Sincicial Respirat\u00f3rio. Desde que come\u00e7ou a realizar as aplica\u00e7\u00f5es, em janeiro de 2018, o Hospital M\u00e1rcio Cunha j\u00e1 atendeu 74 pacientes que se enquadram nos crit\u00e9rios, evitando que as infec\u00e7\u00f5es evoluam&nbsp;de um resfriado comum para quadros de&nbsp;bronquiolite e pneumonia.<\/p>\n<p>Para o&nbsp;enfermeiro da UTI Neonatal do HMC, M\u00e1rcio Loureiro da Silva, o credenciamento do hospital como polo de aplica\u00e7\u00e3o do medicamento e a capacita\u00e7\u00e3o da equipe demonstram o compromisso da Institui\u00e7\u00e3o em assegurar o melhor e mais completo tratamento para os pacientes. \u0093O V\u00edrus Sincicial Respirat\u00f3rio \u00e9 um dos principais causadores das infec\u00e7\u00f5es respirat\u00f3rias agudas no primeiro ano de vida e o Palivizumabe \u00e9 o principal aliado no tratamento de infec\u00e7\u00f5es respirat\u00f3rias em beb\u00eas e crian\u00e7as de at\u00e9 dois anos. Felizmente, gra\u00e7as a uma demonstra\u00e7\u00e3o cont\u00ednua da excel\u00eancia no atendimento,&nbsp;conseguimos o credenciamento junto ao Minist\u00e9rio da Sa\u00fade para que os nossos pacientes recebessem as doses do medicamento em nossa unidade, trazendo mais conforto, comodidade e seguran\u00e7a no tratamento dessas infec\u00e7\u00f5es\u0094, explica M\u00e1rcio.<\/p>\n<p>&nbsp;<\/p>\n<p><i><strong>SOBRE O PALIVIZUMABE<\/strong><\/i><\/p>\n<p>O Palivizumabe \u00e9 um anticorpo que atua na imuniza\u00e7\u00e3o da infec\u00e7\u00e3o pelo V\u00edrus Sincicial Respirat\u00f3rio (VRS). O v\u00edrus pode ser o respons\u00e1vel por at\u00e9 75% das bronquiolites e 40% das pneumonias durante o per\u00edodo de frio. A prematuridade \u00e9 um dos principais fatores de risco para hospitaliza\u00e7\u00e3o pelo VSR, que atinge o trato respirat\u00f3rio pelo contato \u00edntimo de pessoas infectadas ou por meio de superf\u00edcies ou objetos contaminados.<\/p>\n<p>Beb\u00eas com menos de seis meses de idade, principalmente prematuros, crian\u00e7as com doen\u00e7a pulmonar cr\u00f4nica da prematuridade e cardiopatas correm mais risco de desenvolver infec\u00e7\u00e3o respirat\u00f3ria mais grave. A taxa de mortalidade de crian\u00e7as nessa situa\u00e7\u00e3o ultrapassa os 3%, comparada a uma taxa de 0,5% na popula\u00e7\u00e3o previamente sadia. Em geral, cinco doses anuais do Palivizubame s\u00e3o suficientes para promover a prote\u00e7\u00e3o dessas crian\u00e7as durante o per\u00edodo de maior circula\u00e7\u00e3o do v\u00edrus.&nbsp;<\/p>\n","protected":false},"excerpt":{"rendered":"<p>A Funda\u00e7\u00e3o S\u00e3o Francisco Xavier, por meio do Hospital M\u00e1rcio Cunha (HMC), finaliza este m\u00eas, o segundo ciclo de aplica\u00e7\u00e3o do Palivizumabe. O medicamento, disponibilizado pelo Minist\u00e9rio da Sa\u00fade, \u00e9 indicado para tratamento de beb\u00eas e crian\u00e7as que tenham mais probabilidade de desenvolver doen\u00e7as respirat\u00f3rias e infec\u00e7\u00f5es causadas pelo V\u00edrus Sincicial Respirat\u00f3rio (VSR). O HMC [&hellip;]<\/p>\n","protected":false},"author":2,"featured_media":0,"comment_status":"open","ping_status":"open","sticky":false,"template":"","format":"standard","meta":{"_acf_changed":false,"site-sidebar-layout":"default","site-content-layout":"","ast-site-content-layout":"default","site-content-style":"default","site-sidebar-style":"default","ast-global-header-display":"","ast-banner-title-visibility":"","ast-main-header-display":"","ast-hfb-above-header-display":"","ast-hfb-below-header-display":"","ast-hfb-mobile-header-display":"","site-post-title":"","ast-breadcrumbs-content":"","ast-featured-img":"","footer-sml-layout":"","theme-transparent-header-meta":"","adv-header-id-meta":"","stick-header-meta":"","header-above-stick-meta":"","header-main-stick-meta":"","header-below-stick-meta":"","astra-migrate-meta-layouts":"default","ast-page-background-enabled":"default","ast-page-background-meta":{"desktop":{"background-color":"var(--ast-global-color-4)","background-image":"","background-repeat":"repeat","background-position":"center center","background-size":"auto","background-attachment":"scroll","background-type":"","background-media":"","overlay-type":"","overlay-color":"","overlay-opacity":"","overlay-gradient":""},"tablet":{"background-color":"","background-image":"","background-repeat":"repeat","background-position":"center center","background-size":"auto","background-attachment":"scroll","background-type":"","background-media":"","overlay-type":"","overlay-color":"","overlay-opacity":"","overlay-gradient":""},"mobile":{"background-color":"","background-image":"","background-repeat":"repeat","background-position":"center center","background-size":"auto","background-attachment":"scroll","background-type":"","background-media":"","overlay-type":"","overlay-color":"","overlay-opacity":"","overlay-gradient":""}},"ast-content-background-meta":{"desktop":{"background-color":"var(--ast-global-color-5)","background-image":"","background-repeat":"repeat","background-position":"center center","background-size":"auto","background-attachment":"scroll","background-type":"","background-media":"","overlay-type":"","overlay-color":"","overlay-opacity":"","overlay-gradient":""},"tablet":{"background-color":"var(--ast-global-color-5)","background-image":"","background-repeat":"repeat","background-position":"center center","background-size":"auto","background-attachment":"scroll","background-type":"","background-media":"","overlay-type":"","overlay-color":"","overlay-opacity":"","overlay-gradient":""},"mobile":{"background-color":"var(--ast-global-color-5)","background-image":"","background-repeat":"repeat","background-position":"center center","background-size":"auto","background-attachment":"scroll","background-type":"","background-media":"","overlay-type":"","overlay-color":"","overlay-opacity":"","overlay-gradient":""}},"footnotes":""},"categories":[1],"tags":[],"class_list":["post-1494","post","type-post","status-publish","format-standard","hentry","category-sem-categoria"],"acf":[],"yoast_head":"<!-- This site is optimized with the Yoast SEO plugin v26.9 - https:\/\/yoast.com\/product\/yoast-seo-wordpress\/ -->\n<title>HMC realiza segundo ciclo de aplica\u00e7\u00e3o do Palivizumabe - Col\u00e9gio S\u00e3o Francisco Xavier<\/title>\n<meta name=\"robots\" content=\"index, follow, max-snippet:-1, max-image-preview:large, max-video-preview:-1\" \/>\n<link rel=\"canonical\" href=\"https:\/\/www.fsfx.com.br\/colegio-sao-francisco\/hmc-realiza-segundo-ciclo-de-aplicacao-do-palivizumabe\/\" \/>\n<meta property=\"og:locale\" content=\"pt_BR\" \/>\n<meta property=\"og:type\" content=\"article\" \/>\n<meta property=\"og:title\" content=\"HMC realiza segundo ciclo de aplica\u00e7\u00e3o do Palivizumabe - Col\u00e9gio S\u00e3o Francisco Xavier\" \/>\n<meta property=\"og:description\" content=\"A Funda\u00e7\u00e3o S\u00e3o Francisco Xavier, por meio do Hospital M\u00e1rcio Cunha (HMC), finaliza este m\u00eas, o segundo ciclo de aplica\u00e7\u00e3o do Palivizumabe. O medicamento, disponibilizado pelo Minist\u00e9rio da Sa\u00fade, \u00e9 indicado para tratamento de beb\u00eas e crian\u00e7as que tenham mais probabilidade de desenvolver doen\u00e7as respirat\u00f3rias e infec\u00e7\u00f5es causadas pelo V\u00edrus Sincicial Respirat\u00f3rio (VSR). O HMC [&hellip;]\" \/>\n<meta property=\"og:url\" content=\"https:\/\/www.fsfx.com.br\/colegio-sao-francisco\/hmc-realiza-segundo-ciclo-de-aplicacao-do-palivizumabe\/\" \/>\n<meta property=\"og:site_name\" content=\"Col\u00e9gio S\u00e3o Francisco Xavier\" \/>\n<meta property=\"article:published_time\" content=\"2020-05-14T21:13:20+00:00\" \/>\n<meta name=\"author\" content=\"claudio\" \/>\n<meta name=\"twitter:card\" content=\"summary_large_image\" \/>\n<meta name=\"twitter:label1\" content=\"Escrito por\" \/>\n\t<meta name=\"twitter:data1\" content=\"claudio\" \/>\n\t<meta name=\"twitter:label2\" content=\"Est. tempo de leitura\" \/>\n\t<meta name=\"twitter:data2\" content=\"3 minutos\" \/>\n<script type=\"application\/ld+json\" class=\"yoast-schema-graph\">{\"@context\":\"https:\/\/schema.org\",\"@graph\":[{\"@type\":\"Article\",\"@id\":\"https:\/\/www.fsfx.com.br\/colegio-sao-francisco\/hmc-realiza-segundo-ciclo-de-aplicacao-do-palivizumabe\/#article\",\"isPartOf\":{\"@id\":\"https:\/\/www.fsfx.com.br\/colegio-sao-francisco\/hmc-realiza-segundo-ciclo-de-aplicacao-do-palivizumabe\/\"},\"author\":{\"name\":\"claudio\",\"@id\":\"https:\/\/www.fsfx.com.br\/colegio-sao-francisco\/#\/schema\/person\/7d2372fe1973398ab20a060bbb9a87d8\"},\"headline\":\"HMC realiza segundo ciclo de aplica\u00e7\u00e3o do Palivizumabe\",\"datePublished\":\"2020-05-14T21:13:20+00:00\",\"mainEntityOfPage\":{\"@id\":\"https:\/\/www.fsfx.com.br\/colegio-sao-francisco\/hmc-realiza-segundo-ciclo-de-aplicacao-do-palivizumabe\/\"},\"wordCount\":603,\"commentCount\":0,\"publisher\":{\"@id\":\"https:\/\/www.fsfx.com.br\/colegio-sao-francisco\/#organization\"},\"inLanguage\":\"pt-BR\",\"potentialAction\":[{\"@type\":\"CommentAction\",\"name\":\"Comment\",\"target\":[\"https:\/\/www.fsfx.com.br\/colegio-sao-francisco\/hmc-realiza-segundo-ciclo-de-aplicacao-do-palivizumabe\/#respond\"]}]},{\"@type\":\"WebPage\",\"@id\":\"https:\/\/www.fsfx.com.br\/colegio-sao-francisco\/hmc-realiza-segundo-ciclo-de-aplicacao-do-palivizumabe\/\",\"url\":\"https:\/\/www.fsfx.com.br\/colegio-sao-francisco\/hmc-realiza-segundo-ciclo-de-aplicacao-do-palivizumabe\/\",\"name\":\"HMC realiza segundo ciclo de aplica\u00e7\u00e3o do Palivizumabe - Col\u00e9gio S\u00e3o Francisco Xavier\",\"isPartOf\":{\"@id\":\"https:\/\/www.fsfx.com.br\/colegio-sao-francisco\/#website\"},\"datePublished\":\"2020-05-14T21:13:20+00:00\",\"breadcrumb\":{\"@id\":\"https:\/\/www.fsfx.com.br\/colegio-sao-francisco\/hmc-realiza-segundo-ciclo-de-aplicacao-do-palivizumabe\/#breadcrumb\"},\"inLanguage\":\"pt-BR\",\"potentialAction\":[{\"@type\":\"ReadAction\",\"target\":[\"https:\/\/www.fsfx.com.br\/colegio-sao-francisco\/hmc-realiza-segundo-ciclo-de-aplicacao-do-palivizumabe\/\"]}]},{\"@type\":\"BreadcrumbList\",\"@id\":\"https:\/\/www.fsfx.com.br\/colegio-sao-francisco\/hmc-realiza-segundo-ciclo-de-aplicacao-do-palivizumabe\/#breadcrumb\",\"itemListElement\":[{\"@type\":\"ListItem\",\"position\":1,\"name\":\"In\u00edcio\",\"item\":\"https:\/\/www.fsfx.com.br\/colegio-sao-francisco\/\"},{\"@type\":\"ListItem\",\"position\":2,\"name\":\"HMC realiza segundo ciclo de aplica\u00e7\u00e3o do Palivizumabe\"}]},{\"@type\":\"WebSite\",\"@id\":\"https:\/\/www.fsfx.com.br\/colegio-sao-francisco\/#website\",\"url\":\"https:\/\/www.fsfx.com.br\/colegio-sao-francisco\/\",\"name\":\"Col\u00e9gio S\u00e3o Francisco Xavier\",\"description\":\"\",\"publisher\":{\"@id\":\"https:\/\/www.fsfx.com.br\/colegio-sao-francisco\/#organization\"},\"potentialAction\":[{\"@type\":\"SearchAction\",\"target\":{\"@type\":\"EntryPoint\",\"urlTemplate\":\"https:\/\/www.fsfx.com.br\/colegio-sao-francisco\/?s={search_term_string}\"},\"query-input\":{\"@type\":\"PropertyValueSpecification\",\"valueRequired\":true,\"valueName\":\"search_term_string\"}}],\"inLanguage\":\"pt-BR\"},{\"@type\":\"Organization\",\"@id\":\"https:\/\/www.fsfx.com.br\/colegio-sao-francisco\/#organization\",\"name\":\"CSFX - Col\u00e9gio S\u00e3o Francisco Xavier\",\"url\":\"https:\/\/www.fsfx.com.br\/colegio-sao-francisco\/\",\"logo\":{\"@type\":\"ImageObject\",\"inLanguage\":\"pt-BR\",\"@id\":\"https:\/\/www.fsfx.com.br\/colegio-sao-francisco\/#\/schema\/logo\/image\/\",\"url\":\"https:\/\/www.fsfx.com.br\/colegio-sao-francisco\/wp-content\/uploads\/sites\/10\/2020\/02\/logo.png\",\"contentUrl\":\"https:\/\/www.fsfx.com.br\/colegio-sao-francisco\/wp-content\/uploads\/sites\/10\/2020\/02\/logo.png\",\"width\":175,\"height\":40,\"caption\":\"CSFX - Col\u00e9gio S\u00e3o Francisco Xavier\"},\"image\":{\"@id\":\"https:\/\/www.fsfx.com.br\/colegio-sao-francisco\/#\/schema\/logo\/image\/\"}},{\"@type\":\"Person\",\"@id\":\"https:\/\/www.fsfx.com.br\/colegio-sao-francisco\/#\/schema\/person\/7d2372fe1973398ab20a060bbb9a87d8\",\"name\":\"claudio\",\"image\":{\"@type\":\"ImageObject\",\"inLanguage\":\"pt-BR\",\"@id\":\"https:\/\/www.fsfx.com.br\/colegio-sao-francisco\/#\/schema\/person\/image\/\",\"url\":\"https:\/\/secure.gravatar.com\/avatar\/724caacf0f2f073275cb3689c577e73e87e40150b1ffd648a67445e75aa7ff03?s=96&d=mm&r=g\",\"contentUrl\":\"https:\/\/secure.gravatar.com\/avatar\/724caacf0f2f073275cb3689c577e73e87e40150b1ffd648a67445e75aa7ff03?s=96&d=mm&r=g\",\"caption\":\"claudio\"},\"url\":\"https:\/\/www.fsfx.com.br\/colegio-sao-francisco\/author\/claudio\/\"}]}<\/script>\n<!-- \/ Yoast SEO plugin. -->","yoast_head_json":{"title":"HMC realiza segundo ciclo de aplica\u00e7\u00e3o do Palivizumabe - Col\u00e9gio S\u00e3o Francisco Xavier","robots":{"index":"index","follow":"follow","max-snippet":"max-snippet:-1","max-image-preview":"max-image-preview:large","max-video-preview":"max-video-preview:-1"},"canonical":"https:\/\/www.fsfx.com.br\/colegio-sao-francisco\/hmc-realiza-segundo-ciclo-de-aplicacao-do-palivizumabe\/","og_locale":"pt_BR","og_type":"article","og_title":"HMC realiza segundo ciclo de aplica\u00e7\u00e3o do Palivizumabe - Col\u00e9gio S\u00e3o Francisco Xavier","og_description":"A Funda\u00e7\u00e3o S\u00e3o Francisco Xavier, por meio do Hospital M\u00e1rcio Cunha (HMC), finaliza este m\u00eas, o segundo ciclo de aplica\u00e7\u00e3o do Palivizumabe. O medicamento, disponibilizado pelo Minist\u00e9rio da Sa\u00fade, \u00e9 indicado para tratamento de beb\u00eas e crian\u00e7as que tenham mais probabilidade de desenvolver doen\u00e7as respirat\u00f3rias e infec\u00e7\u00f5es causadas pelo V\u00edrus Sincicial Respirat\u00f3rio (VSR). O HMC [&hellip;]","og_url":"https:\/\/www.fsfx.com.br\/colegio-sao-francisco\/hmc-realiza-segundo-ciclo-de-aplicacao-do-palivizumabe\/","og_site_name":"Col\u00e9gio S\u00e3o Francisco Xavier","article_published_time":"2020-05-14T21:13:20+00:00","author":"claudio","twitter_card":"summary_large_image","twitter_misc":{"Escrito por":"claudio","Est. tempo de leitura":"3 minutos"},"schema":{"@context":"https:\/\/schema.org","@graph":[{"@type":"Article","@id":"https:\/\/www.fsfx.com.br\/colegio-sao-francisco\/hmc-realiza-segundo-ciclo-de-aplicacao-do-palivizumabe\/#article","isPartOf":{"@id":"https:\/\/www.fsfx.com.br\/colegio-sao-francisco\/hmc-realiza-segundo-ciclo-de-aplicacao-do-palivizumabe\/"},"author":{"name":"claudio","@id":"https:\/\/www.fsfx.com.br\/colegio-sao-francisco\/#\/schema\/person\/7d2372fe1973398ab20a060bbb9a87d8"},"headline":"HMC realiza segundo ciclo de aplica\u00e7\u00e3o do Palivizumabe","datePublished":"2020-05-14T21:13:20+00:00","mainEntityOfPage":{"@id":"https:\/\/www.fsfx.com.br\/colegio-sao-francisco\/hmc-realiza-segundo-ciclo-de-aplicacao-do-palivizumabe\/"},"wordCount":603,"commentCount":0,"publisher":{"@id":"https:\/\/www.fsfx.com.br\/colegio-sao-francisco\/#organization"},"inLanguage":"pt-BR","potentialAction":[{"@type":"CommentAction","name":"Comment","target":["https:\/\/www.fsfx.com.br\/colegio-sao-francisco\/hmc-realiza-segundo-ciclo-de-aplicacao-do-palivizumabe\/#respond"]}]},{"@type":"WebPage","@id":"https:\/\/www.fsfx.com.br\/colegio-sao-francisco\/hmc-realiza-segundo-ciclo-de-aplicacao-do-palivizumabe\/","url":"https:\/\/www.fsfx.com.br\/colegio-sao-francisco\/hmc-realiza-segundo-ciclo-de-aplicacao-do-palivizumabe\/","name":"HMC realiza segundo ciclo de aplica\u00e7\u00e3o do Palivizumabe - Col\u00e9gio S\u00e3o Francisco Xavier","isPartOf":{"@id":"https:\/\/www.fsfx.com.br\/colegio-sao-francisco\/#website"},"datePublished":"2020-05-14T21:13:20+00:00","breadcrumb":{"@id":"https:\/\/www.fsfx.com.br\/colegio-sao-francisco\/hmc-realiza-segundo-ciclo-de-aplicacao-do-palivizumabe\/#breadcrumb"},"inLanguage":"pt-BR","potentialAction":[{"@type":"ReadAction","target":["https:\/\/www.fsfx.com.br\/colegio-sao-francisco\/hmc-realiza-segundo-ciclo-de-aplicacao-do-palivizumabe\/"]}]},{"@type":"BreadcrumbList","@id":"https:\/\/www.fsfx.com.br\/colegio-sao-francisco\/hmc-realiza-segundo-ciclo-de-aplicacao-do-palivizumabe\/#breadcrumb","itemListElement":[{"@type":"ListItem","position":1,"name":"In\u00edcio","item":"https:\/\/www.fsfx.com.br\/colegio-sao-francisco\/"},{"@type":"ListItem","position":2,"name":"HMC realiza segundo ciclo de aplica\u00e7\u00e3o do Palivizumabe"}]},{"@type":"WebSite","@id":"https:\/\/www.fsfx.com.br\/colegio-sao-francisco\/#website","url":"https:\/\/www.fsfx.com.br\/colegio-sao-francisco\/","name":"Col\u00e9gio S\u00e3o Francisco Xavier","description":"","publisher":{"@id":"https:\/\/www.fsfx.com.br\/colegio-sao-francisco\/#organization"},"potentialAction":[{"@type":"SearchAction","target":{"@type":"EntryPoint","urlTemplate":"https:\/\/www.fsfx.com.br\/colegio-sao-francisco\/?s={search_term_string}"},"query-input":{"@type":"PropertyValueSpecification","valueRequired":true,"valueName":"search_term_string"}}],"inLanguage":"pt-BR"},{"@type":"Organization","@id":"https:\/\/www.fsfx.com.br\/colegio-sao-francisco\/#organization","name":"CSFX - Col\u00e9gio S\u00e3o Francisco Xavier","url":"https:\/\/www.fsfx.com.br\/colegio-sao-francisco\/","logo":{"@type":"ImageObject","inLanguage":"pt-BR","@id":"https:\/\/www.fsfx.com.br\/colegio-sao-francisco\/#\/schema\/logo\/image\/","url":"https:\/\/www.fsfx.com.br\/colegio-sao-francisco\/wp-content\/uploads\/sites\/10\/2020\/02\/logo.png","contentUrl":"https:\/\/www.fsfx.com.br\/colegio-sao-francisco\/wp-content\/uploads\/sites\/10\/2020\/02\/logo.png","width":175,"height":40,"caption":"CSFX - Col\u00e9gio S\u00e3o Francisco Xavier"},"image":{"@id":"https:\/\/www.fsfx.com.br\/colegio-sao-francisco\/#\/schema\/logo\/image\/"}},{"@type":"Person","@id":"https:\/\/www.fsfx.com.br\/colegio-sao-francisco\/#\/schema\/person\/7d2372fe1973398ab20a060bbb9a87d8","name":"claudio","image":{"@type":"ImageObject","inLanguage":"pt-BR","@id":"https:\/\/www.fsfx.com.br\/colegio-sao-francisco\/#\/schema\/person\/image\/","url":"https:\/\/secure.gravatar.com\/avatar\/724caacf0f2f073275cb3689c577e73e87e40150b1ffd648a67445e75aa7ff03?s=96&d=mm&r=g","contentUrl":"https:\/\/secure.gravatar.com\/avatar\/724caacf0f2f073275cb3689c577e73e87e40150b1ffd648a67445e75aa7ff03?s=96&d=mm&r=g","caption":"claudio"},"url":"https:\/\/www.fsfx.com.br\/colegio-sao-francisco\/author\/claudio\/"}]}},"_links":{"self":[{"href":"https:\/\/www.fsfx.com.br\/colegio-sao-francisco\/wp-json\/wp\/v2\/posts\/1494","targetHints":{"allow":["GET"]}}],"collection":[{"href":"https:\/\/www.fsfx.com.br\/colegio-sao-francisco\/wp-json\/wp\/v2\/posts"}],"about":[{"href":"https:\/\/www.fsfx.com.br\/colegio-sao-francisco\/wp-json\/wp\/v2\/types\/post"}],"author":[{"embeddable":true,"href":"https:\/\/www.fsfx.com.br\/colegio-sao-francisco\/wp-json\/wp\/v2\/users\/2"}],"replies":[{"embeddable":true,"href":"https:\/\/www.fsfx.com.br\/colegio-sao-francisco\/wp-json\/wp\/v2\/comments?post=1494"}],"version-history":[{"count":0,"href":"https:\/\/www.fsfx.com.br\/colegio-sao-francisco\/wp-json\/wp\/v2\/posts\/1494\/revisions"}],"wp:attachment":[{"href":"https:\/\/www.fsfx.com.br\/colegio-sao-francisco\/wp-json\/wp\/v2\/media?parent=1494"}],"wp:term":[{"taxonomy":"category","embeddable":true,"href":"https:\/\/www.fsfx.com.br\/colegio-sao-francisco\/wp-json\/wp\/v2\/categories?post=1494"},{"taxonomy":"post_tag","embeddable":true,"href":"https:\/\/www.fsfx.com.br\/colegio-sao-francisco\/wp-json\/wp\/v2\/tags?post=1494"}],"curies":[{"name":"wp","href":"https:\/\/api.w.org\/{rel}","templated":true}]}}