{"id":1499,"date":"2020-05-14T18:13:28","date_gmt":"2020-05-14T21:13:28","guid":{"rendered":"http:\/\/fsfx.com.br\/\/csfx\/2020\/05\/14\/medicos-do-hmc-apresentam-pesquisa-cientifica-em-congresso-europeu-de-radioterapia\/"},"modified":"2020-05-14T18:13:28","modified_gmt":"2020-05-14T21:13:28","slug":"medicos-do-hmc-apresentam-pesquisa-cientifica-em-congresso-europeu-de-radioterapia","status":"publish","type":"post","link":"https:\/\/www.fsfx.com.br\/colegio-sao-francisco\/medicos-do-hmc-apresentam-pesquisa-cientifica-em-congresso-europeu-de-radioterapia\/","title":{"rendered":"M\u00e9dicos do HMC apresentam pesquisa cient\u00edfica em congresso europeu de Radioterapia"},"content":{"rendered":"<p><i>Os m\u00e9dicos radioterapeutas Gerson Hiroshi Yoshinari Junior e Harley Franscisco de Oliveira, da Unidade de Oncologia do Hospital M\u00e1rcio Cunha, participaram do 38\u00ba&nbsp;European Society for Radiotherapy<\/i> and <i>Oncology&nbsp;<\/i>(ESTRO), em Mil\u00e3o, na It\u00e1lia. O congresso internacional reuniu mais de 5 mil especialistas e apresentou os principais avan\u00e7os da radioterapia mundial. Na ocasi\u00e3o, os m\u00e9dicos apresentaram o trabalho \u0091Braquiterapia de alta taxa de dose no Brasil\u0092, que fala sobre a utiliza\u00e7\u00e3o da Braquiterapia no pa\u00eds, modalidade de Radioterapia oferecida pelo HMC h\u00e1 cerca de dois anos que permite o tratamento de pessoas de toda a regi\u00e3o norte do estado de Minas Gerais. O tratamento envolve a coloca\u00e7\u00e3o de uma \u00fanica fonte radioativa de alta taxa de dose pr\u00f3xima ou no interior do tumor durante um curto per\u00edodo de tempo, normalmente alguns segundos, promovendo o tratamento de diversos tipos de tumores em diferentes regi\u00f5es do organismo.&nbsp;<\/p>\n<p>A participa\u00e7\u00e3o de especialistas da Unidade<i> nos principais congressos da \u00e1rea refor\u00e7a a&nbsp;<\/i>busca constante da Funda\u00e7\u00e3o S\u00e3o Francisco Xavier (FSFX) pela excel\u00eancia. \u0093A Unidade de Oncologia do Hospital M\u00e1rcio Cunha \u00e9 refer\u00eancia nacional em assist\u00eancia e tem se tornado, tamb\u00e9m, refer\u00eancia cient\u00edfica. Com a participa\u00e7\u00e3o em congressos internacionais de maneira ativa e a exposi\u00e7\u00e3o de estudos cient\u00edficos, estamos apresentando o nosso servi\u00e7o para outros profissionais e institui\u00e7\u00f5es da \u00e1rea, espalhando a cultura da FSFX e levando o nome da Institui\u00e7\u00e3o para fora do pa\u00eds\u0094, ressalta o radioterapeuta <i>Harley Franscisco de Oliveira.<\/i><\/p>\n<p><i>Ao longo do ano, a Unidade de Oncologia ter\u00e1 representantes em outros dois grandes eventos da Radioterapia internacional, o International Stereotactic Radiosurgery Society&nbsp;<\/i>(ISRS), que acontecer\u00e1 em junho, e a Semana da Oncologia, congresso realizado pelas principais sociedades m\u00e9dicas oncol\u00f3gicas do pa\u00eds. S\u00e3o elas:&nbsp;Sociedade Brasileira de Radioterapia (SBRT), da qual Harley \u00e9 Vice-Presidente na atual gest\u00e3o, al\u00e9m da Sociedade Brasileira de Oncologia Cl\u00ednica (SBOC) e Sociedade Brasileira de Cirurgia Oncol\u00f3gica (SBCO), que acontecer\u00e1 em outubro.<\/p>\n<p>Para o radioterapeuta<i>, Gerson Hiroshi Yoshinari Junior, o incentivo da FSFX na produ\u00e7\u00e3o de pesquisas e estudos cient\u00edficos t\u00eam sido&nbsp;<\/i>de fundamental import\u00e2ncia<i> para o sucesso e excel\u00eancia dos tratamentos oferecidos ao paciente.<\/i>\u0093Para n\u00f3s, enquanto pesquisadores, \u00e9 de extrema import\u00e2ncia ter o apoio institucional para buscar os recursos necess\u00e1rios para a produ\u00e7\u00e3o de trabalhos cient\u00edficos de qualidade\u0094, afirma <i>Gerson.<\/i> \u0093Quando a FSFX investe nos profissionais para a produ\u00e7\u00e3o de uma ci\u00eancia relevante e de qualidade, a Institui\u00e7\u00e3o deixa de ser uma reprodutora de m\u00e9todos e passa a ser uma geradora. Isso impacta diretamente no servi\u00e7o prestado em nossa institui\u00e7\u00e3o\u0094, refor\u00e7a a gerente da Unidade de Oncologia, Ledvania Chaves Ribeiro.<\/p>\n<p>&nbsp;<\/p>\n<p><i><strong>ENSINO E PESQUISA&nbsp;<\/strong><\/i><\/p>\n<p>Um fator que contribui significativamente para aumentar o engajamento cient\u00edfico da Funda\u00e7\u00e3o S\u00e3o Francisco Xavier \u00e9 o trabalho exercido pelo setor de Ensino e Pesquisa da Institui\u00e7\u00e3o. A \u00e1rea presta suporte a todas as unidades da Funda\u00e7\u00e3o e desenvolve o aperfei\u00e7oamento progressivo do padr\u00e3o profissional e cient\u00edfico dos seus profissionais, bem como da assist\u00eancia prestada aos pacientes.<\/p>\n<p>O setor de Ensino e Pesquisa tem realizado importantes avan\u00e7os em conhecimento cient\u00edfico na Institui\u00e7\u00e3o. \u0093A cultura da inova\u00e7\u00e3o, ensino e pesquisa est\u00e1 sendo fomentada na FSFX, levando a Institui\u00e7\u00e3o a um novo patamar, agregando novos conhecimentos e tecnologias. Al\u00e9m de promover a sa\u00fade e o bem-estar, estamos empenhados na gera\u00e7\u00e3o e compartilhamento de conhecimento\u0094, conclui Josiano Gomes Chaves, superintendente corporativo de Estrat\u00e9gia e Inova\u00e7\u00e3o.<\/p>\n","protected":false},"excerpt":{"rendered":"<p>Os m\u00e9dicos radioterapeutas Gerson Hiroshi Yoshinari Junior e Harley Franscisco de Oliveira, da Unidade de Oncologia do Hospital M\u00e1rcio Cunha, participaram do 38\u00ba&nbsp;European Society for Radiotherapy and Oncology&nbsp;(ESTRO), em Mil\u00e3o, na It\u00e1lia. O congresso internacional reuniu mais de 5 mil especialistas e apresentou os principais avan\u00e7os da radioterapia mundial. Na ocasi\u00e3o, os m\u00e9dicos apresentaram o [&hellip;]<\/p>\n","protected":false},"author":2,"featured_media":0,"comment_status":"open","ping_status":"open","sticky":false,"template":"","format":"standard","meta":{"_acf_changed":false,"site-sidebar-layout":"default","site-content-layout":"","ast-site-content-layout":"default","site-content-style":"default","site-sidebar-style":"default","ast-global-header-display":"","ast-banner-title-visibility":"","ast-main-header-display":"","ast-hfb-above-header-display":"","ast-hfb-below-header-display":"","ast-hfb-mobile-header-display":"","site-post-title":"","ast-breadcrumbs-content":"","ast-featured-img":"","footer-sml-layout":"","theme-transparent-header-meta":"","adv-header-id-meta":"","stick-header-meta":"","header-above-stick-meta":"","header-main-stick-meta":"","header-below-stick-meta":"","astra-migrate-meta-layouts":"default","ast-page-background-enabled":"default","ast-page-background-meta":{"desktop":{"background-color":"var(--ast-global-color-4)","background-image":"","background-repeat":"repeat","background-position":"center center","background-size":"auto","background-attachment":"scroll","background-type":"","background-media":"","overlay-type":"","overlay-color":"","overlay-opacity":"","overlay-gradient":""},"tablet":{"background-color":"","background-image":"","background-repeat":"repeat","background-position":"center center","background-size":"auto","background-attachment":"scroll","background-type":"","background-media":"","overlay-type":"","overlay-color":"","overlay-opacity":"","overlay-gradient":""},"mobile":{"background-color":"","background-image":"","background-repeat":"repeat","background-position":"center center","background-size":"auto","background-attachment":"scroll","background-type":"","background-media":"","overlay-type":"","overlay-color":"","overlay-opacity":"","overlay-gradient":""}},"ast-content-background-meta":{"desktop":{"background-color":"var(--ast-global-color-5)","background-image":"","background-repeat":"repeat","background-position":"center center","background-size":"auto","background-attachment":"scroll","background-type":"","background-media":"","overlay-type":"","overlay-color":"","overlay-opacity":"","overlay-gradient":""},"tablet":{"background-color":"var(--ast-global-color-5)","background-image":"","background-repeat":"repeat","background-position":"center center","background-size":"auto","background-attachment":"scroll","background-type":"","background-media":"","overlay-type":"","overlay-color":"","overlay-opacity":"","overlay-gradient":""},"mobile":{"background-color":"var(--ast-global-color-5)","background-image":"","background-repeat":"repeat","background-position":"center center","background-size":"auto","background-attachment":"scroll","background-type":"","background-media":"","overlay-type":"","overlay-color":"","overlay-opacity":"","overlay-gradient":""}},"footnotes":""},"categories":[1],"tags":[],"class_list":["post-1499","post","type-post","status-publish","format-standard","hentry","category-sem-categoria"],"acf":[],"yoast_head":"<!-- This site is optimized with the Yoast SEO plugin v26.9 - https:\/\/yoast.com\/product\/yoast-seo-wordpress\/ -->\n<title>M\u00e9dicos do HMC apresentam pesquisa cient\u00edfica em congresso europeu de Radioterapia - Col\u00e9gio S\u00e3o Francisco Xavier<\/title>\n<meta name=\"robots\" content=\"index, follow, max-snippet:-1, max-image-preview:large, max-video-preview:-1\" \/>\n<link rel=\"canonical\" href=\"https:\/\/www.fsfx.com.br\/colegio-sao-francisco\/medicos-do-hmc-apresentam-pesquisa-cientifica-em-congresso-europeu-de-radioterapia\/\" \/>\n<meta property=\"og:locale\" content=\"pt_BR\" \/>\n<meta property=\"og:type\" content=\"article\" \/>\n<meta property=\"og:title\" content=\"M\u00e9dicos do HMC apresentam pesquisa cient\u00edfica em congresso europeu de Radioterapia - Col\u00e9gio S\u00e3o Francisco Xavier\" \/>\n<meta property=\"og:description\" content=\"Os m\u00e9dicos radioterapeutas Gerson Hiroshi Yoshinari Junior e Harley Franscisco de Oliveira, da Unidade de Oncologia do Hospital M\u00e1rcio Cunha, participaram do 38\u00ba&nbsp;European Society for Radiotherapy and Oncology&nbsp;(ESTRO), em Mil\u00e3o, na It\u00e1lia. O congresso internacional reuniu mais de 5 mil especialistas e apresentou os principais avan\u00e7os da radioterapia mundial. Na ocasi\u00e3o, os m\u00e9dicos apresentaram o [&hellip;]\" \/>\n<meta property=\"og:url\" content=\"https:\/\/www.fsfx.com.br\/colegio-sao-francisco\/medicos-do-hmc-apresentam-pesquisa-cientifica-em-congresso-europeu-de-radioterapia\/\" \/>\n<meta property=\"og:site_name\" content=\"Col\u00e9gio S\u00e3o Francisco Xavier\" \/>\n<meta property=\"article:published_time\" content=\"2020-05-14T21:13:28+00:00\" \/>\n<meta name=\"author\" content=\"claudio\" \/>\n<meta name=\"twitter:card\" content=\"summary_large_image\" \/>\n<meta name=\"twitter:label1\" content=\"Escrito por\" \/>\n\t<meta name=\"twitter:data1\" content=\"claudio\" \/>\n\t<meta name=\"twitter:label2\" content=\"Est. tempo de leitura\" \/>\n\t<meta name=\"twitter:data2\" content=\"3 minutos\" \/>\n<script type=\"application\/ld+json\" class=\"yoast-schema-graph\">{\"@context\":\"https:\/\/schema.org\",\"@graph\":[{\"@type\":\"Article\",\"@id\":\"https:\/\/www.fsfx.com.br\/colegio-sao-francisco\/medicos-do-hmc-apresentam-pesquisa-cientifica-em-congresso-europeu-de-radioterapia\/#article\",\"isPartOf\":{\"@id\":\"https:\/\/www.fsfx.com.br\/colegio-sao-francisco\/medicos-do-hmc-apresentam-pesquisa-cientifica-em-congresso-europeu-de-radioterapia\/\"},\"author\":{\"name\":\"claudio\",\"@id\":\"https:\/\/www.fsfx.com.br\/colegio-sao-francisco\/#\/schema\/person\/7d2372fe1973398ab20a060bbb9a87d8\"},\"headline\":\"M\u00e9dicos do HMC apresentam pesquisa cient\u00edfica em congresso europeu de Radioterapia\",\"datePublished\":\"2020-05-14T21:13:28+00:00\",\"mainEntityOfPage\":{\"@id\":\"https:\/\/www.fsfx.com.br\/colegio-sao-francisco\/medicos-do-hmc-apresentam-pesquisa-cientifica-em-congresso-europeu-de-radioterapia\/\"},\"wordCount\":640,\"commentCount\":0,\"publisher\":{\"@id\":\"https:\/\/www.fsfx.com.br\/colegio-sao-francisco\/#organization\"},\"inLanguage\":\"pt-BR\",\"potentialAction\":[{\"@type\":\"CommentAction\",\"name\":\"Comment\",\"target\":[\"https:\/\/www.fsfx.com.br\/colegio-sao-francisco\/medicos-do-hmc-apresentam-pesquisa-cientifica-em-congresso-europeu-de-radioterapia\/#respond\"]}]},{\"@type\":\"WebPage\",\"@id\":\"https:\/\/www.fsfx.com.br\/colegio-sao-francisco\/medicos-do-hmc-apresentam-pesquisa-cientifica-em-congresso-europeu-de-radioterapia\/\",\"url\":\"https:\/\/www.fsfx.com.br\/colegio-sao-francisco\/medicos-do-hmc-apresentam-pesquisa-cientifica-em-congresso-europeu-de-radioterapia\/\",\"name\":\"M\u00e9dicos do HMC apresentam pesquisa cient\u00edfica em congresso europeu de Radioterapia - Col\u00e9gio S\u00e3o Francisco Xavier\",\"isPartOf\":{\"@id\":\"https:\/\/www.fsfx.com.br\/colegio-sao-francisco\/#website\"},\"datePublished\":\"2020-05-14T21:13:28+00:00\",\"breadcrumb\":{\"@id\":\"https:\/\/www.fsfx.com.br\/colegio-sao-francisco\/medicos-do-hmc-apresentam-pesquisa-cientifica-em-congresso-europeu-de-radioterapia\/#breadcrumb\"},\"inLanguage\":\"pt-BR\",\"potentialAction\":[{\"@type\":\"ReadAction\",\"target\":[\"https:\/\/www.fsfx.com.br\/colegio-sao-francisco\/medicos-do-hmc-apresentam-pesquisa-cientifica-em-congresso-europeu-de-radioterapia\/\"]}]},{\"@type\":\"BreadcrumbList\",\"@id\":\"https:\/\/www.fsfx.com.br\/colegio-sao-francisco\/medicos-do-hmc-apresentam-pesquisa-cientifica-em-congresso-europeu-de-radioterapia\/#breadcrumb\",\"itemListElement\":[{\"@type\":\"ListItem\",\"position\":1,\"name\":\"In\u00edcio\",\"item\":\"https:\/\/www.fsfx.com.br\/colegio-sao-francisco\/\"},{\"@type\":\"ListItem\",\"position\":2,\"name\":\"M\u00e9dicos do HMC apresentam pesquisa cient\u00edfica em congresso europeu de Radioterapia\"}]},{\"@type\":\"WebSite\",\"@id\":\"https:\/\/www.fsfx.com.br\/colegio-sao-francisco\/#website\",\"url\":\"https:\/\/www.fsfx.com.br\/colegio-sao-francisco\/\",\"name\":\"Col\u00e9gio S\u00e3o Francisco Xavier\",\"description\":\"\",\"publisher\":{\"@id\":\"https:\/\/www.fsfx.com.br\/colegio-sao-francisco\/#organization\"},\"potentialAction\":[{\"@type\":\"SearchAction\",\"target\":{\"@type\":\"EntryPoint\",\"urlTemplate\":\"https:\/\/www.fsfx.com.br\/colegio-sao-francisco\/?s={search_term_string}\"},\"query-input\":{\"@type\":\"PropertyValueSpecification\",\"valueRequired\":true,\"valueName\":\"search_term_string\"}}],\"inLanguage\":\"pt-BR\"},{\"@type\":\"Organization\",\"@id\":\"https:\/\/www.fsfx.com.br\/colegio-sao-francisco\/#organization\",\"name\":\"CSFX - Col\u00e9gio S\u00e3o Francisco Xavier\",\"url\":\"https:\/\/www.fsfx.com.br\/colegio-sao-francisco\/\",\"logo\":{\"@type\":\"ImageObject\",\"inLanguage\":\"pt-BR\",\"@id\":\"https:\/\/www.fsfx.com.br\/colegio-sao-francisco\/#\/schema\/logo\/image\/\",\"url\":\"https:\/\/www.fsfx.com.br\/colegio-sao-francisco\/wp-content\/uploads\/sites\/10\/2020\/02\/logo.png\",\"contentUrl\":\"https:\/\/www.fsfx.com.br\/colegio-sao-francisco\/wp-content\/uploads\/sites\/10\/2020\/02\/logo.png\",\"width\":175,\"height\":40,\"caption\":\"CSFX - Col\u00e9gio S\u00e3o Francisco Xavier\"},\"image\":{\"@id\":\"https:\/\/www.fsfx.com.br\/colegio-sao-francisco\/#\/schema\/logo\/image\/\"}},{\"@type\":\"Person\",\"@id\":\"https:\/\/www.fsfx.com.br\/colegio-sao-francisco\/#\/schema\/person\/7d2372fe1973398ab20a060bbb9a87d8\",\"name\":\"claudio\",\"image\":{\"@type\":\"ImageObject\",\"inLanguage\":\"pt-BR\",\"@id\":\"https:\/\/www.fsfx.com.br\/colegio-sao-francisco\/#\/schema\/person\/image\/\",\"url\":\"https:\/\/secure.gravatar.com\/avatar\/724caacf0f2f073275cb3689c577e73e87e40150b1ffd648a67445e75aa7ff03?s=96&d=mm&r=g\",\"contentUrl\":\"https:\/\/secure.gravatar.com\/avatar\/724caacf0f2f073275cb3689c577e73e87e40150b1ffd648a67445e75aa7ff03?s=96&d=mm&r=g\",\"caption\":\"claudio\"},\"url\":\"https:\/\/www.fsfx.com.br\/colegio-sao-francisco\/author\/claudio\/\"}]}<\/script>\n<!-- \/ Yoast SEO plugin. -->","yoast_head_json":{"title":"M\u00e9dicos do HMC apresentam pesquisa cient\u00edfica em congresso europeu de Radioterapia - Col\u00e9gio S\u00e3o Francisco Xavier","robots":{"index":"index","follow":"follow","max-snippet":"max-snippet:-1","max-image-preview":"max-image-preview:large","max-video-preview":"max-video-preview:-1"},"canonical":"https:\/\/www.fsfx.com.br\/colegio-sao-francisco\/medicos-do-hmc-apresentam-pesquisa-cientifica-em-congresso-europeu-de-radioterapia\/","og_locale":"pt_BR","og_type":"article","og_title":"M\u00e9dicos do HMC apresentam pesquisa cient\u00edfica em congresso europeu de Radioterapia - Col\u00e9gio S\u00e3o Francisco Xavier","og_description":"Os m\u00e9dicos radioterapeutas Gerson Hiroshi Yoshinari Junior e Harley Franscisco de Oliveira, da Unidade de Oncologia do Hospital M\u00e1rcio Cunha, participaram do 38\u00ba&nbsp;European Society for Radiotherapy and Oncology&nbsp;(ESTRO), em Mil\u00e3o, na It\u00e1lia. O congresso internacional reuniu mais de 5 mil especialistas e apresentou os principais avan\u00e7os da radioterapia mundial. Na ocasi\u00e3o, os m\u00e9dicos apresentaram o [&hellip;]","og_url":"https:\/\/www.fsfx.com.br\/colegio-sao-francisco\/medicos-do-hmc-apresentam-pesquisa-cientifica-em-congresso-europeu-de-radioterapia\/","og_site_name":"Col\u00e9gio S\u00e3o Francisco Xavier","article_published_time":"2020-05-14T21:13:28+00:00","author":"claudio","twitter_card":"summary_large_image","twitter_misc":{"Escrito por":"claudio","Est. tempo de leitura":"3 minutos"},"schema":{"@context":"https:\/\/schema.org","@graph":[{"@type":"Article","@id":"https:\/\/www.fsfx.com.br\/colegio-sao-francisco\/medicos-do-hmc-apresentam-pesquisa-cientifica-em-congresso-europeu-de-radioterapia\/#article","isPartOf":{"@id":"https:\/\/www.fsfx.com.br\/colegio-sao-francisco\/medicos-do-hmc-apresentam-pesquisa-cientifica-em-congresso-europeu-de-radioterapia\/"},"author":{"name":"claudio","@id":"https:\/\/www.fsfx.com.br\/colegio-sao-francisco\/#\/schema\/person\/7d2372fe1973398ab20a060bbb9a87d8"},"headline":"M\u00e9dicos do HMC apresentam pesquisa cient\u00edfica em congresso europeu de Radioterapia","datePublished":"2020-05-14T21:13:28+00:00","mainEntityOfPage":{"@id":"https:\/\/www.fsfx.com.br\/colegio-sao-francisco\/medicos-do-hmc-apresentam-pesquisa-cientifica-em-congresso-europeu-de-radioterapia\/"},"wordCount":640,"commentCount":0,"publisher":{"@id":"https:\/\/www.fsfx.com.br\/colegio-sao-francisco\/#organization"},"inLanguage":"pt-BR","potentialAction":[{"@type":"CommentAction","name":"Comment","target":["https:\/\/www.fsfx.com.br\/colegio-sao-francisco\/medicos-do-hmc-apresentam-pesquisa-cientifica-em-congresso-europeu-de-radioterapia\/#respond"]}]},{"@type":"WebPage","@id":"https:\/\/www.fsfx.com.br\/colegio-sao-francisco\/medicos-do-hmc-apresentam-pesquisa-cientifica-em-congresso-europeu-de-radioterapia\/","url":"https:\/\/www.fsfx.com.br\/colegio-sao-francisco\/medicos-do-hmc-apresentam-pesquisa-cientifica-em-congresso-europeu-de-radioterapia\/","name":"M\u00e9dicos do HMC apresentam pesquisa cient\u00edfica em congresso europeu de Radioterapia - Col\u00e9gio S\u00e3o Francisco Xavier","isPartOf":{"@id":"https:\/\/www.fsfx.com.br\/colegio-sao-francisco\/#website"},"datePublished":"2020-05-14T21:13:28+00:00","breadcrumb":{"@id":"https:\/\/www.fsfx.com.br\/colegio-sao-francisco\/medicos-do-hmc-apresentam-pesquisa-cientifica-em-congresso-europeu-de-radioterapia\/#breadcrumb"},"inLanguage":"pt-BR","potentialAction":[{"@type":"ReadAction","target":["https:\/\/www.fsfx.com.br\/colegio-sao-francisco\/medicos-do-hmc-apresentam-pesquisa-cientifica-em-congresso-europeu-de-radioterapia\/"]}]},{"@type":"BreadcrumbList","@id":"https:\/\/www.fsfx.com.br\/colegio-sao-francisco\/medicos-do-hmc-apresentam-pesquisa-cientifica-em-congresso-europeu-de-radioterapia\/#breadcrumb","itemListElement":[{"@type":"ListItem","position":1,"name":"In\u00edcio","item":"https:\/\/www.fsfx.com.br\/colegio-sao-francisco\/"},{"@type":"ListItem","position":2,"name":"M\u00e9dicos do HMC apresentam pesquisa cient\u00edfica em congresso europeu de Radioterapia"}]},{"@type":"WebSite","@id":"https:\/\/www.fsfx.com.br\/colegio-sao-francisco\/#website","url":"https:\/\/www.fsfx.com.br\/colegio-sao-francisco\/","name":"Col\u00e9gio S\u00e3o Francisco Xavier","description":"","publisher":{"@id":"https:\/\/www.fsfx.com.br\/colegio-sao-francisco\/#organization"},"potentialAction":[{"@type":"SearchAction","target":{"@type":"EntryPoint","urlTemplate":"https:\/\/www.fsfx.com.br\/colegio-sao-francisco\/?s={search_term_string}"},"query-input":{"@type":"PropertyValueSpecification","valueRequired":true,"valueName":"search_term_string"}}],"inLanguage":"pt-BR"},{"@type":"Organization","@id":"https:\/\/www.fsfx.com.br\/colegio-sao-francisco\/#organization","name":"CSFX - Col\u00e9gio S\u00e3o Francisco Xavier","url":"https:\/\/www.fsfx.com.br\/colegio-sao-francisco\/","logo":{"@type":"ImageObject","inLanguage":"pt-BR","@id":"https:\/\/www.fsfx.com.br\/colegio-sao-francisco\/#\/schema\/logo\/image\/","url":"https:\/\/www.fsfx.com.br\/colegio-sao-francisco\/wp-content\/uploads\/sites\/10\/2020\/02\/logo.png","contentUrl":"https:\/\/www.fsfx.com.br\/colegio-sao-francisco\/wp-content\/uploads\/sites\/10\/2020\/02\/logo.png","width":175,"height":40,"caption":"CSFX - Col\u00e9gio S\u00e3o Francisco Xavier"},"image":{"@id":"https:\/\/www.fsfx.com.br\/colegio-sao-francisco\/#\/schema\/logo\/image\/"}},{"@type":"Person","@id":"https:\/\/www.fsfx.com.br\/colegio-sao-francisco\/#\/schema\/person\/7d2372fe1973398ab20a060bbb9a87d8","name":"claudio","image":{"@type":"ImageObject","inLanguage":"pt-BR","@id":"https:\/\/www.fsfx.com.br\/colegio-sao-francisco\/#\/schema\/person\/image\/","url":"https:\/\/secure.gravatar.com\/avatar\/724caacf0f2f073275cb3689c577e73e87e40150b1ffd648a67445e75aa7ff03?s=96&d=mm&r=g","contentUrl":"https:\/\/secure.gravatar.com\/avatar\/724caacf0f2f073275cb3689c577e73e87e40150b1ffd648a67445e75aa7ff03?s=96&d=mm&r=g","caption":"claudio"},"url":"https:\/\/www.fsfx.com.br\/colegio-sao-francisco\/author\/claudio\/"}]}},"_links":{"self":[{"href":"https:\/\/www.fsfx.com.br\/colegio-sao-francisco\/wp-json\/wp\/v2\/posts\/1499","targetHints":{"allow":["GET"]}}],"collection":[{"href":"https:\/\/www.fsfx.com.br\/colegio-sao-francisco\/wp-json\/wp\/v2\/posts"}],"about":[{"href":"https:\/\/www.fsfx.com.br\/colegio-sao-francisco\/wp-json\/wp\/v2\/types\/post"}],"author":[{"embeddable":true,"href":"https:\/\/www.fsfx.com.br\/colegio-sao-francisco\/wp-json\/wp\/v2\/users\/2"}],"replies":[{"embeddable":true,"href":"https:\/\/www.fsfx.com.br\/colegio-sao-francisco\/wp-json\/wp\/v2\/comments?post=1499"}],"version-history":[{"count":0,"href":"https:\/\/www.fsfx.com.br\/colegio-sao-francisco\/wp-json\/wp\/v2\/posts\/1499\/revisions"}],"wp:attachment":[{"href":"https:\/\/www.fsfx.com.br\/colegio-sao-francisco\/wp-json\/wp\/v2\/media?parent=1499"}],"wp:term":[{"taxonomy":"category","embeddable":true,"href":"https:\/\/www.fsfx.com.br\/colegio-sao-francisco\/wp-json\/wp\/v2\/categories?post=1499"},{"taxonomy":"post_tag","embeddable":true,"href":"https:\/\/www.fsfx.com.br\/colegio-sao-francisco\/wp-json\/wp\/v2\/tags?post=1499"}],"curies":[{"name":"wp","href":"https:\/\/api.w.org\/{rel}","templated":true}]}}