{"id":1510,"date":"2020-05-14T18:13:47","date_gmt":"2020-05-14T21:13:47","guid":{"rendered":"http:\/\/fsfx.com.br\/\/csfx\/2020\/05\/14\/hmc-cria-nucleo-especializado-em-tratamento-de-pacientes-epileticos\/"},"modified":"2020-05-14T18:13:47","modified_gmt":"2020-05-14T21:13:47","slug":"hmc-cria-nucleo-especializado-em-tratamento-de-pacientes-epileticos","status":"publish","type":"post","link":"https:\/\/www.fsfx.com.br\/colegio-sao-francisco\/hmc-cria-nucleo-especializado-em-tratamento-de-pacientes-epileticos\/","title":{"rendered":"HMC cria n\u00facleo especializado em tratamento de pacientes epil\u00e9ticos"},"content":{"rendered":"<p>O \u0093Dia Roxo\u0094, celebrado em 26 de mar\u00e7o, marca o esfor\u00e7o mundial em prol da conscientiza\u00e7\u00e3o sobre a epilepsia. Para celebrar a data, o Hospital M\u00e1rcio Cunha (HMC), administrado pela Funda\u00e7\u00e3o S\u00e3o Francisco Xavier (FSFX), anunciou a cria\u00e7\u00e3o de um n\u00facleo especial para o tratamento de epilepsia que contar\u00e1 com servi\u00e7o especializado e focado nas necessidades do paciente. Calcula-se que no Brasil existem tr\u00eas milh\u00f5es de pessoas portadoras de epilepsia e que a cada ano 200 mil novos casos podem surgir. No Vale do A\u00e7o, cerca de 10 mil pessoas convivem com a s\u00edndrome.<\/p>\n<p>Segundo o m\u00e9dico neurocirurgi\u00e3o do HMC, Rafael Fonseca de Queiroz, o novo n\u00facleo prestar\u00e1 um servi\u00e7o especializado. \u0093A epilepsia \u00e9 uma doen\u00e7a cr\u00f4nica em que existe uma altera\u00e7\u00e3o na atividade el\u00e9trica das c\u00e9lulas cerebrais, causando crises epil\u00e9pticas. Essas crises podem ter manifesta\u00e7\u00f5es cl\u00ednicas diversas, algumas com o quadro t\u00edpico da convuls\u00e3o, mais conhecida pela popula\u00e7\u00e3o, por\u00e9m, em alguns casos, essas crises podem ter manifesta\u00e7\u00f5es sutis. Com a cria\u00e7\u00e3o de um centro especializado para o tratamento da doen\u00e7a, o Hospital M\u00e1rcio Cunha oferecer\u00e1 o que h\u00e1 de mais moderno. Cerca de 25% das pessoas com epilepsia s\u00e3o resistentes ao controle de crises apenas com o uso de medica\u00e7\u00f5es. Nesse caso, o paciente pode se beneficiar por meio do tratamento neurocir\u00fargico ou mudan\u00e7as alimentares\u0094, revela Rafael.<\/p>\n<p>&nbsp;<\/p>\n<p><i>DIA ROXO<\/i><\/p>\n<p>Anualmente, no Dia Mundial de Conscientiza\u00e7\u00e3o sobre a Epilepsia, o Dia Roxo, pessoas e institui\u00e7\u00f5es de v\u00e1rios pa\u00edses se dedicam para desmistificar a epilepsia e seus sintomas. A data foi criada em 2008, <i>por Cassidy Megan, uma crian\u00e7a com nove anos, na \u00e9poca, de Nova Esc\u00f3cia, no Canad\u00e1, com a ajuda da Associa\u00e7\u00e3o de Epilepsia da Nova Esc\u00f3cia (EANS). A<\/i> cor roxa foi escolhida em refer\u00eancia \u00e0 flor de lavanda, frequentemente associada ao sentimento de solid\u00e3o e de isolamento, sensa\u00e7\u00f5es que causam muito mais sofrimento do que a pr\u00f3pria crise convulsiva de quem tem epilepsia<i>.&nbsp;<\/i><\/p>\n<p><i>O objetivo \u00e9 mostrar que as pessoas com epilepsia, de qualquer lugar do mundo, jamais dever\u00e3o se sentir sozinhas. \u0093<\/i>H\u00e1 muito tempo a condi\u00e7\u00e3o tem sido estigmatizada devido aos seus sintomas que, por diversas vezes, s\u00e3o vistos por algumas pessoas como perturba\u00e7\u00f5es espirituais. Iniciativas como o Dia Roxo s\u00e3o de extrema import\u00e2ncia para mostrar que a epilepsia \u00e9 uma doen\u00e7a s\u00e9ria e que as crises devem ser tratadas corretamente para que o paciente consiga ter uma boa qualidade de&nbsp;vida\u0094, conclui o neurocirurgi\u00e3o.&nbsp;<\/p>\n","protected":false},"excerpt":{"rendered":"<p>O \u0093Dia Roxo\u0094, celebrado em 26 de mar\u00e7o, marca o esfor\u00e7o mundial em prol da conscientiza\u00e7\u00e3o sobre a epilepsia. Para celebrar a data, o Hospital M\u00e1rcio Cunha (HMC), administrado pela Funda\u00e7\u00e3o S\u00e3o Francisco Xavier (FSFX), anunciou a cria\u00e7\u00e3o de um n\u00facleo especial para o tratamento de epilepsia que contar\u00e1 com servi\u00e7o especializado e focado nas [&hellip;]<\/p>\n","protected":false},"author":2,"featured_media":0,"comment_status":"open","ping_status":"open","sticky":false,"template":"","format":"standard","meta":{"_acf_changed":false,"site-sidebar-layout":"default","site-content-layout":"","ast-site-content-layout":"default","site-content-style":"default","site-sidebar-style":"default","ast-global-header-display":"","ast-banner-title-visibility":"","ast-main-header-display":"","ast-hfb-above-header-display":"","ast-hfb-below-header-display":"","ast-hfb-mobile-header-display":"","site-post-title":"","ast-breadcrumbs-content":"","ast-featured-img":"","footer-sml-layout":"","theme-transparent-header-meta":"","adv-header-id-meta":"","stick-header-meta":"","header-above-stick-meta":"","header-main-stick-meta":"","header-below-stick-meta":"","astra-migrate-meta-layouts":"default","ast-page-background-enabled":"default","ast-page-background-meta":{"desktop":{"background-color":"var(--ast-global-color-4)","background-image":"","background-repeat":"repeat","background-position":"center center","background-size":"auto","background-attachment":"scroll","background-type":"","background-media":"","overlay-type":"","overlay-color":"","overlay-opacity":"","overlay-gradient":""},"tablet":{"background-color":"","background-image":"","background-repeat":"repeat","background-position":"center center","background-size":"auto","background-attachment":"scroll","background-type":"","background-media":"","overlay-type":"","overlay-color":"","overlay-opacity":"","overlay-gradient":""},"mobile":{"background-color":"","background-image":"","background-repeat":"repeat","background-position":"center center","background-size":"auto","background-attachment":"scroll","background-type":"","background-media":"","overlay-type":"","overlay-color":"","overlay-opacity":"","overlay-gradient":""}},"ast-content-background-meta":{"desktop":{"background-color":"var(--ast-global-color-5)","background-image":"","background-repeat":"repeat","background-position":"center center","background-size":"auto","background-attachment":"scroll","background-type":"","background-media":"","overlay-type":"","overlay-color":"","overlay-opacity":"","overlay-gradient":""},"tablet":{"background-color":"var(--ast-global-color-5)","background-image":"","background-repeat":"repeat","background-position":"center center","background-size":"auto","background-attachment":"scroll","background-type":"","background-media":"","overlay-type":"","overlay-color":"","overlay-opacity":"","overlay-gradient":""},"mobile":{"background-color":"var(--ast-global-color-5)","background-image":"","background-repeat":"repeat","background-position":"center center","background-size":"auto","background-attachment":"scroll","background-type":"","background-media":"","overlay-type":"","overlay-color":"","overlay-opacity":"","overlay-gradient":""}},"footnotes":""},"categories":[1],"tags":[],"class_list":["post-1510","post","type-post","status-publish","format-standard","hentry","category-sem-categoria"],"acf":[],"yoast_head":"<!-- This site is optimized with the Yoast SEO plugin v26.9 - https:\/\/yoast.com\/product\/yoast-seo-wordpress\/ -->\n<title>HMC cria n\u00facleo especializado em tratamento de pacientes epil\u00e9ticos - Col\u00e9gio S\u00e3o Francisco Xavier<\/title>\n<meta name=\"robots\" content=\"index, follow, max-snippet:-1, max-image-preview:large, max-video-preview:-1\" \/>\n<link rel=\"canonical\" href=\"https:\/\/www.fsfx.com.br\/colegio-sao-francisco\/hmc-cria-nucleo-especializado-em-tratamento-de-pacientes-epileticos\/\" \/>\n<meta property=\"og:locale\" content=\"pt_BR\" \/>\n<meta property=\"og:type\" content=\"article\" \/>\n<meta property=\"og:title\" content=\"HMC cria n\u00facleo especializado em tratamento de pacientes epil\u00e9ticos - Col\u00e9gio S\u00e3o Francisco Xavier\" \/>\n<meta property=\"og:description\" content=\"O \u0093Dia Roxo\u0094, celebrado em 26 de mar\u00e7o, marca o esfor\u00e7o mundial em prol da conscientiza\u00e7\u00e3o sobre a epilepsia. Para celebrar a data, o Hospital M\u00e1rcio Cunha (HMC), administrado pela Funda\u00e7\u00e3o S\u00e3o Francisco Xavier (FSFX), anunciou a cria\u00e7\u00e3o de um n\u00facleo especial para o tratamento de epilepsia que contar\u00e1 com servi\u00e7o especializado e focado nas [&hellip;]\" \/>\n<meta property=\"og:url\" content=\"https:\/\/www.fsfx.com.br\/colegio-sao-francisco\/hmc-cria-nucleo-especializado-em-tratamento-de-pacientes-epileticos\/\" \/>\n<meta property=\"og:site_name\" content=\"Col\u00e9gio S\u00e3o Francisco Xavier\" \/>\n<meta property=\"article:published_time\" content=\"2020-05-14T21:13:47+00:00\" \/>\n<meta name=\"author\" content=\"claudio\" \/>\n<meta name=\"twitter:card\" content=\"summary_large_image\" \/>\n<meta name=\"twitter:label1\" content=\"Escrito por\" \/>\n\t<meta name=\"twitter:data1\" content=\"claudio\" \/>\n\t<meta name=\"twitter:label2\" content=\"Est. tempo de leitura\" \/>\n\t<meta name=\"twitter:data2\" content=\"2 minutos\" \/>\n<script type=\"application\/ld+json\" class=\"yoast-schema-graph\">{\"@context\":\"https:\/\/schema.org\",\"@graph\":[{\"@type\":\"Article\",\"@id\":\"https:\/\/www.fsfx.com.br\/colegio-sao-francisco\/hmc-cria-nucleo-especializado-em-tratamento-de-pacientes-epileticos\/#article\",\"isPartOf\":{\"@id\":\"https:\/\/www.fsfx.com.br\/colegio-sao-francisco\/hmc-cria-nucleo-especializado-em-tratamento-de-pacientes-epileticos\/\"},\"author\":{\"name\":\"claudio\",\"@id\":\"https:\/\/www.fsfx.com.br\/colegio-sao-francisco\/#\/schema\/person\/7d2372fe1973398ab20a060bbb9a87d8\"},\"headline\":\"HMC cria n\u00facleo especializado em tratamento de pacientes epil\u00e9ticos\",\"datePublished\":\"2020-05-14T21:13:47+00:00\",\"mainEntityOfPage\":{\"@id\":\"https:\/\/www.fsfx.com.br\/colegio-sao-francisco\/hmc-cria-nucleo-especializado-em-tratamento-de-pacientes-epileticos\/\"},\"wordCount\":462,\"commentCount\":0,\"publisher\":{\"@id\":\"https:\/\/www.fsfx.com.br\/colegio-sao-francisco\/#organization\"},\"inLanguage\":\"pt-BR\",\"potentialAction\":[{\"@type\":\"CommentAction\",\"name\":\"Comment\",\"target\":[\"https:\/\/www.fsfx.com.br\/colegio-sao-francisco\/hmc-cria-nucleo-especializado-em-tratamento-de-pacientes-epileticos\/#respond\"]}]},{\"@type\":\"WebPage\",\"@id\":\"https:\/\/www.fsfx.com.br\/colegio-sao-francisco\/hmc-cria-nucleo-especializado-em-tratamento-de-pacientes-epileticos\/\",\"url\":\"https:\/\/www.fsfx.com.br\/colegio-sao-francisco\/hmc-cria-nucleo-especializado-em-tratamento-de-pacientes-epileticos\/\",\"name\":\"HMC cria n\u00facleo especializado em tratamento de pacientes epil\u00e9ticos - Col\u00e9gio S\u00e3o Francisco Xavier\",\"isPartOf\":{\"@id\":\"https:\/\/www.fsfx.com.br\/colegio-sao-francisco\/#website\"},\"datePublished\":\"2020-05-14T21:13:47+00:00\",\"breadcrumb\":{\"@id\":\"https:\/\/www.fsfx.com.br\/colegio-sao-francisco\/hmc-cria-nucleo-especializado-em-tratamento-de-pacientes-epileticos\/#breadcrumb\"},\"inLanguage\":\"pt-BR\",\"potentialAction\":[{\"@type\":\"ReadAction\",\"target\":[\"https:\/\/www.fsfx.com.br\/colegio-sao-francisco\/hmc-cria-nucleo-especializado-em-tratamento-de-pacientes-epileticos\/\"]}]},{\"@type\":\"BreadcrumbList\",\"@id\":\"https:\/\/www.fsfx.com.br\/colegio-sao-francisco\/hmc-cria-nucleo-especializado-em-tratamento-de-pacientes-epileticos\/#breadcrumb\",\"itemListElement\":[{\"@type\":\"ListItem\",\"position\":1,\"name\":\"In\u00edcio\",\"item\":\"https:\/\/www.fsfx.com.br\/colegio-sao-francisco\/\"},{\"@type\":\"ListItem\",\"position\":2,\"name\":\"HMC cria n\u00facleo especializado em tratamento de pacientes epil\u00e9ticos\"}]},{\"@type\":\"WebSite\",\"@id\":\"https:\/\/www.fsfx.com.br\/colegio-sao-francisco\/#website\",\"url\":\"https:\/\/www.fsfx.com.br\/colegio-sao-francisco\/\",\"name\":\"Col\u00e9gio S\u00e3o Francisco Xavier\",\"description\":\"\",\"publisher\":{\"@id\":\"https:\/\/www.fsfx.com.br\/colegio-sao-francisco\/#organization\"},\"potentialAction\":[{\"@type\":\"SearchAction\",\"target\":{\"@type\":\"EntryPoint\",\"urlTemplate\":\"https:\/\/www.fsfx.com.br\/colegio-sao-francisco\/?s={search_term_string}\"},\"query-input\":{\"@type\":\"PropertyValueSpecification\",\"valueRequired\":true,\"valueName\":\"search_term_string\"}}],\"inLanguage\":\"pt-BR\"},{\"@type\":\"Organization\",\"@id\":\"https:\/\/www.fsfx.com.br\/colegio-sao-francisco\/#organization\",\"name\":\"CSFX - Col\u00e9gio S\u00e3o Francisco Xavier\",\"url\":\"https:\/\/www.fsfx.com.br\/colegio-sao-francisco\/\",\"logo\":{\"@type\":\"ImageObject\",\"inLanguage\":\"pt-BR\",\"@id\":\"https:\/\/www.fsfx.com.br\/colegio-sao-francisco\/#\/schema\/logo\/image\/\",\"url\":\"https:\/\/www.fsfx.com.br\/colegio-sao-francisco\/wp-content\/uploads\/sites\/10\/2020\/02\/logo.png\",\"contentUrl\":\"https:\/\/www.fsfx.com.br\/colegio-sao-francisco\/wp-content\/uploads\/sites\/10\/2020\/02\/logo.png\",\"width\":175,\"height\":40,\"caption\":\"CSFX - Col\u00e9gio S\u00e3o Francisco Xavier\"},\"image\":{\"@id\":\"https:\/\/www.fsfx.com.br\/colegio-sao-francisco\/#\/schema\/logo\/image\/\"}},{\"@type\":\"Person\",\"@id\":\"https:\/\/www.fsfx.com.br\/colegio-sao-francisco\/#\/schema\/person\/7d2372fe1973398ab20a060bbb9a87d8\",\"name\":\"claudio\",\"image\":{\"@type\":\"ImageObject\",\"inLanguage\":\"pt-BR\",\"@id\":\"https:\/\/www.fsfx.com.br\/colegio-sao-francisco\/#\/schema\/person\/image\/\",\"url\":\"https:\/\/secure.gravatar.com\/avatar\/724caacf0f2f073275cb3689c577e73e87e40150b1ffd648a67445e75aa7ff03?s=96&d=mm&r=g\",\"contentUrl\":\"https:\/\/secure.gravatar.com\/avatar\/724caacf0f2f073275cb3689c577e73e87e40150b1ffd648a67445e75aa7ff03?s=96&d=mm&r=g\",\"caption\":\"claudio\"},\"url\":\"https:\/\/www.fsfx.com.br\/colegio-sao-francisco\/author\/claudio\/\"}]}<\/script>\n<!-- \/ Yoast SEO plugin. -->","yoast_head_json":{"title":"HMC cria n\u00facleo especializado em tratamento de pacientes epil\u00e9ticos - Col\u00e9gio S\u00e3o Francisco Xavier","robots":{"index":"index","follow":"follow","max-snippet":"max-snippet:-1","max-image-preview":"max-image-preview:large","max-video-preview":"max-video-preview:-1"},"canonical":"https:\/\/www.fsfx.com.br\/colegio-sao-francisco\/hmc-cria-nucleo-especializado-em-tratamento-de-pacientes-epileticos\/","og_locale":"pt_BR","og_type":"article","og_title":"HMC cria n\u00facleo especializado em tratamento de pacientes epil\u00e9ticos - Col\u00e9gio S\u00e3o Francisco Xavier","og_description":"O \u0093Dia Roxo\u0094, celebrado em 26 de mar\u00e7o, marca o esfor\u00e7o mundial em prol da conscientiza\u00e7\u00e3o sobre a epilepsia. Para celebrar a data, o Hospital M\u00e1rcio Cunha (HMC), administrado pela Funda\u00e7\u00e3o S\u00e3o Francisco Xavier (FSFX), anunciou a cria\u00e7\u00e3o de um n\u00facleo especial para o tratamento de epilepsia que contar\u00e1 com servi\u00e7o especializado e focado nas [&hellip;]","og_url":"https:\/\/www.fsfx.com.br\/colegio-sao-francisco\/hmc-cria-nucleo-especializado-em-tratamento-de-pacientes-epileticos\/","og_site_name":"Col\u00e9gio S\u00e3o Francisco Xavier","article_published_time":"2020-05-14T21:13:47+00:00","author":"claudio","twitter_card":"summary_large_image","twitter_misc":{"Escrito por":"claudio","Est. tempo de leitura":"2 minutos"},"schema":{"@context":"https:\/\/schema.org","@graph":[{"@type":"Article","@id":"https:\/\/www.fsfx.com.br\/colegio-sao-francisco\/hmc-cria-nucleo-especializado-em-tratamento-de-pacientes-epileticos\/#article","isPartOf":{"@id":"https:\/\/www.fsfx.com.br\/colegio-sao-francisco\/hmc-cria-nucleo-especializado-em-tratamento-de-pacientes-epileticos\/"},"author":{"name":"claudio","@id":"https:\/\/www.fsfx.com.br\/colegio-sao-francisco\/#\/schema\/person\/7d2372fe1973398ab20a060bbb9a87d8"},"headline":"HMC cria n\u00facleo especializado em tratamento de pacientes epil\u00e9ticos","datePublished":"2020-05-14T21:13:47+00:00","mainEntityOfPage":{"@id":"https:\/\/www.fsfx.com.br\/colegio-sao-francisco\/hmc-cria-nucleo-especializado-em-tratamento-de-pacientes-epileticos\/"},"wordCount":462,"commentCount":0,"publisher":{"@id":"https:\/\/www.fsfx.com.br\/colegio-sao-francisco\/#organization"},"inLanguage":"pt-BR","potentialAction":[{"@type":"CommentAction","name":"Comment","target":["https:\/\/www.fsfx.com.br\/colegio-sao-francisco\/hmc-cria-nucleo-especializado-em-tratamento-de-pacientes-epileticos\/#respond"]}]},{"@type":"WebPage","@id":"https:\/\/www.fsfx.com.br\/colegio-sao-francisco\/hmc-cria-nucleo-especializado-em-tratamento-de-pacientes-epileticos\/","url":"https:\/\/www.fsfx.com.br\/colegio-sao-francisco\/hmc-cria-nucleo-especializado-em-tratamento-de-pacientes-epileticos\/","name":"HMC cria n\u00facleo especializado em tratamento de pacientes epil\u00e9ticos - Col\u00e9gio S\u00e3o Francisco Xavier","isPartOf":{"@id":"https:\/\/www.fsfx.com.br\/colegio-sao-francisco\/#website"},"datePublished":"2020-05-14T21:13:47+00:00","breadcrumb":{"@id":"https:\/\/www.fsfx.com.br\/colegio-sao-francisco\/hmc-cria-nucleo-especializado-em-tratamento-de-pacientes-epileticos\/#breadcrumb"},"inLanguage":"pt-BR","potentialAction":[{"@type":"ReadAction","target":["https:\/\/www.fsfx.com.br\/colegio-sao-francisco\/hmc-cria-nucleo-especializado-em-tratamento-de-pacientes-epileticos\/"]}]},{"@type":"BreadcrumbList","@id":"https:\/\/www.fsfx.com.br\/colegio-sao-francisco\/hmc-cria-nucleo-especializado-em-tratamento-de-pacientes-epileticos\/#breadcrumb","itemListElement":[{"@type":"ListItem","position":1,"name":"In\u00edcio","item":"https:\/\/www.fsfx.com.br\/colegio-sao-francisco\/"},{"@type":"ListItem","position":2,"name":"HMC cria n\u00facleo especializado em tratamento de pacientes epil\u00e9ticos"}]},{"@type":"WebSite","@id":"https:\/\/www.fsfx.com.br\/colegio-sao-francisco\/#website","url":"https:\/\/www.fsfx.com.br\/colegio-sao-francisco\/","name":"Col\u00e9gio S\u00e3o Francisco Xavier","description":"","publisher":{"@id":"https:\/\/www.fsfx.com.br\/colegio-sao-francisco\/#organization"},"potentialAction":[{"@type":"SearchAction","target":{"@type":"EntryPoint","urlTemplate":"https:\/\/www.fsfx.com.br\/colegio-sao-francisco\/?s={search_term_string}"},"query-input":{"@type":"PropertyValueSpecification","valueRequired":true,"valueName":"search_term_string"}}],"inLanguage":"pt-BR"},{"@type":"Organization","@id":"https:\/\/www.fsfx.com.br\/colegio-sao-francisco\/#organization","name":"CSFX - Col\u00e9gio S\u00e3o Francisco Xavier","url":"https:\/\/www.fsfx.com.br\/colegio-sao-francisco\/","logo":{"@type":"ImageObject","inLanguage":"pt-BR","@id":"https:\/\/www.fsfx.com.br\/colegio-sao-francisco\/#\/schema\/logo\/image\/","url":"https:\/\/www.fsfx.com.br\/colegio-sao-francisco\/wp-content\/uploads\/sites\/10\/2020\/02\/logo.png","contentUrl":"https:\/\/www.fsfx.com.br\/colegio-sao-francisco\/wp-content\/uploads\/sites\/10\/2020\/02\/logo.png","width":175,"height":40,"caption":"CSFX - Col\u00e9gio S\u00e3o Francisco Xavier"},"image":{"@id":"https:\/\/www.fsfx.com.br\/colegio-sao-francisco\/#\/schema\/logo\/image\/"}},{"@type":"Person","@id":"https:\/\/www.fsfx.com.br\/colegio-sao-francisco\/#\/schema\/person\/7d2372fe1973398ab20a060bbb9a87d8","name":"claudio","image":{"@type":"ImageObject","inLanguage":"pt-BR","@id":"https:\/\/www.fsfx.com.br\/colegio-sao-francisco\/#\/schema\/person\/image\/","url":"https:\/\/secure.gravatar.com\/avatar\/724caacf0f2f073275cb3689c577e73e87e40150b1ffd648a67445e75aa7ff03?s=96&d=mm&r=g","contentUrl":"https:\/\/secure.gravatar.com\/avatar\/724caacf0f2f073275cb3689c577e73e87e40150b1ffd648a67445e75aa7ff03?s=96&d=mm&r=g","caption":"claudio"},"url":"https:\/\/www.fsfx.com.br\/colegio-sao-francisco\/author\/claudio\/"}]}},"_links":{"self":[{"href":"https:\/\/www.fsfx.com.br\/colegio-sao-francisco\/wp-json\/wp\/v2\/posts\/1510","targetHints":{"allow":["GET"]}}],"collection":[{"href":"https:\/\/www.fsfx.com.br\/colegio-sao-francisco\/wp-json\/wp\/v2\/posts"}],"about":[{"href":"https:\/\/www.fsfx.com.br\/colegio-sao-francisco\/wp-json\/wp\/v2\/types\/post"}],"author":[{"embeddable":true,"href":"https:\/\/www.fsfx.com.br\/colegio-sao-francisco\/wp-json\/wp\/v2\/users\/2"}],"replies":[{"embeddable":true,"href":"https:\/\/www.fsfx.com.br\/colegio-sao-francisco\/wp-json\/wp\/v2\/comments?post=1510"}],"version-history":[{"count":0,"href":"https:\/\/www.fsfx.com.br\/colegio-sao-francisco\/wp-json\/wp\/v2\/posts\/1510\/revisions"}],"wp:attachment":[{"href":"https:\/\/www.fsfx.com.br\/colegio-sao-francisco\/wp-json\/wp\/v2\/media?parent=1510"}],"wp:term":[{"taxonomy":"category","embeddable":true,"href":"https:\/\/www.fsfx.com.br\/colegio-sao-francisco\/wp-json\/wp\/v2\/categories?post=1510"},{"taxonomy":"post_tag","embeddable":true,"href":"https:\/\/www.fsfx.com.br\/colegio-sao-francisco\/wp-json\/wp\/v2\/tags?post=1510"}],"curies":[{"name":"wp","href":"https:\/\/api.w.org\/{rel}","templated":true}]}}