{"id":1512,"date":"2020-05-14T18:13:50","date_gmt":"2020-05-14T21:13:50","guid":{"rendered":"http:\/\/fsfx.com.br\/\/csfx\/2020\/05\/14\/fsfx-promove-acao-pelo-dia-mundial-do-rim\/"},"modified":"2020-05-14T18:13:50","modified_gmt":"2020-05-14T21:13:50","slug":"fsfx-promove-acao-pelo-dia-mundial-do-rim","status":"publish","type":"post","link":"https:\/\/www.fsfx.com.br\/colegio-sao-francisco\/fsfx-promove-acao-pelo-dia-mundial-do-rim\/","title":{"rendered":"FSFX promove a\u00e7\u00e3o pelo Dia Mundial do Rim"},"content":{"rendered":"<p>Como parte das a\u00e7\u00f5es de conscientiza\u00e7\u00e3o sobre a sa\u00fade dos rins, o Hospital M\u00e1rcio Cunha (HMC), administrado pela Funda\u00e7\u00e3o S\u00e3o Francisco Xavier (FSFX), promove nesta quinta-feira (14), Dia Mundial do Rim, uma a\u00e7\u00e3o educativa na Pra\u00e7a 1\u00ba de Maio, no Centro de Ipatinga. Durante o evento, profissionais do Centro de Terapia Renal Substitutiva (CTRS) do HMC prestar\u00e3o servi\u00e7os de aferi\u00e7\u00e3o de press\u00e3o arterial e ir\u00e3o repassar orienta\u00e7\u00f5es gerais sobre a preven\u00e7\u00e3o de doen\u00e7as renais cr\u00f4nicas.<\/p>\n<p>Promovida anualmente pela Sociedade Brasileira de Nefrologia (SBN), a campanha do Dia Mundial do Rim busca aumentar a conscientiza\u00e7\u00e3o sobre a alta e crescente presen\u00e7a de doen\u00e7as renais em todo o mundo, al\u00e9m de alertar sobre a constante necessidade de tra\u00e7ar novas estrat\u00e9gias para a preven\u00e7\u00e3o e o tratamento dessas doen\u00e7as. Este ano, a SBN escolheu \u0091Sa\u00fade dos Rins para Todos\u0092 como tema da campanha, com o objetivo de ampliar o alerta para a popula\u00e7\u00e3o sobre as doen\u00e7as dos rins. \u0093Precisamos conscientizar a popula\u00e7\u00e3o sobre a alta e crescente presen\u00e7a de doen\u00e7as renais e quanto \u00e0 necessidade de estrat\u00e9gias para a preven\u00e7\u00e3o. Exames simples com a creatinina e urina de rotina podem detectar problemas renais\u0094, afirma Daniel Calazans, coordenador do servi\u00e7o de nefrologia do Hospital M\u00e1rcio Cunha e vice-presidente da Sociedade Brasileira de Nefrologia.&nbsp;<\/p>\n<p>&nbsp;<\/p>\n<p><i><strong>PREVEN\u00c7\u00c3O<\/strong><\/i><\/p>\n<p>As doen\u00e7as renais podem ser prevenidas de formas simples, por meio do controle da press\u00e3o arterial e dos n\u00edveis de glicose no sangue. Al\u00e9m disso, \u00e9 fundamental n\u00e3o fumar, j\u00e1 que os fumantes t\u00eam mais risco de desenvolverem insufici\u00eancia renal cr\u00f4nica. Outras medidas importantes como manter um peso ideal, com alimenta\u00e7\u00e3o saud\u00e1vel, praticar exerc\u00edcios f\u00edsicos e buscar assist\u00eancia m\u00e9dica para exames peri\u00f3dicos tamb\u00e9m podem contribuir para a sa\u00fade dos rins.<\/p>\n<p>&nbsp;<\/p>\n<p><strong>Coordenador do Servi\u00e7o de Nefrologia do HMC representa MG em plen\u00e1ria em Bras\u00edlia<\/strong><\/p>\n<p>No pr\u00f3ximo dia 14, o coordenador do servi\u00e7o de nefrologia do Hospital M\u00e1rcio Cunha participar\u00e1 em Bras\u00edlia, representando o estado de Minas Gerais, de uma plen\u00e1ria na C\u00e2mara dos Deputados com o objetivo de discutir melhorias no tratamento das doen\u00e7as renais.&nbsp;<\/p>\n","protected":false},"excerpt":{"rendered":"<p>Como parte das a\u00e7\u00f5es de conscientiza\u00e7\u00e3o sobre a sa\u00fade dos rins, o Hospital M\u00e1rcio Cunha (HMC), administrado pela Funda\u00e7\u00e3o S\u00e3o Francisco Xavier (FSFX), promove nesta quinta-feira (14), Dia Mundial do Rim, uma a\u00e7\u00e3o educativa na Pra\u00e7a 1\u00ba de Maio, no Centro de Ipatinga. Durante o evento, profissionais do Centro de Terapia Renal Substitutiva (CTRS) do [&hellip;]<\/p>\n","protected":false},"author":2,"featured_media":0,"comment_status":"open","ping_status":"open","sticky":false,"template":"","format":"standard","meta":{"_acf_changed":false,"site-sidebar-layout":"default","site-content-layout":"","ast-site-content-layout":"default","site-content-style":"default","site-sidebar-style":"default","ast-global-header-display":"","ast-banner-title-visibility":"","ast-main-header-display":"","ast-hfb-above-header-display":"","ast-hfb-below-header-display":"","ast-hfb-mobile-header-display":"","site-post-title":"","ast-breadcrumbs-content":"","ast-featured-img":"","footer-sml-layout":"","theme-transparent-header-meta":"","adv-header-id-meta":"","stick-header-meta":"","header-above-stick-meta":"","header-main-stick-meta":"","header-below-stick-meta":"","astra-migrate-meta-layouts":"default","ast-page-background-enabled":"default","ast-page-background-meta":{"desktop":{"background-color":"var(--ast-global-color-4)","background-image":"","background-repeat":"repeat","background-position":"center center","background-size":"auto","background-attachment":"scroll","background-type":"","background-media":"","overlay-type":"","overlay-color":"","overlay-opacity":"","overlay-gradient":""},"tablet":{"background-color":"","background-image":"","background-repeat":"repeat","background-position":"center center","background-size":"auto","background-attachment":"scroll","background-type":"","background-media":"","overlay-type":"","overlay-color":"","overlay-opacity":"","overlay-gradient":""},"mobile":{"background-color":"","background-image":"","background-repeat":"repeat","background-position":"center center","background-size":"auto","background-attachment":"scroll","background-type":"","background-media":"","overlay-type":"","overlay-color":"","overlay-opacity":"","overlay-gradient":""}},"ast-content-background-meta":{"desktop":{"background-color":"var(--ast-global-color-5)","background-image":"","background-repeat":"repeat","background-position":"center center","background-size":"auto","background-attachment":"scroll","background-type":"","background-media":"","overlay-type":"","overlay-color":"","overlay-opacity":"","overlay-gradient":""},"tablet":{"background-color":"var(--ast-global-color-5)","background-image":"","background-repeat":"repeat","background-position":"center center","background-size":"auto","background-attachment":"scroll","background-type":"","background-media":"","overlay-type":"","overlay-color":"","overlay-opacity":"","overlay-gradient":""},"mobile":{"background-color":"var(--ast-global-color-5)","background-image":"","background-repeat":"repeat","background-position":"center center","background-size":"auto","background-attachment":"scroll","background-type":"","background-media":"","overlay-type":"","overlay-color":"","overlay-opacity":"","overlay-gradient":""}},"footnotes":""},"categories":[1],"tags":[],"class_list":["post-1512","post","type-post","status-publish","format-standard","hentry","category-sem-categoria"],"acf":[],"yoast_head":"<!-- This site is optimized with the Yoast SEO plugin v26.9 - https:\/\/yoast.com\/product\/yoast-seo-wordpress\/ -->\n<title>FSFX promove a\u00e7\u00e3o pelo Dia Mundial do Rim - Col\u00e9gio S\u00e3o Francisco Xavier<\/title>\n<meta name=\"robots\" content=\"index, follow, max-snippet:-1, max-image-preview:large, max-video-preview:-1\" \/>\n<link rel=\"canonical\" href=\"https:\/\/www.fsfx.com.br\/colegio-sao-francisco\/fsfx-promove-acao-pelo-dia-mundial-do-rim\/\" \/>\n<meta property=\"og:locale\" content=\"pt_BR\" \/>\n<meta property=\"og:type\" content=\"article\" \/>\n<meta property=\"og:title\" content=\"FSFX promove a\u00e7\u00e3o pelo Dia Mundial do Rim - Col\u00e9gio S\u00e3o Francisco Xavier\" \/>\n<meta property=\"og:description\" content=\"Como parte das a\u00e7\u00f5es de conscientiza\u00e7\u00e3o sobre a sa\u00fade dos rins, o Hospital M\u00e1rcio Cunha (HMC), administrado pela Funda\u00e7\u00e3o S\u00e3o Francisco Xavier (FSFX), promove nesta quinta-feira (14), Dia Mundial do Rim, uma a\u00e7\u00e3o educativa na Pra\u00e7a 1\u00ba de Maio, no Centro de Ipatinga. Durante o evento, profissionais do Centro de Terapia Renal Substitutiva (CTRS) do [&hellip;]\" \/>\n<meta property=\"og:url\" content=\"https:\/\/www.fsfx.com.br\/colegio-sao-francisco\/fsfx-promove-acao-pelo-dia-mundial-do-rim\/\" \/>\n<meta property=\"og:site_name\" content=\"Col\u00e9gio S\u00e3o Francisco Xavier\" \/>\n<meta property=\"article:published_time\" content=\"2020-05-14T21:13:50+00:00\" \/>\n<meta name=\"author\" content=\"claudio\" \/>\n<meta name=\"twitter:card\" content=\"summary_large_image\" \/>\n<meta name=\"twitter:label1\" content=\"Escrito por\" \/>\n\t<meta name=\"twitter:data1\" content=\"claudio\" \/>\n\t<meta name=\"twitter:label2\" content=\"Est. tempo de leitura\" \/>\n\t<meta name=\"twitter:data2\" content=\"2 minutos\" \/>\n<script type=\"application\/ld+json\" class=\"yoast-schema-graph\">{\"@context\":\"https:\/\/schema.org\",\"@graph\":[{\"@type\":\"Article\",\"@id\":\"https:\/\/www.fsfx.com.br\/colegio-sao-francisco\/fsfx-promove-acao-pelo-dia-mundial-do-rim\/#article\",\"isPartOf\":{\"@id\":\"https:\/\/www.fsfx.com.br\/colegio-sao-francisco\/fsfx-promove-acao-pelo-dia-mundial-do-rim\/\"},\"author\":{\"name\":\"claudio\",\"@id\":\"https:\/\/www.fsfx.com.br\/colegio-sao-francisco\/#\/schema\/person\/7d2372fe1973398ab20a060bbb9a87d8\"},\"headline\":\"FSFX promove a\u00e7\u00e3o pelo Dia Mundial do Rim\",\"datePublished\":\"2020-05-14T21:13:50+00:00\",\"mainEntityOfPage\":{\"@id\":\"https:\/\/www.fsfx.com.br\/colegio-sao-francisco\/fsfx-promove-acao-pelo-dia-mundial-do-rim\/\"},\"wordCount\":405,\"commentCount\":0,\"publisher\":{\"@id\":\"https:\/\/www.fsfx.com.br\/colegio-sao-francisco\/#organization\"},\"inLanguage\":\"pt-BR\",\"potentialAction\":[{\"@type\":\"CommentAction\",\"name\":\"Comment\",\"target\":[\"https:\/\/www.fsfx.com.br\/colegio-sao-francisco\/fsfx-promove-acao-pelo-dia-mundial-do-rim\/#respond\"]}]},{\"@type\":\"WebPage\",\"@id\":\"https:\/\/www.fsfx.com.br\/colegio-sao-francisco\/fsfx-promove-acao-pelo-dia-mundial-do-rim\/\",\"url\":\"https:\/\/www.fsfx.com.br\/colegio-sao-francisco\/fsfx-promove-acao-pelo-dia-mundial-do-rim\/\",\"name\":\"FSFX promove a\u00e7\u00e3o pelo Dia Mundial do Rim - Col\u00e9gio S\u00e3o Francisco Xavier\",\"isPartOf\":{\"@id\":\"https:\/\/www.fsfx.com.br\/colegio-sao-francisco\/#website\"},\"datePublished\":\"2020-05-14T21:13:50+00:00\",\"breadcrumb\":{\"@id\":\"https:\/\/www.fsfx.com.br\/colegio-sao-francisco\/fsfx-promove-acao-pelo-dia-mundial-do-rim\/#breadcrumb\"},\"inLanguage\":\"pt-BR\",\"potentialAction\":[{\"@type\":\"ReadAction\",\"target\":[\"https:\/\/www.fsfx.com.br\/colegio-sao-francisco\/fsfx-promove-acao-pelo-dia-mundial-do-rim\/\"]}]},{\"@type\":\"BreadcrumbList\",\"@id\":\"https:\/\/www.fsfx.com.br\/colegio-sao-francisco\/fsfx-promove-acao-pelo-dia-mundial-do-rim\/#breadcrumb\",\"itemListElement\":[{\"@type\":\"ListItem\",\"position\":1,\"name\":\"In\u00edcio\",\"item\":\"https:\/\/www.fsfx.com.br\/colegio-sao-francisco\/\"},{\"@type\":\"ListItem\",\"position\":2,\"name\":\"FSFX promove a\u00e7\u00e3o pelo Dia Mundial do Rim\"}]},{\"@type\":\"WebSite\",\"@id\":\"https:\/\/www.fsfx.com.br\/colegio-sao-francisco\/#website\",\"url\":\"https:\/\/www.fsfx.com.br\/colegio-sao-francisco\/\",\"name\":\"Col\u00e9gio S\u00e3o Francisco Xavier\",\"description\":\"\",\"publisher\":{\"@id\":\"https:\/\/www.fsfx.com.br\/colegio-sao-francisco\/#organization\"},\"potentialAction\":[{\"@type\":\"SearchAction\",\"target\":{\"@type\":\"EntryPoint\",\"urlTemplate\":\"https:\/\/www.fsfx.com.br\/colegio-sao-francisco\/?s={search_term_string}\"},\"query-input\":{\"@type\":\"PropertyValueSpecification\",\"valueRequired\":true,\"valueName\":\"search_term_string\"}}],\"inLanguage\":\"pt-BR\"},{\"@type\":\"Organization\",\"@id\":\"https:\/\/www.fsfx.com.br\/colegio-sao-francisco\/#organization\",\"name\":\"CSFX - Col\u00e9gio S\u00e3o Francisco Xavier\",\"url\":\"https:\/\/www.fsfx.com.br\/colegio-sao-francisco\/\",\"logo\":{\"@type\":\"ImageObject\",\"inLanguage\":\"pt-BR\",\"@id\":\"https:\/\/www.fsfx.com.br\/colegio-sao-francisco\/#\/schema\/logo\/image\/\",\"url\":\"https:\/\/www.fsfx.com.br\/colegio-sao-francisco\/wp-content\/uploads\/sites\/10\/2020\/02\/logo.png\",\"contentUrl\":\"https:\/\/www.fsfx.com.br\/colegio-sao-francisco\/wp-content\/uploads\/sites\/10\/2020\/02\/logo.png\",\"width\":175,\"height\":40,\"caption\":\"CSFX - Col\u00e9gio S\u00e3o Francisco Xavier\"},\"image\":{\"@id\":\"https:\/\/www.fsfx.com.br\/colegio-sao-francisco\/#\/schema\/logo\/image\/\"}},{\"@type\":\"Person\",\"@id\":\"https:\/\/www.fsfx.com.br\/colegio-sao-francisco\/#\/schema\/person\/7d2372fe1973398ab20a060bbb9a87d8\",\"name\":\"claudio\",\"image\":{\"@type\":\"ImageObject\",\"inLanguage\":\"pt-BR\",\"@id\":\"https:\/\/www.fsfx.com.br\/colegio-sao-francisco\/#\/schema\/person\/image\/\",\"url\":\"https:\/\/secure.gravatar.com\/avatar\/724caacf0f2f073275cb3689c577e73e87e40150b1ffd648a67445e75aa7ff03?s=96&d=mm&r=g\",\"contentUrl\":\"https:\/\/secure.gravatar.com\/avatar\/724caacf0f2f073275cb3689c577e73e87e40150b1ffd648a67445e75aa7ff03?s=96&d=mm&r=g\",\"caption\":\"claudio\"},\"url\":\"https:\/\/www.fsfx.com.br\/colegio-sao-francisco\/author\/claudio\/\"}]}<\/script>\n<!-- \/ Yoast SEO plugin. -->","yoast_head_json":{"title":"FSFX promove a\u00e7\u00e3o pelo Dia Mundial do Rim - Col\u00e9gio S\u00e3o Francisco Xavier","robots":{"index":"index","follow":"follow","max-snippet":"max-snippet:-1","max-image-preview":"max-image-preview:large","max-video-preview":"max-video-preview:-1"},"canonical":"https:\/\/www.fsfx.com.br\/colegio-sao-francisco\/fsfx-promove-acao-pelo-dia-mundial-do-rim\/","og_locale":"pt_BR","og_type":"article","og_title":"FSFX promove a\u00e7\u00e3o pelo Dia Mundial do Rim - Col\u00e9gio S\u00e3o Francisco Xavier","og_description":"Como parte das a\u00e7\u00f5es de conscientiza\u00e7\u00e3o sobre a sa\u00fade dos rins, o Hospital M\u00e1rcio Cunha (HMC), administrado pela Funda\u00e7\u00e3o S\u00e3o Francisco Xavier (FSFX), promove nesta quinta-feira (14), Dia Mundial do Rim, uma a\u00e7\u00e3o educativa na Pra\u00e7a 1\u00ba de Maio, no Centro de Ipatinga. Durante o evento, profissionais do Centro de Terapia Renal Substitutiva (CTRS) do [&hellip;]","og_url":"https:\/\/www.fsfx.com.br\/colegio-sao-francisco\/fsfx-promove-acao-pelo-dia-mundial-do-rim\/","og_site_name":"Col\u00e9gio S\u00e3o Francisco Xavier","article_published_time":"2020-05-14T21:13:50+00:00","author":"claudio","twitter_card":"summary_large_image","twitter_misc":{"Escrito por":"claudio","Est. tempo de leitura":"2 minutos"},"schema":{"@context":"https:\/\/schema.org","@graph":[{"@type":"Article","@id":"https:\/\/www.fsfx.com.br\/colegio-sao-francisco\/fsfx-promove-acao-pelo-dia-mundial-do-rim\/#article","isPartOf":{"@id":"https:\/\/www.fsfx.com.br\/colegio-sao-francisco\/fsfx-promove-acao-pelo-dia-mundial-do-rim\/"},"author":{"name":"claudio","@id":"https:\/\/www.fsfx.com.br\/colegio-sao-francisco\/#\/schema\/person\/7d2372fe1973398ab20a060bbb9a87d8"},"headline":"FSFX promove a\u00e7\u00e3o pelo Dia Mundial do Rim","datePublished":"2020-05-14T21:13:50+00:00","mainEntityOfPage":{"@id":"https:\/\/www.fsfx.com.br\/colegio-sao-francisco\/fsfx-promove-acao-pelo-dia-mundial-do-rim\/"},"wordCount":405,"commentCount":0,"publisher":{"@id":"https:\/\/www.fsfx.com.br\/colegio-sao-francisco\/#organization"},"inLanguage":"pt-BR","potentialAction":[{"@type":"CommentAction","name":"Comment","target":["https:\/\/www.fsfx.com.br\/colegio-sao-francisco\/fsfx-promove-acao-pelo-dia-mundial-do-rim\/#respond"]}]},{"@type":"WebPage","@id":"https:\/\/www.fsfx.com.br\/colegio-sao-francisco\/fsfx-promove-acao-pelo-dia-mundial-do-rim\/","url":"https:\/\/www.fsfx.com.br\/colegio-sao-francisco\/fsfx-promove-acao-pelo-dia-mundial-do-rim\/","name":"FSFX promove a\u00e7\u00e3o pelo Dia Mundial do Rim - Col\u00e9gio S\u00e3o Francisco Xavier","isPartOf":{"@id":"https:\/\/www.fsfx.com.br\/colegio-sao-francisco\/#website"},"datePublished":"2020-05-14T21:13:50+00:00","breadcrumb":{"@id":"https:\/\/www.fsfx.com.br\/colegio-sao-francisco\/fsfx-promove-acao-pelo-dia-mundial-do-rim\/#breadcrumb"},"inLanguage":"pt-BR","potentialAction":[{"@type":"ReadAction","target":["https:\/\/www.fsfx.com.br\/colegio-sao-francisco\/fsfx-promove-acao-pelo-dia-mundial-do-rim\/"]}]},{"@type":"BreadcrumbList","@id":"https:\/\/www.fsfx.com.br\/colegio-sao-francisco\/fsfx-promove-acao-pelo-dia-mundial-do-rim\/#breadcrumb","itemListElement":[{"@type":"ListItem","position":1,"name":"In\u00edcio","item":"https:\/\/www.fsfx.com.br\/colegio-sao-francisco\/"},{"@type":"ListItem","position":2,"name":"FSFX promove a\u00e7\u00e3o pelo Dia Mundial do Rim"}]},{"@type":"WebSite","@id":"https:\/\/www.fsfx.com.br\/colegio-sao-francisco\/#website","url":"https:\/\/www.fsfx.com.br\/colegio-sao-francisco\/","name":"Col\u00e9gio S\u00e3o Francisco Xavier","description":"","publisher":{"@id":"https:\/\/www.fsfx.com.br\/colegio-sao-francisco\/#organization"},"potentialAction":[{"@type":"SearchAction","target":{"@type":"EntryPoint","urlTemplate":"https:\/\/www.fsfx.com.br\/colegio-sao-francisco\/?s={search_term_string}"},"query-input":{"@type":"PropertyValueSpecification","valueRequired":true,"valueName":"search_term_string"}}],"inLanguage":"pt-BR"},{"@type":"Organization","@id":"https:\/\/www.fsfx.com.br\/colegio-sao-francisco\/#organization","name":"CSFX - Col\u00e9gio S\u00e3o Francisco Xavier","url":"https:\/\/www.fsfx.com.br\/colegio-sao-francisco\/","logo":{"@type":"ImageObject","inLanguage":"pt-BR","@id":"https:\/\/www.fsfx.com.br\/colegio-sao-francisco\/#\/schema\/logo\/image\/","url":"https:\/\/www.fsfx.com.br\/colegio-sao-francisco\/wp-content\/uploads\/sites\/10\/2020\/02\/logo.png","contentUrl":"https:\/\/www.fsfx.com.br\/colegio-sao-francisco\/wp-content\/uploads\/sites\/10\/2020\/02\/logo.png","width":175,"height":40,"caption":"CSFX - Col\u00e9gio S\u00e3o Francisco Xavier"},"image":{"@id":"https:\/\/www.fsfx.com.br\/colegio-sao-francisco\/#\/schema\/logo\/image\/"}},{"@type":"Person","@id":"https:\/\/www.fsfx.com.br\/colegio-sao-francisco\/#\/schema\/person\/7d2372fe1973398ab20a060bbb9a87d8","name":"claudio","image":{"@type":"ImageObject","inLanguage":"pt-BR","@id":"https:\/\/www.fsfx.com.br\/colegio-sao-francisco\/#\/schema\/person\/image\/","url":"https:\/\/secure.gravatar.com\/avatar\/724caacf0f2f073275cb3689c577e73e87e40150b1ffd648a67445e75aa7ff03?s=96&d=mm&r=g","contentUrl":"https:\/\/secure.gravatar.com\/avatar\/724caacf0f2f073275cb3689c577e73e87e40150b1ffd648a67445e75aa7ff03?s=96&d=mm&r=g","caption":"claudio"},"url":"https:\/\/www.fsfx.com.br\/colegio-sao-francisco\/author\/claudio\/"}]}},"_links":{"self":[{"href":"https:\/\/www.fsfx.com.br\/colegio-sao-francisco\/wp-json\/wp\/v2\/posts\/1512","targetHints":{"allow":["GET"]}}],"collection":[{"href":"https:\/\/www.fsfx.com.br\/colegio-sao-francisco\/wp-json\/wp\/v2\/posts"}],"about":[{"href":"https:\/\/www.fsfx.com.br\/colegio-sao-francisco\/wp-json\/wp\/v2\/types\/post"}],"author":[{"embeddable":true,"href":"https:\/\/www.fsfx.com.br\/colegio-sao-francisco\/wp-json\/wp\/v2\/users\/2"}],"replies":[{"embeddable":true,"href":"https:\/\/www.fsfx.com.br\/colegio-sao-francisco\/wp-json\/wp\/v2\/comments?post=1512"}],"version-history":[{"count":0,"href":"https:\/\/www.fsfx.com.br\/colegio-sao-francisco\/wp-json\/wp\/v2\/posts\/1512\/revisions"}],"wp:attachment":[{"href":"https:\/\/www.fsfx.com.br\/colegio-sao-francisco\/wp-json\/wp\/v2\/media?parent=1512"}],"wp:term":[{"taxonomy":"category","embeddable":true,"href":"https:\/\/www.fsfx.com.br\/colegio-sao-francisco\/wp-json\/wp\/v2\/categories?post=1512"},{"taxonomy":"post_tag","embeddable":true,"href":"https:\/\/www.fsfx.com.br\/colegio-sao-francisco\/wp-json\/wp\/v2\/tags?post=1512"}],"curies":[{"name":"wp","href":"https:\/\/api.w.org\/{rel}","templated":true}]}}