{"id":1536,"date":"2020-05-14T18:14:31","date_gmt":"2020-05-14T21:14:31","guid":{"rendered":"http:\/\/fsfx.com.br\/\/csfx\/2020\/05\/14\/hmc-mantem-acreditacao-hospitalar-concedida-pela-ona\/"},"modified":"2020-05-14T18:14:31","modified_gmt":"2020-05-14T21:14:31","slug":"hmc-mantem-acreditacao-hospitalar-concedida-pela-ona","status":"publish","type":"post","link":"https:\/\/www.fsfx.com.br\/colegio-sao-francisco\/hmc-mantem-acreditacao-hospitalar-concedida-pela-ona\/","title":{"rendered":"HMC mant\u00e9m Acredita\u00e7\u00e3o Hospitalar concedida pela ONA"},"content":{"rendered":"<p><em><a href=\"http:\/\/www.fsfx.com.br\/hospital-marcio-cunha\/wp-content\/uploads\/sites\/6\/2017\/07\/ona-site-HMC.jpg\"><img fetchpriority=\"high\" decoding=\"async\" class=\"alignright size-medium wp-image-1719\" src=\"http:\/\/www.fsfx.com.br\/hospital-marcio-cunha\/wp-content\/uploads\/sites\/6\/2017\/07\/ona-site-HMC-300x200.jpg\" alt=\"ona-site-HMC\" width=\"300\" height=\"200\" \/><\/a>A institui\u00e7\u00e3o foi a primeira do pa\u00eds a obter o certificado e \u00e9 a \u00fanica a alcan\u00e7ar este patamar na regi\u00e3o do Vale do A\u00e7o<\/em><\/p>\n<p>O Hospital M\u00e1rcio Cunha (HMC) manteve o mais elevado n\u00edvel em servi\u00e7os hospitalares, a Acredita\u00e7\u00e3o Hospitalar \u0096 N\u00edvel 3, recomendada pela Det Norske Veritas (DNV) junto \u00e0 Organiza\u00e7\u00e3o Nacional de Acredita\u00e7\u00e3o (ONA). Conquistado por meio da auditoria externa peri\u00f3dica realizada, entre os dias 19 a 21 de junho, o feito representa avan\u00e7o da institui\u00e7\u00e3o na seguran\u00e7a e na sustentabilidade dos seus neg\u00f3cios.<\/p>\n<p>Para o superintendente Geral de Hospitais da Funda\u00e7\u00e3o S\u00e3o Francisco Xavier (FSFX), Mauro Oscar Soares de Souza Lima, o foco na seguran\u00e7a e no resultado da assist\u00eancia prestada ao paciente evidencia a efici\u00eancia e excel\u00eancia dos processos do HMC. \u0093Estamos alinhados aos objetivos estrat\u00e9gicos que direcionam as a\u00e7\u00f5es corporativas da Funda\u00e7\u00e3o e do hospital. O nosso compromisso \u00e9 com a satisfa\u00e7\u00e3o do cliente. Ao mantermos esta certifica\u00e7\u00e3o, ratificamos a qualidade fortemente marcada em nosso DNA, seguindo os mais altos padr\u00f5es internacionais\u0094, explica.<\/p>\n<p>Primeiro hospital do pa\u00eds a ser certificado com o t\u00edtulo de <em>Acreditado com Excel\u00eancia<\/em>, em 2003, o M\u00e1rcio Cunha j\u00e1 passou por quatro auditorias para recertifica\u00e7\u00e3o, v\u00e1lida por tr\u00eas anos e, anualmente, recebe os auditores externos para uma peri\u00f3dica.<\/p>\n<p>\u0093A intera\u00e7\u00e3o entre os processos \u00e9 consistente, incluindo os assistenciais, administrativos e de apoio, e demonstra foco para evidenciar ciclos de melhoria. O hospital sustenta os princ\u00edpios dos n\u00edveis do manual ONA: seguran\u00e7a do paciente, gest\u00e3o integrada e excel\u00eancia em gest\u00e3o. Analisa os contextos considerando a estrutura, os processos e resultados, considerando as experi\u00eancias vividas e desempenho das pr\u00e1ticas adotadas para a tomada de decis\u00e3o. Isto acarreta no empoderamento das equipes assistenciais, fortalecendo a interdisciplinaridade\u0094, explica o farmac\u00eautico e auditor da DNV, Eduardo Ferraz.<\/p>\n<p>Em um momento inst\u00e1vel na sa\u00fade p\u00fablica como o que ocorre no Vale do A\u00e7o, a renova\u00e7\u00e3o peri\u00f3dica da acredita\u00e7\u00e3o refor\u00e7a o compromisso do HMC em proteger a vida, promovendo um controle maior dos riscos cl\u00ednicos e n\u00e3o cl\u00ednicos, e uma maior qualidade dos servi\u00e7os prestados.<\/p>\n<p><strong>Protagonista no cen\u00e1rio nacional<\/strong><\/p>\n<p>No ciclo de 2017, a institui\u00e7\u00e3o cumpre um papel de protagonista para esta certifica\u00e7\u00e3o no Brasil. Em parceria com a ONA e com a DNV GL, o HMC autorizou a realiza\u00e7\u00e3o de uma auditoria de valida\u00e7\u00e3o do novo manual (vers\u00e3o 2018), que se encontra em consulta p\u00fablica at\u00e9 5 de julho. O hospital alcan\u00e7ou 100% de conformidade nas \u00e1reas assistenciais, nas \u00e1reas de apoio e abastecimento log\u00edstico j\u00e1 no novo instrumento de avalia\u00e7\u00e3o.<\/p>\n<p>Ainda segundo o superintendente Mauro Oscar, este resultado nos processos assistenciais, observado sob a \u00f3tica do manual, \u00e9 fruto de um movimento intenso de mudan\u00e7as, transforma\u00e7\u00f5es e de engajamento das pessoas, para que haja uma assist\u00eancia \u00e0 sa\u00fade segura ao paciente do HMC. \u0093Buscamos sempre aprimorar a experi\u00eancia do cuidado e a percep\u00e7\u00e3o positiva dos clientes e colaboradores. Algo que, mesmo em um cen\u00e1rio de crise, \u00e9 poss\u00edvel quando se tem um modelo de gest\u00e3o eficiente\u0094, destaca.<\/p>\n<p><strong>Investimentos e bons resultados <\/strong><\/p>\n<p>Com investimentos de R$ 25 milh\u00f5es, a Funda\u00e7\u00e3o S\u00e3o Francisco Xavier inaugurou recentemente novas \u00e1reas do Hospital M\u00e1rcio Cunha. As estruturas s\u00e3o arrojadas e unem tecnologia e humaniza\u00e7\u00e3o, como a instala\u00e7\u00e3o da primeira unidade de Oncologia Pedi\u00e1trica do Leste de Minas, a amplia\u00e7\u00e3o e moderniza\u00e7\u00e3o da Unidade de Oncologia e do Centro de Terapia Renal Substitutiva, e a cria\u00e7\u00e3o do Centro de Reabilita\u00e7\u00e3o e da Casa das M\u00e3es.<\/p>\n<p>Os setores que integram a 3\u00aa fase do Plano Diretor de Obras da FSFX contaram com recursos da pr\u00f3pria institui\u00e7\u00e3o, do governo estadual e tamb\u00e9m de 23 empresas parceiras, que contribu\u00edram por meio do Programa Nacional de Apoio \u00e0 Aten\u00e7\u00e3o Oncol\u00f3gica (Pronon) e do Programa Nacional de Apoio \u00e0 Aten\u00e7\u00e3o da Sa\u00fade dos Pacientes com Defici\u00eancia (Pronas\/PCD), do Minist\u00e9rio da Sa\u00fade, atrav\u00e9s de dedu\u00e7\u00f5es do Imposto de Renda.<\/p>\n<p>Vale ratificar que, em 2016, o HMC obteve excelente \u00edndice geral na taxa de infec\u00e7\u00e3o, com 1,65%. Esse resultado tem como base a soma de a\u00e7\u00f5es integradas envolvendo as equipes do Servi\u00e7o de Controle de Infec\u00e7\u00e3o Hospitalar e do N\u00facleo de Seguran\u00e7a do Paciente, a alta gest\u00e3o e as \u00e1reas assistenciais.<\/p>\n<p>Entre as diversas a\u00e7\u00f5es desenvolvidas, tem-se a aplica\u00e7\u00e3o dos <em>bundles<\/em>. Trata-se de um monitoramento dos processos, por meio de visitas \u00e0s \u00e1reas assistenciais e reuni\u00f5es peri\u00f3dicas da Comiss\u00e3o de Controle de Infec\u00e7\u00e3o Hospitalar, com os colaboradores envolvidos, incluindo o corpo cl\u00ednico. De modo sist\u00eamico, realiza-se a vigil\u00e2ncia acerca dos micro-organismos multirresistentes e de a\u00e7\u00f5es direcionadas ao seu controle.<\/p>\n<p>No mesmo per\u00edodo, a m\u00e9dia de perman\u00eancia geral de um paciente no HMC caiu de 4,78 para 4,63 dias e, na UTIs Adulto, de 4,61 dias. Al\u00e9m disso, o hospital \u00e9 hoje a 4\u00aa maternidade de Minas Gerais em n\u00famero de atendimentos e em n\u00famero de partos, com taxa de parto normal em geral de 50,83%, incluindo SUS e conv\u00eanios, quase 10% maior que a m\u00e9dia do projeto Parto Adequado (iniciativa desenvolvida pela Ag\u00eancia Nacional de Sa\u00fade Suplementar (ANS), o Hospital Israelita Albert Einstein (HIAE) e o Institute for Healthcare Improvement (IHI), com o apoio do Minist\u00e9rio da Sa\u00fade para identifica\u00e7\u00e3o de modelos inovadores e vi\u00e1veis de aten\u00e7\u00e3o ao parto e nascimento seguro). N\u00fameros que s\u00f3 contribuem ainda mais para o Hospital M\u00e1rcio Cunha ser a refer\u00eancia que \u00e9, em excel\u00eancia, na \u00e1rea da sa\u00fade para todo o pa\u00eds.<\/p>\n","protected":false},"excerpt":{"rendered":"<p>A institui\u00e7\u00e3o foi a primeira do pa\u00eds a obter o certificado e \u00e9 a \u00fanica a alcan\u00e7ar este patamar na regi\u00e3o do Vale do A\u00e7o O Hospital M\u00e1rcio Cunha (HMC) manteve o mais elevado n\u00edvel em servi\u00e7os hospitalares, a Acredita\u00e7\u00e3o Hospitalar \u0096 N\u00edvel 3, recomendada pela Det Norske Veritas (DNV) junto \u00e0 Organiza\u00e7\u00e3o Nacional de [&hellip;]<\/p>\n","protected":false},"author":2,"featured_media":0,"comment_status":"open","ping_status":"open","sticky":false,"template":"","format":"standard","meta":{"_acf_changed":false,"site-sidebar-layout":"default","site-content-layout":"","ast-site-content-layout":"default","site-content-style":"default","site-sidebar-style":"default","ast-global-header-display":"","ast-banner-title-visibility":"","ast-main-header-display":"","ast-hfb-above-header-display":"","ast-hfb-below-header-display":"","ast-hfb-mobile-header-display":"","site-post-title":"","ast-breadcrumbs-content":"","ast-featured-img":"","footer-sml-layout":"","theme-transparent-header-meta":"","adv-header-id-meta":"","stick-header-meta":"","header-above-stick-meta":"","header-main-stick-meta":"","header-below-stick-meta":"","astra-migrate-meta-layouts":"default","ast-page-background-enabled":"default","ast-page-background-meta":{"desktop":{"background-color":"var(--ast-global-color-4)","background-image":"","background-repeat":"repeat","background-position":"center center","background-size":"auto","background-attachment":"scroll","background-type":"","background-media":"","overlay-type":"","overlay-color":"","overlay-opacity":"","overlay-gradient":""},"tablet":{"background-color":"","background-image":"","background-repeat":"repeat","background-position":"center center","background-size":"auto","background-attachment":"scroll","background-type":"","background-media":"","overlay-type":"","overlay-color":"","overlay-opacity":"","overlay-gradient":""},"mobile":{"background-color":"","background-image":"","background-repeat":"repeat","background-position":"center center","background-size":"auto","background-attachment":"scroll","background-type":"","background-media":"","overlay-type":"","overlay-color":"","overlay-opacity":"","overlay-gradient":""}},"ast-content-background-meta":{"desktop":{"background-color":"var(--ast-global-color-5)","background-image":"","background-repeat":"repeat","background-position":"center center","background-size":"auto","background-attachment":"scroll","background-type":"","background-media":"","overlay-type":"","overlay-color":"","overlay-opacity":"","overlay-gradient":""},"tablet":{"background-color":"var(--ast-global-color-5)","background-image":"","background-repeat":"repeat","background-position":"center center","background-size":"auto","background-attachment":"scroll","background-type":"","background-media":"","overlay-type":"","overlay-color":"","overlay-opacity":"","overlay-gradient":""},"mobile":{"background-color":"var(--ast-global-color-5)","background-image":"","background-repeat":"repeat","background-position":"center center","background-size":"auto","background-attachment":"scroll","background-type":"","background-media":"","overlay-type":"","overlay-color":"","overlay-opacity":"","overlay-gradient":""}},"footnotes":""},"categories":[1],"tags":[],"class_list":["post-1536","post","type-post","status-publish","format-standard","hentry","category-sem-categoria"],"acf":[],"yoast_head":"<!-- This site is optimized with the Yoast SEO plugin v26.9 - https:\/\/yoast.com\/product\/yoast-seo-wordpress\/ -->\n<title>HMC mant\u00e9m Acredita\u00e7\u00e3o Hospitalar concedida pela ONA - Col\u00e9gio S\u00e3o Francisco Xavier<\/title>\n<meta name=\"robots\" content=\"index, follow, max-snippet:-1, max-image-preview:large, max-video-preview:-1\" \/>\n<link rel=\"canonical\" href=\"https:\/\/www.fsfx.com.br\/colegio-sao-francisco\/hmc-mantem-acreditacao-hospitalar-concedida-pela-ona\/\" \/>\n<meta property=\"og:locale\" content=\"pt_BR\" \/>\n<meta property=\"og:type\" content=\"article\" \/>\n<meta property=\"og:title\" content=\"HMC mant\u00e9m Acredita\u00e7\u00e3o Hospitalar concedida pela ONA - Col\u00e9gio S\u00e3o Francisco Xavier\" \/>\n<meta property=\"og:description\" content=\"A institui\u00e7\u00e3o foi a primeira do pa\u00eds a obter o certificado e \u00e9 a \u00fanica a alcan\u00e7ar este patamar na regi\u00e3o do Vale do A\u00e7o O Hospital M\u00e1rcio Cunha (HMC) manteve o mais elevado n\u00edvel em servi\u00e7os hospitalares, a Acredita\u00e7\u00e3o Hospitalar \u0096 N\u00edvel 3, recomendada pela Det Norske Veritas (DNV) junto \u00e0 Organiza\u00e7\u00e3o Nacional de [&hellip;]\" \/>\n<meta property=\"og:url\" content=\"https:\/\/www.fsfx.com.br\/colegio-sao-francisco\/hmc-mantem-acreditacao-hospitalar-concedida-pela-ona\/\" \/>\n<meta property=\"og:site_name\" content=\"Col\u00e9gio S\u00e3o Francisco Xavier\" \/>\n<meta property=\"article:published_time\" content=\"2020-05-14T21:14:31+00:00\" \/>\n<meta property=\"og:image\" content=\"http:\/\/www.fsfx.com.br\/hospital-marcio-cunha\/wp-content\/uploads\/sites\/6\/2017\/07\/ona-site-HMC-300x200.jpg\" \/>\n<meta name=\"author\" content=\"claudio\" \/>\n<meta name=\"twitter:card\" content=\"summary_large_image\" \/>\n<meta name=\"twitter:label1\" content=\"Escrito por\" \/>\n\t<meta name=\"twitter:data1\" content=\"claudio\" \/>\n\t<meta name=\"twitter:label2\" content=\"Est. tempo de leitura\" \/>\n\t<meta name=\"twitter:data2\" content=\"5 minutos\" \/>\n<script type=\"application\/ld+json\" class=\"yoast-schema-graph\">{\"@context\":\"https:\/\/schema.org\",\"@graph\":[{\"@type\":\"Article\",\"@id\":\"https:\/\/www.fsfx.com.br\/colegio-sao-francisco\/hmc-mantem-acreditacao-hospitalar-concedida-pela-ona\/#article\",\"isPartOf\":{\"@id\":\"https:\/\/www.fsfx.com.br\/colegio-sao-francisco\/hmc-mantem-acreditacao-hospitalar-concedida-pela-ona\/\"},\"author\":{\"name\":\"claudio\",\"@id\":\"https:\/\/www.fsfx.com.br\/colegio-sao-francisco\/#\/schema\/person\/7d2372fe1973398ab20a060bbb9a87d8\"},\"headline\":\"HMC mant\u00e9m Acredita\u00e7\u00e3o Hospitalar concedida pela ONA\",\"datePublished\":\"2020-05-14T21:14:31+00:00\",\"mainEntityOfPage\":{\"@id\":\"https:\/\/www.fsfx.com.br\/colegio-sao-francisco\/hmc-mantem-acreditacao-hospitalar-concedida-pela-ona\/\"},\"wordCount\":1002,\"commentCount\":0,\"publisher\":{\"@id\":\"https:\/\/www.fsfx.com.br\/colegio-sao-francisco\/#organization\"},\"image\":{\"@id\":\"https:\/\/www.fsfx.com.br\/colegio-sao-francisco\/hmc-mantem-acreditacao-hospitalar-concedida-pela-ona\/#primaryimage\"},\"thumbnailUrl\":\"http:\/\/www.fsfx.com.br\/hospital-marcio-cunha\/wp-content\/uploads\/sites\/6\/2017\/07\/ona-site-HMC-300x200.jpg\",\"inLanguage\":\"pt-BR\",\"potentialAction\":[{\"@type\":\"CommentAction\",\"name\":\"Comment\",\"target\":[\"https:\/\/www.fsfx.com.br\/colegio-sao-francisco\/hmc-mantem-acreditacao-hospitalar-concedida-pela-ona\/#respond\"]}]},{\"@type\":\"WebPage\",\"@id\":\"https:\/\/www.fsfx.com.br\/colegio-sao-francisco\/hmc-mantem-acreditacao-hospitalar-concedida-pela-ona\/\",\"url\":\"https:\/\/www.fsfx.com.br\/colegio-sao-francisco\/hmc-mantem-acreditacao-hospitalar-concedida-pela-ona\/\",\"name\":\"HMC mant\u00e9m Acredita\u00e7\u00e3o Hospitalar concedida pela ONA - Col\u00e9gio S\u00e3o Francisco Xavier\",\"isPartOf\":{\"@id\":\"https:\/\/www.fsfx.com.br\/colegio-sao-francisco\/#website\"},\"primaryImageOfPage\":{\"@id\":\"https:\/\/www.fsfx.com.br\/colegio-sao-francisco\/hmc-mantem-acreditacao-hospitalar-concedida-pela-ona\/#primaryimage\"},\"image\":{\"@id\":\"https:\/\/www.fsfx.com.br\/colegio-sao-francisco\/hmc-mantem-acreditacao-hospitalar-concedida-pela-ona\/#primaryimage\"},\"thumbnailUrl\":\"http:\/\/www.fsfx.com.br\/hospital-marcio-cunha\/wp-content\/uploads\/sites\/6\/2017\/07\/ona-site-HMC-300x200.jpg\",\"datePublished\":\"2020-05-14T21:14:31+00:00\",\"breadcrumb\":{\"@id\":\"https:\/\/www.fsfx.com.br\/colegio-sao-francisco\/hmc-mantem-acreditacao-hospitalar-concedida-pela-ona\/#breadcrumb\"},\"inLanguage\":\"pt-BR\",\"potentialAction\":[{\"@type\":\"ReadAction\",\"target\":[\"https:\/\/www.fsfx.com.br\/colegio-sao-francisco\/hmc-mantem-acreditacao-hospitalar-concedida-pela-ona\/\"]}]},{\"@type\":\"ImageObject\",\"inLanguage\":\"pt-BR\",\"@id\":\"https:\/\/www.fsfx.com.br\/colegio-sao-francisco\/hmc-mantem-acreditacao-hospitalar-concedida-pela-ona\/#primaryimage\",\"url\":\"http:\/\/www.fsfx.com.br\/hospital-marcio-cunha\/wp-content\/uploads\/sites\/6\/2017\/07\/ona-site-HMC-300x200.jpg\",\"contentUrl\":\"http:\/\/www.fsfx.com.br\/hospital-marcio-cunha\/wp-content\/uploads\/sites\/6\/2017\/07\/ona-site-HMC-300x200.jpg\"},{\"@type\":\"BreadcrumbList\",\"@id\":\"https:\/\/www.fsfx.com.br\/colegio-sao-francisco\/hmc-mantem-acreditacao-hospitalar-concedida-pela-ona\/#breadcrumb\",\"itemListElement\":[{\"@type\":\"ListItem\",\"position\":1,\"name\":\"In\u00edcio\",\"item\":\"https:\/\/www.fsfx.com.br\/colegio-sao-francisco\/\"},{\"@type\":\"ListItem\",\"position\":2,\"name\":\"HMC mant\u00e9m Acredita\u00e7\u00e3o Hospitalar concedida pela ONA\"}]},{\"@type\":\"WebSite\",\"@id\":\"https:\/\/www.fsfx.com.br\/colegio-sao-francisco\/#website\",\"url\":\"https:\/\/www.fsfx.com.br\/colegio-sao-francisco\/\",\"name\":\"Col\u00e9gio S\u00e3o Francisco Xavier\",\"description\":\"\",\"publisher\":{\"@id\":\"https:\/\/www.fsfx.com.br\/colegio-sao-francisco\/#organization\"},\"potentialAction\":[{\"@type\":\"SearchAction\",\"target\":{\"@type\":\"EntryPoint\",\"urlTemplate\":\"https:\/\/www.fsfx.com.br\/colegio-sao-francisco\/?s={search_term_string}\"},\"query-input\":{\"@type\":\"PropertyValueSpecification\",\"valueRequired\":true,\"valueName\":\"search_term_string\"}}],\"inLanguage\":\"pt-BR\"},{\"@type\":\"Organization\",\"@id\":\"https:\/\/www.fsfx.com.br\/colegio-sao-francisco\/#organization\",\"name\":\"CSFX - Col\u00e9gio S\u00e3o Francisco Xavier\",\"url\":\"https:\/\/www.fsfx.com.br\/colegio-sao-francisco\/\",\"logo\":{\"@type\":\"ImageObject\",\"inLanguage\":\"pt-BR\",\"@id\":\"https:\/\/www.fsfx.com.br\/colegio-sao-francisco\/#\/schema\/logo\/image\/\",\"url\":\"https:\/\/www.fsfx.com.br\/colegio-sao-francisco\/wp-content\/uploads\/sites\/10\/2020\/02\/logo.png\",\"contentUrl\":\"https:\/\/www.fsfx.com.br\/colegio-sao-francisco\/wp-content\/uploads\/sites\/10\/2020\/02\/logo.png\",\"width\":175,\"height\":40,\"caption\":\"CSFX - Col\u00e9gio S\u00e3o Francisco Xavier\"},\"image\":{\"@id\":\"https:\/\/www.fsfx.com.br\/colegio-sao-francisco\/#\/schema\/logo\/image\/\"}},{\"@type\":\"Person\",\"@id\":\"https:\/\/www.fsfx.com.br\/colegio-sao-francisco\/#\/schema\/person\/7d2372fe1973398ab20a060bbb9a87d8\",\"name\":\"claudio\",\"image\":{\"@type\":\"ImageObject\",\"inLanguage\":\"pt-BR\",\"@id\":\"https:\/\/www.fsfx.com.br\/colegio-sao-francisco\/#\/schema\/person\/image\/\",\"url\":\"https:\/\/secure.gravatar.com\/avatar\/724caacf0f2f073275cb3689c577e73e87e40150b1ffd648a67445e75aa7ff03?s=96&d=mm&r=g\",\"contentUrl\":\"https:\/\/secure.gravatar.com\/avatar\/724caacf0f2f073275cb3689c577e73e87e40150b1ffd648a67445e75aa7ff03?s=96&d=mm&r=g\",\"caption\":\"claudio\"},\"url\":\"https:\/\/www.fsfx.com.br\/colegio-sao-francisco\/author\/claudio\/\"}]}<\/script>\n<!-- \/ Yoast SEO plugin. -->","yoast_head_json":{"title":"HMC mant\u00e9m Acredita\u00e7\u00e3o Hospitalar concedida pela ONA - Col\u00e9gio S\u00e3o Francisco Xavier","robots":{"index":"index","follow":"follow","max-snippet":"max-snippet:-1","max-image-preview":"max-image-preview:large","max-video-preview":"max-video-preview:-1"},"canonical":"https:\/\/www.fsfx.com.br\/colegio-sao-francisco\/hmc-mantem-acreditacao-hospitalar-concedida-pela-ona\/","og_locale":"pt_BR","og_type":"article","og_title":"HMC mant\u00e9m Acredita\u00e7\u00e3o Hospitalar concedida pela ONA - Col\u00e9gio S\u00e3o Francisco Xavier","og_description":"A institui\u00e7\u00e3o foi a primeira do pa\u00eds a obter o certificado e \u00e9 a \u00fanica a alcan\u00e7ar este patamar na regi\u00e3o do Vale do A\u00e7o O Hospital M\u00e1rcio Cunha (HMC) manteve o mais elevado n\u00edvel em servi\u00e7os hospitalares, a Acredita\u00e7\u00e3o Hospitalar \u0096 N\u00edvel 3, recomendada pela Det Norske Veritas (DNV) junto \u00e0 Organiza\u00e7\u00e3o Nacional de [&hellip;]","og_url":"https:\/\/www.fsfx.com.br\/colegio-sao-francisco\/hmc-mantem-acreditacao-hospitalar-concedida-pela-ona\/","og_site_name":"Col\u00e9gio S\u00e3o Francisco Xavier","article_published_time":"2020-05-14T21:14:31+00:00","og_image":[{"url":"http:\/\/www.fsfx.com.br\/hospital-marcio-cunha\/wp-content\/uploads\/sites\/6\/2017\/07\/ona-site-HMC-300x200.jpg","type":"","width":"","height":""}],"author":"claudio","twitter_card":"summary_large_image","twitter_misc":{"Escrito por":"claudio","Est. tempo de leitura":"5 minutos"},"schema":{"@context":"https:\/\/schema.org","@graph":[{"@type":"Article","@id":"https:\/\/www.fsfx.com.br\/colegio-sao-francisco\/hmc-mantem-acreditacao-hospitalar-concedida-pela-ona\/#article","isPartOf":{"@id":"https:\/\/www.fsfx.com.br\/colegio-sao-francisco\/hmc-mantem-acreditacao-hospitalar-concedida-pela-ona\/"},"author":{"name":"claudio","@id":"https:\/\/www.fsfx.com.br\/colegio-sao-francisco\/#\/schema\/person\/7d2372fe1973398ab20a060bbb9a87d8"},"headline":"HMC mant\u00e9m Acredita\u00e7\u00e3o Hospitalar concedida pela ONA","datePublished":"2020-05-14T21:14:31+00:00","mainEntityOfPage":{"@id":"https:\/\/www.fsfx.com.br\/colegio-sao-francisco\/hmc-mantem-acreditacao-hospitalar-concedida-pela-ona\/"},"wordCount":1002,"commentCount":0,"publisher":{"@id":"https:\/\/www.fsfx.com.br\/colegio-sao-francisco\/#organization"},"image":{"@id":"https:\/\/www.fsfx.com.br\/colegio-sao-francisco\/hmc-mantem-acreditacao-hospitalar-concedida-pela-ona\/#primaryimage"},"thumbnailUrl":"http:\/\/www.fsfx.com.br\/hospital-marcio-cunha\/wp-content\/uploads\/sites\/6\/2017\/07\/ona-site-HMC-300x200.jpg","inLanguage":"pt-BR","potentialAction":[{"@type":"CommentAction","name":"Comment","target":["https:\/\/www.fsfx.com.br\/colegio-sao-francisco\/hmc-mantem-acreditacao-hospitalar-concedida-pela-ona\/#respond"]}]},{"@type":"WebPage","@id":"https:\/\/www.fsfx.com.br\/colegio-sao-francisco\/hmc-mantem-acreditacao-hospitalar-concedida-pela-ona\/","url":"https:\/\/www.fsfx.com.br\/colegio-sao-francisco\/hmc-mantem-acreditacao-hospitalar-concedida-pela-ona\/","name":"HMC mant\u00e9m Acredita\u00e7\u00e3o Hospitalar concedida pela ONA - Col\u00e9gio S\u00e3o Francisco Xavier","isPartOf":{"@id":"https:\/\/www.fsfx.com.br\/colegio-sao-francisco\/#website"},"primaryImageOfPage":{"@id":"https:\/\/www.fsfx.com.br\/colegio-sao-francisco\/hmc-mantem-acreditacao-hospitalar-concedida-pela-ona\/#primaryimage"},"image":{"@id":"https:\/\/www.fsfx.com.br\/colegio-sao-francisco\/hmc-mantem-acreditacao-hospitalar-concedida-pela-ona\/#primaryimage"},"thumbnailUrl":"http:\/\/www.fsfx.com.br\/hospital-marcio-cunha\/wp-content\/uploads\/sites\/6\/2017\/07\/ona-site-HMC-300x200.jpg","datePublished":"2020-05-14T21:14:31+00:00","breadcrumb":{"@id":"https:\/\/www.fsfx.com.br\/colegio-sao-francisco\/hmc-mantem-acreditacao-hospitalar-concedida-pela-ona\/#breadcrumb"},"inLanguage":"pt-BR","potentialAction":[{"@type":"ReadAction","target":["https:\/\/www.fsfx.com.br\/colegio-sao-francisco\/hmc-mantem-acreditacao-hospitalar-concedida-pela-ona\/"]}]},{"@type":"ImageObject","inLanguage":"pt-BR","@id":"https:\/\/www.fsfx.com.br\/colegio-sao-francisco\/hmc-mantem-acreditacao-hospitalar-concedida-pela-ona\/#primaryimage","url":"http:\/\/www.fsfx.com.br\/hospital-marcio-cunha\/wp-content\/uploads\/sites\/6\/2017\/07\/ona-site-HMC-300x200.jpg","contentUrl":"http:\/\/www.fsfx.com.br\/hospital-marcio-cunha\/wp-content\/uploads\/sites\/6\/2017\/07\/ona-site-HMC-300x200.jpg"},{"@type":"BreadcrumbList","@id":"https:\/\/www.fsfx.com.br\/colegio-sao-francisco\/hmc-mantem-acreditacao-hospitalar-concedida-pela-ona\/#breadcrumb","itemListElement":[{"@type":"ListItem","position":1,"name":"In\u00edcio","item":"https:\/\/www.fsfx.com.br\/colegio-sao-francisco\/"},{"@type":"ListItem","position":2,"name":"HMC mant\u00e9m Acredita\u00e7\u00e3o Hospitalar concedida pela ONA"}]},{"@type":"WebSite","@id":"https:\/\/www.fsfx.com.br\/colegio-sao-francisco\/#website","url":"https:\/\/www.fsfx.com.br\/colegio-sao-francisco\/","name":"Col\u00e9gio S\u00e3o Francisco Xavier","description":"","publisher":{"@id":"https:\/\/www.fsfx.com.br\/colegio-sao-francisco\/#organization"},"potentialAction":[{"@type":"SearchAction","target":{"@type":"EntryPoint","urlTemplate":"https:\/\/www.fsfx.com.br\/colegio-sao-francisco\/?s={search_term_string}"},"query-input":{"@type":"PropertyValueSpecification","valueRequired":true,"valueName":"search_term_string"}}],"inLanguage":"pt-BR"},{"@type":"Organization","@id":"https:\/\/www.fsfx.com.br\/colegio-sao-francisco\/#organization","name":"CSFX - Col\u00e9gio S\u00e3o Francisco Xavier","url":"https:\/\/www.fsfx.com.br\/colegio-sao-francisco\/","logo":{"@type":"ImageObject","inLanguage":"pt-BR","@id":"https:\/\/www.fsfx.com.br\/colegio-sao-francisco\/#\/schema\/logo\/image\/","url":"https:\/\/www.fsfx.com.br\/colegio-sao-francisco\/wp-content\/uploads\/sites\/10\/2020\/02\/logo.png","contentUrl":"https:\/\/www.fsfx.com.br\/colegio-sao-francisco\/wp-content\/uploads\/sites\/10\/2020\/02\/logo.png","width":175,"height":40,"caption":"CSFX - Col\u00e9gio S\u00e3o Francisco Xavier"},"image":{"@id":"https:\/\/www.fsfx.com.br\/colegio-sao-francisco\/#\/schema\/logo\/image\/"}},{"@type":"Person","@id":"https:\/\/www.fsfx.com.br\/colegio-sao-francisco\/#\/schema\/person\/7d2372fe1973398ab20a060bbb9a87d8","name":"claudio","image":{"@type":"ImageObject","inLanguage":"pt-BR","@id":"https:\/\/www.fsfx.com.br\/colegio-sao-francisco\/#\/schema\/person\/image\/","url":"https:\/\/secure.gravatar.com\/avatar\/724caacf0f2f073275cb3689c577e73e87e40150b1ffd648a67445e75aa7ff03?s=96&d=mm&r=g","contentUrl":"https:\/\/secure.gravatar.com\/avatar\/724caacf0f2f073275cb3689c577e73e87e40150b1ffd648a67445e75aa7ff03?s=96&d=mm&r=g","caption":"claudio"},"url":"https:\/\/www.fsfx.com.br\/colegio-sao-francisco\/author\/claudio\/"}]}},"_links":{"self":[{"href":"https:\/\/www.fsfx.com.br\/colegio-sao-francisco\/wp-json\/wp\/v2\/posts\/1536","targetHints":{"allow":["GET"]}}],"collection":[{"href":"https:\/\/www.fsfx.com.br\/colegio-sao-francisco\/wp-json\/wp\/v2\/posts"}],"about":[{"href":"https:\/\/www.fsfx.com.br\/colegio-sao-francisco\/wp-json\/wp\/v2\/types\/post"}],"author":[{"embeddable":true,"href":"https:\/\/www.fsfx.com.br\/colegio-sao-francisco\/wp-json\/wp\/v2\/users\/2"}],"replies":[{"embeddable":true,"href":"https:\/\/www.fsfx.com.br\/colegio-sao-francisco\/wp-json\/wp\/v2\/comments?post=1536"}],"version-history":[{"count":0,"href":"https:\/\/www.fsfx.com.br\/colegio-sao-francisco\/wp-json\/wp\/v2\/posts\/1536\/revisions"}],"wp:attachment":[{"href":"https:\/\/www.fsfx.com.br\/colegio-sao-francisco\/wp-json\/wp\/v2\/media?parent=1536"}],"wp:term":[{"taxonomy":"category","embeddable":true,"href":"https:\/\/www.fsfx.com.br\/colegio-sao-francisco\/wp-json\/wp\/v2\/categories?post=1536"},{"taxonomy":"post_tag","embeddable":true,"href":"https:\/\/www.fsfx.com.br\/colegio-sao-francisco\/wp-json\/wp\/v2\/tags?post=1536"}],"curies":[{"name":"wp","href":"https:\/\/api.w.org\/{rel}","templated":true}]}}