{"id":1593,"date":"2020-05-14T18:17:17","date_gmt":"2020-05-14T21:17:17","guid":{"rendered":"http:\/\/fsfx.com.br\/\/csfx\/2020\/05\/14\/diga-sim-ao-parto-adequado\/"},"modified":"2020-05-14T18:17:17","modified_gmt":"2020-05-14T21:17:17","slug":"diga-sim-ao-parto-adequado","status":"publish","type":"post","link":"https:\/\/www.fsfx.com.br\/colegio-sao-francisco\/diga-sim-ao-parto-adequado\/","title":{"rendered":"Diga sim ao parto adequado"},"content":{"rendered":"<figure id=\"attachment_951\" aria-describedby=\"caption-attachment-951\" style=\"width: 600px\" class=\"wp-caption aligncenter\"><img fetchpriority=\"high\" decoding=\"async\" class=\"wp-image-951 size-full\" src=\"http:\/\/www.fsfx.com.br\/wp-content\/uploads\/2015\/12\/partointerna1.jpg\" alt=\"partointerna\" width=\"600\" height=\"400\" \/><figcaption id=\"caption-attachment-951\" class=\"wp-caption-text\">M\u00e3e do pequeno Lucas Gabriel, Cleidimar Cris\u00f3logo Louren\u00e7o aderiu ao parto natural e j\u00e1 sentiu as vantagens de uma recupera\u00e7\u00e3o r\u00e1pida em menos de 24 horas<\/figcaption><\/figure>\n<p>Os momentos que antecedem a chegada de uma crian\u00e7a s\u00e3o marcados por expectativas, felicidade, novas descobertas e tamb\u00e9m por muitas d\u00favidas. A falta de informa\u00e7\u00f5es sobre a forma como o nascimento da crian\u00e7a ser\u00e1 conduzido gera mitos e medos em mulheres que est\u00e3o prestes a dar a luz. Por ser um momento decisivo para a constru\u00e7\u00e3o de um v\u00ednculo duradouro, o parto precisa ser realizado com seguran\u00e7a e de acordo com a indica\u00e7\u00e3o m\u00e9dica. Por isso, a Funda\u00e7\u00e3o S\u00e3o Francisco Xavier, por meio do Hospital M\u00e1rcio Cunha, foi selecionada para participar do Projeto Parto Adequado, uma iniciativa conjunta da Ag\u00eancia Nacional de Sa\u00fade Suplementar (ANS), do Hospital Israelita Albert Einstein e do Institute for Healthcare Improvement (IHI). Com o apoio do Minist\u00e9rio da Sa\u00fade, o objetivo do Projeto \u00e9 identificar modelos inovadores e vi\u00e1veis de aten\u00e7\u00e3o ao parto e nascimento, al\u00e9m de incentivar a realiza\u00e7\u00e3o do parto natural, reduzindo o percentual de cesarianas desnecess\u00e1rias na sa\u00fade suplementar e no sistema p\u00fablico.<\/p>\n<p>\u0093Nossa meta \u00e9 oferecer um padr\u00e3o de excel\u00eancia na assist\u00eancia materno-infantil, embasado em evid\u00eancias cient\u00edficas, promovendo e criando condi\u00e7\u00f5es para o parto adequado. Nossas pr\u00e1ticas foram revistas e est\u00e3o sendo adaptadas de forma gradativa por serem feitas por an\u00e1lise e melhorias de processos\u0094, explica Ana Rosa dos Santos, gerente de assist\u00eancia do Hospital M\u00e1rcio Cunha.<\/p>\n<p>O incentivo ao parto normal j\u00e1 \u00e9 realidade no HMC, que junto \u00e0 Usisa\u00fade, desenvolvem desde 2013 a campanha \u0093Parto normal: a op\u00e7\u00e3o natural\u0094, que informa sobre a import\u00e2ncia do parto natural e suas in\u00fameras vantagens para a m\u00e3e e para o beb\u00ea. Outras a\u00e7\u00f5es repensadas e intensificadas ap\u00f3s a ades\u00e3o do hospital ao Projeto Parto Adequado s\u00e3o a formaliza\u00e7\u00e3o do protocolo de t\u00e9cnicas de indu\u00e7\u00e3o artificial ao trabalho de parto e analgesia, para controle e redu\u00e7\u00e3o da dor; o tratamento n\u00e3o farmacol\u00f3gico; informatiza\u00e7\u00e3o do partograma (documento gr\u00e1fico onde s\u00e3o feitos registros de tudo o que acontece durante o trabalho de parto); realiza\u00e7\u00e3o de palestras e oficinas; incentivo de visitas hospitalares aos casais, para conhecimento do ambiente parturial; a presen\u00e7a das Doulas e do acompanhante durante o processo de parto, dando maior seguran\u00e7a \u00e0 gestante, e a implanta\u00e7\u00e3o de uma pesquisa de satisfa\u00e7\u00e3o espec\u00edfica para obstetr\u00edcia.<\/p>\n<p><strong>Parto humanizado<\/strong><\/p>\n<p>Um grande refor\u00e7o que chegou para somar \u00e0 assist\u00eancia de qualidade j\u00e1 oferecida pela equipe multidisciplinar foi \u00e0 cria\u00e7\u00e3o do ambiente \u00fanico para acolher parturientes no Pr\u00e9-parto, no Parto e no P\u00f3s-parto, garantindo mais cuidado e comodidade para m\u00e3es e beb\u00eas que passam pelo parto natural, a partir do conceito de humaniza\u00e7\u00e3o. A chamada Sala de PPP \u00e9 recomenda para parturientes de conv\u00eanio com indica\u00e7\u00e3o de parto natural e de gesta\u00e7\u00e3o de baixo risco, oferecendo um centro de inova\u00e7\u00f5es no amparo \u00e0 gestante.<\/p>\n<p>Segundo Juliana Bechara, gerente Materno-Infantil, a estrutura oferecida pela Sala de PPP \u00e9 um diferencial importante no acolhimento, na ambienta\u00e7\u00e3o e na garantia do bem-estar materno. \u0093Nesse ambiente n\u00e3o existe a separa\u00e7\u00e3o de m\u00e3e e filho. Toda a fam\u00edlia pode participar desse momento especial, de acordo com a vontade da parturiente\u0094, explica. As pr\u00f3ximas a\u00e7\u00f5es do HMC para a Unidade Materno-Infantil s\u00e3o a reforma da Sala de Parto e a constru\u00e7\u00e3o de mais duas salas para atender tamb\u00e9m \u00e0s pacientes do Sistema \u00danico de Sa\u00fade (SUS).<\/p>\n<p><strong>Parto natural: boa op\u00e7\u00e3o para a m\u00e3e e o beb\u00ea<\/strong><\/p>\n<p>A estimula\u00e7\u00e3o do parto natural \u00e9 uma medida muito vantajosa e traz benef\u00edcios tanto para a m\u00e3e quanto para o beb\u00ea. Ele diminui o tempo de hospitaliza\u00e7\u00e3o, oferece menor risco de hemorragia e infec\u00e7\u00e3o, estimula a boa pr\u00e1tica do processo fisiol\u00f3gico, menos dor no p\u00f3s-parto e contato mais r\u00e1pido com o beb\u00ea.<\/p>\n<p>Al\u00e9m de evitar problemas durante o processo, o parto natural apresenta muitos benef\u00edcios para a crian\u00e7a, um deles \u00e9 a facilidade de respira\u00e7\u00e3o. \u0093O parto normal \u00e9 um processo natural e oferece maiores condi\u00e7\u00f5es da crian\u00e7a nascer bem e sem complica\u00e7\u00f5es, j\u00e1 que \u00e9 ela quem indica o momento mais prop\u00edcio para o nascimento\u0094, explica o m\u00e9dico obstetra Celso Cordeiro.<\/p>\n<p>A m\u00e3e de primeira viagem Tatiane de Souza Santana optou pelo parto natural para dar \u00e0 luz a pequena L\u00edvia Vit\u00f3ria. Poucas horas depois do parto, a m\u00e3e conta que \u0093vale a pena fazer a escolha natural, principalmente pela r\u00e1pida recupera\u00e7\u00e3o. Fazer os exerc\u00edcios orientados pela equipe de assist\u00eancia do hospital foi essencial para o al\u00edvio das dores durante as seis horas de trabalho de parto\u0094, conta Tatiane.<\/p>\n<p><strong>Parto ces\u00e1rea: uma escolha conjunta e consciente<\/strong><\/p>\n<p>Apesar de o parto natural ser o meio mais recomendado, em algumas situa\u00e7\u00f5es, a cesariana pode ser necess\u00e1rio. Por\u00e9m, esse tipo de interven\u00e7\u00e3o cir\u00fargica deve ser indicado pelo m\u00e9dico e para condi\u00e7\u00f5es espec\u00edficas, e n\u00e3o apenas pela conveni\u00eancia da mulher. \u0093A cesariana \u00e9 indicada pelo obstetra quando o parto natural n\u00e3o est\u00e1 evoluindo e em outras situa\u00e7\u00f5es como o descolamento da placenta. Cabe ao m\u00e9dico especialista da paciente fazer essa indica\u00e7\u00e3o e avaliar a necessidade ou n\u00e3o da ces\u00e1rea. A escolha deve se basear no parto mais adequado e seguro para cada gestante e para o beb\u00ea\u0094, esclarece o obstetra.<\/p>\n<p><strong>Pr\u00e9-natal: o primeiro ato de amor<\/strong><\/p>\n<p>Durante toda a gesta\u00e7\u00e3o, a m\u00e3e Tatiane realizou o acompanhou pr\u00e9-natal que teve um papel importante para a sua sa\u00fade e a da sua filha L\u00edvia. \u0093Os cuidados pr\u00e9-natais s\u00e3o fundamentais para a preven\u00e7\u00e3o e ou detec\u00e7\u00e3o precoce de patologias, tanto maternas como fetais, permitindo um desenvolvimento saud\u00e1vel do beb\u00ea e reduzindo os riscos da gestante. Outro aspecto importante do pr\u00e9-natal \u00e9 o de orientar a futura m\u00e3e sobre o que esperar e como agir durante a gesta\u00e7\u00e3o\u0094, ressalta o m\u00e9dico.<\/p>\n<p>Do pr\u00e9-natal ao p\u00f3s-parto, o Hospital M\u00e1rcio Cunha conta com uma maternidade de alto risco e uma equipe multidisciplinar integrada para oferecer, as mam\u00e3es e familiares, a melhor assist\u00eancia \u00e0 sa\u00fade e o apoio necess\u00e1rio no nascimento da crian\u00e7a. Em m\u00e9dia, 500 partos s\u00e3o realizados por m\u00eas, assistidos por 19 m\u00e9dicos plantonistas e seis enfermeiras obstetras. O Hospital M\u00e1rcio Cunha est\u00e1 hoje entre os tr\u00eas maiores hospitais-gerais de Minas Gerais em realiza\u00e7\u00e3o de partos.<\/p>\n","protected":false},"excerpt":{"rendered":"<p>Os momentos que antecedem a chegada de uma crian\u00e7a s\u00e3o marcados por expectativas, felicidade, novas descobertas e tamb\u00e9m por muitas d\u00favidas. A falta de informa\u00e7\u00f5es sobre a forma como o nascimento da crian\u00e7a ser\u00e1 conduzido gera mitos e medos em mulheres que est\u00e3o prestes a dar a luz. Por ser um momento decisivo para a [&hellip;]<\/p>\n","protected":false},"author":2,"featured_media":0,"comment_status":"open","ping_status":"open","sticky":false,"template":"","format":"standard","meta":{"_acf_changed":false,"site-sidebar-layout":"default","site-content-layout":"","ast-site-content-layout":"default","site-content-style":"default","site-sidebar-style":"default","ast-global-header-display":"","ast-banner-title-visibility":"","ast-main-header-display":"","ast-hfb-above-header-display":"","ast-hfb-below-header-display":"","ast-hfb-mobile-header-display":"","site-post-title":"","ast-breadcrumbs-content":"","ast-featured-img":"","footer-sml-layout":"","theme-transparent-header-meta":"","adv-header-id-meta":"","stick-header-meta":"","header-above-stick-meta":"","header-main-stick-meta":"","header-below-stick-meta":"","astra-migrate-meta-layouts":"default","ast-page-background-enabled":"default","ast-page-background-meta":{"desktop":{"background-color":"var(--ast-global-color-4)","background-image":"","background-repeat":"repeat","background-position":"center center","background-size":"auto","background-attachment":"scroll","background-type":"","background-media":"","overlay-type":"","overlay-color":"","overlay-opacity":"","overlay-gradient":""},"tablet":{"background-color":"","background-image":"","background-repeat":"repeat","background-position":"center center","background-size":"auto","background-attachment":"scroll","background-type":"","background-media":"","overlay-type":"","overlay-color":"","overlay-opacity":"","overlay-gradient":""},"mobile":{"background-color":"","background-image":"","background-repeat":"repeat","background-position":"center center","background-size":"auto","background-attachment":"scroll","background-type":"","background-media":"","overlay-type":"","overlay-color":"","overlay-opacity":"","overlay-gradient":""}},"ast-content-background-meta":{"desktop":{"background-color":"var(--ast-global-color-5)","background-image":"","background-repeat":"repeat","background-position":"center center","background-size":"auto","background-attachment":"scroll","background-type":"","background-media":"","overlay-type":"","overlay-color":"","overlay-opacity":"","overlay-gradient":""},"tablet":{"background-color":"var(--ast-global-color-5)","background-image":"","background-repeat":"repeat","background-position":"center center","background-size":"auto","background-attachment":"scroll","background-type":"","background-media":"","overlay-type":"","overlay-color":"","overlay-opacity":"","overlay-gradient":""},"mobile":{"background-color":"var(--ast-global-color-5)","background-image":"","background-repeat":"repeat","background-position":"center center","background-size":"auto","background-attachment":"scroll","background-type":"","background-media":"","overlay-type":"","overlay-color":"","overlay-opacity":"","overlay-gradient":""}},"footnotes":""},"categories":[1],"tags":[],"class_list":["post-1593","post","type-post","status-publish","format-standard","hentry","category-sem-categoria"],"acf":[],"yoast_head":"<!-- This site is optimized with the Yoast SEO plugin v26.9 - https:\/\/yoast.com\/product\/yoast-seo-wordpress\/ -->\n<title>Diga sim ao parto adequado - Col\u00e9gio S\u00e3o Francisco Xavier<\/title>\n<meta name=\"robots\" content=\"index, follow, max-snippet:-1, max-image-preview:large, max-video-preview:-1\" \/>\n<link rel=\"canonical\" href=\"https:\/\/www.fsfx.com.br\/colegio-sao-francisco\/diga-sim-ao-parto-adequado\/\" \/>\n<meta property=\"og:locale\" content=\"pt_BR\" \/>\n<meta property=\"og:type\" content=\"article\" \/>\n<meta property=\"og:title\" content=\"Diga sim ao parto adequado - Col\u00e9gio S\u00e3o Francisco Xavier\" \/>\n<meta property=\"og:description\" content=\"Os momentos que antecedem a chegada de uma crian\u00e7a s\u00e3o marcados por expectativas, felicidade, novas descobertas e tamb\u00e9m por muitas d\u00favidas. A falta de informa\u00e7\u00f5es sobre a forma como o nascimento da crian\u00e7a ser\u00e1 conduzido gera mitos e medos em mulheres que est\u00e3o prestes a dar a luz. Por ser um momento decisivo para a [&hellip;]\" \/>\n<meta property=\"og:url\" content=\"https:\/\/www.fsfx.com.br\/colegio-sao-francisco\/diga-sim-ao-parto-adequado\/\" \/>\n<meta property=\"og:site_name\" content=\"Col\u00e9gio S\u00e3o Francisco Xavier\" \/>\n<meta property=\"article:published_time\" content=\"2020-05-14T21:17:17+00:00\" \/>\n<meta property=\"og:image\" content=\"http:\/\/www.fsfx.com.br\/wp-content\/uploads\/2015\/12\/partointerna1.jpg\" \/>\n<meta name=\"author\" content=\"claudio\" \/>\n<meta name=\"twitter:card\" content=\"summary_large_image\" \/>\n<meta name=\"twitter:label1\" content=\"Escrito por\" \/>\n\t<meta name=\"twitter:data1\" content=\"claudio\" \/>\n\t<meta name=\"twitter:label2\" content=\"Est. tempo de leitura\" \/>\n\t<meta name=\"twitter:data2\" content=\"6 minutos\" \/>\n<script type=\"application\/ld+json\" class=\"yoast-schema-graph\">{\"@context\":\"https:\/\/schema.org\",\"@graph\":[{\"@type\":\"Article\",\"@id\":\"https:\/\/www.fsfx.com.br\/colegio-sao-francisco\/diga-sim-ao-parto-adequado\/#article\",\"isPartOf\":{\"@id\":\"https:\/\/www.fsfx.com.br\/colegio-sao-francisco\/diga-sim-ao-parto-adequado\/\"},\"author\":{\"name\":\"claudio\",\"@id\":\"https:\/\/www.fsfx.com.br\/colegio-sao-francisco\/#\/schema\/person\/7d2372fe1973398ab20a060bbb9a87d8\"},\"headline\":\"Diga sim ao parto adequado\",\"datePublished\":\"2020-05-14T21:17:17+00:00\",\"mainEntityOfPage\":{\"@id\":\"https:\/\/www.fsfx.com.br\/colegio-sao-francisco\/diga-sim-ao-parto-adequado\/\"},\"wordCount\":1174,\"commentCount\":0,\"publisher\":{\"@id\":\"https:\/\/www.fsfx.com.br\/colegio-sao-francisco\/#organization\"},\"image\":{\"@id\":\"https:\/\/www.fsfx.com.br\/colegio-sao-francisco\/diga-sim-ao-parto-adequado\/#primaryimage\"},\"thumbnailUrl\":\"http:\/\/www.fsfx.com.br\/wp-content\/uploads\/2015\/12\/partointerna1.jpg\",\"inLanguage\":\"pt-BR\",\"potentialAction\":[{\"@type\":\"CommentAction\",\"name\":\"Comment\",\"target\":[\"https:\/\/www.fsfx.com.br\/colegio-sao-francisco\/diga-sim-ao-parto-adequado\/#respond\"]}]},{\"@type\":\"WebPage\",\"@id\":\"https:\/\/www.fsfx.com.br\/colegio-sao-francisco\/diga-sim-ao-parto-adequado\/\",\"url\":\"https:\/\/www.fsfx.com.br\/colegio-sao-francisco\/diga-sim-ao-parto-adequado\/\",\"name\":\"Diga sim ao parto adequado - Col\u00e9gio S\u00e3o Francisco Xavier\",\"isPartOf\":{\"@id\":\"https:\/\/www.fsfx.com.br\/colegio-sao-francisco\/#website\"},\"primaryImageOfPage\":{\"@id\":\"https:\/\/www.fsfx.com.br\/colegio-sao-francisco\/diga-sim-ao-parto-adequado\/#primaryimage\"},\"image\":{\"@id\":\"https:\/\/www.fsfx.com.br\/colegio-sao-francisco\/diga-sim-ao-parto-adequado\/#primaryimage\"},\"thumbnailUrl\":\"http:\/\/www.fsfx.com.br\/wp-content\/uploads\/2015\/12\/partointerna1.jpg\",\"datePublished\":\"2020-05-14T21:17:17+00:00\",\"breadcrumb\":{\"@id\":\"https:\/\/www.fsfx.com.br\/colegio-sao-francisco\/diga-sim-ao-parto-adequado\/#breadcrumb\"},\"inLanguage\":\"pt-BR\",\"potentialAction\":[{\"@type\":\"ReadAction\",\"target\":[\"https:\/\/www.fsfx.com.br\/colegio-sao-francisco\/diga-sim-ao-parto-adequado\/\"]}]},{\"@type\":\"ImageObject\",\"inLanguage\":\"pt-BR\",\"@id\":\"https:\/\/www.fsfx.com.br\/colegio-sao-francisco\/diga-sim-ao-parto-adequado\/#primaryimage\",\"url\":\"http:\/\/www.fsfx.com.br\/wp-content\/uploads\/2015\/12\/partointerna1.jpg\",\"contentUrl\":\"http:\/\/www.fsfx.com.br\/wp-content\/uploads\/2015\/12\/partointerna1.jpg\"},{\"@type\":\"BreadcrumbList\",\"@id\":\"https:\/\/www.fsfx.com.br\/colegio-sao-francisco\/diga-sim-ao-parto-adequado\/#breadcrumb\",\"itemListElement\":[{\"@type\":\"ListItem\",\"position\":1,\"name\":\"In\u00edcio\",\"item\":\"https:\/\/www.fsfx.com.br\/colegio-sao-francisco\/\"},{\"@type\":\"ListItem\",\"position\":2,\"name\":\"Diga sim ao parto adequado\"}]},{\"@type\":\"WebSite\",\"@id\":\"https:\/\/www.fsfx.com.br\/colegio-sao-francisco\/#website\",\"url\":\"https:\/\/www.fsfx.com.br\/colegio-sao-francisco\/\",\"name\":\"Col\u00e9gio S\u00e3o Francisco Xavier\",\"description\":\"\",\"publisher\":{\"@id\":\"https:\/\/www.fsfx.com.br\/colegio-sao-francisco\/#organization\"},\"potentialAction\":[{\"@type\":\"SearchAction\",\"target\":{\"@type\":\"EntryPoint\",\"urlTemplate\":\"https:\/\/www.fsfx.com.br\/colegio-sao-francisco\/?s={search_term_string}\"},\"query-input\":{\"@type\":\"PropertyValueSpecification\",\"valueRequired\":true,\"valueName\":\"search_term_string\"}}],\"inLanguage\":\"pt-BR\"},{\"@type\":\"Organization\",\"@id\":\"https:\/\/www.fsfx.com.br\/colegio-sao-francisco\/#organization\",\"name\":\"CSFX - Col\u00e9gio S\u00e3o Francisco Xavier\",\"url\":\"https:\/\/www.fsfx.com.br\/colegio-sao-francisco\/\",\"logo\":{\"@type\":\"ImageObject\",\"inLanguage\":\"pt-BR\",\"@id\":\"https:\/\/www.fsfx.com.br\/colegio-sao-francisco\/#\/schema\/logo\/image\/\",\"url\":\"https:\/\/www.fsfx.com.br\/colegio-sao-francisco\/wp-content\/uploads\/sites\/10\/2020\/02\/logo.png\",\"contentUrl\":\"https:\/\/www.fsfx.com.br\/colegio-sao-francisco\/wp-content\/uploads\/sites\/10\/2020\/02\/logo.png\",\"width\":175,\"height\":40,\"caption\":\"CSFX - Col\u00e9gio S\u00e3o Francisco Xavier\"},\"image\":{\"@id\":\"https:\/\/www.fsfx.com.br\/colegio-sao-francisco\/#\/schema\/logo\/image\/\"}},{\"@type\":\"Person\",\"@id\":\"https:\/\/www.fsfx.com.br\/colegio-sao-francisco\/#\/schema\/person\/7d2372fe1973398ab20a060bbb9a87d8\",\"name\":\"claudio\",\"image\":{\"@type\":\"ImageObject\",\"inLanguage\":\"pt-BR\",\"@id\":\"https:\/\/www.fsfx.com.br\/colegio-sao-francisco\/#\/schema\/person\/image\/\",\"url\":\"https:\/\/secure.gravatar.com\/avatar\/724caacf0f2f073275cb3689c577e73e87e40150b1ffd648a67445e75aa7ff03?s=96&d=mm&r=g\",\"contentUrl\":\"https:\/\/secure.gravatar.com\/avatar\/724caacf0f2f073275cb3689c577e73e87e40150b1ffd648a67445e75aa7ff03?s=96&d=mm&r=g\",\"caption\":\"claudio\"},\"url\":\"https:\/\/www.fsfx.com.br\/colegio-sao-francisco\/author\/claudio\/\"}]}<\/script>\n<!-- \/ Yoast SEO plugin. -->","yoast_head_json":{"title":"Diga sim ao parto adequado - Col\u00e9gio S\u00e3o Francisco Xavier","robots":{"index":"index","follow":"follow","max-snippet":"max-snippet:-1","max-image-preview":"max-image-preview:large","max-video-preview":"max-video-preview:-1"},"canonical":"https:\/\/www.fsfx.com.br\/colegio-sao-francisco\/diga-sim-ao-parto-adequado\/","og_locale":"pt_BR","og_type":"article","og_title":"Diga sim ao parto adequado - Col\u00e9gio S\u00e3o Francisco Xavier","og_description":"Os momentos que antecedem a chegada de uma crian\u00e7a s\u00e3o marcados por expectativas, felicidade, novas descobertas e tamb\u00e9m por muitas d\u00favidas. A falta de informa\u00e7\u00f5es sobre a forma como o nascimento da crian\u00e7a ser\u00e1 conduzido gera mitos e medos em mulheres que est\u00e3o prestes a dar a luz. Por ser um momento decisivo para a [&hellip;]","og_url":"https:\/\/www.fsfx.com.br\/colegio-sao-francisco\/diga-sim-ao-parto-adequado\/","og_site_name":"Col\u00e9gio S\u00e3o Francisco Xavier","article_published_time":"2020-05-14T21:17:17+00:00","og_image":[{"url":"http:\/\/www.fsfx.com.br\/wp-content\/uploads\/2015\/12\/partointerna1.jpg","type":"","width":"","height":""}],"author":"claudio","twitter_card":"summary_large_image","twitter_misc":{"Escrito por":"claudio","Est. tempo de leitura":"6 minutos"},"schema":{"@context":"https:\/\/schema.org","@graph":[{"@type":"Article","@id":"https:\/\/www.fsfx.com.br\/colegio-sao-francisco\/diga-sim-ao-parto-adequado\/#article","isPartOf":{"@id":"https:\/\/www.fsfx.com.br\/colegio-sao-francisco\/diga-sim-ao-parto-adequado\/"},"author":{"name":"claudio","@id":"https:\/\/www.fsfx.com.br\/colegio-sao-francisco\/#\/schema\/person\/7d2372fe1973398ab20a060bbb9a87d8"},"headline":"Diga sim ao parto adequado","datePublished":"2020-05-14T21:17:17+00:00","mainEntityOfPage":{"@id":"https:\/\/www.fsfx.com.br\/colegio-sao-francisco\/diga-sim-ao-parto-adequado\/"},"wordCount":1174,"commentCount":0,"publisher":{"@id":"https:\/\/www.fsfx.com.br\/colegio-sao-francisco\/#organization"},"image":{"@id":"https:\/\/www.fsfx.com.br\/colegio-sao-francisco\/diga-sim-ao-parto-adequado\/#primaryimage"},"thumbnailUrl":"http:\/\/www.fsfx.com.br\/wp-content\/uploads\/2015\/12\/partointerna1.jpg","inLanguage":"pt-BR","potentialAction":[{"@type":"CommentAction","name":"Comment","target":["https:\/\/www.fsfx.com.br\/colegio-sao-francisco\/diga-sim-ao-parto-adequado\/#respond"]}]},{"@type":"WebPage","@id":"https:\/\/www.fsfx.com.br\/colegio-sao-francisco\/diga-sim-ao-parto-adequado\/","url":"https:\/\/www.fsfx.com.br\/colegio-sao-francisco\/diga-sim-ao-parto-adequado\/","name":"Diga sim ao parto adequado - Col\u00e9gio S\u00e3o Francisco Xavier","isPartOf":{"@id":"https:\/\/www.fsfx.com.br\/colegio-sao-francisco\/#website"},"primaryImageOfPage":{"@id":"https:\/\/www.fsfx.com.br\/colegio-sao-francisco\/diga-sim-ao-parto-adequado\/#primaryimage"},"image":{"@id":"https:\/\/www.fsfx.com.br\/colegio-sao-francisco\/diga-sim-ao-parto-adequado\/#primaryimage"},"thumbnailUrl":"http:\/\/www.fsfx.com.br\/wp-content\/uploads\/2015\/12\/partointerna1.jpg","datePublished":"2020-05-14T21:17:17+00:00","breadcrumb":{"@id":"https:\/\/www.fsfx.com.br\/colegio-sao-francisco\/diga-sim-ao-parto-adequado\/#breadcrumb"},"inLanguage":"pt-BR","potentialAction":[{"@type":"ReadAction","target":["https:\/\/www.fsfx.com.br\/colegio-sao-francisco\/diga-sim-ao-parto-adequado\/"]}]},{"@type":"ImageObject","inLanguage":"pt-BR","@id":"https:\/\/www.fsfx.com.br\/colegio-sao-francisco\/diga-sim-ao-parto-adequado\/#primaryimage","url":"http:\/\/www.fsfx.com.br\/wp-content\/uploads\/2015\/12\/partointerna1.jpg","contentUrl":"http:\/\/www.fsfx.com.br\/wp-content\/uploads\/2015\/12\/partointerna1.jpg"},{"@type":"BreadcrumbList","@id":"https:\/\/www.fsfx.com.br\/colegio-sao-francisco\/diga-sim-ao-parto-adequado\/#breadcrumb","itemListElement":[{"@type":"ListItem","position":1,"name":"In\u00edcio","item":"https:\/\/www.fsfx.com.br\/colegio-sao-francisco\/"},{"@type":"ListItem","position":2,"name":"Diga sim ao parto adequado"}]},{"@type":"WebSite","@id":"https:\/\/www.fsfx.com.br\/colegio-sao-francisco\/#website","url":"https:\/\/www.fsfx.com.br\/colegio-sao-francisco\/","name":"Col\u00e9gio S\u00e3o Francisco Xavier","description":"","publisher":{"@id":"https:\/\/www.fsfx.com.br\/colegio-sao-francisco\/#organization"},"potentialAction":[{"@type":"SearchAction","target":{"@type":"EntryPoint","urlTemplate":"https:\/\/www.fsfx.com.br\/colegio-sao-francisco\/?s={search_term_string}"},"query-input":{"@type":"PropertyValueSpecification","valueRequired":true,"valueName":"search_term_string"}}],"inLanguage":"pt-BR"},{"@type":"Organization","@id":"https:\/\/www.fsfx.com.br\/colegio-sao-francisco\/#organization","name":"CSFX - Col\u00e9gio S\u00e3o Francisco Xavier","url":"https:\/\/www.fsfx.com.br\/colegio-sao-francisco\/","logo":{"@type":"ImageObject","inLanguage":"pt-BR","@id":"https:\/\/www.fsfx.com.br\/colegio-sao-francisco\/#\/schema\/logo\/image\/","url":"https:\/\/www.fsfx.com.br\/colegio-sao-francisco\/wp-content\/uploads\/sites\/10\/2020\/02\/logo.png","contentUrl":"https:\/\/www.fsfx.com.br\/colegio-sao-francisco\/wp-content\/uploads\/sites\/10\/2020\/02\/logo.png","width":175,"height":40,"caption":"CSFX - Col\u00e9gio S\u00e3o Francisco Xavier"},"image":{"@id":"https:\/\/www.fsfx.com.br\/colegio-sao-francisco\/#\/schema\/logo\/image\/"}},{"@type":"Person","@id":"https:\/\/www.fsfx.com.br\/colegio-sao-francisco\/#\/schema\/person\/7d2372fe1973398ab20a060bbb9a87d8","name":"claudio","image":{"@type":"ImageObject","inLanguage":"pt-BR","@id":"https:\/\/www.fsfx.com.br\/colegio-sao-francisco\/#\/schema\/person\/image\/","url":"https:\/\/secure.gravatar.com\/avatar\/724caacf0f2f073275cb3689c577e73e87e40150b1ffd648a67445e75aa7ff03?s=96&d=mm&r=g","contentUrl":"https:\/\/secure.gravatar.com\/avatar\/724caacf0f2f073275cb3689c577e73e87e40150b1ffd648a67445e75aa7ff03?s=96&d=mm&r=g","caption":"claudio"},"url":"https:\/\/www.fsfx.com.br\/colegio-sao-francisco\/author\/claudio\/"}]}},"_links":{"self":[{"href":"https:\/\/www.fsfx.com.br\/colegio-sao-francisco\/wp-json\/wp\/v2\/posts\/1593","targetHints":{"allow":["GET"]}}],"collection":[{"href":"https:\/\/www.fsfx.com.br\/colegio-sao-francisco\/wp-json\/wp\/v2\/posts"}],"about":[{"href":"https:\/\/www.fsfx.com.br\/colegio-sao-francisco\/wp-json\/wp\/v2\/types\/post"}],"author":[{"embeddable":true,"href":"https:\/\/www.fsfx.com.br\/colegio-sao-francisco\/wp-json\/wp\/v2\/users\/2"}],"replies":[{"embeddable":true,"href":"https:\/\/www.fsfx.com.br\/colegio-sao-francisco\/wp-json\/wp\/v2\/comments?post=1593"}],"version-history":[{"count":0,"href":"https:\/\/www.fsfx.com.br\/colegio-sao-francisco\/wp-json\/wp\/v2\/posts\/1593\/revisions"}],"wp:attachment":[{"href":"https:\/\/www.fsfx.com.br\/colegio-sao-francisco\/wp-json\/wp\/v2\/media?parent=1593"}],"wp:term":[{"taxonomy":"category","embeddable":true,"href":"https:\/\/www.fsfx.com.br\/colegio-sao-francisco\/wp-json\/wp\/v2\/categories?post=1593"},{"taxonomy":"post_tag","embeddable":true,"href":"https:\/\/www.fsfx.com.br\/colegio-sao-francisco\/wp-json\/wp\/v2\/tags?post=1593"}],"curies":[{"name":"wp","href":"https:\/\/api.w.org\/{rel}","templated":true}]}}