{"id":1594,"date":"2020-05-14T18:17:19","date_gmt":"2020-05-14T21:17:19","guid":{"rendered":"http:\/\/fsfx.com.br\/\/csfx\/2020\/05\/14\/fios-de-solidariedade-e-de-amor-ao-proximo\/"},"modified":"2020-05-14T18:17:19","modified_gmt":"2020-05-14T21:17:19","slug":"fios-de-solidariedade-e-de-amor-ao-proximo","status":"publish","type":"post","link":"https:\/\/www.fsfx.com.br\/colegio-sao-francisco\/fios-de-solidariedade-e-de-amor-ao-proximo\/","title":{"rendered":"Fios de solidariedade e de amor ao pr\u00f3ximo"},"content":{"rendered":"<p>For\u00e7a e beleza s\u00e3o caracter\u00edsticas que sempre estiveram ligadas aos cabelos no imagin\u00e1rio das pessoas, principalmente na cabe\u00e7a das mulheres. Tanto que, na aus\u00eancia deles, para Alice An\u00edcio de Morais, de 44 anos, \u0093as pessoas olham mais para voc\u00ea nas ruas, parecem se incomodar\u0094. A percep\u00e7\u00e3o dela, que luta contra um c\u00e2ncer de mama desde junho, \u00e9 a mesma para centenas de outras pacientes da Unidade de Oncologia do Hospital M\u00e1rcio Cunha (HMC), em Ipatinga, MG. Por\u00e9m, agora elas passar\u00e3o a descobrir bons motivos para atrair outros olhares despidos de preconceito \u0096 das pessoas e de si pr\u00f3prias, com o Projeto Fios de Amor.<\/p>\n<p><img fetchpriority=\"high\" decoding=\"async\" class=\"alignright size-full wp-image-17948\" src=\"http:\/\/usimfsfx\/wp-content\/uploads\/2015\/12\/Projeto-Fios-de-Amor.jpg\" alt=\"Projeto-Fios-de-Amor\" width=\"300\" height=\"822\" \/>Promovido pela Funda\u00e7\u00e3o S\u00e3o Francisco Xavier, entidade que administra o HMC, o Fios de Amor \u00e9 resultado do trabalho em conjunto de profissionais da sa\u00fade, da \u00e1rea da beleza e de pessoas que cortaram e doaram seus cabelos para serem transformados em perucas. O objetivo \u00e9 ajudar a resgatar a autoestima de quem passa pelo tratamento contra a doen\u00e7a. Por isso o lan\u00e7amento do projeto na noite de ontem, 09, foi um verdadeiro desfile de solidariedade e amor ao pr\u00f3ximo. Na passarela, 15 mulheres pacientes da Unidade de Oncologia do Hospital M\u00e1rcio Cunha e duas pessoas que j\u00e1 doaram seus cabelos desfilaram confian\u00e7a e vontade de viver, ensinando que a beleza da vida est\u00e1 no aprendizado de seguir em frente. Mulheres como a Alice, que agradece. \u0093Esse belo projeto ir\u00e1 beneficiar muitas mulheres. Para mim, foi uma honra desfilar na passarela. \u00c9 sin\u00f4nimo de supera\u00e7\u00e3o.\u0094<\/p>\n<p><strong>Resgate da autoestima<\/strong><\/p>\n<p>O Fios de Amor \u00e9 um caminho que ajudar\u00e1 a transformar o gesto de solidariedade de algumas pessoas em mais alegria para mulheres que enfrentam um momento de fragilidade por conta da doen\u00e7a. Fios que virar\u00e3o perucas e passar\u00e3o a integrar um estoque de perucas da Unidade de Oncologia, ou melhor, um estoque de for\u00e7a e beleza. Assim, muito em breve, as pacientes que sentirem necessidade ter\u00e3o o acess\u00f3rio \u00e0 disposi\u00e7\u00e3o, e de forma gratuita e r\u00e1pida, sem precisar pagar caro por isso ou aguardar a sua confec\u00e7\u00e3o, que demanda, em m\u00e9dia, de 15 a 30 dias.<\/p>\n<p>Para isso, a Funda\u00e7\u00e3o S\u00e3o Francisco Xavier, tanto para o evento de lan\u00e7amento quanto para o prosseguimento do projeto, conta com a ades\u00e3o imprescind\u00edvel de volunt\u00e1rios do Grupo Se Toque e de parceiros como Class Noivas, Neuza Produ\u00e7\u00f5es, Jena\u00edna Ar\u00eades, Luciana Cavalier, M\u00e1rio Cruz, Renato Ferreira, Vin\u00edcius Siqueira, Rodrigo Ferreira, Rom\u00e1rio Ferreira, Vanuza B\u00e1rbara, Yamashita Faioli, Shop dos Cabelos, Let\u00edcia\u00a0Barros e Big Joy Sal\u00e3o. Se voc\u00ea tem cabelos longos e deseja doar, pelo menos, 40 cent\u00edmetros de comprimento, seja mulher ou homem, colabore com o Projeto Fios de Amor. Basta ir a um dos sal\u00f5es parceiros, manifestar sua vontade e autorizar a doa\u00e7\u00e3o dos fios que os cabeleireiros realizar\u00e3o o corte. As mechas doadas ser\u00e3o encaminhadas \u00e0 Unidade de Oncologia do HMC.<\/p>\n<p>\u0093O Fios de Amor trabalha um dos valores institucionais da Funda\u00e7\u00e3o, o respeito ao ser humano. A partir desse projeto, podemos amplificar na comunidade o trabalho humano, de acolhimento realizado aos pacientes com c\u00e2ncer no Hospital M\u00e1rcio Cunha, possibilitando elevar a autoestima e a confian\u00e7a dessas pessoas e seus familiares, primordial para o enfrentamento da doen\u00e7a e o restabelecimento da sa\u00fade\u0094, ressalta Lu\u00eds M\u00e1rcio Ara\u00fajo Ramos, diretor executivo da FSFX.<\/p>\n<p><img decoding=\"async\" class=\"size-full wp-image-17939\" src=\"http:\/\/usimfsfx\/wp-content\/uploads\/2015\/12\/Fios2.jpg\" alt=\"As volunt\u00e1rias Jaqueline Vieira e Lara Azevedo foram as primeiras a cortaram os cabelos e doarem para o projeto \" width=\"320\" height=\"197\" \/><\/p>\n<p><strong>Satisfa\u00e7\u00e3o em fazer o bem<\/strong><\/p>\n<p>As perucas do Fios de Amor permitir\u00e3o \u00e0s pacientes escolherem as \u0091novas madeixas\u0092 na Unidade de Oncologia, a partir do modelo que melhor combina com o seu formato de rosto e tom de pele, ou conforme sua personalidade. \u0093Al\u00e9m de estar satisfeita com o seu tratamento, a paciente tamb\u00e9m precisa estar satisfeita consigo mesma. Embora a mulher esteja enfrentando o c\u00e2ncer, \u00e9 importante que ela se sinta bonita\u0094, destaca Mauro Oscar Soares Souza Lima, superintendente do Hospital M\u00e1rcio Cunha.<\/p>\n<p>Essa alegria e vontade de ver o outro feliz j\u00e1 tem contagiado diversos volunt\u00e1rios. A professora de l\u00edngua portuguesa e inglesa, Jaqueline Vieira Coelho, se sensibilizou com a causa logo quando soube do projeto. \u0093Eu decidi doar o meu cabelo porque sei que v\u00e1rias mulheres passam por situa\u00e7\u00f5es dif\u00edceis. A \u00fanica coisa que quero ganhar com esse gesto \u00e9 a gratid\u00e3o e me sentir feliz por pensar no pr\u00f3ximo\u0094, explica. No lan\u00e7amento do Fios de Amor, Jaqueline tamb\u00e9m esteve na passarela, desfilando de m\u00e3os dadas com \u00e0quelas que passar\u00e3o\u00a0a caminhar agora com um pouco de sua beleza e muito da sua solidariedade.<\/p>\n","protected":false},"excerpt":{"rendered":"<p>For\u00e7a e beleza s\u00e3o caracter\u00edsticas que sempre estiveram ligadas aos cabelos no imagin\u00e1rio das pessoas, principalmente na cabe\u00e7a das mulheres. Tanto que, na aus\u00eancia deles, para Alice An\u00edcio de Morais, de 44 anos, \u0093as pessoas olham mais para voc\u00ea nas ruas, parecem se incomodar\u0094. A percep\u00e7\u00e3o dela, que luta contra um c\u00e2ncer de mama desde [&hellip;]<\/p>\n","protected":false},"author":2,"featured_media":0,"comment_status":"open","ping_status":"open","sticky":false,"template":"","format":"standard","meta":{"_acf_changed":false,"site-sidebar-layout":"default","site-content-layout":"","ast-site-content-layout":"default","site-content-style":"default","site-sidebar-style":"default","ast-global-header-display":"","ast-banner-title-visibility":"","ast-main-header-display":"","ast-hfb-above-header-display":"","ast-hfb-below-header-display":"","ast-hfb-mobile-header-display":"","site-post-title":"","ast-breadcrumbs-content":"","ast-featured-img":"","footer-sml-layout":"","theme-transparent-header-meta":"","adv-header-id-meta":"","stick-header-meta":"","header-above-stick-meta":"","header-main-stick-meta":"","header-below-stick-meta":"","astra-migrate-meta-layouts":"default","ast-page-background-enabled":"default","ast-page-background-meta":{"desktop":{"background-color":"var(--ast-global-color-4)","background-image":"","background-repeat":"repeat","background-position":"center center","background-size":"auto","background-attachment":"scroll","background-type":"","background-media":"","overlay-type":"","overlay-color":"","overlay-opacity":"","overlay-gradient":""},"tablet":{"background-color":"","background-image":"","background-repeat":"repeat","background-position":"center center","background-size":"auto","background-attachment":"scroll","background-type":"","background-media":"","overlay-type":"","overlay-color":"","overlay-opacity":"","overlay-gradient":""},"mobile":{"background-color":"","background-image":"","background-repeat":"repeat","background-position":"center center","background-size":"auto","background-attachment":"scroll","background-type":"","background-media":"","overlay-type":"","overlay-color":"","overlay-opacity":"","overlay-gradient":""}},"ast-content-background-meta":{"desktop":{"background-color":"var(--ast-global-color-5)","background-image":"","background-repeat":"repeat","background-position":"center center","background-size":"auto","background-attachment":"scroll","background-type":"","background-media":"","overlay-type":"","overlay-color":"","overlay-opacity":"","overlay-gradient":""},"tablet":{"background-color":"var(--ast-global-color-5)","background-image":"","background-repeat":"repeat","background-position":"center center","background-size":"auto","background-attachment":"scroll","background-type":"","background-media":"","overlay-type":"","overlay-color":"","overlay-opacity":"","overlay-gradient":""},"mobile":{"background-color":"var(--ast-global-color-5)","background-image":"","background-repeat":"repeat","background-position":"center center","background-size":"auto","background-attachment":"scroll","background-type":"","background-media":"","overlay-type":"","overlay-color":"","overlay-opacity":"","overlay-gradient":""}},"footnotes":""},"categories":[1],"tags":[],"class_list":["post-1594","post","type-post","status-publish","format-standard","hentry","category-sem-categoria"],"acf":[],"yoast_head":"<!-- This site is optimized with the Yoast SEO plugin v26.9 - https:\/\/yoast.com\/product\/yoast-seo-wordpress\/ -->\n<title>Fios de solidariedade e de amor ao pr\u00f3ximo - Col\u00e9gio S\u00e3o Francisco Xavier<\/title>\n<meta name=\"robots\" content=\"index, follow, max-snippet:-1, max-image-preview:large, max-video-preview:-1\" \/>\n<link rel=\"canonical\" href=\"https:\/\/www.fsfx.com.br\/colegio-sao-francisco\/fios-de-solidariedade-e-de-amor-ao-proximo\/\" \/>\n<meta property=\"og:locale\" content=\"pt_BR\" \/>\n<meta property=\"og:type\" content=\"article\" \/>\n<meta property=\"og:title\" content=\"Fios de solidariedade e de amor ao pr\u00f3ximo - Col\u00e9gio S\u00e3o Francisco Xavier\" \/>\n<meta property=\"og:description\" content=\"For\u00e7a e beleza s\u00e3o caracter\u00edsticas que sempre estiveram ligadas aos cabelos no imagin\u00e1rio das pessoas, principalmente na cabe\u00e7a das mulheres. Tanto que, na aus\u00eancia deles, para Alice An\u00edcio de Morais, de 44 anos, \u0093as pessoas olham mais para voc\u00ea nas ruas, parecem se incomodar\u0094. A percep\u00e7\u00e3o dela, que luta contra um c\u00e2ncer de mama desde [&hellip;]\" \/>\n<meta property=\"og:url\" content=\"https:\/\/www.fsfx.com.br\/colegio-sao-francisco\/fios-de-solidariedade-e-de-amor-ao-proximo\/\" \/>\n<meta property=\"og:site_name\" content=\"Col\u00e9gio S\u00e3o Francisco Xavier\" \/>\n<meta property=\"article:published_time\" content=\"2020-05-14T21:17:19+00:00\" \/>\n<meta property=\"og:image\" content=\"http:\/\/usimfsfx\/wp-content\/uploads\/2015\/12\/Projeto-Fios-de-Amor.jpg\" \/>\n<meta name=\"author\" content=\"claudio\" \/>\n<meta name=\"twitter:card\" content=\"summary_large_image\" \/>\n<meta name=\"twitter:label1\" content=\"Escrito por\" \/>\n\t<meta name=\"twitter:data1\" content=\"claudio\" \/>\n\t<meta name=\"twitter:label2\" content=\"Est. tempo de leitura\" \/>\n\t<meta name=\"twitter:data2\" content=\"4 minutos\" \/>\n<script type=\"application\/ld+json\" class=\"yoast-schema-graph\">{\"@context\":\"https:\/\/schema.org\",\"@graph\":[{\"@type\":\"Article\",\"@id\":\"https:\/\/www.fsfx.com.br\/colegio-sao-francisco\/fios-de-solidariedade-e-de-amor-ao-proximo\/#article\",\"isPartOf\":{\"@id\":\"https:\/\/www.fsfx.com.br\/colegio-sao-francisco\/fios-de-solidariedade-e-de-amor-ao-proximo\/\"},\"author\":{\"name\":\"claudio\",\"@id\":\"https:\/\/www.fsfx.com.br\/colegio-sao-francisco\/#\/schema\/person\/7d2372fe1973398ab20a060bbb9a87d8\"},\"headline\":\"Fios de solidariedade e de amor ao pr\u00f3ximo\",\"datePublished\":\"2020-05-14T21:17:19+00:00\",\"mainEntityOfPage\":{\"@id\":\"https:\/\/www.fsfx.com.br\/colegio-sao-francisco\/fios-de-solidariedade-e-de-amor-ao-proximo\/\"},\"wordCount\":801,\"commentCount\":0,\"publisher\":{\"@id\":\"https:\/\/www.fsfx.com.br\/colegio-sao-francisco\/#organization\"},\"image\":{\"@id\":\"https:\/\/www.fsfx.com.br\/colegio-sao-francisco\/fios-de-solidariedade-e-de-amor-ao-proximo\/#primaryimage\"},\"thumbnailUrl\":\"http:\/\/usimfsfx\/wp-content\/uploads\/2015\/12\/Projeto-Fios-de-Amor.jpg\",\"inLanguage\":\"pt-BR\",\"potentialAction\":[{\"@type\":\"CommentAction\",\"name\":\"Comment\",\"target\":[\"https:\/\/www.fsfx.com.br\/colegio-sao-francisco\/fios-de-solidariedade-e-de-amor-ao-proximo\/#respond\"]}]},{\"@type\":\"WebPage\",\"@id\":\"https:\/\/www.fsfx.com.br\/colegio-sao-francisco\/fios-de-solidariedade-e-de-amor-ao-proximo\/\",\"url\":\"https:\/\/www.fsfx.com.br\/colegio-sao-francisco\/fios-de-solidariedade-e-de-amor-ao-proximo\/\",\"name\":\"Fios de solidariedade e de amor ao pr\u00f3ximo - Col\u00e9gio S\u00e3o Francisco Xavier\",\"isPartOf\":{\"@id\":\"https:\/\/www.fsfx.com.br\/colegio-sao-francisco\/#website\"},\"primaryImageOfPage\":{\"@id\":\"https:\/\/www.fsfx.com.br\/colegio-sao-francisco\/fios-de-solidariedade-e-de-amor-ao-proximo\/#primaryimage\"},\"image\":{\"@id\":\"https:\/\/www.fsfx.com.br\/colegio-sao-francisco\/fios-de-solidariedade-e-de-amor-ao-proximo\/#primaryimage\"},\"thumbnailUrl\":\"http:\/\/usimfsfx\/wp-content\/uploads\/2015\/12\/Projeto-Fios-de-Amor.jpg\",\"datePublished\":\"2020-05-14T21:17:19+00:00\",\"breadcrumb\":{\"@id\":\"https:\/\/www.fsfx.com.br\/colegio-sao-francisco\/fios-de-solidariedade-e-de-amor-ao-proximo\/#breadcrumb\"},\"inLanguage\":\"pt-BR\",\"potentialAction\":[{\"@type\":\"ReadAction\",\"target\":[\"https:\/\/www.fsfx.com.br\/colegio-sao-francisco\/fios-de-solidariedade-e-de-amor-ao-proximo\/\"]}]},{\"@type\":\"ImageObject\",\"inLanguage\":\"pt-BR\",\"@id\":\"https:\/\/www.fsfx.com.br\/colegio-sao-francisco\/fios-de-solidariedade-e-de-amor-ao-proximo\/#primaryimage\",\"url\":\"http:\/\/usimfsfx\/wp-content\/uploads\/2015\/12\/Projeto-Fios-de-Amor.jpg\",\"contentUrl\":\"http:\/\/usimfsfx\/wp-content\/uploads\/2015\/12\/Projeto-Fios-de-Amor.jpg\"},{\"@type\":\"BreadcrumbList\",\"@id\":\"https:\/\/www.fsfx.com.br\/colegio-sao-francisco\/fios-de-solidariedade-e-de-amor-ao-proximo\/#breadcrumb\",\"itemListElement\":[{\"@type\":\"ListItem\",\"position\":1,\"name\":\"In\u00edcio\",\"item\":\"https:\/\/www.fsfx.com.br\/colegio-sao-francisco\/\"},{\"@type\":\"ListItem\",\"position\":2,\"name\":\"Fios de solidariedade e de amor ao pr\u00f3ximo\"}]},{\"@type\":\"WebSite\",\"@id\":\"https:\/\/www.fsfx.com.br\/colegio-sao-francisco\/#website\",\"url\":\"https:\/\/www.fsfx.com.br\/colegio-sao-francisco\/\",\"name\":\"Col\u00e9gio S\u00e3o Francisco Xavier\",\"description\":\"\",\"publisher\":{\"@id\":\"https:\/\/www.fsfx.com.br\/colegio-sao-francisco\/#organization\"},\"potentialAction\":[{\"@type\":\"SearchAction\",\"target\":{\"@type\":\"EntryPoint\",\"urlTemplate\":\"https:\/\/www.fsfx.com.br\/colegio-sao-francisco\/?s={search_term_string}\"},\"query-input\":{\"@type\":\"PropertyValueSpecification\",\"valueRequired\":true,\"valueName\":\"search_term_string\"}}],\"inLanguage\":\"pt-BR\"},{\"@type\":\"Organization\",\"@id\":\"https:\/\/www.fsfx.com.br\/colegio-sao-francisco\/#organization\",\"name\":\"CSFX - Col\u00e9gio S\u00e3o Francisco Xavier\",\"url\":\"https:\/\/www.fsfx.com.br\/colegio-sao-francisco\/\",\"logo\":{\"@type\":\"ImageObject\",\"inLanguage\":\"pt-BR\",\"@id\":\"https:\/\/www.fsfx.com.br\/colegio-sao-francisco\/#\/schema\/logo\/image\/\",\"url\":\"https:\/\/www.fsfx.com.br\/colegio-sao-francisco\/wp-content\/uploads\/sites\/10\/2020\/02\/logo.png\",\"contentUrl\":\"https:\/\/www.fsfx.com.br\/colegio-sao-francisco\/wp-content\/uploads\/sites\/10\/2020\/02\/logo.png\",\"width\":175,\"height\":40,\"caption\":\"CSFX - Col\u00e9gio S\u00e3o Francisco Xavier\"},\"image\":{\"@id\":\"https:\/\/www.fsfx.com.br\/colegio-sao-francisco\/#\/schema\/logo\/image\/\"}},{\"@type\":\"Person\",\"@id\":\"https:\/\/www.fsfx.com.br\/colegio-sao-francisco\/#\/schema\/person\/7d2372fe1973398ab20a060bbb9a87d8\",\"name\":\"claudio\",\"image\":{\"@type\":\"ImageObject\",\"inLanguage\":\"pt-BR\",\"@id\":\"https:\/\/www.fsfx.com.br\/colegio-sao-francisco\/#\/schema\/person\/image\/\",\"url\":\"https:\/\/secure.gravatar.com\/avatar\/724caacf0f2f073275cb3689c577e73e87e40150b1ffd648a67445e75aa7ff03?s=96&d=mm&r=g\",\"contentUrl\":\"https:\/\/secure.gravatar.com\/avatar\/724caacf0f2f073275cb3689c577e73e87e40150b1ffd648a67445e75aa7ff03?s=96&d=mm&r=g\",\"caption\":\"claudio\"},\"url\":\"https:\/\/www.fsfx.com.br\/colegio-sao-francisco\/author\/claudio\/\"}]}<\/script>\n<!-- \/ Yoast SEO plugin. -->","yoast_head_json":{"title":"Fios de solidariedade e de amor ao pr\u00f3ximo - Col\u00e9gio S\u00e3o Francisco Xavier","robots":{"index":"index","follow":"follow","max-snippet":"max-snippet:-1","max-image-preview":"max-image-preview:large","max-video-preview":"max-video-preview:-1"},"canonical":"https:\/\/www.fsfx.com.br\/colegio-sao-francisco\/fios-de-solidariedade-e-de-amor-ao-proximo\/","og_locale":"pt_BR","og_type":"article","og_title":"Fios de solidariedade e de amor ao pr\u00f3ximo - Col\u00e9gio S\u00e3o Francisco Xavier","og_description":"For\u00e7a e beleza s\u00e3o caracter\u00edsticas que sempre estiveram ligadas aos cabelos no imagin\u00e1rio das pessoas, principalmente na cabe\u00e7a das mulheres. Tanto que, na aus\u00eancia deles, para Alice An\u00edcio de Morais, de 44 anos, \u0093as pessoas olham mais para voc\u00ea nas ruas, parecem se incomodar\u0094. A percep\u00e7\u00e3o dela, que luta contra um c\u00e2ncer de mama desde [&hellip;]","og_url":"https:\/\/www.fsfx.com.br\/colegio-sao-francisco\/fios-de-solidariedade-e-de-amor-ao-proximo\/","og_site_name":"Col\u00e9gio S\u00e3o Francisco Xavier","article_published_time":"2020-05-14T21:17:19+00:00","og_image":[{"url":"http:\/\/usimfsfx\/wp-content\/uploads\/2015\/12\/Projeto-Fios-de-Amor.jpg","type":"","width":"","height":""}],"author":"claudio","twitter_card":"summary_large_image","twitter_misc":{"Escrito por":"claudio","Est. tempo de leitura":"4 minutos"},"schema":{"@context":"https:\/\/schema.org","@graph":[{"@type":"Article","@id":"https:\/\/www.fsfx.com.br\/colegio-sao-francisco\/fios-de-solidariedade-e-de-amor-ao-proximo\/#article","isPartOf":{"@id":"https:\/\/www.fsfx.com.br\/colegio-sao-francisco\/fios-de-solidariedade-e-de-amor-ao-proximo\/"},"author":{"name":"claudio","@id":"https:\/\/www.fsfx.com.br\/colegio-sao-francisco\/#\/schema\/person\/7d2372fe1973398ab20a060bbb9a87d8"},"headline":"Fios de solidariedade e de amor ao pr\u00f3ximo","datePublished":"2020-05-14T21:17:19+00:00","mainEntityOfPage":{"@id":"https:\/\/www.fsfx.com.br\/colegio-sao-francisco\/fios-de-solidariedade-e-de-amor-ao-proximo\/"},"wordCount":801,"commentCount":0,"publisher":{"@id":"https:\/\/www.fsfx.com.br\/colegio-sao-francisco\/#organization"},"image":{"@id":"https:\/\/www.fsfx.com.br\/colegio-sao-francisco\/fios-de-solidariedade-e-de-amor-ao-proximo\/#primaryimage"},"thumbnailUrl":"http:\/\/usimfsfx\/wp-content\/uploads\/2015\/12\/Projeto-Fios-de-Amor.jpg","inLanguage":"pt-BR","potentialAction":[{"@type":"CommentAction","name":"Comment","target":["https:\/\/www.fsfx.com.br\/colegio-sao-francisco\/fios-de-solidariedade-e-de-amor-ao-proximo\/#respond"]}]},{"@type":"WebPage","@id":"https:\/\/www.fsfx.com.br\/colegio-sao-francisco\/fios-de-solidariedade-e-de-amor-ao-proximo\/","url":"https:\/\/www.fsfx.com.br\/colegio-sao-francisco\/fios-de-solidariedade-e-de-amor-ao-proximo\/","name":"Fios de solidariedade e de amor ao pr\u00f3ximo - Col\u00e9gio S\u00e3o Francisco Xavier","isPartOf":{"@id":"https:\/\/www.fsfx.com.br\/colegio-sao-francisco\/#website"},"primaryImageOfPage":{"@id":"https:\/\/www.fsfx.com.br\/colegio-sao-francisco\/fios-de-solidariedade-e-de-amor-ao-proximo\/#primaryimage"},"image":{"@id":"https:\/\/www.fsfx.com.br\/colegio-sao-francisco\/fios-de-solidariedade-e-de-amor-ao-proximo\/#primaryimage"},"thumbnailUrl":"http:\/\/usimfsfx\/wp-content\/uploads\/2015\/12\/Projeto-Fios-de-Amor.jpg","datePublished":"2020-05-14T21:17:19+00:00","breadcrumb":{"@id":"https:\/\/www.fsfx.com.br\/colegio-sao-francisco\/fios-de-solidariedade-e-de-amor-ao-proximo\/#breadcrumb"},"inLanguage":"pt-BR","potentialAction":[{"@type":"ReadAction","target":["https:\/\/www.fsfx.com.br\/colegio-sao-francisco\/fios-de-solidariedade-e-de-amor-ao-proximo\/"]}]},{"@type":"ImageObject","inLanguage":"pt-BR","@id":"https:\/\/www.fsfx.com.br\/colegio-sao-francisco\/fios-de-solidariedade-e-de-amor-ao-proximo\/#primaryimage","url":"http:\/\/usimfsfx\/wp-content\/uploads\/2015\/12\/Projeto-Fios-de-Amor.jpg","contentUrl":"http:\/\/usimfsfx\/wp-content\/uploads\/2015\/12\/Projeto-Fios-de-Amor.jpg"},{"@type":"BreadcrumbList","@id":"https:\/\/www.fsfx.com.br\/colegio-sao-francisco\/fios-de-solidariedade-e-de-amor-ao-proximo\/#breadcrumb","itemListElement":[{"@type":"ListItem","position":1,"name":"In\u00edcio","item":"https:\/\/www.fsfx.com.br\/colegio-sao-francisco\/"},{"@type":"ListItem","position":2,"name":"Fios de solidariedade e de amor ao pr\u00f3ximo"}]},{"@type":"WebSite","@id":"https:\/\/www.fsfx.com.br\/colegio-sao-francisco\/#website","url":"https:\/\/www.fsfx.com.br\/colegio-sao-francisco\/","name":"Col\u00e9gio S\u00e3o Francisco Xavier","description":"","publisher":{"@id":"https:\/\/www.fsfx.com.br\/colegio-sao-francisco\/#organization"},"potentialAction":[{"@type":"SearchAction","target":{"@type":"EntryPoint","urlTemplate":"https:\/\/www.fsfx.com.br\/colegio-sao-francisco\/?s={search_term_string}"},"query-input":{"@type":"PropertyValueSpecification","valueRequired":true,"valueName":"search_term_string"}}],"inLanguage":"pt-BR"},{"@type":"Organization","@id":"https:\/\/www.fsfx.com.br\/colegio-sao-francisco\/#organization","name":"CSFX - Col\u00e9gio S\u00e3o Francisco Xavier","url":"https:\/\/www.fsfx.com.br\/colegio-sao-francisco\/","logo":{"@type":"ImageObject","inLanguage":"pt-BR","@id":"https:\/\/www.fsfx.com.br\/colegio-sao-francisco\/#\/schema\/logo\/image\/","url":"https:\/\/www.fsfx.com.br\/colegio-sao-francisco\/wp-content\/uploads\/sites\/10\/2020\/02\/logo.png","contentUrl":"https:\/\/www.fsfx.com.br\/colegio-sao-francisco\/wp-content\/uploads\/sites\/10\/2020\/02\/logo.png","width":175,"height":40,"caption":"CSFX - Col\u00e9gio S\u00e3o Francisco Xavier"},"image":{"@id":"https:\/\/www.fsfx.com.br\/colegio-sao-francisco\/#\/schema\/logo\/image\/"}},{"@type":"Person","@id":"https:\/\/www.fsfx.com.br\/colegio-sao-francisco\/#\/schema\/person\/7d2372fe1973398ab20a060bbb9a87d8","name":"claudio","image":{"@type":"ImageObject","inLanguage":"pt-BR","@id":"https:\/\/www.fsfx.com.br\/colegio-sao-francisco\/#\/schema\/person\/image\/","url":"https:\/\/secure.gravatar.com\/avatar\/724caacf0f2f073275cb3689c577e73e87e40150b1ffd648a67445e75aa7ff03?s=96&d=mm&r=g","contentUrl":"https:\/\/secure.gravatar.com\/avatar\/724caacf0f2f073275cb3689c577e73e87e40150b1ffd648a67445e75aa7ff03?s=96&d=mm&r=g","caption":"claudio"},"url":"https:\/\/www.fsfx.com.br\/colegio-sao-francisco\/author\/claudio\/"}]}},"_links":{"self":[{"href":"https:\/\/www.fsfx.com.br\/colegio-sao-francisco\/wp-json\/wp\/v2\/posts\/1594","targetHints":{"allow":["GET"]}}],"collection":[{"href":"https:\/\/www.fsfx.com.br\/colegio-sao-francisco\/wp-json\/wp\/v2\/posts"}],"about":[{"href":"https:\/\/www.fsfx.com.br\/colegio-sao-francisco\/wp-json\/wp\/v2\/types\/post"}],"author":[{"embeddable":true,"href":"https:\/\/www.fsfx.com.br\/colegio-sao-francisco\/wp-json\/wp\/v2\/users\/2"}],"replies":[{"embeddable":true,"href":"https:\/\/www.fsfx.com.br\/colegio-sao-francisco\/wp-json\/wp\/v2\/comments?post=1594"}],"version-history":[{"count":0,"href":"https:\/\/www.fsfx.com.br\/colegio-sao-francisco\/wp-json\/wp\/v2\/posts\/1594\/revisions"}],"wp:attachment":[{"href":"https:\/\/www.fsfx.com.br\/colegio-sao-francisco\/wp-json\/wp\/v2\/media?parent=1594"}],"wp:term":[{"taxonomy":"category","embeddable":true,"href":"https:\/\/www.fsfx.com.br\/colegio-sao-francisco\/wp-json\/wp\/v2\/categories?post=1594"},{"taxonomy":"post_tag","embeddable":true,"href":"https:\/\/www.fsfx.com.br\/colegio-sao-francisco\/wp-json\/wp\/v2\/tags?post=1594"}],"curies":[{"name":"wp","href":"https:\/\/api.w.org\/{rel}","templated":true}]}}