{"id":1602,"date":"2020-05-14T18:17:32","date_gmt":"2020-05-14T21:17:32","guid":{"rendered":"http:\/\/fsfx.com.br\/\/csfx\/2020\/05\/14\/novembro-azul-o-primeiro-passo-para-a-prevencao-e-a-atitude\/"},"modified":"2020-05-14T18:17:32","modified_gmt":"2020-05-14T21:17:32","slug":"novembro-azul-o-primeiro-passo-para-a-prevencao-e-a-atitude","status":"publish","type":"post","link":"https:\/\/www.fsfx.com.br\/colegio-sao-francisco\/novembro-azul-o-primeiro-passo-para-a-prevencao-e-a-atitude\/","title":{"rendered":"Novembro Azul: o primeiro passo para a preven\u00e7\u00e3o \u00e9 a atitude"},"content":{"rendered":"<p>Dedicado \u00e0s a\u00e7\u00f5es relacionadas \u00e0 sa\u00fade do homem, o m\u00eas de novembro ganha o destaque especial da cor azul em alus\u00e3o ao movimento \u0093Novembro Azul\u0094. A tonalidade que j\u00e1 ilumina a fachada do Pronto-Socorro do Hospital M\u00e1rcio Cunha \u00e9 mais um alerta da Funda\u00e7\u00e3o S\u00e3o Francisco Xavier e Usiminas sobre a import\u00e2ncia da preven\u00e7\u00e3o, do diagn\u00f3stico precoce do c\u00e2ncer de pr\u00f3stata e tratamento. A campanha tem o intuito de chamar aten\u00e7\u00e3o n\u00e3o s\u00f3 dos homens, mas tamb\u00e9m das mulheres, que podem auxiliar no alerta a namorados, maridos, pais, filhos e irm\u00e3os.<\/p>\n<p>Segundo o Instituto Nacional do C\u00e2ncer (Inca), o c\u00e2ncer de pr\u00f3stata \u00e9 o tumor mais frequente no sexo masculino e o sexto tipo mais comum no mundo. Um a cada seis homens \u00e9 portador da doen\u00e7a e o \u00edndice de morte atinge um a cada 36 homens. Por ano, a estimativa do Inca \u00e9 o diagn\u00f3stico de 69 mil novos casos.<\/p>\n<p>A detec\u00e7\u00e3o precoce do c\u00e2ncer de pr\u00f3stata \u00e9 fundamental para o tratamento, visto que, nessa fase, 90% dos casos s\u00e3o cur\u00e1veis. Realizar o exame regular por meio do toque retal e do Ant\u00edgeno Prost\u00e1tico-Espec\u00edfico (PSA) aumenta a chance de vida do homem que se preocupa com ele e, principalmente, com a fam\u00edlia. Por isso, s\u00e3o fundamentais a preven\u00e7\u00e3o e a aten\u00e7\u00e3o sobre os fatores de risco para o c\u00e2ncer de pr\u00f3stata, como hist\u00f3rico familiar e idade, uma vez que tanto a incid\u00eancia como a mortalidade aumentam significativamente ap\u00f3s os 50 anos.<\/p>\n<p>\u0093\u00c9 preciso criar a consci\u00eancia de que diagnosticar cedo o problema \u00e9 fundamental para a cura. Muitos pacientes convivem anos com a doen\u00e7a sem apresentar sintomas. O toque retal \u00e9 indispens\u00e1vel para detec\u00e7\u00e3o da doen\u00e7a. \u00c9 a partir dele que o urologista consegue analisar se a pr\u00f3stata apresenta alguma irregularidade\u0094, explica o urologista do HMC, Renato Cunha.<\/p>\n<p><strong>Sobre o c\u00e2ncer de pr\u00f3stata<\/strong><\/p>\n<p>A pr\u00f3stata \u00e9 uma gl\u00e2ndula localizada pr\u00f3xima \u00e0 bexiga, respons\u00e1vel por produzir um l\u00edquido que nutre os espermatoz\u00f3ides produzidos nos test\u00edculos. O resultado final \u00e9 o s\u00eamen. Com o avan\u00e7o da idade e com o aparecimento de alguma doen\u00e7a no \u00f3rg\u00e3o, como c\u00e2ncer, seu tamanho pode aumentar, comprometendo tais fun\u00e7\u00f5es do organismo. Na fase inicial o c\u00e2ncer de pr\u00f3stata n\u00e3o apresenta nenhum sintoma. Entretanto, quando em est\u00e1gio avan\u00e7ado, manifesta-se atrav\u00e9s da dificuldade para urinar, de sangramento urin\u00e1rio, al\u00e9m de dores intensas.<\/p>\n","protected":false},"excerpt":{"rendered":"<p>Dedicado \u00e0s a\u00e7\u00f5es relacionadas \u00e0 sa\u00fade do homem, o m\u00eas de novembro ganha o destaque especial da cor azul em alus\u00e3o ao movimento \u0093Novembro Azul\u0094. A tonalidade que j\u00e1 ilumina a fachada do Pronto-Socorro do Hospital M\u00e1rcio Cunha \u00e9 mais um alerta da Funda\u00e7\u00e3o S\u00e3o Francisco Xavier e Usiminas sobre a import\u00e2ncia da preven\u00e7\u00e3o, do [&hellip;]<\/p>\n","protected":false},"author":2,"featured_media":0,"comment_status":"open","ping_status":"open","sticky":false,"template":"","format":"standard","meta":{"_acf_changed":false,"site-sidebar-layout":"default","site-content-layout":"","ast-site-content-layout":"default","site-content-style":"default","site-sidebar-style":"default","ast-global-header-display":"","ast-banner-title-visibility":"","ast-main-header-display":"","ast-hfb-above-header-display":"","ast-hfb-below-header-display":"","ast-hfb-mobile-header-display":"","site-post-title":"","ast-breadcrumbs-content":"","ast-featured-img":"","footer-sml-layout":"","theme-transparent-header-meta":"","adv-header-id-meta":"","stick-header-meta":"","header-above-stick-meta":"","header-main-stick-meta":"","header-below-stick-meta":"","astra-migrate-meta-layouts":"default","ast-page-background-enabled":"default","ast-page-background-meta":{"desktop":{"background-color":"var(--ast-global-color-4)","background-image":"","background-repeat":"repeat","background-position":"center center","background-size":"auto","background-attachment":"scroll","background-type":"","background-media":"","overlay-type":"","overlay-color":"","overlay-opacity":"","overlay-gradient":""},"tablet":{"background-color":"","background-image":"","background-repeat":"repeat","background-position":"center center","background-size":"auto","background-attachment":"scroll","background-type":"","background-media":"","overlay-type":"","overlay-color":"","overlay-opacity":"","overlay-gradient":""},"mobile":{"background-color":"","background-image":"","background-repeat":"repeat","background-position":"center center","background-size":"auto","background-attachment":"scroll","background-type":"","background-media":"","overlay-type":"","overlay-color":"","overlay-opacity":"","overlay-gradient":""}},"ast-content-background-meta":{"desktop":{"background-color":"var(--ast-global-color-5)","background-image":"","background-repeat":"repeat","background-position":"center center","background-size":"auto","background-attachment":"scroll","background-type":"","background-media":"","overlay-type":"","overlay-color":"","overlay-opacity":"","overlay-gradient":""},"tablet":{"background-color":"var(--ast-global-color-5)","background-image":"","background-repeat":"repeat","background-position":"center center","background-size":"auto","background-attachment":"scroll","background-type":"","background-media":"","overlay-type":"","overlay-color":"","overlay-opacity":"","overlay-gradient":""},"mobile":{"background-color":"var(--ast-global-color-5)","background-image":"","background-repeat":"repeat","background-position":"center center","background-size":"auto","background-attachment":"scroll","background-type":"","background-media":"","overlay-type":"","overlay-color":"","overlay-opacity":"","overlay-gradient":""}},"footnotes":""},"categories":[1],"tags":[],"class_list":["post-1602","post","type-post","status-publish","format-standard","hentry","category-sem-categoria"],"acf":[],"yoast_head":"<!-- This site is optimized with the Yoast SEO plugin v26.9 - https:\/\/yoast.com\/product\/yoast-seo-wordpress\/ -->\n<title>Novembro Azul: o primeiro passo para a preven\u00e7\u00e3o \u00e9 a atitude - Col\u00e9gio S\u00e3o Francisco Xavier<\/title>\n<meta name=\"robots\" content=\"index, follow, max-snippet:-1, max-image-preview:large, max-video-preview:-1\" \/>\n<link rel=\"canonical\" href=\"https:\/\/www.fsfx.com.br\/colegio-sao-francisco\/novembro-azul-o-primeiro-passo-para-a-prevencao-e-a-atitude\/\" \/>\n<meta property=\"og:locale\" content=\"pt_BR\" \/>\n<meta property=\"og:type\" content=\"article\" \/>\n<meta property=\"og:title\" content=\"Novembro Azul: o primeiro passo para a preven\u00e7\u00e3o \u00e9 a atitude - Col\u00e9gio S\u00e3o Francisco Xavier\" \/>\n<meta property=\"og:description\" content=\"Dedicado \u00e0s a\u00e7\u00f5es relacionadas \u00e0 sa\u00fade do homem, o m\u00eas de novembro ganha o destaque especial da cor azul em alus\u00e3o ao movimento \u0093Novembro Azul\u0094. A tonalidade que j\u00e1 ilumina a fachada do Pronto-Socorro do Hospital M\u00e1rcio Cunha \u00e9 mais um alerta da Funda\u00e7\u00e3o S\u00e3o Francisco Xavier e Usiminas sobre a import\u00e2ncia da preven\u00e7\u00e3o, do [&hellip;]\" \/>\n<meta property=\"og:url\" content=\"https:\/\/www.fsfx.com.br\/colegio-sao-francisco\/novembro-azul-o-primeiro-passo-para-a-prevencao-e-a-atitude\/\" \/>\n<meta property=\"og:site_name\" content=\"Col\u00e9gio S\u00e3o Francisco Xavier\" \/>\n<meta property=\"article:published_time\" content=\"2020-05-14T21:17:32+00:00\" \/>\n<meta name=\"author\" content=\"claudio\" \/>\n<meta name=\"twitter:card\" content=\"summary_large_image\" \/>\n<meta name=\"twitter:label1\" content=\"Escrito por\" \/>\n\t<meta name=\"twitter:data1\" content=\"claudio\" \/>\n\t<meta name=\"twitter:label2\" content=\"Est. tempo de leitura\" \/>\n\t<meta name=\"twitter:data2\" content=\"2 minutos\" \/>\n<script type=\"application\/ld+json\" class=\"yoast-schema-graph\">{\"@context\":\"https:\/\/schema.org\",\"@graph\":[{\"@type\":\"Article\",\"@id\":\"https:\/\/www.fsfx.com.br\/colegio-sao-francisco\/novembro-azul-o-primeiro-passo-para-a-prevencao-e-a-atitude\/#article\",\"isPartOf\":{\"@id\":\"https:\/\/www.fsfx.com.br\/colegio-sao-francisco\/novembro-azul-o-primeiro-passo-para-a-prevencao-e-a-atitude\/\"},\"author\":{\"name\":\"claudio\",\"@id\":\"https:\/\/www.fsfx.com.br\/colegio-sao-francisco\/#\/schema\/person\/7d2372fe1973398ab20a060bbb9a87d8\"},\"headline\":\"Novembro Azul: o primeiro passo para a preven\u00e7\u00e3o \u00e9 a atitude\",\"datePublished\":\"2020-05-14T21:17:32+00:00\",\"mainEntityOfPage\":{\"@id\":\"https:\/\/www.fsfx.com.br\/colegio-sao-francisco\/novembro-azul-o-primeiro-passo-para-a-prevencao-e-a-atitude\/\"},\"wordCount\":447,\"commentCount\":0,\"publisher\":{\"@id\":\"https:\/\/www.fsfx.com.br\/colegio-sao-francisco\/#organization\"},\"inLanguage\":\"pt-BR\",\"potentialAction\":[{\"@type\":\"CommentAction\",\"name\":\"Comment\",\"target\":[\"https:\/\/www.fsfx.com.br\/colegio-sao-francisco\/novembro-azul-o-primeiro-passo-para-a-prevencao-e-a-atitude\/#respond\"]}]},{\"@type\":\"WebPage\",\"@id\":\"https:\/\/www.fsfx.com.br\/colegio-sao-francisco\/novembro-azul-o-primeiro-passo-para-a-prevencao-e-a-atitude\/\",\"url\":\"https:\/\/www.fsfx.com.br\/colegio-sao-francisco\/novembro-azul-o-primeiro-passo-para-a-prevencao-e-a-atitude\/\",\"name\":\"Novembro Azul: o primeiro passo para a preven\u00e7\u00e3o \u00e9 a atitude - Col\u00e9gio S\u00e3o Francisco Xavier\",\"isPartOf\":{\"@id\":\"https:\/\/www.fsfx.com.br\/colegio-sao-francisco\/#website\"},\"datePublished\":\"2020-05-14T21:17:32+00:00\",\"breadcrumb\":{\"@id\":\"https:\/\/www.fsfx.com.br\/colegio-sao-francisco\/novembro-azul-o-primeiro-passo-para-a-prevencao-e-a-atitude\/#breadcrumb\"},\"inLanguage\":\"pt-BR\",\"potentialAction\":[{\"@type\":\"ReadAction\",\"target\":[\"https:\/\/www.fsfx.com.br\/colegio-sao-francisco\/novembro-azul-o-primeiro-passo-para-a-prevencao-e-a-atitude\/\"]}]},{\"@type\":\"BreadcrumbList\",\"@id\":\"https:\/\/www.fsfx.com.br\/colegio-sao-francisco\/novembro-azul-o-primeiro-passo-para-a-prevencao-e-a-atitude\/#breadcrumb\",\"itemListElement\":[{\"@type\":\"ListItem\",\"position\":1,\"name\":\"In\u00edcio\",\"item\":\"https:\/\/www.fsfx.com.br\/colegio-sao-francisco\/\"},{\"@type\":\"ListItem\",\"position\":2,\"name\":\"Novembro Azul: o primeiro passo para a preven\u00e7\u00e3o \u00e9 a atitude\"}]},{\"@type\":\"WebSite\",\"@id\":\"https:\/\/www.fsfx.com.br\/colegio-sao-francisco\/#website\",\"url\":\"https:\/\/www.fsfx.com.br\/colegio-sao-francisco\/\",\"name\":\"Col\u00e9gio S\u00e3o Francisco Xavier\",\"description\":\"\",\"publisher\":{\"@id\":\"https:\/\/www.fsfx.com.br\/colegio-sao-francisco\/#organization\"},\"potentialAction\":[{\"@type\":\"SearchAction\",\"target\":{\"@type\":\"EntryPoint\",\"urlTemplate\":\"https:\/\/www.fsfx.com.br\/colegio-sao-francisco\/?s={search_term_string}\"},\"query-input\":{\"@type\":\"PropertyValueSpecification\",\"valueRequired\":true,\"valueName\":\"search_term_string\"}}],\"inLanguage\":\"pt-BR\"},{\"@type\":\"Organization\",\"@id\":\"https:\/\/www.fsfx.com.br\/colegio-sao-francisco\/#organization\",\"name\":\"CSFX - Col\u00e9gio S\u00e3o Francisco Xavier\",\"url\":\"https:\/\/www.fsfx.com.br\/colegio-sao-francisco\/\",\"logo\":{\"@type\":\"ImageObject\",\"inLanguage\":\"pt-BR\",\"@id\":\"https:\/\/www.fsfx.com.br\/colegio-sao-francisco\/#\/schema\/logo\/image\/\",\"url\":\"https:\/\/www.fsfx.com.br\/colegio-sao-francisco\/wp-content\/uploads\/sites\/10\/2020\/02\/logo.png\",\"contentUrl\":\"https:\/\/www.fsfx.com.br\/colegio-sao-francisco\/wp-content\/uploads\/sites\/10\/2020\/02\/logo.png\",\"width\":175,\"height\":40,\"caption\":\"CSFX - Col\u00e9gio S\u00e3o Francisco Xavier\"},\"image\":{\"@id\":\"https:\/\/www.fsfx.com.br\/colegio-sao-francisco\/#\/schema\/logo\/image\/\"}},{\"@type\":\"Person\",\"@id\":\"https:\/\/www.fsfx.com.br\/colegio-sao-francisco\/#\/schema\/person\/7d2372fe1973398ab20a060bbb9a87d8\",\"name\":\"claudio\",\"image\":{\"@type\":\"ImageObject\",\"inLanguage\":\"pt-BR\",\"@id\":\"https:\/\/www.fsfx.com.br\/colegio-sao-francisco\/#\/schema\/person\/image\/\",\"url\":\"https:\/\/secure.gravatar.com\/avatar\/724caacf0f2f073275cb3689c577e73e87e40150b1ffd648a67445e75aa7ff03?s=96&d=mm&r=g\",\"contentUrl\":\"https:\/\/secure.gravatar.com\/avatar\/724caacf0f2f073275cb3689c577e73e87e40150b1ffd648a67445e75aa7ff03?s=96&d=mm&r=g\",\"caption\":\"claudio\"},\"url\":\"https:\/\/www.fsfx.com.br\/colegio-sao-francisco\/author\/claudio\/\"}]}<\/script>\n<!-- \/ Yoast SEO plugin. -->","yoast_head_json":{"title":"Novembro Azul: o primeiro passo para a preven\u00e7\u00e3o \u00e9 a atitude - Col\u00e9gio S\u00e3o Francisco Xavier","robots":{"index":"index","follow":"follow","max-snippet":"max-snippet:-1","max-image-preview":"max-image-preview:large","max-video-preview":"max-video-preview:-1"},"canonical":"https:\/\/www.fsfx.com.br\/colegio-sao-francisco\/novembro-azul-o-primeiro-passo-para-a-prevencao-e-a-atitude\/","og_locale":"pt_BR","og_type":"article","og_title":"Novembro Azul: o primeiro passo para a preven\u00e7\u00e3o \u00e9 a atitude - Col\u00e9gio S\u00e3o Francisco Xavier","og_description":"Dedicado \u00e0s a\u00e7\u00f5es relacionadas \u00e0 sa\u00fade do homem, o m\u00eas de novembro ganha o destaque especial da cor azul em alus\u00e3o ao movimento \u0093Novembro Azul\u0094. A tonalidade que j\u00e1 ilumina a fachada do Pronto-Socorro do Hospital M\u00e1rcio Cunha \u00e9 mais um alerta da Funda\u00e7\u00e3o S\u00e3o Francisco Xavier e Usiminas sobre a import\u00e2ncia da preven\u00e7\u00e3o, do [&hellip;]","og_url":"https:\/\/www.fsfx.com.br\/colegio-sao-francisco\/novembro-azul-o-primeiro-passo-para-a-prevencao-e-a-atitude\/","og_site_name":"Col\u00e9gio S\u00e3o Francisco Xavier","article_published_time":"2020-05-14T21:17:32+00:00","author":"claudio","twitter_card":"summary_large_image","twitter_misc":{"Escrito por":"claudio","Est. tempo de leitura":"2 minutos"},"schema":{"@context":"https:\/\/schema.org","@graph":[{"@type":"Article","@id":"https:\/\/www.fsfx.com.br\/colegio-sao-francisco\/novembro-azul-o-primeiro-passo-para-a-prevencao-e-a-atitude\/#article","isPartOf":{"@id":"https:\/\/www.fsfx.com.br\/colegio-sao-francisco\/novembro-azul-o-primeiro-passo-para-a-prevencao-e-a-atitude\/"},"author":{"name":"claudio","@id":"https:\/\/www.fsfx.com.br\/colegio-sao-francisco\/#\/schema\/person\/7d2372fe1973398ab20a060bbb9a87d8"},"headline":"Novembro Azul: o primeiro passo para a preven\u00e7\u00e3o \u00e9 a atitude","datePublished":"2020-05-14T21:17:32+00:00","mainEntityOfPage":{"@id":"https:\/\/www.fsfx.com.br\/colegio-sao-francisco\/novembro-azul-o-primeiro-passo-para-a-prevencao-e-a-atitude\/"},"wordCount":447,"commentCount":0,"publisher":{"@id":"https:\/\/www.fsfx.com.br\/colegio-sao-francisco\/#organization"},"inLanguage":"pt-BR","potentialAction":[{"@type":"CommentAction","name":"Comment","target":["https:\/\/www.fsfx.com.br\/colegio-sao-francisco\/novembro-azul-o-primeiro-passo-para-a-prevencao-e-a-atitude\/#respond"]}]},{"@type":"WebPage","@id":"https:\/\/www.fsfx.com.br\/colegio-sao-francisco\/novembro-azul-o-primeiro-passo-para-a-prevencao-e-a-atitude\/","url":"https:\/\/www.fsfx.com.br\/colegio-sao-francisco\/novembro-azul-o-primeiro-passo-para-a-prevencao-e-a-atitude\/","name":"Novembro Azul: o primeiro passo para a preven\u00e7\u00e3o \u00e9 a atitude - Col\u00e9gio S\u00e3o Francisco Xavier","isPartOf":{"@id":"https:\/\/www.fsfx.com.br\/colegio-sao-francisco\/#website"},"datePublished":"2020-05-14T21:17:32+00:00","breadcrumb":{"@id":"https:\/\/www.fsfx.com.br\/colegio-sao-francisco\/novembro-azul-o-primeiro-passo-para-a-prevencao-e-a-atitude\/#breadcrumb"},"inLanguage":"pt-BR","potentialAction":[{"@type":"ReadAction","target":["https:\/\/www.fsfx.com.br\/colegio-sao-francisco\/novembro-azul-o-primeiro-passo-para-a-prevencao-e-a-atitude\/"]}]},{"@type":"BreadcrumbList","@id":"https:\/\/www.fsfx.com.br\/colegio-sao-francisco\/novembro-azul-o-primeiro-passo-para-a-prevencao-e-a-atitude\/#breadcrumb","itemListElement":[{"@type":"ListItem","position":1,"name":"In\u00edcio","item":"https:\/\/www.fsfx.com.br\/colegio-sao-francisco\/"},{"@type":"ListItem","position":2,"name":"Novembro Azul: o primeiro passo para a preven\u00e7\u00e3o \u00e9 a atitude"}]},{"@type":"WebSite","@id":"https:\/\/www.fsfx.com.br\/colegio-sao-francisco\/#website","url":"https:\/\/www.fsfx.com.br\/colegio-sao-francisco\/","name":"Col\u00e9gio S\u00e3o Francisco Xavier","description":"","publisher":{"@id":"https:\/\/www.fsfx.com.br\/colegio-sao-francisco\/#organization"},"potentialAction":[{"@type":"SearchAction","target":{"@type":"EntryPoint","urlTemplate":"https:\/\/www.fsfx.com.br\/colegio-sao-francisco\/?s={search_term_string}"},"query-input":{"@type":"PropertyValueSpecification","valueRequired":true,"valueName":"search_term_string"}}],"inLanguage":"pt-BR"},{"@type":"Organization","@id":"https:\/\/www.fsfx.com.br\/colegio-sao-francisco\/#organization","name":"CSFX - Col\u00e9gio S\u00e3o Francisco Xavier","url":"https:\/\/www.fsfx.com.br\/colegio-sao-francisco\/","logo":{"@type":"ImageObject","inLanguage":"pt-BR","@id":"https:\/\/www.fsfx.com.br\/colegio-sao-francisco\/#\/schema\/logo\/image\/","url":"https:\/\/www.fsfx.com.br\/colegio-sao-francisco\/wp-content\/uploads\/sites\/10\/2020\/02\/logo.png","contentUrl":"https:\/\/www.fsfx.com.br\/colegio-sao-francisco\/wp-content\/uploads\/sites\/10\/2020\/02\/logo.png","width":175,"height":40,"caption":"CSFX - Col\u00e9gio S\u00e3o Francisco Xavier"},"image":{"@id":"https:\/\/www.fsfx.com.br\/colegio-sao-francisco\/#\/schema\/logo\/image\/"}},{"@type":"Person","@id":"https:\/\/www.fsfx.com.br\/colegio-sao-francisco\/#\/schema\/person\/7d2372fe1973398ab20a060bbb9a87d8","name":"claudio","image":{"@type":"ImageObject","inLanguage":"pt-BR","@id":"https:\/\/www.fsfx.com.br\/colegio-sao-francisco\/#\/schema\/person\/image\/","url":"https:\/\/secure.gravatar.com\/avatar\/724caacf0f2f073275cb3689c577e73e87e40150b1ffd648a67445e75aa7ff03?s=96&d=mm&r=g","contentUrl":"https:\/\/secure.gravatar.com\/avatar\/724caacf0f2f073275cb3689c577e73e87e40150b1ffd648a67445e75aa7ff03?s=96&d=mm&r=g","caption":"claudio"},"url":"https:\/\/www.fsfx.com.br\/colegio-sao-francisco\/author\/claudio\/"}]}},"_links":{"self":[{"href":"https:\/\/www.fsfx.com.br\/colegio-sao-francisco\/wp-json\/wp\/v2\/posts\/1602","targetHints":{"allow":["GET"]}}],"collection":[{"href":"https:\/\/www.fsfx.com.br\/colegio-sao-francisco\/wp-json\/wp\/v2\/posts"}],"about":[{"href":"https:\/\/www.fsfx.com.br\/colegio-sao-francisco\/wp-json\/wp\/v2\/types\/post"}],"author":[{"embeddable":true,"href":"https:\/\/www.fsfx.com.br\/colegio-sao-francisco\/wp-json\/wp\/v2\/users\/2"}],"replies":[{"embeddable":true,"href":"https:\/\/www.fsfx.com.br\/colegio-sao-francisco\/wp-json\/wp\/v2\/comments?post=1602"}],"version-history":[{"count":0,"href":"https:\/\/www.fsfx.com.br\/colegio-sao-francisco\/wp-json\/wp\/v2\/posts\/1602\/revisions"}],"wp:attachment":[{"href":"https:\/\/www.fsfx.com.br\/colegio-sao-francisco\/wp-json\/wp\/v2\/media?parent=1602"}],"wp:term":[{"taxonomy":"category","embeddable":true,"href":"https:\/\/www.fsfx.com.br\/colegio-sao-francisco\/wp-json\/wp\/v2\/categories?post=1602"},{"taxonomy":"post_tag","embeddable":true,"href":"https:\/\/www.fsfx.com.br\/colegio-sao-francisco\/wp-json\/wp\/v2\/tags?post=1602"}],"curies":[{"name":"wp","href":"https:\/\/api.w.org\/{rel}","templated":true}]}}