{"id":1619,"date":"2020-05-14T18:19:01","date_gmt":"2020-05-14T21:19:01","guid":{"rendered":"http:\/\/fsfx.com.br\/\/csfx\/2020\/05\/14\/fsfx-e-usiminas-lancam-campanha-para-transito-seguro\/"},"modified":"2020-05-14T18:19:01","modified_gmt":"2020-05-14T21:19:01","slug":"fsfx-e-usiminas-lancam-campanha-para-transito-seguro","status":"publish","type":"post","link":"https:\/\/www.fsfx.com.br\/colegio-sao-francisco\/fsfx-e-usiminas-lancam-campanha-para-transito-seguro\/","title":{"rendered":"FSFX e Usiminas lan\u00e7am campanha para tr\u00e2nsito seguro"},"content":{"rendered":"<p>Nos centros urbanos, o tr\u00e2nsito parece uma corrida contra o tempo. A movimenta\u00e7\u00e3o intensa e a quantidade absurda de carros s\u00e3o normalmente apontadas como os grandes motivos para tantos acidentes, mas n\u00e3o \u00e9 s\u00f3 isso. Cada vez mais, eles acontecem e interrompem hist\u00f3rias de vida, envolvendo n\u00e3o apenas motoristas, mas tamb\u00e9m motociclistas, ciclistas e pedestres, principalmente, por conta da imprud\u00eancia e da falta de aten\u00e7\u00e3o. Fatores estes que, na maioria dos casos, poderiam ser evitados.<\/p>\n<p><img fetchpriority=\"high\" decoding=\"async\" class=\"alignright\" title=\"selo\" src=\"http:\/\/usimfsfx\/wp-content\/uploads\/2015\/07\/selo-250x255.jpg\" alt=\"\" width=\"250\" height=\"255\" \/>Pensando nisso, a Funda\u00e7\u00e3o S\u00e3o Francisco Xavier e a Usiminas est\u00e3o juntas mais uma vez para conscientizar, reduzir e minimizar n\u00fameros e impactos de um problema que coloca o Brasil como o 4\u00ba pa\u00eds do mundo em mortes no tr\u00e2nsito, ao lan\u00e7arem a campanha de conscientiza\u00e7\u00e3o \u0093V\u00e1 e volte do trabalho com seguran\u00e7a \u0096 Por um tr\u00e2nsito mais seguro\u0094.<\/p>\n<p><span style=\"font-size: medium;color: #f00412\"><strong>Conscientiza\u00e7\u00e3o<\/strong><\/span><\/p>\n<p>Entre os dias 6 e 10 de julho, ser\u00e3o realizadas <em>blitze<\/em> nas portarias da Usina de Ipatinga e locais pr\u00f3ximos \u00e0s unidades de neg\u00f3cio da Funda\u00e7\u00e3o, com o objetivo de abordar colaboradores e clientes com materiais informativos, contendo dicas e cuidados para pedestres, ciclistas, motociclistas e motoristas que fazem a diferen\u00e7a. \u0093Precisamos estimular as pessoas a andar com seguran\u00e7a e a pensar em todos. Desde que o uso do cinto de seguran\u00e7a passou a ser obrigat\u00f3rio e os carros ficaram mais seguros, caiu o n\u00famero de mortos e feridos. Entretanto, cresceram as mortes dos que n\u00e3o t\u00eam prote\u00e7\u00e3o, como motociclistas, ciclistas e pedestres\u0094, explica <strong>Am\u00e1lia Lage Le\u00e3o<\/strong>, superintendente de Seguran\u00e7a do Trabalho, Sa\u00fade Ocupacional e Meio Ambiente da FSFX.<\/p>\n<p>As estat\u00edsticas dessa epidemia ainda apresentam outros n\u00fameros tristes. Segundo o Instituto Avante Brasil, s\u00e3o mais de 48 mil mortes todos os anos (132 por dia, ou seja, uma a cada 10 minutos), e cerca de outros 180 mil feridos, com diversos casos de invalidez. Por isso, lembre-se: procure sair mais cedo para o trabalho; dirija com aten\u00e7\u00e3o e ao retornar para sua casa; v\u00e1 devagar e com cuidado. Sair para o trabalho e receber um abra\u00e7o ou um at\u00e9 logo \u00e9 t\u00e3o agrad\u00e1vel quanto receber o carinho daqueles que nos esperam depois de um dia de trabalho.<\/p>\n<p><img decoding=\"async\" class=\"alignleft size-full wp-image-16307\" title=\"Transito_Box3\" src=\"http:\/\/usimfsfx\/wp-content\/uploads\/2015\/07\/Transito_Box3.jpg\" alt=\"\" width=\"620\" height=\"159\" \/><\/p>\n<p>&nbsp;<\/p>\n<p>&nbsp;<\/p>\n","protected":false},"excerpt":{"rendered":"<p>Nos centros urbanos, o tr\u00e2nsito parece uma corrida contra o tempo. A movimenta\u00e7\u00e3o intensa e a quantidade absurda de carros s\u00e3o normalmente apontadas como os grandes motivos para tantos acidentes, mas n\u00e3o \u00e9 s\u00f3 isso. Cada vez mais, eles acontecem e interrompem hist\u00f3rias de vida, envolvendo n\u00e3o apenas motoristas, mas tamb\u00e9m motociclistas, ciclistas e pedestres, [&hellip;]<\/p>\n","protected":false},"author":2,"featured_media":0,"comment_status":"open","ping_status":"open","sticky":false,"template":"","format":"standard","meta":{"_acf_changed":false,"site-sidebar-layout":"default","site-content-layout":"","ast-site-content-layout":"default","site-content-style":"default","site-sidebar-style":"default","ast-global-header-display":"","ast-banner-title-visibility":"","ast-main-header-display":"","ast-hfb-above-header-display":"","ast-hfb-below-header-display":"","ast-hfb-mobile-header-display":"","site-post-title":"","ast-breadcrumbs-content":"","ast-featured-img":"","footer-sml-layout":"","theme-transparent-header-meta":"","adv-header-id-meta":"","stick-header-meta":"","header-above-stick-meta":"","header-main-stick-meta":"","header-below-stick-meta":"","astra-migrate-meta-layouts":"default","ast-page-background-enabled":"default","ast-page-background-meta":{"desktop":{"background-color":"var(--ast-global-color-4)","background-image":"","background-repeat":"repeat","background-position":"center center","background-size":"auto","background-attachment":"scroll","background-type":"","background-media":"","overlay-type":"","overlay-color":"","overlay-opacity":"","overlay-gradient":""},"tablet":{"background-color":"","background-image":"","background-repeat":"repeat","background-position":"center center","background-size":"auto","background-attachment":"scroll","background-type":"","background-media":"","overlay-type":"","overlay-color":"","overlay-opacity":"","overlay-gradient":""},"mobile":{"background-color":"","background-image":"","background-repeat":"repeat","background-position":"center center","background-size":"auto","background-attachment":"scroll","background-type":"","background-media":"","overlay-type":"","overlay-color":"","overlay-opacity":"","overlay-gradient":""}},"ast-content-background-meta":{"desktop":{"background-color":"var(--ast-global-color-5)","background-image":"","background-repeat":"repeat","background-position":"center center","background-size":"auto","background-attachment":"scroll","background-type":"","background-media":"","overlay-type":"","overlay-color":"","overlay-opacity":"","overlay-gradient":""},"tablet":{"background-color":"var(--ast-global-color-5)","background-image":"","background-repeat":"repeat","background-position":"center center","background-size":"auto","background-attachment":"scroll","background-type":"","background-media":"","overlay-type":"","overlay-color":"","overlay-opacity":"","overlay-gradient":""},"mobile":{"background-color":"var(--ast-global-color-5)","background-image":"","background-repeat":"repeat","background-position":"center center","background-size":"auto","background-attachment":"scroll","background-type":"","background-media":"","overlay-type":"","overlay-color":"","overlay-opacity":"","overlay-gradient":""}},"footnotes":""},"categories":[1],"tags":[],"class_list":["post-1619","post","type-post","status-publish","format-standard","hentry","category-sem-categoria"],"acf":[],"yoast_head":"<!-- This site is optimized with the Yoast SEO plugin v26.9 - https:\/\/yoast.com\/product\/yoast-seo-wordpress\/ -->\n<title>FSFX e Usiminas lan\u00e7am campanha para tr\u00e2nsito seguro - Col\u00e9gio S\u00e3o Francisco Xavier<\/title>\n<meta name=\"robots\" content=\"index, follow, max-snippet:-1, max-image-preview:large, max-video-preview:-1\" \/>\n<link rel=\"canonical\" href=\"https:\/\/www.fsfx.com.br\/colegio-sao-francisco\/fsfx-e-usiminas-lancam-campanha-para-transito-seguro\/\" \/>\n<meta property=\"og:locale\" content=\"pt_BR\" \/>\n<meta property=\"og:type\" content=\"article\" \/>\n<meta property=\"og:title\" content=\"FSFX e Usiminas lan\u00e7am campanha para tr\u00e2nsito seguro - Col\u00e9gio S\u00e3o Francisco Xavier\" \/>\n<meta property=\"og:description\" content=\"Nos centros urbanos, o tr\u00e2nsito parece uma corrida contra o tempo. A movimenta\u00e7\u00e3o intensa e a quantidade absurda de carros s\u00e3o normalmente apontadas como os grandes motivos para tantos acidentes, mas n\u00e3o \u00e9 s\u00f3 isso. Cada vez mais, eles acontecem e interrompem hist\u00f3rias de vida, envolvendo n\u00e3o apenas motoristas, mas tamb\u00e9m motociclistas, ciclistas e pedestres, [&hellip;]\" \/>\n<meta property=\"og:url\" content=\"https:\/\/www.fsfx.com.br\/colegio-sao-francisco\/fsfx-e-usiminas-lancam-campanha-para-transito-seguro\/\" \/>\n<meta property=\"og:site_name\" content=\"Col\u00e9gio S\u00e3o Francisco Xavier\" \/>\n<meta property=\"article:published_time\" content=\"2020-05-14T21:19:01+00:00\" \/>\n<meta property=\"og:image\" content=\"http:\/\/usimfsfx\/wp-content\/uploads\/2015\/07\/selo-250x255.jpg\" \/>\n<meta name=\"author\" content=\"claudio\" \/>\n<meta name=\"twitter:card\" content=\"summary_large_image\" \/>\n<meta name=\"twitter:label1\" content=\"Escrito por\" \/>\n\t<meta name=\"twitter:data1\" content=\"claudio\" \/>\n\t<meta name=\"twitter:label2\" content=\"Est. tempo de leitura\" \/>\n\t<meta name=\"twitter:data2\" content=\"2 minutos\" \/>\n<script type=\"application\/ld+json\" class=\"yoast-schema-graph\">{\"@context\":\"https:\/\/schema.org\",\"@graph\":[{\"@type\":\"Article\",\"@id\":\"https:\/\/www.fsfx.com.br\/colegio-sao-francisco\/fsfx-e-usiminas-lancam-campanha-para-transito-seguro\/#article\",\"isPartOf\":{\"@id\":\"https:\/\/www.fsfx.com.br\/colegio-sao-francisco\/fsfx-e-usiminas-lancam-campanha-para-transito-seguro\/\"},\"author\":{\"name\":\"claudio\",\"@id\":\"https:\/\/www.fsfx.com.br\/colegio-sao-francisco\/#\/schema\/person\/7d2372fe1973398ab20a060bbb9a87d8\"},\"headline\":\"FSFX e Usiminas lan\u00e7am campanha para tr\u00e2nsito seguro\",\"datePublished\":\"2020-05-14T21:19:01+00:00\",\"mainEntityOfPage\":{\"@id\":\"https:\/\/www.fsfx.com.br\/colegio-sao-francisco\/fsfx-e-usiminas-lancam-campanha-para-transito-seguro\/\"},\"wordCount\":397,\"commentCount\":0,\"publisher\":{\"@id\":\"https:\/\/www.fsfx.com.br\/colegio-sao-francisco\/#organization\"},\"image\":{\"@id\":\"https:\/\/www.fsfx.com.br\/colegio-sao-francisco\/fsfx-e-usiminas-lancam-campanha-para-transito-seguro\/#primaryimage\"},\"thumbnailUrl\":\"http:\/\/usimfsfx\/wp-content\/uploads\/2015\/07\/selo-250x255.jpg\",\"inLanguage\":\"pt-BR\",\"potentialAction\":[{\"@type\":\"CommentAction\",\"name\":\"Comment\",\"target\":[\"https:\/\/www.fsfx.com.br\/colegio-sao-francisco\/fsfx-e-usiminas-lancam-campanha-para-transito-seguro\/#respond\"]}]},{\"@type\":\"WebPage\",\"@id\":\"https:\/\/www.fsfx.com.br\/colegio-sao-francisco\/fsfx-e-usiminas-lancam-campanha-para-transito-seguro\/\",\"url\":\"https:\/\/www.fsfx.com.br\/colegio-sao-francisco\/fsfx-e-usiminas-lancam-campanha-para-transito-seguro\/\",\"name\":\"FSFX e Usiminas lan\u00e7am campanha para tr\u00e2nsito seguro - Col\u00e9gio S\u00e3o Francisco Xavier\",\"isPartOf\":{\"@id\":\"https:\/\/www.fsfx.com.br\/colegio-sao-francisco\/#website\"},\"primaryImageOfPage\":{\"@id\":\"https:\/\/www.fsfx.com.br\/colegio-sao-francisco\/fsfx-e-usiminas-lancam-campanha-para-transito-seguro\/#primaryimage\"},\"image\":{\"@id\":\"https:\/\/www.fsfx.com.br\/colegio-sao-francisco\/fsfx-e-usiminas-lancam-campanha-para-transito-seguro\/#primaryimage\"},\"thumbnailUrl\":\"http:\/\/usimfsfx\/wp-content\/uploads\/2015\/07\/selo-250x255.jpg\",\"datePublished\":\"2020-05-14T21:19:01+00:00\",\"breadcrumb\":{\"@id\":\"https:\/\/www.fsfx.com.br\/colegio-sao-francisco\/fsfx-e-usiminas-lancam-campanha-para-transito-seguro\/#breadcrumb\"},\"inLanguage\":\"pt-BR\",\"potentialAction\":[{\"@type\":\"ReadAction\",\"target\":[\"https:\/\/www.fsfx.com.br\/colegio-sao-francisco\/fsfx-e-usiminas-lancam-campanha-para-transito-seguro\/\"]}]},{\"@type\":\"ImageObject\",\"inLanguage\":\"pt-BR\",\"@id\":\"https:\/\/www.fsfx.com.br\/colegio-sao-francisco\/fsfx-e-usiminas-lancam-campanha-para-transito-seguro\/#primaryimage\",\"url\":\"http:\/\/usimfsfx\/wp-content\/uploads\/2015\/07\/selo-250x255.jpg\",\"contentUrl\":\"http:\/\/usimfsfx\/wp-content\/uploads\/2015\/07\/selo-250x255.jpg\"},{\"@type\":\"BreadcrumbList\",\"@id\":\"https:\/\/www.fsfx.com.br\/colegio-sao-francisco\/fsfx-e-usiminas-lancam-campanha-para-transito-seguro\/#breadcrumb\",\"itemListElement\":[{\"@type\":\"ListItem\",\"position\":1,\"name\":\"In\u00edcio\",\"item\":\"https:\/\/www.fsfx.com.br\/colegio-sao-francisco\/\"},{\"@type\":\"ListItem\",\"position\":2,\"name\":\"FSFX e Usiminas lan\u00e7am campanha para tr\u00e2nsito seguro\"}]},{\"@type\":\"WebSite\",\"@id\":\"https:\/\/www.fsfx.com.br\/colegio-sao-francisco\/#website\",\"url\":\"https:\/\/www.fsfx.com.br\/colegio-sao-francisco\/\",\"name\":\"Col\u00e9gio S\u00e3o Francisco Xavier\",\"description\":\"\",\"publisher\":{\"@id\":\"https:\/\/www.fsfx.com.br\/colegio-sao-francisco\/#organization\"},\"potentialAction\":[{\"@type\":\"SearchAction\",\"target\":{\"@type\":\"EntryPoint\",\"urlTemplate\":\"https:\/\/www.fsfx.com.br\/colegio-sao-francisco\/?s={search_term_string}\"},\"query-input\":{\"@type\":\"PropertyValueSpecification\",\"valueRequired\":true,\"valueName\":\"search_term_string\"}}],\"inLanguage\":\"pt-BR\"},{\"@type\":\"Organization\",\"@id\":\"https:\/\/www.fsfx.com.br\/colegio-sao-francisco\/#organization\",\"name\":\"CSFX - Col\u00e9gio S\u00e3o Francisco Xavier\",\"url\":\"https:\/\/www.fsfx.com.br\/colegio-sao-francisco\/\",\"logo\":{\"@type\":\"ImageObject\",\"inLanguage\":\"pt-BR\",\"@id\":\"https:\/\/www.fsfx.com.br\/colegio-sao-francisco\/#\/schema\/logo\/image\/\",\"url\":\"https:\/\/www.fsfx.com.br\/colegio-sao-francisco\/wp-content\/uploads\/sites\/10\/2020\/02\/logo.png\",\"contentUrl\":\"https:\/\/www.fsfx.com.br\/colegio-sao-francisco\/wp-content\/uploads\/sites\/10\/2020\/02\/logo.png\",\"width\":175,\"height\":40,\"caption\":\"CSFX - Col\u00e9gio S\u00e3o Francisco Xavier\"},\"image\":{\"@id\":\"https:\/\/www.fsfx.com.br\/colegio-sao-francisco\/#\/schema\/logo\/image\/\"}},{\"@type\":\"Person\",\"@id\":\"https:\/\/www.fsfx.com.br\/colegio-sao-francisco\/#\/schema\/person\/7d2372fe1973398ab20a060bbb9a87d8\",\"name\":\"claudio\",\"image\":{\"@type\":\"ImageObject\",\"inLanguage\":\"pt-BR\",\"@id\":\"https:\/\/www.fsfx.com.br\/colegio-sao-francisco\/#\/schema\/person\/image\/\",\"url\":\"https:\/\/secure.gravatar.com\/avatar\/724caacf0f2f073275cb3689c577e73e87e40150b1ffd648a67445e75aa7ff03?s=96&d=mm&r=g\",\"contentUrl\":\"https:\/\/secure.gravatar.com\/avatar\/724caacf0f2f073275cb3689c577e73e87e40150b1ffd648a67445e75aa7ff03?s=96&d=mm&r=g\",\"caption\":\"claudio\"},\"url\":\"https:\/\/www.fsfx.com.br\/colegio-sao-francisco\/author\/claudio\/\"}]}<\/script>\n<!-- \/ Yoast SEO plugin. -->","yoast_head_json":{"title":"FSFX e Usiminas lan\u00e7am campanha para tr\u00e2nsito seguro - Col\u00e9gio S\u00e3o Francisco Xavier","robots":{"index":"index","follow":"follow","max-snippet":"max-snippet:-1","max-image-preview":"max-image-preview:large","max-video-preview":"max-video-preview:-1"},"canonical":"https:\/\/www.fsfx.com.br\/colegio-sao-francisco\/fsfx-e-usiminas-lancam-campanha-para-transito-seguro\/","og_locale":"pt_BR","og_type":"article","og_title":"FSFX e Usiminas lan\u00e7am campanha para tr\u00e2nsito seguro - Col\u00e9gio S\u00e3o Francisco Xavier","og_description":"Nos centros urbanos, o tr\u00e2nsito parece uma corrida contra o tempo. A movimenta\u00e7\u00e3o intensa e a quantidade absurda de carros s\u00e3o normalmente apontadas como os grandes motivos para tantos acidentes, mas n\u00e3o \u00e9 s\u00f3 isso. Cada vez mais, eles acontecem e interrompem hist\u00f3rias de vida, envolvendo n\u00e3o apenas motoristas, mas tamb\u00e9m motociclistas, ciclistas e pedestres, [&hellip;]","og_url":"https:\/\/www.fsfx.com.br\/colegio-sao-francisco\/fsfx-e-usiminas-lancam-campanha-para-transito-seguro\/","og_site_name":"Col\u00e9gio S\u00e3o Francisco Xavier","article_published_time":"2020-05-14T21:19:01+00:00","og_image":[{"url":"http:\/\/usimfsfx\/wp-content\/uploads\/2015\/07\/selo-250x255.jpg","type":"","width":"","height":""}],"author":"claudio","twitter_card":"summary_large_image","twitter_misc":{"Escrito por":"claudio","Est. tempo de leitura":"2 minutos"},"schema":{"@context":"https:\/\/schema.org","@graph":[{"@type":"Article","@id":"https:\/\/www.fsfx.com.br\/colegio-sao-francisco\/fsfx-e-usiminas-lancam-campanha-para-transito-seguro\/#article","isPartOf":{"@id":"https:\/\/www.fsfx.com.br\/colegio-sao-francisco\/fsfx-e-usiminas-lancam-campanha-para-transito-seguro\/"},"author":{"name":"claudio","@id":"https:\/\/www.fsfx.com.br\/colegio-sao-francisco\/#\/schema\/person\/7d2372fe1973398ab20a060bbb9a87d8"},"headline":"FSFX e Usiminas lan\u00e7am campanha para tr\u00e2nsito seguro","datePublished":"2020-05-14T21:19:01+00:00","mainEntityOfPage":{"@id":"https:\/\/www.fsfx.com.br\/colegio-sao-francisco\/fsfx-e-usiminas-lancam-campanha-para-transito-seguro\/"},"wordCount":397,"commentCount":0,"publisher":{"@id":"https:\/\/www.fsfx.com.br\/colegio-sao-francisco\/#organization"},"image":{"@id":"https:\/\/www.fsfx.com.br\/colegio-sao-francisco\/fsfx-e-usiminas-lancam-campanha-para-transito-seguro\/#primaryimage"},"thumbnailUrl":"http:\/\/usimfsfx\/wp-content\/uploads\/2015\/07\/selo-250x255.jpg","inLanguage":"pt-BR","potentialAction":[{"@type":"CommentAction","name":"Comment","target":["https:\/\/www.fsfx.com.br\/colegio-sao-francisco\/fsfx-e-usiminas-lancam-campanha-para-transito-seguro\/#respond"]}]},{"@type":"WebPage","@id":"https:\/\/www.fsfx.com.br\/colegio-sao-francisco\/fsfx-e-usiminas-lancam-campanha-para-transito-seguro\/","url":"https:\/\/www.fsfx.com.br\/colegio-sao-francisco\/fsfx-e-usiminas-lancam-campanha-para-transito-seguro\/","name":"FSFX e Usiminas lan\u00e7am campanha para tr\u00e2nsito seguro - Col\u00e9gio S\u00e3o Francisco Xavier","isPartOf":{"@id":"https:\/\/www.fsfx.com.br\/colegio-sao-francisco\/#website"},"primaryImageOfPage":{"@id":"https:\/\/www.fsfx.com.br\/colegio-sao-francisco\/fsfx-e-usiminas-lancam-campanha-para-transito-seguro\/#primaryimage"},"image":{"@id":"https:\/\/www.fsfx.com.br\/colegio-sao-francisco\/fsfx-e-usiminas-lancam-campanha-para-transito-seguro\/#primaryimage"},"thumbnailUrl":"http:\/\/usimfsfx\/wp-content\/uploads\/2015\/07\/selo-250x255.jpg","datePublished":"2020-05-14T21:19:01+00:00","breadcrumb":{"@id":"https:\/\/www.fsfx.com.br\/colegio-sao-francisco\/fsfx-e-usiminas-lancam-campanha-para-transito-seguro\/#breadcrumb"},"inLanguage":"pt-BR","potentialAction":[{"@type":"ReadAction","target":["https:\/\/www.fsfx.com.br\/colegio-sao-francisco\/fsfx-e-usiminas-lancam-campanha-para-transito-seguro\/"]}]},{"@type":"ImageObject","inLanguage":"pt-BR","@id":"https:\/\/www.fsfx.com.br\/colegio-sao-francisco\/fsfx-e-usiminas-lancam-campanha-para-transito-seguro\/#primaryimage","url":"http:\/\/usimfsfx\/wp-content\/uploads\/2015\/07\/selo-250x255.jpg","contentUrl":"http:\/\/usimfsfx\/wp-content\/uploads\/2015\/07\/selo-250x255.jpg"},{"@type":"BreadcrumbList","@id":"https:\/\/www.fsfx.com.br\/colegio-sao-francisco\/fsfx-e-usiminas-lancam-campanha-para-transito-seguro\/#breadcrumb","itemListElement":[{"@type":"ListItem","position":1,"name":"In\u00edcio","item":"https:\/\/www.fsfx.com.br\/colegio-sao-francisco\/"},{"@type":"ListItem","position":2,"name":"FSFX e Usiminas lan\u00e7am campanha para tr\u00e2nsito seguro"}]},{"@type":"WebSite","@id":"https:\/\/www.fsfx.com.br\/colegio-sao-francisco\/#website","url":"https:\/\/www.fsfx.com.br\/colegio-sao-francisco\/","name":"Col\u00e9gio S\u00e3o Francisco Xavier","description":"","publisher":{"@id":"https:\/\/www.fsfx.com.br\/colegio-sao-francisco\/#organization"},"potentialAction":[{"@type":"SearchAction","target":{"@type":"EntryPoint","urlTemplate":"https:\/\/www.fsfx.com.br\/colegio-sao-francisco\/?s={search_term_string}"},"query-input":{"@type":"PropertyValueSpecification","valueRequired":true,"valueName":"search_term_string"}}],"inLanguage":"pt-BR"},{"@type":"Organization","@id":"https:\/\/www.fsfx.com.br\/colegio-sao-francisco\/#organization","name":"CSFX - Col\u00e9gio S\u00e3o Francisco Xavier","url":"https:\/\/www.fsfx.com.br\/colegio-sao-francisco\/","logo":{"@type":"ImageObject","inLanguage":"pt-BR","@id":"https:\/\/www.fsfx.com.br\/colegio-sao-francisco\/#\/schema\/logo\/image\/","url":"https:\/\/www.fsfx.com.br\/colegio-sao-francisco\/wp-content\/uploads\/sites\/10\/2020\/02\/logo.png","contentUrl":"https:\/\/www.fsfx.com.br\/colegio-sao-francisco\/wp-content\/uploads\/sites\/10\/2020\/02\/logo.png","width":175,"height":40,"caption":"CSFX - Col\u00e9gio S\u00e3o Francisco Xavier"},"image":{"@id":"https:\/\/www.fsfx.com.br\/colegio-sao-francisco\/#\/schema\/logo\/image\/"}},{"@type":"Person","@id":"https:\/\/www.fsfx.com.br\/colegio-sao-francisco\/#\/schema\/person\/7d2372fe1973398ab20a060bbb9a87d8","name":"claudio","image":{"@type":"ImageObject","inLanguage":"pt-BR","@id":"https:\/\/www.fsfx.com.br\/colegio-sao-francisco\/#\/schema\/person\/image\/","url":"https:\/\/secure.gravatar.com\/avatar\/724caacf0f2f073275cb3689c577e73e87e40150b1ffd648a67445e75aa7ff03?s=96&d=mm&r=g","contentUrl":"https:\/\/secure.gravatar.com\/avatar\/724caacf0f2f073275cb3689c577e73e87e40150b1ffd648a67445e75aa7ff03?s=96&d=mm&r=g","caption":"claudio"},"url":"https:\/\/www.fsfx.com.br\/colegio-sao-francisco\/author\/claudio\/"}]}},"_links":{"self":[{"href":"https:\/\/www.fsfx.com.br\/colegio-sao-francisco\/wp-json\/wp\/v2\/posts\/1619","targetHints":{"allow":["GET"]}}],"collection":[{"href":"https:\/\/www.fsfx.com.br\/colegio-sao-francisco\/wp-json\/wp\/v2\/posts"}],"about":[{"href":"https:\/\/www.fsfx.com.br\/colegio-sao-francisco\/wp-json\/wp\/v2\/types\/post"}],"author":[{"embeddable":true,"href":"https:\/\/www.fsfx.com.br\/colegio-sao-francisco\/wp-json\/wp\/v2\/users\/2"}],"replies":[{"embeddable":true,"href":"https:\/\/www.fsfx.com.br\/colegio-sao-francisco\/wp-json\/wp\/v2\/comments?post=1619"}],"version-history":[{"count":0,"href":"https:\/\/www.fsfx.com.br\/colegio-sao-francisco\/wp-json\/wp\/v2\/posts\/1619\/revisions"}],"wp:attachment":[{"href":"https:\/\/www.fsfx.com.br\/colegio-sao-francisco\/wp-json\/wp\/v2\/media?parent=1619"}],"wp:term":[{"taxonomy":"category","embeddable":true,"href":"https:\/\/www.fsfx.com.br\/colegio-sao-francisco\/wp-json\/wp\/v2\/categories?post=1619"},{"taxonomy":"post_tag","embeddable":true,"href":"https:\/\/www.fsfx.com.br\/colegio-sao-francisco\/wp-json\/wp\/v2\/tags?post=1619"}],"curies":[{"name":"wp","href":"https:\/\/api.w.org\/{rel}","templated":true}]}}