{"id":1621,"date":"2020-05-14T18:19:04","date_gmt":"2020-05-14T21:19:04","guid":{"rendered":"http:\/\/fsfx.com.br\/\/csfx\/2020\/05\/14\/pos-graduacao-em-controle-de-infeccoes-hospitalares-no-colegio\/"},"modified":"2020-05-14T18:19:04","modified_gmt":"2020-05-14T21:19:04","slug":"pos-graduacao-em-controle-de-infeccoes-hospitalares-no-colegio","status":"publish","type":"post","link":"https:\/\/www.fsfx.com.br\/colegio-sao-francisco\/pos-graduacao-em-controle-de-infeccoes-hospitalares-no-colegio\/","title":{"rendered":"P\u00f3s-Gradua\u00e7\u00e3o em Controle de Infec\u00e7\u00f5es Hospitalares no Col\u00e9gio"},"content":{"rendered":"<p>A PUC Minas, em parceria com a Funda\u00e7\u00e3o, est\u00e1 com inscri\u00e7\u00f5es abertas para cursos de p\u00f3s-gradua\u00e7\u00e3o \u0096 Master e Especializa\u00e7\u00e3o \u0096 no Col\u00e9gio S\u00e3o Francisco Xavier em Ipatinga. Um dos destaques \u00e9 a\u00a0<strong>P\u00f3s-Gradua\u00e7\u00e3o Semipresencial em Controle de\u00a0Infec\u00e7\u00f5es Hospitalares<\/strong>, curso in\u00e9dito na regi\u00e3o e aberto a quaisquer profissionais de n\u00edvel superior que atuam em ambientes hospitalares e que estejam em contato com situa\u00e7\u00f5es de contamina\u00e7\u00e3o.<\/p>\n<p>\u0093Al\u00e9m de ofertar cursos na modalidade presencial tradicional, os cursos semipresenciais como este s\u00e3o a grande novidade da PUC Minas para este segundo semestre em Ipatinga. Com aulas presenciais e algumas disciplinas \u00e0 dist\u00e2ncia, a grande vantagem est\u00e1 nas mensalidades mais baratas que as demais no mercado local. Uma oportunidade \u00fanica para profissionais da \u00e1rea da sa\u00fade que sabem o valor da educa\u00e7\u00e3o continuada e da\u00a0atualiza\u00e7\u00e3o frente os desafios contempor\u00e2neos do setor\u0094, explica Nadir Ribeiro Penha, coordenadora da PUC no CSFX.<\/p>\n<h3><strong>Sobre o curso<\/strong><\/h3>\n<p><img fetchpriority=\"high\" decoding=\"async\" class=\"alignright size-medium wp-image-677\" src=\"http:\/\/www.fsfx.com.br\/wp-content\/uploads\/2015\/06\/controle-de-infeccoes-hospitalares-ipatinga-300x180.jpg\" alt=\"controle-de-infeccoes-hospitalares-ipatinga\" width=\"300\" height=\"180\" \/>Considerando os relevantes fatos hist\u00f3ricos que determinaram a implanta\u00e7\u00e3o e os avan\u00e7os das medidas de controle de infec\u00e7\u00e3o relacionada \u00e0 assist\u00eancia \u00e0 sa\u00fade no Brasil, pelas melhores pr\u00e1ticas assistenciais determinadas por pol\u00edticas p\u00fablicas sociais na \u00e1rea da sa\u00fade, tra\u00e7ou-se a proposta deste curso. A especializa\u00e7\u00e3o prepara profissionais para o processo de trabalho e objetiva expandir a produ\u00e7\u00e3o do conhecimento, qualificando profissionais da sa\u00fade para atuar no controle de infec\u00e7\u00e3o relacionada \u00e0 assist\u00eancia \u00e0 sa\u00fade e seguran\u00e7a do paciente e equipe.<\/p>\n<p><strong><a href=\"http:\/\/www.pucminas.br\/iec\/2015-02\/curso-detalhes.php?curso=4054&amp;unidade=800000000\">Hor\u00e1rio:<\/a>\u00a0<\/strong>Sextas-feiras, das 19h \u00e0s 22h30, e s\u00e1bados, das 8h \u00e0s 16h. \u00a0(Aulas uma vez por m\u00eas e, eventualmente, aulas duas vezes por m\u00eas).<\/p>\n<p><strong><a href=\"http:\/\/www.pucminas.br\/iec\/2015-02\/curso-detalhes.php?curso=4054&amp;unidade=800000000\">Dura\u00e7\u00e3o:<\/a>\u00a0<\/strong>In\u00edcio: 25 de setembro de 2015 \u00a0| \u00a0T\u00e9rmino: dezembro de 2016<\/p>\n<p><strong><a href=\"http:\/\/www.pucminas.br\/iec\/2015-02\/inscricao.php\">Fa\u00e7a sua inscri\u00e7\u00e3o at\u00e9 10\/08<\/a>\u00a0\u00a0\u00a0&#8211;\u00a0\u00a0<a href=\"http:\/\/www.pucminas.br\/iec\/2015-02\">www.iec.pucminas.br<\/a><\/strong><\/p>\n<p>&nbsp;<\/p>\n<h3><strong>MBA, Especializa\u00e7\u00f5es Presenciais e Semipresenciais<\/strong><\/h3>\n<p>Para o 2\u00ba semestre, a PUC Minas oferece tamb\u00e9m para a unidade em Ipatinga os cursos de especializa\u00e7\u00e3o:<\/p>\n<ul>\n<li>Contabilidade Tribut\u00e1ria<\/li>\n<li>Controle de Infec\u00e7\u00f5es Hospitalares<\/li>\n<li>Direito Civil Aplicado<\/li>\n<li>Direito Processual<\/li>\n<li>Enfermagem do Trabalho\n<ul>\n<li>Gest\u00e3o de Pessoas<\/li>\n<li>Contabilidade e Gest\u00e3o de Custos<\/li>\n<li>Contabilidade Internacional (IFRS) e Governan\u00e7a Corporativa<\/li>\n<\/ul>\n<\/li>\n<\/ul>\n<p>Na modalidade Master, oferta ainda os cursos de:<\/p>\n<ul>\n<li>Eng. em Engenharia da Qualidade<\/li>\n<li>MBA em Gest\u00e3o Estrat\u00e9gica de Marketing e Vendas\n<ul>\n<li>MBA em Gest\u00e3o Estrat\u00e9gica de Neg\u00f3cios<\/li>\n<\/ul>\n<\/li>\n<\/ul>\n<p>&nbsp;<\/p>\n<p>Para mais informa\u00e7\u00f5es, entre em contato:<strong>\u00a0(31) 3829-9818 \/ 9800\u00a0<\/strong>e<strong>\u00a0<a href=\"http:\/\/www.pucminas.br\/iec\/2015-02\/\" target=\"_blank\" rel=\"noopener noreferrer\">www.pucminas.br\/iec<\/a><\/strong><\/p>\n<p>&nbsp;<\/p>\n","protected":false},"excerpt":{"rendered":"<p>A PUC Minas, em parceria com a Funda\u00e7\u00e3o, est\u00e1 com inscri\u00e7\u00f5es abertas para cursos de p\u00f3s-gradua\u00e7\u00e3o \u0096 Master e Especializa\u00e7\u00e3o \u0096 no Col\u00e9gio S\u00e3o Francisco Xavier em Ipatinga. Um dos destaques \u00e9 a\u00a0P\u00f3s-Gradua\u00e7\u00e3o Semipresencial em Controle de\u00a0Infec\u00e7\u00f5es Hospitalares, curso in\u00e9dito na regi\u00e3o e aberto a quaisquer profissionais de n\u00edvel superior que atuam em ambientes hospitalares [&hellip;]<\/p>\n","protected":false},"author":2,"featured_media":0,"comment_status":"open","ping_status":"open","sticky":false,"template":"","format":"standard","meta":{"_acf_changed":false,"site-sidebar-layout":"default","site-content-layout":"","ast-site-content-layout":"default","site-content-style":"default","site-sidebar-style":"default","ast-global-header-display":"","ast-banner-title-visibility":"","ast-main-header-display":"","ast-hfb-above-header-display":"","ast-hfb-below-header-display":"","ast-hfb-mobile-header-display":"","site-post-title":"","ast-breadcrumbs-content":"","ast-featured-img":"","footer-sml-layout":"","theme-transparent-header-meta":"","adv-header-id-meta":"","stick-header-meta":"","header-above-stick-meta":"","header-main-stick-meta":"","header-below-stick-meta":"","astra-migrate-meta-layouts":"default","ast-page-background-enabled":"default","ast-page-background-meta":{"desktop":{"background-color":"var(--ast-global-color-4)","background-image":"","background-repeat":"repeat","background-position":"center center","background-size":"auto","background-attachment":"scroll","background-type":"","background-media":"","overlay-type":"","overlay-color":"","overlay-opacity":"","overlay-gradient":""},"tablet":{"background-color":"","background-image":"","background-repeat":"repeat","background-position":"center center","background-size":"auto","background-attachment":"scroll","background-type":"","background-media":"","overlay-type":"","overlay-color":"","overlay-opacity":"","overlay-gradient":""},"mobile":{"background-color":"","background-image":"","background-repeat":"repeat","background-position":"center center","background-size":"auto","background-attachment":"scroll","background-type":"","background-media":"","overlay-type":"","overlay-color":"","overlay-opacity":"","overlay-gradient":""}},"ast-content-background-meta":{"desktop":{"background-color":"var(--ast-global-color-5)","background-image":"","background-repeat":"repeat","background-position":"center center","background-size":"auto","background-attachment":"scroll","background-type":"","background-media":"","overlay-type":"","overlay-color":"","overlay-opacity":"","overlay-gradient":""},"tablet":{"background-color":"var(--ast-global-color-5)","background-image":"","background-repeat":"repeat","background-position":"center center","background-size":"auto","background-attachment":"scroll","background-type":"","background-media":"","overlay-type":"","overlay-color":"","overlay-opacity":"","overlay-gradient":""},"mobile":{"background-color":"var(--ast-global-color-5)","background-image":"","background-repeat":"repeat","background-position":"center center","background-size":"auto","background-attachment":"scroll","background-type":"","background-media":"","overlay-type":"","overlay-color":"","overlay-opacity":"","overlay-gradient":""}},"footnotes":""},"categories":[1],"tags":[],"class_list":["post-1621","post","type-post","status-publish","format-standard","hentry","category-sem-categoria"],"acf":[],"yoast_head":"<!-- This site is optimized with the Yoast SEO plugin v26.9 - https:\/\/yoast.com\/product\/yoast-seo-wordpress\/ -->\n<title>P\u00f3s-Gradua\u00e7\u00e3o em Controle de Infec\u00e7\u00f5es Hospitalares no Col\u00e9gio - Col\u00e9gio S\u00e3o Francisco Xavier<\/title>\n<meta name=\"robots\" content=\"index, follow, max-snippet:-1, max-image-preview:large, max-video-preview:-1\" \/>\n<link rel=\"canonical\" href=\"https:\/\/www.fsfx.com.br\/colegio-sao-francisco\/pos-graduacao-em-controle-de-infeccoes-hospitalares-no-colegio\/\" \/>\n<meta property=\"og:locale\" content=\"pt_BR\" \/>\n<meta property=\"og:type\" content=\"article\" \/>\n<meta property=\"og:title\" content=\"P\u00f3s-Gradua\u00e7\u00e3o em Controle de Infec\u00e7\u00f5es Hospitalares no Col\u00e9gio - Col\u00e9gio S\u00e3o Francisco Xavier\" \/>\n<meta property=\"og:description\" content=\"A PUC Minas, em parceria com a Funda\u00e7\u00e3o, est\u00e1 com inscri\u00e7\u00f5es abertas para cursos de p\u00f3s-gradua\u00e7\u00e3o \u0096 Master e Especializa\u00e7\u00e3o \u0096 no Col\u00e9gio S\u00e3o Francisco Xavier em Ipatinga. Um dos destaques \u00e9 a\u00a0P\u00f3s-Gradua\u00e7\u00e3o Semipresencial em Controle de\u00a0Infec\u00e7\u00f5es Hospitalares, curso in\u00e9dito na regi\u00e3o e aberto a quaisquer profissionais de n\u00edvel superior que atuam em ambientes hospitalares [&hellip;]\" \/>\n<meta property=\"og:url\" content=\"https:\/\/www.fsfx.com.br\/colegio-sao-francisco\/pos-graduacao-em-controle-de-infeccoes-hospitalares-no-colegio\/\" \/>\n<meta property=\"og:site_name\" content=\"Col\u00e9gio S\u00e3o Francisco Xavier\" \/>\n<meta property=\"article:published_time\" content=\"2020-05-14T21:19:04+00:00\" \/>\n<meta property=\"og:image\" content=\"http:\/\/www.fsfx.com.br\/wp-content\/uploads\/2015\/06\/controle-de-infeccoes-hospitalares-ipatinga-300x180.jpg\" \/>\n<meta name=\"author\" content=\"claudio\" \/>\n<meta name=\"twitter:card\" content=\"summary_large_image\" \/>\n<meta name=\"twitter:label1\" content=\"Escrito por\" \/>\n\t<meta name=\"twitter:data1\" content=\"claudio\" \/>\n\t<meta name=\"twitter:label2\" content=\"Est. tempo de leitura\" \/>\n\t<meta name=\"twitter:data2\" content=\"2 minutos\" \/>\n<script type=\"application\/ld+json\" class=\"yoast-schema-graph\">{\"@context\":\"https:\/\/schema.org\",\"@graph\":[{\"@type\":\"Article\",\"@id\":\"https:\/\/www.fsfx.com.br\/colegio-sao-francisco\/pos-graduacao-em-controle-de-infeccoes-hospitalares-no-colegio\/#article\",\"isPartOf\":{\"@id\":\"https:\/\/www.fsfx.com.br\/colegio-sao-francisco\/pos-graduacao-em-controle-de-infeccoes-hospitalares-no-colegio\/\"},\"author\":{\"name\":\"claudio\",\"@id\":\"https:\/\/www.fsfx.com.br\/colegio-sao-francisco\/#\/schema\/person\/7d2372fe1973398ab20a060bbb9a87d8\"},\"headline\":\"P\u00f3s-Gradua\u00e7\u00e3o em Controle de Infec\u00e7\u00f5es Hospitalares no Col\u00e9gio\",\"datePublished\":\"2020-05-14T21:19:04+00:00\",\"mainEntityOfPage\":{\"@id\":\"https:\/\/www.fsfx.com.br\/colegio-sao-francisco\/pos-graduacao-em-controle-de-infeccoes-hospitalares-no-colegio\/\"},\"wordCount\":431,\"commentCount\":0,\"publisher\":{\"@id\":\"https:\/\/www.fsfx.com.br\/colegio-sao-francisco\/#organization\"},\"image\":{\"@id\":\"https:\/\/www.fsfx.com.br\/colegio-sao-francisco\/pos-graduacao-em-controle-de-infeccoes-hospitalares-no-colegio\/#primaryimage\"},\"thumbnailUrl\":\"http:\/\/www.fsfx.com.br\/wp-content\/uploads\/2015\/06\/controle-de-infeccoes-hospitalares-ipatinga-300x180.jpg\",\"inLanguage\":\"pt-BR\",\"potentialAction\":[{\"@type\":\"CommentAction\",\"name\":\"Comment\",\"target\":[\"https:\/\/www.fsfx.com.br\/colegio-sao-francisco\/pos-graduacao-em-controle-de-infeccoes-hospitalares-no-colegio\/#respond\"]}]},{\"@type\":\"WebPage\",\"@id\":\"https:\/\/www.fsfx.com.br\/colegio-sao-francisco\/pos-graduacao-em-controle-de-infeccoes-hospitalares-no-colegio\/\",\"url\":\"https:\/\/www.fsfx.com.br\/colegio-sao-francisco\/pos-graduacao-em-controle-de-infeccoes-hospitalares-no-colegio\/\",\"name\":\"P\u00f3s-Gradua\u00e7\u00e3o em Controle de Infec\u00e7\u00f5es Hospitalares no Col\u00e9gio - Col\u00e9gio S\u00e3o Francisco Xavier\",\"isPartOf\":{\"@id\":\"https:\/\/www.fsfx.com.br\/colegio-sao-francisco\/#website\"},\"primaryImageOfPage\":{\"@id\":\"https:\/\/www.fsfx.com.br\/colegio-sao-francisco\/pos-graduacao-em-controle-de-infeccoes-hospitalares-no-colegio\/#primaryimage\"},\"image\":{\"@id\":\"https:\/\/www.fsfx.com.br\/colegio-sao-francisco\/pos-graduacao-em-controle-de-infeccoes-hospitalares-no-colegio\/#primaryimage\"},\"thumbnailUrl\":\"http:\/\/www.fsfx.com.br\/wp-content\/uploads\/2015\/06\/controle-de-infeccoes-hospitalares-ipatinga-300x180.jpg\",\"datePublished\":\"2020-05-14T21:19:04+00:00\",\"breadcrumb\":{\"@id\":\"https:\/\/www.fsfx.com.br\/colegio-sao-francisco\/pos-graduacao-em-controle-de-infeccoes-hospitalares-no-colegio\/#breadcrumb\"},\"inLanguage\":\"pt-BR\",\"potentialAction\":[{\"@type\":\"ReadAction\",\"target\":[\"https:\/\/www.fsfx.com.br\/colegio-sao-francisco\/pos-graduacao-em-controle-de-infeccoes-hospitalares-no-colegio\/\"]}]},{\"@type\":\"ImageObject\",\"inLanguage\":\"pt-BR\",\"@id\":\"https:\/\/www.fsfx.com.br\/colegio-sao-francisco\/pos-graduacao-em-controle-de-infeccoes-hospitalares-no-colegio\/#primaryimage\",\"url\":\"http:\/\/www.fsfx.com.br\/wp-content\/uploads\/2015\/06\/controle-de-infeccoes-hospitalares-ipatinga-300x180.jpg\",\"contentUrl\":\"http:\/\/www.fsfx.com.br\/wp-content\/uploads\/2015\/06\/controle-de-infeccoes-hospitalares-ipatinga-300x180.jpg\"},{\"@type\":\"BreadcrumbList\",\"@id\":\"https:\/\/www.fsfx.com.br\/colegio-sao-francisco\/pos-graduacao-em-controle-de-infeccoes-hospitalares-no-colegio\/#breadcrumb\",\"itemListElement\":[{\"@type\":\"ListItem\",\"position\":1,\"name\":\"In\u00edcio\",\"item\":\"https:\/\/www.fsfx.com.br\/colegio-sao-francisco\/\"},{\"@type\":\"ListItem\",\"position\":2,\"name\":\"P\u00f3s-Gradua\u00e7\u00e3o em Controle de Infec\u00e7\u00f5es Hospitalares no Col\u00e9gio\"}]},{\"@type\":\"WebSite\",\"@id\":\"https:\/\/www.fsfx.com.br\/colegio-sao-francisco\/#website\",\"url\":\"https:\/\/www.fsfx.com.br\/colegio-sao-francisco\/\",\"name\":\"Col\u00e9gio S\u00e3o Francisco Xavier\",\"description\":\"\",\"publisher\":{\"@id\":\"https:\/\/www.fsfx.com.br\/colegio-sao-francisco\/#organization\"},\"potentialAction\":[{\"@type\":\"SearchAction\",\"target\":{\"@type\":\"EntryPoint\",\"urlTemplate\":\"https:\/\/www.fsfx.com.br\/colegio-sao-francisco\/?s={search_term_string}\"},\"query-input\":{\"@type\":\"PropertyValueSpecification\",\"valueRequired\":true,\"valueName\":\"search_term_string\"}}],\"inLanguage\":\"pt-BR\"},{\"@type\":\"Organization\",\"@id\":\"https:\/\/www.fsfx.com.br\/colegio-sao-francisco\/#organization\",\"name\":\"CSFX - Col\u00e9gio S\u00e3o Francisco Xavier\",\"url\":\"https:\/\/www.fsfx.com.br\/colegio-sao-francisco\/\",\"logo\":{\"@type\":\"ImageObject\",\"inLanguage\":\"pt-BR\",\"@id\":\"https:\/\/www.fsfx.com.br\/colegio-sao-francisco\/#\/schema\/logo\/image\/\",\"url\":\"https:\/\/www.fsfx.com.br\/colegio-sao-francisco\/wp-content\/uploads\/sites\/10\/2020\/02\/logo.png\",\"contentUrl\":\"https:\/\/www.fsfx.com.br\/colegio-sao-francisco\/wp-content\/uploads\/sites\/10\/2020\/02\/logo.png\",\"width\":175,\"height\":40,\"caption\":\"CSFX - Col\u00e9gio S\u00e3o Francisco Xavier\"},\"image\":{\"@id\":\"https:\/\/www.fsfx.com.br\/colegio-sao-francisco\/#\/schema\/logo\/image\/\"}},{\"@type\":\"Person\",\"@id\":\"https:\/\/www.fsfx.com.br\/colegio-sao-francisco\/#\/schema\/person\/7d2372fe1973398ab20a060bbb9a87d8\",\"name\":\"claudio\",\"image\":{\"@type\":\"ImageObject\",\"inLanguage\":\"pt-BR\",\"@id\":\"https:\/\/www.fsfx.com.br\/colegio-sao-francisco\/#\/schema\/person\/image\/\",\"url\":\"https:\/\/secure.gravatar.com\/avatar\/724caacf0f2f073275cb3689c577e73e87e40150b1ffd648a67445e75aa7ff03?s=96&d=mm&r=g\",\"contentUrl\":\"https:\/\/secure.gravatar.com\/avatar\/724caacf0f2f073275cb3689c577e73e87e40150b1ffd648a67445e75aa7ff03?s=96&d=mm&r=g\",\"caption\":\"claudio\"},\"url\":\"https:\/\/www.fsfx.com.br\/colegio-sao-francisco\/author\/claudio\/\"}]}<\/script>\n<!-- \/ Yoast SEO plugin. -->","yoast_head_json":{"title":"P\u00f3s-Gradua\u00e7\u00e3o em Controle de Infec\u00e7\u00f5es Hospitalares no Col\u00e9gio - Col\u00e9gio S\u00e3o Francisco Xavier","robots":{"index":"index","follow":"follow","max-snippet":"max-snippet:-1","max-image-preview":"max-image-preview:large","max-video-preview":"max-video-preview:-1"},"canonical":"https:\/\/www.fsfx.com.br\/colegio-sao-francisco\/pos-graduacao-em-controle-de-infeccoes-hospitalares-no-colegio\/","og_locale":"pt_BR","og_type":"article","og_title":"P\u00f3s-Gradua\u00e7\u00e3o em Controle de Infec\u00e7\u00f5es Hospitalares no Col\u00e9gio - Col\u00e9gio S\u00e3o Francisco Xavier","og_description":"A PUC Minas, em parceria com a Funda\u00e7\u00e3o, est\u00e1 com inscri\u00e7\u00f5es abertas para cursos de p\u00f3s-gradua\u00e7\u00e3o \u0096 Master e Especializa\u00e7\u00e3o \u0096 no Col\u00e9gio S\u00e3o Francisco Xavier em Ipatinga. Um dos destaques \u00e9 a\u00a0P\u00f3s-Gradua\u00e7\u00e3o Semipresencial em Controle de\u00a0Infec\u00e7\u00f5es Hospitalares, curso in\u00e9dito na regi\u00e3o e aberto a quaisquer profissionais de n\u00edvel superior que atuam em ambientes hospitalares [&hellip;]","og_url":"https:\/\/www.fsfx.com.br\/colegio-sao-francisco\/pos-graduacao-em-controle-de-infeccoes-hospitalares-no-colegio\/","og_site_name":"Col\u00e9gio S\u00e3o Francisco Xavier","article_published_time":"2020-05-14T21:19:04+00:00","og_image":[{"url":"http:\/\/www.fsfx.com.br\/wp-content\/uploads\/2015\/06\/controle-de-infeccoes-hospitalares-ipatinga-300x180.jpg","type":"","width":"","height":""}],"author":"claudio","twitter_card":"summary_large_image","twitter_misc":{"Escrito por":"claudio","Est. tempo de leitura":"2 minutos"},"schema":{"@context":"https:\/\/schema.org","@graph":[{"@type":"Article","@id":"https:\/\/www.fsfx.com.br\/colegio-sao-francisco\/pos-graduacao-em-controle-de-infeccoes-hospitalares-no-colegio\/#article","isPartOf":{"@id":"https:\/\/www.fsfx.com.br\/colegio-sao-francisco\/pos-graduacao-em-controle-de-infeccoes-hospitalares-no-colegio\/"},"author":{"name":"claudio","@id":"https:\/\/www.fsfx.com.br\/colegio-sao-francisco\/#\/schema\/person\/7d2372fe1973398ab20a060bbb9a87d8"},"headline":"P\u00f3s-Gradua\u00e7\u00e3o em Controle de Infec\u00e7\u00f5es Hospitalares no Col\u00e9gio","datePublished":"2020-05-14T21:19:04+00:00","mainEntityOfPage":{"@id":"https:\/\/www.fsfx.com.br\/colegio-sao-francisco\/pos-graduacao-em-controle-de-infeccoes-hospitalares-no-colegio\/"},"wordCount":431,"commentCount":0,"publisher":{"@id":"https:\/\/www.fsfx.com.br\/colegio-sao-francisco\/#organization"},"image":{"@id":"https:\/\/www.fsfx.com.br\/colegio-sao-francisco\/pos-graduacao-em-controle-de-infeccoes-hospitalares-no-colegio\/#primaryimage"},"thumbnailUrl":"http:\/\/www.fsfx.com.br\/wp-content\/uploads\/2015\/06\/controle-de-infeccoes-hospitalares-ipatinga-300x180.jpg","inLanguage":"pt-BR","potentialAction":[{"@type":"CommentAction","name":"Comment","target":["https:\/\/www.fsfx.com.br\/colegio-sao-francisco\/pos-graduacao-em-controle-de-infeccoes-hospitalares-no-colegio\/#respond"]}]},{"@type":"WebPage","@id":"https:\/\/www.fsfx.com.br\/colegio-sao-francisco\/pos-graduacao-em-controle-de-infeccoes-hospitalares-no-colegio\/","url":"https:\/\/www.fsfx.com.br\/colegio-sao-francisco\/pos-graduacao-em-controle-de-infeccoes-hospitalares-no-colegio\/","name":"P\u00f3s-Gradua\u00e7\u00e3o em Controle de Infec\u00e7\u00f5es Hospitalares no Col\u00e9gio - Col\u00e9gio S\u00e3o Francisco Xavier","isPartOf":{"@id":"https:\/\/www.fsfx.com.br\/colegio-sao-francisco\/#website"},"primaryImageOfPage":{"@id":"https:\/\/www.fsfx.com.br\/colegio-sao-francisco\/pos-graduacao-em-controle-de-infeccoes-hospitalares-no-colegio\/#primaryimage"},"image":{"@id":"https:\/\/www.fsfx.com.br\/colegio-sao-francisco\/pos-graduacao-em-controle-de-infeccoes-hospitalares-no-colegio\/#primaryimage"},"thumbnailUrl":"http:\/\/www.fsfx.com.br\/wp-content\/uploads\/2015\/06\/controle-de-infeccoes-hospitalares-ipatinga-300x180.jpg","datePublished":"2020-05-14T21:19:04+00:00","breadcrumb":{"@id":"https:\/\/www.fsfx.com.br\/colegio-sao-francisco\/pos-graduacao-em-controle-de-infeccoes-hospitalares-no-colegio\/#breadcrumb"},"inLanguage":"pt-BR","potentialAction":[{"@type":"ReadAction","target":["https:\/\/www.fsfx.com.br\/colegio-sao-francisco\/pos-graduacao-em-controle-de-infeccoes-hospitalares-no-colegio\/"]}]},{"@type":"ImageObject","inLanguage":"pt-BR","@id":"https:\/\/www.fsfx.com.br\/colegio-sao-francisco\/pos-graduacao-em-controle-de-infeccoes-hospitalares-no-colegio\/#primaryimage","url":"http:\/\/www.fsfx.com.br\/wp-content\/uploads\/2015\/06\/controle-de-infeccoes-hospitalares-ipatinga-300x180.jpg","contentUrl":"http:\/\/www.fsfx.com.br\/wp-content\/uploads\/2015\/06\/controle-de-infeccoes-hospitalares-ipatinga-300x180.jpg"},{"@type":"BreadcrumbList","@id":"https:\/\/www.fsfx.com.br\/colegio-sao-francisco\/pos-graduacao-em-controle-de-infeccoes-hospitalares-no-colegio\/#breadcrumb","itemListElement":[{"@type":"ListItem","position":1,"name":"In\u00edcio","item":"https:\/\/www.fsfx.com.br\/colegio-sao-francisco\/"},{"@type":"ListItem","position":2,"name":"P\u00f3s-Gradua\u00e7\u00e3o em Controle de Infec\u00e7\u00f5es Hospitalares no Col\u00e9gio"}]},{"@type":"WebSite","@id":"https:\/\/www.fsfx.com.br\/colegio-sao-francisco\/#website","url":"https:\/\/www.fsfx.com.br\/colegio-sao-francisco\/","name":"Col\u00e9gio S\u00e3o Francisco Xavier","description":"","publisher":{"@id":"https:\/\/www.fsfx.com.br\/colegio-sao-francisco\/#organization"},"potentialAction":[{"@type":"SearchAction","target":{"@type":"EntryPoint","urlTemplate":"https:\/\/www.fsfx.com.br\/colegio-sao-francisco\/?s={search_term_string}"},"query-input":{"@type":"PropertyValueSpecification","valueRequired":true,"valueName":"search_term_string"}}],"inLanguage":"pt-BR"},{"@type":"Organization","@id":"https:\/\/www.fsfx.com.br\/colegio-sao-francisco\/#organization","name":"CSFX - Col\u00e9gio S\u00e3o Francisco Xavier","url":"https:\/\/www.fsfx.com.br\/colegio-sao-francisco\/","logo":{"@type":"ImageObject","inLanguage":"pt-BR","@id":"https:\/\/www.fsfx.com.br\/colegio-sao-francisco\/#\/schema\/logo\/image\/","url":"https:\/\/www.fsfx.com.br\/colegio-sao-francisco\/wp-content\/uploads\/sites\/10\/2020\/02\/logo.png","contentUrl":"https:\/\/www.fsfx.com.br\/colegio-sao-francisco\/wp-content\/uploads\/sites\/10\/2020\/02\/logo.png","width":175,"height":40,"caption":"CSFX - Col\u00e9gio S\u00e3o Francisco Xavier"},"image":{"@id":"https:\/\/www.fsfx.com.br\/colegio-sao-francisco\/#\/schema\/logo\/image\/"}},{"@type":"Person","@id":"https:\/\/www.fsfx.com.br\/colegio-sao-francisco\/#\/schema\/person\/7d2372fe1973398ab20a060bbb9a87d8","name":"claudio","image":{"@type":"ImageObject","inLanguage":"pt-BR","@id":"https:\/\/www.fsfx.com.br\/colegio-sao-francisco\/#\/schema\/person\/image\/","url":"https:\/\/secure.gravatar.com\/avatar\/724caacf0f2f073275cb3689c577e73e87e40150b1ffd648a67445e75aa7ff03?s=96&d=mm&r=g","contentUrl":"https:\/\/secure.gravatar.com\/avatar\/724caacf0f2f073275cb3689c577e73e87e40150b1ffd648a67445e75aa7ff03?s=96&d=mm&r=g","caption":"claudio"},"url":"https:\/\/www.fsfx.com.br\/colegio-sao-francisco\/author\/claudio\/"}]}},"_links":{"self":[{"href":"https:\/\/www.fsfx.com.br\/colegio-sao-francisco\/wp-json\/wp\/v2\/posts\/1621","targetHints":{"allow":["GET"]}}],"collection":[{"href":"https:\/\/www.fsfx.com.br\/colegio-sao-francisco\/wp-json\/wp\/v2\/posts"}],"about":[{"href":"https:\/\/www.fsfx.com.br\/colegio-sao-francisco\/wp-json\/wp\/v2\/types\/post"}],"author":[{"embeddable":true,"href":"https:\/\/www.fsfx.com.br\/colegio-sao-francisco\/wp-json\/wp\/v2\/users\/2"}],"replies":[{"embeddable":true,"href":"https:\/\/www.fsfx.com.br\/colegio-sao-francisco\/wp-json\/wp\/v2\/comments?post=1621"}],"version-history":[{"count":0,"href":"https:\/\/www.fsfx.com.br\/colegio-sao-francisco\/wp-json\/wp\/v2\/posts\/1621\/revisions"}],"wp:attachment":[{"href":"https:\/\/www.fsfx.com.br\/colegio-sao-francisco\/wp-json\/wp\/v2\/media?parent=1621"}],"wp:term":[{"taxonomy":"category","embeddable":true,"href":"https:\/\/www.fsfx.com.br\/colegio-sao-francisco\/wp-json\/wp\/v2\/categories?post=1621"},{"taxonomy":"post_tag","embeddable":true,"href":"https:\/\/www.fsfx.com.br\/colegio-sao-francisco\/wp-json\/wp\/v2\/tags?post=1621"}],"curies":[{"name":"wp","href":"https:\/\/api.w.org\/{rel}","templated":true}]}}