{"id":1642,"date":"2020-05-14T18:19:41","date_gmt":"2020-05-14T21:19:41","guid":{"rendered":"http:\/\/fsfx.com.br\/\/csfx\/2020\/05\/14\/hmc-realiza-implante-auditivo-inedito-em-ipatinga\/"},"modified":"2020-05-14T18:19:41","modified_gmt":"2020-05-14T21:19:41","slug":"hmc-realiza-implante-auditivo-inedito-em-ipatinga","status":"publish","type":"post","link":"https:\/\/www.fsfx.com.br\/colegio-sao-francisco\/hmc-realiza-implante-auditivo-inedito-em-ipatinga\/","title":{"rendered":"HMC realiza implante auditivo in\u00e9dito em Ipatinga"},"content":{"rendered":"<p>Imagine anos e anos de uma vida sem sons, em sil\u00eancio. Parece dif\u00edcil, mas essa \u00e9 a realidade de milhares de pessoas em todo o mundo \u0096 300 mil somente no Brasil, segundo estimativas de especialistas \u0096 que possuem surdez severa ou profunda, quando n\u00e3o se escuta nada ou muito pouco. Contudo, em Ipatinga, para dois pacientes do Hospital M\u00e1rcio Cunha, 2015 pode significar um ano novo de vida e sons novos. Em dezembro, eles foram os primeiros a receber o implante coclear, uma t\u00e9cnica in\u00e9dita na cidade que permitir\u00e1 a ambos voltar a escutar em algumas semanas.<\/p>\n<figure id=\"attachment_644\" aria-describedby=\"caption-attachment-644\" style=\"width: 300px\" class=\"wp-caption alignright\"><img fetchpriority=\"high\" decoding=\"async\" class=\"wp-image-644 size-medium\" src=\"http:\/\/www.fsfx.com.br\/hospital-marcio-cunha\/wp-content\/uploads\/sites\/6\/2015\/01\/implante-300x200.jpg\" alt=\"implante\" width=\"300\" height=\"200\" \/><figcaption id=\"caption-attachment-644\" class=\"wp-caption-text\"><strong>Os m\u00e9dicos Rodrigo Magalh\u00e3es e Soraya Alves Pereira s\u00e3o os respons\u00e1veis pela implanta\u00e7\u00e3o do procedimento no Hospital M\u00e1rcio Cunha<\/strong><\/figcaption><\/figure>\n<p>\u0093Ao disponibilizar essa tecnologia para pacientes do Leste de Minas Gerais, o M\u00e1rcio Cunha avan\u00e7a de forma significativa na oferta de tratamentos resolutivos e de qualidade para pacientes com perda auditiva e torna-se um dos poucos hospitais de Minas Gerais aptos a realiz\u00e1-la\u0094, destaca o superintendente do Hospital M\u00e1rcio Cunha, Mauro Oscar Soares de Souza Lima. \u0093Al\u00e9m desse importante passo, outras novidades est\u00e3o previstas para a otorrinolaringologia do hospital no ano de 2015\u0094, complementa. A realiza\u00e7\u00e3o do implante auditivo in\u00e9dito virou realidade com o ingresso do m\u00e9dico otorrinolaringologista e especialista em implante coclear, Rodrigo Magalh\u00e3es, ao Corpo Cl\u00ednico do HMC.<\/p>\n<p>A expectativa agora \u00e9 expandir a t\u00e9cnica e ajudar a dar vida nova a muitos outros pacientes. Segundo o m\u00e9dico, cerca de 2 mil pessoas no pa\u00eds j\u00e1 possuem o implante coclear. \u0093O implante coclear, tamb\u00e9m conhecido como ouvido bi\u00f4nico, \u00e9 a substitui\u00e7\u00e3o das fun\u00e7\u00f5es de uma parte danificada do ouvido interno de pessoas com surdez total, a c\u00f3clea, por um equipamento eletr\u00f4nico, um esp\u00e9cie de pr\u00f3tese com duas partes. Uma \u00e9 composta de um fio transmissor de impulsos el\u00e9tricos, colocada cirurgicamente dentro da c\u00f3clea, e de um estimulador, que tamb\u00e9m \u00e9 inserido durante a mesma cirurgia e que fica debaixo da pele, atr\u00e1s da orelha. A outra parte \u00e9 inserida semanas depois, do lado de fora da orelha, fixada ao couro cabeludo\u0094, explica a m\u00e9dica coordenadora da Cl\u00ednica de Otorrinolaringologia do HMC, Soraya Alves Pereira.<\/p>\n<p>Localizada no ouvido interno, ap\u00f3s a membrana do t\u00edmpano e dos ossinhos por onde passam as vibra\u00e7\u00f5es do som captadas pela orelha, a c\u00f3clea \u00e9 uma estrutura em formato de caracol. Nela, h\u00e1 c\u00e9lulas com pequenos pelinhos, chamados de c\u00edlios, que transformam a vibra\u00e7\u00e3o em sinais el\u00e9tricos. Os nervos auditivos recebem esses sinais e os levam direto para o c\u00e9rebro, onde s\u00e3o interpretados. \u0093O que acontece no caso dos dois pacientes operados no Hospital M\u00e1rcio Cunha, assim como em diversas pessoas surdas, \u00e9 a aus\u00eancia ou falha nos c\u00edlios da c\u00f3clea, comprometendo essa transmiss\u00e3o do som at\u00e9 o c\u00e9rebro. Da\u00ed a import\u00e2ncia do implante coclear, que capta os sons atrav\u00e9s do processador fixado na parte externa e envia esses sinais \u00e0 parte interna implantada na c\u00f3clea, que, por sua vez, transmite-os ao nervo auditivo, realizando o processo de escuta de identifica\u00e7\u00e3o dos sons\u0094, conclui o m\u00e9dico Rodrigo Magalh\u00e3es.<\/p>\n<p>A expectativa \u00e9 que, em janeiro, os primeiros pacientes que receberam o implante coclear finalizem a segunda parte do procedimento, quando, com o aux\u00edlio de uma fonoaudi\u00f3loga, \u00e9 instalado e ativado o processador externo. Ap\u00f3s a ativa\u00e7\u00e3o, a fonoaudi\u00f3loga acompanha ainda o paciente por meses e at\u00e9 anos, ajustando os par\u00e2metros ideais de estimula\u00e7\u00e3o el\u00e9trica para capta\u00e7\u00e3o e compreens\u00e3o correta dos sons.<\/p>\n","protected":false},"excerpt":{"rendered":"<p>Imagine anos e anos de uma vida sem sons, em sil\u00eancio. Parece dif\u00edcil, mas essa \u00e9 a realidade de milhares de pessoas em todo o mundo \u0096 300 mil somente no Brasil, segundo estimativas de especialistas \u0096 que possuem surdez severa ou profunda, quando n\u00e3o se escuta nada ou muito pouco. Contudo, em Ipatinga, para [&hellip;]<\/p>\n","protected":false},"author":2,"featured_media":0,"comment_status":"open","ping_status":"open","sticky":false,"template":"","format":"standard","meta":{"_acf_changed":false,"site-sidebar-layout":"default","site-content-layout":"","ast-site-content-layout":"default","site-content-style":"default","site-sidebar-style":"default","ast-global-header-display":"","ast-banner-title-visibility":"","ast-main-header-display":"","ast-hfb-above-header-display":"","ast-hfb-below-header-display":"","ast-hfb-mobile-header-display":"","site-post-title":"","ast-breadcrumbs-content":"","ast-featured-img":"","footer-sml-layout":"","theme-transparent-header-meta":"","adv-header-id-meta":"","stick-header-meta":"","header-above-stick-meta":"","header-main-stick-meta":"","header-below-stick-meta":"","astra-migrate-meta-layouts":"default","ast-page-background-enabled":"default","ast-page-background-meta":{"desktop":{"background-color":"var(--ast-global-color-4)","background-image":"","background-repeat":"repeat","background-position":"center center","background-size":"auto","background-attachment":"scroll","background-type":"","background-media":"","overlay-type":"","overlay-color":"","overlay-opacity":"","overlay-gradient":""},"tablet":{"background-color":"","background-image":"","background-repeat":"repeat","background-position":"center center","background-size":"auto","background-attachment":"scroll","background-type":"","background-media":"","overlay-type":"","overlay-color":"","overlay-opacity":"","overlay-gradient":""},"mobile":{"background-color":"","background-image":"","background-repeat":"repeat","background-position":"center center","background-size":"auto","background-attachment":"scroll","background-type":"","background-media":"","overlay-type":"","overlay-color":"","overlay-opacity":"","overlay-gradient":""}},"ast-content-background-meta":{"desktop":{"background-color":"var(--ast-global-color-5)","background-image":"","background-repeat":"repeat","background-position":"center center","background-size":"auto","background-attachment":"scroll","background-type":"","background-media":"","overlay-type":"","overlay-color":"","overlay-opacity":"","overlay-gradient":""},"tablet":{"background-color":"var(--ast-global-color-5)","background-image":"","background-repeat":"repeat","background-position":"center center","background-size":"auto","background-attachment":"scroll","background-type":"","background-media":"","overlay-type":"","overlay-color":"","overlay-opacity":"","overlay-gradient":""},"mobile":{"background-color":"var(--ast-global-color-5)","background-image":"","background-repeat":"repeat","background-position":"center center","background-size":"auto","background-attachment":"scroll","background-type":"","background-media":"","overlay-type":"","overlay-color":"","overlay-opacity":"","overlay-gradient":""}},"footnotes":""},"categories":[1],"tags":[],"class_list":["post-1642","post","type-post","status-publish","format-standard","hentry","category-sem-categoria"],"acf":[],"yoast_head":"<!-- This site is optimized with the Yoast SEO plugin v26.9 - https:\/\/yoast.com\/product\/yoast-seo-wordpress\/ -->\n<title>HMC realiza implante auditivo in\u00e9dito em Ipatinga - Col\u00e9gio S\u00e3o Francisco Xavier<\/title>\n<meta name=\"robots\" content=\"index, follow, max-snippet:-1, max-image-preview:large, max-video-preview:-1\" \/>\n<link rel=\"canonical\" href=\"https:\/\/www.fsfx.com.br\/colegio-sao-francisco\/hmc-realiza-implante-auditivo-inedito-em-ipatinga\/\" \/>\n<meta property=\"og:locale\" content=\"pt_BR\" \/>\n<meta property=\"og:type\" content=\"article\" \/>\n<meta property=\"og:title\" content=\"HMC realiza implante auditivo in\u00e9dito em Ipatinga - Col\u00e9gio S\u00e3o Francisco Xavier\" \/>\n<meta property=\"og:description\" content=\"Imagine anos e anos de uma vida sem sons, em sil\u00eancio. Parece dif\u00edcil, mas essa \u00e9 a realidade de milhares de pessoas em todo o mundo \u0096 300 mil somente no Brasil, segundo estimativas de especialistas \u0096 que possuem surdez severa ou profunda, quando n\u00e3o se escuta nada ou muito pouco. Contudo, em Ipatinga, para [&hellip;]\" \/>\n<meta property=\"og:url\" content=\"https:\/\/www.fsfx.com.br\/colegio-sao-francisco\/hmc-realiza-implante-auditivo-inedito-em-ipatinga\/\" \/>\n<meta property=\"og:site_name\" content=\"Col\u00e9gio S\u00e3o Francisco Xavier\" \/>\n<meta property=\"article:published_time\" content=\"2020-05-14T21:19:41+00:00\" \/>\n<meta property=\"og:image\" content=\"http:\/\/www.fsfx.com.br\/hospital-marcio-cunha\/wp-content\/uploads\/sites\/6\/2015\/01\/implante-300x200.jpg\" \/>\n<meta name=\"author\" content=\"claudio\" \/>\n<meta name=\"twitter:card\" content=\"summary_large_image\" \/>\n<meta name=\"twitter:label1\" content=\"Escrito por\" \/>\n\t<meta name=\"twitter:data1\" content=\"claudio\" \/>\n\t<meta name=\"twitter:label2\" content=\"Est. tempo de leitura\" \/>\n\t<meta name=\"twitter:data2\" content=\"3 minutos\" \/>\n<script type=\"application\/ld+json\" class=\"yoast-schema-graph\">{\"@context\":\"https:\/\/schema.org\",\"@graph\":[{\"@type\":\"Article\",\"@id\":\"https:\/\/www.fsfx.com.br\/colegio-sao-francisco\/hmc-realiza-implante-auditivo-inedito-em-ipatinga\/#article\",\"isPartOf\":{\"@id\":\"https:\/\/www.fsfx.com.br\/colegio-sao-francisco\/hmc-realiza-implante-auditivo-inedito-em-ipatinga\/\"},\"author\":{\"name\":\"claudio\",\"@id\":\"https:\/\/www.fsfx.com.br\/colegio-sao-francisco\/#\/schema\/person\/7d2372fe1973398ab20a060bbb9a87d8\"},\"headline\":\"HMC realiza implante auditivo in\u00e9dito em Ipatinga\",\"datePublished\":\"2020-05-14T21:19:41+00:00\",\"mainEntityOfPage\":{\"@id\":\"https:\/\/www.fsfx.com.br\/colegio-sao-francisco\/hmc-realiza-implante-auditivo-inedito-em-ipatinga\/\"},\"wordCount\":633,\"commentCount\":0,\"publisher\":{\"@id\":\"https:\/\/www.fsfx.com.br\/colegio-sao-francisco\/#organization\"},\"image\":{\"@id\":\"https:\/\/www.fsfx.com.br\/colegio-sao-francisco\/hmc-realiza-implante-auditivo-inedito-em-ipatinga\/#primaryimage\"},\"thumbnailUrl\":\"http:\/\/www.fsfx.com.br\/hospital-marcio-cunha\/wp-content\/uploads\/sites\/6\/2015\/01\/implante-300x200.jpg\",\"inLanguage\":\"pt-BR\",\"potentialAction\":[{\"@type\":\"CommentAction\",\"name\":\"Comment\",\"target\":[\"https:\/\/www.fsfx.com.br\/colegio-sao-francisco\/hmc-realiza-implante-auditivo-inedito-em-ipatinga\/#respond\"]}]},{\"@type\":\"WebPage\",\"@id\":\"https:\/\/www.fsfx.com.br\/colegio-sao-francisco\/hmc-realiza-implante-auditivo-inedito-em-ipatinga\/\",\"url\":\"https:\/\/www.fsfx.com.br\/colegio-sao-francisco\/hmc-realiza-implante-auditivo-inedito-em-ipatinga\/\",\"name\":\"HMC realiza implante auditivo in\u00e9dito em Ipatinga - Col\u00e9gio S\u00e3o Francisco Xavier\",\"isPartOf\":{\"@id\":\"https:\/\/www.fsfx.com.br\/colegio-sao-francisco\/#website\"},\"primaryImageOfPage\":{\"@id\":\"https:\/\/www.fsfx.com.br\/colegio-sao-francisco\/hmc-realiza-implante-auditivo-inedito-em-ipatinga\/#primaryimage\"},\"image\":{\"@id\":\"https:\/\/www.fsfx.com.br\/colegio-sao-francisco\/hmc-realiza-implante-auditivo-inedito-em-ipatinga\/#primaryimage\"},\"thumbnailUrl\":\"http:\/\/www.fsfx.com.br\/hospital-marcio-cunha\/wp-content\/uploads\/sites\/6\/2015\/01\/implante-300x200.jpg\",\"datePublished\":\"2020-05-14T21:19:41+00:00\",\"breadcrumb\":{\"@id\":\"https:\/\/www.fsfx.com.br\/colegio-sao-francisco\/hmc-realiza-implante-auditivo-inedito-em-ipatinga\/#breadcrumb\"},\"inLanguage\":\"pt-BR\",\"potentialAction\":[{\"@type\":\"ReadAction\",\"target\":[\"https:\/\/www.fsfx.com.br\/colegio-sao-francisco\/hmc-realiza-implante-auditivo-inedito-em-ipatinga\/\"]}]},{\"@type\":\"ImageObject\",\"inLanguage\":\"pt-BR\",\"@id\":\"https:\/\/www.fsfx.com.br\/colegio-sao-francisco\/hmc-realiza-implante-auditivo-inedito-em-ipatinga\/#primaryimage\",\"url\":\"http:\/\/www.fsfx.com.br\/hospital-marcio-cunha\/wp-content\/uploads\/sites\/6\/2015\/01\/implante-300x200.jpg\",\"contentUrl\":\"http:\/\/www.fsfx.com.br\/hospital-marcio-cunha\/wp-content\/uploads\/sites\/6\/2015\/01\/implante-300x200.jpg\"},{\"@type\":\"BreadcrumbList\",\"@id\":\"https:\/\/www.fsfx.com.br\/colegio-sao-francisco\/hmc-realiza-implante-auditivo-inedito-em-ipatinga\/#breadcrumb\",\"itemListElement\":[{\"@type\":\"ListItem\",\"position\":1,\"name\":\"In\u00edcio\",\"item\":\"https:\/\/www.fsfx.com.br\/colegio-sao-francisco\/\"},{\"@type\":\"ListItem\",\"position\":2,\"name\":\"HMC realiza implante auditivo in\u00e9dito em Ipatinga\"}]},{\"@type\":\"WebSite\",\"@id\":\"https:\/\/www.fsfx.com.br\/colegio-sao-francisco\/#website\",\"url\":\"https:\/\/www.fsfx.com.br\/colegio-sao-francisco\/\",\"name\":\"Col\u00e9gio S\u00e3o Francisco Xavier\",\"description\":\"\",\"publisher\":{\"@id\":\"https:\/\/www.fsfx.com.br\/colegio-sao-francisco\/#organization\"},\"potentialAction\":[{\"@type\":\"SearchAction\",\"target\":{\"@type\":\"EntryPoint\",\"urlTemplate\":\"https:\/\/www.fsfx.com.br\/colegio-sao-francisco\/?s={search_term_string}\"},\"query-input\":{\"@type\":\"PropertyValueSpecification\",\"valueRequired\":true,\"valueName\":\"search_term_string\"}}],\"inLanguage\":\"pt-BR\"},{\"@type\":\"Organization\",\"@id\":\"https:\/\/www.fsfx.com.br\/colegio-sao-francisco\/#organization\",\"name\":\"CSFX - Col\u00e9gio S\u00e3o Francisco Xavier\",\"url\":\"https:\/\/www.fsfx.com.br\/colegio-sao-francisco\/\",\"logo\":{\"@type\":\"ImageObject\",\"inLanguage\":\"pt-BR\",\"@id\":\"https:\/\/www.fsfx.com.br\/colegio-sao-francisco\/#\/schema\/logo\/image\/\",\"url\":\"https:\/\/www.fsfx.com.br\/colegio-sao-francisco\/wp-content\/uploads\/sites\/10\/2020\/02\/logo.png\",\"contentUrl\":\"https:\/\/www.fsfx.com.br\/colegio-sao-francisco\/wp-content\/uploads\/sites\/10\/2020\/02\/logo.png\",\"width\":175,\"height\":40,\"caption\":\"CSFX - Col\u00e9gio S\u00e3o Francisco Xavier\"},\"image\":{\"@id\":\"https:\/\/www.fsfx.com.br\/colegio-sao-francisco\/#\/schema\/logo\/image\/\"}},{\"@type\":\"Person\",\"@id\":\"https:\/\/www.fsfx.com.br\/colegio-sao-francisco\/#\/schema\/person\/7d2372fe1973398ab20a060bbb9a87d8\",\"name\":\"claudio\",\"image\":{\"@type\":\"ImageObject\",\"inLanguage\":\"pt-BR\",\"@id\":\"https:\/\/www.fsfx.com.br\/colegio-sao-francisco\/#\/schema\/person\/image\/\",\"url\":\"https:\/\/secure.gravatar.com\/avatar\/724caacf0f2f073275cb3689c577e73e87e40150b1ffd648a67445e75aa7ff03?s=96&d=mm&r=g\",\"contentUrl\":\"https:\/\/secure.gravatar.com\/avatar\/724caacf0f2f073275cb3689c577e73e87e40150b1ffd648a67445e75aa7ff03?s=96&d=mm&r=g\",\"caption\":\"claudio\"},\"url\":\"https:\/\/www.fsfx.com.br\/colegio-sao-francisco\/author\/claudio\/\"}]}<\/script>\n<!-- \/ Yoast SEO plugin. -->","yoast_head_json":{"title":"HMC realiza implante auditivo in\u00e9dito em Ipatinga - Col\u00e9gio S\u00e3o Francisco Xavier","robots":{"index":"index","follow":"follow","max-snippet":"max-snippet:-1","max-image-preview":"max-image-preview:large","max-video-preview":"max-video-preview:-1"},"canonical":"https:\/\/www.fsfx.com.br\/colegio-sao-francisco\/hmc-realiza-implante-auditivo-inedito-em-ipatinga\/","og_locale":"pt_BR","og_type":"article","og_title":"HMC realiza implante auditivo in\u00e9dito em Ipatinga - Col\u00e9gio S\u00e3o Francisco Xavier","og_description":"Imagine anos e anos de uma vida sem sons, em sil\u00eancio. Parece dif\u00edcil, mas essa \u00e9 a realidade de milhares de pessoas em todo o mundo \u0096 300 mil somente no Brasil, segundo estimativas de especialistas \u0096 que possuem surdez severa ou profunda, quando n\u00e3o se escuta nada ou muito pouco. Contudo, em Ipatinga, para [&hellip;]","og_url":"https:\/\/www.fsfx.com.br\/colegio-sao-francisco\/hmc-realiza-implante-auditivo-inedito-em-ipatinga\/","og_site_name":"Col\u00e9gio S\u00e3o Francisco Xavier","article_published_time":"2020-05-14T21:19:41+00:00","og_image":[{"url":"http:\/\/www.fsfx.com.br\/hospital-marcio-cunha\/wp-content\/uploads\/sites\/6\/2015\/01\/implante-300x200.jpg","type":"","width":"","height":""}],"author":"claudio","twitter_card":"summary_large_image","twitter_misc":{"Escrito por":"claudio","Est. tempo de leitura":"3 minutos"},"schema":{"@context":"https:\/\/schema.org","@graph":[{"@type":"Article","@id":"https:\/\/www.fsfx.com.br\/colegio-sao-francisco\/hmc-realiza-implante-auditivo-inedito-em-ipatinga\/#article","isPartOf":{"@id":"https:\/\/www.fsfx.com.br\/colegio-sao-francisco\/hmc-realiza-implante-auditivo-inedito-em-ipatinga\/"},"author":{"name":"claudio","@id":"https:\/\/www.fsfx.com.br\/colegio-sao-francisco\/#\/schema\/person\/7d2372fe1973398ab20a060bbb9a87d8"},"headline":"HMC realiza implante auditivo in\u00e9dito em Ipatinga","datePublished":"2020-05-14T21:19:41+00:00","mainEntityOfPage":{"@id":"https:\/\/www.fsfx.com.br\/colegio-sao-francisco\/hmc-realiza-implante-auditivo-inedito-em-ipatinga\/"},"wordCount":633,"commentCount":0,"publisher":{"@id":"https:\/\/www.fsfx.com.br\/colegio-sao-francisco\/#organization"},"image":{"@id":"https:\/\/www.fsfx.com.br\/colegio-sao-francisco\/hmc-realiza-implante-auditivo-inedito-em-ipatinga\/#primaryimage"},"thumbnailUrl":"http:\/\/www.fsfx.com.br\/hospital-marcio-cunha\/wp-content\/uploads\/sites\/6\/2015\/01\/implante-300x200.jpg","inLanguage":"pt-BR","potentialAction":[{"@type":"CommentAction","name":"Comment","target":["https:\/\/www.fsfx.com.br\/colegio-sao-francisco\/hmc-realiza-implante-auditivo-inedito-em-ipatinga\/#respond"]}]},{"@type":"WebPage","@id":"https:\/\/www.fsfx.com.br\/colegio-sao-francisco\/hmc-realiza-implante-auditivo-inedito-em-ipatinga\/","url":"https:\/\/www.fsfx.com.br\/colegio-sao-francisco\/hmc-realiza-implante-auditivo-inedito-em-ipatinga\/","name":"HMC realiza implante auditivo in\u00e9dito em Ipatinga - Col\u00e9gio S\u00e3o Francisco Xavier","isPartOf":{"@id":"https:\/\/www.fsfx.com.br\/colegio-sao-francisco\/#website"},"primaryImageOfPage":{"@id":"https:\/\/www.fsfx.com.br\/colegio-sao-francisco\/hmc-realiza-implante-auditivo-inedito-em-ipatinga\/#primaryimage"},"image":{"@id":"https:\/\/www.fsfx.com.br\/colegio-sao-francisco\/hmc-realiza-implante-auditivo-inedito-em-ipatinga\/#primaryimage"},"thumbnailUrl":"http:\/\/www.fsfx.com.br\/hospital-marcio-cunha\/wp-content\/uploads\/sites\/6\/2015\/01\/implante-300x200.jpg","datePublished":"2020-05-14T21:19:41+00:00","breadcrumb":{"@id":"https:\/\/www.fsfx.com.br\/colegio-sao-francisco\/hmc-realiza-implante-auditivo-inedito-em-ipatinga\/#breadcrumb"},"inLanguage":"pt-BR","potentialAction":[{"@type":"ReadAction","target":["https:\/\/www.fsfx.com.br\/colegio-sao-francisco\/hmc-realiza-implante-auditivo-inedito-em-ipatinga\/"]}]},{"@type":"ImageObject","inLanguage":"pt-BR","@id":"https:\/\/www.fsfx.com.br\/colegio-sao-francisco\/hmc-realiza-implante-auditivo-inedito-em-ipatinga\/#primaryimage","url":"http:\/\/www.fsfx.com.br\/hospital-marcio-cunha\/wp-content\/uploads\/sites\/6\/2015\/01\/implante-300x200.jpg","contentUrl":"http:\/\/www.fsfx.com.br\/hospital-marcio-cunha\/wp-content\/uploads\/sites\/6\/2015\/01\/implante-300x200.jpg"},{"@type":"BreadcrumbList","@id":"https:\/\/www.fsfx.com.br\/colegio-sao-francisco\/hmc-realiza-implante-auditivo-inedito-em-ipatinga\/#breadcrumb","itemListElement":[{"@type":"ListItem","position":1,"name":"In\u00edcio","item":"https:\/\/www.fsfx.com.br\/colegio-sao-francisco\/"},{"@type":"ListItem","position":2,"name":"HMC realiza implante auditivo in\u00e9dito em Ipatinga"}]},{"@type":"WebSite","@id":"https:\/\/www.fsfx.com.br\/colegio-sao-francisco\/#website","url":"https:\/\/www.fsfx.com.br\/colegio-sao-francisco\/","name":"Col\u00e9gio S\u00e3o Francisco Xavier","description":"","publisher":{"@id":"https:\/\/www.fsfx.com.br\/colegio-sao-francisco\/#organization"},"potentialAction":[{"@type":"SearchAction","target":{"@type":"EntryPoint","urlTemplate":"https:\/\/www.fsfx.com.br\/colegio-sao-francisco\/?s={search_term_string}"},"query-input":{"@type":"PropertyValueSpecification","valueRequired":true,"valueName":"search_term_string"}}],"inLanguage":"pt-BR"},{"@type":"Organization","@id":"https:\/\/www.fsfx.com.br\/colegio-sao-francisco\/#organization","name":"CSFX - Col\u00e9gio S\u00e3o Francisco Xavier","url":"https:\/\/www.fsfx.com.br\/colegio-sao-francisco\/","logo":{"@type":"ImageObject","inLanguage":"pt-BR","@id":"https:\/\/www.fsfx.com.br\/colegio-sao-francisco\/#\/schema\/logo\/image\/","url":"https:\/\/www.fsfx.com.br\/colegio-sao-francisco\/wp-content\/uploads\/sites\/10\/2020\/02\/logo.png","contentUrl":"https:\/\/www.fsfx.com.br\/colegio-sao-francisco\/wp-content\/uploads\/sites\/10\/2020\/02\/logo.png","width":175,"height":40,"caption":"CSFX - Col\u00e9gio S\u00e3o Francisco Xavier"},"image":{"@id":"https:\/\/www.fsfx.com.br\/colegio-sao-francisco\/#\/schema\/logo\/image\/"}},{"@type":"Person","@id":"https:\/\/www.fsfx.com.br\/colegio-sao-francisco\/#\/schema\/person\/7d2372fe1973398ab20a060bbb9a87d8","name":"claudio","image":{"@type":"ImageObject","inLanguage":"pt-BR","@id":"https:\/\/www.fsfx.com.br\/colegio-sao-francisco\/#\/schema\/person\/image\/","url":"https:\/\/secure.gravatar.com\/avatar\/724caacf0f2f073275cb3689c577e73e87e40150b1ffd648a67445e75aa7ff03?s=96&d=mm&r=g","contentUrl":"https:\/\/secure.gravatar.com\/avatar\/724caacf0f2f073275cb3689c577e73e87e40150b1ffd648a67445e75aa7ff03?s=96&d=mm&r=g","caption":"claudio"},"url":"https:\/\/www.fsfx.com.br\/colegio-sao-francisco\/author\/claudio\/"}]}},"_links":{"self":[{"href":"https:\/\/www.fsfx.com.br\/colegio-sao-francisco\/wp-json\/wp\/v2\/posts\/1642","targetHints":{"allow":["GET"]}}],"collection":[{"href":"https:\/\/www.fsfx.com.br\/colegio-sao-francisco\/wp-json\/wp\/v2\/posts"}],"about":[{"href":"https:\/\/www.fsfx.com.br\/colegio-sao-francisco\/wp-json\/wp\/v2\/types\/post"}],"author":[{"embeddable":true,"href":"https:\/\/www.fsfx.com.br\/colegio-sao-francisco\/wp-json\/wp\/v2\/users\/2"}],"replies":[{"embeddable":true,"href":"https:\/\/www.fsfx.com.br\/colegio-sao-francisco\/wp-json\/wp\/v2\/comments?post=1642"}],"version-history":[{"count":0,"href":"https:\/\/www.fsfx.com.br\/colegio-sao-francisco\/wp-json\/wp\/v2\/posts\/1642\/revisions"}],"wp:attachment":[{"href":"https:\/\/www.fsfx.com.br\/colegio-sao-francisco\/wp-json\/wp\/v2\/media?parent=1642"}],"wp:term":[{"taxonomy":"category","embeddable":true,"href":"https:\/\/www.fsfx.com.br\/colegio-sao-francisco\/wp-json\/wp\/v2\/categories?post=1642"},{"taxonomy":"post_tag","embeddable":true,"href":"https:\/\/www.fsfx.com.br\/colegio-sao-francisco\/wp-json\/wp\/v2\/tags?post=1642"}],"curies":[{"name":"wp","href":"https:\/\/api.w.org\/{rel}","templated":true}]}}