{"id":6834,"date":"2020-05-14T18:14:42","date_gmt":"2020-05-14T21:14:42","guid":{"rendered":"http:\/\/fsfx.com.br\/\/csfx\/2020\/05\/14\/hospital-marcio-cunha-realiza-a-primeira-cirurgia-latex-free-do-leste-de-minas\/"},"modified":"2020-05-14T18:14:42","modified_gmt":"2020-05-14T21:14:42","slug":"hospital-marcio-cunha-realiza-a-primeira-cirurgia-latex-free-do-leste-de-minas","status":"publish","type":"post","link":"https:\/\/www.fsfx.com.br\/colegio-sao-francisco\/hospital-marcio-cunha-realiza-a-primeira-cirurgia-latex-free-do-leste-de-minas\/","title":{"rendered":"Hospital M\u00e1rcio Cunha realiza a primeira cirurgia l\u00e1tex free do Leste de Minas"},"content":{"rendered":"<p>Sofrer de um tipo de alergia j\u00e1 n\u00e3o \u00e9 nada agrad\u00e1vel. Imagine ent\u00e3o ter mais de um tipo de alergia grave e ainda sofrer com limita\u00e7\u00f5es, como, por exemplo, evitar festas de anivers\u00e1rio ou n\u00e3o poder fazer uma cirurgia convencional? Na vida da Andreia Aparecida Gon\u00e7alves Maciel, isso acontece e tem um nome: alergia a l\u00e1tex. Isso mesmo, aquela mat\u00e9ria-prima da borracha que est\u00e1 presente em diversos objetos, incluindo brinquedos, bal\u00f5es, frascos de produtos, entre outros.<\/p>\n<figure id=\"attachment_1654\" aria-describedby=\"caption-attachment-1654\" style=\"width: 300px\" class=\"wp-caption alignright\"><img fetchpriority=\"high\" decoding=\"async\" class=\"size-medium wp-image-1654\" src=\"http:\/\/www.fsfx.com.br\/hospital-marcio-cunha\/wp-content\/uploads\/sites\/6\/2017\/03\/DSC_0272-300x200.jpg\" alt=\"Andreia Gon\u00e7alves Maciel, ao lado do marido: &quot;Para mim, a melhor coisa que teve foi poder fazer a cirurgia aqui mesmo, ao inv\u00e9s de ir para Belo Horizonte. \u00c9 muito bom saber que aqui j\u00e1 tem o que eu preciso.&quot;\" width=\"300\" height=\"200\" \/><figcaption id=\"caption-attachment-1654\" class=\"wp-caption-text\"><em>Andreia Gon\u00e7alves Maciel, ao lado do marido: &#8220;Para mim, a melhor coisa que teve foi poder fazer a cirurgia aqui mesmo, ao inv\u00e9s de ir para Belo Horizonte. \u00c9 muito bom saber que aqui j\u00e1 tem o que eu preciso.&#8221;<\/em><\/figcaption><\/figure>\n<p>A partir de consultas com especialistas no Hospital M\u00e1rcio Cunha, em Ipatinga, MG, h\u00e1 pouco mais de um ano, a Andreia recebeu a confirma\u00e7\u00e3o de que era al\u00e9rgica n\u00e3o s\u00f3 a alimentos com os quais j\u00e1 havia tido experi\u00eancias desagrad\u00e1veis, como morango, mandioca e mam\u00e3o, mas tamb\u00e9m ao l\u00e1tex. \u0093Al\u00e9m de j\u00e1 ter sido levado \u00e0s pressas ao Pronto-Socorro por conta de alimentos, descobri a alergia ao bal\u00e3o quando ia a festas infantis. Aos poucos, eu ia piorando, meus olhos come\u00e7avam a inchar, ficavam muito vermelhos e sentia tampando a respira\u00e7\u00e3o, ficando com muita dificuldade de respirar. Desde ent\u00e3o, procuro ficar longe dos bal\u00f5es e passei a evitar tudo que tem borracha\u0094, conta ela.<\/p>\n<p>Preocupa\u00e7\u00e3o que ficou ainda maior quando veio a not\u00edcia de precisaria fazer uma cirurgia para retirada do \u00fatero. Como ent\u00e3o passar por um procedimento sem ter contato com quaisquer part\u00edculas e objetos comuns de borracha, como luvas m\u00e9dicas? O caso da Andreia mobilizou profissionais de nove \u00e1reas diferentes do Hospital M\u00e1rcio Cunha, para capacitar a institui\u00e7\u00e3o e viabilizar a chamada \u0093cirurgia l\u00e1tex free\u0094. O nome se d\u00e1 pela necessidade de se ter total aus\u00eancia de materiais que contenham l\u00e1tex em sua composi\u00e7\u00e3o n\u00e3o s\u00f3 na sala de cirurgia, mas por todos os ambientes por onde a paciente passar. \u0093Existe um preparo diferenciado da assist\u00eancia dentro da unidade hospitalar, para que se consiga realizar um procedimento com essas caracter\u00edsticas de forma segura e eficiente, atendendo a paciente com a qualidade e o conforto necess\u00e1rios\u0094, explica Charlles Rodrigues Soares, enfermeiro supervisor do Centro Cir\u00fargico.<\/p>\n<p>A partir da solicita\u00e7\u00e3o da Diretoria, todas as equipes se debru\u00e7aram sobre o assunto e buscaram as melhores evid\u00eancias cient\u00edficas para a cria\u00e7\u00e3o de um protocolo de cirurgia para os pacientes com alergia a l\u00e1tex. Foram necess\u00e1rias adequa\u00e7\u00f5es t\u00e9cnicas e comportamentais, bem como o fornecimento de suprimentos e equipamentos livres de l\u00e1tex em sua fabrica\u00e7\u00e3o. Da\u00ed, outras medidas foram tomadas, tais como:<\/p>\n<p>&#8211; agendamento do procedimento para ser o primeiro do dia;<\/p>\n<p>&#8211; treinamento dos profissionais envolvidos, com a realiza\u00e7\u00e3o de um simulado antes;<\/p>\n<p>&#8211; higieniza\u00e7\u00e3o e limpeza da sala cir\u00fargica, com a retirada total de materiais e equipamentos que t\u00eam l\u00e1tex, como luvas cir\u00fargicas, sondas, estetosc\u00f3pios, cateteres, garrote, m\u00e1scaras;<\/p>\n<p>&#8211; substitui\u00e7\u00e3o de todos eles por materiais feitos de silicone;<\/p>\n<p>&#8211; substitui\u00e7\u00e3o das embalagens das medica\u00e7\u00f5es que tenham alguma borracha para seringas;<\/p>\n<p>&#8211; substitui\u00e7\u00e3o de cadeiras por bancos;<\/p>\n<p>&#8211; isolamento da sala limpa e esterilizada no dia anterior;<\/p>\n<p>&#8211; descontamina\u00e7\u00e3o do ar da sala fechada, com a renova\u00e7\u00e3o constante do ar por 8 horas.<\/p>\n<p><img decoding=\"async\" class=\"alignright size-medium wp-image-1655\" src=\"http:\/\/www.fsfx.com.br\/hospital-marcio-cunha\/wp-content\/uploads\/sites\/6\/2017\/03\/WhatsApp-Image-2017-03-17-at-11.51.38-300x168.jpeg\" alt=\"WhatsApp Image 2017-03-17 at 11.51.38\" width=\"300\" height=\"168\" \/>\u0093Foi uma quebra de paradigmas no Centro Cir\u00fargico, com o apoio da alta dire\u00e7\u00e3o do HMC e de \u00e1reas como Manuten\u00e7\u00e3o, Higieniza\u00e7\u00e3o, Laborat\u00f3rios, Suprimentos, N\u00facleo de Seguran\u00e7a do Paciente, Interna\u00e7\u00e3o e at\u00e9 UTI, que estava de prontid\u00e3o no caso de uma eventual emerg\u00eancia. Todos ficaram surpresos com a mobiliza\u00e7\u00e3o e o resultado final positivo. A partir desse procedimento, o Hospital M\u00e1rcio Cunha passa a ser o primeiro do Leste do estado nesse padr\u00e3o de seguran\u00e7a e qualidade e um dos primeiros e poucos de Minas Gerais capacitados para realizar cirurgias l\u00e1tex free daqui para frente\u0094, comemoram os m\u00e9dicos anestesiologistas Alexandre Silva Pinto e Romerus Geraldo do Pinho.<\/p>\n<p>Todos esses cuidados foram percebidos pela Andreia e seus familiares, at\u00e9 mesmo nas visitas no apartamento de interna\u00e7\u00e3o. O quarto n\u00e3o teve nenhum material de borracha e a equipe de assist\u00eancia, a cada entrada, tomava as devidas precau\u00e7\u00f5es, como o uso do prop\u00e9 sobre os t\u00eanis e sapatos. \u0093Fiquei feliz em ver a aten\u00e7\u00e3o do hospital. Para mim, a melhor coisa que teve foi poder fazer a cirurgia aqui mesmo. N\u00e3o queria ir para Belo Horizonte s\u00f3 para operar, \u00e9 muito longe. E a gente fica preocupada tamb\u00e9m: se caso eu precisasse um dia de fazer uma cirurgia de emerg\u00eancia, como eu vou para Belo Horizonte? Por isso \u00e9 muito bom saber que aqui j\u00e1 tem o que eu preciso, pois, se eu um dia eu precisar, eu sei que o hospital aqui pode me atender. O que \u00e9 bom para outras pessoas com a mesma alergia tamb\u00e9m\u0094, agradece a paciente.<\/p>\n<p>&nbsp;<\/p>\n","protected":false},"excerpt":{"rendered":"<p>Sofrer de um tipo de alergia j\u00e1 n\u00e3o \u00e9 nada agrad\u00e1vel. Imagine ent\u00e3o ter mais de um tipo de alergia grave e ainda sofrer com limita\u00e7\u00f5es, como, por exemplo, evitar festas de anivers\u00e1rio ou n\u00e3o poder fazer uma cirurgia convencional? Na vida da Andreia Aparecida Gon\u00e7alves Maciel, isso acontece e tem um nome: alergia a [&hellip;]<\/p>\n","protected":false},"author":2,"featured_media":0,"comment_status":"open","ping_status":"open","sticky":false,"template":"","format":"standard","meta":{"_acf_changed":false,"site-sidebar-layout":"default","site-content-layout":"","ast-site-content-layout":"default","site-content-style":"default","site-sidebar-style":"default","ast-global-header-display":"","ast-banner-title-visibility":"","ast-main-header-display":"","ast-hfb-above-header-display":"","ast-hfb-below-header-display":"","ast-hfb-mobile-header-display":"","site-post-title":"","ast-breadcrumbs-content":"","ast-featured-img":"","footer-sml-layout":"","theme-transparent-header-meta":"","adv-header-id-meta":"","stick-header-meta":"","header-above-stick-meta":"","header-main-stick-meta":"","header-below-stick-meta":"","astra-migrate-meta-layouts":"default","ast-page-background-enabled":"default","ast-page-background-meta":{"desktop":{"background-color":"var(--ast-global-color-4)","background-image":"","background-repeat":"repeat","background-position":"center center","background-size":"auto","background-attachment":"scroll","background-type":"","background-media":"","overlay-type":"","overlay-color":"","overlay-opacity":"","overlay-gradient":""},"tablet":{"background-color":"","background-image":"","background-repeat":"repeat","background-position":"center center","background-size":"auto","background-attachment":"scroll","background-type":"","background-media":"","overlay-type":"","overlay-color":"","overlay-opacity":"","overlay-gradient":""},"mobile":{"background-color":"","background-image":"","background-repeat":"repeat","background-position":"center center","background-size":"auto","background-attachment":"scroll","background-type":"","background-media":"","overlay-type":"","overlay-color":"","overlay-opacity":"","overlay-gradient":""}},"ast-content-background-meta":{"desktop":{"background-color":"var(--ast-global-color-5)","background-image":"","background-repeat":"repeat","background-position":"center center","background-size":"auto","background-attachment":"scroll","background-type":"","background-media":"","overlay-type":"","overlay-color":"","overlay-opacity":"","overlay-gradient":""},"tablet":{"background-color":"var(--ast-global-color-5)","background-image":"","background-repeat":"repeat","background-position":"center center","background-size":"auto","background-attachment":"scroll","background-type":"","background-media":"","overlay-type":"","overlay-color":"","overlay-opacity":"","overlay-gradient":""},"mobile":{"background-color":"var(--ast-global-color-5)","background-image":"","background-repeat":"repeat","background-position":"center center","background-size":"auto","background-attachment":"scroll","background-type":"","background-media":"","overlay-type":"","overlay-color":"","overlay-opacity":"","overlay-gradient":""}},"footnotes":""},"categories":[1],"tags":[],"class_list":["post-6834","post","type-post","status-publish","format-standard","hentry","category-sem-categoria"],"acf":[],"yoast_head":"<!-- This site is optimized with the Yoast SEO plugin v26.9 - https:\/\/yoast.com\/product\/yoast-seo-wordpress\/ -->\n<title>Hospital M\u00e1rcio Cunha realiza a primeira cirurgia l\u00e1tex free do Leste de Minas - Col\u00e9gio S\u00e3o Francisco Xavier<\/title>\n<meta name=\"robots\" content=\"index, follow, max-snippet:-1, max-image-preview:large, max-video-preview:-1\" \/>\n<link rel=\"canonical\" href=\"https:\/\/www.fsfx.com.br\/colegio-sao-francisco\/hospital-marcio-cunha-realiza-a-primeira-cirurgia-latex-free-do-leste-de-minas\/\" \/>\n<meta property=\"og:locale\" content=\"pt_BR\" \/>\n<meta property=\"og:type\" content=\"article\" \/>\n<meta property=\"og:title\" content=\"Hospital M\u00e1rcio Cunha realiza a primeira cirurgia l\u00e1tex free do Leste de Minas - Col\u00e9gio S\u00e3o Francisco Xavier\" \/>\n<meta property=\"og:description\" content=\"Sofrer de um tipo de alergia j\u00e1 n\u00e3o \u00e9 nada agrad\u00e1vel. Imagine ent\u00e3o ter mais de um tipo de alergia grave e ainda sofrer com limita\u00e7\u00f5es, como, por exemplo, evitar festas de anivers\u00e1rio ou n\u00e3o poder fazer uma cirurgia convencional? Na vida da Andreia Aparecida Gon\u00e7alves Maciel, isso acontece e tem um nome: alergia a [&hellip;]\" \/>\n<meta property=\"og:url\" content=\"https:\/\/www.fsfx.com.br\/colegio-sao-francisco\/hospital-marcio-cunha-realiza-a-primeira-cirurgia-latex-free-do-leste-de-minas\/\" \/>\n<meta property=\"og:site_name\" content=\"Col\u00e9gio S\u00e3o Francisco Xavier\" \/>\n<meta property=\"article:published_time\" content=\"2020-05-14T21:14:42+00:00\" \/>\n<meta property=\"og:image\" content=\"http:\/\/www.fsfx.com.br\/hospital-marcio-cunha\/wp-content\/uploads\/sites\/6\/2017\/03\/DSC_0272-300x200.jpg\" \/>\n<meta name=\"author\" content=\"claudio\" \/>\n<meta name=\"twitter:card\" content=\"summary_large_image\" \/>\n<meta name=\"twitter:label1\" content=\"Escrito por\" \/>\n\t<meta name=\"twitter:data1\" content=\"claudio\" \/>\n\t<meta name=\"twitter:label2\" content=\"Est. tempo de leitura\" \/>\n\t<meta name=\"twitter:data2\" content=\"4 minutos\" \/>\n<script type=\"application\/ld+json\" class=\"yoast-schema-graph\">{\"@context\":\"https:\/\/schema.org\",\"@graph\":[{\"@type\":\"Article\",\"@id\":\"https:\/\/www.fsfx.com.br\/colegio-sao-francisco\/hospital-marcio-cunha-realiza-a-primeira-cirurgia-latex-free-do-leste-de-minas\/#article\",\"isPartOf\":{\"@id\":\"https:\/\/www.fsfx.com.br\/colegio-sao-francisco\/hospital-marcio-cunha-realiza-a-primeira-cirurgia-latex-free-do-leste-de-minas\/\"},\"author\":{\"name\":\"claudio\",\"@id\":\"https:\/\/www.fsfx.com.br\/colegio-sao-francisco\/#\/schema\/person\/7d2372fe1973398ab20a060bbb9a87d8\"},\"headline\":\"Hospital M\u00e1rcio Cunha realiza a primeira cirurgia l\u00e1tex free do Leste de Minas\",\"datePublished\":\"2020-05-14T21:14:42+00:00\",\"mainEntityOfPage\":{\"@id\":\"https:\/\/www.fsfx.com.br\/colegio-sao-francisco\/hospital-marcio-cunha-realiza-a-primeira-cirurgia-latex-free-do-leste-de-minas\/\"},\"wordCount\":905,\"commentCount\":0,\"publisher\":{\"@id\":\"https:\/\/www.fsfx.com.br\/colegio-sao-francisco\/#organization\"},\"image\":{\"@id\":\"https:\/\/www.fsfx.com.br\/colegio-sao-francisco\/hospital-marcio-cunha-realiza-a-primeira-cirurgia-latex-free-do-leste-de-minas\/#primaryimage\"},\"thumbnailUrl\":\"http:\/\/www.fsfx.com.br\/hospital-marcio-cunha\/wp-content\/uploads\/sites\/6\/2017\/03\/DSC_0272-300x200.jpg\",\"inLanguage\":\"pt-BR\",\"potentialAction\":[{\"@type\":\"CommentAction\",\"name\":\"Comment\",\"target\":[\"https:\/\/www.fsfx.com.br\/colegio-sao-francisco\/hospital-marcio-cunha-realiza-a-primeira-cirurgia-latex-free-do-leste-de-minas\/#respond\"]}]},{\"@type\":\"WebPage\",\"@id\":\"https:\/\/www.fsfx.com.br\/colegio-sao-francisco\/hospital-marcio-cunha-realiza-a-primeira-cirurgia-latex-free-do-leste-de-minas\/\",\"url\":\"https:\/\/www.fsfx.com.br\/colegio-sao-francisco\/hospital-marcio-cunha-realiza-a-primeira-cirurgia-latex-free-do-leste-de-minas\/\",\"name\":\"Hospital M\u00e1rcio Cunha realiza a primeira cirurgia l\u00e1tex free do Leste de Minas - Col\u00e9gio S\u00e3o Francisco Xavier\",\"isPartOf\":{\"@id\":\"https:\/\/www.fsfx.com.br\/colegio-sao-francisco\/#website\"},\"primaryImageOfPage\":{\"@id\":\"https:\/\/www.fsfx.com.br\/colegio-sao-francisco\/hospital-marcio-cunha-realiza-a-primeira-cirurgia-latex-free-do-leste-de-minas\/#primaryimage\"},\"image\":{\"@id\":\"https:\/\/www.fsfx.com.br\/colegio-sao-francisco\/hospital-marcio-cunha-realiza-a-primeira-cirurgia-latex-free-do-leste-de-minas\/#primaryimage\"},\"thumbnailUrl\":\"http:\/\/www.fsfx.com.br\/hospital-marcio-cunha\/wp-content\/uploads\/sites\/6\/2017\/03\/DSC_0272-300x200.jpg\",\"datePublished\":\"2020-05-14T21:14:42+00:00\",\"breadcrumb\":{\"@id\":\"https:\/\/www.fsfx.com.br\/colegio-sao-francisco\/hospital-marcio-cunha-realiza-a-primeira-cirurgia-latex-free-do-leste-de-minas\/#breadcrumb\"},\"inLanguage\":\"pt-BR\",\"potentialAction\":[{\"@type\":\"ReadAction\",\"target\":[\"https:\/\/www.fsfx.com.br\/colegio-sao-francisco\/hospital-marcio-cunha-realiza-a-primeira-cirurgia-latex-free-do-leste-de-minas\/\"]}]},{\"@type\":\"ImageObject\",\"inLanguage\":\"pt-BR\",\"@id\":\"https:\/\/www.fsfx.com.br\/colegio-sao-francisco\/hospital-marcio-cunha-realiza-a-primeira-cirurgia-latex-free-do-leste-de-minas\/#primaryimage\",\"url\":\"http:\/\/www.fsfx.com.br\/hospital-marcio-cunha\/wp-content\/uploads\/sites\/6\/2017\/03\/DSC_0272-300x200.jpg\",\"contentUrl\":\"http:\/\/www.fsfx.com.br\/hospital-marcio-cunha\/wp-content\/uploads\/sites\/6\/2017\/03\/DSC_0272-300x200.jpg\"},{\"@type\":\"BreadcrumbList\",\"@id\":\"https:\/\/www.fsfx.com.br\/colegio-sao-francisco\/hospital-marcio-cunha-realiza-a-primeira-cirurgia-latex-free-do-leste-de-minas\/#breadcrumb\",\"itemListElement\":[{\"@type\":\"ListItem\",\"position\":1,\"name\":\"In\u00edcio\",\"item\":\"https:\/\/www.fsfx.com.br\/colegio-sao-francisco\/\"},{\"@type\":\"ListItem\",\"position\":2,\"name\":\"Hospital M\u00e1rcio Cunha realiza a primeira cirurgia l\u00e1tex free do Leste de Minas\"}]},{\"@type\":\"WebSite\",\"@id\":\"https:\/\/www.fsfx.com.br\/colegio-sao-francisco\/#website\",\"url\":\"https:\/\/www.fsfx.com.br\/colegio-sao-francisco\/\",\"name\":\"Col\u00e9gio S\u00e3o Francisco Xavier\",\"description\":\"\",\"publisher\":{\"@id\":\"https:\/\/www.fsfx.com.br\/colegio-sao-francisco\/#organization\"},\"potentialAction\":[{\"@type\":\"SearchAction\",\"target\":{\"@type\":\"EntryPoint\",\"urlTemplate\":\"https:\/\/www.fsfx.com.br\/colegio-sao-francisco\/?s={search_term_string}\"},\"query-input\":{\"@type\":\"PropertyValueSpecification\",\"valueRequired\":true,\"valueName\":\"search_term_string\"}}],\"inLanguage\":\"pt-BR\"},{\"@type\":\"Organization\",\"@id\":\"https:\/\/www.fsfx.com.br\/colegio-sao-francisco\/#organization\",\"name\":\"CSFX - Col\u00e9gio S\u00e3o Francisco Xavier\",\"url\":\"https:\/\/www.fsfx.com.br\/colegio-sao-francisco\/\",\"logo\":{\"@type\":\"ImageObject\",\"inLanguage\":\"pt-BR\",\"@id\":\"https:\/\/www.fsfx.com.br\/colegio-sao-francisco\/#\/schema\/logo\/image\/\",\"url\":\"https:\/\/www.fsfx.com.br\/colegio-sao-francisco\/wp-content\/uploads\/sites\/10\/2020\/02\/logo.png\",\"contentUrl\":\"https:\/\/www.fsfx.com.br\/colegio-sao-francisco\/wp-content\/uploads\/sites\/10\/2020\/02\/logo.png\",\"width\":175,\"height\":40,\"caption\":\"CSFX - Col\u00e9gio S\u00e3o Francisco Xavier\"},\"image\":{\"@id\":\"https:\/\/www.fsfx.com.br\/colegio-sao-francisco\/#\/schema\/logo\/image\/\"}},{\"@type\":\"Person\",\"@id\":\"https:\/\/www.fsfx.com.br\/colegio-sao-francisco\/#\/schema\/person\/7d2372fe1973398ab20a060bbb9a87d8\",\"name\":\"claudio\",\"image\":{\"@type\":\"ImageObject\",\"inLanguage\":\"pt-BR\",\"@id\":\"https:\/\/www.fsfx.com.br\/colegio-sao-francisco\/#\/schema\/person\/image\/\",\"url\":\"https:\/\/secure.gravatar.com\/avatar\/724caacf0f2f073275cb3689c577e73e87e40150b1ffd648a67445e75aa7ff03?s=96&d=mm&r=g\",\"contentUrl\":\"https:\/\/secure.gravatar.com\/avatar\/724caacf0f2f073275cb3689c577e73e87e40150b1ffd648a67445e75aa7ff03?s=96&d=mm&r=g\",\"caption\":\"claudio\"},\"url\":\"https:\/\/www.fsfx.com.br\/colegio-sao-francisco\/author\/claudio\/\"}]}<\/script>\n<!-- \/ Yoast SEO plugin. -->","yoast_head_json":{"title":"Hospital M\u00e1rcio Cunha realiza a primeira cirurgia l\u00e1tex free do Leste de Minas - Col\u00e9gio S\u00e3o Francisco Xavier","robots":{"index":"index","follow":"follow","max-snippet":"max-snippet:-1","max-image-preview":"max-image-preview:large","max-video-preview":"max-video-preview:-1"},"canonical":"https:\/\/www.fsfx.com.br\/colegio-sao-francisco\/hospital-marcio-cunha-realiza-a-primeira-cirurgia-latex-free-do-leste-de-minas\/","og_locale":"pt_BR","og_type":"article","og_title":"Hospital M\u00e1rcio Cunha realiza a primeira cirurgia l\u00e1tex free do Leste de Minas - Col\u00e9gio S\u00e3o Francisco Xavier","og_description":"Sofrer de um tipo de alergia j\u00e1 n\u00e3o \u00e9 nada agrad\u00e1vel. Imagine ent\u00e3o ter mais de um tipo de alergia grave e ainda sofrer com limita\u00e7\u00f5es, como, por exemplo, evitar festas de anivers\u00e1rio ou n\u00e3o poder fazer uma cirurgia convencional? Na vida da Andreia Aparecida Gon\u00e7alves Maciel, isso acontece e tem um nome: alergia a [&hellip;]","og_url":"https:\/\/www.fsfx.com.br\/colegio-sao-francisco\/hospital-marcio-cunha-realiza-a-primeira-cirurgia-latex-free-do-leste-de-minas\/","og_site_name":"Col\u00e9gio S\u00e3o Francisco Xavier","article_published_time":"2020-05-14T21:14:42+00:00","og_image":[{"url":"http:\/\/www.fsfx.com.br\/hospital-marcio-cunha\/wp-content\/uploads\/sites\/6\/2017\/03\/DSC_0272-300x200.jpg","type":"","width":"","height":""}],"author":"claudio","twitter_card":"summary_large_image","twitter_misc":{"Escrito por":"claudio","Est. tempo de leitura":"4 minutos"},"schema":{"@context":"https:\/\/schema.org","@graph":[{"@type":"Article","@id":"https:\/\/www.fsfx.com.br\/colegio-sao-francisco\/hospital-marcio-cunha-realiza-a-primeira-cirurgia-latex-free-do-leste-de-minas\/#article","isPartOf":{"@id":"https:\/\/www.fsfx.com.br\/colegio-sao-francisco\/hospital-marcio-cunha-realiza-a-primeira-cirurgia-latex-free-do-leste-de-minas\/"},"author":{"name":"claudio","@id":"https:\/\/www.fsfx.com.br\/colegio-sao-francisco\/#\/schema\/person\/7d2372fe1973398ab20a060bbb9a87d8"},"headline":"Hospital M\u00e1rcio Cunha realiza a primeira cirurgia l\u00e1tex free do Leste de Minas","datePublished":"2020-05-14T21:14:42+00:00","mainEntityOfPage":{"@id":"https:\/\/www.fsfx.com.br\/colegio-sao-francisco\/hospital-marcio-cunha-realiza-a-primeira-cirurgia-latex-free-do-leste-de-minas\/"},"wordCount":905,"commentCount":0,"publisher":{"@id":"https:\/\/www.fsfx.com.br\/colegio-sao-francisco\/#organization"},"image":{"@id":"https:\/\/www.fsfx.com.br\/colegio-sao-francisco\/hospital-marcio-cunha-realiza-a-primeira-cirurgia-latex-free-do-leste-de-minas\/#primaryimage"},"thumbnailUrl":"http:\/\/www.fsfx.com.br\/hospital-marcio-cunha\/wp-content\/uploads\/sites\/6\/2017\/03\/DSC_0272-300x200.jpg","inLanguage":"pt-BR","potentialAction":[{"@type":"CommentAction","name":"Comment","target":["https:\/\/www.fsfx.com.br\/colegio-sao-francisco\/hospital-marcio-cunha-realiza-a-primeira-cirurgia-latex-free-do-leste-de-minas\/#respond"]}]},{"@type":"WebPage","@id":"https:\/\/www.fsfx.com.br\/colegio-sao-francisco\/hospital-marcio-cunha-realiza-a-primeira-cirurgia-latex-free-do-leste-de-minas\/","url":"https:\/\/www.fsfx.com.br\/colegio-sao-francisco\/hospital-marcio-cunha-realiza-a-primeira-cirurgia-latex-free-do-leste-de-minas\/","name":"Hospital M\u00e1rcio Cunha realiza a primeira cirurgia l\u00e1tex free do Leste de Minas - Col\u00e9gio S\u00e3o Francisco Xavier","isPartOf":{"@id":"https:\/\/www.fsfx.com.br\/colegio-sao-francisco\/#website"},"primaryImageOfPage":{"@id":"https:\/\/www.fsfx.com.br\/colegio-sao-francisco\/hospital-marcio-cunha-realiza-a-primeira-cirurgia-latex-free-do-leste-de-minas\/#primaryimage"},"image":{"@id":"https:\/\/www.fsfx.com.br\/colegio-sao-francisco\/hospital-marcio-cunha-realiza-a-primeira-cirurgia-latex-free-do-leste-de-minas\/#primaryimage"},"thumbnailUrl":"http:\/\/www.fsfx.com.br\/hospital-marcio-cunha\/wp-content\/uploads\/sites\/6\/2017\/03\/DSC_0272-300x200.jpg","datePublished":"2020-05-14T21:14:42+00:00","breadcrumb":{"@id":"https:\/\/www.fsfx.com.br\/colegio-sao-francisco\/hospital-marcio-cunha-realiza-a-primeira-cirurgia-latex-free-do-leste-de-minas\/#breadcrumb"},"inLanguage":"pt-BR","potentialAction":[{"@type":"ReadAction","target":["https:\/\/www.fsfx.com.br\/colegio-sao-francisco\/hospital-marcio-cunha-realiza-a-primeira-cirurgia-latex-free-do-leste-de-minas\/"]}]},{"@type":"ImageObject","inLanguage":"pt-BR","@id":"https:\/\/www.fsfx.com.br\/colegio-sao-francisco\/hospital-marcio-cunha-realiza-a-primeira-cirurgia-latex-free-do-leste-de-minas\/#primaryimage","url":"http:\/\/www.fsfx.com.br\/hospital-marcio-cunha\/wp-content\/uploads\/sites\/6\/2017\/03\/DSC_0272-300x200.jpg","contentUrl":"http:\/\/www.fsfx.com.br\/hospital-marcio-cunha\/wp-content\/uploads\/sites\/6\/2017\/03\/DSC_0272-300x200.jpg"},{"@type":"BreadcrumbList","@id":"https:\/\/www.fsfx.com.br\/colegio-sao-francisco\/hospital-marcio-cunha-realiza-a-primeira-cirurgia-latex-free-do-leste-de-minas\/#breadcrumb","itemListElement":[{"@type":"ListItem","position":1,"name":"In\u00edcio","item":"https:\/\/www.fsfx.com.br\/colegio-sao-francisco\/"},{"@type":"ListItem","position":2,"name":"Hospital M\u00e1rcio Cunha realiza a primeira cirurgia l\u00e1tex free do Leste de Minas"}]},{"@type":"WebSite","@id":"https:\/\/www.fsfx.com.br\/colegio-sao-francisco\/#website","url":"https:\/\/www.fsfx.com.br\/colegio-sao-francisco\/","name":"Col\u00e9gio S\u00e3o Francisco Xavier","description":"","publisher":{"@id":"https:\/\/www.fsfx.com.br\/colegio-sao-francisco\/#organization"},"potentialAction":[{"@type":"SearchAction","target":{"@type":"EntryPoint","urlTemplate":"https:\/\/www.fsfx.com.br\/colegio-sao-francisco\/?s={search_term_string}"},"query-input":{"@type":"PropertyValueSpecification","valueRequired":true,"valueName":"search_term_string"}}],"inLanguage":"pt-BR"},{"@type":"Organization","@id":"https:\/\/www.fsfx.com.br\/colegio-sao-francisco\/#organization","name":"CSFX - Col\u00e9gio S\u00e3o Francisco Xavier","url":"https:\/\/www.fsfx.com.br\/colegio-sao-francisco\/","logo":{"@type":"ImageObject","inLanguage":"pt-BR","@id":"https:\/\/www.fsfx.com.br\/colegio-sao-francisco\/#\/schema\/logo\/image\/","url":"https:\/\/www.fsfx.com.br\/colegio-sao-francisco\/wp-content\/uploads\/sites\/10\/2020\/02\/logo.png","contentUrl":"https:\/\/www.fsfx.com.br\/colegio-sao-francisco\/wp-content\/uploads\/sites\/10\/2020\/02\/logo.png","width":175,"height":40,"caption":"CSFX - Col\u00e9gio S\u00e3o Francisco Xavier"},"image":{"@id":"https:\/\/www.fsfx.com.br\/colegio-sao-francisco\/#\/schema\/logo\/image\/"}},{"@type":"Person","@id":"https:\/\/www.fsfx.com.br\/colegio-sao-francisco\/#\/schema\/person\/7d2372fe1973398ab20a060bbb9a87d8","name":"claudio","image":{"@type":"ImageObject","inLanguage":"pt-BR","@id":"https:\/\/www.fsfx.com.br\/colegio-sao-francisco\/#\/schema\/person\/image\/","url":"https:\/\/secure.gravatar.com\/avatar\/724caacf0f2f073275cb3689c577e73e87e40150b1ffd648a67445e75aa7ff03?s=96&d=mm&r=g","contentUrl":"https:\/\/secure.gravatar.com\/avatar\/724caacf0f2f073275cb3689c577e73e87e40150b1ffd648a67445e75aa7ff03?s=96&d=mm&r=g","caption":"claudio"},"url":"https:\/\/www.fsfx.com.br\/colegio-sao-francisco\/author\/claudio\/"}]}},"_links":{"self":[{"href":"https:\/\/www.fsfx.com.br\/colegio-sao-francisco\/wp-json\/wp\/v2\/posts\/6834","targetHints":{"allow":["GET"]}}],"collection":[{"href":"https:\/\/www.fsfx.com.br\/colegio-sao-francisco\/wp-json\/wp\/v2\/posts"}],"about":[{"href":"https:\/\/www.fsfx.com.br\/colegio-sao-francisco\/wp-json\/wp\/v2\/types\/post"}],"author":[{"embeddable":true,"href":"https:\/\/www.fsfx.com.br\/colegio-sao-francisco\/wp-json\/wp\/v2\/users\/2"}],"replies":[{"embeddable":true,"href":"https:\/\/www.fsfx.com.br\/colegio-sao-francisco\/wp-json\/wp\/v2\/comments?post=6834"}],"version-history":[{"count":0,"href":"https:\/\/www.fsfx.com.br\/colegio-sao-francisco\/wp-json\/wp\/v2\/posts\/6834\/revisions"}],"wp:attachment":[{"href":"https:\/\/www.fsfx.com.br\/colegio-sao-francisco\/wp-json\/wp\/v2\/media?parent=6834"}],"wp:term":[{"taxonomy":"category","embeddable":true,"href":"https:\/\/www.fsfx.com.br\/colegio-sao-francisco\/wp-json\/wp\/v2\/categories?post=6834"},{"taxonomy":"post_tag","embeddable":true,"href":"https:\/\/www.fsfx.com.br\/colegio-sao-francisco\/wp-json\/wp\/v2\/tags?post=6834"}],"curies":[{"name":"wp","href":"https:\/\/api.w.org\/{rel}","templated":true}]}}