{"id":6836,"date":"2020-05-14T18:14:45","date_gmt":"2020-05-14T21:14:45","guid":{"rendered":"http:\/\/fsfx.com.br\/\/csfx\/2020\/05\/14\/hospital-marcio-cunha-promove-acoes-no-shopping-em-comemoracao-ao-dia-mundial-do-rim\/"},"modified":"2020-05-14T18:14:45","modified_gmt":"2020-05-14T21:14:45","slug":"hospital-marcio-cunha-promove-acoes-no-shopping-em-comemoracao-ao-dia-mundial-do-rim","status":"publish","type":"post","link":"https:\/\/www.fsfx.com.br\/colegio-sao-francisco\/hospital-marcio-cunha-promove-acoes-no-shopping-em-comemoracao-ao-dia-mundial-do-rim\/","title":{"rendered":"Hospital M\u00e1rcio Cunha promove a\u00e7\u00f5es no shopping em comemora\u00e7\u00e3o ao Dia Mundial do Rim"},"content":{"rendered":"<p><img fetchpriority=\"high\" decoding=\"async\" class=\"alignright size-medium wp-image-1633\" src=\"http:\/\/www.fsfx.com.br\/hospital-marcio-cunha\/wp-content\/uploads\/sites\/6\/2017\/03\/PS-EN-1-300x200.jpg\" alt=\"PS-EN (1)\" width=\"300\" height=\"200\" \/>O azul e o vermelho s\u00e3o as novas cores que iluminam uma das fachadas do Hospital M\u00e1rcio Cunha e de outros grandes monumentos do pa\u00eds e do mundo neste m\u00eas mar\u00e7o, como s\u00edmbolo da campanha em comemora\u00e7\u00e3o ao Dia Mundial do Rim. Celebrado no dia 09 de mar\u00e7o, a data visa conscientizar a popula\u00e7\u00e3o sobre a import\u00e2ncia dos rins, promovendo h\u00e1bitos de vida saud\u00e1veis. O tema desta edi\u00e7\u00e3o, \u0093Estilo de vida saud\u00e1vel para rins saud\u00e1veis\u0094, chama aten\u00e7\u00e3o ainda para a obesidade e o consequente desenvolvimento da Hipertens\u00e3o Arterial e do Diabetes, os maiores fatores de risco e vil\u00f5es causadores da Doen\u00e7a Renal Cr\u00f4nica.<\/p>\n<p>Para orientar a popula\u00e7\u00e3o sobre isso, a equipe do Centro de Terapia Renal Substitutiva do HMC estar\u00e1 com um estande no Shopping do Vale do A\u00e7o, de 09 a 12 de mar\u00e7o, das 11h \u00e0s 20h. A equipe, composta por m\u00e9dicos, nutricionistas, psic\u00f3logos, enfermeiros e t\u00e9cnicos de enfermagem, far\u00e1 abordagens para esclarecer d\u00favidas, aferir a press\u00e3o arterial e calcular o \u00cdndice de Massa Corporal (IMC) das pessoas que por l\u00e1 passarem. \u0093A Doen\u00e7a Renal atinge a 10% da popula\u00e7\u00e3o. Ela \u00e9 silenciosa nos est\u00e1gios iniciais, se manifestando tardiamente. \u00c9 preciso que a popula\u00e7\u00e3o saiba como prevenir as doen\u00e7as dos rins. No estande do Shopping vamos abordar as pessoas propondo um estilo de vida mais saud\u00e1vel\u0094, afirma o m\u00e9dico nefrologista e gerente do CTRS, Carlos Alberto Calazans.<\/p>\n<p>Todos os anos, a Sociedade Brasileira de Nefrologia se empenha na realiza\u00e7\u00e3o de eventos e campanhas de comunica\u00e7\u00e3o. Neste ano, uma Plen\u00e1ria no Senado Federal, em Bras\u00edlia, ir\u00e1 discutir melhorias no tratamento das doen\u00e7as renais. O presidente da Sociedade Mineira de Nefrologia e m\u00e9dico nefrologista do Hospital M\u00e1rcio Cunha, Daniel Costa Chalabi Calazans, ser\u00e1 o representante mineiro no evento no Senado. \u0093Em Bras\u00edlia, vamos em busca de melhores condi\u00e7\u00f5es no tratamento da doen\u00e7a renal em Minas. Em todo o estado, est\u00e3o sendo promovidas a\u00e7\u00f5es de preven\u00e7\u00e3o e conscientiza\u00e7\u00e3o em prol da data\u0094.<\/p>\n<p><strong>Preven\u00e7\u00e3o<\/strong><\/p>\n<p>As doen\u00e7as renais podem ser prevenidas de formas simples, por meio do controle da press\u00e3o arterial e do controle dos n\u00edveis de glicose no sangue. Al\u00e9m disso, \u00e9 fundamental n\u00e3o fumar, j\u00e1 que os fumantes t\u00eam maior risco de desenvolverem insufici\u00eancia renal cr\u00f4nica. Outras medidas importantes s\u00e3o manter um peso ideal, com alimenta\u00e7\u00e3o saud\u00e1vel, praticar exerc\u00edcios f\u00edsicos e buscar assist\u00eancia m\u00e9dica para exames peri\u00f3dicos. Com essas pequenas atitudes, voc\u00ea contribuir\u00e1 para a sa\u00fade dos rins.<\/p>\n<p>&nbsp;<\/p>\n","protected":false},"excerpt":{"rendered":"<p>O azul e o vermelho s\u00e3o as novas cores que iluminam uma das fachadas do Hospital M\u00e1rcio Cunha e de outros grandes monumentos do pa\u00eds e do mundo neste m\u00eas mar\u00e7o, como s\u00edmbolo da campanha em comemora\u00e7\u00e3o ao Dia Mundial do Rim. Celebrado no dia 09 de mar\u00e7o, a data visa conscientizar a popula\u00e7\u00e3o sobre [&hellip;]<\/p>\n","protected":false},"author":2,"featured_media":0,"comment_status":"open","ping_status":"open","sticky":false,"template":"","format":"standard","meta":{"_acf_changed":false,"site-sidebar-layout":"default","site-content-layout":"","ast-site-content-layout":"default","site-content-style":"default","site-sidebar-style":"default","ast-global-header-display":"","ast-banner-title-visibility":"","ast-main-header-display":"","ast-hfb-above-header-display":"","ast-hfb-below-header-display":"","ast-hfb-mobile-header-display":"","site-post-title":"","ast-breadcrumbs-content":"","ast-featured-img":"","footer-sml-layout":"","theme-transparent-header-meta":"","adv-header-id-meta":"","stick-header-meta":"","header-above-stick-meta":"","header-main-stick-meta":"","header-below-stick-meta":"","astra-migrate-meta-layouts":"default","ast-page-background-enabled":"default","ast-page-background-meta":{"desktop":{"background-color":"var(--ast-global-color-4)","background-image":"","background-repeat":"repeat","background-position":"center center","background-size":"auto","background-attachment":"scroll","background-type":"","background-media":"","overlay-type":"","overlay-color":"","overlay-opacity":"","overlay-gradient":""},"tablet":{"background-color":"","background-image":"","background-repeat":"repeat","background-position":"center center","background-size":"auto","background-attachment":"scroll","background-type":"","background-media":"","overlay-type":"","overlay-color":"","overlay-opacity":"","overlay-gradient":""},"mobile":{"background-color":"","background-image":"","background-repeat":"repeat","background-position":"center center","background-size":"auto","background-attachment":"scroll","background-type":"","background-media":"","overlay-type":"","overlay-color":"","overlay-opacity":"","overlay-gradient":""}},"ast-content-background-meta":{"desktop":{"background-color":"var(--ast-global-color-5)","background-image":"","background-repeat":"repeat","background-position":"center center","background-size":"auto","background-attachment":"scroll","background-type":"","background-media":"","overlay-type":"","overlay-color":"","overlay-opacity":"","overlay-gradient":""},"tablet":{"background-color":"var(--ast-global-color-5)","background-image":"","background-repeat":"repeat","background-position":"center center","background-size":"auto","background-attachment":"scroll","background-type":"","background-media":"","overlay-type":"","overlay-color":"","overlay-opacity":"","overlay-gradient":""},"mobile":{"background-color":"var(--ast-global-color-5)","background-image":"","background-repeat":"repeat","background-position":"center center","background-size":"auto","background-attachment":"scroll","background-type":"","background-media":"","overlay-type":"","overlay-color":"","overlay-opacity":"","overlay-gradient":""}},"footnotes":""},"categories":[1],"tags":[],"class_list":["post-6836","post","type-post","status-publish","format-standard","hentry","category-sem-categoria"],"acf":[],"yoast_head":"<!-- This site is optimized with the Yoast SEO plugin v26.9 - https:\/\/yoast.com\/product\/yoast-seo-wordpress\/ -->\n<title>Hospital M\u00e1rcio Cunha promove a\u00e7\u00f5es no shopping em comemora\u00e7\u00e3o ao Dia Mundial do Rim - Col\u00e9gio S\u00e3o Francisco Xavier<\/title>\n<meta name=\"robots\" content=\"index, follow, max-snippet:-1, max-image-preview:large, max-video-preview:-1\" \/>\n<link rel=\"canonical\" href=\"https:\/\/www.fsfx.com.br\/colegio-sao-francisco\/hospital-marcio-cunha-promove-acoes-no-shopping-em-comemoracao-ao-dia-mundial-do-rim\/\" \/>\n<meta property=\"og:locale\" content=\"pt_BR\" \/>\n<meta property=\"og:type\" content=\"article\" \/>\n<meta property=\"og:title\" content=\"Hospital M\u00e1rcio Cunha promove a\u00e7\u00f5es no shopping em comemora\u00e7\u00e3o ao Dia Mundial do Rim - Col\u00e9gio S\u00e3o Francisco Xavier\" \/>\n<meta property=\"og:description\" content=\"O azul e o vermelho s\u00e3o as novas cores que iluminam uma das fachadas do Hospital M\u00e1rcio Cunha e de outros grandes monumentos do pa\u00eds e do mundo neste m\u00eas mar\u00e7o, como s\u00edmbolo da campanha em comemora\u00e7\u00e3o ao Dia Mundial do Rim. Celebrado no dia 09 de mar\u00e7o, a data visa conscientizar a popula\u00e7\u00e3o sobre [&hellip;]\" \/>\n<meta property=\"og:url\" content=\"https:\/\/www.fsfx.com.br\/colegio-sao-francisco\/hospital-marcio-cunha-promove-acoes-no-shopping-em-comemoracao-ao-dia-mundial-do-rim\/\" \/>\n<meta property=\"og:site_name\" content=\"Col\u00e9gio S\u00e3o Francisco Xavier\" \/>\n<meta property=\"article:published_time\" content=\"2020-05-14T21:14:45+00:00\" \/>\n<meta property=\"og:image\" content=\"http:\/\/www.fsfx.com.br\/hospital-marcio-cunha\/wp-content\/uploads\/sites\/6\/2017\/03\/PS-EN-1-300x200.jpg\" \/>\n<meta name=\"author\" content=\"claudio\" \/>\n<meta name=\"twitter:card\" content=\"summary_large_image\" \/>\n<meta name=\"twitter:label1\" content=\"Escrito por\" \/>\n\t<meta name=\"twitter:data1\" content=\"claudio\" \/>\n\t<meta name=\"twitter:label2\" content=\"Est. tempo de leitura\" \/>\n\t<meta name=\"twitter:data2\" content=\"2 minutos\" \/>\n<script type=\"application\/ld+json\" class=\"yoast-schema-graph\">{\"@context\":\"https:\/\/schema.org\",\"@graph\":[{\"@type\":\"Article\",\"@id\":\"https:\/\/www.fsfx.com.br\/colegio-sao-francisco\/hospital-marcio-cunha-promove-acoes-no-shopping-em-comemoracao-ao-dia-mundial-do-rim\/#article\",\"isPartOf\":{\"@id\":\"https:\/\/www.fsfx.com.br\/colegio-sao-francisco\/hospital-marcio-cunha-promove-acoes-no-shopping-em-comemoracao-ao-dia-mundial-do-rim\/\"},\"author\":{\"name\":\"claudio\",\"@id\":\"https:\/\/www.fsfx.com.br\/colegio-sao-francisco\/#\/schema\/person\/7d2372fe1973398ab20a060bbb9a87d8\"},\"headline\":\"Hospital M\u00e1rcio Cunha promove a\u00e7\u00f5es no shopping em comemora\u00e7\u00e3o ao Dia Mundial do Rim\",\"datePublished\":\"2020-05-14T21:14:45+00:00\",\"mainEntityOfPage\":{\"@id\":\"https:\/\/www.fsfx.com.br\/colegio-sao-francisco\/hospital-marcio-cunha-promove-acoes-no-shopping-em-comemoracao-ao-dia-mundial-do-rim\/\"},\"wordCount\":475,\"commentCount\":0,\"publisher\":{\"@id\":\"https:\/\/www.fsfx.com.br\/colegio-sao-francisco\/#organization\"},\"image\":{\"@id\":\"https:\/\/www.fsfx.com.br\/colegio-sao-francisco\/hospital-marcio-cunha-promove-acoes-no-shopping-em-comemoracao-ao-dia-mundial-do-rim\/#primaryimage\"},\"thumbnailUrl\":\"http:\/\/www.fsfx.com.br\/hospital-marcio-cunha\/wp-content\/uploads\/sites\/6\/2017\/03\/PS-EN-1-300x200.jpg\",\"inLanguage\":\"pt-BR\",\"potentialAction\":[{\"@type\":\"CommentAction\",\"name\":\"Comment\",\"target\":[\"https:\/\/www.fsfx.com.br\/colegio-sao-francisco\/hospital-marcio-cunha-promove-acoes-no-shopping-em-comemoracao-ao-dia-mundial-do-rim\/#respond\"]}]},{\"@type\":\"WebPage\",\"@id\":\"https:\/\/www.fsfx.com.br\/colegio-sao-francisco\/hospital-marcio-cunha-promove-acoes-no-shopping-em-comemoracao-ao-dia-mundial-do-rim\/\",\"url\":\"https:\/\/www.fsfx.com.br\/colegio-sao-francisco\/hospital-marcio-cunha-promove-acoes-no-shopping-em-comemoracao-ao-dia-mundial-do-rim\/\",\"name\":\"Hospital M\u00e1rcio Cunha promove a\u00e7\u00f5es no shopping em comemora\u00e7\u00e3o ao Dia Mundial do Rim - Col\u00e9gio S\u00e3o Francisco Xavier\",\"isPartOf\":{\"@id\":\"https:\/\/www.fsfx.com.br\/colegio-sao-francisco\/#website\"},\"primaryImageOfPage\":{\"@id\":\"https:\/\/www.fsfx.com.br\/colegio-sao-francisco\/hospital-marcio-cunha-promove-acoes-no-shopping-em-comemoracao-ao-dia-mundial-do-rim\/#primaryimage\"},\"image\":{\"@id\":\"https:\/\/www.fsfx.com.br\/colegio-sao-francisco\/hospital-marcio-cunha-promove-acoes-no-shopping-em-comemoracao-ao-dia-mundial-do-rim\/#primaryimage\"},\"thumbnailUrl\":\"http:\/\/www.fsfx.com.br\/hospital-marcio-cunha\/wp-content\/uploads\/sites\/6\/2017\/03\/PS-EN-1-300x200.jpg\",\"datePublished\":\"2020-05-14T21:14:45+00:00\",\"breadcrumb\":{\"@id\":\"https:\/\/www.fsfx.com.br\/colegio-sao-francisco\/hospital-marcio-cunha-promove-acoes-no-shopping-em-comemoracao-ao-dia-mundial-do-rim\/#breadcrumb\"},\"inLanguage\":\"pt-BR\",\"potentialAction\":[{\"@type\":\"ReadAction\",\"target\":[\"https:\/\/www.fsfx.com.br\/colegio-sao-francisco\/hospital-marcio-cunha-promove-acoes-no-shopping-em-comemoracao-ao-dia-mundial-do-rim\/\"]}]},{\"@type\":\"ImageObject\",\"inLanguage\":\"pt-BR\",\"@id\":\"https:\/\/www.fsfx.com.br\/colegio-sao-francisco\/hospital-marcio-cunha-promove-acoes-no-shopping-em-comemoracao-ao-dia-mundial-do-rim\/#primaryimage\",\"url\":\"http:\/\/www.fsfx.com.br\/hospital-marcio-cunha\/wp-content\/uploads\/sites\/6\/2017\/03\/PS-EN-1-300x200.jpg\",\"contentUrl\":\"http:\/\/www.fsfx.com.br\/hospital-marcio-cunha\/wp-content\/uploads\/sites\/6\/2017\/03\/PS-EN-1-300x200.jpg\"},{\"@type\":\"BreadcrumbList\",\"@id\":\"https:\/\/www.fsfx.com.br\/colegio-sao-francisco\/hospital-marcio-cunha-promove-acoes-no-shopping-em-comemoracao-ao-dia-mundial-do-rim\/#breadcrumb\",\"itemListElement\":[{\"@type\":\"ListItem\",\"position\":1,\"name\":\"In\u00edcio\",\"item\":\"https:\/\/www.fsfx.com.br\/colegio-sao-francisco\/\"},{\"@type\":\"ListItem\",\"position\":2,\"name\":\"Hospital M\u00e1rcio Cunha promove a\u00e7\u00f5es no shopping em comemora\u00e7\u00e3o ao Dia Mundial do Rim\"}]},{\"@type\":\"WebSite\",\"@id\":\"https:\/\/www.fsfx.com.br\/colegio-sao-francisco\/#website\",\"url\":\"https:\/\/www.fsfx.com.br\/colegio-sao-francisco\/\",\"name\":\"Col\u00e9gio S\u00e3o Francisco Xavier\",\"description\":\"\",\"publisher\":{\"@id\":\"https:\/\/www.fsfx.com.br\/colegio-sao-francisco\/#organization\"},\"potentialAction\":[{\"@type\":\"SearchAction\",\"target\":{\"@type\":\"EntryPoint\",\"urlTemplate\":\"https:\/\/www.fsfx.com.br\/colegio-sao-francisco\/?s={search_term_string}\"},\"query-input\":{\"@type\":\"PropertyValueSpecification\",\"valueRequired\":true,\"valueName\":\"search_term_string\"}}],\"inLanguage\":\"pt-BR\"},{\"@type\":\"Organization\",\"@id\":\"https:\/\/www.fsfx.com.br\/colegio-sao-francisco\/#organization\",\"name\":\"CSFX - Col\u00e9gio S\u00e3o Francisco Xavier\",\"url\":\"https:\/\/www.fsfx.com.br\/colegio-sao-francisco\/\",\"logo\":{\"@type\":\"ImageObject\",\"inLanguage\":\"pt-BR\",\"@id\":\"https:\/\/www.fsfx.com.br\/colegio-sao-francisco\/#\/schema\/logo\/image\/\",\"url\":\"https:\/\/www.fsfx.com.br\/colegio-sao-francisco\/wp-content\/uploads\/sites\/10\/2020\/02\/logo.png\",\"contentUrl\":\"https:\/\/www.fsfx.com.br\/colegio-sao-francisco\/wp-content\/uploads\/sites\/10\/2020\/02\/logo.png\",\"width\":175,\"height\":40,\"caption\":\"CSFX - Col\u00e9gio S\u00e3o Francisco Xavier\"},\"image\":{\"@id\":\"https:\/\/www.fsfx.com.br\/colegio-sao-francisco\/#\/schema\/logo\/image\/\"}},{\"@type\":\"Person\",\"@id\":\"https:\/\/www.fsfx.com.br\/colegio-sao-francisco\/#\/schema\/person\/7d2372fe1973398ab20a060bbb9a87d8\",\"name\":\"claudio\",\"image\":{\"@type\":\"ImageObject\",\"inLanguage\":\"pt-BR\",\"@id\":\"https:\/\/www.fsfx.com.br\/colegio-sao-francisco\/#\/schema\/person\/image\/\",\"url\":\"https:\/\/secure.gravatar.com\/avatar\/724caacf0f2f073275cb3689c577e73e87e40150b1ffd648a67445e75aa7ff03?s=96&d=mm&r=g\",\"contentUrl\":\"https:\/\/secure.gravatar.com\/avatar\/724caacf0f2f073275cb3689c577e73e87e40150b1ffd648a67445e75aa7ff03?s=96&d=mm&r=g\",\"caption\":\"claudio\"},\"url\":\"https:\/\/www.fsfx.com.br\/colegio-sao-francisco\/author\/claudio\/\"}]}<\/script>\n<!-- \/ Yoast SEO plugin. -->","yoast_head_json":{"title":"Hospital M\u00e1rcio Cunha promove a\u00e7\u00f5es no shopping em comemora\u00e7\u00e3o ao Dia Mundial do Rim - Col\u00e9gio S\u00e3o Francisco Xavier","robots":{"index":"index","follow":"follow","max-snippet":"max-snippet:-1","max-image-preview":"max-image-preview:large","max-video-preview":"max-video-preview:-1"},"canonical":"https:\/\/www.fsfx.com.br\/colegio-sao-francisco\/hospital-marcio-cunha-promove-acoes-no-shopping-em-comemoracao-ao-dia-mundial-do-rim\/","og_locale":"pt_BR","og_type":"article","og_title":"Hospital M\u00e1rcio Cunha promove a\u00e7\u00f5es no shopping em comemora\u00e7\u00e3o ao Dia Mundial do Rim - Col\u00e9gio S\u00e3o Francisco Xavier","og_description":"O azul e o vermelho s\u00e3o as novas cores que iluminam uma das fachadas do Hospital M\u00e1rcio Cunha e de outros grandes monumentos do pa\u00eds e do mundo neste m\u00eas mar\u00e7o, como s\u00edmbolo da campanha em comemora\u00e7\u00e3o ao Dia Mundial do Rim. Celebrado no dia 09 de mar\u00e7o, a data visa conscientizar a popula\u00e7\u00e3o sobre [&hellip;]","og_url":"https:\/\/www.fsfx.com.br\/colegio-sao-francisco\/hospital-marcio-cunha-promove-acoes-no-shopping-em-comemoracao-ao-dia-mundial-do-rim\/","og_site_name":"Col\u00e9gio S\u00e3o Francisco Xavier","article_published_time":"2020-05-14T21:14:45+00:00","og_image":[{"url":"http:\/\/www.fsfx.com.br\/hospital-marcio-cunha\/wp-content\/uploads\/sites\/6\/2017\/03\/PS-EN-1-300x200.jpg","type":"","width":"","height":""}],"author":"claudio","twitter_card":"summary_large_image","twitter_misc":{"Escrito por":"claudio","Est. tempo de leitura":"2 minutos"},"schema":{"@context":"https:\/\/schema.org","@graph":[{"@type":"Article","@id":"https:\/\/www.fsfx.com.br\/colegio-sao-francisco\/hospital-marcio-cunha-promove-acoes-no-shopping-em-comemoracao-ao-dia-mundial-do-rim\/#article","isPartOf":{"@id":"https:\/\/www.fsfx.com.br\/colegio-sao-francisco\/hospital-marcio-cunha-promove-acoes-no-shopping-em-comemoracao-ao-dia-mundial-do-rim\/"},"author":{"name":"claudio","@id":"https:\/\/www.fsfx.com.br\/colegio-sao-francisco\/#\/schema\/person\/7d2372fe1973398ab20a060bbb9a87d8"},"headline":"Hospital M\u00e1rcio Cunha promove a\u00e7\u00f5es no shopping em comemora\u00e7\u00e3o ao Dia Mundial do Rim","datePublished":"2020-05-14T21:14:45+00:00","mainEntityOfPage":{"@id":"https:\/\/www.fsfx.com.br\/colegio-sao-francisco\/hospital-marcio-cunha-promove-acoes-no-shopping-em-comemoracao-ao-dia-mundial-do-rim\/"},"wordCount":475,"commentCount":0,"publisher":{"@id":"https:\/\/www.fsfx.com.br\/colegio-sao-francisco\/#organization"},"image":{"@id":"https:\/\/www.fsfx.com.br\/colegio-sao-francisco\/hospital-marcio-cunha-promove-acoes-no-shopping-em-comemoracao-ao-dia-mundial-do-rim\/#primaryimage"},"thumbnailUrl":"http:\/\/www.fsfx.com.br\/hospital-marcio-cunha\/wp-content\/uploads\/sites\/6\/2017\/03\/PS-EN-1-300x200.jpg","inLanguage":"pt-BR","potentialAction":[{"@type":"CommentAction","name":"Comment","target":["https:\/\/www.fsfx.com.br\/colegio-sao-francisco\/hospital-marcio-cunha-promove-acoes-no-shopping-em-comemoracao-ao-dia-mundial-do-rim\/#respond"]}]},{"@type":"WebPage","@id":"https:\/\/www.fsfx.com.br\/colegio-sao-francisco\/hospital-marcio-cunha-promove-acoes-no-shopping-em-comemoracao-ao-dia-mundial-do-rim\/","url":"https:\/\/www.fsfx.com.br\/colegio-sao-francisco\/hospital-marcio-cunha-promove-acoes-no-shopping-em-comemoracao-ao-dia-mundial-do-rim\/","name":"Hospital M\u00e1rcio Cunha promove a\u00e7\u00f5es no shopping em comemora\u00e7\u00e3o ao Dia Mundial do Rim - Col\u00e9gio S\u00e3o Francisco Xavier","isPartOf":{"@id":"https:\/\/www.fsfx.com.br\/colegio-sao-francisco\/#website"},"primaryImageOfPage":{"@id":"https:\/\/www.fsfx.com.br\/colegio-sao-francisco\/hospital-marcio-cunha-promove-acoes-no-shopping-em-comemoracao-ao-dia-mundial-do-rim\/#primaryimage"},"image":{"@id":"https:\/\/www.fsfx.com.br\/colegio-sao-francisco\/hospital-marcio-cunha-promove-acoes-no-shopping-em-comemoracao-ao-dia-mundial-do-rim\/#primaryimage"},"thumbnailUrl":"http:\/\/www.fsfx.com.br\/hospital-marcio-cunha\/wp-content\/uploads\/sites\/6\/2017\/03\/PS-EN-1-300x200.jpg","datePublished":"2020-05-14T21:14:45+00:00","breadcrumb":{"@id":"https:\/\/www.fsfx.com.br\/colegio-sao-francisco\/hospital-marcio-cunha-promove-acoes-no-shopping-em-comemoracao-ao-dia-mundial-do-rim\/#breadcrumb"},"inLanguage":"pt-BR","potentialAction":[{"@type":"ReadAction","target":["https:\/\/www.fsfx.com.br\/colegio-sao-francisco\/hospital-marcio-cunha-promove-acoes-no-shopping-em-comemoracao-ao-dia-mundial-do-rim\/"]}]},{"@type":"ImageObject","inLanguage":"pt-BR","@id":"https:\/\/www.fsfx.com.br\/colegio-sao-francisco\/hospital-marcio-cunha-promove-acoes-no-shopping-em-comemoracao-ao-dia-mundial-do-rim\/#primaryimage","url":"http:\/\/www.fsfx.com.br\/hospital-marcio-cunha\/wp-content\/uploads\/sites\/6\/2017\/03\/PS-EN-1-300x200.jpg","contentUrl":"http:\/\/www.fsfx.com.br\/hospital-marcio-cunha\/wp-content\/uploads\/sites\/6\/2017\/03\/PS-EN-1-300x200.jpg"},{"@type":"BreadcrumbList","@id":"https:\/\/www.fsfx.com.br\/colegio-sao-francisco\/hospital-marcio-cunha-promove-acoes-no-shopping-em-comemoracao-ao-dia-mundial-do-rim\/#breadcrumb","itemListElement":[{"@type":"ListItem","position":1,"name":"In\u00edcio","item":"https:\/\/www.fsfx.com.br\/colegio-sao-francisco\/"},{"@type":"ListItem","position":2,"name":"Hospital M\u00e1rcio Cunha promove a\u00e7\u00f5es no shopping em comemora\u00e7\u00e3o ao Dia Mundial do Rim"}]},{"@type":"WebSite","@id":"https:\/\/www.fsfx.com.br\/colegio-sao-francisco\/#website","url":"https:\/\/www.fsfx.com.br\/colegio-sao-francisco\/","name":"Col\u00e9gio S\u00e3o Francisco Xavier","description":"","publisher":{"@id":"https:\/\/www.fsfx.com.br\/colegio-sao-francisco\/#organization"},"potentialAction":[{"@type":"SearchAction","target":{"@type":"EntryPoint","urlTemplate":"https:\/\/www.fsfx.com.br\/colegio-sao-francisco\/?s={search_term_string}"},"query-input":{"@type":"PropertyValueSpecification","valueRequired":true,"valueName":"search_term_string"}}],"inLanguage":"pt-BR"},{"@type":"Organization","@id":"https:\/\/www.fsfx.com.br\/colegio-sao-francisco\/#organization","name":"CSFX - Col\u00e9gio S\u00e3o Francisco Xavier","url":"https:\/\/www.fsfx.com.br\/colegio-sao-francisco\/","logo":{"@type":"ImageObject","inLanguage":"pt-BR","@id":"https:\/\/www.fsfx.com.br\/colegio-sao-francisco\/#\/schema\/logo\/image\/","url":"https:\/\/www.fsfx.com.br\/colegio-sao-francisco\/wp-content\/uploads\/sites\/10\/2020\/02\/logo.png","contentUrl":"https:\/\/www.fsfx.com.br\/colegio-sao-francisco\/wp-content\/uploads\/sites\/10\/2020\/02\/logo.png","width":175,"height":40,"caption":"CSFX - Col\u00e9gio S\u00e3o Francisco Xavier"},"image":{"@id":"https:\/\/www.fsfx.com.br\/colegio-sao-francisco\/#\/schema\/logo\/image\/"}},{"@type":"Person","@id":"https:\/\/www.fsfx.com.br\/colegio-sao-francisco\/#\/schema\/person\/7d2372fe1973398ab20a060bbb9a87d8","name":"claudio","image":{"@type":"ImageObject","inLanguage":"pt-BR","@id":"https:\/\/www.fsfx.com.br\/colegio-sao-francisco\/#\/schema\/person\/image\/","url":"https:\/\/secure.gravatar.com\/avatar\/724caacf0f2f073275cb3689c577e73e87e40150b1ffd648a67445e75aa7ff03?s=96&d=mm&r=g","contentUrl":"https:\/\/secure.gravatar.com\/avatar\/724caacf0f2f073275cb3689c577e73e87e40150b1ffd648a67445e75aa7ff03?s=96&d=mm&r=g","caption":"claudio"},"url":"https:\/\/www.fsfx.com.br\/colegio-sao-francisco\/author\/claudio\/"}]}},"_links":{"self":[{"href":"https:\/\/www.fsfx.com.br\/colegio-sao-francisco\/wp-json\/wp\/v2\/posts\/6836","targetHints":{"allow":["GET"]}}],"collection":[{"href":"https:\/\/www.fsfx.com.br\/colegio-sao-francisco\/wp-json\/wp\/v2\/posts"}],"about":[{"href":"https:\/\/www.fsfx.com.br\/colegio-sao-francisco\/wp-json\/wp\/v2\/types\/post"}],"author":[{"embeddable":true,"href":"https:\/\/www.fsfx.com.br\/colegio-sao-francisco\/wp-json\/wp\/v2\/users\/2"}],"replies":[{"embeddable":true,"href":"https:\/\/www.fsfx.com.br\/colegio-sao-francisco\/wp-json\/wp\/v2\/comments?post=6836"}],"version-history":[{"count":0,"href":"https:\/\/www.fsfx.com.br\/colegio-sao-francisco\/wp-json\/wp\/v2\/posts\/6836\/revisions"}],"wp:attachment":[{"href":"https:\/\/www.fsfx.com.br\/colegio-sao-francisco\/wp-json\/wp\/v2\/media?parent=6836"}],"wp:term":[{"taxonomy":"category","embeddable":true,"href":"https:\/\/www.fsfx.com.br\/colegio-sao-francisco\/wp-json\/wp\/v2\/categories?post=6836"},{"taxonomy":"post_tag","embeddable":true,"href":"https:\/\/www.fsfx.com.br\/colegio-sao-francisco\/wp-json\/wp\/v2\/tags?post=6836"}],"curies":[{"name":"wp","href":"https:\/\/api.w.org\/{rel}","templated":true}]}}