{"id":6840,"date":"2020-05-14T18:15:59","date_gmt":"2020-05-14T21:15:59","guid":{"rendered":"http:\/\/fsfx.com.br\/\/csfx\/2020\/05\/14\/hmc-convoca-doadores-de-sangue-para-reforcar-estoques\/"},"modified":"2020-05-14T18:15:59","modified_gmt":"2020-05-14T21:15:59","slug":"hmc-convoca-doadores-de-sangue-para-reforcar-estoques","status":"publish","type":"post","link":"https:\/\/www.fsfx.com.br\/colegio-sao-francisco\/hmc-convoca-doadores-de-sangue-para-reforcar-estoques\/","title":{"rendered":"HMC convoca doadores de sangue para refor\u00e7ar estoques"},"content":{"rendered":"<p>O sucesso do tratamento dos casos de pacientes internados com Febre Amarela no Hospital M\u00e1rcio Cunha est\u00e1 relacionado, entre outros fatores, \u00e0 solidariedade. Para o paciente no est\u00e1gio mais grave da doen\u00e7a, a necessidade de transfus\u00f5es de sangue e hemocomponentes doados por doadores volunt\u00e1rios no setor de Hemoterapia \u00e9 fundamental na luta contra a doen\u00e7a. O problema \u00e9 que, quando o n\u00famero de doadores de sangue cai, a esperan\u00e7a de recupera\u00e7\u00e3o dessas pessoas tamb\u00e9m acaba diminuindo.<\/p>\n<p>\u0093Al\u00e9m do grande consumo desses materiais nos \u00faltimos dias, devido ao aumento de casos de pacientes graves internados, outro fator que tem impactado \u00e9 a grande imuniza\u00e7\u00e3o da popula\u00e7\u00e3o de uma s\u00f3 vez, com a vacina contra Febre Amarela. Afinal, quem toma a vacina deve esperar por 28 dias antes de voltar a doar sangue. Uma seguran\u00e7a importante e necess\u00e1ria, pois a vacina\u00e7\u00e3o com o v\u00edrus atenuado causa uma viremia no sangue do doador, impedindo que ele seja usado para fins transfusionais\u0094, explica o m\u00e9dico hematologista e respons\u00e1vel t\u00e9cnico Marcos Aur\u00e9lio Mergh Murer.<\/p>\n<p>Para melhor compreender a gravidade desse cen\u00e1rio, o recomend\u00e1vel para o setor de Hemoterapia do Hospital M\u00e1rcio Cunha \u00e9 que se tenha, no m\u00ednimo, 130 bolsas de sangue como estoque de seguran\u00e7a. Contudo, hoje, esse n\u00famero \u00e9 de apenas 30 bolsas. \u0093Com o estoque do hospital vulner\u00e1vel, h\u00e1 o risco de desabastecimento, principalmente de plasma fresco congelado e crioprecipitado, componentes do sangue essenciais para pacientes que possuem alguma doen\u00e7a que dificulta a coagula\u00e7\u00e3o, como os pacientes com Febre Amarela. Para se ter ideia, um \u00fanico paciente grave com Febre Amarela pode exigir de 4 a 12 bolsas de plasma. Por isso precisamos muito da ajuda de doadores de todos os tipos sangu\u00edneos, em especial os tipos A, B e AB\u0094, completa Marcos Aur\u00e9lio.<\/p>\n<p>Vale lembrar que o material doado ajuda tamb\u00e9m a salvar a vida de pacientes internados com outras enfermidades, pacientes que necessitam de transfus\u00f5es em cirurgias, pacientes oncol\u00f3gicos ou at\u00e9 mesmo, \u00e0queles que s\u00e3o acolhidos em uma emerg\u00eancia ao chegarem ao Pronto-Socorro do Hospital M\u00e1rcio Cunha todos os dias.<\/p>\n<p>Se voc\u00ea j\u00e1 \u00e9 um doador ou deseja tornar-se um, independente do seu tipo sangu\u00edneo, ajude a quem precisa. Basta comparecer ao setor de Hemoterapia da Unidade I do Hospital M\u00e1rcio Cunha (no bairro das \u00c1guas), para fazer a sua doa\u00e7\u00e3o, que \u00e9 r\u00e1pida e segura. O setor funciona de segunda \u00e0 sexta-feira, das 7h \u00e0s 11h e das 15h \u00e0s 18h. O agendamento poder\u00e1 ser realizado pessoalmente ou pelo telefone 3829-9600 e no momento da doa\u00e7\u00e3o ser\u00e1 necess\u00e1rio levar um documento oficial com foto e assinatura.<\/p>\n<p><strong>Para doar sangue<\/strong><\/p>\n<p>Ao entrar na Recep\u00e7\u00e3o Principal da Unidade I do HMC, o doador pode se dirigir ao atendimento no guich\u00ea 16 \u0096 Doa\u00e7\u00e3o de Sangue, localizado \u00e0 esquerda de quem entra. Feito o cadastro, o doador recebe uma etiqueta de identifica\u00e7\u00e3o e se dirige ao servi\u00e7o de Hemoterapia (acesso pela recep\u00e7\u00e3o de visitas aos apartamentos).<\/p>\n<p>Segundo as recomenda\u00e7\u00f5es do Minist\u00e9rio da Sa\u00fade e da Anvisa, s\u00e3o crit\u00e9rios para doa\u00e7\u00e3o: estar em boas condi\u00e7\u00f5es de sa\u00fade, ter entre 18 e 69 anos ou idade de 16 a 17 anos com o consentimento formal dos respons\u00e1veis legais, pesar mais de 52 kg e ter comportamento sexual seguro. Doar sangue \u00e9 um gesto de solidariedade e ajuda a salvar vidas. Participe ou incentive um amigo a realizar esta pr\u00e1tica.<\/p>\n<p>&nbsp;<\/p>\n","protected":false},"excerpt":{"rendered":"<p>O sucesso do tratamento dos casos de pacientes internados com Febre Amarela no Hospital M\u00e1rcio Cunha est\u00e1 relacionado, entre outros fatores, \u00e0 solidariedade. Para o paciente no est\u00e1gio mais grave da doen\u00e7a, a necessidade de transfus\u00f5es de sangue e hemocomponentes doados por doadores volunt\u00e1rios no setor de Hemoterapia \u00e9 fundamental na luta contra a doen\u00e7a. [&hellip;]<\/p>\n","protected":false},"author":2,"featured_media":0,"comment_status":"open","ping_status":"open","sticky":false,"template":"","format":"standard","meta":{"_acf_changed":false,"site-sidebar-layout":"default","site-content-layout":"","ast-site-content-layout":"default","site-content-style":"default","site-sidebar-style":"default","ast-global-header-display":"","ast-banner-title-visibility":"","ast-main-header-display":"","ast-hfb-above-header-display":"","ast-hfb-below-header-display":"","ast-hfb-mobile-header-display":"","site-post-title":"","ast-breadcrumbs-content":"","ast-featured-img":"","footer-sml-layout":"","theme-transparent-header-meta":"","adv-header-id-meta":"","stick-header-meta":"","header-above-stick-meta":"","header-main-stick-meta":"","header-below-stick-meta":"","astra-migrate-meta-layouts":"default","ast-page-background-enabled":"default","ast-page-background-meta":{"desktop":{"background-color":"var(--ast-global-color-4)","background-image":"","background-repeat":"repeat","background-position":"center center","background-size":"auto","background-attachment":"scroll","background-type":"","background-media":"","overlay-type":"","overlay-color":"","overlay-opacity":"","overlay-gradient":""},"tablet":{"background-color":"","background-image":"","background-repeat":"repeat","background-position":"center center","background-size":"auto","background-attachment":"scroll","background-type":"","background-media":"","overlay-type":"","overlay-color":"","overlay-opacity":"","overlay-gradient":""},"mobile":{"background-color":"","background-image":"","background-repeat":"repeat","background-position":"center center","background-size":"auto","background-attachment":"scroll","background-type":"","background-media":"","overlay-type":"","overlay-color":"","overlay-opacity":"","overlay-gradient":""}},"ast-content-background-meta":{"desktop":{"background-color":"var(--ast-global-color-5)","background-image":"","background-repeat":"repeat","background-position":"center center","background-size":"auto","background-attachment":"scroll","background-type":"","background-media":"","overlay-type":"","overlay-color":"","overlay-opacity":"","overlay-gradient":""},"tablet":{"background-color":"var(--ast-global-color-5)","background-image":"","background-repeat":"repeat","background-position":"center center","background-size":"auto","background-attachment":"scroll","background-type":"","background-media":"","overlay-type":"","overlay-color":"","overlay-opacity":"","overlay-gradient":""},"mobile":{"background-color":"var(--ast-global-color-5)","background-image":"","background-repeat":"repeat","background-position":"center center","background-size":"auto","background-attachment":"scroll","background-type":"","background-media":"","overlay-type":"","overlay-color":"","overlay-opacity":"","overlay-gradient":""}},"footnotes":""},"categories":[1],"tags":[],"class_list":["post-6840","post","type-post","status-publish","format-standard","hentry","category-sem-categoria"],"acf":[],"yoast_head":"<!-- This site is optimized with the Yoast SEO plugin v26.9 - https:\/\/yoast.com\/product\/yoast-seo-wordpress\/ -->\n<title>HMC convoca doadores de sangue para refor\u00e7ar estoques - Col\u00e9gio S\u00e3o Francisco Xavier<\/title>\n<meta name=\"robots\" content=\"index, follow, max-snippet:-1, max-image-preview:large, max-video-preview:-1\" \/>\n<link rel=\"canonical\" href=\"https:\/\/www.fsfx.com.br\/colegio-sao-francisco\/hmc-convoca-doadores-de-sangue-para-reforcar-estoques\/\" \/>\n<meta property=\"og:locale\" content=\"pt_BR\" \/>\n<meta property=\"og:type\" content=\"article\" \/>\n<meta property=\"og:title\" content=\"HMC convoca doadores de sangue para refor\u00e7ar estoques - Col\u00e9gio S\u00e3o Francisco Xavier\" \/>\n<meta property=\"og:description\" content=\"O sucesso do tratamento dos casos de pacientes internados com Febre Amarela no Hospital M\u00e1rcio Cunha est\u00e1 relacionado, entre outros fatores, \u00e0 solidariedade. Para o paciente no est\u00e1gio mais grave da doen\u00e7a, a necessidade de transfus\u00f5es de sangue e hemocomponentes doados por doadores volunt\u00e1rios no setor de Hemoterapia \u00e9 fundamental na luta contra a doen\u00e7a. [&hellip;]\" \/>\n<meta property=\"og:url\" content=\"https:\/\/www.fsfx.com.br\/colegio-sao-francisco\/hmc-convoca-doadores-de-sangue-para-reforcar-estoques\/\" \/>\n<meta property=\"og:site_name\" content=\"Col\u00e9gio S\u00e3o Francisco Xavier\" \/>\n<meta property=\"article:published_time\" content=\"2020-05-14T21:15:59+00:00\" \/>\n<meta name=\"author\" content=\"claudio\" \/>\n<meta name=\"twitter:card\" content=\"summary_large_image\" \/>\n<meta name=\"twitter:label1\" content=\"Escrito por\" \/>\n\t<meta name=\"twitter:data1\" content=\"claudio\" \/>\n\t<meta name=\"twitter:label2\" content=\"Est. tempo de leitura\" \/>\n\t<meta name=\"twitter:data2\" content=\"3 minutos\" \/>\n<script type=\"application\/ld+json\" class=\"yoast-schema-graph\">{\"@context\":\"https:\/\/schema.org\",\"@graph\":[{\"@type\":\"Article\",\"@id\":\"https:\/\/www.fsfx.com.br\/colegio-sao-francisco\/hmc-convoca-doadores-de-sangue-para-reforcar-estoques\/#article\",\"isPartOf\":{\"@id\":\"https:\/\/www.fsfx.com.br\/colegio-sao-francisco\/hmc-convoca-doadores-de-sangue-para-reforcar-estoques\/\"},\"author\":{\"name\":\"claudio\",\"@id\":\"https:\/\/www.fsfx.com.br\/colegio-sao-francisco\/#\/schema\/person\/7d2372fe1973398ab20a060bbb9a87d8\"},\"headline\":\"HMC convoca doadores de sangue para refor\u00e7ar estoques\",\"datePublished\":\"2020-05-14T21:15:59+00:00\",\"mainEntityOfPage\":{\"@id\":\"https:\/\/www.fsfx.com.br\/colegio-sao-francisco\/hmc-convoca-doadores-de-sangue-para-reforcar-estoques\/\"},\"wordCount\":601,\"commentCount\":0,\"publisher\":{\"@id\":\"https:\/\/www.fsfx.com.br\/colegio-sao-francisco\/#organization\"},\"inLanguage\":\"pt-BR\",\"potentialAction\":[{\"@type\":\"CommentAction\",\"name\":\"Comment\",\"target\":[\"https:\/\/www.fsfx.com.br\/colegio-sao-francisco\/hmc-convoca-doadores-de-sangue-para-reforcar-estoques\/#respond\"]}]},{\"@type\":\"WebPage\",\"@id\":\"https:\/\/www.fsfx.com.br\/colegio-sao-francisco\/hmc-convoca-doadores-de-sangue-para-reforcar-estoques\/\",\"url\":\"https:\/\/www.fsfx.com.br\/colegio-sao-francisco\/hmc-convoca-doadores-de-sangue-para-reforcar-estoques\/\",\"name\":\"HMC convoca doadores de sangue para refor\u00e7ar estoques - Col\u00e9gio S\u00e3o Francisco Xavier\",\"isPartOf\":{\"@id\":\"https:\/\/www.fsfx.com.br\/colegio-sao-francisco\/#website\"},\"datePublished\":\"2020-05-14T21:15:59+00:00\",\"breadcrumb\":{\"@id\":\"https:\/\/www.fsfx.com.br\/colegio-sao-francisco\/hmc-convoca-doadores-de-sangue-para-reforcar-estoques\/#breadcrumb\"},\"inLanguage\":\"pt-BR\",\"potentialAction\":[{\"@type\":\"ReadAction\",\"target\":[\"https:\/\/www.fsfx.com.br\/colegio-sao-francisco\/hmc-convoca-doadores-de-sangue-para-reforcar-estoques\/\"]}]},{\"@type\":\"BreadcrumbList\",\"@id\":\"https:\/\/www.fsfx.com.br\/colegio-sao-francisco\/hmc-convoca-doadores-de-sangue-para-reforcar-estoques\/#breadcrumb\",\"itemListElement\":[{\"@type\":\"ListItem\",\"position\":1,\"name\":\"In\u00edcio\",\"item\":\"https:\/\/www.fsfx.com.br\/colegio-sao-francisco\/\"},{\"@type\":\"ListItem\",\"position\":2,\"name\":\"HMC convoca doadores de sangue para refor\u00e7ar estoques\"}]},{\"@type\":\"WebSite\",\"@id\":\"https:\/\/www.fsfx.com.br\/colegio-sao-francisco\/#website\",\"url\":\"https:\/\/www.fsfx.com.br\/colegio-sao-francisco\/\",\"name\":\"Col\u00e9gio S\u00e3o Francisco Xavier\",\"description\":\"\",\"publisher\":{\"@id\":\"https:\/\/www.fsfx.com.br\/colegio-sao-francisco\/#organization\"},\"potentialAction\":[{\"@type\":\"SearchAction\",\"target\":{\"@type\":\"EntryPoint\",\"urlTemplate\":\"https:\/\/www.fsfx.com.br\/colegio-sao-francisco\/?s={search_term_string}\"},\"query-input\":{\"@type\":\"PropertyValueSpecification\",\"valueRequired\":true,\"valueName\":\"search_term_string\"}}],\"inLanguage\":\"pt-BR\"},{\"@type\":\"Organization\",\"@id\":\"https:\/\/www.fsfx.com.br\/colegio-sao-francisco\/#organization\",\"name\":\"CSFX - Col\u00e9gio S\u00e3o Francisco Xavier\",\"url\":\"https:\/\/www.fsfx.com.br\/colegio-sao-francisco\/\",\"logo\":{\"@type\":\"ImageObject\",\"inLanguage\":\"pt-BR\",\"@id\":\"https:\/\/www.fsfx.com.br\/colegio-sao-francisco\/#\/schema\/logo\/image\/\",\"url\":\"https:\/\/www.fsfx.com.br\/colegio-sao-francisco\/wp-content\/uploads\/sites\/10\/2020\/02\/logo.png\",\"contentUrl\":\"https:\/\/www.fsfx.com.br\/colegio-sao-francisco\/wp-content\/uploads\/sites\/10\/2020\/02\/logo.png\",\"width\":175,\"height\":40,\"caption\":\"CSFX - Col\u00e9gio S\u00e3o Francisco Xavier\"},\"image\":{\"@id\":\"https:\/\/www.fsfx.com.br\/colegio-sao-francisco\/#\/schema\/logo\/image\/\"}},{\"@type\":\"Person\",\"@id\":\"https:\/\/www.fsfx.com.br\/colegio-sao-francisco\/#\/schema\/person\/7d2372fe1973398ab20a060bbb9a87d8\",\"name\":\"claudio\",\"image\":{\"@type\":\"ImageObject\",\"inLanguage\":\"pt-BR\",\"@id\":\"https:\/\/www.fsfx.com.br\/colegio-sao-francisco\/#\/schema\/person\/image\/\",\"url\":\"https:\/\/secure.gravatar.com\/avatar\/724caacf0f2f073275cb3689c577e73e87e40150b1ffd648a67445e75aa7ff03?s=96&d=mm&r=g\",\"contentUrl\":\"https:\/\/secure.gravatar.com\/avatar\/724caacf0f2f073275cb3689c577e73e87e40150b1ffd648a67445e75aa7ff03?s=96&d=mm&r=g\",\"caption\":\"claudio\"},\"url\":\"https:\/\/www.fsfx.com.br\/colegio-sao-francisco\/author\/claudio\/\"}]}<\/script>\n<!-- \/ Yoast SEO plugin. -->","yoast_head_json":{"title":"HMC convoca doadores de sangue para refor\u00e7ar estoques - Col\u00e9gio S\u00e3o Francisco Xavier","robots":{"index":"index","follow":"follow","max-snippet":"max-snippet:-1","max-image-preview":"max-image-preview:large","max-video-preview":"max-video-preview:-1"},"canonical":"https:\/\/www.fsfx.com.br\/colegio-sao-francisco\/hmc-convoca-doadores-de-sangue-para-reforcar-estoques\/","og_locale":"pt_BR","og_type":"article","og_title":"HMC convoca doadores de sangue para refor\u00e7ar estoques - Col\u00e9gio S\u00e3o Francisco Xavier","og_description":"O sucesso do tratamento dos casos de pacientes internados com Febre Amarela no Hospital M\u00e1rcio Cunha est\u00e1 relacionado, entre outros fatores, \u00e0 solidariedade. Para o paciente no est\u00e1gio mais grave da doen\u00e7a, a necessidade de transfus\u00f5es de sangue e hemocomponentes doados por doadores volunt\u00e1rios no setor de Hemoterapia \u00e9 fundamental na luta contra a doen\u00e7a. [&hellip;]","og_url":"https:\/\/www.fsfx.com.br\/colegio-sao-francisco\/hmc-convoca-doadores-de-sangue-para-reforcar-estoques\/","og_site_name":"Col\u00e9gio S\u00e3o Francisco Xavier","article_published_time":"2020-05-14T21:15:59+00:00","author":"claudio","twitter_card":"summary_large_image","twitter_misc":{"Escrito por":"claudio","Est. tempo de leitura":"3 minutos"},"schema":{"@context":"https:\/\/schema.org","@graph":[{"@type":"Article","@id":"https:\/\/www.fsfx.com.br\/colegio-sao-francisco\/hmc-convoca-doadores-de-sangue-para-reforcar-estoques\/#article","isPartOf":{"@id":"https:\/\/www.fsfx.com.br\/colegio-sao-francisco\/hmc-convoca-doadores-de-sangue-para-reforcar-estoques\/"},"author":{"name":"claudio","@id":"https:\/\/www.fsfx.com.br\/colegio-sao-francisco\/#\/schema\/person\/7d2372fe1973398ab20a060bbb9a87d8"},"headline":"HMC convoca doadores de sangue para refor\u00e7ar estoques","datePublished":"2020-05-14T21:15:59+00:00","mainEntityOfPage":{"@id":"https:\/\/www.fsfx.com.br\/colegio-sao-francisco\/hmc-convoca-doadores-de-sangue-para-reforcar-estoques\/"},"wordCount":601,"commentCount":0,"publisher":{"@id":"https:\/\/www.fsfx.com.br\/colegio-sao-francisco\/#organization"},"inLanguage":"pt-BR","potentialAction":[{"@type":"CommentAction","name":"Comment","target":["https:\/\/www.fsfx.com.br\/colegio-sao-francisco\/hmc-convoca-doadores-de-sangue-para-reforcar-estoques\/#respond"]}]},{"@type":"WebPage","@id":"https:\/\/www.fsfx.com.br\/colegio-sao-francisco\/hmc-convoca-doadores-de-sangue-para-reforcar-estoques\/","url":"https:\/\/www.fsfx.com.br\/colegio-sao-francisco\/hmc-convoca-doadores-de-sangue-para-reforcar-estoques\/","name":"HMC convoca doadores de sangue para refor\u00e7ar estoques - Col\u00e9gio S\u00e3o Francisco Xavier","isPartOf":{"@id":"https:\/\/www.fsfx.com.br\/colegio-sao-francisco\/#website"},"datePublished":"2020-05-14T21:15:59+00:00","breadcrumb":{"@id":"https:\/\/www.fsfx.com.br\/colegio-sao-francisco\/hmc-convoca-doadores-de-sangue-para-reforcar-estoques\/#breadcrumb"},"inLanguage":"pt-BR","potentialAction":[{"@type":"ReadAction","target":["https:\/\/www.fsfx.com.br\/colegio-sao-francisco\/hmc-convoca-doadores-de-sangue-para-reforcar-estoques\/"]}]},{"@type":"BreadcrumbList","@id":"https:\/\/www.fsfx.com.br\/colegio-sao-francisco\/hmc-convoca-doadores-de-sangue-para-reforcar-estoques\/#breadcrumb","itemListElement":[{"@type":"ListItem","position":1,"name":"In\u00edcio","item":"https:\/\/www.fsfx.com.br\/colegio-sao-francisco\/"},{"@type":"ListItem","position":2,"name":"HMC convoca doadores de sangue para refor\u00e7ar estoques"}]},{"@type":"WebSite","@id":"https:\/\/www.fsfx.com.br\/colegio-sao-francisco\/#website","url":"https:\/\/www.fsfx.com.br\/colegio-sao-francisco\/","name":"Col\u00e9gio S\u00e3o Francisco Xavier","description":"","publisher":{"@id":"https:\/\/www.fsfx.com.br\/colegio-sao-francisco\/#organization"},"potentialAction":[{"@type":"SearchAction","target":{"@type":"EntryPoint","urlTemplate":"https:\/\/www.fsfx.com.br\/colegio-sao-francisco\/?s={search_term_string}"},"query-input":{"@type":"PropertyValueSpecification","valueRequired":true,"valueName":"search_term_string"}}],"inLanguage":"pt-BR"},{"@type":"Organization","@id":"https:\/\/www.fsfx.com.br\/colegio-sao-francisco\/#organization","name":"CSFX - Col\u00e9gio S\u00e3o Francisco Xavier","url":"https:\/\/www.fsfx.com.br\/colegio-sao-francisco\/","logo":{"@type":"ImageObject","inLanguage":"pt-BR","@id":"https:\/\/www.fsfx.com.br\/colegio-sao-francisco\/#\/schema\/logo\/image\/","url":"https:\/\/www.fsfx.com.br\/colegio-sao-francisco\/wp-content\/uploads\/sites\/10\/2020\/02\/logo.png","contentUrl":"https:\/\/www.fsfx.com.br\/colegio-sao-francisco\/wp-content\/uploads\/sites\/10\/2020\/02\/logo.png","width":175,"height":40,"caption":"CSFX - Col\u00e9gio S\u00e3o Francisco Xavier"},"image":{"@id":"https:\/\/www.fsfx.com.br\/colegio-sao-francisco\/#\/schema\/logo\/image\/"}},{"@type":"Person","@id":"https:\/\/www.fsfx.com.br\/colegio-sao-francisco\/#\/schema\/person\/7d2372fe1973398ab20a060bbb9a87d8","name":"claudio","image":{"@type":"ImageObject","inLanguage":"pt-BR","@id":"https:\/\/www.fsfx.com.br\/colegio-sao-francisco\/#\/schema\/person\/image\/","url":"https:\/\/secure.gravatar.com\/avatar\/724caacf0f2f073275cb3689c577e73e87e40150b1ffd648a67445e75aa7ff03?s=96&d=mm&r=g","contentUrl":"https:\/\/secure.gravatar.com\/avatar\/724caacf0f2f073275cb3689c577e73e87e40150b1ffd648a67445e75aa7ff03?s=96&d=mm&r=g","caption":"claudio"},"url":"https:\/\/www.fsfx.com.br\/colegio-sao-francisco\/author\/claudio\/"}]}},"_links":{"self":[{"href":"https:\/\/www.fsfx.com.br\/colegio-sao-francisco\/wp-json\/wp\/v2\/posts\/6840","targetHints":{"allow":["GET"]}}],"collection":[{"href":"https:\/\/www.fsfx.com.br\/colegio-sao-francisco\/wp-json\/wp\/v2\/posts"}],"about":[{"href":"https:\/\/www.fsfx.com.br\/colegio-sao-francisco\/wp-json\/wp\/v2\/types\/post"}],"author":[{"embeddable":true,"href":"https:\/\/www.fsfx.com.br\/colegio-sao-francisco\/wp-json\/wp\/v2\/users\/2"}],"replies":[{"embeddable":true,"href":"https:\/\/www.fsfx.com.br\/colegio-sao-francisco\/wp-json\/wp\/v2\/comments?post=6840"}],"version-history":[{"count":0,"href":"https:\/\/www.fsfx.com.br\/colegio-sao-francisco\/wp-json\/wp\/v2\/posts\/6840\/revisions"}],"wp:attachment":[{"href":"https:\/\/www.fsfx.com.br\/colegio-sao-francisco\/wp-json\/wp\/v2\/media?parent=6840"}],"wp:term":[{"taxonomy":"category","embeddable":true,"href":"https:\/\/www.fsfx.com.br\/colegio-sao-francisco\/wp-json\/wp\/v2\/categories?post=6840"},{"taxonomy":"post_tag","embeddable":true,"href":"https:\/\/www.fsfx.com.br\/colegio-sao-francisco\/wp-json\/wp\/v2\/tags?post=6840"}],"curies":[{"name":"wp","href":"https:\/\/api.w.org\/{rel}","templated":true}]}}