{"id":6843,"date":"2020-05-14T18:16:04","date_gmt":"2020-05-14T21:16:04","guid":{"rendered":"http:\/\/fsfx.com.br\/\/csfx\/2020\/05\/14\/de-volta-pra-casa-e-com-saude\/"},"modified":"2020-05-14T18:16:04","modified_gmt":"2020-05-14T21:16:04","slug":"de-volta-pra-casa-e-com-saude","status":"publish","type":"post","link":"https:\/\/www.fsfx.com.br\/colegio-sao-francisco\/de-volta-pra-casa-e-com-saude\/","title":{"rendered":"De volta pra casa e com sa\u00fade"},"content":{"rendered":"<h3><em>Dois pacientes do Hospital M\u00e1rcio Cunha com quadro de Febre Amarela recebem alta<\/em><\/h3>\n<p>Em meio \u00e0 preocupa\u00e7\u00e3o com o surto de Febre Amarela em regi\u00f5es n\u00e3o muito distantes do Vale do A\u00e7o e a grande ansiedade da popula\u00e7\u00e3o provocada pela busca nos postos de sa\u00fade pela vacina, uma boa not\u00edcia. O Hospital M\u00e1rcio Cunha (HMC) registrou alta hospitalar para dois pacientes que estavam internados com todos os sintomas da doen\u00e7a. Al\u00e9m deles, outros pacientes (inclusive uma crian\u00e7a) j\u00e1 se encontram em planejamento de alta, de acordo com o plano terap\u00eautico bem sucedido.<\/p>\n<p>Moradores da comunidade rural Imb\u00e9 de Minas, os dois pacientes deram entrada na institui\u00e7\u00e3o no \u00faltimo domingo, transferido pelo Sistema \u00danico de Sa\u00fade (SUS) de um hospital de Caratinga. Em casos assim, de pacientes de regi\u00f5es end\u00eamicas, mesmo com sintomas de mal-estar e dores no corpo semelhantes ao da forma branda da Febre Amarela, o monitoramento do paciente internado no HMC \u00e9 constante, acompanhado com hidrata\u00e7\u00e3o atrav\u00e9s de soros e a realiza\u00e7\u00e3o de exames espec\u00edficos.<\/p>\n<p>\u0093Cerca de 80% das vezes, a doen\u00e7a regride e o organismo cura-se sozinho. Al\u00e9m de mal-estar e dores no corpo, n\u00e1useas, v\u00f4mitos e diarreia tamb\u00e9m podem ocorrer e em um per\u00edodo de 5 a 6 dias h\u00e1 uma melhora espont\u00e2nea. Por\u00e9m, em cerca 20% dos casos, o paciente evolui para as formas mais graves da doen\u00e7a. Os sintomas ficam mais graves e passam a comprometer v\u00e1rios \u00f3rg\u00e3os do organismo, levando os pacientes \u00e0 morte em metade desses casos\u0094, explica o Dr. Alo\u00edsio Bemvindo, m\u00e9dico infectologista do Hospital M\u00e1rcio Cunha.<\/p>\n<p>Em um dos pacientes, foi verificado ainda nos primeiros exames \u00edndices positivos para o v\u00edrus da dengue, que \u00e9 muito parecido com o da Febre Amarela. Somente os resultados dos exames sorol\u00f3gicos \u0096 de ambos os casos, que foram enviados para Belo Horizonte e analisados pela Funda\u00e7\u00e3o Ezequiel Dias, afirmar\u00e3o em alguns dias se os pacientes foram ou n\u00e3o contaminados pelo v\u00edrus da Febre Amarela.<\/p>\n<p>A Funda\u00e7\u00e3o S\u00e3o Francisco Xavier e o Hospital M\u00e1rcio Cunha est\u00e3o atentos ao crescimento do n\u00famero de casos e j\u00e1 tra\u00e7aram fluxos e protocolos espec\u00edficos para esses atendimentos, com equipes preparadas tanto para a forma branda da doen\u00e7a quanto para a forma mais grave.<\/p>\n<p>\u0093N\u00e3o existe tratamento para a elimina\u00e7\u00e3o da Febre Amarela, com rem\u00e9dios que matem o v\u00edrus. Por isso, esses pacientes s\u00e3o tratados aqui de maneira intensiva, com hidrata\u00e7\u00e3o atrav\u00e9s de soros. Nos casos suspeitos classificados como graves, com hemorragias, por exemplo, nossas equipes contam ainda com recursos avan\u00e7ados para serem aplicados, como realiza\u00e7\u00e3o de transfus\u00f5es de sangue, monitores de press\u00e3o, ventiladores mec\u00e2nicos para aux\u00edlio na respira\u00e7\u00e3o, alimenta\u00e7\u00e3o atrav\u00e9s de sondas, realiza\u00e7\u00e3o de hemodi\u00e1lise, entre outros\u0094, refor\u00e7a o Dr. Mauro Oscar Soares de Souza Lima, superintendente Geral de Hospital da Funda\u00e7\u00e3o S\u00e3o Francisco Xavier, bra\u00e7o social da Usiminas que administra o HMC.<\/p>\n<p>&nbsp;<\/p>\n","protected":false},"excerpt":{"rendered":"<p>Dois pacientes do Hospital M\u00e1rcio Cunha com quadro de Febre Amarela recebem alta Em meio \u00e0 preocupa\u00e7\u00e3o com o surto de Febre Amarela em regi\u00f5es n\u00e3o muito distantes do Vale do A\u00e7o e a grande ansiedade da popula\u00e7\u00e3o provocada pela busca nos postos de sa\u00fade pela vacina, uma boa not\u00edcia. O Hospital M\u00e1rcio Cunha (HMC) [&hellip;]<\/p>\n","protected":false},"author":2,"featured_media":0,"comment_status":"open","ping_status":"open","sticky":false,"template":"","format":"standard","meta":{"_acf_changed":false,"site-sidebar-layout":"default","site-content-layout":"","ast-site-content-layout":"default","site-content-style":"default","site-sidebar-style":"default","ast-global-header-display":"","ast-banner-title-visibility":"","ast-main-header-display":"","ast-hfb-above-header-display":"","ast-hfb-below-header-display":"","ast-hfb-mobile-header-display":"","site-post-title":"","ast-breadcrumbs-content":"","ast-featured-img":"","footer-sml-layout":"","theme-transparent-header-meta":"","adv-header-id-meta":"","stick-header-meta":"","header-above-stick-meta":"","header-main-stick-meta":"","header-below-stick-meta":"","astra-migrate-meta-layouts":"default","ast-page-background-enabled":"default","ast-page-background-meta":{"desktop":{"background-color":"var(--ast-global-color-4)","background-image":"","background-repeat":"repeat","background-position":"center center","background-size":"auto","background-attachment":"scroll","background-type":"","background-media":"","overlay-type":"","overlay-color":"","overlay-opacity":"","overlay-gradient":""},"tablet":{"background-color":"","background-image":"","background-repeat":"repeat","background-position":"center center","background-size":"auto","background-attachment":"scroll","background-type":"","background-media":"","overlay-type":"","overlay-color":"","overlay-opacity":"","overlay-gradient":""},"mobile":{"background-color":"","background-image":"","background-repeat":"repeat","background-position":"center center","background-size":"auto","background-attachment":"scroll","background-type":"","background-media":"","overlay-type":"","overlay-color":"","overlay-opacity":"","overlay-gradient":""}},"ast-content-background-meta":{"desktop":{"background-color":"var(--ast-global-color-5)","background-image":"","background-repeat":"repeat","background-position":"center center","background-size":"auto","background-attachment":"scroll","background-type":"","background-media":"","overlay-type":"","overlay-color":"","overlay-opacity":"","overlay-gradient":""},"tablet":{"background-color":"var(--ast-global-color-5)","background-image":"","background-repeat":"repeat","background-position":"center center","background-size":"auto","background-attachment":"scroll","background-type":"","background-media":"","overlay-type":"","overlay-color":"","overlay-opacity":"","overlay-gradient":""},"mobile":{"background-color":"var(--ast-global-color-5)","background-image":"","background-repeat":"repeat","background-position":"center center","background-size":"auto","background-attachment":"scroll","background-type":"","background-media":"","overlay-type":"","overlay-color":"","overlay-opacity":"","overlay-gradient":""}},"footnotes":""},"categories":[1],"tags":[],"class_list":["post-6843","post","type-post","status-publish","format-standard","hentry","category-sem-categoria"],"acf":[],"yoast_head":"<!-- This site is optimized with the Yoast SEO plugin v26.9 - https:\/\/yoast.com\/product\/yoast-seo-wordpress\/ -->\n<title>De volta pra casa e com sa\u00fade - Col\u00e9gio S\u00e3o Francisco Xavier<\/title>\n<meta name=\"robots\" content=\"index, follow, max-snippet:-1, max-image-preview:large, max-video-preview:-1\" \/>\n<link rel=\"canonical\" href=\"https:\/\/www.fsfx.com.br\/colegio-sao-francisco\/de-volta-pra-casa-e-com-saude\/\" \/>\n<meta property=\"og:locale\" content=\"pt_BR\" \/>\n<meta property=\"og:type\" content=\"article\" \/>\n<meta property=\"og:title\" content=\"De volta pra casa e com sa\u00fade - Col\u00e9gio S\u00e3o Francisco Xavier\" \/>\n<meta property=\"og:description\" content=\"Dois pacientes do Hospital M\u00e1rcio Cunha com quadro de Febre Amarela recebem alta Em meio \u00e0 preocupa\u00e7\u00e3o com o surto de Febre Amarela em regi\u00f5es n\u00e3o muito distantes do Vale do A\u00e7o e a grande ansiedade da popula\u00e7\u00e3o provocada pela busca nos postos de sa\u00fade pela vacina, uma boa not\u00edcia. O Hospital M\u00e1rcio Cunha (HMC) [&hellip;]\" \/>\n<meta property=\"og:url\" content=\"https:\/\/www.fsfx.com.br\/colegio-sao-francisco\/de-volta-pra-casa-e-com-saude\/\" \/>\n<meta property=\"og:site_name\" content=\"Col\u00e9gio S\u00e3o Francisco Xavier\" \/>\n<meta property=\"article:published_time\" content=\"2020-05-14T21:16:04+00:00\" \/>\n<meta name=\"author\" content=\"claudio\" \/>\n<meta name=\"twitter:card\" content=\"summary_large_image\" \/>\n<meta name=\"twitter:label1\" content=\"Escrito por\" \/>\n\t<meta name=\"twitter:data1\" content=\"claudio\" \/>\n\t<meta name=\"twitter:label2\" content=\"Est. tempo de leitura\" \/>\n\t<meta name=\"twitter:data2\" content=\"3 minutos\" \/>\n<script type=\"application\/ld+json\" class=\"yoast-schema-graph\">{\"@context\":\"https:\/\/schema.org\",\"@graph\":[{\"@type\":\"Article\",\"@id\":\"https:\/\/www.fsfx.com.br\/colegio-sao-francisco\/de-volta-pra-casa-e-com-saude\/#article\",\"isPartOf\":{\"@id\":\"https:\/\/www.fsfx.com.br\/colegio-sao-francisco\/de-volta-pra-casa-e-com-saude\/\"},\"author\":{\"name\":\"claudio\",\"@id\":\"https:\/\/www.fsfx.com.br\/colegio-sao-francisco\/#\/schema\/person\/7d2372fe1973398ab20a060bbb9a87d8\"},\"headline\":\"De volta pra casa e com sa\u00fade\",\"datePublished\":\"2020-05-14T21:16:04+00:00\",\"mainEntityOfPage\":{\"@id\":\"https:\/\/www.fsfx.com.br\/colegio-sao-francisco\/de-volta-pra-casa-e-com-saude\/\"},\"wordCount\":536,\"commentCount\":0,\"publisher\":{\"@id\":\"https:\/\/www.fsfx.com.br\/colegio-sao-francisco\/#organization\"},\"inLanguage\":\"pt-BR\",\"potentialAction\":[{\"@type\":\"CommentAction\",\"name\":\"Comment\",\"target\":[\"https:\/\/www.fsfx.com.br\/colegio-sao-francisco\/de-volta-pra-casa-e-com-saude\/#respond\"]}]},{\"@type\":\"WebPage\",\"@id\":\"https:\/\/www.fsfx.com.br\/colegio-sao-francisco\/de-volta-pra-casa-e-com-saude\/\",\"url\":\"https:\/\/www.fsfx.com.br\/colegio-sao-francisco\/de-volta-pra-casa-e-com-saude\/\",\"name\":\"De volta pra casa e com sa\u00fade - Col\u00e9gio S\u00e3o Francisco Xavier\",\"isPartOf\":{\"@id\":\"https:\/\/www.fsfx.com.br\/colegio-sao-francisco\/#website\"},\"datePublished\":\"2020-05-14T21:16:04+00:00\",\"breadcrumb\":{\"@id\":\"https:\/\/www.fsfx.com.br\/colegio-sao-francisco\/de-volta-pra-casa-e-com-saude\/#breadcrumb\"},\"inLanguage\":\"pt-BR\",\"potentialAction\":[{\"@type\":\"ReadAction\",\"target\":[\"https:\/\/www.fsfx.com.br\/colegio-sao-francisco\/de-volta-pra-casa-e-com-saude\/\"]}]},{\"@type\":\"BreadcrumbList\",\"@id\":\"https:\/\/www.fsfx.com.br\/colegio-sao-francisco\/de-volta-pra-casa-e-com-saude\/#breadcrumb\",\"itemListElement\":[{\"@type\":\"ListItem\",\"position\":1,\"name\":\"In\u00edcio\",\"item\":\"https:\/\/www.fsfx.com.br\/colegio-sao-francisco\/\"},{\"@type\":\"ListItem\",\"position\":2,\"name\":\"De volta pra casa e com sa\u00fade\"}]},{\"@type\":\"WebSite\",\"@id\":\"https:\/\/www.fsfx.com.br\/colegio-sao-francisco\/#website\",\"url\":\"https:\/\/www.fsfx.com.br\/colegio-sao-francisco\/\",\"name\":\"Col\u00e9gio S\u00e3o Francisco Xavier\",\"description\":\"\",\"publisher\":{\"@id\":\"https:\/\/www.fsfx.com.br\/colegio-sao-francisco\/#organization\"},\"potentialAction\":[{\"@type\":\"SearchAction\",\"target\":{\"@type\":\"EntryPoint\",\"urlTemplate\":\"https:\/\/www.fsfx.com.br\/colegio-sao-francisco\/?s={search_term_string}\"},\"query-input\":{\"@type\":\"PropertyValueSpecification\",\"valueRequired\":true,\"valueName\":\"search_term_string\"}}],\"inLanguage\":\"pt-BR\"},{\"@type\":\"Organization\",\"@id\":\"https:\/\/www.fsfx.com.br\/colegio-sao-francisco\/#organization\",\"name\":\"CSFX - Col\u00e9gio S\u00e3o Francisco Xavier\",\"url\":\"https:\/\/www.fsfx.com.br\/colegio-sao-francisco\/\",\"logo\":{\"@type\":\"ImageObject\",\"inLanguage\":\"pt-BR\",\"@id\":\"https:\/\/www.fsfx.com.br\/colegio-sao-francisco\/#\/schema\/logo\/image\/\",\"url\":\"https:\/\/www.fsfx.com.br\/colegio-sao-francisco\/wp-content\/uploads\/sites\/10\/2020\/02\/logo.png\",\"contentUrl\":\"https:\/\/www.fsfx.com.br\/colegio-sao-francisco\/wp-content\/uploads\/sites\/10\/2020\/02\/logo.png\",\"width\":175,\"height\":40,\"caption\":\"CSFX - Col\u00e9gio S\u00e3o Francisco Xavier\"},\"image\":{\"@id\":\"https:\/\/www.fsfx.com.br\/colegio-sao-francisco\/#\/schema\/logo\/image\/\"}},{\"@type\":\"Person\",\"@id\":\"https:\/\/www.fsfx.com.br\/colegio-sao-francisco\/#\/schema\/person\/7d2372fe1973398ab20a060bbb9a87d8\",\"name\":\"claudio\",\"image\":{\"@type\":\"ImageObject\",\"inLanguage\":\"pt-BR\",\"@id\":\"https:\/\/www.fsfx.com.br\/colegio-sao-francisco\/#\/schema\/person\/image\/\",\"url\":\"https:\/\/secure.gravatar.com\/avatar\/724caacf0f2f073275cb3689c577e73e87e40150b1ffd648a67445e75aa7ff03?s=96&d=mm&r=g\",\"contentUrl\":\"https:\/\/secure.gravatar.com\/avatar\/724caacf0f2f073275cb3689c577e73e87e40150b1ffd648a67445e75aa7ff03?s=96&d=mm&r=g\",\"caption\":\"claudio\"},\"url\":\"https:\/\/www.fsfx.com.br\/colegio-sao-francisco\/author\/claudio\/\"}]}<\/script>\n<!-- \/ Yoast SEO plugin. -->","yoast_head_json":{"title":"De volta pra casa e com sa\u00fade - Col\u00e9gio S\u00e3o Francisco Xavier","robots":{"index":"index","follow":"follow","max-snippet":"max-snippet:-1","max-image-preview":"max-image-preview:large","max-video-preview":"max-video-preview:-1"},"canonical":"https:\/\/www.fsfx.com.br\/colegio-sao-francisco\/de-volta-pra-casa-e-com-saude\/","og_locale":"pt_BR","og_type":"article","og_title":"De volta pra casa e com sa\u00fade - Col\u00e9gio S\u00e3o Francisco Xavier","og_description":"Dois pacientes do Hospital M\u00e1rcio Cunha com quadro de Febre Amarela recebem alta Em meio \u00e0 preocupa\u00e7\u00e3o com o surto de Febre Amarela em regi\u00f5es n\u00e3o muito distantes do Vale do A\u00e7o e a grande ansiedade da popula\u00e7\u00e3o provocada pela busca nos postos de sa\u00fade pela vacina, uma boa not\u00edcia. O Hospital M\u00e1rcio Cunha (HMC) [&hellip;]","og_url":"https:\/\/www.fsfx.com.br\/colegio-sao-francisco\/de-volta-pra-casa-e-com-saude\/","og_site_name":"Col\u00e9gio S\u00e3o Francisco Xavier","article_published_time":"2020-05-14T21:16:04+00:00","author":"claudio","twitter_card":"summary_large_image","twitter_misc":{"Escrito por":"claudio","Est. tempo de leitura":"3 minutos"},"schema":{"@context":"https:\/\/schema.org","@graph":[{"@type":"Article","@id":"https:\/\/www.fsfx.com.br\/colegio-sao-francisco\/de-volta-pra-casa-e-com-saude\/#article","isPartOf":{"@id":"https:\/\/www.fsfx.com.br\/colegio-sao-francisco\/de-volta-pra-casa-e-com-saude\/"},"author":{"name":"claudio","@id":"https:\/\/www.fsfx.com.br\/colegio-sao-francisco\/#\/schema\/person\/7d2372fe1973398ab20a060bbb9a87d8"},"headline":"De volta pra casa e com sa\u00fade","datePublished":"2020-05-14T21:16:04+00:00","mainEntityOfPage":{"@id":"https:\/\/www.fsfx.com.br\/colegio-sao-francisco\/de-volta-pra-casa-e-com-saude\/"},"wordCount":536,"commentCount":0,"publisher":{"@id":"https:\/\/www.fsfx.com.br\/colegio-sao-francisco\/#organization"},"inLanguage":"pt-BR","potentialAction":[{"@type":"CommentAction","name":"Comment","target":["https:\/\/www.fsfx.com.br\/colegio-sao-francisco\/de-volta-pra-casa-e-com-saude\/#respond"]}]},{"@type":"WebPage","@id":"https:\/\/www.fsfx.com.br\/colegio-sao-francisco\/de-volta-pra-casa-e-com-saude\/","url":"https:\/\/www.fsfx.com.br\/colegio-sao-francisco\/de-volta-pra-casa-e-com-saude\/","name":"De volta pra casa e com sa\u00fade - Col\u00e9gio S\u00e3o Francisco Xavier","isPartOf":{"@id":"https:\/\/www.fsfx.com.br\/colegio-sao-francisco\/#website"},"datePublished":"2020-05-14T21:16:04+00:00","breadcrumb":{"@id":"https:\/\/www.fsfx.com.br\/colegio-sao-francisco\/de-volta-pra-casa-e-com-saude\/#breadcrumb"},"inLanguage":"pt-BR","potentialAction":[{"@type":"ReadAction","target":["https:\/\/www.fsfx.com.br\/colegio-sao-francisco\/de-volta-pra-casa-e-com-saude\/"]}]},{"@type":"BreadcrumbList","@id":"https:\/\/www.fsfx.com.br\/colegio-sao-francisco\/de-volta-pra-casa-e-com-saude\/#breadcrumb","itemListElement":[{"@type":"ListItem","position":1,"name":"In\u00edcio","item":"https:\/\/www.fsfx.com.br\/colegio-sao-francisco\/"},{"@type":"ListItem","position":2,"name":"De volta pra casa e com sa\u00fade"}]},{"@type":"WebSite","@id":"https:\/\/www.fsfx.com.br\/colegio-sao-francisco\/#website","url":"https:\/\/www.fsfx.com.br\/colegio-sao-francisco\/","name":"Col\u00e9gio S\u00e3o Francisco Xavier","description":"","publisher":{"@id":"https:\/\/www.fsfx.com.br\/colegio-sao-francisco\/#organization"},"potentialAction":[{"@type":"SearchAction","target":{"@type":"EntryPoint","urlTemplate":"https:\/\/www.fsfx.com.br\/colegio-sao-francisco\/?s={search_term_string}"},"query-input":{"@type":"PropertyValueSpecification","valueRequired":true,"valueName":"search_term_string"}}],"inLanguage":"pt-BR"},{"@type":"Organization","@id":"https:\/\/www.fsfx.com.br\/colegio-sao-francisco\/#organization","name":"CSFX - Col\u00e9gio S\u00e3o Francisco Xavier","url":"https:\/\/www.fsfx.com.br\/colegio-sao-francisco\/","logo":{"@type":"ImageObject","inLanguage":"pt-BR","@id":"https:\/\/www.fsfx.com.br\/colegio-sao-francisco\/#\/schema\/logo\/image\/","url":"https:\/\/www.fsfx.com.br\/colegio-sao-francisco\/wp-content\/uploads\/sites\/10\/2020\/02\/logo.png","contentUrl":"https:\/\/www.fsfx.com.br\/colegio-sao-francisco\/wp-content\/uploads\/sites\/10\/2020\/02\/logo.png","width":175,"height":40,"caption":"CSFX - Col\u00e9gio S\u00e3o Francisco Xavier"},"image":{"@id":"https:\/\/www.fsfx.com.br\/colegio-sao-francisco\/#\/schema\/logo\/image\/"}},{"@type":"Person","@id":"https:\/\/www.fsfx.com.br\/colegio-sao-francisco\/#\/schema\/person\/7d2372fe1973398ab20a060bbb9a87d8","name":"claudio","image":{"@type":"ImageObject","inLanguage":"pt-BR","@id":"https:\/\/www.fsfx.com.br\/colegio-sao-francisco\/#\/schema\/person\/image\/","url":"https:\/\/secure.gravatar.com\/avatar\/724caacf0f2f073275cb3689c577e73e87e40150b1ffd648a67445e75aa7ff03?s=96&d=mm&r=g","contentUrl":"https:\/\/secure.gravatar.com\/avatar\/724caacf0f2f073275cb3689c577e73e87e40150b1ffd648a67445e75aa7ff03?s=96&d=mm&r=g","caption":"claudio"},"url":"https:\/\/www.fsfx.com.br\/colegio-sao-francisco\/author\/claudio\/"}]}},"_links":{"self":[{"href":"https:\/\/www.fsfx.com.br\/colegio-sao-francisco\/wp-json\/wp\/v2\/posts\/6843","targetHints":{"allow":["GET"]}}],"collection":[{"href":"https:\/\/www.fsfx.com.br\/colegio-sao-francisco\/wp-json\/wp\/v2\/posts"}],"about":[{"href":"https:\/\/www.fsfx.com.br\/colegio-sao-francisco\/wp-json\/wp\/v2\/types\/post"}],"author":[{"embeddable":true,"href":"https:\/\/www.fsfx.com.br\/colegio-sao-francisco\/wp-json\/wp\/v2\/users\/2"}],"replies":[{"embeddable":true,"href":"https:\/\/www.fsfx.com.br\/colegio-sao-francisco\/wp-json\/wp\/v2\/comments?post=6843"}],"version-history":[{"count":0,"href":"https:\/\/www.fsfx.com.br\/colegio-sao-francisco\/wp-json\/wp\/v2\/posts\/6843\/revisions"}],"wp:attachment":[{"href":"https:\/\/www.fsfx.com.br\/colegio-sao-francisco\/wp-json\/wp\/v2\/media?parent=6843"}],"wp:term":[{"taxonomy":"category","embeddable":true,"href":"https:\/\/www.fsfx.com.br\/colegio-sao-francisco\/wp-json\/wp\/v2\/categories?post=6843"},{"taxonomy":"post_tag","embeddable":true,"href":"https:\/\/www.fsfx.com.br\/colegio-sao-francisco\/wp-json\/wp\/v2\/tags?post=6843"}],"curies":[{"name":"wp","href":"https:\/\/api.w.org\/{rel}","templated":true}]}}