{"id":6844,"date":"2020-05-14T18:16:06","date_gmt":"2020-05-14T21:16:06","guid":{"rendered":"http:\/\/fsfx.com.br\/\/csfx\/2020\/05\/14\/febre-amarela-a-informacao-e-a-arma-certa\/"},"modified":"2020-05-14T18:16:06","modified_gmt":"2020-05-14T21:16:06","slug":"febre-amarela-a-informacao-e-a-arma-certa","status":"publish","type":"post","link":"https:\/\/www.fsfx.com.br\/colegio-sao-francisco\/febre-amarela-a-informacao-e-a-arma-certa\/","title":{"rendered":"Febre Amarela: a informa\u00e7\u00e3o \u00e9 a arma certa"},"content":{"rendered":"<p>Nos \u00faltimos dias, muita gente tem se preocupado e compartilhado mensagens nas redes sociais sobre surto de Febre Amarela. Mas o que \u00e9 a doen\u00e7a? E como est\u00e1 a situa\u00e7\u00e3o para a popula\u00e7\u00e3o do Vale do A\u00e7o hoje? Cumprindo seu papel, o Hospital M\u00e1rcio Cunha est\u00e1 atento a essa realidade e esclarece a popula\u00e7\u00e3o sobre algumas d\u00favidas.<\/p>\n<p>\u0093A Febre Amarela \u00e9 transmitida por mosquitos em \u00e1reas urbanas e silvestres. Nas \u00e1reas florestais, o transmissor \u00e9 o <em>Haemagogus <\/em>ou o <em>Sabethes. <\/em>J\u00e1 no meio urbano, nas cidades, a transmiss\u00e3o se d\u00e1 atrav\u00e9s do mosquito <em>Aedes aegypti<\/em>, o mesmo da dengue. O que temos notado nos \u00faltimos dias \u00e9 que todos os sete casos de pacientes com suspeita de Febre Amarela que deram entrada no Hospital M\u00e1rcio Cunha s\u00e3o oriundos de \u00e1reas rurais da regi\u00e3o de Caratinga e, muito provavelmente, foram inoculados pelo <em>Haemagogus <\/em>ou o <em>Sabethes<\/em>. Portanto, neste momento o surto da doen\u00e7a est\u00e1 concentrado nessas localidades rurais\u0094, explica o m\u00e9dico infectologista Dr. Alo\u00edsio Bemvindo.<\/p>\n<p>Uma vez infectado pela doen\u00e7a, de tr\u00eas a seis dias ap\u00f3s a picada do inseto o paciente come\u00e7a subitamente a ter febre alta, mal estar, dor muscular intensa, diarreia, v\u00f4mito, e que podem ser confundidos com a dengue ou at\u00e9 mesmo com uma gripe forte. Caso o paciente tenha alguns desses sintomas, a recomenda\u00e7\u00e3o \u00e9 procurar pela unidade de pronto-atendimento mais pr\u00f3xima, o quanto antes, para n\u00e3o entrar nas estat\u00edsticas de casos graves da doen\u00e7a. \u0093De modo geral, depois de quatro dias a cinco dias desses sintomas, os pacientes t\u00eam uma melhora definitiva. Por\u00e9m, para cerca de 20%, mesmo depois desse per\u00edodo de melhora, os sintomas podem voltar e at\u00e9 mesmo se agravar, comprometendo v\u00e1rios \u00f3rg\u00e3os do organismo, como f\u00edgado, ba\u00e7o, rins, sistema de coagula\u00e7\u00e3o, c\u00e9rebro, cora\u00e7\u00e3o, entre outros, levando os pacientes \u00e0 morte em metade desses casos\u0094, explica Bemvindo.<\/p>\n<p><strong>De olho na preven\u00e7\u00e3o<\/strong><\/p>\n<p>Ainda n\u00e3o h\u00e1 confirma\u00e7\u00e3o de mortes e at\u00e9 mesmo de casos comprovados da doen\u00e7a no Leste de Minas. Apesar dos casos suspeitos, os resultados dos exames sorol\u00f3gicos de confirma\u00e7\u00e3o da doen\u00e7a levam at\u00e9 sete dias para sair, j\u00e1 que todos os exames coletados no Hospital M\u00e1rcio Cunha e nos demais hospitais da regi\u00e3o s\u00e3o encaminhados para a Funda\u00e7\u00e3o Ezequiel Dias, em Belo Horizonte.<\/p>\n<p>O que \u00e9 certeza e n\u00e3o muda \u00e9 a forma de se prevenir. \u0093A vacina \u00e9 a \u00fanica forma de se evitar o contato com o v\u00edrus da Febre Amarela. A imunidade da vacina \u00e9 preconizada pelo Minist\u00e9rio da Sa\u00fade por pelo menos dez anos, por\u00e9m, algumas pesquisas apontam que a prote\u00e7\u00e3o \u00e0 doen\u00e7a pode durar por um tempo ainda maior. Por isso, muitas pessoas j\u00e1 est\u00e3o imunes \u00e0 doen\u00e7a. Entretanto, o Minist\u00e9rio da Sa\u00fade recomenda a aplica\u00e7\u00e3o tamb\u00e9m em quem j\u00e1 tomou a vacina h\u00e1 mais de dez anos\u0094, destaca o m\u00e9dico.<\/p>\n<p>Gratuitas, as vacinas s\u00e3o aplicadas nas unidades b\u00e1sicas de sa\u00fade dos munic\u00edpios. Para se evitar ao m\u00e1ximo que os poss\u00edveis casos da doen\u00e7a em zonas rurais cheguem \u00e0s cidades por meio do mosquito <em>Aedes aegypti,<\/em> a miss\u00e3o principal \u00e9 exterminar os focos de \u00e1gua parada, evitando sua prolifera\u00e7\u00e3o. Evite deixar qualquer recipiente destampado, como caixas d&#8217;\u00e1gua, latas e pneus contendo \u00e1gua limpa, pois s\u00e3o ambientes ideais para que a f\u00eamea do mosquito ponha seus ovos, de onde nascer\u00e3o larvas que, ap\u00f3s desenvolverem-se na \u00e1gua, se tornar\u00e3o novos mosquitos. Outras medidas preventivas s\u00e3o o uso de repelente de insetos, mosquiteiros e roupas que cubram todo o corpo. E se for viajar para \u00e1reas com ind\u00edcios da doen\u00e7a, procure se vacinar com anteced\u00eancia.<\/p>\n<p>&nbsp;<\/p>\n<p>&nbsp;<\/p>\n","protected":false},"excerpt":{"rendered":"<p>Nos \u00faltimos dias, muita gente tem se preocupado e compartilhado mensagens nas redes sociais sobre surto de Febre Amarela. Mas o que \u00e9 a doen\u00e7a? E como est\u00e1 a situa\u00e7\u00e3o para a popula\u00e7\u00e3o do Vale do A\u00e7o hoje? Cumprindo seu papel, o Hospital M\u00e1rcio Cunha est\u00e1 atento a essa realidade e esclarece a popula\u00e7\u00e3o sobre [&hellip;]<\/p>\n","protected":false},"author":2,"featured_media":0,"comment_status":"open","ping_status":"open","sticky":false,"template":"","format":"standard","meta":{"_acf_changed":false,"site-sidebar-layout":"default","site-content-layout":"","ast-site-content-layout":"default","site-content-style":"default","site-sidebar-style":"default","ast-global-header-display":"","ast-banner-title-visibility":"","ast-main-header-display":"","ast-hfb-above-header-display":"","ast-hfb-below-header-display":"","ast-hfb-mobile-header-display":"","site-post-title":"","ast-breadcrumbs-content":"","ast-featured-img":"","footer-sml-layout":"","theme-transparent-header-meta":"","adv-header-id-meta":"","stick-header-meta":"","header-above-stick-meta":"","header-main-stick-meta":"","header-below-stick-meta":"","astra-migrate-meta-layouts":"default","ast-page-background-enabled":"default","ast-page-background-meta":{"desktop":{"background-color":"var(--ast-global-color-4)","background-image":"","background-repeat":"repeat","background-position":"center center","background-size":"auto","background-attachment":"scroll","background-type":"","background-media":"","overlay-type":"","overlay-color":"","overlay-opacity":"","overlay-gradient":""},"tablet":{"background-color":"","background-image":"","background-repeat":"repeat","background-position":"center center","background-size":"auto","background-attachment":"scroll","background-type":"","background-media":"","overlay-type":"","overlay-color":"","overlay-opacity":"","overlay-gradient":""},"mobile":{"background-color":"","background-image":"","background-repeat":"repeat","background-position":"center center","background-size":"auto","background-attachment":"scroll","background-type":"","background-media":"","overlay-type":"","overlay-color":"","overlay-opacity":"","overlay-gradient":""}},"ast-content-background-meta":{"desktop":{"background-color":"var(--ast-global-color-5)","background-image":"","background-repeat":"repeat","background-position":"center center","background-size":"auto","background-attachment":"scroll","background-type":"","background-media":"","overlay-type":"","overlay-color":"","overlay-opacity":"","overlay-gradient":""},"tablet":{"background-color":"var(--ast-global-color-5)","background-image":"","background-repeat":"repeat","background-position":"center center","background-size":"auto","background-attachment":"scroll","background-type":"","background-media":"","overlay-type":"","overlay-color":"","overlay-opacity":"","overlay-gradient":""},"mobile":{"background-color":"var(--ast-global-color-5)","background-image":"","background-repeat":"repeat","background-position":"center center","background-size":"auto","background-attachment":"scroll","background-type":"","background-media":"","overlay-type":"","overlay-color":"","overlay-opacity":"","overlay-gradient":""}},"footnotes":""},"categories":[1],"tags":[],"class_list":["post-6844","post","type-post","status-publish","format-standard","hentry","category-sem-categoria"],"acf":[],"yoast_head":"<!-- This site is optimized with the Yoast SEO plugin v26.9 - https:\/\/yoast.com\/product\/yoast-seo-wordpress\/ -->\n<title>Febre Amarela: a informa\u00e7\u00e3o \u00e9 a arma certa - Col\u00e9gio S\u00e3o Francisco Xavier<\/title>\n<meta name=\"robots\" content=\"index, follow, max-snippet:-1, max-image-preview:large, max-video-preview:-1\" \/>\n<link rel=\"canonical\" href=\"https:\/\/www.fsfx.com.br\/colegio-sao-francisco\/febre-amarela-a-informacao-e-a-arma-certa\/\" \/>\n<meta property=\"og:locale\" content=\"pt_BR\" \/>\n<meta property=\"og:type\" content=\"article\" \/>\n<meta property=\"og:title\" content=\"Febre Amarela: a informa\u00e7\u00e3o \u00e9 a arma certa - Col\u00e9gio S\u00e3o Francisco Xavier\" \/>\n<meta property=\"og:description\" content=\"Nos \u00faltimos dias, muita gente tem se preocupado e compartilhado mensagens nas redes sociais sobre surto de Febre Amarela. Mas o que \u00e9 a doen\u00e7a? E como est\u00e1 a situa\u00e7\u00e3o para a popula\u00e7\u00e3o do Vale do A\u00e7o hoje? Cumprindo seu papel, o Hospital M\u00e1rcio Cunha est\u00e1 atento a essa realidade e esclarece a popula\u00e7\u00e3o sobre [&hellip;]\" \/>\n<meta property=\"og:url\" content=\"https:\/\/www.fsfx.com.br\/colegio-sao-francisco\/febre-amarela-a-informacao-e-a-arma-certa\/\" \/>\n<meta property=\"og:site_name\" content=\"Col\u00e9gio S\u00e3o Francisco Xavier\" \/>\n<meta property=\"article:published_time\" content=\"2020-05-14T21:16:06+00:00\" \/>\n<meta name=\"author\" content=\"claudio\" \/>\n<meta name=\"twitter:card\" content=\"summary_large_image\" \/>\n<meta name=\"twitter:label1\" content=\"Escrito por\" \/>\n\t<meta name=\"twitter:data1\" content=\"claudio\" \/>\n\t<meta name=\"twitter:label2\" content=\"Est. tempo de leitura\" \/>\n\t<meta name=\"twitter:data2\" content=\"3 minutos\" \/>\n<script type=\"application\/ld+json\" class=\"yoast-schema-graph\">{\"@context\":\"https:\/\/schema.org\",\"@graph\":[{\"@type\":\"Article\",\"@id\":\"https:\/\/www.fsfx.com.br\/colegio-sao-francisco\/febre-amarela-a-informacao-e-a-arma-certa\/#article\",\"isPartOf\":{\"@id\":\"https:\/\/www.fsfx.com.br\/colegio-sao-francisco\/febre-amarela-a-informacao-e-a-arma-certa\/\"},\"author\":{\"name\":\"claudio\",\"@id\":\"https:\/\/www.fsfx.com.br\/colegio-sao-francisco\/#\/schema\/person\/7d2372fe1973398ab20a060bbb9a87d8\"},\"headline\":\"Febre Amarela: a informa\u00e7\u00e3o \u00e9 a arma certa\",\"datePublished\":\"2020-05-14T21:16:06+00:00\",\"mainEntityOfPage\":{\"@id\":\"https:\/\/www.fsfx.com.br\/colegio-sao-francisco\/febre-amarela-a-informacao-e-a-arma-certa\/\"},\"wordCount\":660,\"commentCount\":0,\"publisher\":{\"@id\":\"https:\/\/www.fsfx.com.br\/colegio-sao-francisco\/#organization\"},\"inLanguage\":\"pt-BR\",\"potentialAction\":[{\"@type\":\"CommentAction\",\"name\":\"Comment\",\"target\":[\"https:\/\/www.fsfx.com.br\/colegio-sao-francisco\/febre-amarela-a-informacao-e-a-arma-certa\/#respond\"]}]},{\"@type\":\"WebPage\",\"@id\":\"https:\/\/www.fsfx.com.br\/colegio-sao-francisco\/febre-amarela-a-informacao-e-a-arma-certa\/\",\"url\":\"https:\/\/www.fsfx.com.br\/colegio-sao-francisco\/febre-amarela-a-informacao-e-a-arma-certa\/\",\"name\":\"Febre Amarela: a informa\u00e7\u00e3o \u00e9 a arma certa - Col\u00e9gio S\u00e3o Francisco Xavier\",\"isPartOf\":{\"@id\":\"https:\/\/www.fsfx.com.br\/colegio-sao-francisco\/#website\"},\"datePublished\":\"2020-05-14T21:16:06+00:00\",\"breadcrumb\":{\"@id\":\"https:\/\/www.fsfx.com.br\/colegio-sao-francisco\/febre-amarela-a-informacao-e-a-arma-certa\/#breadcrumb\"},\"inLanguage\":\"pt-BR\",\"potentialAction\":[{\"@type\":\"ReadAction\",\"target\":[\"https:\/\/www.fsfx.com.br\/colegio-sao-francisco\/febre-amarela-a-informacao-e-a-arma-certa\/\"]}]},{\"@type\":\"BreadcrumbList\",\"@id\":\"https:\/\/www.fsfx.com.br\/colegio-sao-francisco\/febre-amarela-a-informacao-e-a-arma-certa\/#breadcrumb\",\"itemListElement\":[{\"@type\":\"ListItem\",\"position\":1,\"name\":\"In\u00edcio\",\"item\":\"https:\/\/www.fsfx.com.br\/colegio-sao-francisco\/\"},{\"@type\":\"ListItem\",\"position\":2,\"name\":\"Febre Amarela: a informa\u00e7\u00e3o \u00e9 a arma certa\"}]},{\"@type\":\"WebSite\",\"@id\":\"https:\/\/www.fsfx.com.br\/colegio-sao-francisco\/#website\",\"url\":\"https:\/\/www.fsfx.com.br\/colegio-sao-francisco\/\",\"name\":\"Col\u00e9gio S\u00e3o Francisco Xavier\",\"description\":\"\",\"publisher\":{\"@id\":\"https:\/\/www.fsfx.com.br\/colegio-sao-francisco\/#organization\"},\"potentialAction\":[{\"@type\":\"SearchAction\",\"target\":{\"@type\":\"EntryPoint\",\"urlTemplate\":\"https:\/\/www.fsfx.com.br\/colegio-sao-francisco\/?s={search_term_string}\"},\"query-input\":{\"@type\":\"PropertyValueSpecification\",\"valueRequired\":true,\"valueName\":\"search_term_string\"}}],\"inLanguage\":\"pt-BR\"},{\"@type\":\"Organization\",\"@id\":\"https:\/\/www.fsfx.com.br\/colegio-sao-francisco\/#organization\",\"name\":\"CSFX - Col\u00e9gio S\u00e3o Francisco Xavier\",\"url\":\"https:\/\/www.fsfx.com.br\/colegio-sao-francisco\/\",\"logo\":{\"@type\":\"ImageObject\",\"inLanguage\":\"pt-BR\",\"@id\":\"https:\/\/www.fsfx.com.br\/colegio-sao-francisco\/#\/schema\/logo\/image\/\",\"url\":\"https:\/\/www.fsfx.com.br\/colegio-sao-francisco\/wp-content\/uploads\/sites\/10\/2020\/02\/logo.png\",\"contentUrl\":\"https:\/\/www.fsfx.com.br\/colegio-sao-francisco\/wp-content\/uploads\/sites\/10\/2020\/02\/logo.png\",\"width\":175,\"height\":40,\"caption\":\"CSFX - Col\u00e9gio S\u00e3o Francisco Xavier\"},\"image\":{\"@id\":\"https:\/\/www.fsfx.com.br\/colegio-sao-francisco\/#\/schema\/logo\/image\/\"}},{\"@type\":\"Person\",\"@id\":\"https:\/\/www.fsfx.com.br\/colegio-sao-francisco\/#\/schema\/person\/7d2372fe1973398ab20a060bbb9a87d8\",\"name\":\"claudio\",\"image\":{\"@type\":\"ImageObject\",\"inLanguage\":\"pt-BR\",\"@id\":\"https:\/\/www.fsfx.com.br\/colegio-sao-francisco\/#\/schema\/person\/image\/\",\"url\":\"https:\/\/secure.gravatar.com\/avatar\/724caacf0f2f073275cb3689c577e73e87e40150b1ffd648a67445e75aa7ff03?s=96&d=mm&r=g\",\"contentUrl\":\"https:\/\/secure.gravatar.com\/avatar\/724caacf0f2f073275cb3689c577e73e87e40150b1ffd648a67445e75aa7ff03?s=96&d=mm&r=g\",\"caption\":\"claudio\"},\"url\":\"https:\/\/www.fsfx.com.br\/colegio-sao-francisco\/author\/claudio\/\"}]}<\/script>\n<!-- \/ Yoast SEO plugin. -->","yoast_head_json":{"title":"Febre Amarela: a informa\u00e7\u00e3o \u00e9 a arma certa - Col\u00e9gio S\u00e3o Francisco Xavier","robots":{"index":"index","follow":"follow","max-snippet":"max-snippet:-1","max-image-preview":"max-image-preview:large","max-video-preview":"max-video-preview:-1"},"canonical":"https:\/\/www.fsfx.com.br\/colegio-sao-francisco\/febre-amarela-a-informacao-e-a-arma-certa\/","og_locale":"pt_BR","og_type":"article","og_title":"Febre Amarela: a informa\u00e7\u00e3o \u00e9 a arma certa - Col\u00e9gio S\u00e3o Francisco Xavier","og_description":"Nos \u00faltimos dias, muita gente tem se preocupado e compartilhado mensagens nas redes sociais sobre surto de Febre Amarela. Mas o que \u00e9 a doen\u00e7a? E como est\u00e1 a situa\u00e7\u00e3o para a popula\u00e7\u00e3o do Vale do A\u00e7o hoje? Cumprindo seu papel, o Hospital M\u00e1rcio Cunha est\u00e1 atento a essa realidade e esclarece a popula\u00e7\u00e3o sobre [&hellip;]","og_url":"https:\/\/www.fsfx.com.br\/colegio-sao-francisco\/febre-amarela-a-informacao-e-a-arma-certa\/","og_site_name":"Col\u00e9gio S\u00e3o Francisco Xavier","article_published_time":"2020-05-14T21:16:06+00:00","author":"claudio","twitter_card":"summary_large_image","twitter_misc":{"Escrito por":"claudio","Est. tempo de leitura":"3 minutos"},"schema":{"@context":"https:\/\/schema.org","@graph":[{"@type":"Article","@id":"https:\/\/www.fsfx.com.br\/colegio-sao-francisco\/febre-amarela-a-informacao-e-a-arma-certa\/#article","isPartOf":{"@id":"https:\/\/www.fsfx.com.br\/colegio-sao-francisco\/febre-amarela-a-informacao-e-a-arma-certa\/"},"author":{"name":"claudio","@id":"https:\/\/www.fsfx.com.br\/colegio-sao-francisco\/#\/schema\/person\/7d2372fe1973398ab20a060bbb9a87d8"},"headline":"Febre Amarela: a informa\u00e7\u00e3o \u00e9 a arma certa","datePublished":"2020-05-14T21:16:06+00:00","mainEntityOfPage":{"@id":"https:\/\/www.fsfx.com.br\/colegio-sao-francisco\/febre-amarela-a-informacao-e-a-arma-certa\/"},"wordCount":660,"commentCount":0,"publisher":{"@id":"https:\/\/www.fsfx.com.br\/colegio-sao-francisco\/#organization"},"inLanguage":"pt-BR","potentialAction":[{"@type":"CommentAction","name":"Comment","target":["https:\/\/www.fsfx.com.br\/colegio-sao-francisco\/febre-amarela-a-informacao-e-a-arma-certa\/#respond"]}]},{"@type":"WebPage","@id":"https:\/\/www.fsfx.com.br\/colegio-sao-francisco\/febre-amarela-a-informacao-e-a-arma-certa\/","url":"https:\/\/www.fsfx.com.br\/colegio-sao-francisco\/febre-amarela-a-informacao-e-a-arma-certa\/","name":"Febre Amarela: a informa\u00e7\u00e3o \u00e9 a arma certa - Col\u00e9gio S\u00e3o Francisco Xavier","isPartOf":{"@id":"https:\/\/www.fsfx.com.br\/colegio-sao-francisco\/#website"},"datePublished":"2020-05-14T21:16:06+00:00","breadcrumb":{"@id":"https:\/\/www.fsfx.com.br\/colegio-sao-francisco\/febre-amarela-a-informacao-e-a-arma-certa\/#breadcrumb"},"inLanguage":"pt-BR","potentialAction":[{"@type":"ReadAction","target":["https:\/\/www.fsfx.com.br\/colegio-sao-francisco\/febre-amarela-a-informacao-e-a-arma-certa\/"]}]},{"@type":"BreadcrumbList","@id":"https:\/\/www.fsfx.com.br\/colegio-sao-francisco\/febre-amarela-a-informacao-e-a-arma-certa\/#breadcrumb","itemListElement":[{"@type":"ListItem","position":1,"name":"In\u00edcio","item":"https:\/\/www.fsfx.com.br\/colegio-sao-francisco\/"},{"@type":"ListItem","position":2,"name":"Febre Amarela: a informa\u00e7\u00e3o \u00e9 a arma certa"}]},{"@type":"WebSite","@id":"https:\/\/www.fsfx.com.br\/colegio-sao-francisco\/#website","url":"https:\/\/www.fsfx.com.br\/colegio-sao-francisco\/","name":"Col\u00e9gio S\u00e3o Francisco Xavier","description":"","publisher":{"@id":"https:\/\/www.fsfx.com.br\/colegio-sao-francisco\/#organization"},"potentialAction":[{"@type":"SearchAction","target":{"@type":"EntryPoint","urlTemplate":"https:\/\/www.fsfx.com.br\/colegio-sao-francisco\/?s={search_term_string}"},"query-input":{"@type":"PropertyValueSpecification","valueRequired":true,"valueName":"search_term_string"}}],"inLanguage":"pt-BR"},{"@type":"Organization","@id":"https:\/\/www.fsfx.com.br\/colegio-sao-francisco\/#organization","name":"CSFX - Col\u00e9gio S\u00e3o Francisco Xavier","url":"https:\/\/www.fsfx.com.br\/colegio-sao-francisco\/","logo":{"@type":"ImageObject","inLanguage":"pt-BR","@id":"https:\/\/www.fsfx.com.br\/colegio-sao-francisco\/#\/schema\/logo\/image\/","url":"https:\/\/www.fsfx.com.br\/colegio-sao-francisco\/wp-content\/uploads\/sites\/10\/2020\/02\/logo.png","contentUrl":"https:\/\/www.fsfx.com.br\/colegio-sao-francisco\/wp-content\/uploads\/sites\/10\/2020\/02\/logo.png","width":175,"height":40,"caption":"CSFX - Col\u00e9gio S\u00e3o Francisco Xavier"},"image":{"@id":"https:\/\/www.fsfx.com.br\/colegio-sao-francisco\/#\/schema\/logo\/image\/"}},{"@type":"Person","@id":"https:\/\/www.fsfx.com.br\/colegio-sao-francisco\/#\/schema\/person\/7d2372fe1973398ab20a060bbb9a87d8","name":"claudio","image":{"@type":"ImageObject","inLanguage":"pt-BR","@id":"https:\/\/www.fsfx.com.br\/colegio-sao-francisco\/#\/schema\/person\/image\/","url":"https:\/\/secure.gravatar.com\/avatar\/724caacf0f2f073275cb3689c577e73e87e40150b1ffd648a67445e75aa7ff03?s=96&d=mm&r=g","contentUrl":"https:\/\/secure.gravatar.com\/avatar\/724caacf0f2f073275cb3689c577e73e87e40150b1ffd648a67445e75aa7ff03?s=96&d=mm&r=g","caption":"claudio"},"url":"https:\/\/www.fsfx.com.br\/colegio-sao-francisco\/author\/claudio\/"}]}},"_links":{"self":[{"href":"https:\/\/www.fsfx.com.br\/colegio-sao-francisco\/wp-json\/wp\/v2\/posts\/6844","targetHints":{"allow":["GET"]}}],"collection":[{"href":"https:\/\/www.fsfx.com.br\/colegio-sao-francisco\/wp-json\/wp\/v2\/posts"}],"about":[{"href":"https:\/\/www.fsfx.com.br\/colegio-sao-francisco\/wp-json\/wp\/v2\/types\/post"}],"author":[{"embeddable":true,"href":"https:\/\/www.fsfx.com.br\/colegio-sao-francisco\/wp-json\/wp\/v2\/users\/2"}],"replies":[{"embeddable":true,"href":"https:\/\/www.fsfx.com.br\/colegio-sao-francisco\/wp-json\/wp\/v2\/comments?post=6844"}],"version-history":[{"count":0,"href":"https:\/\/www.fsfx.com.br\/colegio-sao-francisco\/wp-json\/wp\/v2\/posts\/6844\/revisions"}],"wp:attachment":[{"href":"https:\/\/www.fsfx.com.br\/colegio-sao-francisco\/wp-json\/wp\/v2\/media?parent=6844"}],"wp:term":[{"taxonomy":"category","embeddable":true,"href":"https:\/\/www.fsfx.com.br\/colegio-sao-francisco\/wp-json\/wp\/v2\/categories?post=6844"},{"taxonomy":"post_tag","embeddable":true,"href":"https:\/\/www.fsfx.com.br\/colegio-sao-francisco\/wp-json\/wp\/v2\/tags?post=6844"}],"curies":[{"name":"wp","href":"https:\/\/api.w.org\/{rel}","templated":true}]}}