{"id":6847,"date":"2020-05-14T18:16:11","date_gmt":"2020-05-14T21:16:11","guid":{"rendered":"http:\/\/fsfx.com.br\/\/csfx\/2020\/05\/14\/hmc-convoca-doadores-de-sangue-para-reforcar-estoques-no-fim-de-ano\/"},"modified":"2020-05-14T18:16:11","modified_gmt":"2020-05-14T21:16:11","slug":"hmc-convoca-doadores-de-sangue-para-reforcar-estoques-no-fim-de-ano","status":"publish","type":"post","link":"https:\/\/www.fsfx.com.br\/colegio-sao-francisco\/hmc-convoca-doadores-de-sangue-para-reforcar-estoques-no-fim-de-ano\/","title":{"rendered":"HMC convoca doadores de sangue para refor\u00e7ar estoques no Fim de Ano"},"content":{"rendered":"<p>O Natal est\u00e1 chegando e, mais do que nunca, \u00e9 hora de partilhar. Todos os anos, na v\u00e9spera das festas de fim de ano, o n\u00famero de doa\u00e7\u00f5es de sangue no Hospital M\u00e1rcio Cunha cai bastante, por conta dos preparativos de viagem de quem decide passar o Natal e o R\u00e9veillon longe do Vale do A\u00e7o e acaba \u0091levando a solidariedade na bagagem\u0092. O resultado disso s\u00e3o os baixos estoques no setor de Hemoterapia e a preocupa\u00e7\u00e3o dos m\u00e9dicos com o atendimento aos pacientes que necessitarem de transfus\u00f5es nos pr\u00f3ximos dias.<\/p>\n<p><img fetchpriority=\"high\" decoding=\"async\" class=\"alignright size-medium wp-image-1578\" src=\"http:\/\/www.fsfx.com.br\/hospital-marcio-cunha\/wp-content\/uploads\/sites\/6\/2016\/12\/doacao_de_sangue_HMC-300x200.jpg\" alt=\"doacao_de_sangue_HMC\" width=\"300\" height=\"200\" \/>Por isso, antes de aproveitar as festas, d\u00e1 tempo de ajudar a salvar a vida de pacientes internados, pacientes que necessitam de transfus\u00f5es em cirurgias, pacientes oncol\u00f3gicos ou at\u00e9 mesmo, \u00e0queles que s\u00e3o acolhidos em uma emerg\u00eancia ao chegarem ao Pronto-Socorro do Hospital M\u00e1rcio Cunha todos os dias. \u0093Com o estoque do hospital vulner\u00e1vel, h\u00e1 o risco de desabastecimento, principalmente de plaquetas, material essencial para pacientes que possuem alguma doen\u00e7a que dificulta a coagula\u00e7\u00e3o, como os pacientes com c\u00e2ncer\u0094, explica o m\u00e9dico hematologista e respons\u00e1vel t\u00e9cnico Marcos Aur\u00e9lio Mergh Murer.<\/p>\n<p>Se voc\u00ea j\u00e1 \u00e9 um doador ou deseja tornar-se um, independente do seu tipo sangu\u00edneo, ajude a quem precisa. Basta comparecer ao setor de Hemoterapia da Unidade I do Hospital M\u00e1rcio Cunha (no bairro das \u00c1guas), para fazer a sua doa\u00e7\u00e3o, que \u00e9 r\u00e1pida e segura. O setor funciona de segunda \u00e0 sexta-feira, das 7h \u00e0s 11h30 e das 15h \u00e0s 18h30. Contudo, nos dias 26 de dezembro e 02 de janeiro, ambos na segunda, a Hemoterapia estar\u00e1 fechada (dia-ponte do feriado), voltando a funcionar, ap\u00f3s o Natal, no dia 27 e, ap\u00f3s o R\u00e9veillon, no dia 03. O agendamento poder\u00e1 ser realizado pessoalmente ou pelo telefone 3829-9600 e no momento da doa\u00e7\u00e3o ser\u00e1 necess\u00e1rio levar um documento oficial com foto e assinatura.<\/p>\n<p><strong>Para doar sangue<\/strong><\/p>\n<p>Ao entrar na Recep\u00e7\u00e3o Principal da Unidade I do HMC, o doador pode se dirigir ao atendimento no guich\u00ea 16 \u0096 Doa\u00e7\u00e3o de Sangue, localizado \u00e0 esquerda de quem entra. Feito o cadastro, o doador recebe uma etiqueta de identifica\u00e7\u00e3o e se dirige ao servi\u00e7o de Hemoterapia (acesso pela recep\u00e7\u00e3o de visitas aos apartamentos).<\/p>\n<p>Segundo as recomenda\u00e7\u00f5es do Minist\u00e9rio da Sa\u00fade e da Anvisa, s\u00e3o crit\u00e9rios para doa\u00e7\u00e3o: estar em boas condi\u00e7\u00f5es de sa\u00fade, ter entre 18 e 69 anos ou idade de 16 a 17 anos com o consentimento formal dos respons\u00e1veis legais, pesar mais de 52 kg e ter comportamento sexual seguro. Doar sangue \u00e9 um gesto de solidariedade e ajuda a salvar vidas. Participe ou incentive um amigo a realizar esta pr\u00e1tica.<\/p>\n<p>&nbsp;<\/p>\n","protected":false},"excerpt":{"rendered":"<p>O Natal est\u00e1 chegando e, mais do que nunca, \u00e9 hora de partilhar. Todos os anos, na v\u00e9spera das festas de fim de ano, o n\u00famero de doa\u00e7\u00f5es de sangue no Hospital M\u00e1rcio Cunha cai bastante, por conta dos preparativos de viagem de quem decide passar o Natal e o R\u00e9veillon longe do Vale do [&hellip;]<\/p>\n","protected":false},"author":2,"featured_media":0,"comment_status":"open","ping_status":"open","sticky":false,"template":"","format":"standard","meta":{"_acf_changed":false,"site-sidebar-layout":"default","site-content-layout":"","ast-site-content-layout":"default","site-content-style":"default","site-sidebar-style":"default","ast-global-header-display":"","ast-banner-title-visibility":"","ast-main-header-display":"","ast-hfb-above-header-display":"","ast-hfb-below-header-display":"","ast-hfb-mobile-header-display":"","site-post-title":"","ast-breadcrumbs-content":"","ast-featured-img":"","footer-sml-layout":"","theme-transparent-header-meta":"","adv-header-id-meta":"","stick-header-meta":"","header-above-stick-meta":"","header-main-stick-meta":"","header-below-stick-meta":"","astra-migrate-meta-layouts":"default","ast-page-background-enabled":"default","ast-page-background-meta":{"desktop":{"background-color":"var(--ast-global-color-4)","background-image":"","background-repeat":"repeat","background-position":"center center","background-size":"auto","background-attachment":"scroll","background-type":"","background-media":"","overlay-type":"","overlay-color":"","overlay-opacity":"","overlay-gradient":""},"tablet":{"background-color":"","background-image":"","background-repeat":"repeat","background-position":"center center","background-size":"auto","background-attachment":"scroll","background-type":"","background-media":"","overlay-type":"","overlay-color":"","overlay-opacity":"","overlay-gradient":""},"mobile":{"background-color":"","background-image":"","background-repeat":"repeat","background-position":"center center","background-size":"auto","background-attachment":"scroll","background-type":"","background-media":"","overlay-type":"","overlay-color":"","overlay-opacity":"","overlay-gradient":""}},"ast-content-background-meta":{"desktop":{"background-color":"var(--ast-global-color-5)","background-image":"","background-repeat":"repeat","background-position":"center center","background-size":"auto","background-attachment":"scroll","background-type":"","background-media":"","overlay-type":"","overlay-color":"","overlay-opacity":"","overlay-gradient":""},"tablet":{"background-color":"var(--ast-global-color-5)","background-image":"","background-repeat":"repeat","background-position":"center center","background-size":"auto","background-attachment":"scroll","background-type":"","background-media":"","overlay-type":"","overlay-color":"","overlay-opacity":"","overlay-gradient":""},"mobile":{"background-color":"var(--ast-global-color-5)","background-image":"","background-repeat":"repeat","background-position":"center center","background-size":"auto","background-attachment":"scroll","background-type":"","background-media":"","overlay-type":"","overlay-color":"","overlay-opacity":"","overlay-gradient":""}},"footnotes":""},"categories":[1],"tags":[],"class_list":["post-6847","post","type-post","status-publish","format-standard","hentry","category-sem-categoria"],"acf":[],"yoast_head":"<!-- This site is optimized with the Yoast SEO plugin v26.9 - https:\/\/yoast.com\/product\/yoast-seo-wordpress\/ -->\n<title>HMC convoca doadores de sangue para refor\u00e7ar estoques no Fim de Ano - Col\u00e9gio S\u00e3o Francisco Xavier<\/title>\n<meta name=\"robots\" content=\"index, follow, max-snippet:-1, max-image-preview:large, max-video-preview:-1\" \/>\n<link rel=\"canonical\" href=\"https:\/\/www.fsfx.com.br\/colegio-sao-francisco\/hmc-convoca-doadores-de-sangue-para-reforcar-estoques-no-fim-de-ano\/\" \/>\n<meta property=\"og:locale\" content=\"pt_BR\" \/>\n<meta property=\"og:type\" content=\"article\" \/>\n<meta property=\"og:title\" content=\"HMC convoca doadores de sangue para refor\u00e7ar estoques no Fim de Ano - Col\u00e9gio S\u00e3o Francisco Xavier\" \/>\n<meta property=\"og:description\" content=\"O Natal est\u00e1 chegando e, mais do que nunca, \u00e9 hora de partilhar. Todos os anos, na v\u00e9spera das festas de fim de ano, o n\u00famero de doa\u00e7\u00f5es de sangue no Hospital M\u00e1rcio Cunha cai bastante, por conta dos preparativos de viagem de quem decide passar o Natal e o R\u00e9veillon longe do Vale do [&hellip;]\" \/>\n<meta property=\"og:url\" content=\"https:\/\/www.fsfx.com.br\/colegio-sao-francisco\/hmc-convoca-doadores-de-sangue-para-reforcar-estoques-no-fim-de-ano\/\" \/>\n<meta property=\"og:site_name\" content=\"Col\u00e9gio S\u00e3o Francisco Xavier\" \/>\n<meta property=\"article:published_time\" content=\"2020-05-14T21:16:11+00:00\" \/>\n<meta property=\"og:image\" content=\"http:\/\/www.fsfx.com.br\/hospital-marcio-cunha\/wp-content\/uploads\/sites\/6\/2016\/12\/doacao_de_sangue_HMC-300x200.jpg\" \/>\n<meta name=\"author\" content=\"claudio\" \/>\n<meta name=\"twitter:card\" content=\"summary_large_image\" \/>\n<meta name=\"twitter:label1\" content=\"Escrito por\" \/>\n\t<meta name=\"twitter:data1\" content=\"claudio\" \/>\n\t<meta name=\"twitter:label2\" content=\"Est. tempo de leitura\" \/>\n\t<meta name=\"twitter:data2\" content=\"2 minutos\" \/>\n<script type=\"application\/ld+json\" class=\"yoast-schema-graph\">{\"@context\":\"https:\/\/schema.org\",\"@graph\":[{\"@type\":\"Article\",\"@id\":\"https:\/\/www.fsfx.com.br\/colegio-sao-francisco\/hmc-convoca-doadores-de-sangue-para-reforcar-estoques-no-fim-de-ano\/#article\",\"isPartOf\":{\"@id\":\"https:\/\/www.fsfx.com.br\/colegio-sao-francisco\/hmc-convoca-doadores-de-sangue-para-reforcar-estoques-no-fim-de-ano\/\"},\"author\":{\"name\":\"claudio\",\"@id\":\"https:\/\/www.fsfx.com.br\/colegio-sao-francisco\/#\/schema\/person\/7d2372fe1973398ab20a060bbb9a87d8\"},\"headline\":\"HMC convoca doadores de sangue para refor\u00e7ar estoques no Fim de Ano\",\"datePublished\":\"2020-05-14T21:16:11+00:00\",\"mainEntityOfPage\":{\"@id\":\"https:\/\/www.fsfx.com.br\/colegio-sao-francisco\/hmc-convoca-doadores-de-sangue-para-reforcar-estoques-no-fim-de-ano\/\"},\"wordCount\":477,\"commentCount\":0,\"publisher\":{\"@id\":\"https:\/\/www.fsfx.com.br\/colegio-sao-francisco\/#organization\"},\"image\":{\"@id\":\"https:\/\/www.fsfx.com.br\/colegio-sao-francisco\/hmc-convoca-doadores-de-sangue-para-reforcar-estoques-no-fim-de-ano\/#primaryimage\"},\"thumbnailUrl\":\"http:\/\/www.fsfx.com.br\/hospital-marcio-cunha\/wp-content\/uploads\/sites\/6\/2016\/12\/doacao_de_sangue_HMC-300x200.jpg\",\"inLanguage\":\"pt-BR\",\"potentialAction\":[{\"@type\":\"CommentAction\",\"name\":\"Comment\",\"target\":[\"https:\/\/www.fsfx.com.br\/colegio-sao-francisco\/hmc-convoca-doadores-de-sangue-para-reforcar-estoques-no-fim-de-ano\/#respond\"]}]},{\"@type\":\"WebPage\",\"@id\":\"https:\/\/www.fsfx.com.br\/colegio-sao-francisco\/hmc-convoca-doadores-de-sangue-para-reforcar-estoques-no-fim-de-ano\/\",\"url\":\"https:\/\/www.fsfx.com.br\/colegio-sao-francisco\/hmc-convoca-doadores-de-sangue-para-reforcar-estoques-no-fim-de-ano\/\",\"name\":\"HMC convoca doadores de sangue para refor\u00e7ar estoques no Fim de Ano - Col\u00e9gio S\u00e3o Francisco Xavier\",\"isPartOf\":{\"@id\":\"https:\/\/www.fsfx.com.br\/colegio-sao-francisco\/#website\"},\"primaryImageOfPage\":{\"@id\":\"https:\/\/www.fsfx.com.br\/colegio-sao-francisco\/hmc-convoca-doadores-de-sangue-para-reforcar-estoques-no-fim-de-ano\/#primaryimage\"},\"image\":{\"@id\":\"https:\/\/www.fsfx.com.br\/colegio-sao-francisco\/hmc-convoca-doadores-de-sangue-para-reforcar-estoques-no-fim-de-ano\/#primaryimage\"},\"thumbnailUrl\":\"http:\/\/www.fsfx.com.br\/hospital-marcio-cunha\/wp-content\/uploads\/sites\/6\/2016\/12\/doacao_de_sangue_HMC-300x200.jpg\",\"datePublished\":\"2020-05-14T21:16:11+00:00\",\"breadcrumb\":{\"@id\":\"https:\/\/www.fsfx.com.br\/colegio-sao-francisco\/hmc-convoca-doadores-de-sangue-para-reforcar-estoques-no-fim-de-ano\/#breadcrumb\"},\"inLanguage\":\"pt-BR\",\"potentialAction\":[{\"@type\":\"ReadAction\",\"target\":[\"https:\/\/www.fsfx.com.br\/colegio-sao-francisco\/hmc-convoca-doadores-de-sangue-para-reforcar-estoques-no-fim-de-ano\/\"]}]},{\"@type\":\"ImageObject\",\"inLanguage\":\"pt-BR\",\"@id\":\"https:\/\/www.fsfx.com.br\/colegio-sao-francisco\/hmc-convoca-doadores-de-sangue-para-reforcar-estoques-no-fim-de-ano\/#primaryimage\",\"url\":\"http:\/\/www.fsfx.com.br\/hospital-marcio-cunha\/wp-content\/uploads\/sites\/6\/2016\/12\/doacao_de_sangue_HMC-300x200.jpg\",\"contentUrl\":\"http:\/\/www.fsfx.com.br\/hospital-marcio-cunha\/wp-content\/uploads\/sites\/6\/2016\/12\/doacao_de_sangue_HMC-300x200.jpg\"},{\"@type\":\"BreadcrumbList\",\"@id\":\"https:\/\/www.fsfx.com.br\/colegio-sao-francisco\/hmc-convoca-doadores-de-sangue-para-reforcar-estoques-no-fim-de-ano\/#breadcrumb\",\"itemListElement\":[{\"@type\":\"ListItem\",\"position\":1,\"name\":\"In\u00edcio\",\"item\":\"https:\/\/www.fsfx.com.br\/colegio-sao-francisco\/\"},{\"@type\":\"ListItem\",\"position\":2,\"name\":\"HMC convoca doadores de sangue para refor\u00e7ar estoques no Fim de Ano\"}]},{\"@type\":\"WebSite\",\"@id\":\"https:\/\/www.fsfx.com.br\/colegio-sao-francisco\/#website\",\"url\":\"https:\/\/www.fsfx.com.br\/colegio-sao-francisco\/\",\"name\":\"Col\u00e9gio S\u00e3o Francisco Xavier\",\"description\":\"\",\"publisher\":{\"@id\":\"https:\/\/www.fsfx.com.br\/colegio-sao-francisco\/#organization\"},\"potentialAction\":[{\"@type\":\"SearchAction\",\"target\":{\"@type\":\"EntryPoint\",\"urlTemplate\":\"https:\/\/www.fsfx.com.br\/colegio-sao-francisco\/?s={search_term_string}\"},\"query-input\":{\"@type\":\"PropertyValueSpecification\",\"valueRequired\":true,\"valueName\":\"search_term_string\"}}],\"inLanguage\":\"pt-BR\"},{\"@type\":\"Organization\",\"@id\":\"https:\/\/www.fsfx.com.br\/colegio-sao-francisco\/#organization\",\"name\":\"CSFX - Col\u00e9gio S\u00e3o Francisco Xavier\",\"url\":\"https:\/\/www.fsfx.com.br\/colegio-sao-francisco\/\",\"logo\":{\"@type\":\"ImageObject\",\"inLanguage\":\"pt-BR\",\"@id\":\"https:\/\/www.fsfx.com.br\/colegio-sao-francisco\/#\/schema\/logo\/image\/\",\"url\":\"https:\/\/www.fsfx.com.br\/colegio-sao-francisco\/wp-content\/uploads\/sites\/10\/2020\/02\/logo.png\",\"contentUrl\":\"https:\/\/www.fsfx.com.br\/colegio-sao-francisco\/wp-content\/uploads\/sites\/10\/2020\/02\/logo.png\",\"width\":175,\"height\":40,\"caption\":\"CSFX - Col\u00e9gio S\u00e3o Francisco Xavier\"},\"image\":{\"@id\":\"https:\/\/www.fsfx.com.br\/colegio-sao-francisco\/#\/schema\/logo\/image\/\"}},{\"@type\":\"Person\",\"@id\":\"https:\/\/www.fsfx.com.br\/colegio-sao-francisco\/#\/schema\/person\/7d2372fe1973398ab20a060bbb9a87d8\",\"name\":\"claudio\",\"image\":{\"@type\":\"ImageObject\",\"inLanguage\":\"pt-BR\",\"@id\":\"https:\/\/www.fsfx.com.br\/colegio-sao-francisco\/#\/schema\/person\/image\/\",\"url\":\"https:\/\/secure.gravatar.com\/avatar\/724caacf0f2f073275cb3689c577e73e87e40150b1ffd648a67445e75aa7ff03?s=96&d=mm&r=g\",\"contentUrl\":\"https:\/\/secure.gravatar.com\/avatar\/724caacf0f2f073275cb3689c577e73e87e40150b1ffd648a67445e75aa7ff03?s=96&d=mm&r=g\",\"caption\":\"claudio\"},\"url\":\"https:\/\/www.fsfx.com.br\/colegio-sao-francisco\/author\/claudio\/\"}]}<\/script>\n<!-- \/ Yoast SEO plugin. -->","yoast_head_json":{"title":"HMC convoca doadores de sangue para refor\u00e7ar estoques no Fim de Ano - Col\u00e9gio S\u00e3o Francisco Xavier","robots":{"index":"index","follow":"follow","max-snippet":"max-snippet:-1","max-image-preview":"max-image-preview:large","max-video-preview":"max-video-preview:-1"},"canonical":"https:\/\/www.fsfx.com.br\/colegio-sao-francisco\/hmc-convoca-doadores-de-sangue-para-reforcar-estoques-no-fim-de-ano\/","og_locale":"pt_BR","og_type":"article","og_title":"HMC convoca doadores de sangue para refor\u00e7ar estoques no Fim de Ano - Col\u00e9gio S\u00e3o Francisco Xavier","og_description":"O Natal est\u00e1 chegando e, mais do que nunca, \u00e9 hora de partilhar. Todos os anos, na v\u00e9spera das festas de fim de ano, o n\u00famero de doa\u00e7\u00f5es de sangue no Hospital M\u00e1rcio Cunha cai bastante, por conta dos preparativos de viagem de quem decide passar o Natal e o R\u00e9veillon longe do Vale do [&hellip;]","og_url":"https:\/\/www.fsfx.com.br\/colegio-sao-francisco\/hmc-convoca-doadores-de-sangue-para-reforcar-estoques-no-fim-de-ano\/","og_site_name":"Col\u00e9gio S\u00e3o Francisco Xavier","article_published_time":"2020-05-14T21:16:11+00:00","og_image":[{"url":"http:\/\/www.fsfx.com.br\/hospital-marcio-cunha\/wp-content\/uploads\/sites\/6\/2016\/12\/doacao_de_sangue_HMC-300x200.jpg","type":"","width":"","height":""}],"author":"claudio","twitter_card":"summary_large_image","twitter_misc":{"Escrito por":"claudio","Est. tempo de leitura":"2 minutos"},"schema":{"@context":"https:\/\/schema.org","@graph":[{"@type":"Article","@id":"https:\/\/www.fsfx.com.br\/colegio-sao-francisco\/hmc-convoca-doadores-de-sangue-para-reforcar-estoques-no-fim-de-ano\/#article","isPartOf":{"@id":"https:\/\/www.fsfx.com.br\/colegio-sao-francisco\/hmc-convoca-doadores-de-sangue-para-reforcar-estoques-no-fim-de-ano\/"},"author":{"name":"claudio","@id":"https:\/\/www.fsfx.com.br\/colegio-sao-francisco\/#\/schema\/person\/7d2372fe1973398ab20a060bbb9a87d8"},"headline":"HMC convoca doadores de sangue para refor\u00e7ar estoques no Fim de Ano","datePublished":"2020-05-14T21:16:11+00:00","mainEntityOfPage":{"@id":"https:\/\/www.fsfx.com.br\/colegio-sao-francisco\/hmc-convoca-doadores-de-sangue-para-reforcar-estoques-no-fim-de-ano\/"},"wordCount":477,"commentCount":0,"publisher":{"@id":"https:\/\/www.fsfx.com.br\/colegio-sao-francisco\/#organization"},"image":{"@id":"https:\/\/www.fsfx.com.br\/colegio-sao-francisco\/hmc-convoca-doadores-de-sangue-para-reforcar-estoques-no-fim-de-ano\/#primaryimage"},"thumbnailUrl":"http:\/\/www.fsfx.com.br\/hospital-marcio-cunha\/wp-content\/uploads\/sites\/6\/2016\/12\/doacao_de_sangue_HMC-300x200.jpg","inLanguage":"pt-BR","potentialAction":[{"@type":"CommentAction","name":"Comment","target":["https:\/\/www.fsfx.com.br\/colegio-sao-francisco\/hmc-convoca-doadores-de-sangue-para-reforcar-estoques-no-fim-de-ano\/#respond"]}]},{"@type":"WebPage","@id":"https:\/\/www.fsfx.com.br\/colegio-sao-francisco\/hmc-convoca-doadores-de-sangue-para-reforcar-estoques-no-fim-de-ano\/","url":"https:\/\/www.fsfx.com.br\/colegio-sao-francisco\/hmc-convoca-doadores-de-sangue-para-reforcar-estoques-no-fim-de-ano\/","name":"HMC convoca doadores de sangue para refor\u00e7ar estoques no Fim de Ano - Col\u00e9gio S\u00e3o Francisco Xavier","isPartOf":{"@id":"https:\/\/www.fsfx.com.br\/colegio-sao-francisco\/#website"},"primaryImageOfPage":{"@id":"https:\/\/www.fsfx.com.br\/colegio-sao-francisco\/hmc-convoca-doadores-de-sangue-para-reforcar-estoques-no-fim-de-ano\/#primaryimage"},"image":{"@id":"https:\/\/www.fsfx.com.br\/colegio-sao-francisco\/hmc-convoca-doadores-de-sangue-para-reforcar-estoques-no-fim-de-ano\/#primaryimage"},"thumbnailUrl":"http:\/\/www.fsfx.com.br\/hospital-marcio-cunha\/wp-content\/uploads\/sites\/6\/2016\/12\/doacao_de_sangue_HMC-300x200.jpg","datePublished":"2020-05-14T21:16:11+00:00","breadcrumb":{"@id":"https:\/\/www.fsfx.com.br\/colegio-sao-francisco\/hmc-convoca-doadores-de-sangue-para-reforcar-estoques-no-fim-de-ano\/#breadcrumb"},"inLanguage":"pt-BR","potentialAction":[{"@type":"ReadAction","target":["https:\/\/www.fsfx.com.br\/colegio-sao-francisco\/hmc-convoca-doadores-de-sangue-para-reforcar-estoques-no-fim-de-ano\/"]}]},{"@type":"ImageObject","inLanguage":"pt-BR","@id":"https:\/\/www.fsfx.com.br\/colegio-sao-francisco\/hmc-convoca-doadores-de-sangue-para-reforcar-estoques-no-fim-de-ano\/#primaryimage","url":"http:\/\/www.fsfx.com.br\/hospital-marcio-cunha\/wp-content\/uploads\/sites\/6\/2016\/12\/doacao_de_sangue_HMC-300x200.jpg","contentUrl":"http:\/\/www.fsfx.com.br\/hospital-marcio-cunha\/wp-content\/uploads\/sites\/6\/2016\/12\/doacao_de_sangue_HMC-300x200.jpg"},{"@type":"BreadcrumbList","@id":"https:\/\/www.fsfx.com.br\/colegio-sao-francisco\/hmc-convoca-doadores-de-sangue-para-reforcar-estoques-no-fim-de-ano\/#breadcrumb","itemListElement":[{"@type":"ListItem","position":1,"name":"In\u00edcio","item":"https:\/\/www.fsfx.com.br\/colegio-sao-francisco\/"},{"@type":"ListItem","position":2,"name":"HMC convoca doadores de sangue para refor\u00e7ar estoques no Fim de Ano"}]},{"@type":"WebSite","@id":"https:\/\/www.fsfx.com.br\/colegio-sao-francisco\/#website","url":"https:\/\/www.fsfx.com.br\/colegio-sao-francisco\/","name":"Col\u00e9gio S\u00e3o Francisco Xavier","description":"","publisher":{"@id":"https:\/\/www.fsfx.com.br\/colegio-sao-francisco\/#organization"},"potentialAction":[{"@type":"SearchAction","target":{"@type":"EntryPoint","urlTemplate":"https:\/\/www.fsfx.com.br\/colegio-sao-francisco\/?s={search_term_string}"},"query-input":{"@type":"PropertyValueSpecification","valueRequired":true,"valueName":"search_term_string"}}],"inLanguage":"pt-BR"},{"@type":"Organization","@id":"https:\/\/www.fsfx.com.br\/colegio-sao-francisco\/#organization","name":"CSFX - Col\u00e9gio S\u00e3o Francisco Xavier","url":"https:\/\/www.fsfx.com.br\/colegio-sao-francisco\/","logo":{"@type":"ImageObject","inLanguage":"pt-BR","@id":"https:\/\/www.fsfx.com.br\/colegio-sao-francisco\/#\/schema\/logo\/image\/","url":"https:\/\/www.fsfx.com.br\/colegio-sao-francisco\/wp-content\/uploads\/sites\/10\/2020\/02\/logo.png","contentUrl":"https:\/\/www.fsfx.com.br\/colegio-sao-francisco\/wp-content\/uploads\/sites\/10\/2020\/02\/logo.png","width":175,"height":40,"caption":"CSFX - Col\u00e9gio S\u00e3o Francisco Xavier"},"image":{"@id":"https:\/\/www.fsfx.com.br\/colegio-sao-francisco\/#\/schema\/logo\/image\/"}},{"@type":"Person","@id":"https:\/\/www.fsfx.com.br\/colegio-sao-francisco\/#\/schema\/person\/7d2372fe1973398ab20a060bbb9a87d8","name":"claudio","image":{"@type":"ImageObject","inLanguage":"pt-BR","@id":"https:\/\/www.fsfx.com.br\/colegio-sao-francisco\/#\/schema\/person\/image\/","url":"https:\/\/secure.gravatar.com\/avatar\/724caacf0f2f073275cb3689c577e73e87e40150b1ffd648a67445e75aa7ff03?s=96&d=mm&r=g","contentUrl":"https:\/\/secure.gravatar.com\/avatar\/724caacf0f2f073275cb3689c577e73e87e40150b1ffd648a67445e75aa7ff03?s=96&d=mm&r=g","caption":"claudio"},"url":"https:\/\/www.fsfx.com.br\/colegio-sao-francisco\/author\/claudio\/"}]}},"_links":{"self":[{"href":"https:\/\/www.fsfx.com.br\/colegio-sao-francisco\/wp-json\/wp\/v2\/posts\/6847","targetHints":{"allow":["GET"]}}],"collection":[{"href":"https:\/\/www.fsfx.com.br\/colegio-sao-francisco\/wp-json\/wp\/v2\/posts"}],"about":[{"href":"https:\/\/www.fsfx.com.br\/colegio-sao-francisco\/wp-json\/wp\/v2\/types\/post"}],"author":[{"embeddable":true,"href":"https:\/\/www.fsfx.com.br\/colegio-sao-francisco\/wp-json\/wp\/v2\/users\/2"}],"replies":[{"embeddable":true,"href":"https:\/\/www.fsfx.com.br\/colegio-sao-francisco\/wp-json\/wp\/v2\/comments?post=6847"}],"version-history":[{"count":0,"href":"https:\/\/www.fsfx.com.br\/colegio-sao-francisco\/wp-json\/wp\/v2\/posts\/6847\/revisions"}],"wp:attachment":[{"href":"https:\/\/www.fsfx.com.br\/colegio-sao-francisco\/wp-json\/wp\/v2\/media?parent=6847"}],"wp:term":[{"taxonomy":"category","embeddable":true,"href":"https:\/\/www.fsfx.com.br\/colegio-sao-francisco\/wp-json\/wp\/v2\/categories?post=6847"},{"taxonomy":"post_tag","embeddable":true,"href":"https:\/\/www.fsfx.com.br\/colegio-sao-francisco\/wp-json\/wp\/v2\/tags?post=6847"}],"curies":[{"name":"wp","href":"https:\/\/api.w.org\/{rel}","templated":true}]}}