{"id":6848,"date":"2020-05-14T18:16:13","date_gmt":"2020-05-14T21:16:13","guid":{"rendered":"http:\/\/fsfx.com.br\/\/csfx\/2020\/05\/14\/fundacao-sao-francisco-xavier-realizara-i-congresso-internacional-de-atencao-integral-a-saude\/"},"modified":"2020-05-14T18:16:13","modified_gmt":"2020-05-14T21:16:13","slug":"fundacao-sao-francisco-xavier-realizara-i-congresso-internacional-de-atencao-integral-a-saude","status":"publish","type":"post","link":"https:\/\/www.fsfx.com.br\/colegio-sao-francisco\/fundacao-sao-francisco-xavier-realizara-i-congresso-internacional-de-atencao-integral-a-saude\/","title":{"rendered":"Funda\u00e7\u00e3o S\u00e3o Francisco Xavier realizar\u00e1 I Congresso Internacional de Aten\u00e7\u00e3o Integral \u00e0 Sa\u00fade"},"content":{"rendered":"<p>A Funda\u00e7\u00e3o S\u00e3o Francisco Xavier (FSFX) reunir\u00e1 especialistas em cuidados com a sa\u00fade de Minas Gerais, de S\u00e3o Paulo e dos Estados Unidos em Ipatinga, MG, para um evento \u00e0 altura da relev\u00e2ncia do tema. Trata-se do I Congresso Internacional de Aten\u00e7\u00e3o Integral \u00e0 Sa\u00fade da FSFX \u0096 Usifam\u00edlia, que ser\u00e1 realizado no dia 05 de dezembro, no Teatro do Centro Cultural Usiminas, com expectativa de casa cheia.<\/p>\n<p>Destinado a profissionais e estudantes da \u00e1rea da sa\u00fade, o evento ter\u00e1 as inscri\u00e7\u00f5es gratuitas, que ficar\u00e3o abertas somente at\u00e9 a pr\u00f3xima quarta, dia 30. Os participantes que optarem por ir de carro ao encontro ter\u00e3o ainda isen\u00e7\u00e3o de estacionamento no Shopping do Vale do A\u00e7o, onde fica o Centro Cultural Usiminas, durante 12 horas.\u00a0<em>(Atualiza\u00e7\u00e3o:\u00a0<strong>as inscri\u00e7\u00f5es j\u00e1 est\u00e3o esgotadas<\/strong>)<\/em><\/p>\n<p><a href=\"http:\/\/www.fsfx.com.br\/hospital-marcio-cunha\/wp-content\/uploads\/sites\/6\/2016\/11\/BANNER_ENTRADA_6X55-OK.jpg\"><img fetchpriority=\"high\" decoding=\"async\" class=\"alignright size-medium wp-image-1544\" src=\"http:\/\/www.fsfx.com.br\/hospital-marcio-cunha\/wp-content\/uploads\/sites\/6\/2016\/11\/BANNER_ENTRADA_6X55-OK-300x275.jpg\" alt=\"BANNER_ENTRADA_6X5,5-OK\" width=\"300\" height=\"275\" \/><\/a>O Congresso Internacional apresenta uma extensa programa\u00e7\u00e3o, a partir das 13h. Logo ap\u00f3s a abertura, haver\u00e1 uma confer\u00eancia magna sobre <em>Os desafios da Aten\u00e7\u00e3o Integral \u00e0 Sa\u00fade no Brasil na Perspectiva da Rede de Aten\u00e7\u00e3o \u00e0 Sa\u00fade<\/em>, com o consultor da Organiza\u00e7\u00e3o Pan-Americana de Sa\u00fade, Eug\u00eanio Vila\u00e7a Mendes. Na sequ\u00eancia, o evento seguir\u00e1 com palestras e mesas-redondas, a come\u00e7ar pela apresenta\u00e7\u00e3o <em>O modelo de Gest\u00e3o Integral \u00e0 Sa\u00fade centrado no idoso e sua fam\u00edlia<\/em>, com o coordenador do Hospital das Cl\u00ednicas da UFMG Edgar Nunes de Moraes.<\/p>\n<p>O evento contar\u00e1 ainda com a participa\u00e7\u00e3o especial do m\u00e9dico especialista em Aten\u00e7\u00e3o Prim\u00e1ria \u00e0 Sa\u00fade e professor da Escola de Medicina da Universidade de Harvard, Rob Janett. Ele falar\u00e1 sobre <em>A contribui\u00e7\u00e3o da Aten\u00e7\u00e3o Prim\u00e1ria no Remodelamento do Sistema de Sa\u00fade, <\/em>contando sobre suas experi\u00eancias em diversos centros e hospitais, entre eles o <em>Cambridge Health Alliance<\/em>, o modelo assistencial que inspirou em 2014 a cria\u00e7\u00e3o do Usifam\u00edlia, a unidade de Aten\u00e7\u00e3o Integral da Usisa\u00fade e da Funda\u00e7\u00e3o S\u00e3o Francisco Xavier, em Ipatinga. De l\u00e1 para c\u00e1, o Usifam\u00edlia cresceu, se expandiu para outras duas cidades, Belo Horizonte e Santos, e hoje acompanha a sa\u00fade de mais de 16 mil pacientes.<\/p>\n<p>O ciclo de palestras inclui ainda <em>A Aten\u00e7\u00e3o Integral \u00e0 Sa\u00fade pela FSFX, <\/em>com Mauro Oscar Souza Lima, superintendente Geral de Hospitais da Funda\u00e7\u00e3o; <em>Cuidado Paliativo<\/em>, com Toshio Chiba, m\u00e9dico geriatra e chefe do Servi\u00e7o de Cuidados Paliativos no Instituto do C\u00e2ncer do Estado de S\u00e3o Paulo; <em>Cuidado Domiciliar<\/em>, com Fl\u00e1via Lanna de Moraes, especialista em Geriatria e em Medicina da Fam\u00edlia e Comunidade, al\u00e9m de coordenadora do programa Mais Vida em Casa, do Hospital das Cl\u00ednicas da UFMG; <em>O papel indutor da ag\u00eancia nacional de sa\u00fade suplementar na aten\u00e7\u00e3o \u00e0 sa\u00fade do idoso<\/em>, com Daniele Pinto da Silveira, diretora na Ag\u00eancia Nacional de Sa\u00fade Suplementar (ANS); <em>A utiliza\u00e7\u00e3o do \u0093Diagnosis Related Groups\u0094 (DRGs) como ferramenta na gest\u00e3o da qualidade\u0094<\/em>, com T\u00e2nia Grillo, diretora do IAG Sa\u00fade; e <em>O autocuidado apoiado e o cuidado familiar<\/em>, com Raquel Souza Azevedo, enfermeira geront\u00f3loga do Hospital das Cl\u00ednicas da UFMG.<\/p>\n<p><a href=\"http:\/\/www.fsfx.com.br\/wp-content\/uploads\/2016\/11\/PROGRAMACAO_A4_SimposioFSFX.pdf\"><em><strong>Clique aqui para conferir a programa\u00e7\u00e3o completa<\/strong><\/em><\/a><\/p>\n<p>O I Congresso Internacional de Aten\u00e7\u00e3o Integral \u00e0 Sa\u00fade da FSFX \u0096 Usifam\u00edlia marcar\u00e1 ainda o lan\u00e7amento do livro <em>Usifam\u00edlia: um modelo inovador de aten\u00e7\u00e3o integral na sa\u00fade suplementar<\/em>, em comemora\u00e7\u00e3o aos 2 anos de lan\u00e7amento da unidade.<\/p>\n<p>&nbsp;<\/p>\n<p><strong>Modelo diferenciado<\/strong><\/p>\n<p>Um dos diferenciais do Usifam\u00edlia \u00e9 a realiza\u00e7\u00e3o do<span style=\"text-decoration: line-through\">s<\/span> atendimento<span style=\"text-decoration: line-through\">s<\/span> dos pacientes por uma mesma equipe em um mesmo lugar. \u0093Isso educa o benefici\u00e1rio, evitando a busca desenfreada por especialistas diferentes, por conta pr\u00f3pria \u0096 e muitas vezes errada \u0096 a cada vez que n\u00e3o se sentir bem. A proposta \u00e9 trazer o paciente para o centro das aten\u00e7\u00f5es, permitindo o resgate de princ\u00edpios e valores essenciais para uma adequada abordagem assistencial a partir de protocolos e diretrizes cl\u00ednicas, realizando uma melhor gest\u00e3o das doen\u00e7as cr\u00f4nicas\u0094, explica Adseu \u00c1lvares de Andrade, superintendente de Planos de Sa\u00fade da FSFX.<\/p>\n<p>\u0093O modelo de Aten\u00e7\u00e3o Integral proposto pela Funda\u00e7\u00e3o S\u00e3o Francisco Xavier \u00e9 extremamente importante para superarmos os desafios e as limita\u00e7\u00f5es do modelo vigente. Nosso compromisso com o Usifam\u00edlia \u00e9 torn\u00e1-lo a porta de entrada mais importante para os benefici\u00e1rios da operadora, capaz de orient\u00e1-los dentro do nosso sistema de sa\u00fade no caminho do atendimento seguro, de qualidade e com resolutividade para as suas necessidades de sa\u00fade\u0094, resume Lu\u00eds M\u00e1rcio Ara\u00fajo Ramos, diretor executivo da FSFX.<\/p>\n<p>&nbsp;<\/p>\n","protected":false},"excerpt":{"rendered":"<p>A Funda\u00e7\u00e3o S\u00e3o Francisco Xavier (FSFX) reunir\u00e1 especialistas em cuidados com a sa\u00fade de Minas Gerais, de S\u00e3o Paulo e dos Estados Unidos em Ipatinga, MG, para um evento \u00e0 altura da relev\u00e2ncia do tema. Trata-se do I Congresso Internacional de Aten\u00e7\u00e3o Integral \u00e0 Sa\u00fade da FSFX \u0096 Usifam\u00edlia, que ser\u00e1 realizado no dia 05 [&hellip;]<\/p>\n","protected":false},"author":2,"featured_media":0,"comment_status":"open","ping_status":"open","sticky":false,"template":"","format":"standard","meta":{"_acf_changed":false,"site-sidebar-layout":"default","site-content-layout":"","ast-site-content-layout":"default","site-content-style":"default","site-sidebar-style":"default","ast-global-header-display":"","ast-banner-title-visibility":"","ast-main-header-display":"","ast-hfb-above-header-display":"","ast-hfb-below-header-display":"","ast-hfb-mobile-header-display":"","site-post-title":"","ast-breadcrumbs-content":"","ast-featured-img":"","footer-sml-layout":"","theme-transparent-header-meta":"","adv-header-id-meta":"","stick-header-meta":"","header-above-stick-meta":"","header-main-stick-meta":"","header-below-stick-meta":"","astra-migrate-meta-layouts":"default","ast-page-background-enabled":"default","ast-page-background-meta":{"desktop":{"background-color":"var(--ast-global-color-4)","background-image":"","background-repeat":"repeat","background-position":"center center","background-size":"auto","background-attachment":"scroll","background-type":"","background-media":"","overlay-type":"","overlay-color":"","overlay-opacity":"","overlay-gradient":""},"tablet":{"background-color":"","background-image":"","background-repeat":"repeat","background-position":"center center","background-size":"auto","background-attachment":"scroll","background-type":"","background-media":"","overlay-type":"","overlay-color":"","overlay-opacity":"","overlay-gradient":""},"mobile":{"background-color":"","background-image":"","background-repeat":"repeat","background-position":"center center","background-size":"auto","background-attachment":"scroll","background-type":"","background-media":"","overlay-type":"","overlay-color":"","overlay-opacity":"","overlay-gradient":""}},"ast-content-background-meta":{"desktop":{"background-color":"var(--ast-global-color-5)","background-image":"","background-repeat":"repeat","background-position":"center center","background-size":"auto","background-attachment":"scroll","background-type":"","background-media":"","overlay-type":"","overlay-color":"","overlay-opacity":"","overlay-gradient":""},"tablet":{"background-color":"var(--ast-global-color-5)","background-image":"","background-repeat":"repeat","background-position":"center center","background-size":"auto","background-attachment":"scroll","background-type":"","background-media":"","overlay-type":"","overlay-color":"","overlay-opacity":"","overlay-gradient":""},"mobile":{"background-color":"var(--ast-global-color-5)","background-image":"","background-repeat":"repeat","background-position":"center center","background-size":"auto","background-attachment":"scroll","background-type":"","background-media":"","overlay-type":"","overlay-color":"","overlay-opacity":"","overlay-gradient":""}},"footnotes":""},"categories":[1],"tags":[],"class_list":["post-6848","post","type-post","status-publish","format-standard","hentry","category-sem-categoria"],"acf":[],"yoast_head":"<!-- This site is optimized with the Yoast SEO plugin v26.9 - https:\/\/yoast.com\/product\/yoast-seo-wordpress\/ -->\n<title>Funda\u00e7\u00e3o S\u00e3o Francisco Xavier realizar\u00e1 I Congresso Internacional de Aten\u00e7\u00e3o Integral \u00e0 Sa\u00fade - Col\u00e9gio S\u00e3o Francisco Xavier<\/title>\n<meta name=\"robots\" content=\"index, follow, max-snippet:-1, max-image-preview:large, max-video-preview:-1\" \/>\n<link rel=\"canonical\" href=\"https:\/\/www.fsfx.com.br\/colegio-sao-francisco\/fundacao-sao-francisco-xavier-realizara-i-congresso-internacional-de-atencao-integral-a-saude\/\" \/>\n<meta property=\"og:locale\" content=\"pt_BR\" \/>\n<meta property=\"og:type\" content=\"article\" \/>\n<meta property=\"og:title\" content=\"Funda\u00e7\u00e3o S\u00e3o Francisco Xavier realizar\u00e1 I Congresso Internacional de Aten\u00e7\u00e3o Integral \u00e0 Sa\u00fade - Col\u00e9gio S\u00e3o Francisco Xavier\" \/>\n<meta property=\"og:description\" content=\"A Funda\u00e7\u00e3o S\u00e3o Francisco Xavier (FSFX) reunir\u00e1 especialistas em cuidados com a sa\u00fade de Minas Gerais, de S\u00e3o Paulo e dos Estados Unidos em Ipatinga, MG, para um evento \u00e0 altura da relev\u00e2ncia do tema. Trata-se do I Congresso Internacional de Aten\u00e7\u00e3o Integral \u00e0 Sa\u00fade da FSFX \u0096 Usifam\u00edlia, que ser\u00e1 realizado no dia 05 [&hellip;]\" \/>\n<meta property=\"og:url\" content=\"https:\/\/www.fsfx.com.br\/colegio-sao-francisco\/fundacao-sao-francisco-xavier-realizara-i-congresso-internacional-de-atencao-integral-a-saude\/\" \/>\n<meta property=\"og:site_name\" content=\"Col\u00e9gio S\u00e3o Francisco Xavier\" \/>\n<meta property=\"article:published_time\" content=\"2020-05-14T21:16:13+00:00\" \/>\n<meta property=\"og:image\" content=\"http:\/\/www.fsfx.com.br\/hospital-marcio-cunha\/wp-content\/uploads\/sites\/6\/2016\/11\/BANNER_ENTRADA_6X55-OK-300x275.jpg\" \/>\n<meta name=\"author\" content=\"claudio\" \/>\n<meta name=\"twitter:card\" content=\"summary_large_image\" \/>\n<meta name=\"twitter:label1\" content=\"Escrito por\" \/>\n\t<meta name=\"twitter:data1\" content=\"claudio\" \/>\n\t<meta name=\"twitter:label2\" content=\"Est. tempo de leitura\" \/>\n\t<meta name=\"twitter:data2\" content=\"4 minutos\" \/>\n<script type=\"application\/ld+json\" class=\"yoast-schema-graph\">{\"@context\":\"https:\/\/schema.org\",\"@graph\":[{\"@type\":\"Article\",\"@id\":\"https:\/\/www.fsfx.com.br\/colegio-sao-francisco\/fundacao-sao-francisco-xavier-realizara-i-congresso-internacional-de-atencao-integral-a-saude\/#article\",\"isPartOf\":{\"@id\":\"https:\/\/www.fsfx.com.br\/colegio-sao-francisco\/fundacao-sao-francisco-xavier-realizara-i-congresso-internacional-de-atencao-integral-a-saude\/\"},\"author\":{\"name\":\"claudio\",\"@id\":\"https:\/\/www.fsfx.com.br\/colegio-sao-francisco\/#\/schema\/person\/7d2372fe1973398ab20a060bbb9a87d8\"},\"headline\":\"Funda\u00e7\u00e3o S\u00e3o Francisco Xavier realizar\u00e1 I Congresso Internacional de Aten\u00e7\u00e3o Integral \u00e0 Sa\u00fade\",\"datePublished\":\"2020-05-14T21:16:13+00:00\",\"mainEntityOfPage\":{\"@id\":\"https:\/\/www.fsfx.com.br\/colegio-sao-francisco\/fundacao-sao-francisco-xavier-realizara-i-congresso-internacional-de-atencao-integral-a-saude\/\"},\"wordCount\":802,\"commentCount\":0,\"publisher\":{\"@id\":\"https:\/\/www.fsfx.com.br\/colegio-sao-francisco\/#organization\"},\"image\":{\"@id\":\"https:\/\/www.fsfx.com.br\/colegio-sao-francisco\/fundacao-sao-francisco-xavier-realizara-i-congresso-internacional-de-atencao-integral-a-saude\/#primaryimage\"},\"thumbnailUrl\":\"http:\/\/www.fsfx.com.br\/hospital-marcio-cunha\/wp-content\/uploads\/sites\/6\/2016\/11\/BANNER_ENTRADA_6X55-OK-300x275.jpg\",\"inLanguage\":\"pt-BR\",\"potentialAction\":[{\"@type\":\"CommentAction\",\"name\":\"Comment\",\"target\":[\"https:\/\/www.fsfx.com.br\/colegio-sao-francisco\/fundacao-sao-francisco-xavier-realizara-i-congresso-internacional-de-atencao-integral-a-saude\/#respond\"]}]},{\"@type\":\"WebPage\",\"@id\":\"https:\/\/www.fsfx.com.br\/colegio-sao-francisco\/fundacao-sao-francisco-xavier-realizara-i-congresso-internacional-de-atencao-integral-a-saude\/\",\"url\":\"https:\/\/www.fsfx.com.br\/colegio-sao-francisco\/fundacao-sao-francisco-xavier-realizara-i-congresso-internacional-de-atencao-integral-a-saude\/\",\"name\":\"Funda\u00e7\u00e3o S\u00e3o Francisco Xavier realizar\u00e1 I Congresso Internacional de Aten\u00e7\u00e3o Integral \u00e0 Sa\u00fade - Col\u00e9gio S\u00e3o Francisco Xavier\",\"isPartOf\":{\"@id\":\"https:\/\/www.fsfx.com.br\/colegio-sao-francisco\/#website\"},\"primaryImageOfPage\":{\"@id\":\"https:\/\/www.fsfx.com.br\/colegio-sao-francisco\/fundacao-sao-francisco-xavier-realizara-i-congresso-internacional-de-atencao-integral-a-saude\/#primaryimage\"},\"image\":{\"@id\":\"https:\/\/www.fsfx.com.br\/colegio-sao-francisco\/fundacao-sao-francisco-xavier-realizara-i-congresso-internacional-de-atencao-integral-a-saude\/#primaryimage\"},\"thumbnailUrl\":\"http:\/\/www.fsfx.com.br\/hospital-marcio-cunha\/wp-content\/uploads\/sites\/6\/2016\/11\/BANNER_ENTRADA_6X55-OK-300x275.jpg\",\"datePublished\":\"2020-05-14T21:16:13+00:00\",\"breadcrumb\":{\"@id\":\"https:\/\/www.fsfx.com.br\/colegio-sao-francisco\/fundacao-sao-francisco-xavier-realizara-i-congresso-internacional-de-atencao-integral-a-saude\/#breadcrumb\"},\"inLanguage\":\"pt-BR\",\"potentialAction\":[{\"@type\":\"ReadAction\",\"target\":[\"https:\/\/www.fsfx.com.br\/colegio-sao-francisco\/fundacao-sao-francisco-xavier-realizara-i-congresso-internacional-de-atencao-integral-a-saude\/\"]}]},{\"@type\":\"ImageObject\",\"inLanguage\":\"pt-BR\",\"@id\":\"https:\/\/www.fsfx.com.br\/colegio-sao-francisco\/fundacao-sao-francisco-xavier-realizara-i-congresso-internacional-de-atencao-integral-a-saude\/#primaryimage\",\"url\":\"http:\/\/www.fsfx.com.br\/hospital-marcio-cunha\/wp-content\/uploads\/sites\/6\/2016\/11\/BANNER_ENTRADA_6X55-OK-300x275.jpg\",\"contentUrl\":\"http:\/\/www.fsfx.com.br\/hospital-marcio-cunha\/wp-content\/uploads\/sites\/6\/2016\/11\/BANNER_ENTRADA_6X55-OK-300x275.jpg\"},{\"@type\":\"BreadcrumbList\",\"@id\":\"https:\/\/www.fsfx.com.br\/colegio-sao-francisco\/fundacao-sao-francisco-xavier-realizara-i-congresso-internacional-de-atencao-integral-a-saude\/#breadcrumb\",\"itemListElement\":[{\"@type\":\"ListItem\",\"position\":1,\"name\":\"In\u00edcio\",\"item\":\"https:\/\/www.fsfx.com.br\/colegio-sao-francisco\/\"},{\"@type\":\"ListItem\",\"position\":2,\"name\":\"Funda\u00e7\u00e3o S\u00e3o Francisco Xavier realizar\u00e1 I Congresso Internacional de Aten\u00e7\u00e3o Integral \u00e0 Sa\u00fade\"}]},{\"@type\":\"WebSite\",\"@id\":\"https:\/\/www.fsfx.com.br\/colegio-sao-francisco\/#website\",\"url\":\"https:\/\/www.fsfx.com.br\/colegio-sao-francisco\/\",\"name\":\"Col\u00e9gio S\u00e3o Francisco Xavier\",\"description\":\"\",\"publisher\":{\"@id\":\"https:\/\/www.fsfx.com.br\/colegio-sao-francisco\/#organization\"},\"potentialAction\":[{\"@type\":\"SearchAction\",\"target\":{\"@type\":\"EntryPoint\",\"urlTemplate\":\"https:\/\/www.fsfx.com.br\/colegio-sao-francisco\/?s={search_term_string}\"},\"query-input\":{\"@type\":\"PropertyValueSpecification\",\"valueRequired\":true,\"valueName\":\"search_term_string\"}}],\"inLanguage\":\"pt-BR\"},{\"@type\":\"Organization\",\"@id\":\"https:\/\/www.fsfx.com.br\/colegio-sao-francisco\/#organization\",\"name\":\"CSFX - Col\u00e9gio S\u00e3o Francisco Xavier\",\"url\":\"https:\/\/www.fsfx.com.br\/colegio-sao-francisco\/\",\"logo\":{\"@type\":\"ImageObject\",\"inLanguage\":\"pt-BR\",\"@id\":\"https:\/\/www.fsfx.com.br\/colegio-sao-francisco\/#\/schema\/logo\/image\/\",\"url\":\"https:\/\/www.fsfx.com.br\/colegio-sao-francisco\/wp-content\/uploads\/sites\/10\/2020\/02\/logo.png\",\"contentUrl\":\"https:\/\/www.fsfx.com.br\/colegio-sao-francisco\/wp-content\/uploads\/sites\/10\/2020\/02\/logo.png\",\"width\":175,\"height\":40,\"caption\":\"CSFX - Col\u00e9gio S\u00e3o Francisco Xavier\"},\"image\":{\"@id\":\"https:\/\/www.fsfx.com.br\/colegio-sao-francisco\/#\/schema\/logo\/image\/\"}},{\"@type\":\"Person\",\"@id\":\"https:\/\/www.fsfx.com.br\/colegio-sao-francisco\/#\/schema\/person\/7d2372fe1973398ab20a060bbb9a87d8\",\"name\":\"claudio\",\"image\":{\"@type\":\"ImageObject\",\"inLanguage\":\"pt-BR\",\"@id\":\"https:\/\/www.fsfx.com.br\/colegio-sao-francisco\/#\/schema\/person\/image\/\",\"url\":\"https:\/\/secure.gravatar.com\/avatar\/724caacf0f2f073275cb3689c577e73e87e40150b1ffd648a67445e75aa7ff03?s=96&d=mm&r=g\",\"contentUrl\":\"https:\/\/secure.gravatar.com\/avatar\/724caacf0f2f073275cb3689c577e73e87e40150b1ffd648a67445e75aa7ff03?s=96&d=mm&r=g\",\"caption\":\"claudio\"},\"url\":\"https:\/\/www.fsfx.com.br\/colegio-sao-francisco\/author\/claudio\/\"}]}<\/script>\n<!-- \/ Yoast SEO plugin. -->","yoast_head_json":{"title":"Funda\u00e7\u00e3o S\u00e3o Francisco Xavier realizar\u00e1 I Congresso Internacional de Aten\u00e7\u00e3o Integral \u00e0 Sa\u00fade - Col\u00e9gio S\u00e3o Francisco Xavier","robots":{"index":"index","follow":"follow","max-snippet":"max-snippet:-1","max-image-preview":"max-image-preview:large","max-video-preview":"max-video-preview:-1"},"canonical":"https:\/\/www.fsfx.com.br\/colegio-sao-francisco\/fundacao-sao-francisco-xavier-realizara-i-congresso-internacional-de-atencao-integral-a-saude\/","og_locale":"pt_BR","og_type":"article","og_title":"Funda\u00e7\u00e3o S\u00e3o Francisco Xavier realizar\u00e1 I Congresso Internacional de Aten\u00e7\u00e3o Integral \u00e0 Sa\u00fade - Col\u00e9gio S\u00e3o Francisco Xavier","og_description":"A Funda\u00e7\u00e3o S\u00e3o Francisco Xavier (FSFX) reunir\u00e1 especialistas em cuidados com a sa\u00fade de Minas Gerais, de S\u00e3o Paulo e dos Estados Unidos em Ipatinga, MG, para um evento \u00e0 altura da relev\u00e2ncia do tema. Trata-se do I Congresso Internacional de Aten\u00e7\u00e3o Integral \u00e0 Sa\u00fade da FSFX \u0096 Usifam\u00edlia, que ser\u00e1 realizado no dia 05 [&hellip;]","og_url":"https:\/\/www.fsfx.com.br\/colegio-sao-francisco\/fundacao-sao-francisco-xavier-realizara-i-congresso-internacional-de-atencao-integral-a-saude\/","og_site_name":"Col\u00e9gio S\u00e3o Francisco Xavier","article_published_time":"2020-05-14T21:16:13+00:00","og_image":[{"url":"http:\/\/www.fsfx.com.br\/hospital-marcio-cunha\/wp-content\/uploads\/sites\/6\/2016\/11\/BANNER_ENTRADA_6X55-OK-300x275.jpg","type":"","width":"","height":""}],"author":"claudio","twitter_card":"summary_large_image","twitter_misc":{"Escrito por":"claudio","Est. tempo de leitura":"4 minutos"},"schema":{"@context":"https:\/\/schema.org","@graph":[{"@type":"Article","@id":"https:\/\/www.fsfx.com.br\/colegio-sao-francisco\/fundacao-sao-francisco-xavier-realizara-i-congresso-internacional-de-atencao-integral-a-saude\/#article","isPartOf":{"@id":"https:\/\/www.fsfx.com.br\/colegio-sao-francisco\/fundacao-sao-francisco-xavier-realizara-i-congresso-internacional-de-atencao-integral-a-saude\/"},"author":{"name":"claudio","@id":"https:\/\/www.fsfx.com.br\/colegio-sao-francisco\/#\/schema\/person\/7d2372fe1973398ab20a060bbb9a87d8"},"headline":"Funda\u00e7\u00e3o S\u00e3o Francisco Xavier realizar\u00e1 I Congresso Internacional de Aten\u00e7\u00e3o Integral \u00e0 Sa\u00fade","datePublished":"2020-05-14T21:16:13+00:00","mainEntityOfPage":{"@id":"https:\/\/www.fsfx.com.br\/colegio-sao-francisco\/fundacao-sao-francisco-xavier-realizara-i-congresso-internacional-de-atencao-integral-a-saude\/"},"wordCount":802,"commentCount":0,"publisher":{"@id":"https:\/\/www.fsfx.com.br\/colegio-sao-francisco\/#organization"},"image":{"@id":"https:\/\/www.fsfx.com.br\/colegio-sao-francisco\/fundacao-sao-francisco-xavier-realizara-i-congresso-internacional-de-atencao-integral-a-saude\/#primaryimage"},"thumbnailUrl":"http:\/\/www.fsfx.com.br\/hospital-marcio-cunha\/wp-content\/uploads\/sites\/6\/2016\/11\/BANNER_ENTRADA_6X55-OK-300x275.jpg","inLanguage":"pt-BR","potentialAction":[{"@type":"CommentAction","name":"Comment","target":["https:\/\/www.fsfx.com.br\/colegio-sao-francisco\/fundacao-sao-francisco-xavier-realizara-i-congresso-internacional-de-atencao-integral-a-saude\/#respond"]}]},{"@type":"WebPage","@id":"https:\/\/www.fsfx.com.br\/colegio-sao-francisco\/fundacao-sao-francisco-xavier-realizara-i-congresso-internacional-de-atencao-integral-a-saude\/","url":"https:\/\/www.fsfx.com.br\/colegio-sao-francisco\/fundacao-sao-francisco-xavier-realizara-i-congresso-internacional-de-atencao-integral-a-saude\/","name":"Funda\u00e7\u00e3o S\u00e3o Francisco Xavier realizar\u00e1 I Congresso Internacional de Aten\u00e7\u00e3o Integral \u00e0 Sa\u00fade - Col\u00e9gio S\u00e3o Francisco Xavier","isPartOf":{"@id":"https:\/\/www.fsfx.com.br\/colegio-sao-francisco\/#website"},"primaryImageOfPage":{"@id":"https:\/\/www.fsfx.com.br\/colegio-sao-francisco\/fundacao-sao-francisco-xavier-realizara-i-congresso-internacional-de-atencao-integral-a-saude\/#primaryimage"},"image":{"@id":"https:\/\/www.fsfx.com.br\/colegio-sao-francisco\/fundacao-sao-francisco-xavier-realizara-i-congresso-internacional-de-atencao-integral-a-saude\/#primaryimage"},"thumbnailUrl":"http:\/\/www.fsfx.com.br\/hospital-marcio-cunha\/wp-content\/uploads\/sites\/6\/2016\/11\/BANNER_ENTRADA_6X55-OK-300x275.jpg","datePublished":"2020-05-14T21:16:13+00:00","breadcrumb":{"@id":"https:\/\/www.fsfx.com.br\/colegio-sao-francisco\/fundacao-sao-francisco-xavier-realizara-i-congresso-internacional-de-atencao-integral-a-saude\/#breadcrumb"},"inLanguage":"pt-BR","potentialAction":[{"@type":"ReadAction","target":["https:\/\/www.fsfx.com.br\/colegio-sao-francisco\/fundacao-sao-francisco-xavier-realizara-i-congresso-internacional-de-atencao-integral-a-saude\/"]}]},{"@type":"ImageObject","inLanguage":"pt-BR","@id":"https:\/\/www.fsfx.com.br\/colegio-sao-francisco\/fundacao-sao-francisco-xavier-realizara-i-congresso-internacional-de-atencao-integral-a-saude\/#primaryimage","url":"http:\/\/www.fsfx.com.br\/hospital-marcio-cunha\/wp-content\/uploads\/sites\/6\/2016\/11\/BANNER_ENTRADA_6X55-OK-300x275.jpg","contentUrl":"http:\/\/www.fsfx.com.br\/hospital-marcio-cunha\/wp-content\/uploads\/sites\/6\/2016\/11\/BANNER_ENTRADA_6X55-OK-300x275.jpg"},{"@type":"BreadcrumbList","@id":"https:\/\/www.fsfx.com.br\/colegio-sao-francisco\/fundacao-sao-francisco-xavier-realizara-i-congresso-internacional-de-atencao-integral-a-saude\/#breadcrumb","itemListElement":[{"@type":"ListItem","position":1,"name":"In\u00edcio","item":"https:\/\/www.fsfx.com.br\/colegio-sao-francisco\/"},{"@type":"ListItem","position":2,"name":"Funda\u00e7\u00e3o S\u00e3o Francisco Xavier realizar\u00e1 I Congresso Internacional de Aten\u00e7\u00e3o Integral \u00e0 Sa\u00fade"}]},{"@type":"WebSite","@id":"https:\/\/www.fsfx.com.br\/colegio-sao-francisco\/#website","url":"https:\/\/www.fsfx.com.br\/colegio-sao-francisco\/","name":"Col\u00e9gio S\u00e3o Francisco Xavier","description":"","publisher":{"@id":"https:\/\/www.fsfx.com.br\/colegio-sao-francisco\/#organization"},"potentialAction":[{"@type":"SearchAction","target":{"@type":"EntryPoint","urlTemplate":"https:\/\/www.fsfx.com.br\/colegio-sao-francisco\/?s={search_term_string}"},"query-input":{"@type":"PropertyValueSpecification","valueRequired":true,"valueName":"search_term_string"}}],"inLanguage":"pt-BR"},{"@type":"Organization","@id":"https:\/\/www.fsfx.com.br\/colegio-sao-francisco\/#organization","name":"CSFX - Col\u00e9gio S\u00e3o Francisco Xavier","url":"https:\/\/www.fsfx.com.br\/colegio-sao-francisco\/","logo":{"@type":"ImageObject","inLanguage":"pt-BR","@id":"https:\/\/www.fsfx.com.br\/colegio-sao-francisco\/#\/schema\/logo\/image\/","url":"https:\/\/www.fsfx.com.br\/colegio-sao-francisco\/wp-content\/uploads\/sites\/10\/2020\/02\/logo.png","contentUrl":"https:\/\/www.fsfx.com.br\/colegio-sao-francisco\/wp-content\/uploads\/sites\/10\/2020\/02\/logo.png","width":175,"height":40,"caption":"CSFX - Col\u00e9gio S\u00e3o Francisco Xavier"},"image":{"@id":"https:\/\/www.fsfx.com.br\/colegio-sao-francisco\/#\/schema\/logo\/image\/"}},{"@type":"Person","@id":"https:\/\/www.fsfx.com.br\/colegio-sao-francisco\/#\/schema\/person\/7d2372fe1973398ab20a060bbb9a87d8","name":"claudio","image":{"@type":"ImageObject","inLanguage":"pt-BR","@id":"https:\/\/www.fsfx.com.br\/colegio-sao-francisco\/#\/schema\/person\/image\/","url":"https:\/\/secure.gravatar.com\/avatar\/724caacf0f2f073275cb3689c577e73e87e40150b1ffd648a67445e75aa7ff03?s=96&d=mm&r=g","contentUrl":"https:\/\/secure.gravatar.com\/avatar\/724caacf0f2f073275cb3689c577e73e87e40150b1ffd648a67445e75aa7ff03?s=96&d=mm&r=g","caption":"claudio"},"url":"https:\/\/www.fsfx.com.br\/colegio-sao-francisco\/author\/claudio\/"}]}},"_links":{"self":[{"href":"https:\/\/www.fsfx.com.br\/colegio-sao-francisco\/wp-json\/wp\/v2\/posts\/6848","targetHints":{"allow":["GET"]}}],"collection":[{"href":"https:\/\/www.fsfx.com.br\/colegio-sao-francisco\/wp-json\/wp\/v2\/posts"}],"about":[{"href":"https:\/\/www.fsfx.com.br\/colegio-sao-francisco\/wp-json\/wp\/v2\/types\/post"}],"author":[{"embeddable":true,"href":"https:\/\/www.fsfx.com.br\/colegio-sao-francisco\/wp-json\/wp\/v2\/users\/2"}],"replies":[{"embeddable":true,"href":"https:\/\/www.fsfx.com.br\/colegio-sao-francisco\/wp-json\/wp\/v2\/comments?post=6848"}],"version-history":[{"count":0,"href":"https:\/\/www.fsfx.com.br\/colegio-sao-francisco\/wp-json\/wp\/v2\/posts\/6848\/revisions"}],"wp:attachment":[{"href":"https:\/\/www.fsfx.com.br\/colegio-sao-francisco\/wp-json\/wp\/v2\/media?parent=6848"}],"wp:term":[{"taxonomy":"category","embeddable":true,"href":"https:\/\/www.fsfx.com.br\/colegio-sao-francisco\/wp-json\/wp\/v2\/categories?post=6848"},{"taxonomy":"post_tag","embeddable":true,"href":"https:\/\/www.fsfx.com.br\/colegio-sao-francisco\/wp-json\/wp\/v2\/tags?post=6848"}],"curies":[{"name":"wp","href":"https:\/\/api.w.org\/{rel}","templated":true}]}}