{"id":6850,"date":"2020-05-14T18:16:17","date_gmt":"2020-05-14T21:16:17","guid":{"rendered":"http:\/\/fsfx.com.br\/\/csfx\/2020\/05\/14\/hmc-realiza-32o-seminario-mineiro-de-humanizacao-e-pastoral-da-saude\/"},"modified":"2020-05-14T18:16:17","modified_gmt":"2020-05-14T21:16:17","slug":"hmc-realiza-32o-seminario-mineiro-de-humanizacao-e-pastoral-da-saude","status":"publish","type":"post","link":"https:\/\/www.fsfx.com.br\/colegio-sao-francisco\/hmc-realiza-32o-seminario-mineiro-de-humanizacao-e-pastoral-da-saude\/","title":{"rendered":"HMC realiza 32\u00ba Semin\u00e1rio Mineiro de Humaniza\u00e7\u00e3o e Pastoral da Sa\u00fade"},"content":{"rendered":"<p>Com o prop\u00f3sito de capacitar os volunt\u00e1rios, colaboradores e comunidade, o Hospital M\u00e1rcio Cunha (HMC) promove, neste s\u00e1bado (19), o 32\u00ba Semin\u00e1rio Mineiro de Humaniza\u00e7\u00e3o e Pastoral da Sa\u00fade. O tema \u0093A alegria de ser volunt\u00e1rio\u0094 busca mostrar a import\u00e2ncia dessa participa\u00e7\u00e3o no ambiente hospitalar, al\u00e9m de estimular as pessoas a exercerem essa pr\u00e1tica de forma consciente e de maneira que contribua para o bem-estar do paciente.<\/p>\n<p>Com as inscri\u00e7\u00f5es encerradas e todas as vagas j\u00e1 preenchidas, o evento acontecer\u00e1 no Teatro Z\u00e9lia Olguin, no bairro Cariru, em Ipatinga, das 7h30 \u00e0s 17h. Para a supervisora de assist\u00eancia multidisciplinar do HMC e coordenadora do encontro, Maria In\u00eas Romano, o semin\u00e1rio promover\u00e1 um momento de intera\u00e7\u00e3o e troca de experi\u00eancias entre participantes e palestrantes. \u0093\u00c9 preciso n\u00e3o apenas convidar as pessoas, mas refor\u00e7ar o porqu\u00ea de se tornar um volunt\u00e1rio, mostrando suas atribui\u00e7\u00f5es e responsabilidades. Para isso, trabalhamos o perfil do volunt\u00e1rio, que precisa, muito mais do que procurar falar ou emitir opini\u00f5es, aprender a ouvir as pessoas e a lidar com suas ang\u00fastias.\u0094<\/p>\n<p>No dia a dia de um hospital, um dos trabalhos do volunt\u00e1rio \u00e9 visitar e doar um pouco do seu tempo \u00e0s pessoas internadas. \u0093Apesar de o paciente ter todo o suporte da equipe de assist\u00eancia aqui, precisamos lembrar que durante o per\u00edodo de interna\u00e7\u00e3o ele est\u00e1 distante de familiares e amigos. E, \u00e0s vezes, tudo o que ele precisa \u00e9 ser ouvido, o que ajuda no al\u00edvio das tens\u00f5es, ajuda a se acalmar e a aceitar o tratamento e o tempo em que ficar\u00e1 no hospital. O volunt\u00e1rio acaba sendo um parceiro importante da assist\u00eancia\u0094, completa Maria In\u00eas.<\/p>\n<p>A programa\u00e7\u00e3o do Semin\u00e1rio contar\u00e1 com apresenta\u00e7\u00f5es do Coral FSFX, da Oficina de Canto, do Programa Qualidade de Vida da FSFX, al\u00e9m de cinco palestras. As apresenta\u00e7\u00f5es \u0093A alegria de ser volunt\u00e1rio\u0094 e \u0093A \u00e9tica no trabalho volunt\u00e1rio\u0094 ser\u00e3o ministradas pela vice-presidente da Associa\u00e7\u00e3o de Volunt\u00e1rios do Hospital das Cl\u00ednicas e S\u00e3o Paulo; j\u00e1 a palestra \u0093Volunt\u00e1rio Hospitalar: Equilibrando solidariedade e seriedade\u0094 ficar\u00e1 a cargo da supervisora pedag\u00f3gica do Col\u00e9gio S\u00e3o Francisco Xavier, Nadir Ribeiro da Penha; e \u0093A import\u00e2ncia da socializa\u00e7\u00e3o do Parkinsoniano\u0094 ser\u00e1 abordada por Janilse Borges Rosa, secret\u00e1ria da Associa\u00e7\u00e3o dos Parkinsonianos de Ipatinga. Uma missa celebrada pelo Padre Raimundo Vieira da Rocha, capel\u00e3o do HMC, marcar\u00e1 o encerramento do encontro.<\/p>\n<p>O Semin\u00e1rio Mineiro de Humaniza\u00e7\u00e3o e Pastoral da Sa\u00fade \u00e9 uma parceria entre o Hospital M\u00e1rcio Cunha, a Funda\u00e7\u00e3o S\u00e3o Francisco Xavier e a Pastoral da Sa\u00fade, num convite para todos refletirem sobre a import\u00e2ncia do cuidado humano em uma situa\u00e7\u00e3o de maior vulnerabilidade, no caso, a doen\u00e7a.<\/p>\n<p>&nbsp;<\/p>\n","protected":false},"excerpt":{"rendered":"<p>Com o prop\u00f3sito de capacitar os volunt\u00e1rios, colaboradores e comunidade, o Hospital M\u00e1rcio Cunha (HMC) promove, neste s\u00e1bado (19), o 32\u00ba Semin\u00e1rio Mineiro de Humaniza\u00e7\u00e3o e Pastoral da Sa\u00fade. O tema \u0093A alegria de ser volunt\u00e1rio\u0094 busca mostrar a import\u00e2ncia dessa participa\u00e7\u00e3o no ambiente hospitalar, al\u00e9m de estimular as pessoas a exercerem essa pr\u00e1tica de [&hellip;]<\/p>\n","protected":false},"author":2,"featured_media":0,"comment_status":"open","ping_status":"open","sticky":false,"template":"","format":"standard","meta":{"_acf_changed":false,"site-sidebar-layout":"default","site-content-layout":"","ast-site-content-layout":"default","site-content-style":"default","site-sidebar-style":"default","ast-global-header-display":"","ast-banner-title-visibility":"","ast-main-header-display":"","ast-hfb-above-header-display":"","ast-hfb-below-header-display":"","ast-hfb-mobile-header-display":"","site-post-title":"","ast-breadcrumbs-content":"","ast-featured-img":"","footer-sml-layout":"","theme-transparent-header-meta":"","adv-header-id-meta":"","stick-header-meta":"","header-above-stick-meta":"","header-main-stick-meta":"","header-below-stick-meta":"","astra-migrate-meta-layouts":"default","ast-page-background-enabled":"default","ast-page-background-meta":{"desktop":{"background-color":"var(--ast-global-color-4)","background-image":"","background-repeat":"repeat","background-position":"center center","background-size":"auto","background-attachment":"scroll","background-type":"","background-media":"","overlay-type":"","overlay-color":"","overlay-opacity":"","overlay-gradient":""},"tablet":{"background-color":"","background-image":"","background-repeat":"repeat","background-position":"center center","background-size":"auto","background-attachment":"scroll","background-type":"","background-media":"","overlay-type":"","overlay-color":"","overlay-opacity":"","overlay-gradient":""},"mobile":{"background-color":"","background-image":"","background-repeat":"repeat","background-position":"center center","background-size":"auto","background-attachment":"scroll","background-type":"","background-media":"","overlay-type":"","overlay-color":"","overlay-opacity":"","overlay-gradient":""}},"ast-content-background-meta":{"desktop":{"background-color":"var(--ast-global-color-5)","background-image":"","background-repeat":"repeat","background-position":"center center","background-size":"auto","background-attachment":"scroll","background-type":"","background-media":"","overlay-type":"","overlay-color":"","overlay-opacity":"","overlay-gradient":""},"tablet":{"background-color":"var(--ast-global-color-5)","background-image":"","background-repeat":"repeat","background-position":"center center","background-size":"auto","background-attachment":"scroll","background-type":"","background-media":"","overlay-type":"","overlay-color":"","overlay-opacity":"","overlay-gradient":""},"mobile":{"background-color":"var(--ast-global-color-5)","background-image":"","background-repeat":"repeat","background-position":"center center","background-size":"auto","background-attachment":"scroll","background-type":"","background-media":"","overlay-type":"","overlay-color":"","overlay-opacity":"","overlay-gradient":""}},"footnotes":""},"categories":[1],"tags":[],"class_list":["post-6850","post","type-post","status-publish","format-standard","hentry","category-sem-categoria"],"acf":[],"yoast_head":"<!-- This site is optimized with the Yoast SEO plugin v26.9 - https:\/\/yoast.com\/product\/yoast-seo-wordpress\/ -->\n<title>HMC realiza 32\u00ba Semin\u00e1rio Mineiro de Humaniza\u00e7\u00e3o e Pastoral da Sa\u00fade - Col\u00e9gio S\u00e3o Francisco Xavier<\/title>\n<meta name=\"robots\" content=\"index, follow, max-snippet:-1, max-image-preview:large, max-video-preview:-1\" \/>\n<link rel=\"canonical\" href=\"https:\/\/www.fsfx.com.br\/colegio-sao-francisco\/hmc-realiza-32o-seminario-mineiro-de-humanizacao-e-pastoral-da-saude\/\" \/>\n<meta property=\"og:locale\" content=\"pt_BR\" \/>\n<meta property=\"og:type\" content=\"article\" \/>\n<meta property=\"og:title\" content=\"HMC realiza 32\u00ba Semin\u00e1rio Mineiro de Humaniza\u00e7\u00e3o e Pastoral da Sa\u00fade - Col\u00e9gio S\u00e3o Francisco Xavier\" \/>\n<meta property=\"og:description\" content=\"Com o prop\u00f3sito de capacitar os volunt\u00e1rios, colaboradores e comunidade, o Hospital M\u00e1rcio Cunha (HMC) promove, neste s\u00e1bado (19), o 32\u00ba Semin\u00e1rio Mineiro de Humaniza\u00e7\u00e3o e Pastoral da Sa\u00fade. O tema \u0093A alegria de ser volunt\u00e1rio\u0094 busca mostrar a import\u00e2ncia dessa participa\u00e7\u00e3o no ambiente hospitalar, al\u00e9m de estimular as pessoas a exercerem essa pr\u00e1tica de [&hellip;]\" \/>\n<meta property=\"og:url\" content=\"https:\/\/www.fsfx.com.br\/colegio-sao-francisco\/hmc-realiza-32o-seminario-mineiro-de-humanizacao-e-pastoral-da-saude\/\" \/>\n<meta property=\"og:site_name\" content=\"Col\u00e9gio S\u00e3o Francisco Xavier\" \/>\n<meta property=\"article:published_time\" content=\"2020-05-14T21:16:17+00:00\" \/>\n<meta name=\"author\" content=\"claudio\" \/>\n<meta name=\"twitter:card\" content=\"summary_large_image\" \/>\n<meta name=\"twitter:label1\" content=\"Escrito por\" \/>\n\t<meta name=\"twitter:data1\" content=\"claudio\" \/>\n\t<meta name=\"twitter:label2\" content=\"Est. tempo de leitura\" \/>\n\t<meta name=\"twitter:data2\" content=\"2 minutos\" \/>\n<script type=\"application\/ld+json\" class=\"yoast-schema-graph\">{\"@context\":\"https:\/\/schema.org\",\"@graph\":[{\"@type\":\"Article\",\"@id\":\"https:\/\/www.fsfx.com.br\/colegio-sao-francisco\/hmc-realiza-32o-seminario-mineiro-de-humanizacao-e-pastoral-da-saude\/#article\",\"isPartOf\":{\"@id\":\"https:\/\/www.fsfx.com.br\/colegio-sao-francisco\/hmc-realiza-32o-seminario-mineiro-de-humanizacao-e-pastoral-da-saude\/\"},\"author\":{\"name\":\"claudio\",\"@id\":\"https:\/\/www.fsfx.com.br\/colegio-sao-francisco\/#\/schema\/person\/7d2372fe1973398ab20a060bbb9a87d8\"},\"headline\":\"HMC realiza 32\u00ba Semin\u00e1rio Mineiro de Humaniza\u00e7\u00e3o e Pastoral da Sa\u00fade\",\"datePublished\":\"2020-05-14T21:16:17+00:00\",\"mainEntityOfPage\":{\"@id\":\"https:\/\/www.fsfx.com.br\/colegio-sao-francisco\/hmc-realiza-32o-seminario-mineiro-de-humanizacao-e-pastoral-da-saude\/\"},\"wordCount\":508,\"commentCount\":0,\"publisher\":{\"@id\":\"https:\/\/www.fsfx.com.br\/colegio-sao-francisco\/#organization\"},\"inLanguage\":\"pt-BR\",\"potentialAction\":[{\"@type\":\"CommentAction\",\"name\":\"Comment\",\"target\":[\"https:\/\/www.fsfx.com.br\/colegio-sao-francisco\/hmc-realiza-32o-seminario-mineiro-de-humanizacao-e-pastoral-da-saude\/#respond\"]}]},{\"@type\":\"WebPage\",\"@id\":\"https:\/\/www.fsfx.com.br\/colegio-sao-francisco\/hmc-realiza-32o-seminario-mineiro-de-humanizacao-e-pastoral-da-saude\/\",\"url\":\"https:\/\/www.fsfx.com.br\/colegio-sao-francisco\/hmc-realiza-32o-seminario-mineiro-de-humanizacao-e-pastoral-da-saude\/\",\"name\":\"HMC realiza 32\u00ba Semin\u00e1rio Mineiro de Humaniza\u00e7\u00e3o e Pastoral da Sa\u00fade - Col\u00e9gio S\u00e3o Francisco Xavier\",\"isPartOf\":{\"@id\":\"https:\/\/www.fsfx.com.br\/colegio-sao-francisco\/#website\"},\"datePublished\":\"2020-05-14T21:16:17+00:00\",\"breadcrumb\":{\"@id\":\"https:\/\/www.fsfx.com.br\/colegio-sao-francisco\/hmc-realiza-32o-seminario-mineiro-de-humanizacao-e-pastoral-da-saude\/#breadcrumb\"},\"inLanguage\":\"pt-BR\",\"potentialAction\":[{\"@type\":\"ReadAction\",\"target\":[\"https:\/\/www.fsfx.com.br\/colegio-sao-francisco\/hmc-realiza-32o-seminario-mineiro-de-humanizacao-e-pastoral-da-saude\/\"]}]},{\"@type\":\"BreadcrumbList\",\"@id\":\"https:\/\/www.fsfx.com.br\/colegio-sao-francisco\/hmc-realiza-32o-seminario-mineiro-de-humanizacao-e-pastoral-da-saude\/#breadcrumb\",\"itemListElement\":[{\"@type\":\"ListItem\",\"position\":1,\"name\":\"In\u00edcio\",\"item\":\"https:\/\/www.fsfx.com.br\/colegio-sao-francisco\/\"},{\"@type\":\"ListItem\",\"position\":2,\"name\":\"HMC realiza 32\u00ba Semin\u00e1rio Mineiro de Humaniza\u00e7\u00e3o e Pastoral da Sa\u00fade\"}]},{\"@type\":\"WebSite\",\"@id\":\"https:\/\/www.fsfx.com.br\/colegio-sao-francisco\/#website\",\"url\":\"https:\/\/www.fsfx.com.br\/colegio-sao-francisco\/\",\"name\":\"Col\u00e9gio S\u00e3o Francisco Xavier\",\"description\":\"\",\"publisher\":{\"@id\":\"https:\/\/www.fsfx.com.br\/colegio-sao-francisco\/#organization\"},\"potentialAction\":[{\"@type\":\"SearchAction\",\"target\":{\"@type\":\"EntryPoint\",\"urlTemplate\":\"https:\/\/www.fsfx.com.br\/colegio-sao-francisco\/?s={search_term_string}\"},\"query-input\":{\"@type\":\"PropertyValueSpecification\",\"valueRequired\":true,\"valueName\":\"search_term_string\"}}],\"inLanguage\":\"pt-BR\"},{\"@type\":\"Organization\",\"@id\":\"https:\/\/www.fsfx.com.br\/colegio-sao-francisco\/#organization\",\"name\":\"CSFX - Col\u00e9gio S\u00e3o Francisco Xavier\",\"url\":\"https:\/\/www.fsfx.com.br\/colegio-sao-francisco\/\",\"logo\":{\"@type\":\"ImageObject\",\"inLanguage\":\"pt-BR\",\"@id\":\"https:\/\/www.fsfx.com.br\/colegio-sao-francisco\/#\/schema\/logo\/image\/\",\"url\":\"https:\/\/www.fsfx.com.br\/colegio-sao-francisco\/wp-content\/uploads\/sites\/10\/2020\/02\/logo.png\",\"contentUrl\":\"https:\/\/www.fsfx.com.br\/colegio-sao-francisco\/wp-content\/uploads\/sites\/10\/2020\/02\/logo.png\",\"width\":175,\"height\":40,\"caption\":\"CSFX - Col\u00e9gio S\u00e3o Francisco Xavier\"},\"image\":{\"@id\":\"https:\/\/www.fsfx.com.br\/colegio-sao-francisco\/#\/schema\/logo\/image\/\"}},{\"@type\":\"Person\",\"@id\":\"https:\/\/www.fsfx.com.br\/colegio-sao-francisco\/#\/schema\/person\/7d2372fe1973398ab20a060bbb9a87d8\",\"name\":\"claudio\",\"image\":{\"@type\":\"ImageObject\",\"inLanguage\":\"pt-BR\",\"@id\":\"https:\/\/www.fsfx.com.br\/colegio-sao-francisco\/#\/schema\/person\/image\/\",\"url\":\"https:\/\/secure.gravatar.com\/avatar\/724caacf0f2f073275cb3689c577e73e87e40150b1ffd648a67445e75aa7ff03?s=96&d=mm&r=g\",\"contentUrl\":\"https:\/\/secure.gravatar.com\/avatar\/724caacf0f2f073275cb3689c577e73e87e40150b1ffd648a67445e75aa7ff03?s=96&d=mm&r=g\",\"caption\":\"claudio\"},\"url\":\"https:\/\/www.fsfx.com.br\/colegio-sao-francisco\/author\/claudio\/\"}]}<\/script>\n<!-- \/ Yoast SEO plugin. -->","yoast_head_json":{"title":"HMC realiza 32\u00ba Semin\u00e1rio Mineiro de Humaniza\u00e7\u00e3o e Pastoral da Sa\u00fade - Col\u00e9gio S\u00e3o Francisco Xavier","robots":{"index":"index","follow":"follow","max-snippet":"max-snippet:-1","max-image-preview":"max-image-preview:large","max-video-preview":"max-video-preview:-1"},"canonical":"https:\/\/www.fsfx.com.br\/colegio-sao-francisco\/hmc-realiza-32o-seminario-mineiro-de-humanizacao-e-pastoral-da-saude\/","og_locale":"pt_BR","og_type":"article","og_title":"HMC realiza 32\u00ba Semin\u00e1rio Mineiro de Humaniza\u00e7\u00e3o e Pastoral da Sa\u00fade - Col\u00e9gio S\u00e3o Francisco Xavier","og_description":"Com o prop\u00f3sito de capacitar os volunt\u00e1rios, colaboradores e comunidade, o Hospital M\u00e1rcio Cunha (HMC) promove, neste s\u00e1bado (19), o 32\u00ba Semin\u00e1rio Mineiro de Humaniza\u00e7\u00e3o e Pastoral da Sa\u00fade. O tema \u0093A alegria de ser volunt\u00e1rio\u0094 busca mostrar a import\u00e2ncia dessa participa\u00e7\u00e3o no ambiente hospitalar, al\u00e9m de estimular as pessoas a exercerem essa pr\u00e1tica de [&hellip;]","og_url":"https:\/\/www.fsfx.com.br\/colegio-sao-francisco\/hmc-realiza-32o-seminario-mineiro-de-humanizacao-e-pastoral-da-saude\/","og_site_name":"Col\u00e9gio S\u00e3o Francisco Xavier","article_published_time":"2020-05-14T21:16:17+00:00","author":"claudio","twitter_card":"summary_large_image","twitter_misc":{"Escrito por":"claudio","Est. tempo de leitura":"2 minutos"},"schema":{"@context":"https:\/\/schema.org","@graph":[{"@type":"Article","@id":"https:\/\/www.fsfx.com.br\/colegio-sao-francisco\/hmc-realiza-32o-seminario-mineiro-de-humanizacao-e-pastoral-da-saude\/#article","isPartOf":{"@id":"https:\/\/www.fsfx.com.br\/colegio-sao-francisco\/hmc-realiza-32o-seminario-mineiro-de-humanizacao-e-pastoral-da-saude\/"},"author":{"name":"claudio","@id":"https:\/\/www.fsfx.com.br\/colegio-sao-francisco\/#\/schema\/person\/7d2372fe1973398ab20a060bbb9a87d8"},"headline":"HMC realiza 32\u00ba Semin\u00e1rio Mineiro de Humaniza\u00e7\u00e3o e Pastoral da Sa\u00fade","datePublished":"2020-05-14T21:16:17+00:00","mainEntityOfPage":{"@id":"https:\/\/www.fsfx.com.br\/colegio-sao-francisco\/hmc-realiza-32o-seminario-mineiro-de-humanizacao-e-pastoral-da-saude\/"},"wordCount":508,"commentCount":0,"publisher":{"@id":"https:\/\/www.fsfx.com.br\/colegio-sao-francisco\/#organization"},"inLanguage":"pt-BR","potentialAction":[{"@type":"CommentAction","name":"Comment","target":["https:\/\/www.fsfx.com.br\/colegio-sao-francisco\/hmc-realiza-32o-seminario-mineiro-de-humanizacao-e-pastoral-da-saude\/#respond"]}]},{"@type":"WebPage","@id":"https:\/\/www.fsfx.com.br\/colegio-sao-francisco\/hmc-realiza-32o-seminario-mineiro-de-humanizacao-e-pastoral-da-saude\/","url":"https:\/\/www.fsfx.com.br\/colegio-sao-francisco\/hmc-realiza-32o-seminario-mineiro-de-humanizacao-e-pastoral-da-saude\/","name":"HMC realiza 32\u00ba Semin\u00e1rio Mineiro de Humaniza\u00e7\u00e3o e Pastoral da Sa\u00fade - Col\u00e9gio S\u00e3o Francisco Xavier","isPartOf":{"@id":"https:\/\/www.fsfx.com.br\/colegio-sao-francisco\/#website"},"datePublished":"2020-05-14T21:16:17+00:00","breadcrumb":{"@id":"https:\/\/www.fsfx.com.br\/colegio-sao-francisco\/hmc-realiza-32o-seminario-mineiro-de-humanizacao-e-pastoral-da-saude\/#breadcrumb"},"inLanguage":"pt-BR","potentialAction":[{"@type":"ReadAction","target":["https:\/\/www.fsfx.com.br\/colegio-sao-francisco\/hmc-realiza-32o-seminario-mineiro-de-humanizacao-e-pastoral-da-saude\/"]}]},{"@type":"BreadcrumbList","@id":"https:\/\/www.fsfx.com.br\/colegio-sao-francisco\/hmc-realiza-32o-seminario-mineiro-de-humanizacao-e-pastoral-da-saude\/#breadcrumb","itemListElement":[{"@type":"ListItem","position":1,"name":"In\u00edcio","item":"https:\/\/www.fsfx.com.br\/colegio-sao-francisco\/"},{"@type":"ListItem","position":2,"name":"HMC realiza 32\u00ba Semin\u00e1rio Mineiro de Humaniza\u00e7\u00e3o e Pastoral da Sa\u00fade"}]},{"@type":"WebSite","@id":"https:\/\/www.fsfx.com.br\/colegio-sao-francisco\/#website","url":"https:\/\/www.fsfx.com.br\/colegio-sao-francisco\/","name":"Col\u00e9gio S\u00e3o Francisco Xavier","description":"","publisher":{"@id":"https:\/\/www.fsfx.com.br\/colegio-sao-francisco\/#organization"},"potentialAction":[{"@type":"SearchAction","target":{"@type":"EntryPoint","urlTemplate":"https:\/\/www.fsfx.com.br\/colegio-sao-francisco\/?s={search_term_string}"},"query-input":{"@type":"PropertyValueSpecification","valueRequired":true,"valueName":"search_term_string"}}],"inLanguage":"pt-BR"},{"@type":"Organization","@id":"https:\/\/www.fsfx.com.br\/colegio-sao-francisco\/#organization","name":"CSFX - Col\u00e9gio S\u00e3o Francisco Xavier","url":"https:\/\/www.fsfx.com.br\/colegio-sao-francisco\/","logo":{"@type":"ImageObject","inLanguage":"pt-BR","@id":"https:\/\/www.fsfx.com.br\/colegio-sao-francisco\/#\/schema\/logo\/image\/","url":"https:\/\/www.fsfx.com.br\/colegio-sao-francisco\/wp-content\/uploads\/sites\/10\/2020\/02\/logo.png","contentUrl":"https:\/\/www.fsfx.com.br\/colegio-sao-francisco\/wp-content\/uploads\/sites\/10\/2020\/02\/logo.png","width":175,"height":40,"caption":"CSFX - Col\u00e9gio S\u00e3o Francisco Xavier"},"image":{"@id":"https:\/\/www.fsfx.com.br\/colegio-sao-francisco\/#\/schema\/logo\/image\/"}},{"@type":"Person","@id":"https:\/\/www.fsfx.com.br\/colegio-sao-francisco\/#\/schema\/person\/7d2372fe1973398ab20a060bbb9a87d8","name":"claudio","image":{"@type":"ImageObject","inLanguage":"pt-BR","@id":"https:\/\/www.fsfx.com.br\/colegio-sao-francisco\/#\/schema\/person\/image\/","url":"https:\/\/secure.gravatar.com\/avatar\/724caacf0f2f073275cb3689c577e73e87e40150b1ffd648a67445e75aa7ff03?s=96&d=mm&r=g","contentUrl":"https:\/\/secure.gravatar.com\/avatar\/724caacf0f2f073275cb3689c577e73e87e40150b1ffd648a67445e75aa7ff03?s=96&d=mm&r=g","caption":"claudio"},"url":"https:\/\/www.fsfx.com.br\/colegio-sao-francisco\/author\/claudio\/"}]}},"_links":{"self":[{"href":"https:\/\/www.fsfx.com.br\/colegio-sao-francisco\/wp-json\/wp\/v2\/posts\/6850","targetHints":{"allow":["GET"]}}],"collection":[{"href":"https:\/\/www.fsfx.com.br\/colegio-sao-francisco\/wp-json\/wp\/v2\/posts"}],"about":[{"href":"https:\/\/www.fsfx.com.br\/colegio-sao-francisco\/wp-json\/wp\/v2\/types\/post"}],"author":[{"embeddable":true,"href":"https:\/\/www.fsfx.com.br\/colegio-sao-francisco\/wp-json\/wp\/v2\/users\/2"}],"replies":[{"embeddable":true,"href":"https:\/\/www.fsfx.com.br\/colegio-sao-francisco\/wp-json\/wp\/v2\/comments?post=6850"}],"version-history":[{"count":0,"href":"https:\/\/www.fsfx.com.br\/colegio-sao-francisco\/wp-json\/wp\/v2\/posts\/6850\/revisions"}],"wp:attachment":[{"href":"https:\/\/www.fsfx.com.br\/colegio-sao-francisco\/wp-json\/wp\/v2\/media?parent=6850"}],"wp:term":[{"taxonomy":"category","embeddable":true,"href":"https:\/\/www.fsfx.com.br\/colegio-sao-francisco\/wp-json\/wp\/v2\/categories?post=6850"},{"taxonomy":"post_tag","embeddable":true,"href":"https:\/\/www.fsfx.com.br\/colegio-sao-francisco\/wp-json\/wp\/v2\/tags?post=6850"}],"curies":[{"name":"wp","href":"https:\/\/api.w.org\/{rel}","templated":true}]}}