{"id":6854,"date":"2020-05-14T18:16:24","date_gmt":"2020-05-14T21:16:24","guid":{"rendered":"http:\/\/fsfx.com.br\/\/csfx\/2020\/05\/14\/hospital-marcio-cunha-realiza-a-primeira-radiocirurgia-do-leste-de-minas\/"},"modified":"2020-05-14T18:16:24","modified_gmt":"2020-05-14T21:16:24","slug":"hospital-marcio-cunha-realiza-a-primeira-radiocirurgia-do-leste-de-minas","status":"publish","type":"post","link":"https:\/\/www.fsfx.com.br\/colegio-sao-francisco\/hospital-marcio-cunha-realiza-a-primeira-radiocirurgia-do-leste-de-minas\/","title":{"rendered":"Hospital M\u00e1rcio Cunha realiza a primeira radiocirurgia do Leste de Minas"},"content":{"rendered":"<h4><img fetchpriority=\"high\" decoding=\"async\" class=\"alignright size-medium wp-image-1491\" src=\"http:\/\/www.fsfx.com.br\/hospital-marcio-cunha\/wp-content\/uploads\/sites\/6\/2016\/09\/Radiocirurgia-Elvira-N-142-300x199.jpg\" alt=\"Radiocirurgia - Elvira N (142)\" width=\"300\" height=\"199\" \/>Um caminho de esperan\u00e7a para m\u00e9dicos e pacientes que buscam a cura de tumores graves no c\u00e9rebro se abriu esta semana no Hospital M\u00e1rcio Cunha (HMC), em Ipatinga. Pela primeira vez na regi\u00e3o Leste de Minas Gerais, um paciente do Sistema \u00danico de Sa\u00fade foi submetido, com sucesso, \u00e0 chamada radiocirurgia na cabe\u00e7a, um procedimento que mobilizou dezenas de profissionais na Unidade II e na Unidade de Oncologia do hospital.<\/h4>\n<h4>\u0093Radiocirurgia \u00e9 a precis\u00e3o do tratamento da radioterapia\u0094, pontua o Dr. Harley Francisco de Oliveira, m\u00e9dico da Universidade de S\u00e3o Paulo (USP) de Ribeir\u00e3o Preto, que participou do processo. \u0093A partir dessa precis\u00e3o, n\u00f3s conseguimos empregar uma alta dose de radia\u00e7\u00e3o no tratamento, em apenas uma sess\u00e3o e conseguimos proteger todas as \u00e1reas ao redor do tumor. Ent\u00e3o as margens de seguran\u00e7a de um tratamento s\u00e3o muito bem ajustadas apenas para o local da doen\u00e7a. \u00c9 isso que confere a qualidade do tratamento e a precis\u00e3o da radiocirurgia\u0094, explica.<\/h4>\n<h4>A paciente \u00e9 uma mulher de 52 anos com diagn\u00f3stico de c\u00e2ncer de mama e met\u00e1stase cerebral. O ponto cr\u00edtico de uma les\u00e3o metast\u00e1tica cerebral \u00e9 a necessidade de ser priorizada e tratada rapidamente no paciente. \u0093Assim, quando voc\u00ea faz esse procedimento em um per\u00edodo muito curto e com a dose que precisa, o paciente j\u00e1 est\u00e1 pronto para dar seguimento aos demais tratamentos (radioterapia, quimioterapia) para as demais \u00e1reas do corpo. \u00c9 uma maneira muito inteligente de entregar o que ele precisa, sem interferir nas demais a\u00e7\u00f5es para ajud\u00e1-lo no controle da doen\u00e7a\u0094, completa o Dr. Luciano de Souza Viana, coordenador m\u00e9dico da Unidade de Oncologia.<\/h4>\n<h4><img decoding=\"async\" class=\"alignright size-medium wp-image-1494\" src=\"http:\/\/www.fsfx.com.br\/hospital-marcio-cunha\/wp-content\/uploads\/sites\/6\/2016\/09\/Radiocirurgia-Elvira-N-95-300x199.jpg\" alt=\"Radiocirurgia - Elvira N (95)\" width=\"300\" height=\"199\" \/>A tecnologia \u00e9 fruto dos investimentos recentes da Funda\u00e7\u00e3o S\u00e3o Francisco Xavier, bra\u00e7o social da Usiminas na \u00e1rea da sa\u00fade e mantenedora do hospital. Realizada pelo acelerador linear \u0096 o equipamento de radioterapia \u0096 a partir da intelig\u00eancia de um avan\u00e7ado software, a radiocirurgia \u00e9 indicada para tumores malignos no c\u00e9rebro a partir de met\u00e1stases, tumores benignos no sistema nervoso central e para m\u00e1-forma\u00e7\u00f5es arteriovenosas (MAB) que podem levar a um acidente vascular cerebral. A ideia \u00e9 incorpor\u00e1-la na rotina dos pacientes que t\u00eam essas indica\u00e7\u00f5es. Para o m\u00e9dico, os resultados, com a progressiva redu\u00e7\u00e3o do tumor, podem ser notados entre a sexta e oitava semana ap\u00f3s o procedimento. \u0093N\u00e3o \u00e9 uma t\u00e9cnica para todos os pacientes, j\u00e1 que depende muito do tamanho da les\u00e3o e das caracter\u00edsticas da doen\u00e7a\u0094, pondera.<\/h4>\n<h3>Integra\u00e7\u00e3o de profissionais e benef\u00edcios<\/h3>\n<h4>A efici\u00eancia de um tratamento de alta complexidade como este vem n\u00e3o apenas da tecnologia, mas tamb\u00e9m do trabalho integrado de diversas \u00e1reas para executar toda a log\u00edstica com a paciente, desde a Interna\u00e7\u00e3o e do Gerenciamento de Leitos, passando pela Farm\u00e1cia e Medicina Diagn\u00f3stica, at\u00e9 a Oncologia. Al\u00e9m disso, s\u00e3o necess\u00e1rios pelo menos quatro especialistas: um radio-oncologista, um f\u00edsico m\u00e9dico, um neurocirurgi\u00e3o e um oncologista.<\/h4>\n<h4><img decoding=\"async\" class=\"alignright size-medium wp-image-1492\" src=\"http:\/\/www.fsfx.com.br\/hospital-marcio-cunha\/wp-content\/uploads\/sites\/6\/2016\/09\/Radiocirurgia-Elvira-N-164-300x199.jpg\" alt=\"Radiocirurgia - Elvira N (164)\" width=\"300\" height=\"199\" \/>\u0093Primeiro, o paciente passa por uma resson\u00e2ncia magn\u00e9tica, para conseguir determinar o local exato da les\u00e3o. \u00c9 submetido ainda \u00e0 coloca\u00e7\u00e3o do halo estereot\u00e1xico (um aro de fixa\u00e7\u00e3o na cabe\u00e7a) pelo neurocirurgi\u00e3o. Depois, passa por uma tomografia de localiza\u00e7\u00e3o da \u00e1rea a ser tratada. A jun\u00e7\u00e3o dessas duas imagens, de resson\u00e2ncia e de tomografia, \u00e9 que permite a delimita\u00e7\u00e3o mais precisa da \u00e1rea a ser tratada\u0094, descreve o Dr. James Wagner Moraes, m\u00e9dico neurocirurgi\u00e3o do Hospital M\u00e1rcio Cunha.<\/h4>\n<h4>Ou seja, \u00e9 como se fosse uma cirurgia, por\u00e9m em um \u0093ambiente ambulatorial\u0094, o que dispensa a necessidade de interna\u00e7\u00e3o do paciente. Isso se traduz em benef\u00edcios, ao eliminar, por exemplo, a anestesia e a recupera\u00e7\u00e3o do p\u00f3s-operat\u00f3rio, al\u00e9m de doses de radioterapia e todos os efeitos de rea\u00e7\u00e3o do tratamento. \u0093\u00c9 uma redu\u00e7\u00e3o significativa dos efeitos colaterais\u0094, conclui.<\/h4>\n<h4><\/h4>\n<h4><img loading=\"lazy\" decoding=\"async\" class=\"alignleft wp-image-1495 size-medium\" src=\"http:\/\/www.fsfx.com.br\/hospital-marcio-cunha\/wp-content\/uploads\/sites\/6\/2016\/09\/Radiocirurgia-Elvira-N-1691-300x199.jpg\" alt=\"Radiocirurgia - Elvira N (169)\" width=\"300\" height=\"199\" \/><\/h4>\n<h4><img loading=\"lazy\" decoding=\"async\" class=\"aligncenter size-medium wp-image-1499\" src=\"http:\/\/www.fsfx.com.br\/hospital-marcio-cunha\/wp-content\/uploads\/sites\/6\/2016\/09\/Radiocirurgia-Elvira-N-1901-300x199.jpg\" alt=\"Radiocirurgia - Elvira N (190)\" width=\"300\" height=\"199\" \/><\/h4>\n","protected":false},"excerpt":{"rendered":"<p>Um caminho de esperan\u00e7a para m\u00e9dicos e pacientes que buscam a cura de tumores graves no c\u00e9rebro se abriu esta semana no Hospital M\u00e1rcio Cunha (HMC), em Ipatinga. Pela primeira vez na regi\u00e3o Leste de Minas Gerais, um paciente do Sistema \u00danico de Sa\u00fade foi submetido, com sucesso, \u00e0 chamada radiocirurgia na cabe\u00e7a, um procedimento [&hellip;]<\/p>\n","protected":false},"author":2,"featured_media":0,"comment_status":"open","ping_status":"open","sticky":false,"template":"","format":"standard","meta":{"_acf_changed":false,"site-sidebar-layout":"default","site-content-layout":"","ast-site-content-layout":"default","site-content-style":"default","site-sidebar-style":"default","ast-global-header-display":"","ast-banner-title-visibility":"","ast-main-header-display":"","ast-hfb-above-header-display":"","ast-hfb-below-header-display":"","ast-hfb-mobile-header-display":"","site-post-title":"","ast-breadcrumbs-content":"","ast-featured-img":"","footer-sml-layout":"","theme-transparent-header-meta":"","adv-header-id-meta":"","stick-header-meta":"","header-above-stick-meta":"","header-main-stick-meta":"","header-below-stick-meta":"","astra-migrate-meta-layouts":"default","ast-page-background-enabled":"default","ast-page-background-meta":{"desktop":{"background-color":"var(--ast-global-color-4)","background-image":"","background-repeat":"repeat","background-position":"center center","background-size":"auto","background-attachment":"scroll","background-type":"","background-media":"","overlay-type":"","overlay-color":"","overlay-opacity":"","overlay-gradient":""},"tablet":{"background-color":"","background-image":"","background-repeat":"repeat","background-position":"center center","background-size":"auto","background-attachment":"scroll","background-type":"","background-media":"","overlay-type":"","overlay-color":"","overlay-opacity":"","overlay-gradient":""},"mobile":{"background-color":"","background-image":"","background-repeat":"repeat","background-position":"center center","background-size":"auto","background-attachment":"scroll","background-type":"","background-media":"","overlay-type":"","overlay-color":"","overlay-opacity":"","overlay-gradient":""}},"ast-content-background-meta":{"desktop":{"background-color":"var(--ast-global-color-5)","background-image":"","background-repeat":"repeat","background-position":"center center","background-size":"auto","background-attachment":"scroll","background-type":"","background-media":"","overlay-type":"","overlay-color":"","overlay-opacity":"","overlay-gradient":""},"tablet":{"background-color":"var(--ast-global-color-5)","background-image":"","background-repeat":"repeat","background-position":"center center","background-size":"auto","background-attachment":"scroll","background-type":"","background-media":"","overlay-type":"","overlay-color":"","overlay-opacity":"","overlay-gradient":""},"mobile":{"background-color":"var(--ast-global-color-5)","background-image":"","background-repeat":"repeat","background-position":"center center","background-size":"auto","background-attachment":"scroll","background-type":"","background-media":"","overlay-type":"","overlay-color":"","overlay-opacity":"","overlay-gradient":""}},"footnotes":""},"categories":[1],"tags":[],"class_list":["post-6854","post","type-post","status-publish","format-standard","hentry","category-sem-categoria"],"acf":[],"yoast_head":"<!-- This site is optimized with the Yoast SEO plugin v26.9 - https:\/\/yoast.com\/product\/yoast-seo-wordpress\/ -->\n<title>Hospital M\u00e1rcio Cunha realiza a primeira radiocirurgia do Leste de Minas - Col\u00e9gio S\u00e3o Francisco Xavier<\/title>\n<meta name=\"robots\" content=\"index, follow, max-snippet:-1, max-image-preview:large, max-video-preview:-1\" \/>\n<link rel=\"canonical\" href=\"https:\/\/www.fsfx.com.br\/colegio-sao-francisco\/hospital-marcio-cunha-realiza-a-primeira-radiocirurgia-do-leste-de-minas\/\" \/>\n<meta property=\"og:locale\" content=\"pt_BR\" \/>\n<meta property=\"og:type\" content=\"article\" \/>\n<meta property=\"og:title\" content=\"Hospital M\u00e1rcio Cunha realiza a primeira radiocirurgia do Leste de Minas - Col\u00e9gio S\u00e3o Francisco Xavier\" \/>\n<meta property=\"og:description\" content=\"Um caminho de esperan\u00e7a para m\u00e9dicos e pacientes que buscam a cura de tumores graves no c\u00e9rebro se abriu esta semana no Hospital M\u00e1rcio Cunha (HMC), em Ipatinga. Pela primeira vez na regi\u00e3o Leste de Minas Gerais, um paciente do Sistema \u00danico de Sa\u00fade foi submetido, com sucesso, \u00e0 chamada radiocirurgia na cabe\u00e7a, um procedimento [&hellip;]\" \/>\n<meta property=\"og:url\" content=\"https:\/\/www.fsfx.com.br\/colegio-sao-francisco\/hospital-marcio-cunha-realiza-a-primeira-radiocirurgia-do-leste-de-minas\/\" \/>\n<meta property=\"og:site_name\" content=\"Col\u00e9gio S\u00e3o Francisco Xavier\" \/>\n<meta property=\"article:published_time\" content=\"2020-05-14T21:16:24+00:00\" \/>\n<meta property=\"og:image\" content=\"http:\/\/www.fsfx.com.br\/hospital-marcio-cunha\/wp-content\/uploads\/sites\/6\/2016\/09\/Radiocirurgia-Elvira-N-142-300x199.jpg\" \/>\n<meta name=\"author\" content=\"claudio\" \/>\n<meta name=\"twitter:card\" content=\"summary_large_image\" \/>\n<meta name=\"twitter:label1\" content=\"Escrito por\" \/>\n\t<meta name=\"twitter:data1\" content=\"claudio\" \/>\n\t<meta name=\"twitter:label2\" content=\"Est. tempo de leitura\" \/>\n\t<meta name=\"twitter:data2\" content=\"3 minutos\" \/>\n<script type=\"application\/ld+json\" class=\"yoast-schema-graph\">{\"@context\":\"https:\/\/schema.org\",\"@graph\":[{\"@type\":\"Article\",\"@id\":\"https:\/\/www.fsfx.com.br\/colegio-sao-francisco\/hospital-marcio-cunha-realiza-a-primeira-radiocirurgia-do-leste-de-minas\/#article\",\"isPartOf\":{\"@id\":\"https:\/\/www.fsfx.com.br\/colegio-sao-francisco\/hospital-marcio-cunha-realiza-a-primeira-radiocirurgia-do-leste-de-minas\/\"},\"author\":{\"name\":\"claudio\",\"@id\":\"https:\/\/www.fsfx.com.br\/colegio-sao-francisco\/#\/schema\/person\/7d2372fe1973398ab20a060bbb9a87d8\"},\"headline\":\"Hospital M\u00e1rcio Cunha realiza a primeira radiocirurgia do Leste de Minas\",\"datePublished\":\"2020-05-14T21:16:24+00:00\",\"mainEntityOfPage\":{\"@id\":\"https:\/\/www.fsfx.com.br\/colegio-sao-francisco\/hospital-marcio-cunha-realiza-a-primeira-radiocirurgia-do-leste-de-minas\/\"},\"wordCount\":690,\"commentCount\":0,\"publisher\":{\"@id\":\"https:\/\/www.fsfx.com.br\/colegio-sao-francisco\/#organization\"},\"image\":{\"@id\":\"https:\/\/www.fsfx.com.br\/colegio-sao-francisco\/hospital-marcio-cunha-realiza-a-primeira-radiocirurgia-do-leste-de-minas\/#primaryimage\"},\"thumbnailUrl\":\"http:\/\/www.fsfx.com.br\/hospital-marcio-cunha\/wp-content\/uploads\/sites\/6\/2016\/09\/Radiocirurgia-Elvira-N-142-300x199.jpg\",\"inLanguage\":\"pt-BR\",\"potentialAction\":[{\"@type\":\"CommentAction\",\"name\":\"Comment\",\"target\":[\"https:\/\/www.fsfx.com.br\/colegio-sao-francisco\/hospital-marcio-cunha-realiza-a-primeira-radiocirurgia-do-leste-de-minas\/#respond\"]}]},{\"@type\":\"WebPage\",\"@id\":\"https:\/\/www.fsfx.com.br\/colegio-sao-francisco\/hospital-marcio-cunha-realiza-a-primeira-radiocirurgia-do-leste-de-minas\/\",\"url\":\"https:\/\/www.fsfx.com.br\/colegio-sao-francisco\/hospital-marcio-cunha-realiza-a-primeira-radiocirurgia-do-leste-de-minas\/\",\"name\":\"Hospital M\u00e1rcio Cunha realiza a primeira radiocirurgia do Leste de Minas - Col\u00e9gio S\u00e3o Francisco Xavier\",\"isPartOf\":{\"@id\":\"https:\/\/www.fsfx.com.br\/colegio-sao-francisco\/#website\"},\"primaryImageOfPage\":{\"@id\":\"https:\/\/www.fsfx.com.br\/colegio-sao-francisco\/hospital-marcio-cunha-realiza-a-primeira-radiocirurgia-do-leste-de-minas\/#primaryimage\"},\"image\":{\"@id\":\"https:\/\/www.fsfx.com.br\/colegio-sao-francisco\/hospital-marcio-cunha-realiza-a-primeira-radiocirurgia-do-leste-de-minas\/#primaryimage\"},\"thumbnailUrl\":\"http:\/\/www.fsfx.com.br\/hospital-marcio-cunha\/wp-content\/uploads\/sites\/6\/2016\/09\/Radiocirurgia-Elvira-N-142-300x199.jpg\",\"datePublished\":\"2020-05-14T21:16:24+00:00\",\"breadcrumb\":{\"@id\":\"https:\/\/www.fsfx.com.br\/colegio-sao-francisco\/hospital-marcio-cunha-realiza-a-primeira-radiocirurgia-do-leste-de-minas\/#breadcrumb\"},\"inLanguage\":\"pt-BR\",\"potentialAction\":[{\"@type\":\"ReadAction\",\"target\":[\"https:\/\/www.fsfx.com.br\/colegio-sao-francisco\/hospital-marcio-cunha-realiza-a-primeira-radiocirurgia-do-leste-de-minas\/\"]}]},{\"@type\":\"ImageObject\",\"inLanguage\":\"pt-BR\",\"@id\":\"https:\/\/www.fsfx.com.br\/colegio-sao-francisco\/hospital-marcio-cunha-realiza-a-primeira-radiocirurgia-do-leste-de-minas\/#primaryimage\",\"url\":\"http:\/\/www.fsfx.com.br\/hospital-marcio-cunha\/wp-content\/uploads\/sites\/6\/2016\/09\/Radiocirurgia-Elvira-N-142-300x199.jpg\",\"contentUrl\":\"http:\/\/www.fsfx.com.br\/hospital-marcio-cunha\/wp-content\/uploads\/sites\/6\/2016\/09\/Radiocirurgia-Elvira-N-142-300x199.jpg\"},{\"@type\":\"BreadcrumbList\",\"@id\":\"https:\/\/www.fsfx.com.br\/colegio-sao-francisco\/hospital-marcio-cunha-realiza-a-primeira-radiocirurgia-do-leste-de-minas\/#breadcrumb\",\"itemListElement\":[{\"@type\":\"ListItem\",\"position\":1,\"name\":\"In\u00edcio\",\"item\":\"https:\/\/www.fsfx.com.br\/colegio-sao-francisco\/\"},{\"@type\":\"ListItem\",\"position\":2,\"name\":\"Hospital M\u00e1rcio Cunha realiza a primeira radiocirurgia do Leste de Minas\"}]},{\"@type\":\"WebSite\",\"@id\":\"https:\/\/www.fsfx.com.br\/colegio-sao-francisco\/#website\",\"url\":\"https:\/\/www.fsfx.com.br\/colegio-sao-francisco\/\",\"name\":\"Col\u00e9gio S\u00e3o Francisco Xavier\",\"description\":\"\",\"publisher\":{\"@id\":\"https:\/\/www.fsfx.com.br\/colegio-sao-francisco\/#organization\"},\"potentialAction\":[{\"@type\":\"SearchAction\",\"target\":{\"@type\":\"EntryPoint\",\"urlTemplate\":\"https:\/\/www.fsfx.com.br\/colegio-sao-francisco\/?s={search_term_string}\"},\"query-input\":{\"@type\":\"PropertyValueSpecification\",\"valueRequired\":true,\"valueName\":\"search_term_string\"}}],\"inLanguage\":\"pt-BR\"},{\"@type\":\"Organization\",\"@id\":\"https:\/\/www.fsfx.com.br\/colegio-sao-francisco\/#organization\",\"name\":\"CSFX - Col\u00e9gio S\u00e3o Francisco Xavier\",\"url\":\"https:\/\/www.fsfx.com.br\/colegio-sao-francisco\/\",\"logo\":{\"@type\":\"ImageObject\",\"inLanguage\":\"pt-BR\",\"@id\":\"https:\/\/www.fsfx.com.br\/colegio-sao-francisco\/#\/schema\/logo\/image\/\",\"url\":\"https:\/\/www.fsfx.com.br\/colegio-sao-francisco\/wp-content\/uploads\/sites\/10\/2020\/02\/logo.png\",\"contentUrl\":\"https:\/\/www.fsfx.com.br\/colegio-sao-francisco\/wp-content\/uploads\/sites\/10\/2020\/02\/logo.png\",\"width\":175,\"height\":40,\"caption\":\"CSFX - Col\u00e9gio S\u00e3o Francisco Xavier\"},\"image\":{\"@id\":\"https:\/\/www.fsfx.com.br\/colegio-sao-francisco\/#\/schema\/logo\/image\/\"}},{\"@type\":\"Person\",\"@id\":\"https:\/\/www.fsfx.com.br\/colegio-sao-francisco\/#\/schema\/person\/7d2372fe1973398ab20a060bbb9a87d8\",\"name\":\"claudio\",\"image\":{\"@type\":\"ImageObject\",\"inLanguage\":\"pt-BR\",\"@id\":\"https:\/\/www.fsfx.com.br\/colegio-sao-francisco\/#\/schema\/person\/image\/\",\"url\":\"https:\/\/secure.gravatar.com\/avatar\/724caacf0f2f073275cb3689c577e73e87e40150b1ffd648a67445e75aa7ff03?s=96&d=mm&r=g\",\"contentUrl\":\"https:\/\/secure.gravatar.com\/avatar\/724caacf0f2f073275cb3689c577e73e87e40150b1ffd648a67445e75aa7ff03?s=96&d=mm&r=g\",\"caption\":\"claudio\"},\"url\":\"https:\/\/www.fsfx.com.br\/colegio-sao-francisco\/author\/claudio\/\"}]}<\/script>\n<!-- \/ Yoast SEO plugin. -->","yoast_head_json":{"title":"Hospital M\u00e1rcio Cunha realiza a primeira radiocirurgia do Leste de Minas - Col\u00e9gio S\u00e3o Francisco Xavier","robots":{"index":"index","follow":"follow","max-snippet":"max-snippet:-1","max-image-preview":"max-image-preview:large","max-video-preview":"max-video-preview:-1"},"canonical":"https:\/\/www.fsfx.com.br\/colegio-sao-francisco\/hospital-marcio-cunha-realiza-a-primeira-radiocirurgia-do-leste-de-minas\/","og_locale":"pt_BR","og_type":"article","og_title":"Hospital M\u00e1rcio Cunha realiza a primeira radiocirurgia do Leste de Minas - Col\u00e9gio S\u00e3o Francisco Xavier","og_description":"Um caminho de esperan\u00e7a para m\u00e9dicos e pacientes que buscam a cura de tumores graves no c\u00e9rebro se abriu esta semana no Hospital M\u00e1rcio Cunha (HMC), em Ipatinga. Pela primeira vez na regi\u00e3o Leste de Minas Gerais, um paciente do Sistema \u00danico de Sa\u00fade foi submetido, com sucesso, \u00e0 chamada radiocirurgia na cabe\u00e7a, um procedimento [&hellip;]","og_url":"https:\/\/www.fsfx.com.br\/colegio-sao-francisco\/hospital-marcio-cunha-realiza-a-primeira-radiocirurgia-do-leste-de-minas\/","og_site_name":"Col\u00e9gio S\u00e3o Francisco Xavier","article_published_time":"2020-05-14T21:16:24+00:00","og_image":[{"url":"http:\/\/www.fsfx.com.br\/hospital-marcio-cunha\/wp-content\/uploads\/sites\/6\/2016\/09\/Radiocirurgia-Elvira-N-142-300x199.jpg","type":"","width":"","height":""}],"author":"claudio","twitter_card":"summary_large_image","twitter_misc":{"Escrito por":"claudio","Est. tempo de leitura":"3 minutos"},"schema":{"@context":"https:\/\/schema.org","@graph":[{"@type":"Article","@id":"https:\/\/www.fsfx.com.br\/colegio-sao-francisco\/hospital-marcio-cunha-realiza-a-primeira-radiocirurgia-do-leste-de-minas\/#article","isPartOf":{"@id":"https:\/\/www.fsfx.com.br\/colegio-sao-francisco\/hospital-marcio-cunha-realiza-a-primeira-radiocirurgia-do-leste-de-minas\/"},"author":{"name":"claudio","@id":"https:\/\/www.fsfx.com.br\/colegio-sao-francisco\/#\/schema\/person\/7d2372fe1973398ab20a060bbb9a87d8"},"headline":"Hospital M\u00e1rcio Cunha realiza a primeira radiocirurgia do Leste de Minas","datePublished":"2020-05-14T21:16:24+00:00","mainEntityOfPage":{"@id":"https:\/\/www.fsfx.com.br\/colegio-sao-francisco\/hospital-marcio-cunha-realiza-a-primeira-radiocirurgia-do-leste-de-minas\/"},"wordCount":690,"commentCount":0,"publisher":{"@id":"https:\/\/www.fsfx.com.br\/colegio-sao-francisco\/#organization"},"image":{"@id":"https:\/\/www.fsfx.com.br\/colegio-sao-francisco\/hospital-marcio-cunha-realiza-a-primeira-radiocirurgia-do-leste-de-minas\/#primaryimage"},"thumbnailUrl":"http:\/\/www.fsfx.com.br\/hospital-marcio-cunha\/wp-content\/uploads\/sites\/6\/2016\/09\/Radiocirurgia-Elvira-N-142-300x199.jpg","inLanguage":"pt-BR","potentialAction":[{"@type":"CommentAction","name":"Comment","target":["https:\/\/www.fsfx.com.br\/colegio-sao-francisco\/hospital-marcio-cunha-realiza-a-primeira-radiocirurgia-do-leste-de-minas\/#respond"]}]},{"@type":"WebPage","@id":"https:\/\/www.fsfx.com.br\/colegio-sao-francisco\/hospital-marcio-cunha-realiza-a-primeira-radiocirurgia-do-leste-de-minas\/","url":"https:\/\/www.fsfx.com.br\/colegio-sao-francisco\/hospital-marcio-cunha-realiza-a-primeira-radiocirurgia-do-leste-de-minas\/","name":"Hospital M\u00e1rcio Cunha realiza a primeira radiocirurgia do Leste de Minas - Col\u00e9gio S\u00e3o Francisco Xavier","isPartOf":{"@id":"https:\/\/www.fsfx.com.br\/colegio-sao-francisco\/#website"},"primaryImageOfPage":{"@id":"https:\/\/www.fsfx.com.br\/colegio-sao-francisco\/hospital-marcio-cunha-realiza-a-primeira-radiocirurgia-do-leste-de-minas\/#primaryimage"},"image":{"@id":"https:\/\/www.fsfx.com.br\/colegio-sao-francisco\/hospital-marcio-cunha-realiza-a-primeira-radiocirurgia-do-leste-de-minas\/#primaryimage"},"thumbnailUrl":"http:\/\/www.fsfx.com.br\/hospital-marcio-cunha\/wp-content\/uploads\/sites\/6\/2016\/09\/Radiocirurgia-Elvira-N-142-300x199.jpg","datePublished":"2020-05-14T21:16:24+00:00","breadcrumb":{"@id":"https:\/\/www.fsfx.com.br\/colegio-sao-francisco\/hospital-marcio-cunha-realiza-a-primeira-radiocirurgia-do-leste-de-minas\/#breadcrumb"},"inLanguage":"pt-BR","potentialAction":[{"@type":"ReadAction","target":["https:\/\/www.fsfx.com.br\/colegio-sao-francisco\/hospital-marcio-cunha-realiza-a-primeira-radiocirurgia-do-leste-de-minas\/"]}]},{"@type":"ImageObject","inLanguage":"pt-BR","@id":"https:\/\/www.fsfx.com.br\/colegio-sao-francisco\/hospital-marcio-cunha-realiza-a-primeira-radiocirurgia-do-leste-de-minas\/#primaryimage","url":"http:\/\/www.fsfx.com.br\/hospital-marcio-cunha\/wp-content\/uploads\/sites\/6\/2016\/09\/Radiocirurgia-Elvira-N-142-300x199.jpg","contentUrl":"http:\/\/www.fsfx.com.br\/hospital-marcio-cunha\/wp-content\/uploads\/sites\/6\/2016\/09\/Radiocirurgia-Elvira-N-142-300x199.jpg"},{"@type":"BreadcrumbList","@id":"https:\/\/www.fsfx.com.br\/colegio-sao-francisco\/hospital-marcio-cunha-realiza-a-primeira-radiocirurgia-do-leste-de-minas\/#breadcrumb","itemListElement":[{"@type":"ListItem","position":1,"name":"In\u00edcio","item":"https:\/\/www.fsfx.com.br\/colegio-sao-francisco\/"},{"@type":"ListItem","position":2,"name":"Hospital M\u00e1rcio Cunha realiza a primeira radiocirurgia do Leste de Minas"}]},{"@type":"WebSite","@id":"https:\/\/www.fsfx.com.br\/colegio-sao-francisco\/#website","url":"https:\/\/www.fsfx.com.br\/colegio-sao-francisco\/","name":"Col\u00e9gio S\u00e3o Francisco Xavier","description":"","publisher":{"@id":"https:\/\/www.fsfx.com.br\/colegio-sao-francisco\/#organization"},"potentialAction":[{"@type":"SearchAction","target":{"@type":"EntryPoint","urlTemplate":"https:\/\/www.fsfx.com.br\/colegio-sao-francisco\/?s={search_term_string}"},"query-input":{"@type":"PropertyValueSpecification","valueRequired":true,"valueName":"search_term_string"}}],"inLanguage":"pt-BR"},{"@type":"Organization","@id":"https:\/\/www.fsfx.com.br\/colegio-sao-francisco\/#organization","name":"CSFX - Col\u00e9gio S\u00e3o Francisco Xavier","url":"https:\/\/www.fsfx.com.br\/colegio-sao-francisco\/","logo":{"@type":"ImageObject","inLanguage":"pt-BR","@id":"https:\/\/www.fsfx.com.br\/colegio-sao-francisco\/#\/schema\/logo\/image\/","url":"https:\/\/www.fsfx.com.br\/colegio-sao-francisco\/wp-content\/uploads\/sites\/10\/2020\/02\/logo.png","contentUrl":"https:\/\/www.fsfx.com.br\/colegio-sao-francisco\/wp-content\/uploads\/sites\/10\/2020\/02\/logo.png","width":175,"height":40,"caption":"CSFX - Col\u00e9gio S\u00e3o Francisco Xavier"},"image":{"@id":"https:\/\/www.fsfx.com.br\/colegio-sao-francisco\/#\/schema\/logo\/image\/"}},{"@type":"Person","@id":"https:\/\/www.fsfx.com.br\/colegio-sao-francisco\/#\/schema\/person\/7d2372fe1973398ab20a060bbb9a87d8","name":"claudio","image":{"@type":"ImageObject","inLanguage":"pt-BR","@id":"https:\/\/www.fsfx.com.br\/colegio-sao-francisco\/#\/schema\/person\/image\/","url":"https:\/\/secure.gravatar.com\/avatar\/724caacf0f2f073275cb3689c577e73e87e40150b1ffd648a67445e75aa7ff03?s=96&d=mm&r=g","contentUrl":"https:\/\/secure.gravatar.com\/avatar\/724caacf0f2f073275cb3689c577e73e87e40150b1ffd648a67445e75aa7ff03?s=96&d=mm&r=g","caption":"claudio"},"url":"https:\/\/www.fsfx.com.br\/colegio-sao-francisco\/author\/claudio\/"}]}},"_links":{"self":[{"href":"https:\/\/www.fsfx.com.br\/colegio-sao-francisco\/wp-json\/wp\/v2\/posts\/6854","targetHints":{"allow":["GET"]}}],"collection":[{"href":"https:\/\/www.fsfx.com.br\/colegio-sao-francisco\/wp-json\/wp\/v2\/posts"}],"about":[{"href":"https:\/\/www.fsfx.com.br\/colegio-sao-francisco\/wp-json\/wp\/v2\/types\/post"}],"author":[{"embeddable":true,"href":"https:\/\/www.fsfx.com.br\/colegio-sao-francisco\/wp-json\/wp\/v2\/users\/2"}],"replies":[{"embeddable":true,"href":"https:\/\/www.fsfx.com.br\/colegio-sao-francisco\/wp-json\/wp\/v2\/comments?post=6854"}],"version-history":[{"count":0,"href":"https:\/\/www.fsfx.com.br\/colegio-sao-francisco\/wp-json\/wp\/v2\/posts\/6854\/revisions"}],"wp:attachment":[{"href":"https:\/\/www.fsfx.com.br\/colegio-sao-francisco\/wp-json\/wp\/v2\/media?parent=6854"}],"wp:term":[{"taxonomy":"category","embeddable":true,"href":"https:\/\/www.fsfx.com.br\/colegio-sao-francisco\/wp-json\/wp\/v2\/categories?post=6854"},{"taxonomy":"post_tag","embeddable":true,"href":"https:\/\/www.fsfx.com.br\/colegio-sao-francisco\/wp-json\/wp\/v2\/tags?post=6854"}],"curies":[{"name":"wp","href":"https:\/\/api.w.org\/{rel}","templated":true}]}}