{"id":6857,"date":"2020-05-14T18:16:29","date_gmt":"2020-05-14T21:16:29","guid":{"rendered":"http:\/\/fsfx.com.br\/\/csfx\/2020\/05\/14\/aquecendo-coracoes-com-carinho-e-alegria\/"},"modified":"2020-05-14T18:16:29","modified_gmt":"2020-05-14T21:16:29","slug":"aquecendo-coracoes-com-carinho-e-alegria","status":"publish","type":"post","link":"https:\/\/www.fsfx.com.br\/colegio-sao-francisco\/aquecendo-coracoes-com-carinho-e-alegria\/","title":{"rendered":"Aquecendo cora\u00e7\u00f5es com carinho e alegria"},"content":{"rendered":"<p>O elevador foi subindo e levando para o alto as expectativas de meninos e meninas. \u0093L\u00e1 vem ela\u0094, diziam os adultos, trazendo junto n\u00e3o apenas a ansiedade, mas tamb\u00e9m um sentimento diferente. Bastaram as portas de a\u00e7o se abrirem, como se fosse num castelo de anima\u00e7\u00f5es infantis, para de l\u00e1 sair mais que uma princesa personagem: chegava na Pediatria a alegria de se sentirem ainda mais acolhidos em um hospital.<\/p>\n<p>A visita da Frozen, ou melhor, da princesa Elsa ao 6\u00ba andar do Hospital M\u00e1rcio Cunha, em Ipatinga, encantou os pequenos pacientes. Acompanhada pelo Grupo de Volunt\u00e1rios da Funda\u00e7\u00e3o S\u00e3o Francisco Xavier, a princesa tamb\u00e9m caiu na m\u00e1gica do voluntariado, um sentimento que espalha sorrisos, abra\u00e7os e um pouco mais de for\u00e7a \u00e0s crian\u00e7as.<\/p>\n<p>\u0093Ela veio da Disney para ver ela\u0094, entrega Kaillany de Sena Almeida, de 13 anos, apontando para a pequena Juliany An\u00edcio Ferreira, de 6 anos. A amiga de enfermaria e de luta di\u00e1ria contra a leucemia logo responde com uma boa risada. \u0093N\u00e3o \u00e9, ela t\u00e1 s\u00f3 com o vestido igual a do filme. Mas eu gostei muito, porque ela tirou foto comigo. Minha m\u00e3e vai mandar para o meu pai. A Elsa falou pra mim que vai ficar tudo bem\u0094.<\/p>\n<p>Para as m\u00e3es, esse carinho faz a diferen\u00e7a. \u0093\u00c9 um meio de esquecer um pouco da doen\u00e7a. A Juliany gosta muito e lembra do filme, e acha que \u00e9 um pouco real, que a Elsa veio ver ela\u0094, conta Jucilene Ferreira de Jesus. \u0093Para quem fica aqui h\u00e1 30, 45 dias, o trabalho dos volunt\u00e1rios ajuda a tirar um pouco da rotina, desse sofrimento e traz um pouco mais de alegria. At\u00e9 o tratamento da pr\u00f3pria equipe m\u00e9dica e de enfermagem \u00e9 diferente com os pacientes da Oncologia Pedi\u00e1trica. \u00c9 diferente, tem mais carinho, \u00e9 muito bom\u0094, agradece Adriana de Sena Almeida, m\u00e3e da Kaillany.<\/p>\n<figure id=\"attachment_1452\" aria-describedby=\"caption-attachment-1452\" style=\"width: 300px\" class=\"wp-caption alignright\"><img fetchpriority=\"high\" decoding=\"async\" class=\"size-medium wp-image-1452\" src=\"http:\/\/www.fsfx.com.br\/hospital-marcio-cunha\/wp-content\/uploads\/sites\/6\/2016\/09\/Princesa-EN-79-300x199.jpg\" alt=\"A pequena Alice Gomes Nascimento com a princesa Elsa\" width=\"300\" height=\"199\" \/><figcaption id=\"caption-attachment-1452\" class=\"wp-caption-text\">A pequena Alice Gomes Nascimento com a princesa Elsa<\/figcaption><\/figure>\n<p>Sucesso nos cinemas nos \u00faltimos anos, o filme <em>Frozen \u0096 Uma Aventura Congelante<\/em> chama a aten\u00e7\u00e3o por resgatar a import\u00e2ncia do amor fraterno, entre as irm\u00e3s Ana e Elsa, espalhando m\u00e1ximas como <em>\u0093S\u00f3 o amor \u00e9 capaz de aquecer os cora\u00e7\u00f5es\u0094<\/em>. Por isso o sucesso da princesa Elsa e de seu ex\u00e9rcito de volunt\u00e1rios por onde passaram no Hospital M\u00e1rcio Cunha, levando carinho e alegria por corredores, recep\u00e7\u00f5es e at\u00e9 pela UTI Neonatal e Pedi\u00e1trica.<\/p>\n<p>Quem sente isso \u0093na pele\u0094, sabe o quanto a magia transcende o filme, para crian\u00e7as e at\u00e9 para adultos. \u0093Fa\u00e7o a Elsa h\u00e1 dois anos e j\u00e1 queria fazer tamb\u00e9m trabalho volunt\u00e1rio, mas ficava acanhada. At\u00e9 que recebi o convite da Ariadna da Unidade I\u0094, relembra J\u00falia M\u00e1rcia de Oliveira, int\u00e9rprete da personagem que j\u00e1 trabalhou como secret\u00e1ria na Funda\u00e7\u00e3o S\u00e3o Francisco Xavier. \u0093Voltar aqui hoje faz o cora\u00e7\u00e3o bater diferente, parece que estou em casa. Por isso topei o convite na hora. Acho que as crian\u00e7as s\u00e3o o nosso futuro. A gente tem que trat\u00e1-las com o maior amor e carinho poss\u00edveis, para que l\u00e1 na frente deem frutos. Eu sou uma gotinha no mar, mas de gota em gota \u00e9 que se forma um oceano de coisas boas.\u0094<\/p>\n<p><strong>Voluntariado em alta<\/strong><\/p>\n<p>Relan\u00e7ado em mar\u00e7o deste ano, o Grupo de Volunt\u00e1rios da Funda\u00e7\u00e3o S\u00e3o Francisco Xavier \u00e9 composto por colaboradores das diversas unidades da institui\u00e7\u00e3o criada pela Usiminas: o Hospital M\u00e1rcio Cunha, a operadora Usisa\u00fade, o Centro de Odontologia Integrada e o Col\u00e9gio S\u00e3o Francisco Xavier e o Servi\u00e7o de Seguran\u00e7a e Sa\u00fade Ocupacional.<\/p>\n<p>Desde ent\u00e3o, promove diversas a\u00e7\u00f5es de humaniza\u00e7\u00e3o, como visitas, arrecada\u00e7\u00e3o de agasalhos e alimentos por meio de campanhas e a\u00e7\u00f5es especiais, encantando clientes e colaboradores. \u0093Isso marca positivamente as pessoas, as crian\u00e7as no hospital, por exemplo, que hoje receberam uma princesa. Muda o conceito de que passar pelo hospital \u00e9 um momento ruim, transformando-o em um momento especial de recupera\u00e7\u00e3o e tamb\u00e9m de boas lembran\u00e7as\u0094, resume Gabriela Santos, coordenadora do Grupo de Volunt\u00e1rios FSFX.<\/p>\n<p>&nbsp;<\/p>\n","protected":false},"excerpt":{"rendered":"<p>O elevador foi subindo e levando para o alto as expectativas de meninos e meninas. \u0093L\u00e1 vem ela\u0094, diziam os adultos, trazendo junto n\u00e3o apenas a ansiedade, mas tamb\u00e9m um sentimento diferente. Bastaram as portas de a\u00e7o se abrirem, como se fosse num castelo de anima\u00e7\u00f5es infantis, para de l\u00e1 sair mais que uma princesa [&hellip;]<\/p>\n","protected":false},"author":2,"featured_media":0,"comment_status":"open","ping_status":"open","sticky":false,"template":"","format":"standard","meta":{"_acf_changed":false,"site-sidebar-layout":"default","site-content-layout":"","ast-site-content-layout":"default","site-content-style":"default","site-sidebar-style":"default","ast-global-header-display":"","ast-banner-title-visibility":"","ast-main-header-display":"","ast-hfb-above-header-display":"","ast-hfb-below-header-display":"","ast-hfb-mobile-header-display":"","site-post-title":"","ast-breadcrumbs-content":"","ast-featured-img":"","footer-sml-layout":"","theme-transparent-header-meta":"","adv-header-id-meta":"","stick-header-meta":"","header-above-stick-meta":"","header-main-stick-meta":"","header-below-stick-meta":"","astra-migrate-meta-layouts":"default","ast-page-background-enabled":"default","ast-page-background-meta":{"desktop":{"background-color":"var(--ast-global-color-4)","background-image":"","background-repeat":"repeat","background-position":"center center","background-size":"auto","background-attachment":"scroll","background-type":"","background-media":"","overlay-type":"","overlay-color":"","overlay-opacity":"","overlay-gradient":""},"tablet":{"background-color":"","background-image":"","background-repeat":"repeat","background-position":"center center","background-size":"auto","background-attachment":"scroll","background-type":"","background-media":"","overlay-type":"","overlay-color":"","overlay-opacity":"","overlay-gradient":""},"mobile":{"background-color":"","background-image":"","background-repeat":"repeat","background-position":"center center","background-size":"auto","background-attachment":"scroll","background-type":"","background-media":"","overlay-type":"","overlay-color":"","overlay-opacity":"","overlay-gradient":""}},"ast-content-background-meta":{"desktop":{"background-color":"var(--ast-global-color-5)","background-image":"","background-repeat":"repeat","background-position":"center center","background-size":"auto","background-attachment":"scroll","background-type":"","background-media":"","overlay-type":"","overlay-color":"","overlay-opacity":"","overlay-gradient":""},"tablet":{"background-color":"var(--ast-global-color-5)","background-image":"","background-repeat":"repeat","background-position":"center center","background-size":"auto","background-attachment":"scroll","background-type":"","background-media":"","overlay-type":"","overlay-color":"","overlay-opacity":"","overlay-gradient":""},"mobile":{"background-color":"var(--ast-global-color-5)","background-image":"","background-repeat":"repeat","background-position":"center center","background-size":"auto","background-attachment":"scroll","background-type":"","background-media":"","overlay-type":"","overlay-color":"","overlay-opacity":"","overlay-gradient":""}},"footnotes":""},"categories":[1],"tags":[],"class_list":["post-6857","post","type-post","status-publish","format-standard","hentry","category-sem-categoria"],"acf":[],"yoast_head":"<!-- This site is optimized with the Yoast SEO plugin v26.9 - https:\/\/yoast.com\/product\/yoast-seo-wordpress\/ -->\n<title>Aquecendo cora\u00e7\u00f5es com carinho e alegria - Col\u00e9gio S\u00e3o Francisco Xavier<\/title>\n<meta name=\"robots\" content=\"index, follow, max-snippet:-1, max-image-preview:large, max-video-preview:-1\" \/>\n<link rel=\"canonical\" href=\"https:\/\/www.fsfx.com.br\/colegio-sao-francisco\/aquecendo-coracoes-com-carinho-e-alegria\/\" \/>\n<meta property=\"og:locale\" content=\"pt_BR\" \/>\n<meta property=\"og:type\" content=\"article\" \/>\n<meta property=\"og:title\" content=\"Aquecendo cora\u00e7\u00f5es com carinho e alegria - Col\u00e9gio S\u00e3o Francisco Xavier\" \/>\n<meta property=\"og:description\" content=\"O elevador foi subindo e levando para o alto as expectativas de meninos e meninas. \u0093L\u00e1 vem ela\u0094, diziam os adultos, trazendo junto n\u00e3o apenas a ansiedade, mas tamb\u00e9m um sentimento diferente. Bastaram as portas de a\u00e7o se abrirem, como se fosse num castelo de anima\u00e7\u00f5es infantis, para de l\u00e1 sair mais que uma princesa [&hellip;]\" \/>\n<meta property=\"og:url\" content=\"https:\/\/www.fsfx.com.br\/colegio-sao-francisco\/aquecendo-coracoes-com-carinho-e-alegria\/\" \/>\n<meta property=\"og:site_name\" content=\"Col\u00e9gio S\u00e3o Francisco Xavier\" \/>\n<meta property=\"article:published_time\" content=\"2020-05-14T21:16:29+00:00\" \/>\n<meta property=\"og:image\" content=\"http:\/\/www.fsfx.com.br\/hospital-marcio-cunha\/wp-content\/uploads\/sites\/6\/2016\/09\/Princesa-EN-79-300x199.jpg\" \/>\n<meta name=\"author\" content=\"claudio\" \/>\n<meta name=\"twitter:card\" content=\"summary_large_image\" \/>\n<meta name=\"twitter:label1\" content=\"Escrito por\" \/>\n\t<meta name=\"twitter:data1\" content=\"claudio\" \/>\n\t<meta name=\"twitter:label2\" content=\"Est. tempo de leitura\" \/>\n\t<meta name=\"twitter:data2\" content=\"4 minutos\" \/>\n<script type=\"application\/ld+json\" class=\"yoast-schema-graph\">{\"@context\":\"https:\/\/schema.org\",\"@graph\":[{\"@type\":\"Article\",\"@id\":\"https:\/\/www.fsfx.com.br\/colegio-sao-francisco\/aquecendo-coracoes-com-carinho-e-alegria\/#article\",\"isPartOf\":{\"@id\":\"https:\/\/www.fsfx.com.br\/colegio-sao-francisco\/aquecendo-coracoes-com-carinho-e-alegria\/\"},\"author\":{\"name\":\"claudio\",\"@id\":\"https:\/\/www.fsfx.com.br\/colegio-sao-francisco\/#\/schema\/person\/7d2372fe1973398ab20a060bbb9a87d8\"},\"headline\":\"Aquecendo cora\u00e7\u00f5es com carinho e alegria\",\"datePublished\":\"2020-05-14T21:16:29+00:00\",\"mainEntityOfPage\":{\"@id\":\"https:\/\/www.fsfx.com.br\/colegio-sao-francisco\/aquecendo-coracoes-com-carinho-e-alegria\/\"},\"wordCount\":725,\"commentCount\":0,\"publisher\":{\"@id\":\"https:\/\/www.fsfx.com.br\/colegio-sao-francisco\/#organization\"},\"image\":{\"@id\":\"https:\/\/www.fsfx.com.br\/colegio-sao-francisco\/aquecendo-coracoes-com-carinho-e-alegria\/#primaryimage\"},\"thumbnailUrl\":\"http:\/\/www.fsfx.com.br\/hospital-marcio-cunha\/wp-content\/uploads\/sites\/6\/2016\/09\/Princesa-EN-79-300x199.jpg\",\"inLanguage\":\"pt-BR\",\"potentialAction\":[{\"@type\":\"CommentAction\",\"name\":\"Comment\",\"target\":[\"https:\/\/www.fsfx.com.br\/colegio-sao-francisco\/aquecendo-coracoes-com-carinho-e-alegria\/#respond\"]}]},{\"@type\":\"WebPage\",\"@id\":\"https:\/\/www.fsfx.com.br\/colegio-sao-francisco\/aquecendo-coracoes-com-carinho-e-alegria\/\",\"url\":\"https:\/\/www.fsfx.com.br\/colegio-sao-francisco\/aquecendo-coracoes-com-carinho-e-alegria\/\",\"name\":\"Aquecendo cora\u00e7\u00f5es com carinho e alegria - Col\u00e9gio S\u00e3o Francisco Xavier\",\"isPartOf\":{\"@id\":\"https:\/\/www.fsfx.com.br\/colegio-sao-francisco\/#website\"},\"primaryImageOfPage\":{\"@id\":\"https:\/\/www.fsfx.com.br\/colegio-sao-francisco\/aquecendo-coracoes-com-carinho-e-alegria\/#primaryimage\"},\"image\":{\"@id\":\"https:\/\/www.fsfx.com.br\/colegio-sao-francisco\/aquecendo-coracoes-com-carinho-e-alegria\/#primaryimage\"},\"thumbnailUrl\":\"http:\/\/www.fsfx.com.br\/hospital-marcio-cunha\/wp-content\/uploads\/sites\/6\/2016\/09\/Princesa-EN-79-300x199.jpg\",\"datePublished\":\"2020-05-14T21:16:29+00:00\",\"breadcrumb\":{\"@id\":\"https:\/\/www.fsfx.com.br\/colegio-sao-francisco\/aquecendo-coracoes-com-carinho-e-alegria\/#breadcrumb\"},\"inLanguage\":\"pt-BR\",\"potentialAction\":[{\"@type\":\"ReadAction\",\"target\":[\"https:\/\/www.fsfx.com.br\/colegio-sao-francisco\/aquecendo-coracoes-com-carinho-e-alegria\/\"]}]},{\"@type\":\"ImageObject\",\"inLanguage\":\"pt-BR\",\"@id\":\"https:\/\/www.fsfx.com.br\/colegio-sao-francisco\/aquecendo-coracoes-com-carinho-e-alegria\/#primaryimage\",\"url\":\"http:\/\/www.fsfx.com.br\/hospital-marcio-cunha\/wp-content\/uploads\/sites\/6\/2016\/09\/Princesa-EN-79-300x199.jpg\",\"contentUrl\":\"http:\/\/www.fsfx.com.br\/hospital-marcio-cunha\/wp-content\/uploads\/sites\/6\/2016\/09\/Princesa-EN-79-300x199.jpg\"},{\"@type\":\"BreadcrumbList\",\"@id\":\"https:\/\/www.fsfx.com.br\/colegio-sao-francisco\/aquecendo-coracoes-com-carinho-e-alegria\/#breadcrumb\",\"itemListElement\":[{\"@type\":\"ListItem\",\"position\":1,\"name\":\"In\u00edcio\",\"item\":\"https:\/\/www.fsfx.com.br\/colegio-sao-francisco\/\"},{\"@type\":\"ListItem\",\"position\":2,\"name\":\"Aquecendo cora\u00e7\u00f5es com carinho e alegria\"}]},{\"@type\":\"WebSite\",\"@id\":\"https:\/\/www.fsfx.com.br\/colegio-sao-francisco\/#website\",\"url\":\"https:\/\/www.fsfx.com.br\/colegio-sao-francisco\/\",\"name\":\"Col\u00e9gio S\u00e3o Francisco Xavier\",\"description\":\"\",\"publisher\":{\"@id\":\"https:\/\/www.fsfx.com.br\/colegio-sao-francisco\/#organization\"},\"potentialAction\":[{\"@type\":\"SearchAction\",\"target\":{\"@type\":\"EntryPoint\",\"urlTemplate\":\"https:\/\/www.fsfx.com.br\/colegio-sao-francisco\/?s={search_term_string}\"},\"query-input\":{\"@type\":\"PropertyValueSpecification\",\"valueRequired\":true,\"valueName\":\"search_term_string\"}}],\"inLanguage\":\"pt-BR\"},{\"@type\":\"Organization\",\"@id\":\"https:\/\/www.fsfx.com.br\/colegio-sao-francisco\/#organization\",\"name\":\"CSFX - Col\u00e9gio S\u00e3o Francisco Xavier\",\"url\":\"https:\/\/www.fsfx.com.br\/colegio-sao-francisco\/\",\"logo\":{\"@type\":\"ImageObject\",\"inLanguage\":\"pt-BR\",\"@id\":\"https:\/\/www.fsfx.com.br\/colegio-sao-francisco\/#\/schema\/logo\/image\/\",\"url\":\"https:\/\/www.fsfx.com.br\/colegio-sao-francisco\/wp-content\/uploads\/sites\/10\/2020\/02\/logo.png\",\"contentUrl\":\"https:\/\/www.fsfx.com.br\/colegio-sao-francisco\/wp-content\/uploads\/sites\/10\/2020\/02\/logo.png\",\"width\":175,\"height\":40,\"caption\":\"CSFX - Col\u00e9gio S\u00e3o Francisco Xavier\"},\"image\":{\"@id\":\"https:\/\/www.fsfx.com.br\/colegio-sao-francisco\/#\/schema\/logo\/image\/\"}},{\"@type\":\"Person\",\"@id\":\"https:\/\/www.fsfx.com.br\/colegio-sao-francisco\/#\/schema\/person\/7d2372fe1973398ab20a060bbb9a87d8\",\"name\":\"claudio\",\"image\":{\"@type\":\"ImageObject\",\"inLanguage\":\"pt-BR\",\"@id\":\"https:\/\/www.fsfx.com.br\/colegio-sao-francisco\/#\/schema\/person\/image\/\",\"url\":\"https:\/\/secure.gravatar.com\/avatar\/724caacf0f2f073275cb3689c577e73e87e40150b1ffd648a67445e75aa7ff03?s=96&d=mm&r=g\",\"contentUrl\":\"https:\/\/secure.gravatar.com\/avatar\/724caacf0f2f073275cb3689c577e73e87e40150b1ffd648a67445e75aa7ff03?s=96&d=mm&r=g\",\"caption\":\"claudio\"},\"url\":\"https:\/\/www.fsfx.com.br\/colegio-sao-francisco\/author\/claudio\/\"}]}<\/script>\n<!-- \/ Yoast SEO plugin. -->","yoast_head_json":{"title":"Aquecendo cora\u00e7\u00f5es com carinho e alegria - Col\u00e9gio S\u00e3o Francisco Xavier","robots":{"index":"index","follow":"follow","max-snippet":"max-snippet:-1","max-image-preview":"max-image-preview:large","max-video-preview":"max-video-preview:-1"},"canonical":"https:\/\/www.fsfx.com.br\/colegio-sao-francisco\/aquecendo-coracoes-com-carinho-e-alegria\/","og_locale":"pt_BR","og_type":"article","og_title":"Aquecendo cora\u00e7\u00f5es com carinho e alegria - Col\u00e9gio S\u00e3o Francisco Xavier","og_description":"O elevador foi subindo e levando para o alto as expectativas de meninos e meninas. \u0093L\u00e1 vem ela\u0094, diziam os adultos, trazendo junto n\u00e3o apenas a ansiedade, mas tamb\u00e9m um sentimento diferente. Bastaram as portas de a\u00e7o se abrirem, como se fosse num castelo de anima\u00e7\u00f5es infantis, para de l\u00e1 sair mais que uma princesa [&hellip;]","og_url":"https:\/\/www.fsfx.com.br\/colegio-sao-francisco\/aquecendo-coracoes-com-carinho-e-alegria\/","og_site_name":"Col\u00e9gio S\u00e3o Francisco Xavier","article_published_time":"2020-05-14T21:16:29+00:00","og_image":[{"url":"http:\/\/www.fsfx.com.br\/hospital-marcio-cunha\/wp-content\/uploads\/sites\/6\/2016\/09\/Princesa-EN-79-300x199.jpg","type":"","width":"","height":""}],"author":"claudio","twitter_card":"summary_large_image","twitter_misc":{"Escrito por":"claudio","Est. tempo de leitura":"4 minutos"},"schema":{"@context":"https:\/\/schema.org","@graph":[{"@type":"Article","@id":"https:\/\/www.fsfx.com.br\/colegio-sao-francisco\/aquecendo-coracoes-com-carinho-e-alegria\/#article","isPartOf":{"@id":"https:\/\/www.fsfx.com.br\/colegio-sao-francisco\/aquecendo-coracoes-com-carinho-e-alegria\/"},"author":{"name":"claudio","@id":"https:\/\/www.fsfx.com.br\/colegio-sao-francisco\/#\/schema\/person\/7d2372fe1973398ab20a060bbb9a87d8"},"headline":"Aquecendo cora\u00e7\u00f5es com carinho e alegria","datePublished":"2020-05-14T21:16:29+00:00","mainEntityOfPage":{"@id":"https:\/\/www.fsfx.com.br\/colegio-sao-francisco\/aquecendo-coracoes-com-carinho-e-alegria\/"},"wordCount":725,"commentCount":0,"publisher":{"@id":"https:\/\/www.fsfx.com.br\/colegio-sao-francisco\/#organization"},"image":{"@id":"https:\/\/www.fsfx.com.br\/colegio-sao-francisco\/aquecendo-coracoes-com-carinho-e-alegria\/#primaryimage"},"thumbnailUrl":"http:\/\/www.fsfx.com.br\/hospital-marcio-cunha\/wp-content\/uploads\/sites\/6\/2016\/09\/Princesa-EN-79-300x199.jpg","inLanguage":"pt-BR","potentialAction":[{"@type":"CommentAction","name":"Comment","target":["https:\/\/www.fsfx.com.br\/colegio-sao-francisco\/aquecendo-coracoes-com-carinho-e-alegria\/#respond"]}]},{"@type":"WebPage","@id":"https:\/\/www.fsfx.com.br\/colegio-sao-francisco\/aquecendo-coracoes-com-carinho-e-alegria\/","url":"https:\/\/www.fsfx.com.br\/colegio-sao-francisco\/aquecendo-coracoes-com-carinho-e-alegria\/","name":"Aquecendo cora\u00e7\u00f5es com carinho e alegria - Col\u00e9gio S\u00e3o Francisco Xavier","isPartOf":{"@id":"https:\/\/www.fsfx.com.br\/colegio-sao-francisco\/#website"},"primaryImageOfPage":{"@id":"https:\/\/www.fsfx.com.br\/colegio-sao-francisco\/aquecendo-coracoes-com-carinho-e-alegria\/#primaryimage"},"image":{"@id":"https:\/\/www.fsfx.com.br\/colegio-sao-francisco\/aquecendo-coracoes-com-carinho-e-alegria\/#primaryimage"},"thumbnailUrl":"http:\/\/www.fsfx.com.br\/hospital-marcio-cunha\/wp-content\/uploads\/sites\/6\/2016\/09\/Princesa-EN-79-300x199.jpg","datePublished":"2020-05-14T21:16:29+00:00","breadcrumb":{"@id":"https:\/\/www.fsfx.com.br\/colegio-sao-francisco\/aquecendo-coracoes-com-carinho-e-alegria\/#breadcrumb"},"inLanguage":"pt-BR","potentialAction":[{"@type":"ReadAction","target":["https:\/\/www.fsfx.com.br\/colegio-sao-francisco\/aquecendo-coracoes-com-carinho-e-alegria\/"]}]},{"@type":"ImageObject","inLanguage":"pt-BR","@id":"https:\/\/www.fsfx.com.br\/colegio-sao-francisco\/aquecendo-coracoes-com-carinho-e-alegria\/#primaryimage","url":"http:\/\/www.fsfx.com.br\/hospital-marcio-cunha\/wp-content\/uploads\/sites\/6\/2016\/09\/Princesa-EN-79-300x199.jpg","contentUrl":"http:\/\/www.fsfx.com.br\/hospital-marcio-cunha\/wp-content\/uploads\/sites\/6\/2016\/09\/Princesa-EN-79-300x199.jpg"},{"@type":"BreadcrumbList","@id":"https:\/\/www.fsfx.com.br\/colegio-sao-francisco\/aquecendo-coracoes-com-carinho-e-alegria\/#breadcrumb","itemListElement":[{"@type":"ListItem","position":1,"name":"In\u00edcio","item":"https:\/\/www.fsfx.com.br\/colegio-sao-francisco\/"},{"@type":"ListItem","position":2,"name":"Aquecendo cora\u00e7\u00f5es com carinho e alegria"}]},{"@type":"WebSite","@id":"https:\/\/www.fsfx.com.br\/colegio-sao-francisco\/#website","url":"https:\/\/www.fsfx.com.br\/colegio-sao-francisco\/","name":"Col\u00e9gio S\u00e3o Francisco Xavier","description":"","publisher":{"@id":"https:\/\/www.fsfx.com.br\/colegio-sao-francisco\/#organization"},"potentialAction":[{"@type":"SearchAction","target":{"@type":"EntryPoint","urlTemplate":"https:\/\/www.fsfx.com.br\/colegio-sao-francisco\/?s={search_term_string}"},"query-input":{"@type":"PropertyValueSpecification","valueRequired":true,"valueName":"search_term_string"}}],"inLanguage":"pt-BR"},{"@type":"Organization","@id":"https:\/\/www.fsfx.com.br\/colegio-sao-francisco\/#organization","name":"CSFX - Col\u00e9gio S\u00e3o Francisco Xavier","url":"https:\/\/www.fsfx.com.br\/colegio-sao-francisco\/","logo":{"@type":"ImageObject","inLanguage":"pt-BR","@id":"https:\/\/www.fsfx.com.br\/colegio-sao-francisco\/#\/schema\/logo\/image\/","url":"https:\/\/www.fsfx.com.br\/colegio-sao-francisco\/wp-content\/uploads\/sites\/10\/2020\/02\/logo.png","contentUrl":"https:\/\/www.fsfx.com.br\/colegio-sao-francisco\/wp-content\/uploads\/sites\/10\/2020\/02\/logo.png","width":175,"height":40,"caption":"CSFX - Col\u00e9gio S\u00e3o Francisco Xavier"},"image":{"@id":"https:\/\/www.fsfx.com.br\/colegio-sao-francisco\/#\/schema\/logo\/image\/"}},{"@type":"Person","@id":"https:\/\/www.fsfx.com.br\/colegio-sao-francisco\/#\/schema\/person\/7d2372fe1973398ab20a060bbb9a87d8","name":"claudio","image":{"@type":"ImageObject","inLanguage":"pt-BR","@id":"https:\/\/www.fsfx.com.br\/colegio-sao-francisco\/#\/schema\/person\/image\/","url":"https:\/\/secure.gravatar.com\/avatar\/724caacf0f2f073275cb3689c577e73e87e40150b1ffd648a67445e75aa7ff03?s=96&d=mm&r=g","contentUrl":"https:\/\/secure.gravatar.com\/avatar\/724caacf0f2f073275cb3689c577e73e87e40150b1ffd648a67445e75aa7ff03?s=96&d=mm&r=g","caption":"claudio"},"url":"https:\/\/www.fsfx.com.br\/colegio-sao-francisco\/author\/claudio\/"}]}},"_links":{"self":[{"href":"https:\/\/www.fsfx.com.br\/colegio-sao-francisco\/wp-json\/wp\/v2\/posts\/6857","targetHints":{"allow":["GET"]}}],"collection":[{"href":"https:\/\/www.fsfx.com.br\/colegio-sao-francisco\/wp-json\/wp\/v2\/posts"}],"about":[{"href":"https:\/\/www.fsfx.com.br\/colegio-sao-francisco\/wp-json\/wp\/v2\/types\/post"}],"author":[{"embeddable":true,"href":"https:\/\/www.fsfx.com.br\/colegio-sao-francisco\/wp-json\/wp\/v2\/users\/2"}],"replies":[{"embeddable":true,"href":"https:\/\/www.fsfx.com.br\/colegio-sao-francisco\/wp-json\/wp\/v2\/comments?post=6857"}],"version-history":[{"count":0,"href":"https:\/\/www.fsfx.com.br\/colegio-sao-francisco\/wp-json\/wp\/v2\/posts\/6857\/revisions"}],"wp:attachment":[{"href":"https:\/\/www.fsfx.com.br\/colegio-sao-francisco\/wp-json\/wp\/v2\/media?parent=6857"}],"wp:term":[{"taxonomy":"category","embeddable":true,"href":"https:\/\/www.fsfx.com.br\/colegio-sao-francisco\/wp-json\/wp\/v2\/categories?post=6857"},{"taxonomy":"post_tag","embeddable":true,"href":"https:\/\/www.fsfx.com.br\/colegio-sao-francisco\/wp-json\/wp\/v2\/tags?post=6857"}],"curies":[{"name":"wp","href":"https:\/\/api.w.org\/{rel}","templated":true}]}}