{"id":6863,"date":"2020-05-14T18:16:40","date_gmt":"2020-05-14T21:16:40","guid":{"rendered":"http:\/\/fsfx.com.br\/\/csfx\/2020\/05\/14\/hospital-marcio-cunha-ampliara-leitos-de-terapia-intensiva-para-recem-nascidos\/"},"modified":"2020-05-14T18:16:40","modified_gmt":"2020-05-14T21:16:40","slug":"hospital-marcio-cunha-ampliara-leitos-de-terapia-intensiva-para-recem-nascidos","status":"publish","type":"post","link":"https:\/\/www.fsfx.com.br\/colegio-sao-francisco\/hospital-marcio-cunha-ampliara-leitos-de-terapia-intensiva-para-recem-nascidos\/","title":{"rendered":"Hospital M\u00e1rcio Cunha ampliar\u00e1 leitos de Terapia Intensiva para rec\u00e9m-nascidos"},"content":{"rendered":"<p>Cuidar da vida, desde o seu est\u00e1gio mais precioso e fr\u00e1gil, faz parte da miss\u00e3o da Funda\u00e7\u00e3o S\u00e3o Francisco Xavier (FSFX). N\u00e3o por acaso, em 2016, a institui\u00e7\u00e3o investe forte em diferenciais de excel\u00eancia para a linha de cuidados assistenciais da Unidade Materno-Infantil (composta pelo Centro Obst\u00e9trico, Maternidade, UTI Neonatal e Pedi\u00e1trica, Pediatria e Oncologia Pedi\u00e1trica) do Hospital M\u00e1rcio Cunha, em Ipatinga. E com um prop\u00f3sito claro: consolid\u00e1-la entre as tr\u00eas com maiores em n\u00fameros de partos \u0096 e melhores \u0096 maternidades p\u00fablicas de Minas Gerais. Por isso, anuncia outra boa not\u00edcia para a regi\u00e3o do Vale do A\u00e7o: a amplia\u00e7\u00e3o dos leitos de cuidados especiais para beb\u00eas rec\u00e9m-nascidos e crian\u00e7as.<\/p>\n<figure id=\"attachment_1425\" aria-describedby=\"caption-attachment-1425\" style=\"width: 300px\" class=\"wp-caption alignright\"><img fetchpriority=\"high\" decoding=\"async\" class=\"wp-image-1425 size-medium\" src=\"http:\/\/www.fsfx.com.br\/wp-content\/uploads\/2016\/07\/Unidade-UTI-Neonatal-EN-36-300x199.jpg\" alt=\"Unidade UTI Neonatal - EN (36)\" width=\"300\" height=\"199\" \/><figcaption id=\"caption-attachment-1425\" class=\"wp-caption-text\"><strong>Equipe multidisciplinar da UTI Neonatal do Hospital M\u00e1rcio Cunha<\/strong><\/figcaption><\/figure>\n<p>\u0093A Funda\u00e7\u00e3o investir\u00e1 na expans\u00e3o da UTI Neonatal do Hospital M\u00e1rcio Cunha, com a cria\u00e7\u00e3o de 10 novos leitos e a reforma do setor, ainda neste ano. Al\u00e9m disso, acaba de receber do Minist\u00e9rio da Sa\u00fade o credenciamento para transformar 15 leitos do ber\u00e7\u00e1rio em leitos de Intermedi\u00e1ria Neonatal. Tamb\u00e9m chamada de Terapia Semi-Intensiva, por acolher rec\u00e9m-nascidos prematuros considerados de m\u00e9dio risco e que demandam assist\u00eancia cont\u00ednua, a Intermedi\u00e1ria passa a ter um padr\u00e3o de assist\u00eancia semelhante ao da UTI Neonatal, com ganhos de equipamentos, expans\u00e3o da equipe multidisciplinar com mais enfermeiros, fonoaudi\u00f3logas, fisioterapeutas e psic\u00f3logos, e com atua\u00e7\u00e3o m\u00e9dica 24 horas por dia\u0094, explica Mauro Oscar Soares de Souza Lima, superintendente do HMC.<\/p>\n<p>O incremento dos novos leitos, que j\u00e1 tem o projeto conclu\u00eddo, far\u00e1 com que o setor Neonatal e Pedi\u00e1trico da Unidade Materno-Infantil do HMC passe a contar com 35 leitos de cuidados especiais. Novos equipamentos tamb\u00e9m est\u00e3o sendo comprados, e at\u00e9 instalados, como os dois ventiladores pulmonares Dr\u00e4ger Babylog VN 500, espec\u00edfico para Neonatologia. Importado da Alemanha, o modelo possui ventila\u00e7\u00e3o de alta frequ\u00eancia e com volume garantido. Na pr\u00e1tica, isso garante uma recupera\u00e7\u00e3o mais eficiente, segura e confort\u00e1vel a rec\u00e9m-nascidos prematuros. O HMC \u00e9 o segundo de Minas Gerais e um dos poucos do Brasil a ter esse aparelho.<\/p>\n<p>Outra novidade \u00e9 que cinco desses leitos Intermedi\u00e1rios Neonatal ser\u00e3o exclusivos para a aplica\u00e7\u00e3o do m\u00e9todo Canguru. Uma pr\u00e1tica j\u00e1 utilizada no HMC e em outras grandes maternidades do mundo, em que o beb\u00ea \u00e9 colocado junto \u00e0 m\u00e3e, pele a pele, coberto e encaixado apenas com uma faixa presa ao avental da m\u00e3e. Essa intera\u00e7\u00e3o intensa traz benef\u00edcios, como a melhora da respira\u00e7\u00e3o, da suc\u00e7\u00e3o e o aumento do ganho de peso do rec\u00e9m-nascido, aprimora o v\u00ednculo materno, ajuda no combate \u00e0s infec\u00e7\u00f5es e contribui para o desenvolvimento neurol\u00f3gico.<\/p>\n<figure id=\"attachment_1426\" aria-describedby=\"caption-attachment-1426\" style=\"width: 300px\" class=\"wp-caption alignright\"><img decoding=\"async\" class=\"size-medium wp-image-1426\" src=\"http:\/\/www.fsfx.com.br\/wp-content\/uploads\/2016\/07\/Unidade-UTI-Neonatal-EN-61-300x234.jpg\" alt=\"A aplica\u00e7\u00e3o do m\u00e9todo Canguru coloca o beb\u00ea junto \u00e0 m\u00e3e, pele a pele, e traz benef\u00edcios para respira\u00e7\u00e3o, suc\u00e7\u00e3o e o aumento do ganho de peso do rec\u00e9m-nascido\" width=\"300\" height=\"234\" \/><figcaption id=\"caption-attachment-1426\" class=\"wp-caption-text\"><strong>A aplica\u00e7\u00e3o do m\u00e9todo Canguru coloca o beb\u00ea junto \u00e0 m\u00e3e, pele a pele, e traz benef\u00edcios para respira\u00e7\u00e3o, suc\u00e7\u00e3o e o aumento do ganho de peso do rec\u00e9m-nascido<\/strong><\/figcaption><\/figure>\n<p>\u0093Com mais de 6 mil partos realizados por ano, o Hospital M\u00e1rcio Cunha \u00e9 hoje a terceira maior maternidade do estado. Por isso, a Funda\u00e7\u00e3o investe na qualifica\u00e7\u00e3o da assist\u00eancia \u00e0s m\u00e3es e aos filhos no HMC, antes, durante e ap\u00f3s o parto, com um objetivo muito claro: o de salvar vidas e com qualidade\u0094, resume o diretor executivo da FSFX, Lu\u00eds M\u00e1rcio Ara\u00fajo Ramos.<\/p>\n<h3>Par\u00e2metros internacionais<\/h3>\n<p>Todas essas inova\u00e7\u00f5es colaboram ainda mais para salvar os pequenos que chegam ao setor. Somente nos \u00faltimos cinco anos, passaram por l\u00e1 407 rec\u00e9m-nascidos com peso ao nascimento abaixo de 1,5 kg. Alguns deles, nascidos ap\u00f3s apenas 23 semanas de gesta\u00e7\u00e3o e pesando pouco mais de 500 gramas. Se comparados os indicadores do Hospital M\u00e1rcio Cunha com os n\u00fameros apresentados pela Rede Brasileira de Pesquisas Neonatais \u0096 que re\u00fane dados de 20 grandes hospitais universit\u00e1rios do pa\u00eds, essa comprova\u00e7\u00e3o torna-se mais not\u00e1vel.<\/p>\n<p>\u0093Hoje, nossa taxa de sobreviv\u00eancia de prematuros com menos de 1,5 kg \u00e9 de 84,6%, enquanto dos demais hospitais \u00e9 de 73,4%. Se comparada \u00e0 sobrevida de beb\u00eas que nascem em estado ainda mais grave e com poucas chances de vida, entre 24 e 27 semanas, no Hospital M\u00e1rcio Cunha conseguimos recuperar e dar alta com boas condi\u00e7\u00f5es de sa\u00fade para cerca de 71% dos beb\u00eas, enquanto a taxa da Rede Brasileira \u00e9 de apenas 36,3%. E todos os nossos demais indicadores, como taxa de infec\u00e7\u00e3o, enterocolite e retinopatia da prematuridade cir\u00fargica, s\u00e3o melhores que os dos principais hospitais brasileiros pesquisados, se igualando at\u00e9 mesmo a hospitais de refer\u00eancia nos Estados Unidos\u0094, ressalta o m\u00e9dico respons\u00e1vel t\u00e9cnico pela UTI Neonatal e Pedi\u00e1trica, Marcus Vin\u00edcius Alvim de Oliveira.<\/p>\n<p>&nbsp;<\/p>\n","protected":false},"excerpt":{"rendered":"<p>Cuidar da vida, desde o seu est\u00e1gio mais precioso e fr\u00e1gil, faz parte da miss\u00e3o da Funda\u00e7\u00e3o S\u00e3o Francisco Xavier (FSFX). N\u00e3o por acaso, em 2016, a institui\u00e7\u00e3o investe forte em diferenciais de excel\u00eancia para a linha de cuidados assistenciais da Unidade Materno-Infantil (composta pelo Centro Obst\u00e9trico, Maternidade, UTI Neonatal e Pedi\u00e1trica, Pediatria e Oncologia [&hellip;]<\/p>\n","protected":false},"author":2,"featured_media":0,"comment_status":"open","ping_status":"open","sticky":false,"template":"","format":"standard","meta":{"_acf_changed":false,"site-sidebar-layout":"default","site-content-layout":"","ast-site-content-layout":"default","site-content-style":"default","site-sidebar-style":"default","ast-global-header-display":"","ast-banner-title-visibility":"","ast-main-header-display":"","ast-hfb-above-header-display":"","ast-hfb-below-header-display":"","ast-hfb-mobile-header-display":"","site-post-title":"","ast-breadcrumbs-content":"","ast-featured-img":"","footer-sml-layout":"","theme-transparent-header-meta":"","adv-header-id-meta":"","stick-header-meta":"","header-above-stick-meta":"","header-main-stick-meta":"","header-below-stick-meta":"","astra-migrate-meta-layouts":"default","ast-page-background-enabled":"default","ast-page-background-meta":{"desktop":{"background-color":"var(--ast-global-color-4)","background-image":"","background-repeat":"repeat","background-position":"center center","background-size":"auto","background-attachment":"scroll","background-type":"","background-media":"","overlay-type":"","overlay-color":"","overlay-opacity":"","overlay-gradient":""},"tablet":{"background-color":"","background-image":"","background-repeat":"repeat","background-position":"center center","background-size":"auto","background-attachment":"scroll","background-type":"","background-media":"","overlay-type":"","overlay-color":"","overlay-opacity":"","overlay-gradient":""},"mobile":{"background-color":"","background-image":"","background-repeat":"repeat","background-position":"center center","background-size":"auto","background-attachment":"scroll","background-type":"","background-media":"","overlay-type":"","overlay-color":"","overlay-opacity":"","overlay-gradient":""}},"ast-content-background-meta":{"desktop":{"background-color":"var(--ast-global-color-5)","background-image":"","background-repeat":"repeat","background-position":"center center","background-size":"auto","background-attachment":"scroll","background-type":"","background-media":"","overlay-type":"","overlay-color":"","overlay-opacity":"","overlay-gradient":""},"tablet":{"background-color":"var(--ast-global-color-5)","background-image":"","background-repeat":"repeat","background-position":"center center","background-size":"auto","background-attachment":"scroll","background-type":"","background-media":"","overlay-type":"","overlay-color":"","overlay-opacity":"","overlay-gradient":""},"mobile":{"background-color":"var(--ast-global-color-5)","background-image":"","background-repeat":"repeat","background-position":"center center","background-size":"auto","background-attachment":"scroll","background-type":"","background-media":"","overlay-type":"","overlay-color":"","overlay-opacity":"","overlay-gradient":""}},"footnotes":""},"categories":[1],"tags":[],"class_list":["post-6863","post","type-post","status-publish","format-standard","hentry","category-sem-categoria"],"acf":[],"yoast_head":"<!-- This site is optimized with the Yoast SEO plugin v26.9 - https:\/\/yoast.com\/product\/yoast-seo-wordpress\/ -->\n<title>Hospital M\u00e1rcio Cunha ampliar\u00e1 leitos de Terapia Intensiva para rec\u00e9m-nascidos - Col\u00e9gio S\u00e3o Francisco Xavier<\/title>\n<meta name=\"robots\" content=\"index, follow, max-snippet:-1, max-image-preview:large, max-video-preview:-1\" \/>\n<link rel=\"canonical\" href=\"https:\/\/www.fsfx.com.br\/colegio-sao-francisco\/hospital-marcio-cunha-ampliara-leitos-de-terapia-intensiva-para-recem-nascidos\/\" \/>\n<meta property=\"og:locale\" content=\"pt_BR\" \/>\n<meta property=\"og:type\" content=\"article\" \/>\n<meta property=\"og:title\" content=\"Hospital M\u00e1rcio Cunha ampliar\u00e1 leitos de Terapia Intensiva para rec\u00e9m-nascidos - Col\u00e9gio S\u00e3o Francisco Xavier\" \/>\n<meta property=\"og:description\" content=\"Cuidar da vida, desde o seu est\u00e1gio mais precioso e fr\u00e1gil, faz parte da miss\u00e3o da Funda\u00e7\u00e3o S\u00e3o Francisco Xavier (FSFX). N\u00e3o por acaso, em 2016, a institui\u00e7\u00e3o investe forte em diferenciais de excel\u00eancia para a linha de cuidados assistenciais da Unidade Materno-Infantil (composta pelo Centro Obst\u00e9trico, Maternidade, UTI Neonatal e Pedi\u00e1trica, Pediatria e Oncologia [&hellip;]\" \/>\n<meta property=\"og:url\" content=\"https:\/\/www.fsfx.com.br\/colegio-sao-francisco\/hospital-marcio-cunha-ampliara-leitos-de-terapia-intensiva-para-recem-nascidos\/\" \/>\n<meta property=\"og:site_name\" content=\"Col\u00e9gio S\u00e3o Francisco Xavier\" \/>\n<meta property=\"article:published_time\" content=\"2020-05-14T21:16:40+00:00\" \/>\n<meta property=\"og:image\" content=\"http:\/\/www.fsfx.com.br\/wp-content\/uploads\/2016\/07\/Unidade-UTI-Neonatal-EN-36-300x199.jpg\" \/>\n<meta name=\"author\" content=\"claudio\" \/>\n<meta name=\"twitter:card\" content=\"summary_large_image\" \/>\n<meta name=\"twitter:label1\" content=\"Escrito por\" \/>\n\t<meta name=\"twitter:data1\" content=\"claudio\" \/>\n\t<meta name=\"twitter:label2\" content=\"Est. tempo de leitura\" \/>\n\t<meta name=\"twitter:data2\" content=\"4 minutos\" \/>\n<script type=\"application\/ld+json\" class=\"yoast-schema-graph\">{\"@context\":\"https:\/\/schema.org\",\"@graph\":[{\"@type\":\"Article\",\"@id\":\"https:\/\/www.fsfx.com.br\/colegio-sao-francisco\/hospital-marcio-cunha-ampliara-leitos-de-terapia-intensiva-para-recem-nascidos\/#article\",\"isPartOf\":{\"@id\":\"https:\/\/www.fsfx.com.br\/colegio-sao-francisco\/hospital-marcio-cunha-ampliara-leitos-de-terapia-intensiva-para-recem-nascidos\/\"},\"author\":{\"name\":\"claudio\",\"@id\":\"https:\/\/www.fsfx.com.br\/colegio-sao-francisco\/#\/schema\/person\/7d2372fe1973398ab20a060bbb9a87d8\"},\"headline\":\"Hospital M\u00e1rcio Cunha ampliar\u00e1 leitos de Terapia Intensiva para rec\u00e9m-nascidos\",\"datePublished\":\"2020-05-14T21:16:40+00:00\",\"mainEntityOfPage\":{\"@id\":\"https:\/\/www.fsfx.com.br\/colegio-sao-francisco\/hospital-marcio-cunha-ampliara-leitos-de-terapia-intensiva-para-recem-nascidos\/\"},\"wordCount\":841,\"commentCount\":0,\"publisher\":{\"@id\":\"https:\/\/www.fsfx.com.br\/colegio-sao-francisco\/#organization\"},\"image\":{\"@id\":\"https:\/\/www.fsfx.com.br\/colegio-sao-francisco\/hospital-marcio-cunha-ampliara-leitos-de-terapia-intensiva-para-recem-nascidos\/#primaryimage\"},\"thumbnailUrl\":\"http:\/\/www.fsfx.com.br\/wp-content\/uploads\/2016\/07\/Unidade-UTI-Neonatal-EN-36-300x199.jpg\",\"inLanguage\":\"pt-BR\",\"potentialAction\":[{\"@type\":\"CommentAction\",\"name\":\"Comment\",\"target\":[\"https:\/\/www.fsfx.com.br\/colegio-sao-francisco\/hospital-marcio-cunha-ampliara-leitos-de-terapia-intensiva-para-recem-nascidos\/#respond\"]}]},{\"@type\":\"WebPage\",\"@id\":\"https:\/\/www.fsfx.com.br\/colegio-sao-francisco\/hospital-marcio-cunha-ampliara-leitos-de-terapia-intensiva-para-recem-nascidos\/\",\"url\":\"https:\/\/www.fsfx.com.br\/colegio-sao-francisco\/hospital-marcio-cunha-ampliara-leitos-de-terapia-intensiva-para-recem-nascidos\/\",\"name\":\"Hospital M\u00e1rcio Cunha ampliar\u00e1 leitos de Terapia Intensiva para rec\u00e9m-nascidos - Col\u00e9gio S\u00e3o Francisco Xavier\",\"isPartOf\":{\"@id\":\"https:\/\/www.fsfx.com.br\/colegio-sao-francisco\/#website\"},\"primaryImageOfPage\":{\"@id\":\"https:\/\/www.fsfx.com.br\/colegio-sao-francisco\/hospital-marcio-cunha-ampliara-leitos-de-terapia-intensiva-para-recem-nascidos\/#primaryimage\"},\"image\":{\"@id\":\"https:\/\/www.fsfx.com.br\/colegio-sao-francisco\/hospital-marcio-cunha-ampliara-leitos-de-terapia-intensiva-para-recem-nascidos\/#primaryimage\"},\"thumbnailUrl\":\"http:\/\/www.fsfx.com.br\/wp-content\/uploads\/2016\/07\/Unidade-UTI-Neonatal-EN-36-300x199.jpg\",\"datePublished\":\"2020-05-14T21:16:40+00:00\",\"breadcrumb\":{\"@id\":\"https:\/\/www.fsfx.com.br\/colegio-sao-francisco\/hospital-marcio-cunha-ampliara-leitos-de-terapia-intensiva-para-recem-nascidos\/#breadcrumb\"},\"inLanguage\":\"pt-BR\",\"potentialAction\":[{\"@type\":\"ReadAction\",\"target\":[\"https:\/\/www.fsfx.com.br\/colegio-sao-francisco\/hospital-marcio-cunha-ampliara-leitos-de-terapia-intensiva-para-recem-nascidos\/\"]}]},{\"@type\":\"ImageObject\",\"inLanguage\":\"pt-BR\",\"@id\":\"https:\/\/www.fsfx.com.br\/colegio-sao-francisco\/hospital-marcio-cunha-ampliara-leitos-de-terapia-intensiva-para-recem-nascidos\/#primaryimage\",\"url\":\"http:\/\/www.fsfx.com.br\/wp-content\/uploads\/2016\/07\/Unidade-UTI-Neonatal-EN-36-300x199.jpg\",\"contentUrl\":\"http:\/\/www.fsfx.com.br\/wp-content\/uploads\/2016\/07\/Unidade-UTI-Neonatal-EN-36-300x199.jpg\"},{\"@type\":\"BreadcrumbList\",\"@id\":\"https:\/\/www.fsfx.com.br\/colegio-sao-francisco\/hospital-marcio-cunha-ampliara-leitos-de-terapia-intensiva-para-recem-nascidos\/#breadcrumb\",\"itemListElement\":[{\"@type\":\"ListItem\",\"position\":1,\"name\":\"In\u00edcio\",\"item\":\"https:\/\/www.fsfx.com.br\/colegio-sao-francisco\/\"},{\"@type\":\"ListItem\",\"position\":2,\"name\":\"Hospital M\u00e1rcio Cunha ampliar\u00e1 leitos de Terapia Intensiva para rec\u00e9m-nascidos\"}]},{\"@type\":\"WebSite\",\"@id\":\"https:\/\/www.fsfx.com.br\/colegio-sao-francisco\/#website\",\"url\":\"https:\/\/www.fsfx.com.br\/colegio-sao-francisco\/\",\"name\":\"Col\u00e9gio S\u00e3o Francisco Xavier\",\"description\":\"\",\"publisher\":{\"@id\":\"https:\/\/www.fsfx.com.br\/colegio-sao-francisco\/#organization\"},\"potentialAction\":[{\"@type\":\"SearchAction\",\"target\":{\"@type\":\"EntryPoint\",\"urlTemplate\":\"https:\/\/www.fsfx.com.br\/colegio-sao-francisco\/?s={search_term_string}\"},\"query-input\":{\"@type\":\"PropertyValueSpecification\",\"valueRequired\":true,\"valueName\":\"search_term_string\"}}],\"inLanguage\":\"pt-BR\"},{\"@type\":\"Organization\",\"@id\":\"https:\/\/www.fsfx.com.br\/colegio-sao-francisco\/#organization\",\"name\":\"CSFX - Col\u00e9gio S\u00e3o Francisco Xavier\",\"url\":\"https:\/\/www.fsfx.com.br\/colegio-sao-francisco\/\",\"logo\":{\"@type\":\"ImageObject\",\"inLanguage\":\"pt-BR\",\"@id\":\"https:\/\/www.fsfx.com.br\/colegio-sao-francisco\/#\/schema\/logo\/image\/\",\"url\":\"https:\/\/www.fsfx.com.br\/colegio-sao-francisco\/wp-content\/uploads\/sites\/10\/2020\/02\/logo.png\",\"contentUrl\":\"https:\/\/www.fsfx.com.br\/colegio-sao-francisco\/wp-content\/uploads\/sites\/10\/2020\/02\/logo.png\",\"width\":175,\"height\":40,\"caption\":\"CSFX - Col\u00e9gio S\u00e3o Francisco Xavier\"},\"image\":{\"@id\":\"https:\/\/www.fsfx.com.br\/colegio-sao-francisco\/#\/schema\/logo\/image\/\"}},{\"@type\":\"Person\",\"@id\":\"https:\/\/www.fsfx.com.br\/colegio-sao-francisco\/#\/schema\/person\/7d2372fe1973398ab20a060bbb9a87d8\",\"name\":\"claudio\",\"image\":{\"@type\":\"ImageObject\",\"inLanguage\":\"pt-BR\",\"@id\":\"https:\/\/www.fsfx.com.br\/colegio-sao-francisco\/#\/schema\/person\/image\/\",\"url\":\"https:\/\/secure.gravatar.com\/avatar\/724caacf0f2f073275cb3689c577e73e87e40150b1ffd648a67445e75aa7ff03?s=96&d=mm&r=g\",\"contentUrl\":\"https:\/\/secure.gravatar.com\/avatar\/724caacf0f2f073275cb3689c577e73e87e40150b1ffd648a67445e75aa7ff03?s=96&d=mm&r=g\",\"caption\":\"claudio\"},\"url\":\"https:\/\/www.fsfx.com.br\/colegio-sao-francisco\/author\/claudio\/\"}]}<\/script>\n<!-- \/ Yoast SEO plugin. -->","yoast_head_json":{"title":"Hospital M\u00e1rcio Cunha ampliar\u00e1 leitos de Terapia Intensiva para rec\u00e9m-nascidos - Col\u00e9gio S\u00e3o Francisco Xavier","robots":{"index":"index","follow":"follow","max-snippet":"max-snippet:-1","max-image-preview":"max-image-preview:large","max-video-preview":"max-video-preview:-1"},"canonical":"https:\/\/www.fsfx.com.br\/colegio-sao-francisco\/hospital-marcio-cunha-ampliara-leitos-de-terapia-intensiva-para-recem-nascidos\/","og_locale":"pt_BR","og_type":"article","og_title":"Hospital M\u00e1rcio Cunha ampliar\u00e1 leitos de Terapia Intensiva para rec\u00e9m-nascidos - Col\u00e9gio S\u00e3o Francisco Xavier","og_description":"Cuidar da vida, desde o seu est\u00e1gio mais precioso e fr\u00e1gil, faz parte da miss\u00e3o da Funda\u00e7\u00e3o S\u00e3o Francisco Xavier (FSFX). N\u00e3o por acaso, em 2016, a institui\u00e7\u00e3o investe forte em diferenciais de excel\u00eancia para a linha de cuidados assistenciais da Unidade Materno-Infantil (composta pelo Centro Obst\u00e9trico, Maternidade, UTI Neonatal e Pedi\u00e1trica, Pediatria e Oncologia [&hellip;]","og_url":"https:\/\/www.fsfx.com.br\/colegio-sao-francisco\/hospital-marcio-cunha-ampliara-leitos-de-terapia-intensiva-para-recem-nascidos\/","og_site_name":"Col\u00e9gio S\u00e3o Francisco Xavier","article_published_time":"2020-05-14T21:16:40+00:00","og_image":[{"url":"http:\/\/www.fsfx.com.br\/wp-content\/uploads\/2016\/07\/Unidade-UTI-Neonatal-EN-36-300x199.jpg","type":"","width":"","height":""}],"author":"claudio","twitter_card":"summary_large_image","twitter_misc":{"Escrito por":"claudio","Est. tempo de leitura":"4 minutos"},"schema":{"@context":"https:\/\/schema.org","@graph":[{"@type":"Article","@id":"https:\/\/www.fsfx.com.br\/colegio-sao-francisco\/hospital-marcio-cunha-ampliara-leitos-de-terapia-intensiva-para-recem-nascidos\/#article","isPartOf":{"@id":"https:\/\/www.fsfx.com.br\/colegio-sao-francisco\/hospital-marcio-cunha-ampliara-leitos-de-terapia-intensiva-para-recem-nascidos\/"},"author":{"name":"claudio","@id":"https:\/\/www.fsfx.com.br\/colegio-sao-francisco\/#\/schema\/person\/7d2372fe1973398ab20a060bbb9a87d8"},"headline":"Hospital M\u00e1rcio Cunha ampliar\u00e1 leitos de Terapia Intensiva para rec\u00e9m-nascidos","datePublished":"2020-05-14T21:16:40+00:00","mainEntityOfPage":{"@id":"https:\/\/www.fsfx.com.br\/colegio-sao-francisco\/hospital-marcio-cunha-ampliara-leitos-de-terapia-intensiva-para-recem-nascidos\/"},"wordCount":841,"commentCount":0,"publisher":{"@id":"https:\/\/www.fsfx.com.br\/colegio-sao-francisco\/#organization"},"image":{"@id":"https:\/\/www.fsfx.com.br\/colegio-sao-francisco\/hospital-marcio-cunha-ampliara-leitos-de-terapia-intensiva-para-recem-nascidos\/#primaryimage"},"thumbnailUrl":"http:\/\/www.fsfx.com.br\/wp-content\/uploads\/2016\/07\/Unidade-UTI-Neonatal-EN-36-300x199.jpg","inLanguage":"pt-BR","potentialAction":[{"@type":"CommentAction","name":"Comment","target":["https:\/\/www.fsfx.com.br\/colegio-sao-francisco\/hospital-marcio-cunha-ampliara-leitos-de-terapia-intensiva-para-recem-nascidos\/#respond"]}]},{"@type":"WebPage","@id":"https:\/\/www.fsfx.com.br\/colegio-sao-francisco\/hospital-marcio-cunha-ampliara-leitos-de-terapia-intensiva-para-recem-nascidos\/","url":"https:\/\/www.fsfx.com.br\/colegio-sao-francisco\/hospital-marcio-cunha-ampliara-leitos-de-terapia-intensiva-para-recem-nascidos\/","name":"Hospital M\u00e1rcio Cunha ampliar\u00e1 leitos de Terapia Intensiva para rec\u00e9m-nascidos - Col\u00e9gio S\u00e3o Francisco Xavier","isPartOf":{"@id":"https:\/\/www.fsfx.com.br\/colegio-sao-francisco\/#website"},"primaryImageOfPage":{"@id":"https:\/\/www.fsfx.com.br\/colegio-sao-francisco\/hospital-marcio-cunha-ampliara-leitos-de-terapia-intensiva-para-recem-nascidos\/#primaryimage"},"image":{"@id":"https:\/\/www.fsfx.com.br\/colegio-sao-francisco\/hospital-marcio-cunha-ampliara-leitos-de-terapia-intensiva-para-recem-nascidos\/#primaryimage"},"thumbnailUrl":"http:\/\/www.fsfx.com.br\/wp-content\/uploads\/2016\/07\/Unidade-UTI-Neonatal-EN-36-300x199.jpg","datePublished":"2020-05-14T21:16:40+00:00","breadcrumb":{"@id":"https:\/\/www.fsfx.com.br\/colegio-sao-francisco\/hospital-marcio-cunha-ampliara-leitos-de-terapia-intensiva-para-recem-nascidos\/#breadcrumb"},"inLanguage":"pt-BR","potentialAction":[{"@type":"ReadAction","target":["https:\/\/www.fsfx.com.br\/colegio-sao-francisco\/hospital-marcio-cunha-ampliara-leitos-de-terapia-intensiva-para-recem-nascidos\/"]}]},{"@type":"ImageObject","inLanguage":"pt-BR","@id":"https:\/\/www.fsfx.com.br\/colegio-sao-francisco\/hospital-marcio-cunha-ampliara-leitos-de-terapia-intensiva-para-recem-nascidos\/#primaryimage","url":"http:\/\/www.fsfx.com.br\/wp-content\/uploads\/2016\/07\/Unidade-UTI-Neonatal-EN-36-300x199.jpg","contentUrl":"http:\/\/www.fsfx.com.br\/wp-content\/uploads\/2016\/07\/Unidade-UTI-Neonatal-EN-36-300x199.jpg"},{"@type":"BreadcrumbList","@id":"https:\/\/www.fsfx.com.br\/colegio-sao-francisco\/hospital-marcio-cunha-ampliara-leitos-de-terapia-intensiva-para-recem-nascidos\/#breadcrumb","itemListElement":[{"@type":"ListItem","position":1,"name":"In\u00edcio","item":"https:\/\/www.fsfx.com.br\/colegio-sao-francisco\/"},{"@type":"ListItem","position":2,"name":"Hospital M\u00e1rcio Cunha ampliar\u00e1 leitos de Terapia Intensiva para rec\u00e9m-nascidos"}]},{"@type":"WebSite","@id":"https:\/\/www.fsfx.com.br\/colegio-sao-francisco\/#website","url":"https:\/\/www.fsfx.com.br\/colegio-sao-francisco\/","name":"Col\u00e9gio S\u00e3o Francisco Xavier","description":"","publisher":{"@id":"https:\/\/www.fsfx.com.br\/colegio-sao-francisco\/#organization"},"potentialAction":[{"@type":"SearchAction","target":{"@type":"EntryPoint","urlTemplate":"https:\/\/www.fsfx.com.br\/colegio-sao-francisco\/?s={search_term_string}"},"query-input":{"@type":"PropertyValueSpecification","valueRequired":true,"valueName":"search_term_string"}}],"inLanguage":"pt-BR"},{"@type":"Organization","@id":"https:\/\/www.fsfx.com.br\/colegio-sao-francisco\/#organization","name":"CSFX - Col\u00e9gio S\u00e3o Francisco Xavier","url":"https:\/\/www.fsfx.com.br\/colegio-sao-francisco\/","logo":{"@type":"ImageObject","inLanguage":"pt-BR","@id":"https:\/\/www.fsfx.com.br\/colegio-sao-francisco\/#\/schema\/logo\/image\/","url":"https:\/\/www.fsfx.com.br\/colegio-sao-francisco\/wp-content\/uploads\/sites\/10\/2020\/02\/logo.png","contentUrl":"https:\/\/www.fsfx.com.br\/colegio-sao-francisco\/wp-content\/uploads\/sites\/10\/2020\/02\/logo.png","width":175,"height":40,"caption":"CSFX - Col\u00e9gio S\u00e3o Francisco Xavier"},"image":{"@id":"https:\/\/www.fsfx.com.br\/colegio-sao-francisco\/#\/schema\/logo\/image\/"}},{"@type":"Person","@id":"https:\/\/www.fsfx.com.br\/colegio-sao-francisco\/#\/schema\/person\/7d2372fe1973398ab20a060bbb9a87d8","name":"claudio","image":{"@type":"ImageObject","inLanguage":"pt-BR","@id":"https:\/\/www.fsfx.com.br\/colegio-sao-francisco\/#\/schema\/person\/image\/","url":"https:\/\/secure.gravatar.com\/avatar\/724caacf0f2f073275cb3689c577e73e87e40150b1ffd648a67445e75aa7ff03?s=96&d=mm&r=g","contentUrl":"https:\/\/secure.gravatar.com\/avatar\/724caacf0f2f073275cb3689c577e73e87e40150b1ffd648a67445e75aa7ff03?s=96&d=mm&r=g","caption":"claudio"},"url":"https:\/\/www.fsfx.com.br\/colegio-sao-francisco\/author\/claudio\/"}]}},"_links":{"self":[{"href":"https:\/\/www.fsfx.com.br\/colegio-sao-francisco\/wp-json\/wp\/v2\/posts\/6863","targetHints":{"allow":["GET"]}}],"collection":[{"href":"https:\/\/www.fsfx.com.br\/colegio-sao-francisco\/wp-json\/wp\/v2\/posts"}],"about":[{"href":"https:\/\/www.fsfx.com.br\/colegio-sao-francisco\/wp-json\/wp\/v2\/types\/post"}],"author":[{"embeddable":true,"href":"https:\/\/www.fsfx.com.br\/colegio-sao-francisco\/wp-json\/wp\/v2\/users\/2"}],"replies":[{"embeddable":true,"href":"https:\/\/www.fsfx.com.br\/colegio-sao-francisco\/wp-json\/wp\/v2\/comments?post=6863"}],"version-history":[{"count":0,"href":"https:\/\/www.fsfx.com.br\/colegio-sao-francisco\/wp-json\/wp\/v2\/posts\/6863\/revisions"}],"wp:attachment":[{"href":"https:\/\/www.fsfx.com.br\/colegio-sao-francisco\/wp-json\/wp\/v2\/media?parent=6863"}],"wp:term":[{"taxonomy":"category","embeddable":true,"href":"https:\/\/www.fsfx.com.br\/colegio-sao-francisco\/wp-json\/wp\/v2\/categories?post=6863"},{"taxonomy":"post_tag","embeddable":true,"href":"https:\/\/www.fsfx.com.br\/colegio-sao-francisco\/wp-json\/wp\/v2\/tags?post=6863"}],"curies":[{"name":"wp","href":"https:\/\/api.w.org\/{rel}","templated":true}]}}