{"id":6877,"date":"2020-05-14T18:19:16","date_gmt":"2020-05-14T21:19:16","guid":{"rendered":"http:\/\/fsfx.com.br\/\/csfx\/2020\/05\/14\/fsfx-compartilha-historia-do-hmc-com-a-comunidade\/"},"modified":"2020-05-14T18:19:16","modified_gmt":"2020-05-14T21:19:16","slug":"fsfx-compartilha-historia-do-hmc-com-a-comunidade","status":"publish","type":"post","link":"https:\/\/www.fsfx.com.br\/colegio-sao-francisco\/fsfx-compartilha-historia-do-hmc-com-a-comunidade\/","title":{"rendered":"FSFX compartilha hist\u00f3ria do HMC com a comunidade"},"content":{"rendered":"<h3><em>O lan\u00e7amento do livro, agora dispon\u00edvel em bibliotecas da cidade, faz parte das comemora\u00e7\u00f5es dos 50 anos do hospital<\/em><\/h3>\n<p><em>\u0093Ambul\u00e2ncias, macas e aparelhos. Profissionais de branco agitados pelos corredores e uma infinidade de pessoas em busca de aten\u00e7\u00e3o. Ci\u00eancia e t\u00e9cnica a servi\u00e7o da cura. Geralmente, essas imagens est\u00e3o cristalizadas na mem\u00f3ria da maioria de n\u00f3s quando pensamos em um hospital. \u00d3bvio que tais elementos s\u00e3o indispens\u00e1veis para o funcionamento de qualquer unidade de sa\u00fade, mas nem de longe traduzem a historia que habita esse ambiente t\u00e3o marcado pela incessante luta pela vida. Especialmente, quando o hospital em quest\u00e3o tem a peculiaridade de ter nascido no seio de um projeto industrial, cujo objetivo primordial n\u00e3o era o atendimento \u00e0 sa\u00fade, mas sim, fabricar a\u00e7o.\u0094<\/em><\/p>\n<p>O trecho acima foi escrito pelo jornalista, documentarista e historiador S\u00e1vio Tarso, autor do livro \u0093<em>50 anos Hospital M\u00e1rcio Cunha: uma hist\u00f3ria repleta de vida, sonhos e pessoas\u0094<\/em>. Lan\u00e7ado pela Funda\u00e7\u00e3o S\u00e3o Francisco Xavier (FSFX) na cerim\u00f4nia de comemora\u00e7\u00e3o do cinquenten\u00e1rio da institui\u00e7\u00e3o, no \u00faltimo dia 7, no Teatro do Centro Cultural Usiminas, agora a obra passa a estar dispon\u00edvel para comunidade nas principais bibliotecas da regi\u00e3o. \u0093O livro \u00e9 muito importante para a comunidade e para as pessoas que querem saber sobre a hist\u00f3ria de Ipatinga. N\u00e3o tem como falar da cidade sem lembrar-se do Hospital M\u00e1rcio Cunha\u0094, elogia Jorge In\u00e1cio, gerente da Biblioteca P\u00fablica Municipal de Ipatinga \u0096 Zumbi dos Palmares.<\/p>\n<p>A Funda\u00e7\u00e3o S\u00e3o Francisco Xavier entregou ainda exemplares \u00e0 Biblioteca do Centro Universit\u00e1rio do Leste de Minas Gerais \u0096 Unileste-MG, em Coronel Fabriciano, para a biblioteca da Faculdade de Medicina do Vale do A\u00e7o \u0096 Fameva\u00e7o, em Ipatinga, e para a biblioteca Central de Ideias, do Instituto Cultural Usiminas. \u0093A biblioteca Central de Ideias tem a preocupa\u00e7\u00e3o de ter espa\u00e7o para registro da mem\u00f3ria. Nada mais importante e fundamental do que ter o registro dos 50 anos do hospital em nosso acervo. A mem\u00f3ria \u00e9 fundamental para constru\u00e7\u00e3o de um futuro. Um pa\u00eds que n\u00e3o se lembra da sua hist\u00f3ria e n\u00e3o guarda mem\u00f3ria, n\u00e3o \u00e9 um pa\u00eds completo, pois \u00e9 a partir desses registros e materiais \u00e9 que podermos desenvolver novas a\u00e7\u00f5es para o futuro\u0094, destaca Pen\u00e9lope Rocha Portugal, coordenadora do Instituto Cultural Usiminas.<\/p>\n<p><strong>Hist\u00f3ria feita com grandes personagens<\/strong><\/p>\n<p>Constru\u00eddo a partir de depoimentos de pessoas que fizeram parte dessa hist\u00f3ria, o livro tem 91 p\u00e1ginas repletas de vida, sonhos e personagens, cujas hist\u00f3rias de trabalho se entrela\u00e7am com a trajet\u00f3ria de sucesso do HMC. Uma delas \u00e9 m\u00e9dica pediatra Vera Lucia Ven\u00e2ncio Gaspar, que chegou \u00e0 Ipatinga em 1972, para trabalhar no local onde atende at\u00e9 os dias atuais. \u0093Sempre vou me referir ao Hospital M\u00e1rcio Cunha com o m\u00e1ximo de carinho e amor. Foi o meu primeiro local de trabalho e a evolu\u00e7\u00e3o da medicina nesses anos acompanha o hospital. Preservar a sua hist\u00f3ria \u00e9 fundamental para vermos o progresso que houve. Nesses 43 anos que estou aqui, vi e acompanhei o desenvolvimento do hospital, entidade s\u00e9ria, comprometida com as pessoas, com a \u00e9tica e com a evolu\u00e7\u00e3o.\u0094 Vinculada tamb\u00e9m \u00e0 Faculdade de Medicina do Vale do A\u00e7o, onde \u00e9 professora, Dra. Vera recebeu em nome da institui\u00e7\u00e3o o exemplar que ficar\u00e1 na Biblioteca da Fameva\u00e7o.<\/p>\n<p>&nbsp;<\/p>\n<h3><strong>Bibliotecas p\u00fablicas em Ipatinga<\/strong><\/h3>\n<p><strong>\u0095 \u00a0Biblioteca P\u00fablica Municipal Zumbi dos Palmares<\/strong><\/p>\n<p>Rua Mariana, 119, Centro\u00a0 |\u00a0 3829-8393<\/p>\n<p>Funcionamento: segunda \u00e0 sexta, das 8h \u00e0s 18h<\/p>\n<p>Para ser s\u00f3cio: apresentar CPF, foto 3&#215;3, comprovante de resid\u00eancia<\/p>\n<p><strong>\u0095 \u00a0Biblioteca Central de Ideias &#8211; Centro Cultural Usiminas<\/strong><\/p>\n<p>Av. Pedro Linhares Gomes, 3.900, Shopping do Vale do A\u00e7o\u00a0 |\u00a0 3824-3849<\/p>\n<p>Funcionamento: ter\u00e7a \u00e0 sexta, das 10h \u00e0s 21h \u0096 s\u00e1bado, das 13h \u00e0s 19h<\/p>\n<p>Para ser s\u00f3cio: apresentar documento com foto, foto 3&#215;4 e comprovante de resid\u00eancia<\/p>\n<p>&nbsp;<\/p>\n","protected":false},"excerpt":{"rendered":"<p>O lan\u00e7amento do livro, agora dispon\u00edvel em bibliotecas da cidade, faz parte das comemora\u00e7\u00f5es dos 50 anos do hospital \u0093Ambul\u00e2ncias, macas e aparelhos. Profissionais de branco agitados pelos corredores e uma infinidade de pessoas em busca de aten\u00e7\u00e3o. Ci\u00eancia e t\u00e9cnica a servi\u00e7o da cura. Geralmente, essas imagens est\u00e3o cristalizadas na mem\u00f3ria da maioria de [&hellip;]<\/p>\n","protected":false},"author":2,"featured_media":0,"comment_status":"open","ping_status":"open","sticky":false,"template":"","format":"standard","meta":{"_acf_changed":false,"site-sidebar-layout":"default","site-content-layout":"","ast-site-content-layout":"default","site-content-style":"default","site-sidebar-style":"default","ast-global-header-display":"","ast-banner-title-visibility":"","ast-main-header-display":"","ast-hfb-above-header-display":"","ast-hfb-below-header-display":"","ast-hfb-mobile-header-display":"","site-post-title":"","ast-breadcrumbs-content":"","ast-featured-img":"","footer-sml-layout":"","theme-transparent-header-meta":"","adv-header-id-meta":"","stick-header-meta":"","header-above-stick-meta":"","header-main-stick-meta":"","header-below-stick-meta":"","astra-migrate-meta-layouts":"default","ast-page-background-enabled":"default","ast-page-background-meta":{"desktop":{"background-color":"var(--ast-global-color-4)","background-image":"","background-repeat":"repeat","background-position":"center center","background-size":"auto","background-attachment":"scroll","background-type":"","background-media":"","overlay-type":"","overlay-color":"","overlay-opacity":"","overlay-gradient":""},"tablet":{"background-color":"","background-image":"","background-repeat":"repeat","background-position":"center center","background-size":"auto","background-attachment":"scroll","background-type":"","background-media":"","overlay-type":"","overlay-color":"","overlay-opacity":"","overlay-gradient":""},"mobile":{"background-color":"","background-image":"","background-repeat":"repeat","background-position":"center center","background-size":"auto","background-attachment":"scroll","background-type":"","background-media":"","overlay-type":"","overlay-color":"","overlay-opacity":"","overlay-gradient":""}},"ast-content-background-meta":{"desktop":{"background-color":"var(--ast-global-color-5)","background-image":"","background-repeat":"repeat","background-position":"center center","background-size":"auto","background-attachment":"scroll","background-type":"","background-media":"","overlay-type":"","overlay-color":"","overlay-opacity":"","overlay-gradient":""},"tablet":{"background-color":"var(--ast-global-color-5)","background-image":"","background-repeat":"repeat","background-position":"center center","background-size":"auto","background-attachment":"scroll","background-type":"","background-media":"","overlay-type":"","overlay-color":"","overlay-opacity":"","overlay-gradient":""},"mobile":{"background-color":"var(--ast-global-color-5)","background-image":"","background-repeat":"repeat","background-position":"center center","background-size":"auto","background-attachment":"scroll","background-type":"","background-media":"","overlay-type":"","overlay-color":"","overlay-opacity":"","overlay-gradient":""}},"footnotes":""},"categories":[1],"tags":[],"class_list":["post-6877","post","type-post","status-publish","format-standard","hentry","category-sem-categoria"],"acf":[],"yoast_head":"<!-- This site is optimized with the Yoast SEO plugin v26.9 - https:\/\/yoast.com\/product\/yoast-seo-wordpress\/ -->\n<title>FSFX compartilha hist\u00f3ria do HMC com a comunidade - Col\u00e9gio S\u00e3o Francisco Xavier<\/title>\n<meta name=\"robots\" content=\"index, follow, max-snippet:-1, max-image-preview:large, max-video-preview:-1\" \/>\n<link rel=\"canonical\" href=\"https:\/\/www.fsfx.com.br\/colegio-sao-francisco\/fsfx-compartilha-historia-do-hmc-com-a-comunidade\/\" \/>\n<meta property=\"og:locale\" content=\"pt_BR\" \/>\n<meta property=\"og:type\" content=\"article\" \/>\n<meta property=\"og:title\" content=\"FSFX compartilha hist\u00f3ria do HMC com a comunidade - Col\u00e9gio S\u00e3o Francisco Xavier\" \/>\n<meta property=\"og:description\" content=\"O lan\u00e7amento do livro, agora dispon\u00edvel em bibliotecas da cidade, faz parte das comemora\u00e7\u00f5es dos 50 anos do hospital \u0093Ambul\u00e2ncias, macas e aparelhos. Profissionais de branco agitados pelos corredores e uma infinidade de pessoas em busca de aten\u00e7\u00e3o. Ci\u00eancia e t\u00e9cnica a servi\u00e7o da cura. Geralmente, essas imagens est\u00e3o cristalizadas na mem\u00f3ria da maioria de [&hellip;]\" \/>\n<meta property=\"og:url\" content=\"https:\/\/www.fsfx.com.br\/colegio-sao-francisco\/fsfx-compartilha-historia-do-hmc-com-a-comunidade\/\" \/>\n<meta property=\"og:site_name\" content=\"Col\u00e9gio S\u00e3o Francisco Xavier\" \/>\n<meta property=\"article:published_time\" content=\"2020-05-14T21:19:16+00:00\" \/>\n<meta name=\"author\" content=\"claudio\" \/>\n<meta name=\"twitter:card\" content=\"summary_large_image\" \/>\n<meta name=\"twitter:label1\" content=\"Escrito por\" \/>\n\t<meta name=\"twitter:data1\" content=\"claudio\" \/>\n\t<meta name=\"twitter:label2\" content=\"Est. tempo de leitura\" \/>\n\t<meta name=\"twitter:data2\" content=\"3 minutos\" \/>\n<script type=\"application\/ld+json\" class=\"yoast-schema-graph\">{\"@context\":\"https:\/\/schema.org\",\"@graph\":[{\"@type\":\"Article\",\"@id\":\"https:\/\/www.fsfx.com.br\/colegio-sao-francisco\/fsfx-compartilha-historia-do-hmc-com-a-comunidade\/#article\",\"isPartOf\":{\"@id\":\"https:\/\/www.fsfx.com.br\/colegio-sao-francisco\/fsfx-compartilha-historia-do-hmc-com-a-comunidade\/\"},\"author\":{\"name\":\"claudio\",\"@id\":\"https:\/\/www.fsfx.com.br\/colegio-sao-francisco\/#\/schema\/person\/7d2372fe1973398ab20a060bbb9a87d8\"},\"headline\":\"FSFX compartilha hist\u00f3ria do HMC com a comunidade\",\"datePublished\":\"2020-05-14T21:19:16+00:00\",\"mainEntityOfPage\":{\"@id\":\"https:\/\/www.fsfx.com.br\/colegio-sao-francisco\/fsfx-compartilha-historia-do-hmc-com-a-comunidade\/\"},\"wordCount\":682,\"commentCount\":0,\"publisher\":{\"@id\":\"https:\/\/www.fsfx.com.br\/colegio-sao-francisco\/#organization\"},\"inLanguage\":\"pt-BR\",\"potentialAction\":[{\"@type\":\"CommentAction\",\"name\":\"Comment\",\"target\":[\"https:\/\/www.fsfx.com.br\/colegio-sao-francisco\/fsfx-compartilha-historia-do-hmc-com-a-comunidade\/#respond\"]}]},{\"@type\":\"WebPage\",\"@id\":\"https:\/\/www.fsfx.com.br\/colegio-sao-francisco\/fsfx-compartilha-historia-do-hmc-com-a-comunidade\/\",\"url\":\"https:\/\/www.fsfx.com.br\/colegio-sao-francisco\/fsfx-compartilha-historia-do-hmc-com-a-comunidade\/\",\"name\":\"FSFX compartilha hist\u00f3ria do HMC com a comunidade - Col\u00e9gio S\u00e3o Francisco Xavier\",\"isPartOf\":{\"@id\":\"https:\/\/www.fsfx.com.br\/colegio-sao-francisco\/#website\"},\"datePublished\":\"2020-05-14T21:19:16+00:00\",\"breadcrumb\":{\"@id\":\"https:\/\/www.fsfx.com.br\/colegio-sao-francisco\/fsfx-compartilha-historia-do-hmc-com-a-comunidade\/#breadcrumb\"},\"inLanguage\":\"pt-BR\",\"potentialAction\":[{\"@type\":\"ReadAction\",\"target\":[\"https:\/\/www.fsfx.com.br\/colegio-sao-francisco\/fsfx-compartilha-historia-do-hmc-com-a-comunidade\/\"]}]},{\"@type\":\"BreadcrumbList\",\"@id\":\"https:\/\/www.fsfx.com.br\/colegio-sao-francisco\/fsfx-compartilha-historia-do-hmc-com-a-comunidade\/#breadcrumb\",\"itemListElement\":[{\"@type\":\"ListItem\",\"position\":1,\"name\":\"In\u00edcio\",\"item\":\"https:\/\/www.fsfx.com.br\/colegio-sao-francisco\/\"},{\"@type\":\"ListItem\",\"position\":2,\"name\":\"FSFX compartilha hist\u00f3ria do HMC com a comunidade\"}]},{\"@type\":\"WebSite\",\"@id\":\"https:\/\/www.fsfx.com.br\/colegio-sao-francisco\/#website\",\"url\":\"https:\/\/www.fsfx.com.br\/colegio-sao-francisco\/\",\"name\":\"Col\u00e9gio S\u00e3o Francisco Xavier\",\"description\":\"\",\"publisher\":{\"@id\":\"https:\/\/www.fsfx.com.br\/colegio-sao-francisco\/#organization\"},\"potentialAction\":[{\"@type\":\"SearchAction\",\"target\":{\"@type\":\"EntryPoint\",\"urlTemplate\":\"https:\/\/www.fsfx.com.br\/colegio-sao-francisco\/?s={search_term_string}\"},\"query-input\":{\"@type\":\"PropertyValueSpecification\",\"valueRequired\":true,\"valueName\":\"search_term_string\"}}],\"inLanguage\":\"pt-BR\"},{\"@type\":\"Organization\",\"@id\":\"https:\/\/www.fsfx.com.br\/colegio-sao-francisco\/#organization\",\"name\":\"CSFX - Col\u00e9gio S\u00e3o Francisco Xavier\",\"url\":\"https:\/\/www.fsfx.com.br\/colegio-sao-francisco\/\",\"logo\":{\"@type\":\"ImageObject\",\"inLanguage\":\"pt-BR\",\"@id\":\"https:\/\/www.fsfx.com.br\/colegio-sao-francisco\/#\/schema\/logo\/image\/\",\"url\":\"https:\/\/www.fsfx.com.br\/colegio-sao-francisco\/wp-content\/uploads\/sites\/10\/2020\/02\/logo.png\",\"contentUrl\":\"https:\/\/www.fsfx.com.br\/colegio-sao-francisco\/wp-content\/uploads\/sites\/10\/2020\/02\/logo.png\",\"width\":175,\"height\":40,\"caption\":\"CSFX - Col\u00e9gio S\u00e3o Francisco Xavier\"},\"image\":{\"@id\":\"https:\/\/www.fsfx.com.br\/colegio-sao-francisco\/#\/schema\/logo\/image\/\"}},{\"@type\":\"Person\",\"@id\":\"https:\/\/www.fsfx.com.br\/colegio-sao-francisco\/#\/schema\/person\/7d2372fe1973398ab20a060bbb9a87d8\",\"name\":\"claudio\",\"image\":{\"@type\":\"ImageObject\",\"inLanguage\":\"pt-BR\",\"@id\":\"https:\/\/www.fsfx.com.br\/colegio-sao-francisco\/#\/schema\/person\/image\/\",\"url\":\"https:\/\/secure.gravatar.com\/avatar\/724caacf0f2f073275cb3689c577e73e87e40150b1ffd648a67445e75aa7ff03?s=96&d=mm&r=g\",\"contentUrl\":\"https:\/\/secure.gravatar.com\/avatar\/724caacf0f2f073275cb3689c577e73e87e40150b1ffd648a67445e75aa7ff03?s=96&d=mm&r=g\",\"caption\":\"claudio\"},\"url\":\"https:\/\/www.fsfx.com.br\/colegio-sao-francisco\/author\/claudio\/\"}]}<\/script>\n<!-- \/ Yoast SEO plugin. -->","yoast_head_json":{"title":"FSFX compartilha hist\u00f3ria do HMC com a comunidade - Col\u00e9gio S\u00e3o Francisco Xavier","robots":{"index":"index","follow":"follow","max-snippet":"max-snippet:-1","max-image-preview":"max-image-preview:large","max-video-preview":"max-video-preview:-1"},"canonical":"https:\/\/www.fsfx.com.br\/colegio-sao-francisco\/fsfx-compartilha-historia-do-hmc-com-a-comunidade\/","og_locale":"pt_BR","og_type":"article","og_title":"FSFX compartilha hist\u00f3ria do HMC com a comunidade - Col\u00e9gio S\u00e3o Francisco Xavier","og_description":"O lan\u00e7amento do livro, agora dispon\u00edvel em bibliotecas da cidade, faz parte das comemora\u00e7\u00f5es dos 50 anos do hospital \u0093Ambul\u00e2ncias, macas e aparelhos. Profissionais de branco agitados pelos corredores e uma infinidade de pessoas em busca de aten\u00e7\u00e3o. Ci\u00eancia e t\u00e9cnica a servi\u00e7o da cura. Geralmente, essas imagens est\u00e3o cristalizadas na mem\u00f3ria da maioria de [&hellip;]","og_url":"https:\/\/www.fsfx.com.br\/colegio-sao-francisco\/fsfx-compartilha-historia-do-hmc-com-a-comunidade\/","og_site_name":"Col\u00e9gio S\u00e3o Francisco Xavier","article_published_time":"2020-05-14T21:19:16+00:00","author":"claudio","twitter_card":"summary_large_image","twitter_misc":{"Escrito por":"claudio","Est. tempo de leitura":"3 minutos"},"schema":{"@context":"https:\/\/schema.org","@graph":[{"@type":"Article","@id":"https:\/\/www.fsfx.com.br\/colegio-sao-francisco\/fsfx-compartilha-historia-do-hmc-com-a-comunidade\/#article","isPartOf":{"@id":"https:\/\/www.fsfx.com.br\/colegio-sao-francisco\/fsfx-compartilha-historia-do-hmc-com-a-comunidade\/"},"author":{"name":"claudio","@id":"https:\/\/www.fsfx.com.br\/colegio-sao-francisco\/#\/schema\/person\/7d2372fe1973398ab20a060bbb9a87d8"},"headline":"FSFX compartilha hist\u00f3ria do HMC com a comunidade","datePublished":"2020-05-14T21:19:16+00:00","mainEntityOfPage":{"@id":"https:\/\/www.fsfx.com.br\/colegio-sao-francisco\/fsfx-compartilha-historia-do-hmc-com-a-comunidade\/"},"wordCount":682,"commentCount":0,"publisher":{"@id":"https:\/\/www.fsfx.com.br\/colegio-sao-francisco\/#organization"},"inLanguage":"pt-BR","potentialAction":[{"@type":"CommentAction","name":"Comment","target":["https:\/\/www.fsfx.com.br\/colegio-sao-francisco\/fsfx-compartilha-historia-do-hmc-com-a-comunidade\/#respond"]}]},{"@type":"WebPage","@id":"https:\/\/www.fsfx.com.br\/colegio-sao-francisco\/fsfx-compartilha-historia-do-hmc-com-a-comunidade\/","url":"https:\/\/www.fsfx.com.br\/colegio-sao-francisco\/fsfx-compartilha-historia-do-hmc-com-a-comunidade\/","name":"FSFX compartilha hist\u00f3ria do HMC com a comunidade - Col\u00e9gio S\u00e3o Francisco Xavier","isPartOf":{"@id":"https:\/\/www.fsfx.com.br\/colegio-sao-francisco\/#website"},"datePublished":"2020-05-14T21:19:16+00:00","breadcrumb":{"@id":"https:\/\/www.fsfx.com.br\/colegio-sao-francisco\/fsfx-compartilha-historia-do-hmc-com-a-comunidade\/#breadcrumb"},"inLanguage":"pt-BR","potentialAction":[{"@type":"ReadAction","target":["https:\/\/www.fsfx.com.br\/colegio-sao-francisco\/fsfx-compartilha-historia-do-hmc-com-a-comunidade\/"]}]},{"@type":"BreadcrumbList","@id":"https:\/\/www.fsfx.com.br\/colegio-sao-francisco\/fsfx-compartilha-historia-do-hmc-com-a-comunidade\/#breadcrumb","itemListElement":[{"@type":"ListItem","position":1,"name":"In\u00edcio","item":"https:\/\/www.fsfx.com.br\/colegio-sao-francisco\/"},{"@type":"ListItem","position":2,"name":"FSFX compartilha hist\u00f3ria do HMC com a comunidade"}]},{"@type":"WebSite","@id":"https:\/\/www.fsfx.com.br\/colegio-sao-francisco\/#website","url":"https:\/\/www.fsfx.com.br\/colegio-sao-francisco\/","name":"Col\u00e9gio S\u00e3o Francisco Xavier","description":"","publisher":{"@id":"https:\/\/www.fsfx.com.br\/colegio-sao-francisco\/#organization"},"potentialAction":[{"@type":"SearchAction","target":{"@type":"EntryPoint","urlTemplate":"https:\/\/www.fsfx.com.br\/colegio-sao-francisco\/?s={search_term_string}"},"query-input":{"@type":"PropertyValueSpecification","valueRequired":true,"valueName":"search_term_string"}}],"inLanguage":"pt-BR"},{"@type":"Organization","@id":"https:\/\/www.fsfx.com.br\/colegio-sao-francisco\/#organization","name":"CSFX - Col\u00e9gio S\u00e3o Francisco Xavier","url":"https:\/\/www.fsfx.com.br\/colegio-sao-francisco\/","logo":{"@type":"ImageObject","inLanguage":"pt-BR","@id":"https:\/\/www.fsfx.com.br\/colegio-sao-francisco\/#\/schema\/logo\/image\/","url":"https:\/\/www.fsfx.com.br\/colegio-sao-francisco\/wp-content\/uploads\/sites\/10\/2020\/02\/logo.png","contentUrl":"https:\/\/www.fsfx.com.br\/colegio-sao-francisco\/wp-content\/uploads\/sites\/10\/2020\/02\/logo.png","width":175,"height":40,"caption":"CSFX - Col\u00e9gio S\u00e3o Francisco Xavier"},"image":{"@id":"https:\/\/www.fsfx.com.br\/colegio-sao-francisco\/#\/schema\/logo\/image\/"}},{"@type":"Person","@id":"https:\/\/www.fsfx.com.br\/colegio-sao-francisco\/#\/schema\/person\/7d2372fe1973398ab20a060bbb9a87d8","name":"claudio","image":{"@type":"ImageObject","inLanguage":"pt-BR","@id":"https:\/\/www.fsfx.com.br\/colegio-sao-francisco\/#\/schema\/person\/image\/","url":"https:\/\/secure.gravatar.com\/avatar\/724caacf0f2f073275cb3689c577e73e87e40150b1ffd648a67445e75aa7ff03?s=96&d=mm&r=g","contentUrl":"https:\/\/secure.gravatar.com\/avatar\/724caacf0f2f073275cb3689c577e73e87e40150b1ffd648a67445e75aa7ff03?s=96&d=mm&r=g","caption":"claudio"},"url":"https:\/\/www.fsfx.com.br\/colegio-sao-francisco\/author\/claudio\/"}]}},"_links":{"self":[{"href":"https:\/\/www.fsfx.com.br\/colegio-sao-francisco\/wp-json\/wp\/v2\/posts\/6877","targetHints":{"allow":["GET"]}}],"collection":[{"href":"https:\/\/www.fsfx.com.br\/colegio-sao-francisco\/wp-json\/wp\/v2\/posts"}],"about":[{"href":"https:\/\/www.fsfx.com.br\/colegio-sao-francisco\/wp-json\/wp\/v2\/types\/post"}],"author":[{"embeddable":true,"href":"https:\/\/www.fsfx.com.br\/colegio-sao-francisco\/wp-json\/wp\/v2\/users\/2"}],"replies":[{"embeddable":true,"href":"https:\/\/www.fsfx.com.br\/colegio-sao-francisco\/wp-json\/wp\/v2\/comments?post=6877"}],"version-history":[{"count":0,"href":"https:\/\/www.fsfx.com.br\/colegio-sao-francisco\/wp-json\/wp\/v2\/posts\/6877\/revisions"}],"wp:attachment":[{"href":"https:\/\/www.fsfx.com.br\/colegio-sao-francisco\/wp-json\/wp\/v2\/media?parent=6877"}],"wp:term":[{"taxonomy":"category","embeddable":true,"href":"https:\/\/www.fsfx.com.br\/colegio-sao-francisco\/wp-json\/wp\/v2\/categories?post=6877"},{"taxonomy":"post_tag","embeddable":true,"href":"https:\/\/www.fsfx.com.br\/colegio-sao-francisco\/wp-json\/wp\/v2\/tags?post=6877"}],"curies":[{"name":"wp","href":"https:\/\/api.w.org\/{rel}","templated":true}]}}