{"id":6886,"date":"2020-05-14T18:19:34","date_gmt":"2020-05-14T21:19:34","guid":{"rendered":"http:\/\/fsfx.com.br\/\/csfx\/2020\/05\/14\/residencia-medica-do-hmc-ganha-nova-especialidade\/"},"modified":"2020-05-14T18:19:34","modified_gmt":"2020-05-14T21:19:34","slug":"residencia-medica-do-hmc-ganha-nova-especialidade","status":"publish","type":"post","link":"https:\/\/www.fsfx.com.br\/colegio-sao-francisco\/residencia-medica-do-hmc-ganha-nova-especialidade\/","title":{"rendered":"Resid\u00eancia M\u00e9dica do HMC ganha nova especialidade"},"content":{"rendered":"<p>A Funda\u00e7\u00e3o S\u00e3o Francisco Xavier amplia suas a\u00e7\u00f5es de capacita\u00e7\u00e3o e desenvolvimento profissional para a sa\u00fade, ao abrir espa\u00e7o para mais uma especialidade no Programa de Resid\u00eancia M\u00e9dica do Hospital M\u00e1rcio Cunha: Ginecologia e Obstetr\u00edcia. As inscri\u00e7\u00f5es para a sele\u00e7\u00e3o de candidatos est\u00e3o abertas e podem ser realizadas at\u00e9 o dia 19\/02 por meio da Associa\u00e7\u00e3o Mineira de Apoio \u00e0 Resid\u00eancia M\u00e9dica de Minas Gerais (Aremg), pelo site <a href=\"http:\/\/www.aremg.org.br\">www.aremg.org.br<\/a>; no link \u0093Processo Seletivo\u0094, clique em \u0093Hospital M\u00e1rcio Cunha &#8211; FSFX\u0094, na coluna \u0093Arquivos\u0094.<\/p>\n<p><a href=\"http:\/\/www.fsfx.com.br\/wp-content\/uploads\/2015\/02\/Trofeu.jpg\"><img fetchpriority=\"high\" decoding=\"async\" class=\"alignright size-medium wp-image-564\" src=\"http:\/\/www.fsfx.com.br\/wp-content\/uploads\/2015\/02\/Trofeu-300x200.jpg\" alt=\"Trofeu\" width=\"300\" height=\"200\" \/><\/a>\u0093A inclus\u00e3o da Ginecologia e Obstetr\u00edcia est\u00e1 alinhada a um dos objetivos estrat\u00e9gicos da Funda\u00e7\u00e3o S\u00e3o Francisco Xavier e do Hospital M\u00e1rcio Cunha, que \u00e9 o de incentivar o ensino e a pesquisa. Assim investimos na forma\u00e7\u00e3o profissional e, a cada ano, buscamos novas especialidades para refor\u00e7ar o papel da institui\u00e7\u00e3o, enquanto hospital geral e com v\u00e1rias \u00e1reas de atua\u00e7\u00e3o na assist\u00eancia a sa\u00fade, com destaque para os procedimentos mais especializados e complexos\u0094, destaca o superintendente do HMC, Mauro Oscar Souza Lima.<\/p>\n<p>O edital j\u00e1 est\u00e1 publicado e pode ser acessado no site do Hospital M\u00e1rcio Cunha (<a href=\"http:\/\/www.hmarciocunha.com.br\">www.hmarciocunha.com.br<\/a>). A prova do processo seletivo acontecer\u00e1 no dia 22\/02 e o in\u00edcio do curso de Ginecologia e Obstetr\u00edcia do Programa de Resid\u00eancia M\u00e9dica do HMC ser\u00e1 em mar\u00e7o de 2015. O valor da taxa de inscri\u00e7\u00e3o \u00e9 de R$ 150,00 (cento e cinquenta reais), com vencimento no dia subsequente a conclus\u00e3o da inscri\u00e7\u00e3o e dever\u00e1 ser paga, nas ag\u00eancias dos bancos especificados, atrav\u00e9s da guia de pagamento emitida ap\u00f3s o preenchimento do formul\u00e1rio de inscri\u00e7\u00e3o pela internet.<\/p>\n<p>Credenciado pela Comiss\u00e3o Nacional de Resid\u00eancia M\u00e9dica do Minist\u00e9rio da Educa\u00e7\u00e3o (CNRM\/MEC), o Programa de Resid\u00eancia M\u00e9dica do HMC conta atualmente com 11 cursos, com dura\u00e7\u00e3o entre um e tr\u00eas anos, destinados a profissionais com gradua\u00e7\u00e3o em Medicina. Al\u00e9m do curso de Ginecologia e Obstetr\u00edcia, o HMC oferece as especializa\u00e7\u00f5es em Anestesiologia, Cirurgia Geral, Cl\u00ednica M\u00e9dica, Ortopedia e Traumatologia, Medicina de Urg\u00eancia, Medicina Intensiva, Neonatologia, Pediatria, Radiologia e Diagn\u00f3stico por Imagem, e Radioterapia.<\/p>\n<p>Para outras informa\u00e7\u00f5es, entre em contato com a Funda\u00e7\u00e3o S\u00e3o Francisco Xavier e o Hospital M\u00e1rcio Cunha, pelo email <a href=\"mailto:fsfx.ensinoepesquisa@usiminas.com\">fsfx.ensinoepesquisa@usiminas.com<\/a> ou pelo telefone (31) 3830-5038.<\/p>\n<p><span style=\"color: #ffffff\">.<\/span><\/p>\n","protected":false},"excerpt":{"rendered":"<p>A Funda\u00e7\u00e3o S\u00e3o Francisco Xavier amplia suas a\u00e7\u00f5es de capacita\u00e7\u00e3o e desenvolvimento profissional para a sa\u00fade, ao abrir espa\u00e7o para mais uma especialidade no Programa de Resid\u00eancia M\u00e9dica do Hospital M\u00e1rcio Cunha: Ginecologia e Obstetr\u00edcia. As inscri\u00e7\u00f5es para a sele\u00e7\u00e3o de candidatos est\u00e3o abertas e podem ser realizadas at\u00e9 o dia 19\/02 por meio da [&hellip;]<\/p>\n","protected":false},"author":2,"featured_media":0,"comment_status":"open","ping_status":"open","sticky":false,"template":"","format":"standard","meta":{"_acf_changed":false,"site-sidebar-layout":"default","site-content-layout":"","ast-site-content-layout":"default","site-content-style":"default","site-sidebar-style":"default","ast-global-header-display":"","ast-banner-title-visibility":"","ast-main-header-display":"","ast-hfb-above-header-display":"","ast-hfb-below-header-display":"","ast-hfb-mobile-header-display":"","site-post-title":"","ast-breadcrumbs-content":"","ast-featured-img":"","footer-sml-layout":"","theme-transparent-header-meta":"","adv-header-id-meta":"","stick-header-meta":"","header-above-stick-meta":"","header-main-stick-meta":"","header-below-stick-meta":"","astra-migrate-meta-layouts":"default","ast-page-background-enabled":"default","ast-page-background-meta":{"desktop":{"background-color":"var(--ast-global-color-4)","background-image":"","background-repeat":"repeat","background-position":"center center","background-size":"auto","background-attachment":"scroll","background-type":"","background-media":"","overlay-type":"","overlay-color":"","overlay-opacity":"","overlay-gradient":""},"tablet":{"background-color":"","background-image":"","background-repeat":"repeat","background-position":"center center","background-size":"auto","background-attachment":"scroll","background-type":"","background-media":"","overlay-type":"","overlay-color":"","overlay-opacity":"","overlay-gradient":""},"mobile":{"background-color":"","background-image":"","background-repeat":"repeat","background-position":"center center","background-size":"auto","background-attachment":"scroll","background-type":"","background-media":"","overlay-type":"","overlay-color":"","overlay-opacity":"","overlay-gradient":""}},"ast-content-background-meta":{"desktop":{"background-color":"var(--ast-global-color-5)","background-image":"","background-repeat":"repeat","background-position":"center center","background-size":"auto","background-attachment":"scroll","background-type":"","background-media":"","overlay-type":"","overlay-color":"","overlay-opacity":"","overlay-gradient":""},"tablet":{"background-color":"var(--ast-global-color-5)","background-image":"","background-repeat":"repeat","background-position":"center center","background-size":"auto","background-attachment":"scroll","background-type":"","background-media":"","overlay-type":"","overlay-color":"","overlay-opacity":"","overlay-gradient":""},"mobile":{"background-color":"var(--ast-global-color-5)","background-image":"","background-repeat":"repeat","background-position":"center center","background-size":"auto","background-attachment":"scroll","background-type":"","background-media":"","overlay-type":"","overlay-color":"","overlay-opacity":"","overlay-gradient":""}},"footnotes":""},"categories":[1],"tags":[],"class_list":["post-6886","post","type-post","status-publish","format-standard","hentry","category-sem-categoria"],"acf":[],"yoast_head":"<!-- This site is optimized with the Yoast SEO plugin v26.9 - https:\/\/yoast.com\/product\/yoast-seo-wordpress\/ -->\n<title>Resid\u00eancia M\u00e9dica do HMC ganha nova especialidade - Col\u00e9gio S\u00e3o Francisco Xavier<\/title>\n<meta name=\"robots\" content=\"index, follow, max-snippet:-1, max-image-preview:large, max-video-preview:-1\" \/>\n<link rel=\"canonical\" href=\"https:\/\/www.fsfx.com.br\/colegio-sao-francisco\/residencia-medica-do-hmc-ganha-nova-especialidade\/\" \/>\n<meta property=\"og:locale\" content=\"pt_BR\" \/>\n<meta property=\"og:type\" content=\"article\" \/>\n<meta property=\"og:title\" content=\"Resid\u00eancia M\u00e9dica do HMC ganha nova especialidade - Col\u00e9gio S\u00e3o Francisco Xavier\" \/>\n<meta property=\"og:description\" content=\"A Funda\u00e7\u00e3o S\u00e3o Francisco Xavier amplia suas a\u00e7\u00f5es de capacita\u00e7\u00e3o e desenvolvimento profissional para a sa\u00fade, ao abrir espa\u00e7o para mais uma especialidade no Programa de Resid\u00eancia M\u00e9dica do Hospital M\u00e1rcio Cunha: Ginecologia e Obstetr\u00edcia. As inscri\u00e7\u00f5es para a sele\u00e7\u00e3o de candidatos est\u00e3o abertas e podem ser realizadas at\u00e9 o dia 19\/02 por meio da [&hellip;]\" \/>\n<meta property=\"og:url\" content=\"https:\/\/www.fsfx.com.br\/colegio-sao-francisco\/residencia-medica-do-hmc-ganha-nova-especialidade\/\" \/>\n<meta property=\"og:site_name\" content=\"Col\u00e9gio S\u00e3o Francisco Xavier\" \/>\n<meta property=\"article:published_time\" content=\"2020-05-14T21:19:34+00:00\" \/>\n<meta property=\"og:image\" content=\"http:\/\/www.fsfx.com.br\/wp-content\/uploads\/2015\/02\/Trofeu-300x200.jpg\" \/>\n<meta name=\"author\" content=\"claudio\" \/>\n<meta name=\"twitter:card\" content=\"summary_large_image\" \/>\n<meta name=\"twitter:label1\" content=\"Escrito por\" \/>\n\t<meta name=\"twitter:data1\" content=\"claudio\" \/>\n\t<meta name=\"twitter:label2\" content=\"Est. tempo de leitura\" \/>\n\t<meta name=\"twitter:data2\" content=\"2 minutos\" \/>\n<script type=\"application\/ld+json\" class=\"yoast-schema-graph\">{\"@context\":\"https:\/\/schema.org\",\"@graph\":[{\"@type\":\"Article\",\"@id\":\"https:\/\/www.fsfx.com.br\/colegio-sao-francisco\/residencia-medica-do-hmc-ganha-nova-especialidade\/#article\",\"isPartOf\":{\"@id\":\"https:\/\/www.fsfx.com.br\/colegio-sao-francisco\/residencia-medica-do-hmc-ganha-nova-especialidade\/\"},\"author\":{\"name\":\"claudio\",\"@id\":\"https:\/\/www.fsfx.com.br\/colegio-sao-francisco\/#\/schema\/person\/7d2372fe1973398ab20a060bbb9a87d8\"},\"headline\":\"Resid\u00eancia M\u00e9dica do HMC ganha nova especialidade\",\"datePublished\":\"2020-05-14T21:19:34+00:00\",\"mainEntityOfPage\":{\"@id\":\"https:\/\/www.fsfx.com.br\/colegio-sao-francisco\/residencia-medica-do-hmc-ganha-nova-especialidade\/\"},\"wordCount\":431,\"commentCount\":0,\"publisher\":{\"@id\":\"https:\/\/www.fsfx.com.br\/colegio-sao-francisco\/#organization\"},\"image\":{\"@id\":\"https:\/\/www.fsfx.com.br\/colegio-sao-francisco\/residencia-medica-do-hmc-ganha-nova-especialidade\/#primaryimage\"},\"thumbnailUrl\":\"http:\/\/www.fsfx.com.br\/wp-content\/uploads\/2015\/02\/Trofeu-300x200.jpg\",\"inLanguage\":\"pt-BR\",\"potentialAction\":[{\"@type\":\"CommentAction\",\"name\":\"Comment\",\"target\":[\"https:\/\/www.fsfx.com.br\/colegio-sao-francisco\/residencia-medica-do-hmc-ganha-nova-especialidade\/#respond\"]}]},{\"@type\":\"WebPage\",\"@id\":\"https:\/\/www.fsfx.com.br\/colegio-sao-francisco\/residencia-medica-do-hmc-ganha-nova-especialidade\/\",\"url\":\"https:\/\/www.fsfx.com.br\/colegio-sao-francisco\/residencia-medica-do-hmc-ganha-nova-especialidade\/\",\"name\":\"Resid\u00eancia M\u00e9dica do HMC ganha nova especialidade - Col\u00e9gio S\u00e3o Francisco Xavier\",\"isPartOf\":{\"@id\":\"https:\/\/www.fsfx.com.br\/colegio-sao-francisco\/#website\"},\"primaryImageOfPage\":{\"@id\":\"https:\/\/www.fsfx.com.br\/colegio-sao-francisco\/residencia-medica-do-hmc-ganha-nova-especialidade\/#primaryimage\"},\"image\":{\"@id\":\"https:\/\/www.fsfx.com.br\/colegio-sao-francisco\/residencia-medica-do-hmc-ganha-nova-especialidade\/#primaryimage\"},\"thumbnailUrl\":\"http:\/\/www.fsfx.com.br\/wp-content\/uploads\/2015\/02\/Trofeu-300x200.jpg\",\"datePublished\":\"2020-05-14T21:19:34+00:00\",\"breadcrumb\":{\"@id\":\"https:\/\/www.fsfx.com.br\/colegio-sao-francisco\/residencia-medica-do-hmc-ganha-nova-especialidade\/#breadcrumb\"},\"inLanguage\":\"pt-BR\",\"potentialAction\":[{\"@type\":\"ReadAction\",\"target\":[\"https:\/\/www.fsfx.com.br\/colegio-sao-francisco\/residencia-medica-do-hmc-ganha-nova-especialidade\/\"]}]},{\"@type\":\"ImageObject\",\"inLanguage\":\"pt-BR\",\"@id\":\"https:\/\/www.fsfx.com.br\/colegio-sao-francisco\/residencia-medica-do-hmc-ganha-nova-especialidade\/#primaryimage\",\"url\":\"http:\/\/www.fsfx.com.br\/wp-content\/uploads\/2015\/02\/Trofeu-300x200.jpg\",\"contentUrl\":\"http:\/\/www.fsfx.com.br\/wp-content\/uploads\/2015\/02\/Trofeu-300x200.jpg\"},{\"@type\":\"BreadcrumbList\",\"@id\":\"https:\/\/www.fsfx.com.br\/colegio-sao-francisco\/residencia-medica-do-hmc-ganha-nova-especialidade\/#breadcrumb\",\"itemListElement\":[{\"@type\":\"ListItem\",\"position\":1,\"name\":\"In\u00edcio\",\"item\":\"https:\/\/www.fsfx.com.br\/colegio-sao-francisco\/\"},{\"@type\":\"ListItem\",\"position\":2,\"name\":\"Resid\u00eancia M\u00e9dica do HMC ganha nova especialidade\"}]},{\"@type\":\"WebSite\",\"@id\":\"https:\/\/www.fsfx.com.br\/colegio-sao-francisco\/#website\",\"url\":\"https:\/\/www.fsfx.com.br\/colegio-sao-francisco\/\",\"name\":\"Col\u00e9gio S\u00e3o Francisco Xavier\",\"description\":\"\",\"publisher\":{\"@id\":\"https:\/\/www.fsfx.com.br\/colegio-sao-francisco\/#organization\"},\"potentialAction\":[{\"@type\":\"SearchAction\",\"target\":{\"@type\":\"EntryPoint\",\"urlTemplate\":\"https:\/\/www.fsfx.com.br\/colegio-sao-francisco\/?s={search_term_string}\"},\"query-input\":{\"@type\":\"PropertyValueSpecification\",\"valueRequired\":true,\"valueName\":\"search_term_string\"}}],\"inLanguage\":\"pt-BR\"},{\"@type\":\"Organization\",\"@id\":\"https:\/\/www.fsfx.com.br\/colegio-sao-francisco\/#organization\",\"name\":\"CSFX - Col\u00e9gio S\u00e3o Francisco Xavier\",\"url\":\"https:\/\/www.fsfx.com.br\/colegio-sao-francisco\/\",\"logo\":{\"@type\":\"ImageObject\",\"inLanguage\":\"pt-BR\",\"@id\":\"https:\/\/www.fsfx.com.br\/colegio-sao-francisco\/#\/schema\/logo\/image\/\",\"url\":\"https:\/\/www.fsfx.com.br\/colegio-sao-francisco\/wp-content\/uploads\/sites\/10\/2020\/02\/logo.png\",\"contentUrl\":\"https:\/\/www.fsfx.com.br\/colegio-sao-francisco\/wp-content\/uploads\/sites\/10\/2020\/02\/logo.png\",\"width\":175,\"height\":40,\"caption\":\"CSFX - Col\u00e9gio S\u00e3o Francisco Xavier\"},\"image\":{\"@id\":\"https:\/\/www.fsfx.com.br\/colegio-sao-francisco\/#\/schema\/logo\/image\/\"}},{\"@type\":\"Person\",\"@id\":\"https:\/\/www.fsfx.com.br\/colegio-sao-francisco\/#\/schema\/person\/7d2372fe1973398ab20a060bbb9a87d8\",\"name\":\"claudio\",\"image\":{\"@type\":\"ImageObject\",\"inLanguage\":\"pt-BR\",\"@id\":\"https:\/\/www.fsfx.com.br\/colegio-sao-francisco\/#\/schema\/person\/image\/\",\"url\":\"https:\/\/secure.gravatar.com\/avatar\/724caacf0f2f073275cb3689c577e73e87e40150b1ffd648a67445e75aa7ff03?s=96&d=mm&r=g\",\"contentUrl\":\"https:\/\/secure.gravatar.com\/avatar\/724caacf0f2f073275cb3689c577e73e87e40150b1ffd648a67445e75aa7ff03?s=96&d=mm&r=g\",\"caption\":\"claudio\"},\"url\":\"https:\/\/www.fsfx.com.br\/colegio-sao-francisco\/author\/claudio\/\"}]}<\/script>\n<!-- \/ Yoast SEO plugin. -->","yoast_head_json":{"title":"Resid\u00eancia M\u00e9dica do HMC ganha nova especialidade - Col\u00e9gio S\u00e3o Francisco Xavier","robots":{"index":"index","follow":"follow","max-snippet":"max-snippet:-1","max-image-preview":"max-image-preview:large","max-video-preview":"max-video-preview:-1"},"canonical":"https:\/\/www.fsfx.com.br\/colegio-sao-francisco\/residencia-medica-do-hmc-ganha-nova-especialidade\/","og_locale":"pt_BR","og_type":"article","og_title":"Resid\u00eancia M\u00e9dica do HMC ganha nova especialidade - Col\u00e9gio S\u00e3o Francisco Xavier","og_description":"A Funda\u00e7\u00e3o S\u00e3o Francisco Xavier amplia suas a\u00e7\u00f5es de capacita\u00e7\u00e3o e desenvolvimento profissional para a sa\u00fade, ao abrir espa\u00e7o para mais uma especialidade no Programa de Resid\u00eancia M\u00e9dica do Hospital M\u00e1rcio Cunha: Ginecologia e Obstetr\u00edcia. As inscri\u00e7\u00f5es para a sele\u00e7\u00e3o de candidatos est\u00e3o abertas e podem ser realizadas at\u00e9 o dia 19\/02 por meio da [&hellip;]","og_url":"https:\/\/www.fsfx.com.br\/colegio-sao-francisco\/residencia-medica-do-hmc-ganha-nova-especialidade\/","og_site_name":"Col\u00e9gio S\u00e3o Francisco Xavier","article_published_time":"2020-05-14T21:19:34+00:00","og_image":[{"url":"http:\/\/www.fsfx.com.br\/wp-content\/uploads\/2015\/02\/Trofeu-300x200.jpg","type":"","width":"","height":""}],"author":"claudio","twitter_card":"summary_large_image","twitter_misc":{"Escrito por":"claudio","Est. tempo de leitura":"2 minutos"},"schema":{"@context":"https:\/\/schema.org","@graph":[{"@type":"Article","@id":"https:\/\/www.fsfx.com.br\/colegio-sao-francisco\/residencia-medica-do-hmc-ganha-nova-especialidade\/#article","isPartOf":{"@id":"https:\/\/www.fsfx.com.br\/colegio-sao-francisco\/residencia-medica-do-hmc-ganha-nova-especialidade\/"},"author":{"name":"claudio","@id":"https:\/\/www.fsfx.com.br\/colegio-sao-francisco\/#\/schema\/person\/7d2372fe1973398ab20a060bbb9a87d8"},"headline":"Resid\u00eancia M\u00e9dica do HMC ganha nova especialidade","datePublished":"2020-05-14T21:19:34+00:00","mainEntityOfPage":{"@id":"https:\/\/www.fsfx.com.br\/colegio-sao-francisco\/residencia-medica-do-hmc-ganha-nova-especialidade\/"},"wordCount":431,"commentCount":0,"publisher":{"@id":"https:\/\/www.fsfx.com.br\/colegio-sao-francisco\/#organization"},"image":{"@id":"https:\/\/www.fsfx.com.br\/colegio-sao-francisco\/residencia-medica-do-hmc-ganha-nova-especialidade\/#primaryimage"},"thumbnailUrl":"http:\/\/www.fsfx.com.br\/wp-content\/uploads\/2015\/02\/Trofeu-300x200.jpg","inLanguage":"pt-BR","potentialAction":[{"@type":"CommentAction","name":"Comment","target":["https:\/\/www.fsfx.com.br\/colegio-sao-francisco\/residencia-medica-do-hmc-ganha-nova-especialidade\/#respond"]}]},{"@type":"WebPage","@id":"https:\/\/www.fsfx.com.br\/colegio-sao-francisco\/residencia-medica-do-hmc-ganha-nova-especialidade\/","url":"https:\/\/www.fsfx.com.br\/colegio-sao-francisco\/residencia-medica-do-hmc-ganha-nova-especialidade\/","name":"Resid\u00eancia M\u00e9dica do HMC ganha nova especialidade - Col\u00e9gio S\u00e3o Francisco Xavier","isPartOf":{"@id":"https:\/\/www.fsfx.com.br\/colegio-sao-francisco\/#website"},"primaryImageOfPage":{"@id":"https:\/\/www.fsfx.com.br\/colegio-sao-francisco\/residencia-medica-do-hmc-ganha-nova-especialidade\/#primaryimage"},"image":{"@id":"https:\/\/www.fsfx.com.br\/colegio-sao-francisco\/residencia-medica-do-hmc-ganha-nova-especialidade\/#primaryimage"},"thumbnailUrl":"http:\/\/www.fsfx.com.br\/wp-content\/uploads\/2015\/02\/Trofeu-300x200.jpg","datePublished":"2020-05-14T21:19:34+00:00","breadcrumb":{"@id":"https:\/\/www.fsfx.com.br\/colegio-sao-francisco\/residencia-medica-do-hmc-ganha-nova-especialidade\/#breadcrumb"},"inLanguage":"pt-BR","potentialAction":[{"@type":"ReadAction","target":["https:\/\/www.fsfx.com.br\/colegio-sao-francisco\/residencia-medica-do-hmc-ganha-nova-especialidade\/"]}]},{"@type":"ImageObject","inLanguage":"pt-BR","@id":"https:\/\/www.fsfx.com.br\/colegio-sao-francisco\/residencia-medica-do-hmc-ganha-nova-especialidade\/#primaryimage","url":"http:\/\/www.fsfx.com.br\/wp-content\/uploads\/2015\/02\/Trofeu-300x200.jpg","contentUrl":"http:\/\/www.fsfx.com.br\/wp-content\/uploads\/2015\/02\/Trofeu-300x200.jpg"},{"@type":"BreadcrumbList","@id":"https:\/\/www.fsfx.com.br\/colegio-sao-francisco\/residencia-medica-do-hmc-ganha-nova-especialidade\/#breadcrumb","itemListElement":[{"@type":"ListItem","position":1,"name":"In\u00edcio","item":"https:\/\/www.fsfx.com.br\/colegio-sao-francisco\/"},{"@type":"ListItem","position":2,"name":"Resid\u00eancia M\u00e9dica do HMC ganha nova especialidade"}]},{"@type":"WebSite","@id":"https:\/\/www.fsfx.com.br\/colegio-sao-francisco\/#website","url":"https:\/\/www.fsfx.com.br\/colegio-sao-francisco\/","name":"Col\u00e9gio S\u00e3o Francisco Xavier","description":"","publisher":{"@id":"https:\/\/www.fsfx.com.br\/colegio-sao-francisco\/#organization"},"potentialAction":[{"@type":"SearchAction","target":{"@type":"EntryPoint","urlTemplate":"https:\/\/www.fsfx.com.br\/colegio-sao-francisco\/?s={search_term_string}"},"query-input":{"@type":"PropertyValueSpecification","valueRequired":true,"valueName":"search_term_string"}}],"inLanguage":"pt-BR"},{"@type":"Organization","@id":"https:\/\/www.fsfx.com.br\/colegio-sao-francisco\/#organization","name":"CSFX - Col\u00e9gio S\u00e3o Francisco Xavier","url":"https:\/\/www.fsfx.com.br\/colegio-sao-francisco\/","logo":{"@type":"ImageObject","inLanguage":"pt-BR","@id":"https:\/\/www.fsfx.com.br\/colegio-sao-francisco\/#\/schema\/logo\/image\/","url":"https:\/\/www.fsfx.com.br\/colegio-sao-francisco\/wp-content\/uploads\/sites\/10\/2020\/02\/logo.png","contentUrl":"https:\/\/www.fsfx.com.br\/colegio-sao-francisco\/wp-content\/uploads\/sites\/10\/2020\/02\/logo.png","width":175,"height":40,"caption":"CSFX - Col\u00e9gio S\u00e3o Francisco Xavier"},"image":{"@id":"https:\/\/www.fsfx.com.br\/colegio-sao-francisco\/#\/schema\/logo\/image\/"}},{"@type":"Person","@id":"https:\/\/www.fsfx.com.br\/colegio-sao-francisco\/#\/schema\/person\/7d2372fe1973398ab20a060bbb9a87d8","name":"claudio","image":{"@type":"ImageObject","inLanguage":"pt-BR","@id":"https:\/\/www.fsfx.com.br\/colegio-sao-francisco\/#\/schema\/person\/image\/","url":"https:\/\/secure.gravatar.com\/avatar\/724caacf0f2f073275cb3689c577e73e87e40150b1ffd648a67445e75aa7ff03?s=96&d=mm&r=g","contentUrl":"https:\/\/secure.gravatar.com\/avatar\/724caacf0f2f073275cb3689c577e73e87e40150b1ffd648a67445e75aa7ff03?s=96&d=mm&r=g","caption":"claudio"},"url":"https:\/\/www.fsfx.com.br\/colegio-sao-francisco\/author\/claudio\/"}]}},"_links":{"self":[{"href":"https:\/\/www.fsfx.com.br\/colegio-sao-francisco\/wp-json\/wp\/v2\/posts\/6886","targetHints":{"allow":["GET"]}}],"collection":[{"href":"https:\/\/www.fsfx.com.br\/colegio-sao-francisco\/wp-json\/wp\/v2\/posts"}],"about":[{"href":"https:\/\/www.fsfx.com.br\/colegio-sao-francisco\/wp-json\/wp\/v2\/types\/post"}],"author":[{"embeddable":true,"href":"https:\/\/www.fsfx.com.br\/colegio-sao-francisco\/wp-json\/wp\/v2\/users\/2"}],"replies":[{"embeddable":true,"href":"https:\/\/www.fsfx.com.br\/colegio-sao-francisco\/wp-json\/wp\/v2\/comments?post=6886"}],"version-history":[{"count":0,"href":"https:\/\/www.fsfx.com.br\/colegio-sao-francisco\/wp-json\/wp\/v2\/posts\/6886\/revisions"}],"wp:attachment":[{"href":"https:\/\/www.fsfx.com.br\/colegio-sao-francisco\/wp-json\/wp\/v2\/media?parent=6886"}],"wp:term":[{"taxonomy":"category","embeddable":true,"href":"https:\/\/www.fsfx.com.br\/colegio-sao-francisco\/wp-json\/wp\/v2\/categories?post=6886"},{"taxonomy":"post_tag","embeddable":true,"href":"https:\/\/www.fsfx.com.br\/colegio-sao-francisco\/wp-json\/wp\/v2\/tags?post=6886"}],"curies":[{"name":"wp","href":"https:\/\/api.w.org\/{rel}","templated":true}]}}