{"id":7944,"date":"2022-11-03T15:43:54","date_gmt":"2022-11-03T18:43:54","guid":{"rendered":"https:\/\/www.fsfx.com.br\/colegio-sao-francisco\/?p=7944"},"modified":"2022-11-03T15:43:54","modified_gmt":"2022-11-03T18:43:54","slug":"voce-sabia-que-em-2022-o-csfx-completa-60-anos","status":"publish","type":"post","link":"https:\/\/www.fsfx.com.br\/colegio-sao-francisco\/voce-sabia-que-em-2022-o-csfx-completa-60-anos\/","title":{"rendered":"Voc\u00ea sabia que em 2022 o CSFX completa 60 anos?"},"content":{"rendered":"<p>Criado pela USIMINAS, com o objetivo de garantir ensino e educa\u00e7\u00e3o de qualidade aos filhos de seus empregados e \u00e0 nova comunidade que nascia ao redor da empresa, o Col\u00e9gio S\u00e3o Francisco Xavier iniciou as suas atividades em dezembro de 1.961, mas s\u00f3 teve sua inaugura\u00e7\u00e3o solene em 15 de junho de 1.962. Desde ent\u00e3o, o CSFX vem transformando a vida dos alunos e se destacando no mercado educacional.<\/p>\n<p>Buscando constantemente melhorar o cen\u00e1rio educacional da regi\u00e3o, nesses 60 anos, o col\u00e9gio vem implementando diversas inova\u00e7\u00f5es pedag\u00f3gicas, como Escola de Esportes, Programa Bil\u00edngue, Mind Makers, Educa\u00e7\u00e3o Integral, CSFX T\u00e9cnico e Faculdade S\u00e3o Francisco Xavier.<\/p>\n<p>Sempre aprendendo para ensinar, o CSFX \u00e9 uma escola que valoriza ci\u00eancia e conhecimento. Essa busca \u00e9 focada na preocupa\u00e7\u00e3o com o comportamento humano, que se baseia na ideia de que o uso do saber, na conduta da vida, permite ao cidad\u00e3o alcan\u00e7ar um est\u00e1gio de equil\u00edbrio e de harmonia que o integra \u00e0 sociedade como um cidad\u00e3o \u00e9tico e respons\u00e1vel.<\/p>\n<p>Fique ligado e confira ao longo do ano as a\u00e7\u00f5es de comemora\u00e7\u00e3o dessa data que \u00e9 t\u00e3o importante para a nossa hist\u00f3ria.<\/p>\n","protected":false},"excerpt":{"rendered":"<p>Criado pela USIMINAS, com o objetivo de garantir ensino e educa\u00e7\u00e3o de qualidade aos filhos de seus empregados e \u00e0 nova comunidade que nascia ao redor da empresa, o Col\u00e9gio S\u00e3o Francisco Xavier iniciou as suas atividades em dezembro de 1.961, mas s\u00f3 teve sua inaugura\u00e7\u00e3o solene em 15 de junho de 1.962. Desde ent\u00e3o, [&hellip;]<\/p>\n","protected":false},"author":17,"featured_media":7945,"comment_status":"open","ping_status":"open","sticky":false,"template":"","format":"gallery","meta":{"_acf_changed":false,"site-sidebar-layout":"default","site-content-layout":"","ast-site-content-layout":"default","site-content-style":"default","site-sidebar-style":"default","ast-global-header-display":"","ast-banner-title-visibility":"","ast-main-header-display":"","ast-hfb-above-header-display":"","ast-hfb-below-header-display":"","ast-hfb-mobile-header-display":"","site-post-title":"","ast-breadcrumbs-content":"","ast-featured-img":"","footer-sml-layout":"","theme-transparent-header-meta":"","adv-header-id-meta":"","stick-header-meta":"","header-above-stick-meta":"","header-main-stick-meta":"","header-below-stick-meta":"","astra-migrate-meta-layouts":"default","ast-page-background-enabled":"default","ast-page-background-meta":{"desktop":{"background-color":"var(--ast-global-color-4)","background-image":"","background-repeat":"repeat","background-position":"center center","background-size":"auto","background-attachment":"scroll","background-type":"","background-media":"","overlay-type":"","overlay-color":"","overlay-opacity":"","overlay-gradient":""},"tablet":{"background-color":"","background-image":"","background-repeat":"repeat","background-position":"center center","background-size":"auto","background-attachment":"scroll","background-type":"","background-media":"","overlay-type":"","overlay-color":"","overlay-opacity":"","overlay-gradient":""},"mobile":{"background-color":"","background-image":"","background-repeat":"repeat","background-position":"center center","background-size":"auto","background-attachment":"scroll","background-type":"","background-media":"","overlay-type":"","overlay-color":"","overlay-opacity":"","overlay-gradient":""}},"ast-content-background-meta":{"desktop":{"background-color":"var(--ast-global-color-5)","background-image":"","background-repeat":"repeat","background-position":"center center","background-size":"auto","background-attachment":"scroll","background-type":"","background-media":"","overlay-type":"","overlay-color":"","overlay-opacity":"","overlay-gradient":""},"tablet":{"background-color":"var(--ast-global-color-5)","background-image":"","background-repeat":"repeat","background-position":"center center","background-size":"auto","background-attachment":"scroll","background-type":"","background-media":"","overlay-type":"","overlay-color":"","overlay-opacity":"","overlay-gradient":""},"mobile":{"background-color":"var(--ast-global-color-5)","background-image":"","background-repeat":"repeat","background-position":"center center","background-size":"auto","background-attachment":"scroll","background-type":"","background-media":"","overlay-type":"","overlay-color":"","overlay-opacity":"","overlay-gradient":""}},"footnotes":""},"categories":[65],"tags":[],"class_list":["post-7944","post","type-post","status-publish","format-gallery","has-post-thumbnail","hentry","category-acontece-no-csfx","post_format-post-format-gallery"],"acf":[],"yoast_head":"<!-- This site is optimized with the Yoast SEO plugin v26.9 - https:\/\/yoast.com\/product\/yoast-seo-wordpress\/ -->\n<title>Voc\u00ea sabia que em 2022 o CSFX completa 60 anos? - Col\u00e9gio S\u00e3o Francisco Xavier<\/title>\n<meta name=\"robots\" content=\"index, follow, max-snippet:-1, max-image-preview:large, max-video-preview:-1\" \/>\n<link rel=\"canonical\" href=\"https:\/\/www.fsfx.com.br\/colegio-sao-francisco\/voce-sabia-que-em-2022-o-csfx-completa-60-anos\/\" \/>\n<meta property=\"og:locale\" content=\"pt_BR\" \/>\n<meta property=\"og:type\" content=\"article\" \/>\n<meta property=\"og:title\" content=\"Voc\u00ea sabia que em 2022 o CSFX completa 60 anos? - Col\u00e9gio S\u00e3o Francisco Xavier\" \/>\n<meta property=\"og:description\" content=\"Criado pela USIMINAS, com o objetivo de garantir ensino e educa\u00e7\u00e3o de qualidade aos filhos de seus empregados e \u00e0 nova comunidade que nascia ao redor da empresa, o Col\u00e9gio S\u00e3o Francisco Xavier iniciou as suas atividades em dezembro de 1.961, mas s\u00f3 teve sua inaugura\u00e7\u00e3o solene em 15 de junho de 1.962. Desde ent\u00e3o, [&hellip;]\" \/>\n<meta property=\"og:url\" content=\"https:\/\/www.fsfx.com.br\/colegio-sao-francisco\/voce-sabia-que-em-2022-o-csfx-completa-60-anos\/\" \/>\n<meta property=\"og:site_name\" content=\"Col\u00e9gio S\u00e3o Francisco Xavier\" \/>\n<meta property=\"article:published_time\" content=\"2022-11-03T18:43:54+00:00\" \/>\n<meta property=\"og:image\" content=\"https:\/\/www.fsfx.com.br\/colegio-sao-francisco\/wp-content\/uploads\/sites\/10\/2022\/11\/1.png\" \/>\n\t<meta property=\"og:image:width\" content=\"861\" \/>\n\t<meta property=\"og:image:height\" content=\"571\" \/>\n\t<meta property=\"og:image:type\" content=\"image\/png\" \/>\n<meta name=\"author\" content=\"tarcisiojunio\" \/>\n<meta name=\"twitter:card\" content=\"summary_large_image\" \/>\n<meta name=\"twitter:label1\" content=\"Escrito por\" \/>\n\t<meta name=\"twitter:data1\" content=\"tarcisiojunio\" \/>\n\t<meta name=\"twitter:label2\" content=\"Est. tempo de leitura\" \/>\n\t<meta name=\"twitter:data2\" content=\"2 minutos\" \/>\n<script type=\"application\/ld+json\" class=\"yoast-schema-graph\">{\"@context\":\"https:\/\/schema.org\",\"@graph\":[{\"@type\":\"Article\",\"@id\":\"https:\/\/www.fsfx.com.br\/colegio-sao-francisco\/voce-sabia-que-em-2022-o-csfx-completa-60-anos\/#article\",\"isPartOf\":{\"@id\":\"https:\/\/www.fsfx.com.br\/colegio-sao-francisco\/voce-sabia-que-em-2022-o-csfx-completa-60-anos\/\"},\"author\":{\"name\":\"tarcisiojunio\",\"@id\":\"https:\/\/www.fsfx.com.br\/colegio-sao-francisco\/#\/schema\/person\/a4a1db661b72e9e1faeca814a6cb0d2f\"},\"headline\":\"Voc\u00ea sabia que em 2022 o CSFX completa 60 anos?\",\"datePublished\":\"2022-11-03T18:43:54+00:00\",\"mainEntityOfPage\":{\"@id\":\"https:\/\/www.fsfx.com.br\/colegio-sao-francisco\/voce-sabia-que-em-2022-o-csfx-completa-60-anos\/\"},\"wordCount\":212,\"commentCount\":0,\"publisher\":{\"@id\":\"https:\/\/www.fsfx.com.br\/colegio-sao-francisco\/#organization\"},\"image\":{\"@id\":\"https:\/\/www.fsfx.com.br\/colegio-sao-francisco\/voce-sabia-que-em-2022-o-csfx-completa-60-anos\/#primaryimage\"},\"thumbnailUrl\":\"https:\/\/www.fsfx.com.br\/colegio-sao-francisco\/wp-content\/uploads\/sites\/10\/2022\/11\/1.png\",\"articleSection\":[\"Acontece no CSFX\"],\"inLanguage\":\"pt-BR\",\"potentialAction\":[{\"@type\":\"CommentAction\",\"name\":\"Comment\",\"target\":[\"https:\/\/www.fsfx.com.br\/colegio-sao-francisco\/voce-sabia-que-em-2022-o-csfx-completa-60-anos\/#respond\"]}]},{\"@type\":\"WebPage\",\"@id\":\"https:\/\/www.fsfx.com.br\/colegio-sao-francisco\/voce-sabia-que-em-2022-o-csfx-completa-60-anos\/\",\"url\":\"https:\/\/www.fsfx.com.br\/colegio-sao-francisco\/voce-sabia-que-em-2022-o-csfx-completa-60-anos\/\",\"name\":\"Voc\u00ea sabia que em 2022 o CSFX completa 60 anos? - Col\u00e9gio S\u00e3o Francisco Xavier\",\"isPartOf\":{\"@id\":\"https:\/\/www.fsfx.com.br\/colegio-sao-francisco\/#website\"},\"primaryImageOfPage\":{\"@id\":\"https:\/\/www.fsfx.com.br\/colegio-sao-francisco\/voce-sabia-que-em-2022-o-csfx-completa-60-anos\/#primaryimage\"},\"image\":{\"@id\":\"https:\/\/www.fsfx.com.br\/colegio-sao-francisco\/voce-sabia-que-em-2022-o-csfx-completa-60-anos\/#primaryimage\"},\"thumbnailUrl\":\"https:\/\/www.fsfx.com.br\/colegio-sao-francisco\/wp-content\/uploads\/sites\/10\/2022\/11\/1.png\",\"datePublished\":\"2022-11-03T18:43:54+00:00\",\"breadcrumb\":{\"@id\":\"https:\/\/www.fsfx.com.br\/colegio-sao-francisco\/voce-sabia-que-em-2022-o-csfx-completa-60-anos\/#breadcrumb\"},\"inLanguage\":\"pt-BR\",\"potentialAction\":[{\"@type\":\"ReadAction\",\"target\":[\"https:\/\/www.fsfx.com.br\/colegio-sao-francisco\/voce-sabia-que-em-2022-o-csfx-completa-60-anos\/\"]}]},{\"@type\":\"ImageObject\",\"inLanguage\":\"pt-BR\",\"@id\":\"https:\/\/www.fsfx.com.br\/colegio-sao-francisco\/voce-sabia-que-em-2022-o-csfx-completa-60-anos\/#primaryimage\",\"url\":\"https:\/\/www.fsfx.com.br\/colegio-sao-francisco\/wp-content\/uploads\/sites\/10\/2022\/11\/1.png\",\"contentUrl\":\"https:\/\/www.fsfx.com.br\/colegio-sao-francisco\/wp-content\/uploads\/sites\/10\/2022\/11\/1.png\",\"width\":861,\"height\":571},{\"@type\":\"BreadcrumbList\",\"@id\":\"https:\/\/www.fsfx.com.br\/colegio-sao-francisco\/voce-sabia-que-em-2022-o-csfx-completa-60-anos\/#breadcrumb\",\"itemListElement\":[{\"@type\":\"ListItem\",\"position\":1,\"name\":\"In\u00edcio\",\"item\":\"https:\/\/www.fsfx.com.br\/colegio-sao-francisco\/\"},{\"@type\":\"ListItem\",\"position\":2,\"name\":\"Voc\u00ea sabia que em 2022 o CSFX completa 60 anos?\"}]},{\"@type\":\"WebSite\",\"@id\":\"https:\/\/www.fsfx.com.br\/colegio-sao-francisco\/#website\",\"url\":\"https:\/\/www.fsfx.com.br\/colegio-sao-francisco\/\",\"name\":\"Col\u00e9gio S\u00e3o Francisco Xavier\",\"description\":\"\",\"publisher\":{\"@id\":\"https:\/\/www.fsfx.com.br\/colegio-sao-francisco\/#organization\"},\"potentialAction\":[{\"@type\":\"SearchAction\",\"target\":{\"@type\":\"EntryPoint\",\"urlTemplate\":\"https:\/\/www.fsfx.com.br\/colegio-sao-francisco\/?s={search_term_string}\"},\"query-input\":{\"@type\":\"PropertyValueSpecification\",\"valueRequired\":true,\"valueName\":\"search_term_string\"}}],\"inLanguage\":\"pt-BR\"},{\"@type\":\"Organization\",\"@id\":\"https:\/\/www.fsfx.com.br\/colegio-sao-francisco\/#organization\",\"name\":\"CSFX - Col\u00e9gio S\u00e3o Francisco Xavier\",\"url\":\"https:\/\/www.fsfx.com.br\/colegio-sao-francisco\/\",\"logo\":{\"@type\":\"ImageObject\",\"inLanguage\":\"pt-BR\",\"@id\":\"https:\/\/www.fsfx.com.br\/colegio-sao-francisco\/#\/schema\/logo\/image\/\",\"url\":\"https:\/\/www.fsfx.com.br\/colegio-sao-francisco\/wp-content\/uploads\/sites\/10\/2020\/02\/logo.png\",\"contentUrl\":\"https:\/\/www.fsfx.com.br\/colegio-sao-francisco\/wp-content\/uploads\/sites\/10\/2020\/02\/logo.png\",\"width\":175,\"height\":40,\"caption\":\"CSFX - Col\u00e9gio S\u00e3o Francisco Xavier\"},\"image\":{\"@id\":\"https:\/\/www.fsfx.com.br\/colegio-sao-francisco\/#\/schema\/logo\/image\/\"}},{\"@type\":\"Person\",\"@id\":\"https:\/\/www.fsfx.com.br\/colegio-sao-francisco\/#\/schema\/person\/a4a1db661b72e9e1faeca814a6cb0d2f\",\"name\":\"tarcisiojunio\",\"image\":{\"@type\":\"ImageObject\",\"inLanguage\":\"pt-BR\",\"@id\":\"https:\/\/www.fsfx.com.br\/colegio-sao-francisco\/#\/schema\/person\/image\/\",\"url\":\"https:\/\/secure.gravatar.com\/avatar\/665e8ed608e37b42de49fffcb32ee5f22c68bd43864d2d3a7d6855c8a68734cb?s=96&d=mm&r=g\",\"contentUrl\":\"https:\/\/secure.gravatar.com\/avatar\/665e8ed608e37b42de49fffcb32ee5f22c68bd43864d2d3a7d6855c8a68734cb?s=96&d=mm&r=g\",\"caption\":\"tarcisiojunio\"},\"url\":\"https:\/\/www.fsfx.com.br\/colegio-sao-francisco\/author\/tarcisiojunio\/\"}]}<\/script>\n<!-- \/ Yoast SEO plugin. -->","yoast_head_json":{"title":"Voc\u00ea sabia que em 2022 o CSFX completa 60 anos? - Col\u00e9gio S\u00e3o Francisco Xavier","robots":{"index":"index","follow":"follow","max-snippet":"max-snippet:-1","max-image-preview":"max-image-preview:large","max-video-preview":"max-video-preview:-1"},"canonical":"https:\/\/www.fsfx.com.br\/colegio-sao-francisco\/voce-sabia-que-em-2022-o-csfx-completa-60-anos\/","og_locale":"pt_BR","og_type":"article","og_title":"Voc\u00ea sabia que em 2022 o CSFX completa 60 anos? - Col\u00e9gio S\u00e3o Francisco Xavier","og_description":"Criado pela USIMINAS, com o objetivo de garantir ensino e educa\u00e7\u00e3o de qualidade aos filhos de seus empregados e \u00e0 nova comunidade que nascia ao redor da empresa, o Col\u00e9gio S\u00e3o Francisco Xavier iniciou as suas atividades em dezembro de 1.961, mas s\u00f3 teve sua inaugura\u00e7\u00e3o solene em 15 de junho de 1.962. Desde ent\u00e3o, [&hellip;]","og_url":"https:\/\/www.fsfx.com.br\/colegio-sao-francisco\/voce-sabia-que-em-2022-o-csfx-completa-60-anos\/","og_site_name":"Col\u00e9gio S\u00e3o Francisco Xavier","article_published_time":"2022-11-03T18:43:54+00:00","og_image":[{"width":861,"height":571,"url":"https:\/\/www.fsfx.com.br\/colegio-sao-francisco\/wp-content\/uploads\/sites\/10\/2022\/11\/1.png","type":"image\/png"}],"author":"tarcisiojunio","twitter_card":"summary_large_image","twitter_misc":{"Escrito por":"tarcisiojunio","Est. tempo de leitura":"2 minutos"},"schema":{"@context":"https:\/\/schema.org","@graph":[{"@type":"Article","@id":"https:\/\/www.fsfx.com.br\/colegio-sao-francisco\/voce-sabia-que-em-2022-o-csfx-completa-60-anos\/#article","isPartOf":{"@id":"https:\/\/www.fsfx.com.br\/colegio-sao-francisco\/voce-sabia-que-em-2022-o-csfx-completa-60-anos\/"},"author":{"name":"tarcisiojunio","@id":"https:\/\/www.fsfx.com.br\/colegio-sao-francisco\/#\/schema\/person\/a4a1db661b72e9e1faeca814a6cb0d2f"},"headline":"Voc\u00ea sabia que em 2022 o CSFX completa 60 anos?","datePublished":"2022-11-03T18:43:54+00:00","mainEntityOfPage":{"@id":"https:\/\/www.fsfx.com.br\/colegio-sao-francisco\/voce-sabia-que-em-2022-o-csfx-completa-60-anos\/"},"wordCount":212,"commentCount":0,"publisher":{"@id":"https:\/\/www.fsfx.com.br\/colegio-sao-francisco\/#organization"},"image":{"@id":"https:\/\/www.fsfx.com.br\/colegio-sao-francisco\/voce-sabia-que-em-2022-o-csfx-completa-60-anos\/#primaryimage"},"thumbnailUrl":"https:\/\/www.fsfx.com.br\/colegio-sao-francisco\/wp-content\/uploads\/sites\/10\/2022\/11\/1.png","articleSection":["Acontece no CSFX"],"inLanguage":"pt-BR","potentialAction":[{"@type":"CommentAction","name":"Comment","target":["https:\/\/www.fsfx.com.br\/colegio-sao-francisco\/voce-sabia-que-em-2022-o-csfx-completa-60-anos\/#respond"]}]},{"@type":"WebPage","@id":"https:\/\/www.fsfx.com.br\/colegio-sao-francisco\/voce-sabia-que-em-2022-o-csfx-completa-60-anos\/","url":"https:\/\/www.fsfx.com.br\/colegio-sao-francisco\/voce-sabia-que-em-2022-o-csfx-completa-60-anos\/","name":"Voc\u00ea sabia que em 2022 o CSFX completa 60 anos? - Col\u00e9gio S\u00e3o Francisco Xavier","isPartOf":{"@id":"https:\/\/www.fsfx.com.br\/colegio-sao-francisco\/#website"},"primaryImageOfPage":{"@id":"https:\/\/www.fsfx.com.br\/colegio-sao-francisco\/voce-sabia-que-em-2022-o-csfx-completa-60-anos\/#primaryimage"},"image":{"@id":"https:\/\/www.fsfx.com.br\/colegio-sao-francisco\/voce-sabia-que-em-2022-o-csfx-completa-60-anos\/#primaryimage"},"thumbnailUrl":"https:\/\/www.fsfx.com.br\/colegio-sao-francisco\/wp-content\/uploads\/sites\/10\/2022\/11\/1.png","datePublished":"2022-11-03T18:43:54+00:00","breadcrumb":{"@id":"https:\/\/www.fsfx.com.br\/colegio-sao-francisco\/voce-sabia-que-em-2022-o-csfx-completa-60-anos\/#breadcrumb"},"inLanguage":"pt-BR","potentialAction":[{"@type":"ReadAction","target":["https:\/\/www.fsfx.com.br\/colegio-sao-francisco\/voce-sabia-que-em-2022-o-csfx-completa-60-anos\/"]}]},{"@type":"ImageObject","inLanguage":"pt-BR","@id":"https:\/\/www.fsfx.com.br\/colegio-sao-francisco\/voce-sabia-que-em-2022-o-csfx-completa-60-anos\/#primaryimage","url":"https:\/\/www.fsfx.com.br\/colegio-sao-francisco\/wp-content\/uploads\/sites\/10\/2022\/11\/1.png","contentUrl":"https:\/\/www.fsfx.com.br\/colegio-sao-francisco\/wp-content\/uploads\/sites\/10\/2022\/11\/1.png","width":861,"height":571},{"@type":"BreadcrumbList","@id":"https:\/\/www.fsfx.com.br\/colegio-sao-francisco\/voce-sabia-que-em-2022-o-csfx-completa-60-anos\/#breadcrumb","itemListElement":[{"@type":"ListItem","position":1,"name":"In\u00edcio","item":"https:\/\/www.fsfx.com.br\/colegio-sao-francisco\/"},{"@type":"ListItem","position":2,"name":"Voc\u00ea sabia que em 2022 o CSFX completa 60 anos?"}]},{"@type":"WebSite","@id":"https:\/\/www.fsfx.com.br\/colegio-sao-francisco\/#website","url":"https:\/\/www.fsfx.com.br\/colegio-sao-francisco\/","name":"Col\u00e9gio S\u00e3o Francisco Xavier","description":"","publisher":{"@id":"https:\/\/www.fsfx.com.br\/colegio-sao-francisco\/#organization"},"potentialAction":[{"@type":"SearchAction","target":{"@type":"EntryPoint","urlTemplate":"https:\/\/www.fsfx.com.br\/colegio-sao-francisco\/?s={search_term_string}"},"query-input":{"@type":"PropertyValueSpecification","valueRequired":true,"valueName":"search_term_string"}}],"inLanguage":"pt-BR"},{"@type":"Organization","@id":"https:\/\/www.fsfx.com.br\/colegio-sao-francisco\/#organization","name":"CSFX - Col\u00e9gio S\u00e3o Francisco Xavier","url":"https:\/\/www.fsfx.com.br\/colegio-sao-francisco\/","logo":{"@type":"ImageObject","inLanguage":"pt-BR","@id":"https:\/\/www.fsfx.com.br\/colegio-sao-francisco\/#\/schema\/logo\/image\/","url":"https:\/\/www.fsfx.com.br\/colegio-sao-francisco\/wp-content\/uploads\/sites\/10\/2020\/02\/logo.png","contentUrl":"https:\/\/www.fsfx.com.br\/colegio-sao-francisco\/wp-content\/uploads\/sites\/10\/2020\/02\/logo.png","width":175,"height":40,"caption":"CSFX - Col\u00e9gio S\u00e3o Francisco Xavier"},"image":{"@id":"https:\/\/www.fsfx.com.br\/colegio-sao-francisco\/#\/schema\/logo\/image\/"}},{"@type":"Person","@id":"https:\/\/www.fsfx.com.br\/colegio-sao-francisco\/#\/schema\/person\/a4a1db661b72e9e1faeca814a6cb0d2f","name":"tarcisiojunio","image":{"@type":"ImageObject","inLanguage":"pt-BR","@id":"https:\/\/www.fsfx.com.br\/colegio-sao-francisco\/#\/schema\/person\/image\/","url":"https:\/\/secure.gravatar.com\/avatar\/665e8ed608e37b42de49fffcb32ee5f22c68bd43864d2d3a7d6855c8a68734cb?s=96&d=mm&r=g","contentUrl":"https:\/\/secure.gravatar.com\/avatar\/665e8ed608e37b42de49fffcb32ee5f22c68bd43864d2d3a7d6855c8a68734cb?s=96&d=mm&r=g","caption":"tarcisiojunio"},"url":"https:\/\/www.fsfx.com.br\/colegio-sao-francisco\/author\/tarcisiojunio\/"}]}},"_links":{"self":[{"href":"https:\/\/www.fsfx.com.br\/colegio-sao-francisco\/wp-json\/wp\/v2\/posts\/7944","targetHints":{"allow":["GET"]}}],"collection":[{"href":"https:\/\/www.fsfx.com.br\/colegio-sao-francisco\/wp-json\/wp\/v2\/posts"}],"about":[{"href":"https:\/\/www.fsfx.com.br\/colegio-sao-francisco\/wp-json\/wp\/v2\/types\/post"}],"author":[{"embeddable":true,"href":"https:\/\/www.fsfx.com.br\/colegio-sao-francisco\/wp-json\/wp\/v2\/users\/17"}],"replies":[{"embeddable":true,"href":"https:\/\/www.fsfx.com.br\/colegio-sao-francisco\/wp-json\/wp\/v2\/comments?post=7944"}],"version-history":[{"count":0,"href":"https:\/\/www.fsfx.com.br\/colegio-sao-francisco\/wp-json\/wp\/v2\/posts\/7944\/revisions"}],"wp:featuredmedia":[{"embeddable":true,"href":"https:\/\/www.fsfx.com.br\/colegio-sao-francisco\/wp-json\/wp\/v2\/media\/7945"}],"wp:attachment":[{"href":"https:\/\/www.fsfx.com.br\/colegio-sao-francisco\/wp-json\/wp\/v2\/media?parent=7944"}],"wp:term":[{"taxonomy":"category","embeddable":true,"href":"https:\/\/www.fsfx.com.br\/colegio-sao-francisco\/wp-json\/wp\/v2\/categories?post=7944"},{"taxonomy":"post_tag","embeddable":true,"href":"https:\/\/www.fsfx.com.br\/colegio-sao-francisco\/wp-json\/wp\/v2\/tags?post=7944"}],"curies":[{"name":"wp","href":"https:\/\/api.w.org\/{rel}","templated":true}]}}