{"id":8001,"date":"2022-11-03T17:04:48","date_gmt":"2022-11-03T20:04:48","guid":{"rendered":"https:\/\/www.fsfx.com.br\/colegio-sao-francisco\/?p=8001"},"modified":"2022-11-03T17:04:48","modified_gmt":"2022-11-03T20:04:48","slug":"alunos-do-6o-e-7o-anos-iniciam-projeto-de-matematica-financeira","status":"publish","type":"post","link":"https:\/\/www.fsfx.com.br\/colegio-sao-francisco\/alunos-do-6o-e-7o-anos-iniciam-projeto-de-matematica-financeira\/","title":{"rendered":"Alunos do 6\u00ba e 7\u00ba anos iniciam projeto de Matem\u00e1tica Financeira."},"content":{"rendered":"<p>Na \u00faltima semana, a coordena\u00e7\u00e3o do Ensino Fundamental II reuniu com os pais e respons\u00e1veis pelos alunos do 6\u00ba e 7\u00ba anos para o lan\u00e7amento do projeto Matem\u00e1tica Financeira. O CSFX, em parceria com SICOOB-Vale do A\u00e7o, oportunizar\u00e1 aos alunos a abertura de uma conta poupan\u00e7a, contribuindo para um envolvimento em torno de uma contextualiza\u00e7\u00e3o com a realidade deles. Essa a\u00e7\u00e3o visa garantir autonomia de pensamentos, capacidade de tomar iniciativa e de desenvolver o pensamento cr\u00edtico, para viver em uma sociedade em constante e acelerado processo de crescimento e transforma\u00e7\u00e3o.<\/p>\n","protected":false},"excerpt":{"rendered":"<p>Na \u00faltima semana, a coordena\u00e7\u00e3o do Ensino Fundamental II reuniu com os pais e respons\u00e1veis pelos alunos do 6\u00ba e 7\u00ba anos para o lan\u00e7amento do projeto Matem\u00e1tica Financeira. O CSFX, em parceria com SICOOB-Vale do A\u00e7o, oportunizar\u00e1 aos alunos a abertura de uma conta poupan\u00e7a, contribuindo para um envolvimento em torno de uma contextualiza\u00e7\u00e3o [&hellip;]<\/p>\n","protected":false},"author":17,"featured_media":8002,"comment_status":"open","ping_status":"open","sticky":false,"template":"","format":"standard","meta":{"_acf_changed":false,"site-sidebar-layout":"default","site-content-layout":"","ast-site-content-layout":"default","site-content-style":"default","site-sidebar-style":"default","ast-global-header-display":"","ast-banner-title-visibility":"","ast-main-header-display":"","ast-hfb-above-header-display":"","ast-hfb-below-header-display":"","ast-hfb-mobile-header-display":"","site-post-title":"","ast-breadcrumbs-content":"","ast-featured-img":"","footer-sml-layout":"","theme-transparent-header-meta":"","adv-header-id-meta":"","stick-header-meta":"","header-above-stick-meta":"","header-main-stick-meta":"","header-below-stick-meta":"","astra-migrate-meta-layouts":"default","ast-page-background-enabled":"default","ast-page-background-meta":{"desktop":{"background-color":"var(--ast-global-color-4)","background-image":"","background-repeat":"repeat","background-position":"center center","background-size":"auto","background-attachment":"scroll","background-type":"","background-media":"","overlay-type":"","overlay-color":"","overlay-opacity":"","overlay-gradient":""},"tablet":{"background-color":"","background-image":"","background-repeat":"repeat","background-position":"center center","background-size":"auto","background-attachment":"scroll","background-type":"","background-media":"","overlay-type":"","overlay-color":"","overlay-opacity":"","overlay-gradient":""},"mobile":{"background-color":"","background-image":"","background-repeat":"repeat","background-position":"center center","background-size":"auto","background-attachment":"scroll","background-type":"","background-media":"","overlay-type":"","overlay-color":"","overlay-opacity":"","overlay-gradient":""}},"ast-content-background-meta":{"desktop":{"background-color":"var(--ast-global-color-5)","background-image":"","background-repeat":"repeat","background-position":"center center","background-size":"auto","background-attachment":"scroll","background-type":"","background-media":"","overlay-type":"","overlay-color":"","overlay-opacity":"","overlay-gradient":""},"tablet":{"background-color":"var(--ast-global-color-5)","background-image":"","background-repeat":"repeat","background-position":"center center","background-size":"auto","background-attachment":"scroll","background-type":"","background-media":"","overlay-type":"","overlay-color":"","overlay-opacity":"","overlay-gradient":""},"mobile":{"background-color":"var(--ast-global-color-5)","background-image":"","background-repeat":"repeat","background-position":"center center","background-size":"auto","background-attachment":"scroll","background-type":"","background-media":"","overlay-type":"","overlay-color":"","overlay-opacity":"","overlay-gradient":""}},"footnotes":""},"categories":[62],"tags":[],"class_list":["post-8001","post","type-post","status-publish","format-standard","has-post-thumbnail","hentry","category-ensino"],"acf":[],"yoast_head":"<!-- This site is optimized with the Yoast SEO plugin v26.9 - https:\/\/yoast.com\/product\/yoast-seo-wordpress\/ -->\n<title>Alunos do 6\u00ba e 7\u00ba anos iniciam projeto de Matem\u00e1tica Financeira. - Col\u00e9gio S\u00e3o Francisco Xavier<\/title>\n<meta name=\"robots\" content=\"index, follow, max-snippet:-1, max-image-preview:large, max-video-preview:-1\" \/>\n<link rel=\"canonical\" href=\"https:\/\/www.fsfx.com.br\/colegio-sao-francisco\/alunos-do-6o-e-7o-anos-iniciam-projeto-de-matematica-financeira\/\" \/>\n<meta property=\"og:locale\" content=\"pt_BR\" \/>\n<meta property=\"og:type\" content=\"article\" \/>\n<meta property=\"og:title\" content=\"Alunos do 6\u00ba e 7\u00ba anos iniciam projeto de Matem\u00e1tica Financeira. - Col\u00e9gio S\u00e3o Francisco Xavier\" \/>\n<meta property=\"og:description\" content=\"Na \u00faltima semana, a coordena\u00e7\u00e3o do Ensino Fundamental II reuniu com os pais e respons\u00e1veis pelos alunos do 6\u00ba e 7\u00ba anos para o lan\u00e7amento do projeto Matem\u00e1tica Financeira. O CSFX, em parceria com SICOOB-Vale do A\u00e7o, oportunizar\u00e1 aos alunos a abertura de uma conta poupan\u00e7a, contribuindo para um envolvimento em torno de uma contextualiza\u00e7\u00e3o [&hellip;]\" \/>\n<meta property=\"og:url\" content=\"https:\/\/www.fsfx.com.br\/colegio-sao-francisco\/alunos-do-6o-e-7o-anos-iniciam-projeto-de-matematica-financeira\/\" \/>\n<meta property=\"og:site_name\" content=\"Col\u00e9gio S\u00e3o Francisco Xavier\" \/>\n<meta property=\"article:published_time\" content=\"2022-11-03T20:04:48+00:00\" \/>\n<meta property=\"og:image\" content=\"https:\/\/www.fsfx.com.br\/colegio-sao-francisco\/wp-content\/uploads\/sites\/10\/2022\/11\/17.jpg\" \/>\n\t<meta property=\"og:image:width\" content=\"1280\" \/>\n\t<meta property=\"og:image:height\" content=\"957\" \/>\n\t<meta property=\"og:image:type\" content=\"image\/jpeg\" \/>\n<meta name=\"author\" content=\"tarcisiojunio\" \/>\n<meta name=\"twitter:card\" content=\"summary_large_image\" \/>\n<meta name=\"twitter:label1\" content=\"Escrito por\" \/>\n\t<meta name=\"twitter:data1\" content=\"tarcisiojunio\" \/>\n\t<meta name=\"twitter:label2\" content=\"Est. tempo de leitura\" \/>\n\t<meta name=\"twitter:data2\" content=\"1 minuto\" \/>\n<script type=\"application\/ld+json\" class=\"yoast-schema-graph\">{\"@context\":\"https:\/\/schema.org\",\"@graph\":[{\"@type\":\"Article\",\"@id\":\"https:\/\/www.fsfx.com.br\/colegio-sao-francisco\/alunos-do-6o-e-7o-anos-iniciam-projeto-de-matematica-financeira\/#article\",\"isPartOf\":{\"@id\":\"https:\/\/www.fsfx.com.br\/colegio-sao-francisco\/alunos-do-6o-e-7o-anos-iniciam-projeto-de-matematica-financeira\/\"},\"author\":{\"name\":\"tarcisiojunio\",\"@id\":\"https:\/\/www.fsfx.com.br\/colegio-sao-francisco\/#\/schema\/person\/a4a1db661b72e9e1faeca814a6cb0d2f\"},\"headline\":\"Alunos do 6\u00ba e 7\u00ba anos iniciam projeto de Matem\u00e1tica Financeira.\",\"datePublished\":\"2022-11-03T20:04:48+00:00\",\"mainEntityOfPage\":{\"@id\":\"https:\/\/www.fsfx.com.br\/colegio-sao-francisco\/alunos-do-6o-e-7o-anos-iniciam-projeto-de-matematica-financeira\/\"},\"wordCount\":108,\"commentCount\":0,\"publisher\":{\"@id\":\"https:\/\/www.fsfx.com.br\/colegio-sao-francisco\/#organization\"},\"image\":{\"@id\":\"https:\/\/www.fsfx.com.br\/colegio-sao-francisco\/alunos-do-6o-e-7o-anos-iniciam-projeto-de-matematica-financeira\/#primaryimage\"},\"thumbnailUrl\":\"https:\/\/www.fsfx.com.br\/colegio-sao-francisco\/wp-content\/uploads\/sites\/10\/2022\/11\/17.jpg\",\"articleSection\":[\"Ensino\"],\"inLanguage\":\"pt-BR\",\"potentialAction\":[{\"@type\":\"CommentAction\",\"name\":\"Comment\",\"target\":[\"https:\/\/www.fsfx.com.br\/colegio-sao-francisco\/alunos-do-6o-e-7o-anos-iniciam-projeto-de-matematica-financeira\/#respond\"]}]},{\"@type\":\"WebPage\",\"@id\":\"https:\/\/www.fsfx.com.br\/colegio-sao-francisco\/alunos-do-6o-e-7o-anos-iniciam-projeto-de-matematica-financeira\/\",\"url\":\"https:\/\/www.fsfx.com.br\/colegio-sao-francisco\/alunos-do-6o-e-7o-anos-iniciam-projeto-de-matematica-financeira\/\",\"name\":\"Alunos do 6\u00ba e 7\u00ba anos iniciam projeto de Matem\u00e1tica Financeira. - Col\u00e9gio S\u00e3o Francisco Xavier\",\"isPartOf\":{\"@id\":\"https:\/\/www.fsfx.com.br\/colegio-sao-francisco\/#website\"},\"primaryImageOfPage\":{\"@id\":\"https:\/\/www.fsfx.com.br\/colegio-sao-francisco\/alunos-do-6o-e-7o-anos-iniciam-projeto-de-matematica-financeira\/#primaryimage\"},\"image\":{\"@id\":\"https:\/\/www.fsfx.com.br\/colegio-sao-francisco\/alunos-do-6o-e-7o-anos-iniciam-projeto-de-matematica-financeira\/#primaryimage\"},\"thumbnailUrl\":\"https:\/\/www.fsfx.com.br\/colegio-sao-francisco\/wp-content\/uploads\/sites\/10\/2022\/11\/17.jpg\",\"datePublished\":\"2022-11-03T20:04:48+00:00\",\"breadcrumb\":{\"@id\":\"https:\/\/www.fsfx.com.br\/colegio-sao-francisco\/alunos-do-6o-e-7o-anos-iniciam-projeto-de-matematica-financeira\/#breadcrumb\"},\"inLanguage\":\"pt-BR\",\"potentialAction\":[{\"@type\":\"ReadAction\",\"target\":[\"https:\/\/www.fsfx.com.br\/colegio-sao-francisco\/alunos-do-6o-e-7o-anos-iniciam-projeto-de-matematica-financeira\/\"]}]},{\"@type\":\"ImageObject\",\"inLanguage\":\"pt-BR\",\"@id\":\"https:\/\/www.fsfx.com.br\/colegio-sao-francisco\/alunos-do-6o-e-7o-anos-iniciam-projeto-de-matematica-financeira\/#primaryimage\",\"url\":\"https:\/\/www.fsfx.com.br\/colegio-sao-francisco\/wp-content\/uploads\/sites\/10\/2022\/11\/17.jpg\",\"contentUrl\":\"https:\/\/www.fsfx.com.br\/colegio-sao-francisco\/wp-content\/uploads\/sites\/10\/2022\/11\/17.jpg\",\"width\":1280,\"height\":957},{\"@type\":\"BreadcrumbList\",\"@id\":\"https:\/\/www.fsfx.com.br\/colegio-sao-francisco\/alunos-do-6o-e-7o-anos-iniciam-projeto-de-matematica-financeira\/#breadcrumb\",\"itemListElement\":[{\"@type\":\"ListItem\",\"position\":1,\"name\":\"In\u00edcio\",\"item\":\"https:\/\/www.fsfx.com.br\/colegio-sao-francisco\/\"},{\"@type\":\"ListItem\",\"position\":2,\"name\":\"Alunos do 6\u00ba e 7\u00ba anos iniciam projeto de Matem\u00e1tica Financeira.\"}]},{\"@type\":\"WebSite\",\"@id\":\"https:\/\/www.fsfx.com.br\/colegio-sao-francisco\/#website\",\"url\":\"https:\/\/www.fsfx.com.br\/colegio-sao-francisco\/\",\"name\":\"Col\u00e9gio S\u00e3o Francisco Xavier\",\"description\":\"\",\"publisher\":{\"@id\":\"https:\/\/www.fsfx.com.br\/colegio-sao-francisco\/#organization\"},\"potentialAction\":[{\"@type\":\"SearchAction\",\"target\":{\"@type\":\"EntryPoint\",\"urlTemplate\":\"https:\/\/www.fsfx.com.br\/colegio-sao-francisco\/?s={search_term_string}\"},\"query-input\":{\"@type\":\"PropertyValueSpecification\",\"valueRequired\":true,\"valueName\":\"search_term_string\"}}],\"inLanguage\":\"pt-BR\"},{\"@type\":\"Organization\",\"@id\":\"https:\/\/www.fsfx.com.br\/colegio-sao-francisco\/#organization\",\"name\":\"CSFX - Col\u00e9gio S\u00e3o Francisco Xavier\",\"url\":\"https:\/\/www.fsfx.com.br\/colegio-sao-francisco\/\",\"logo\":{\"@type\":\"ImageObject\",\"inLanguage\":\"pt-BR\",\"@id\":\"https:\/\/www.fsfx.com.br\/colegio-sao-francisco\/#\/schema\/logo\/image\/\",\"url\":\"https:\/\/www.fsfx.com.br\/colegio-sao-francisco\/wp-content\/uploads\/sites\/10\/2020\/02\/logo.png\",\"contentUrl\":\"https:\/\/www.fsfx.com.br\/colegio-sao-francisco\/wp-content\/uploads\/sites\/10\/2020\/02\/logo.png\",\"width\":175,\"height\":40,\"caption\":\"CSFX - Col\u00e9gio S\u00e3o Francisco Xavier\"},\"image\":{\"@id\":\"https:\/\/www.fsfx.com.br\/colegio-sao-francisco\/#\/schema\/logo\/image\/\"}},{\"@type\":\"Person\",\"@id\":\"https:\/\/www.fsfx.com.br\/colegio-sao-francisco\/#\/schema\/person\/a4a1db661b72e9e1faeca814a6cb0d2f\",\"name\":\"tarcisiojunio\",\"image\":{\"@type\":\"ImageObject\",\"inLanguage\":\"pt-BR\",\"@id\":\"https:\/\/www.fsfx.com.br\/colegio-sao-francisco\/#\/schema\/person\/image\/\",\"url\":\"https:\/\/secure.gravatar.com\/avatar\/665e8ed608e37b42de49fffcb32ee5f22c68bd43864d2d3a7d6855c8a68734cb?s=96&d=mm&r=g\",\"contentUrl\":\"https:\/\/secure.gravatar.com\/avatar\/665e8ed608e37b42de49fffcb32ee5f22c68bd43864d2d3a7d6855c8a68734cb?s=96&d=mm&r=g\",\"caption\":\"tarcisiojunio\"},\"url\":\"https:\/\/www.fsfx.com.br\/colegio-sao-francisco\/author\/tarcisiojunio\/\"}]}<\/script>\n<!-- \/ Yoast SEO plugin. -->","yoast_head_json":{"title":"Alunos do 6\u00ba e 7\u00ba anos iniciam projeto de Matem\u00e1tica Financeira. - Col\u00e9gio S\u00e3o Francisco Xavier","robots":{"index":"index","follow":"follow","max-snippet":"max-snippet:-1","max-image-preview":"max-image-preview:large","max-video-preview":"max-video-preview:-1"},"canonical":"https:\/\/www.fsfx.com.br\/colegio-sao-francisco\/alunos-do-6o-e-7o-anos-iniciam-projeto-de-matematica-financeira\/","og_locale":"pt_BR","og_type":"article","og_title":"Alunos do 6\u00ba e 7\u00ba anos iniciam projeto de Matem\u00e1tica Financeira. - Col\u00e9gio S\u00e3o Francisco Xavier","og_description":"Na \u00faltima semana, a coordena\u00e7\u00e3o do Ensino Fundamental II reuniu com os pais e respons\u00e1veis pelos alunos do 6\u00ba e 7\u00ba anos para o lan\u00e7amento do projeto Matem\u00e1tica Financeira. O CSFX, em parceria com SICOOB-Vale do A\u00e7o, oportunizar\u00e1 aos alunos a abertura de uma conta poupan\u00e7a, contribuindo para um envolvimento em torno de uma contextualiza\u00e7\u00e3o [&hellip;]","og_url":"https:\/\/www.fsfx.com.br\/colegio-sao-francisco\/alunos-do-6o-e-7o-anos-iniciam-projeto-de-matematica-financeira\/","og_site_name":"Col\u00e9gio S\u00e3o Francisco Xavier","article_published_time":"2022-11-03T20:04:48+00:00","og_image":[{"width":1280,"height":957,"url":"https:\/\/www.fsfx.com.br\/colegio-sao-francisco\/wp-content\/uploads\/sites\/10\/2022\/11\/17.jpg","type":"image\/jpeg"}],"author":"tarcisiojunio","twitter_card":"summary_large_image","twitter_misc":{"Escrito por":"tarcisiojunio","Est. tempo de leitura":"1 minuto"},"schema":{"@context":"https:\/\/schema.org","@graph":[{"@type":"Article","@id":"https:\/\/www.fsfx.com.br\/colegio-sao-francisco\/alunos-do-6o-e-7o-anos-iniciam-projeto-de-matematica-financeira\/#article","isPartOf":{"@id":"https:\/\/www.fsfx.com.br\/colegio-sao-francisco\/alunos-do-6o-e-7o-anos-iniciam-projeto-de-matematica-financeira\/"},"author":{"name":"tarcisiojunio","@id":"https:\/\/www.fsfx.com.br\/colegio-sao-francisco\/#\/schema\/person\/a4a1db661b72e9e1faeca814a6cb0d2f"},"headline":"Alunos do 6\u00ba e 7\u00ba anos iniciam projeto de Matem\u00e1tica Financeira.","datePublished":"2022-11-03T20:04:48+00:00","mainEntityOfPage":{"@id":"https:\/\/www.fsfx.com.br\/colegio-sao-francisco\/alunos-do-6o-e-7o-anos-iniciam-projeto-de-matematica-financeira\/"},"wordCount":108,"commentCount":0,"publisher":{"@id":"https:\/\/www.fsfx.com.br\/colegio-sao-francisco\/#organization"},"image":{"@id":"https:\/\/www.fsfx.com.br\/colegio-sao-francisco\/alunos-do-6o-e-7o-anos-iniciam-projeto-de-matematica-financeira\/#primaryimage"},"thumbnailUrl":"https:\/\/www.fsfx.com.br\/colegio-sao-francisco\/wp-content\/uploads\/sites\/10\/2022\/11\/17.jpg","articleSection":["Ensino"],"inLanguage":"pt-BR","potentialAction":[{"@type":"CommentAction","name":"Comment","target":["https:\/\/www.fsfx.com.br\/colegio-sao-francisco\/alunos-do-6o-e-7o-anos-iniciam-projeto-de-matematica-financeira\/#respond"]}]},{"@type":"WebPage","@id":"https:\/\/www.fsfx.com.br\/colegio-sao-francisco\/alunos-do-6o-e-7o-anos-iniciam-projeto-de-matematica-financeira\/","url":"https:\/\/www.fsfx.com.br\/colegio-sao-francisco\/alunos-do-6o-e-7o-anos-iniciam-projeto-de-matematica-financeira\/","name":"Alunos do 6\u00ba e 7\u00ba anos iniciam projeto de Matem\u00e1tica Financeira. - Col\u00e9gio S\u00e3o Francisco Xavier","isPartOf":{"@id":"https:\/\/www.fsfx.com.br\/colegio-sao-francisco\/#website"},"primaryImageOfPage":{"@id":"https:\/\/www.fsfx.com.br\/colegio-sao-francisco\/alunos-do-6o-e-7o-anos-iniciam-projeto-de-matematica-financeira\/#primaryimage"},"image":{"@id":"https:\/\/www.fsfx.com.br\/colegio-sao-francisco\/alunos-do-6o-e-7o-anos-iniciam-projeto-de-matematica-financeira\/#primaryimage"},"thumbnailUrl":"https:\/\/www.fsfx.com.br\/colegio-sao-francisco\/wp-content\/uploads\/sites\/10\/2022\/11\/17.jpg","datePublished":"2022-11-03T20:04:48+00:00","breadcrumb":{"@id":"https:\/\/www.fsfx.com.br\/colegio-sao-francisco\/alunos-do-6o-e-7o-anos-iniciam-projeto-de-matematica-financeira\/#breadcrumb"},"inLanguage":"pt-BR","potentialAction":[{"@type":"ReadAction","target":["https:\/\/www.fsfx.com.br\/colegio-sao-francisco\/alunos-do-6o-e-7o-anos-iniciam-projeto-de-matematica-financeira\/"]}]},{"@type":"ImageObject","inLanguage":"pt-BR","@id":"https:\/\/www.fsfx.com.br\/colegio-sao-francisco\/alunos-do-6o-e-7o-anos-iniciam-projeto-de-matematica-financeira\/#primaryimage","url":"https:\/\/www.fsfx.com.br\/colegio-sao-francisco\/wp-content\/uploads\/sites\/10\/2022\/11\/17.jpg","contentUrl":"https:\/\/www.fsfx.com.br\/colegio-sao-francisco\/wp-content\/uploads\/sites\/10\/2022\/11\/17.jpg","width":1280,"height":957},{"@type":"BreadcrumbList","@id":"https:\/\/www.fsfx.com.br\/colegio-sao-francisco\/alunos-do-6o-e-7o-anos-iniciam-projeto-de-matematica-financeira\/#breadcrumb","itemListElement":[{"@type":"ListItem","position":1,"name":"In\u00edcio","item":"https:\/\/www.fsfx.com.br\/colegio-sao-francisco\/"},{"@type":"ListItem","position":2,"name":"Alunos do 6\u00ba e 7\u00ba anos iniciam projeto de Matem\u00e1tica Financeira."}]},{"@type":"WebSite","@id":"https:\/\/www.fsfx.com.br\/colegio-sao-francisco\/#website","url":"https:\/\/www.fsfx.com.br\/colegio-sao-francisco\/","name":"Col\u00e9gio S\u00e3o Francisco Xavier","description":"","publisher":{"@id":"https:\/\/www.fsfx.com.br\/colegio-sao-francisco\/#organization"},"potentialAction":[{"@type":"SearchAction","target":{"@type":"EntryPoint","urlTemplate":"https:\/\/www.fsfx.com.br\/colegio-sao-francisco\/?s={search_term_string}"},"query-input":{"@type":"PropertyValueSpecification","valueRequired":true,"valueName":"search_term_string"}}],"inLanguage":"pt-BR"},{"@type":"Organization","@id":"https:\/\/www.fsfx.com.br\/colegio-sao-francisco\/#organization","name":"CSFX - Col\u00e9gio S\u00e3o Francisco Xavier","url":"https:\/\/www.fsfx.com.br\/colegio-sao-francisco\/","logo":{"@type":"ImageObject","inLanguage":"pt-BR","@id":"https:\/\/www.fsfx.com.br\/colegio-sao-francisco\/#\/schema\/logo\/image\/","url":"https:\/\/www.fsfx.com.br\/colegio-sao-francisco\/wp-content\/uploads\/sites\/10\/2020\/02\/logo.png","contentUrl":"https:\/\/www.fsfx.com.br\/colegio-sao-francisco\/wp-content\/uploads\/sites\/10\/2020\/02\/logo.png","width":175,"height":40,"caption":"CSFX - Col\u00e9gio S\u00e3o Francisco Xavier"},"image":{"@id":"https:\/\/www.fsfx.com.br\/colegio-sao-francisco\/#\/schema\/logo\/image\/"}},{"@type":"Person","@id":"https:\/\/www.fsfx.com.br\/colegio-sao-francisco\/#\/schema\/person\/a4a1db661b72e9e1faeca814a6cb0d2f","name":"tarcisiojunio","image":{"@type":"ImageObject","inLanguage":"pt-BR","@id":"https:\/\/www.fsfx.com.br\/colegio-sao-francisco\/#\/schema\/person\/image\/","url":"https:\/\/secure.gravatar.com\/avatar\/665e8ed608e37b42de49fffcb32ee5f22c68bd43864d2d3a7d6855c8a68734cb?s=96&d=mm&r=g","contentUrl":"https:\/\/secure.gravatar.com\/avatar\/665e8ed608e37b42de49fffcb32ee5f22c68bd43864d2d3a7d6855c8a68734cb?s=96&d=mm&r=g","caption":"tarcisiojunio"},"url":"https:\/\/www.fsfx.com.br\/colegio-sao-francisco\/author\/tarcisiojunio\/"}]}},"_links":{"self":[{"href":"https:\/\/www.fsfx.com.br\/colegio-sao-francisco\/wp-json\/wp\/v2\/posts\/8001","targetHints":{"allow":["GET"]}}],"collection":[{"href":"https:\/\/www.fsfx.com.br\/colegio-sao-francisco\/wp-json\/wp\/v2\/posts"}],"about":[{"href":"https:\/\/www.fsfx.com.br\/colegio-sao-francisco\/wp-json\/wp\/v2\/types\/post"}],"author":[{"embeddable":true,"href":"https:\/\/www.fsfx.com.br\/colegio-sao-francisco\/wp-json\/wp\/v2\/users\/17"}],"replies":[{"embeddable":true,"href":"https:\/\/www.fsfx.com.br\/colegio-sao-francisco\/wp-json\/wp\/v2\/comments?post=8001"}],"version-history":[{"count":0,"href":"https:\/\/www.fsfx.com.br\/colegio-sao-francisco\/wp-json\/wp\/v2\/posts\/8001\/revisions"}],"wp:featuredmedia":[{"embeddable":true,"href":"https:\/\/www.fsfx.com.br\/colegio-sao-francisco\/wp-json\/wp\/v2\/media\/8002"}],"wp:attachment":[{"href":"https:\/\/www.fsfx.com.br\/colegio-sao-francisco\/wp-json\/wp\/v2\/media?parent=8001"}],"wp:term":[{"taxonomy":"category","embeddable":true,"href":"https:\/\/www.fsfx.com.br\/colegio-sao-francisco\/wp-json\/wp\/v2\/categories?post=8001"},{"taxonomy":"post_tag","embeddable":true,"href":"https:\/\/www.fsfx.com.br\/colegio-sao-francisco\/wp-json\/wp\/v2\/tags?post=8001"}],"curies":[{"name":"wp","href":"https:\/\/api.w.org\/{rel}","templated":true}]}}