{"id":8644,"date":"2022-11-29T16:19:06","date_gmt":"2022-11-29T19:19:06","guid":{"rendered":"https:\/\/www.fsfx.com.br\/colegio-sao-francisco\/?p=8644"},"modified":"2022-11-29T16:19:06","modified_gmt":"2022-11-29T19:19:06","slug":"csfx-e-bernoulli-juntos-pela-educacao","status":"publish","type":"post","link":"https:\/\/www.fsfx.com.br\/colegio-sao-francisco\/csfx-e-bernoulli-juntos-pela-educacao\/","title":{"rendered":"CSFX e Bernoulli, juntos pela educa\u00e7\u00e3o!"},"content":{"rendered":"<p>No ano do seu sexag\u00e9simo anivers\u00e1rio, o Col\u00e9gio S\u00e3o Francisco Xavier mostrou, mais uma vez, que tradi\u00e7\u00e3o e inova\u00e7\u00e3o est\u00e3o em sintonia. Reunindo toda a comunidade Sanfranciscana, nos dias 14 e 15 de setembro, no Teatro do Centro Cultural Usiminas, em Ipatinga, o pioneiro col\u00e9gio do Vale do A\u00e7o, anunciou em primeira m\u00e3o, aos pais e \u00e0 imprensa, a mudan\u00e7a em sua metodologia pedag\u00f3gica para 2023, a partir da parceria com o Bernoulli Sistema de Ensino. A novidade agregar\u00e1 mais qualidade, efici\u00eancia e novas possibilidades de aprendizagem \u00e0 experi\u00eancia educacional ofertada aos alunos. <\/p>\n<p>O comunicado contou com a participa\u00e7\u00e3o da Assessora de Relacionamento e Mercado do Bernoulli, Helo\u00edsa Helena Baldo e do Fundador e Copresidente do Bernoulli, Professor Rommel Fernandes Domingos, que discursaram sobre os caminhos da educa\u00e7\u00e3o e sobre o valor dessa parceria para comunidade Sanfranciscana, enaltecendo a for\u00e7a do Col\u00e9gio S\u00e3o Francisco Xavier e a tradi\u00e7\u00e3o da institui\u00e7\u00e3o. Tamb\u00e9m presente no encontro, a Diretora administrativo-financeiro da FSFX, Fl\u00e1via Pereira Resende Braga, ressaltou que a chegada do grupo Bernoulli refor\u00e7a ainda mais os valores da Funda\u00e7\u00e3o Educacional S\u00e3o Francisco Xavier. <\/p>\n<p>\u201cTemos uma busca incessante pela qualidade do ensino, pela vontade de estar sempre aprendendo e inovando, por isso, \u00e9 com muito orgulho que anunciamos a parceria dessas Institui\u00e7\u00f5es, refer\u00eancias no ensino. Uni\u00e3o que vai trilhar um caminho de muito conhecimento e sucesso para todos!\u201d Atualmente, em todo pa\u00eds, mais de 220 mil alunos s\u00e3o beneficiados com a metodologia de ensino do Bernoulli, aplicada em mais 720 escolas parceiras. Ensino que \u00e9 destaque em aprova\u00e7\u00f5es no Exame Nacional do Ensino M\u00e9dio, no ranking de desempenho do Enem, entre as 50 melhores institui\u00e7\u00f5es de ensino no Brasil, 10 usam o m\u00e9todo pedag\u00f3gico do Bernoulli.<\/p>\n","protected":false},"excerpt":{"rendered":"<p>No ano do seu sexag\u00e9simo anivers\u00e1rio, o Col\u00e9gio S\u00e3o Francisco Xavier mostrou, mais uma vez, que tradi\u00e7\u00e3o e inova\u00e7\u00e3o est\u00e3o em sintonia. Reunindo toda a comunidade Sanfranciscana, nos dias 14 e 15 de setembro, no Teatro do Centro Cultural Usiminas, em Ipatinga, o pioneiro col\u00e9gio do Vale do A\u00e7o, anunciou em primeira m\u00e3o, aos pais [&hellip;]<\/p>\n","protected":false},"author":17,"featured_media":8645,"comment_status":"open","ping_status":"open","sticky":false,"template":"","format":"standard","meta":{"_acf_changed":false,"site-sidebar-layout":"default","site-content-layout":"","ast-site-content-layout":"default","site-content-style":"default","site-sidebar-style":"default","ast-global-header-display":"","ast-banner-title-visibility":"","ast-main-header-display":"","ast-hfb-above-header-display":"","ast-hfb-below-header-display":"","ast-hfb-mobile-header-display":"","site-post-title":"","ast-breadcrumbs-content":"","ast-featured-img":"","footer-sml-layout":"","theme-transparent-header-meta":"","adv-header-id-meta":"","stick-header-meta":"","header-above-stick-meta":"","header-main-stick-meta":"","header-below-stick-meta":"","astra-migrate-meta-layouts":"default","ast-page-background-enabled":"default","ast-page-background-meta":{"desktop":{"background-color":"var(--ast-global-color-4)","background-image":"","background-repeat":"repeat","background-position":"center center","background-size":"auto","background-attachment":"scroll","background-type":"","background-media":"","overlay-type":"","overlay-color":"","overlay-opacity":"","overlay-gradient":""},"tablet":{"background-color":"","background-image":"","background-repeat":"repeat","background-position":"center center","background-size":"auto","background-attachment":"scroll","background-type":"","background-media":"","overlay-type":"","overlay-color":"","overlay-opacity":"","overlay-gradient":""},"mobile":{"background-color":"","background-image":"","background-repeat":"repeat","background-position":"center center","background-size":"auto","background-attachment":"scroll","background-type":"","background-media":"","overlay-type":"","overlay-color":"","overlay-opacity":"","overlay-gradient":""}},"ast-content-background-meta":{"desktop":{"background-color":"var(--ast-global-color-5)","background-image":"","background-repeat":"repeat","background-position":"center center","background-size":"auto","background-attachment":"scroll","background-type":"","background-media":"","overlay-type":"","overlay-color":"","overlay-opacity":"","overlay-gradient":""},"tablet":{"background-color":"var(--ast-global-color-5)","background-image":"","background-repeat":"repeat","background-position":"center center","background-size":"auto","background-attachment":"scroll","background-type":"","background-media":"","overlay-type":"","overlay-color":"","overlay-opacity":"","overlay-gradient":""},"mobile":{"background-color":"var(--ast-global-color-5)","background-image":"","background-repeat":"repeat","background-position":"center center","background-size":"auto","background-attachment":"scroll","background-type":"","background-media":"","overlay-type":"","overlay-color":"","overlay-opacity":"","overlay-gradient":""}},"footnotes":""},"categories":[65],"tags":[],"class_list":["post-8644","post","type-post","status-publish","format-standard","has-post-thumbnail","hentry","category-acontece-no-csfx"],"acf":[],"yoast_head":"<!-- This site is optimized with the Yoast SEO plugin v26.9 - https:\/\/yoast.com\/product\/yoast-seo-wordpress\/ -->\n<title>CSFX e Bernoulli, juntos pela educa\u00e7\u00e3o! - Col\u00e9gio S\u00e3o Francisco Xavier<\/title>\n<meta name=\"robots\" content=\"index, follow, max-snippet:-1, max-image-preview:large, max-video-preview:-1\" \/>\n<link rel=\"canonical\" href=\"https:\/\/www.fsfx.com.br\/colegio-sao-francisco\/csfx-e-bernoulli-juntos-pela-educacao\/\" \/>\n<meta property=\"og:locale\" content=\"pt_BR\" \/>\n<meta property=\"og:type\" content=\"article\" \/>\n<meta property=\"og:title\" content=\"CSFX e Bernoulli, juntos pela educa\u00e7\u00e3o! - Col\u00e9gio S\u00e3o Francisco Xavier\" \/>\n<meta property=\"og:description\" content=\"No ano do seu sexag\u00e9simo anivers\u00e1rio, o Col\u00e9gio S\u00e3o Francisco Xavier mostrou, mais uma vez, que tradi\u00e7\u00e3o e inova\u00e7\u00e3o est\u00e3o em sintonia. Reunindo toda a comunidade Sanfranciscana, nos dias 14 e 15 de setembro, no Teatro do Centro Cultural Usiminas, em Ipatinga, o pioneiro col\u00e9gio do Vale do A\u00e7o, anunciou em primeira m\u00e3o, aos pais [&hellip;]\" \/>\n<meta property=\"og:url\" content=\"https:\/\/www.fsfx.com.br\/colegio-sao-francisco\/csfx-e-bernoulli-juntos-pela-educacao\/\" \/>\n<meta property=\"og:site_name\" content=\"Col\u00e9gio S\u00e3o Francisco Xavier\" \/>\n<meta property=\"article:published_time\" content=\"2022-11-29T19:19:06+00:00\" \/>\n<meta property=\"og:image\" content=\"https:\/\/www.fsfx.com.br\/colegio-sao-francisco\/wp-content\/uploads\/sites\/10\/2022\/11\/IMG_8279-scaled.jpg\" \/>\n\t<meta property=\"og:image:width\" content=\"2560\" \/>\n\t<meta property=\"og:image:height\" content=\"1920\" \/>\n\t<meta property=\"og:image:type\" content=\"image\/jpeg\" \/>\n<meta name=\"author\" content=\"tarcisiojunio\" \/>\n<meta name=\"twitter:card\" content=\"summary_large_image\" \/>\n<meta name=\"twitter:label1\" content=\"Escrito por\" \/>\n\t<meta name=\"twitter:data1\" content=\"tarcisiojunio\" \/>\n<script type=\"application\/ld+json\" class=\"yoast-schema-graph\">{\"@context\":\"https:\/\/schema.org\",\"@graph\":[{\"@type\":\"Article\",\"@id\":\"https:\/\/www.fsfx.com.br\/colegio-sao-francisco\/csfx-e-bernoulli-juntos-pela-educacao\/#article\",\"isPartOf\":{\"@id\":\"https:\/\/www.fsfx.com.br\/colegio-sao-francisco\/csfx-e-bernoulli-juntos-pela-educacao\/\"},\"author\":{\"name\":\"tarcisiojunio\",\"@id\":\"https:\/\/www.fsfx.com.br\/colegio-sao-francisco\/#\/schema\/person\/a4a1db661b72e9e1faeca814a6cb0d2f\"},\"headline\":\"CSFX e Bernoulli, juntos pela educa\u00e7\u00e3o!\",\"datePublished\":\"2022-11-29T19:19:06+00:00\",\"mainEntityOfPage\":{\"@id\":\"https:\/\/www.fsfx.com.br\/colegio-sao-francisco\/csfx-e-bernoulli-juntos-pela-educacao\/\"},\"wordCount\":316,\"commentCount\":0,\"publisher\":{\"@id\":\"https:\/\/www.fsfx.com.br\/colegio-sao-francisco\/#organization\"},\"image\":{\"@id\":\"https:\/\/www.fsfx.com.br\/colegio-sao-francisco\/csfx-e-bernoulli-juntos-pela-educacao\/#primaryimage\"},\"thumbnailUrl\":\"https:\/\/www.fsfx.com.br\/colegio-sao-francisco\/wp-content\/uploads\/sites\/10\/2022\/11\/IMG_8279-scaled.jpg\",\"articleSection\":[\"Acontece no CSFX\"],\"inLanguage\":\"pt-BR\",\"potentialAction\":[{\"@type\":\"CommentAction\",\"name\":\"Comment\",\"target\":[\"https:\/\/www.fsfx.com.br\/colegio-sao-francisco\/csfx-e-bernoulli-juntos-pela-educacao\/#respond\"]}]},{\"@type\":\"WebPage\",\"@id\":\"https:\/\/www.fsfx.com.br\/colegio-sao-francisco\/csfx-e-bernoulli-juntos-pela-educacao\/\",\"url\":\"https:\/\/www.fsfx.com.br\/colegio-sao-francisco\/csfx-e-bernoulli-juntos-pela-educacao\/\",\"name\":\"CSFX e Bernoulli, juntos pela educa\u00e7\u00e3o! - Col\u00e9gio S\u00e3o Francisco Xavier\",\"isPartOf\":{\"@id\":\"https:\/\/www.fsfx.com.br\/colegio-sao-francisco\/#website\"},\"primaryImageOfPage\":{\"@id\":\"https:\/\/www.fsfx.com.br\/colegio-sao-francisco\/csfx-e-bernoulli-juntos-pela-educacao\/#primaryimage\"},\"image\":{\"@id\":\"https:\/\/www.fsfx.com.br\/colegio-sao-francisco\/csfx-e-bernoulli-juntos-pela-educacao\/#primaryimage\"},\"thumbnailUrl\":\"https:\/\/www.fsfx.com.br\/colegio-sao-francisco\/wp-content\/uploads\/sites\/10\/2022\/11\/IMG_8279-scaled.jpg\",\"datePublished\":\"2022-11-29T19:19:06+00:00\",\"breadcrumb\":{\"@id\":\"https:\/\/www.fsfx.com.br\/colegio-sao-francisco\/csfx-e-bernoulli-juntos-pela-educacao\/#breadcrumb\"},\"inLanguage\":\"pt-BR\",\"potentialAction\":[{\"@type\":\"ReadAction\",\"target\":[\"https:\/\/www.fsfx.com.br\/colegio-sao-francisco\/csfx-e-bernoulli-juntos-pela-educacao\/\"]}]},{\"@type\":\"ImageObject\",\"inLanguage\":\"pt-BR\",\"@id\":\"https:\/\/www.fsfx.com.br\/colegio-sao-francisco\/csfx-e-bernoulli-juntos-pela-educacao\/#primaryimage\",\"url\":\"https:\/\/www.fsfx.com.br\/colegio-sao-francisco\/wp-content\/uploads\/sites\/10\/2022\/11\/IMG_8279-scaled.jpg\",\"contentUrl\":\"https:\/\/www.fsfx.com.br\/colegio-sao-francisco\/wp-content\/uploads\/sites\/10\/2022\/11\/IMG_8279-scaled.jpg\",\"width\":2560,\"height\":1920},{\"@type\":\"BreadcrumbList\",\"@id\":\"https:\/\/www.fsfx.com.br\/colegio-sao-francisco\/csfx-e-bernoulli-juntos-pela-educacao\/#breadcrumb\",\"itemListElement\":[{\"@type\":\"ListItem\",\"position\":1,\"name\":\"In\u00edcio\",\"item\":\"https:\/\/www.fsfx.com.br\/colegio-sao-francisco\/\"},{\"@type\":\"ListItem\",\"position\":2,\"name\":\"CSFX e Bernoulli, juntos pela educa\u00e7\u00e3o!\"}]},{\"@type\":\"WebSite\",\"@id\":\"https:\/\/www.fsfx.com.br\/colegio-sao-francisco\/#website\",\"url\":\"https:\/\/www.fsfx.com.br\/colegio-sao-francisco\/\",\"name\":\"Col\u00e9gio S\u00e3o Francisco Xavier\",\"description\":\"\",\"publisher\":{\"@id\":\"https:\/\/www.fsfx.com.br\/colegio-sao-francisco\/#organization\"},\"potentialAction\":[{\"@type\":\"SearchAction\",\"target\":{\"@type\":\"EntryPoint\",\"urlTemplate\":\"https:\/\/www.fsfx.com.br\/colegio-sao-francisco\/?s={search_term_string}\"},\"query-input\":{\"@type\":\"PropertyValueSpecification\",\"valueRequired\":true,\"valueName\":\"search_term_string\"}}],\"inLanguage\":\"pt-BR\"},{\"@type\":\"Organization\",\"@id\":\"https:\/\/www.fsfx.com.br\/colegio-sao-francisco\/#organization\",\"name\":\"CSFX - Col\u00e9gio S\u00e3o Francisco Xavier\",\"url\":\"https:\/\/www.fsfx.com.br\/colegio-sao-francisco\/\",\"logo\":{\"@type\":\"ImageObject\",\"inLanguage\":\"pt-BR\",\"@id\":\"https:\/\/www.fsfx.com.br\/colegio-sao-francisco\/#\/schema\/logo\/image\/\",\"url\":\"https:\/\/www.fsfx.com.br\/colegio-sao-francisco\/wp-content\/uploads\/sites\/10\/2020\/02\/logo.png\",\"contentUrl\":\"https:\/\/www.fsfx.com.br\/colegio-sao-francisco\/wp-content\/uploads\/sites\/10\/2020\/02\/logo.png\",\"width\":175,\"height\":40,\"caption\":\"CSFX - Col\u00e9gio S\u00e3o Francisco Xavier\"},\"image\":{\"@id\":\"https:\/\/www.fsfx.com.br\/colegio-sao-francisco\/#\/schema\/logo\/image\/\"}},{\"@type\":\"Person\",\"@id\":\"https:\/\/www.fsfx.com.br\/colegio-sao-francisco\/#\/schema\/person\/a4a1db661b72e9e1faeca814a6cb0d2f\",\"name\":\"tarcisiojunio\",\"image\":{\"@type\":\"ImageObject\",\"inLanguage\":\"pt-BR\",\"@id\":\"https:\/\/www.fsfx.com.br\/colegio-sao-francisco\/#\/schema\/person\/image\/\",\"url\":\"https:\/\/secure.gravatar.com\/avatar\/665e8ed608e37b42de49fffcb32ee5f22c68bd43864d2d3a7d6855c8a68734cb?s=96&d=mm&r=g\",\"contentUrl\":\"https:\/\/secure.gravatar.com\/avatar\/665e8ed608e37b42de49fffcb32ee5f22c68bd43864d2d3a7d6855c8a68734cb?s=96&d=mm&r=g\",\"caption\":\"tarcisiojunio\"},\"url\":\"https:\/\/www.fsfx.com.br\/colegio-sao-francisco\/author\/tarcisiojunio\/\"}]}<\/script>\n<!-- \/ Yoast SEO plugin. -->","yoast_head_json":{"title":"CSFX e Bernoulli, juntos pela educa\u00e7\u00e3o! - Col\u00e9gio S\u00e3o Francisco Xavier","robots":{"index":"index","follow":"follow","max-snippet":"max-snippet:-1","max-image-preview":"max-image-preview:large","max-video-preview":"max-video-preview:-1"},"canonical":"https:\/\/www.fsfx.com.br\/colegio-sao-francisco\/csfx-e-bernoulli-juntos-pela-educacao\/","og_locale":"pt_BR","og_type":"article","og_title":"CSFX e Bernoulli, juntos pela educa\u00e7\u00e3o! - Col\u00e9gio S\u00e3o Francisco Xavier","og_description":"No ano do seu sexag\u00e9simo anivers\u00e1rio, o Col\u00e9gio S\u00e3o Francisco Xavier mostrou, mais uma vez, que tradi\u00e7\u00e3o e inova\u00e7\u00e3o est\u00e3o em sintonia. Reunindo toda a comunidade Sanfranciscana, nos dias 14 e 15 de setembro, no Teatro do Centro Cultural Usiminas, em Ipatinga, o pioneiro col\u00e9gio do Vale do A\u00e7o, anunciou em primeira m\u00e3o, aos pais [&hellip;]","og_url":"https:\/\/www.fsfx.com.br\/colegio-sao-francisco\/csfx-e-bernoulli-juntos-pela-educacao\/","og_site_name":"Col\u00e9gio S\u00e3o Francisco Xavier","article_published_time":"2022-11-29T19:19:06+00:00","og_image":[{"width":2560,"height":1920,"url":"https:\/\/www.fsfx.com.br\/colegio-sao-francisco\/wp-content\/uploads\/sites\/10\/2022\/11\/IMG_8279-scaled.jpg","type":"image\/jpeg"}],"author":"tarcisiojunio","twitter_card":"summary_large_image","twitter_misc":{"Escrito por":"tarcisiojunio"},"schema":{"@context":"https:\/\/schema.org","@graph":[{"@type":"Article","@id":"https:\/\/www.fsfx.com.br\/colegio-sao-francisco\/csfx-e-bernoulli-juntos-pela-educacao\/#article","isPartOf":{"@id":"https:\/\/www.fsfx.com.br\/colegio-sao-francisco\/csfx-e-bernoulli-juntos-pela-educacao\/"},"author":{"name":"tarcisiojunio","@id":"https:\/\/www.fsfx.com.br\/colegio-sao-francisco\/#\/schema\/person\/a4a1db661b72e9e1faeca814a6cb0d2f"},"headline":"CSFX e Bernoulli, juntos pela educa\u00e7\u00e3o!","datePublished":"2022-11-29T19:19:06+00:00","mainEntityOfPage":{"@id":"https:\/\/www.fsfx.com.br\/colegio-sao-francisco\/csfx-e-bernoulli-juntos-pela-educacao\/"},"wordCount":316,"commentCount":0,"publisher":{"@id":"https:\/\/www.fsfx.com.br\/colegio-sao-francisco\/#organization"},"image":{"@id":"https:\/\/www.fsfx.com.br\/colegio-sao-francisco\/csfx-e-bernoulli-juntos-pela-educacao\/#primaryimage"},"thumbnailUrl":"https:\/\/www.fsfx.com.br\/colegio-sao-francisco\/wp-content\/uploads\/sites\/10\/2022\/11\/IMG_8279-scaled.jpg","articleSection":["Acontece no CSFX"],"inLanguage":"pt-BR","potentialAction":[{"@type":"CommentAction","name":"Comment","target":["https:\/\/www.fsfx.com.br\/colegio-sao-francisco\/csfx-e-bernoulli-juntos-pela-educacao\/#respond"]}]},{"@type":"WebPage","@id":"https:\/\/www.fsfx.com.br\/colegio-sao-francisco\/csfx-e-bernoulli-juntos-pela-educacao\/","url":"https:\/\/www.fsfx.com.br\/colegio-sao-francisco\/csfx-e-bernoulli-juntos-pela-educacao\/","name":"CSFX e Bernoulli, juntos pela educa\u00e7\u00e3o! - Col\u00e9gio S\u00e3o Francisco Xavier","isPartOf":{"@id":"https:\/\/www.fsfx.com.br\/colegio-sao-francisco\/#website"},"primaryImageOfPage":{"@id":"https:\/\/www.fsfx.com.br\/colegio-sao-francisco\/csfx-e-bernoulli-juntos-pela-educacao\/#primaryimage"},"image":{"@id":"https:\/\/www.fsfx.com.br\/colegio-sao-francisco\/csfx-e-bernoulli-juntos-pela-educacao\/#primaryimage"},"thumbnailUrl":"https:\/\/www.fsfx.com.br\/colegio-sao-francisco\/wp-content\/uploads\/sites\/10\/2022\/11\/IMG_8279-scaled.jpg","datePublished":"2022-11-29T19:19:06+00:00","breadcrumb":{"@id":"https:\/\/www.fsfx.com.br\/colegio-sao-francisco\/csfx-e-bernoulli-juntos-pela-educacao\/#breadcrumb"},"inLanguage":"pt-BR","potentialAction":[{"@type":"ReadAction","target":["https:\/\/www.fsfx.com.br\/colegio-sao-francisco\/csfx-e-bernoulli-juntos-pela-educacao\/"]}]},{"@type":"ImageObject","inLanguage":"pt-BR","@id":"https:\/\/www.fsfx.com.br\/colegio-sao-francisco\/csfx-e-bernoulli-juntos-pela-educacao\/#primaryimage","url":"https:\/\/www.fsfx.com.br\/colegio-sao-francisco\/wp-content\/uploads\/sites\/10\/2022\/11\/IMG_8279-scaled.jpg","contentUrl":"https:\/\/www.fsfx.com.br\/colegio-sao-francisco\/wp-content\/uploads\/sites\/10\/2022\/11\/IMG_8279-scaled.jpg","width":2560,"height":1920},{"@type":"BreadcrumbList","@id":"https:\/\/www.fsfx.com.br\/colegio-sao-francisco\/csfx-e-bernoulli-juntos-pela-educacao\/#breadcrumb","itemListElement":[{"@type":"ListItem","position":1,"name":"In\u00edcio","item":"https:\/\/www.fsfx.com.br\/colegio-sao-francisco\/"},{"@type":"ListItem","position":2,"name":"CSFX e Bernoulli, juntos pela educa\u00e7\u00e3o!"}]},{"@type":"WebSite","@id":"https:\/\/www.fsfx.com.br\/colegio-sao-francisco\/#website","url":"https:\/\/www.fsfx.com.br\/colegio-sao-francisco\/","name":"Col\u00e9gio S\u00e3o Francisco Xavier","description":"","publisher":{"@id":"https:\/\/www.fsfx.com.br\/colegio-sao-francisco\/#organization"},"potentialAction":[{"@type":"SearchAction","target":{"@type":"EntryPoint","urlTemplate":"https:\/\/www.fsfx.com.br\/colegio-sao-francisco\/?s={search_term_string}"},"query-input":{"@type":"PropertyValueSpecification","valueRequired":true,"valueName":"search_term_string"}}],"inLanguage":"pt-BR"},{"@type":"Organization","@id":"https:\/\/www.fsfx.com.br\/colegio-sao-francisco\/#organization","name":"CSFX - Col\u00e9gio S\u00e3o Francisco Xavier","url":"https:\/\/www.fsfx.com.br\/colegio-sao-francisco\/","logo":{"@type":"ImageObject","inLanguage":"pt-BR","@id":"https:\/\/www.fsfx.com.br\/colegio-sao-francisco\/#\/schema\/logo\/image\/","url":"https:\/\/www.fsfx.com.br\/colegio-sao-francisco\/wp-content\/uploads\/sites\/10\/2020\/02\/logo.png","contentUrl":"https:\/\/www.fsfx.com.br\/colegio-sao-francisco\/wp-content\/uploads\/sites\/10\/2020\/02\/logo.png","width":175,"height":40,"caption":"CSFX - Col\u00e9gio S\u00e3o Francisco Xavier"},"image":{"@id":"https:\/\/www.fsfx.com.br\/colegio-sao-francisco\/#\/schema\/logo\/image\/"}},{"@type":"Person","@id":"https:\/\/www.fsfx.com.br\/colegio-sao-francisco\/#\/schema\/person\/a4a1db661b72e9e1faeca814a6cb0d2f","name":"tarcisiojunio","image":{"@type":"ImageObject","inLanguage":"pt-BR","@id":"https:\/\/www.fsfx.com.br\/colegio-sao-francisco\/#\/schema\/person\/image\/","url":"https:\/\/secure.gravatar.com\/avatar\/665e8ed608e37b42de49fffcb32ee5f22c68bd43864d2d3a7d6855c8a68734cb?s=96&d=mm&r=g","contentUrl":"https:\/\/secure.gravatar.com\/avatar\/665e8ed608e37b42de49fffcb32ee5f22c68bd43864d2d3a7d6855c8a68734cb?s=96&d=mm&r=g","caption":"tarcisiojunio"},"url":"https:\/\/www.fsfx.com.br\/colegio-sao-francisco\/author\/tarcisiojunio\/"}]}},"_links":{"self":[{"href":"https:\/\/www.fsfx.com.br\/colegio-sao-francisco\/wp-json\/wp\/v2\/posts\/8644","targetHints":{"allow":["GET"]}}],"collection":[{"href":"https:\/\/www.fsfx.com.br\/colegio-sao-francisco\/wp-json\/wp\/v2\/posts"}],"about":[{"href":"https:\/\/www.fsfx.com.br\/colegio-sao-francisco\/wp-json\/wp\/v2\/types\/post"}],"author":[{"embeddable":true,"href":"https:\/\/www.fsfx.com.br\/colegio-sao-francisco\/wp-json\/wp\/v2\/users\/17"}],"replies":[{"embeddable":true,"href":"https:\/\/www.fsfx.com.br\/colegio-sao-francisco\/wp-json\/wp\/v2\/comments?post=8644"}],"version-history":[{"count":0,"href":"https:\/\/www.fsfx.com.br\/colegio-sao-francisco\/wp-json\/wp\/v2\/posts\/8644\/revisions"}],"wp:featuredmedia":[{"embeddable":true,"href":"https:\/\/www.fsfx.com.br\/colegio-sao-francisco\/wp-json\/wp\/v2\/media\/8645"}],"wp:attachment":[{"href":"https:\/\/www.fsfx.com.br\/colegio-sao-francisco\/wp-json\/wp\/v2\/media?parent=8644"}],"wp:term":[{"taxonomy":"category","embeddable":true,"href":"https:\/\/www.fsfx.com.br\/colegio-sao-francisco\/wp-json\/wp\/v2\/categories?post=8644"},{"taxonomy":"post_tag","embeddable":true,"href":"https:\/\/www.fsfx.com.br\/colegio-sao-francisco\/wp-json\/wp\/v2\/tags?post=8644"}],"curies":[{"name":"wp","href":"https:\/\/api.w.org\/{rel}","templated":true}]}}