{"id":3097,"date":"2020-09-24T12:50:36","date_gmt":"2020-09-24T15:50:36","guid":{"rendered":"https:\/\/www.fsfx.com.br\/\/hmcc\/?p=439"},"modified":"2020-09-24T12:50:36","modified_gmt":"2020-09-24T15:50:36","slug":"fundacao-sao-francisco-xavier-abre-inscricoes-para-residencia-medica-2021","status":"publish","type":"post","link":"https:\/\/www.fsfx.com.br\/hmcc\/fundacao-sao-francisco-xavier-abre-inscricoes-para-residencia-medica-2021\/","title":{"rendered":"Funda\u00e7\u00e3o S\u00e3o Francisco Xavier abre inscri\u00e7\u00f5es  para Resid\u00eancia M\u00e9dica 2021"},"content":{"rendered":"\n<p class=\"has-text-align-center\"><em>Cadastro pode ser feito de 6 a 20 de outubro para o Hospital M\u00e1rcio Cunha (HMC), em Ipatinga (MG) e\u00a0Hospital Municipal Carlos Chagas (HMCC), em Itabira (MG)<\/em><br><br><\/p>\n\n\n\n<p>A Funda\u00e7\u00e3o S\u00e3o Francisco Xavier (FSFX) informa que receber\u00e1 inscri\u00e7\u00f5es para Resid\u00eancia M\u00e9dica 2021 do Hospital M\u00e1rcio Cunha (HMC), em Ipatinga (MG) e Hospital Municipal Carlos Chagas (HMCC), em Itabira (MG) no per\u00edodo de 6&nbsp;a 20 de outubro. S\u00e3o 15 especialidades para resid\u00eancia no HMC, entre elas, anestesiologia, cardiologia cl\u00ednica, cirurgia geral, cl\u00ednica m\u00e9dica, ginecologia e obstetr\u00edcia (Veja abaixo a lista completa das especialidades dispon\u00edveis). Totalizando 42 (quarenta e duas) &nbsp;vagas. Para o HMCC, s\u00e3o tr\u00eas especialidades, cl\u00ednica m\u00e9dica, pr\u00e9-requisito em cirurgia \u00e1rea b\u00e1sica e medicina intensiva, totalizando 6 (seis )vagas. Dados da Coordena\u00e7\u00e3o de Ensino e Pesquisa da Funda\u00e7\u00e3o S\u00e3o Francisco Xavier (FSFX) mostram que, no ano de 2019, as quatro especialidades mais procuradas foram: anestesiologia, cirurgia geral, cl\u00ednica m\u00e9dica e pediatria.<\/p>\n\n\n\n<p>O HMC \u00e9, h\u00e1 10 anos, refer\u00eancia no Brasil pela forma\u00e7\u00e3o de ponta que oferece aos seus m\u00e9dicos residentes. Acad\u00eamicos vindos de v\u00e1rios Estados do pa\u00eds, principalmente do Nordeste, fazem parte da hist\u00f3ria do hospital. O programa de resid\u00eancia dos hospitais tem como objetivo fundamental o aperfei\u00e7oamento progressivo do padr\u00e3o profissional e cient\u00edfico do m\u00e9dico e a melhoria da assist\u00eancia \u00e0 comunidade. Al\u00e9m de profissionais capacitados para atender nas mais diversas \u00e1reas da medicina.<\/p>\n\n\n\n<p>\u201cA resid\u00eancia m\u00e9dica \u00e9 uma etapa fundamental na forma\u00e7\u00e3o do m\u00e9dico. \u00c9 o per\u00edodo em que, supervisionado, o m\u00e9dico residente aprofunda seus conhecimentos te\u00f3ricos e pr\u00e1ticos na especialidade de interesse. A FSFX compreende a import\u00e2ncia desse momento, valorizando os programas de resid\u00eancia m\u00e9dica e buscando o aprimoramento cont\u00ednuo dos mesmos. &nbsp;O objetivo \u00e9 a \u00e0 forma\u00e7\u00e3o de especialistas que v\u00e3o prestar um servi\u00e7o de qualidade \u00e0 sociedade.\u201d, afirma Milton Henriques&nbsp;Guimar\u00e3es Junior, Coordenador do Ensino e Pesquisa da FSFX.<\/p>\n\n\n\n<p>Com dura\u00e7\u00e3o de dois a quatro anos, o programa \u00e9 credenciado pela Comiss\u00e3o Nacional de Resid\u00eancia M\u00e9dica do Minist\u00e9rio da Educa\u00e7\u00e3o (CNRM\/MEC). Realizada pela Associa\u00e7\u00e3o de Apoio a Resid\u00eancia M\u00e9dica de Minas Gerais (Aremg). As inscri\u00e7\u00f5es para a sele\u00e7\u00e3o podem ser feitas entre os dias 06 e 20\/10\/2020, pelo site\u00a0<a href=\"http:\/\/www.aremg.org.br\/\" target=\"_blank\" rel=\"noreferrer noopener\">www.aremg.org.br<\/a>. O edital completo est\u00e1 dispon\u00edvel no site\u00a0<a href=\"http:\/\/www.fsfx.com.br\/\" target=\"_blank\" rel=\"noreferrer noopener\">www.fsfx.com.br<\/a>.<br><br><\/p>\n\n\n\n<figure class=\"wp-block-table\"><table><tbody><tr><td><strong><span class=\"has-inline-color has-vivid-cyan-blue-color\">Especialidades<\/span><\/strong><\/td><td class=\"has-text-align-center\" data-align=\"center\"><strong><span class=\"has-inline-color has-vivid-cyan-blue-color\">HMC<\/span><\/strong><\/td><td class=\"has-text-align-center\" data-align=\"center\"><strong><span class=\"has-inline-color has-vivid-cyan-blue-color\">HMCC<\/span><\/strong><\/td><\/tr><tr><td>Anestesiologia<\/td><td class=\"has-text-align-center\" data-align=\"center\">4<\/td><td class=\"has-text-align-center\" data-align=\"center\">&nbsp;<\/td><\/tr><tr><td>Cardiologia<\/td><td class=\"has-text-align-center\" data-align=\"center\">2<\/td><td class=\"has-text-align-center\" data-align=\"center\">&nbsp;<\/td><\/tr><tr><td>Cirurgia Geral<\/td><td class=\"has-text-align-center\" data-align=\"center\">2<\/td><td class=\"has-text-align-center\" data-align=\"center\">&nbsp;<\/td><\/tr><tr><td>Cl\u00ednica M\u00e9dica<\/td><td class=\"has-text-align-center\" data-align=\"center\">5<\/td><td class=\"has-text-align-center\" data-align=\"center\">2<\/td><\/tr><tr><td>Ginecologia e Obstetr\u00edcia<\/td><td class=\"has-text-align-center\" data-align=\"center\">3<\/td><td class=\"has-text-align-center\" data-align=\"center\">&nbsp;<\/td><\/tr><tr><td>Medicina de Emerg\u00eancia<\/td><td class=\"has-text-align-center\" data-align=\"center\">2<\/td><td class=\"has-text-align-center\" data-align=\"center\">&nbsp;<\/td><\/tr><tr><td>Medicina de Fam\u00edlia e Comunidade<\/td><td class=\"has-text-align-center\" data-align=\"center\">5<\/td><td class=\"has-text-align-center\" data-align=\"center\">&nbsp;<\/td><\/tr><tr><td>Medicina Intensiva<\/td><td class=\"has-text-align-center\" data-align=\"center\">3<\/td><td class=\"has-text-align-center\" data-align=\"center\">2<\/td><\/tr><tr><td>Nefrologia<\/td><td class=\"has-text-align-center\" data-align=\"center\">1<\/td><td class=\"has-text-align-center\" data-align=\"center\">&nbsp;<\/td><\/tr><tr><td>Neonatologia<\/td><td class=\"has-text-align-center\" data-align=\"center\">2<\/td><td class=\"has-text-align-center\" data-align=\"center\">&nbsp;<\/td><\/tr><tr><td>Oncologia Cl\u00ednica<\/td><td class=\"has-text-align-center\" data-align=\"center\">2<\/td><td class=\"has-text-align-center\" data-align=\"center\">&nbsp;<\/td><\/tr><tr><td>Ortopedia e Traumatologia<\/td><td class=\"has-text-align-center\" data-align=\"center\">3<\/td><td class=\"has-text-align-center\" data-align=\"center\">&nbsp;<\/td><\/tr><tr><td>Pediatria<\/td><td class=\"has-text-align-center\" data-align=\"center\">4<\/td><td class=\"has-text-align-center\" data-align=\"center\">&nbsp;<\/td><\/tr><tr><td>Pr\u00e9 Requisito em \u00e1rea Cir\u00fargica B\u00e1sica<\/td><td class=\"has-text-align-center\" data-align=\"center\">2<\/td><td class=\"has-text-align-center\" data-align=\"center\">2<\/td><\/tr><tr><td>Radiologia e Diagn\u00f3stico por Imagem<\/td><td class=\"has-text-align-center\" data-align=\"center\"><\/td><td class=\"has-text-align-center\" data-align=\"center\">&nbsp;<\/td><\/tr><tr><td>Radioterapia<\/td><td class=\"has-text-align-center\" data-align=\"center\">2<\/td><td class=\"has-text-align-center\" data-align=\"center\">&nbsp;<\/td><\/tr><tr><td><strong><span class=\"has-inline-color has-vivid-cyan-blue-color\">TOTAL<\/span><\/strong><\/td><td class=\"has-text-align-center\" data-align=\"center\"><strong><span class=\"has-inline-color has-vivid-cyan-blue-color\">42<\/span><\/strong><\/td><td class=\"has-text-align-center\" data-align=\"center\"><strong><span class=\"has-inline-color has-vivid-cyan-blue-color\">6<\/span><\/strong><\/td><\/tr><\/tbody><\/table><\/figure>\n\n\n\n<p><\/p>\n","protected":false},"excerpt":{"rendered":"<p>Cadastro pode ser feito de 6 a 20 de outubro para o Hospital M\u00e1rcio Cunha (HMC), em Ipatinga (MG) e\u00a0Hospital Municipal Carlos Chagas (HMCC), em Itabira (MG) A Funda\u00e7\u00e3o S\u00e3o Francisco Xavier (FSFX) informa que receber\u00e1 inscri\u00e7\u00f5es para Resid\u00eancia M\u00e9dica 2021 do Hospital M\u00e1rcio Cunha (HMC), em Ipatinga (MG) e Hospital Municipal Carlos Chagas (HMCC), [&hellip;]<\/p>\n","protected":false},"author":2,"featured_media":440,"comment_status":"open","ping_status":"open","sticky":false,"template":"","format":"standard","meta":{"_acf_changed":false,"site-sidebar-layout":"default","site-content-layout":"","ast-site-content-layout":"default","site-content-style":"default","site-sidebar-style":"default","ast-global-header-display":"","ast-banner-title-visibility":"","ast-main-header-display":"","ast-hfb-above-header-display":"","ast-hfb-below-header-display":"","ast-hfb-mobile-header-display":"","site-post-title":"","ast-breadcrumbs-content":"","ast-featured-img":"","footer-sml-layout":"","theme-transparent-header-meta":"","adv-header-id-meta":"","stick-header-meta":"","header-above-stick-meta":"","header-main-stick-meta":"","header-below-stick-meta":"","astra-migrate-meta-layouts":"default","ast-page-background-enabled":"default","ast-page-background-meta":{"desktop":{"background-color":"var(--ast-global-color-4)","background-image":"","background-repeat":"repeat","background-position":"center center","background-size":"auto","background-attachment":"scroll","background-type":"","background-media":"","overlay-type":"","overlay-color":"","overlay-opacity":"","overlay-gradient":""},"tablet":{"background-color":"","background-image":"","background-repeat":"repeat","background-position":"center center","background-size":"auto","background-attachment":"scroll","background-type":"","background-media":"","overlay-type":"","overlay-color":"","overlay-opacity":"","overlay-gradient":""},"mobile":{"background-color":"","background-image":"","background-repeat":"repeat","background-position":"center center","background-size":"auto","background-attachment":"scroll","background-type":"","background-media":"","overlay-type":"","overlay-color":"","overlay-opacity":"","overlay-gradient":""}},"ast-content-background-meta":{"desktop":{"background-color":"var(--ast-global-color-5)","background-image":"","background-repeat":"repeat","background-position":"center center","background-size":"auto","background-attachment":"scroll","background-type":"","background-media":"","overlay-type":"","overlay-color":"","overlay-opacity":"","overlay-gradient":""},"tablet":{"background-color":"var(--ast-global-color-5)","background-image":"","background-repeat":"repeat","background-position":"center center","background-size":"auto","background-attachment":"scroll","background-type":"","background-media":"","overlay-type":"","overlay-color":"","overlay-opacity":"","overlay-gradient":""},"mobile":{"background-color":"var(--ast-global-color-5)","background-image":"","background-repeat":"repeat","background-position":"center center","background-size":"auto","background-attachment":"scroll","background-type":"","background-media":"","overlay-type":"","overlay-color":"","overlay-opacity":"","overlay-gradient":""}},"footnotes":""},"categories":[1],"tags":[],"class_list":["post-3097","post","type-post","status-publish","format-standard","has-post-thumbnail","hentry","category-sem-categoria"],"acf":[],"yoast_head":"<!-- This site is optimized with the Yoast SEO plugin v26.9 - https:\/\/yoast.com\/product\/yoast-seo-wordpress\/ -->\n<title>Funda\u00e7\u00e3o S\u00e3o Francisco Xavier abre inscri\u00e7\u00f5es para Resid\u00eancia M\u00e9dica 2021 - Hospital Municipal Carlos Chagas<\/title>\n<meta name=\"robots\" content=\"index, follow, max-snippet:-1, max-image-preview:large, max-video-preview:-1\" \/>\n<link rel=\"canonical\" href=\"https:\/\/www.fsfx.com.br\/hmcc\/fundacao-sao-francisco-xavier-abre-inscricoes-para-residencia-medica-2021\/\" \/>\n<meta property=\"og:locale\" content=\"pt_BR\" \/>\n<meta property=\"og:type\" content=\"article\" \/>\n<meta property=\"og:title\" content=\"Funda\u00e7\u00e3o S\u00e3o Francisco Xavier abre inscri\u00e7\u00f5es para Resid\u00eancia M\u00e9dica 2021 - Hospital Municipal Carlos Chagas\" \/>\n<meta property=\"og:description\" content=\"Cadastro pode ser feito de 6 a 20 de outubro para o Hospital M\u00e1rcio Cunha (HMC), em Ipatinga (MG) e\u00a0Hospital Municipal Carlos Chagas (HMCC), em Itabira (MG) A Funda\u00e7\u00e3o S\u00e3o Francisco Xavier (FSFX) informa que receber\u00e1 inscri\u00e7\u00f5es para Resid\u00eancia M\u00e9dica 2021 do Hospital M\u00e1rcio Cunha (HMC), em Ipatinga (MG) e Hospital Municipal Carlos Chagas (HMCC), [&hellip;]\" \/>\n<meta property=\"og:url\" content=\"https:\/\/www.fsfx.com.br\/hmcc\/fundacao-sao-francisco-xavier-abre-inscricoes-para-residencia-medica-2021\/\" \/>\n<meta property=\"og:site_name\" content=\"Hospital Municipal Carlos Chagas\" \/>\n<meta property=\"article:published_time\" content=\"2020-09-24T15:50:36+00:00\" \/>\n<meta name=\"author\" content=\"claudio\" \/>\n<meta name=\"twitter:card\" content=\"summary_large_image\" \/>\n<meta name=\"twitter:label1\" content=\"Escrito por\" \/>\n\t<meta name=\"twitter:data1\" content=\"claudio\" \/>\n\t<meta name=\"twitter:label2\" content=\"Est. tempo de leitura\" \/>\n\t<meta name=\"twitter:data2\" content=\"2 minutos\" \/>\n<script type=\"application\/ld+json\" class=\"yoast-schema-graph\">{\"@context\":\"https:\/\/schema.org\",\"@graph\":[{\"@type\":\"Article\",\"@id\":\"https:\/\/www.fsfx.com.br\/hmcc\/fundacao-sao-francisco-xavier-abre-inscricoes-para-residencia-medica-2021\/#article\",\"isPartOf\":{\"@id\":\"https:\/\/www.fsfx.com.br\/hmcc\/fundacao-sao-francisco-xavier-abre-inscricoes-para-residencia-medica-2021\/\"},\"author\":{\"name\":\"claudio\",\"@id\":\"https:\/\/www.fsfx.com.br\/hmcc\/#\/schema\/person\/7d2372fe1973398ab20a060bbb9a87d8\"},\"headline\":\"Funda\u00e7\u00e3o S\u00e3o Francisco Xavier abre inscri\u00e7\u00f5es para Resid\u00eancia M\u00e9dica 2021\",\"datePublished\":\"2020-09-24T15:50:36+00:00\",\"mainEntityOfPage\":{\"@id\":\"https:\/\/www.fsfx.com.br\/hmcc\/fundacao-sao-francisco-xavier-abre-inscricoes-para-residencia-medica-2021\/\"},\"wordCount\":502,\"commentCount\":0,\"publisher\":{\"@id\":\"https:\/\/www.fsfx.com.br\/hmcc\/#organization\"},\"image\":{\"@id\":\"https:\/\/www.fsfx.com.br\/hmcc\/fundacao-sao-francisco-xavier-abre-inscricoes-para-residencia-medica-2021\/#primaryimage\"},\"thumbnailUrl\":\"\",\"inLanguage\":\"pt-BR\",\"potentialAction\":[{\"@type\":\"CommentAction\",\"name\":\"Comment\",\"target\":[\"https:\/\/www.fsfx.com.br\/hmcc\/fundacao-sao-francisco-xavier-abre-inscricoes-para-residencia-medica-2021\/#respond\"]}]},{\"@type\":\"WebPage\",\"@id\":\"https:\/\/www.fsfx.com.br\/hmcc\/fundacao-sao-francisco-xavier-abre-inscricoes-para-residencia-medica-2021\/\",\"url\":\"https:\/\/www.fsfx.com.br\/hmcc\/fundacao-sao-francisco-xavier-abre-inscricoes-para-residencia-medica-2021\/\",\"name\":\"Funda\u00e7\u00e3o S\u00e3o Francisco Xavier abre inscri\u00e7\u00f5es para Resid\u00eancia M\u00e9dica 2021 - Hospital Municipal Carlos Chagas\",\"isPartOf\":{\"@id\":\"https:\/\/www.fsfx.com.br\/hmcc\/#website\"},\"primaryImageOfPage\":{\"@id\":\"https:\/\/www.fsfx.com.br\/hmcc\/fundacao-sao-francisco-xavier-abre-inscricoes-para-residencia-medica-2021\/#primaryimage\"},\"image\":{\"@id\":\"https:\/\/www.fsfx.com.br\/hmcc\/fundacao-sao-francisco-xavier-abre-inscricoes-para-residencia-medica-2021\/#primaryimage\"},\"thumbnailUrl\":\"\",\"datePublished\":\"2020-09-24T15:50:36+00:00\",\"breadcrumb\":{\"@id\":\"https:\/\/www.fsfx.com.br\/hmcc\/fundacao-sao-francisco-xavier-abre-inscricoes-para-residencia-medica-2021\/#breadcrumb\"},\"inLanguage\":\"pt-BR\",\"potentialAction\":[{\"@type\":\"ReadAction\",\"target\":[\"https:\/\/www.fsfx.com.br\/hmcc\/fundacao-sao-francisco-xavier-abre-inscricoes-para-residencia-medica-2021\/\"]}]},{\"@type\":\"ImageObject\",\"inLanguage\":\"pt-BR\",\"@id\":\"https:\/\/www.fsfx.com.br\/hmcc\/fundacao-sao-francisco-xavier-abre-inscricoes-para-residencia-medica-2021\/#primaryimage\",\"url\":\"\",\"contentUrl\":\"\"},{\"@type\":\"BreadcrumbList\",\"@id\":\"https:\/\/www.fsfx.com.br\/hmcc\/fundacao-sao-francisco-xavier-abre-inscricoes-para-residencia-medica-2021\/#breadcrumb\",\"itemListElement\":[{\"@type\":\"ListItem\",\"position\":1,\"name\":\"In\u00edcio\",\"item\":\"https:\/\/www.fsfx.com.br\/hmcc\/\"},{\"@type\":\"ListItem\",\"position\":2,\"name\":\"Funda\u00e7\u00e3o S\u00e3o Francisco Xavier abre inscri\u00e7\u00f5es para Resid\u00eancia M\u00e9dica 2021\"}]},{\"@type\":\"WebSite\",\"@id\":\"https:\/\/www.fsfx.com.br\/hmcc\/#website\",\"url\":\"https:\/\/www.fsfx.com.br\/hmcc\/\",\"name\":\"Hospital Municipal Carlos Chagas\",\"description\":\"Hospital geral, administrado pela Funda\u00e7\u00e3o S\u00e3o Francisco Xavier, com atendimento 100% por meio do Sistema \u00danico de Sa\u00fade.\",\"publisher\":{\"@id\":\"https:\/\/www.fsfx.com.br\/hmcc\/#organization\"},\"potentialAction\":[{\"@type\":\"SearchAction\",\"target\":{\"@type\":\"EntryPoint\",\"urlTemplate\":\"https:\/\/www.fsfx.com.br\/hmcc\/?s={search_term_string}\"},\"query-input\":{\"@type\":\"PropertyValueSpecification\",\"valueRequired\":true,\"valueName\":\"search_term_string\"}}],\"inLanguage\":\"pt-BR\"},{\"@type\":\"Organization\",\"@id\":\"https:\/\/www.fsfx.com.br\/hmcc\/#organization\",\"name\":\"HMCC - Hospital Municipal Carlos Chagas\",\"url\":\"https:\/\/www.fsfx.com.br\/hmcc\/\",\"logo\":{\"@type\":\"ImageObject\",\"inLanguage\":\"pt-BR\",\"@id\":\"https:\/\/www.fsfx.com.br\/hmcc\/#\/schema\/logo\/image\/\",\"url\":\"https:\/\/www.fsfx.com.br\/hmcc\/wp-content\/uploads\/sites\/5\/2022\/03\/logo-hmcc-sticky-header.png\",\"contentUrl\":\"https:\/\/www.fsfx.com.br\/hmcc\/wp-content\/uploads\/sites\/5\/2022\/03\/logo-hmcc-sticky-header.png\",\"width\":261,\"height\":47,\"caption\":\"HMCC - Hospital Municipal Carlos Chagas\"},\"image\":{\"@id\":\"https:\/\/www.fsfx.com.br\/hmcc\/#\/schema\/logo\/image\/\"}},{\"@type\":\"Person\",\"@id\":\"https:\/\/www.fsfx.com.br\/hmcc\/#\/schema\/person\/7d2372fe1973398ab20a060bbb9a87d8\",\"name\":\"claudio\",\"image\":{\"@type\":\"ImageObject\",\"inLanguage\":\"pt-BR\",\"@id\":\"https:\/\/www.fsfx.com.br\/hmcc\/#\/schema\/person\/image\/\",\"url\":\"https:\/\/secure.gravatar.com\/avatar\/724caacf0f2f073275cb3689c577e73e87e40150b1ffd648a67445e75aa7ff03?s=96&d=mm&r=g\",\"contentUrl\":\"https:\/\/secure.gravatar.com\/avatar\/724caacf0f2f073275cb3689c577e73e87e40150b1ffd648a67445e75aa7ff03?s=96&d=mm&r=g\",\"caption\":\"claudio\"},\"url\":\"https:\/\/www.fsfx.com.br\/hmcc\/author\/claudio\/\"}]}<\/script>\n<!-- \/ Yoast SEO plugin. -->","yoast_head_json":{"title":"Funda\u00e7\u00e3o S\u00e3o Francisco Xavier abre inscri\u00e7\u00f5es para Resid\u00eancia M\u00e9dica 2021 - Hospital Municipal Carlos Chagas","robots":{"index":"index","follow":"follow","max-snippet":"max-snippet:-1","max-image-preview":"max-image-preview:large","max-video-preview":"max-video-preview:-1"},"canonical":"https:\/\/www.fsfx.com.br\/hmcc\/fundacao-sao-francisco-xavier-abre-inscricoes-para-residencia-medica-2021\/","og_locale":"pt_BR","og_type":"article","og_title":"Funda\u00e7\u00e3o S\u00e3o Francisco Xavier abre inscri\u00e7\u00f5es para Resid\u00eancia M\u00e9dica 2021 - Hospital Municipal Carlos Chagas","og_description":"Cadastro pode ser feito de 6 a 20 de outubro para o Hospital M\u00e1rcio Cunha (HMC), em Ipatinga (MG) e\u00a0Hospital Municipal Carlos Chagas (HMCC), em Itabira (MG) A Funda\u00e7\u00e3o S\u00e3o Francisco Xavier (FSFX) informa que receber\u00e1 inscri\u00e7\u00f5es para Resid\u00eancia M\u00e9dica 2021 do Hospital M\u00e1rcio Cunha (HMC), em Ipatinga (MG) e Hospital Municipal Carlos Chagas (HMCC), [&hellip;]","og_url":"https:\/\/www.fsfx.com.br\/hmcc\/fundacao-sao-francisco-xavier-abre-inscricoes-para-residencia-medica-2021\/","og_site_name":"Hospital Municipal Carlos Chagas","article_published_time":"2020-09-24T15:50:36+00:00","author":"claudio","twitter_card":"summary_large_image","twitter_misc":{"Escrito por":"claudio","Est. tempo de leitura":"2 minutos"},"schema":{"@context":"https:\/\/schema.org","@graph":[{"@type":"Article","@id":"https:\/\/www.fsfx.com.br\/hmcc\/fundacao-sao-francisco-xavier-abre-inscricoes-para-residencia-medica-2021\/#article","isPartOf":{"@id":"https:\/\/www.fsfx.com.br\/hmcc\/fundacao-sao-francisco-xavier-abre-inscricoes-para-residencia-medica-2021\/"},"author":{"name":"claudio","@id":"https:\/\/www.fsfx.com.br\/hmcc\/#\/schema\/person\/7d2372fe1973398ab20a060bbb9a87d8"},"headline":"Funda\u00e7\u00e3o S\u00e3o Francisco Xavier abre inscri\u00e7\u00f5es para Resid\u00eancia M\u00e9dica 2021","datePublished":"2020-09-24T15:50:36+00:00","mainEntityOfPage":{"@id":"https:\/\/www.fsfx.com.br\/hmcc\/fundacao-sao-francisco-xavier-abre-inscricoes-para-residencia-medica-2021\/"},"wordCount":502,"commentCount":0,"publisher":{"@id":"https:\/\/www.fsfx.com.br\/hmcc\/#organization"},"image":{"@id":"https:\/\/www.fsfx.com.br\/hmcc\/fundacao-sao-francisco-xavier-abre-inscricoes-para-residencia-medica-2021\/#primaryimage"},"thumbnailUrl":"","inLanguage":"pt-BR","potentialAction":[{"@type":"CommentAction","name":"Comment","target":["https:\/\/www.fsfx.com.br\/hmcc\/fundacao-sao-francisco-xavier-abre-inscricoes-para-residencia-medica-2021\/#respond"]}]},{"@type":"WebPage","@id":"https:\/\/www.fsfx.com.br\/hmcc\/fundacao-sao-francisco-xavier-abre-inscricoes-para-residencia-medica-2021\/","url":"https:\/\/www.fsfx.com.br\/hmcc\/fundacao-sao-francisco-xavier-abre-inscricoes-para-residencia-medica-2021\/","name":"Funda\u00e7\u00e3o S\u00e3o Francisco Xavier abre inscri\u00e7\u00f5es para Resid\u00eancia M\u00e9dica 2021 - Hospital Municipal Carlos Chagas","isPartOf":{"@id":"https:\/\/www.fsfx.com.br\/hmcc\/#website"},"primaryImageOfPage":{"@id":"https:\/\/www.fsfx.com.br\/hmcc\/fundacao-sao-francisco-xavier-abre-inscricoes-para-residencia-medica-2021\/#primaryimage"},"image":{"@id":"https:\/\/www.fsfx.com.br\/hmcc\/fundacao-sao-francisco-xavier-abre-inscricoes-para-residencia-medica-2021\/#primaryimage"},"thumbnailUrl":"","datePublished":"2020-09-24T15:50:36+00:00","breadcrumb":{"@id":"https:\/\/www.fsfx.com.br\/hmcc\/fundacao-sao-francisco-xavier-abre-inscricoes-para-residencia-medica-2021\/#breadcrumb"},"inLanguage":"pt-BR","potentialAction":[{"@type":"ReadAction","target":["https:\/\/www.fsfx.com.br\/hmcc\/fundacao-sao-francisco-xavier-abre-inscricoes-para-residencia-medica-2021\/"]}]},{"@type":"ImageObject","inLanguage":"pt-BR","@id":"https:\/\/www.fsfx.com.br\/hmcc\/fundacao-sao-francisco-xavier-abre-inscricoes-para-residencia-medica-2021\/#primaryimage","url":"","contentUrl":""},{"@type":"BreadcrumbList","@id":"https:\/\/www.fsfx.com.br\/hmcc\/fundacao-sao-francisco-xavier-abre-inscricoes-para-residencia-medica-2021\/#breadcrumb","itemListElement":[{"@type":"ListItem","position":1,"name":"In\u00edcio","item":"https:\/\/www.fsfx.com.br\/hmcc\/"},{"@type":"ListItem","position":2,"name":"Funda\u00e7\u00e3o S\u00e3o Francisco Xavier abre inscri\u00e7\u00f5es para Resid\u00eancia M\u00e9dica 2021"}]},{"@type":"WebSite","@id":"https:\/\/www.fsfx.com.br\/hmcc\/#website","url":"https:\/\/www.fsfx.com.br\/hmcc\/","name":"Hospital Municipal Carlos Chagas","description":"Hospital geral, administrado pela Funda\u00e7\u00e3o S\u00e3o Francisco Xavier, com atendimento 100% por meio do Sistema \u00danico de Sa\u00fade.","publisher":{"@id":"https:\/\/www.fsfx.com.br\/hmcc\/#organization"},"potentialAction":[{"@type":"SearchAction","target":{"@type":"EntryPoint","urlTemplate":"https:\/\/www.fsfx.com.br\/hmcc\/?s={search_term_string}"},"query-input":{"@type":"PropertyValueSpecification","valueRequired":true,"valueName":"search_term_string"}}],"inLanguage":"pt-BR"},{"@type":"Organization","@id":"https:\/\/www.fsfx.com.br\/hmcc\/#organization","name":"HMCC - Hospital Municipal Carlos Chagas","url":"https:\/\/www.fsfx.com.br\/hmcc\/","logo":{"@type":"ImageObject","inLanguage":"pt-BR","@id":"https:\/\/www.fsfx.com.br\/hmcc\/#\/schema\/logo\/image\/","url":"https:\/\/www.fsfx.com.br\/hmcc\/wp-content\/uploads\/sites\/5\/2022\/03\/logo-hmcc-sticky-header.png","contentUrl":"https:\/\/www.fsfx.com.br\/hmcc\/wp-content\/uploads\/sites\/5\/2022\/03\/logo-hmcc-sticky-header.png","width":261,"height":47,"caption":"HMCC - Hospital Municipal Carlos Chagas"},"image":{"@id":"https:\/\/www.fsfx.com.br\/hmcc\/#\/schema\/logo\/image\/"}},{"@type":"Person","@id":"https:\/\/www.fsfx.com.br\/hmcc\/#\/schema\/person\/7d2372fe1973398ab20a060bbb9a87d8","name":"claudio","image":{"@type":"ImageObject","inLanguage":"pt-BR","@id":"https:\/\/www.fsfx.com.br\/hmcc\/#\/schema\/person\/image\/","url":"https:\/\/secure.gravatar.com\/avatar\/724caacf0f2f073275cb3689c577e73e87e40150b1ffd648a67445e75aa7ff03?s=96&d=mm&r=g","contentUrl":"https:\/\/secure.gravatar.com\/avatar\/724caacf0f2f073275cb3689c577e73e87e40150b1ffd648a67445e75aa7ff03?s=96&d=mm&r=g","caption":"claudio"},"url":"https:\/\/www.fsfx.com.br\/hmcc\/author\/claudio\/"}]}},"_links":{"self":[{"href":"https:\/\/www.fsfx.com.br\/hmcc\/wp-json\/wp\/v2\/posts\/3097","targetHints":{"allow":["GET"]}}],"collection":[{"href":"https:\/\/www.fsfx.com.br\/hmcc\/wp-json\/wp\/v2\/posts"}],"about":[{"href":"https:\/\/www.fsfx.com.br\/hmcc\/wp-json\/wp\/v2\/types\/post"}],"author":[{"embeddable":true,"href":"https:\/\/www.fsfx.com.br\/hmcc\/wp-json\/wp\/v2\/users\/2"}],"replies":[{"embeddable":true,"href":"https:\/\/www.fsfx.com.br\/hmcc\/wp-json\/wp\/v2\/comments?post=3097"}],"version-history":[{"count":0,"href":"https:\/\/www.fsfx.com.br\/hmcc\/wp-json\/wp\/v2\/posts\/3097\/revisions"}],"wp:featuredmedia":[{"embeddable":true,"href":"https:\/\/www.fsfx.com.br\/hmcc\/wp-json\/"}],"wp:attachment":[{"href":"https:\/\/www.fsfx.com.br\/hmcc\/wp-json\/wp\/v2\/media?parent=3097"}],"wp:term":[{"taxonomy":"category","embeddable":true,"href":"https:\/\/www.fsfx.com.br\/hmcc\/wp-json\/wp\/v2\/categories?post=3097"},{"taxonomy":"post_tag","embeddable":true,"href":"https:\/\/www.fsfx.com.br\/hmcc\/wp-json\/wp\/v2\/tags?post=3097"}],"curies":[{"name":"wp","href":"https:\/\/api.w.org\/{rel}","templated":true}]}}