{"id":3105,"date":"2021-05-28T10:50:35","date_gmt":"2021-05-28T13:50:35","guid":{"rendered":"https:\/\/www.fsfx.com.br\/\/hmcc\/?p=615"},"modified":"2021-05-28T10:50:35","modified_gmt":"2021-05-28T13:50:35","slug":"dia-mundial-sem-tabaco","status":"publish","type":"post","link":"https:\/\/www.fsfx.com.br\/hmcc\/dia-mundial-sem-tabaco\/","title":{"rendered":"Dia Mundial Sem Tabaco"},"content":{"rendered":"\n<p class=\"has-text-align-center\"><br><em><span class=\"has-inline-color has-vivid-cyan-blue-color\"><strong>Funda\u00e7\u00e3o S\u00e3o Francisco Xavier alerta sobre os malef\u00edcios do cigarro<\/strong><\/span><\/em><br><br><\/p>\n\n\n\n<p>No dia 31 de maio \u00e9 celebrado o Dia Mundial Sem Tabaco. Criada pela Organiza\u00e7\u00e3o Mundial da Sa\u00fade (OMS), a data tem como objetivo fazer um alerta sobre as doen\u00e7as e mortes evit\u00e1veis relacionadas ao tabagismo. A OMS estima que pelo menos um ter\u00e7o da popula\u00e7\u00e3o adulta mundial seja de fumantes. Neste ano, o dia assume contornos ainda mais relevantes, uma vez que estudos d\u00e3o conta de que fumantes est\u00e3o muito mais vulner\u00e1veis aos casos graves da Covid-19.<\/p>\n\n\n\n<p>J\u00e1 n\u00e3o bastasse o tabagismo promover ou acelerar diversas doen\u00e7as, o que as pesquisas apontam \u00e9 que o cigarro ainda \u00e9 mais um complicador para a covid-19. Segundo dados da Sociedade Paulista de Pneumologia e Tisiologia, a pessoa que fuma, ao entrar em contato com a Covid-19, torna-se ainda mais vulner\u00e1vel, com 45% mais chances de sofrer complica\u00e7\u00f5es de sa\u00fade.&nbsp; \u00c9 o que alerta a m\u00e9dica de Aten\u00e7\u00e3o Prim\u00e1ria em Sa\u00fade da Funda\u00e7\u00e3o S\u00e3o Francisco Xavier &#8211; FSFX, Dra. Juliana Cristina de Vasconcellos Benatti. \u201cO cigarro tem a capacidade de aumentar a produ\u00e7\u00e3o de uma c\u00e9lula que facilita a penetra\u00e7\u00e3o do coronav\u00edrus nos pulm\u00f5es, favorecendo a infec\u00e7\u00e3o e aumentando os riscos de complica\u00e7\u00f5es com a Covid-19\u201d, explica<\/p>\n\n\n\n<p>De acordo com a OMS, o tabagismo mata mais de oito milh\u00f5es de pessoas por ano no mundo, cerca de 1,2 milh\u00e3o de fumantes passivos. No Brasil, o n\u00famero chega a 200 mil mortes por ano. Ele ainda \u00e9 respons\u00e1vel por 90% dos casos de c\u00e2ncer de pulm\u00e3o, 25% das doen\u00e7as vasculares, entre elas derrame cerebral, 45% das mortes por infarto do mioc\u00e1rdio, al\u00e9m de 30% das mortes decorrentes de outros tipos de c\u00e2ncer.&nbsp;<\/p>\n\n\n\n<p>\u201cO tabagismo tem rela\u00e7\u00e3o com aproximadamente 50 enfermidades: Dentre elas, v\u00e1rios tipos de c\u00e2ncer (pulm\u00e3o, laringe, faringe, es\u00f4fago, est\u00f4mago, p\u00e2ncreas, f\u00edgado, rim, bexiga, colo de \u00fatero, leucemia), doen\u00e7as do aparelho respirat\u00f3rio (enfisema pulmonar, bronquite cr\u00f4nica, asma, infec\u00e7\u00f5es respirat\u00f3rias); doen\u00e7as cardiovasculares (angina, infarto agudo do mioc\u00e1rdio, hipertens\u00e3o arterial, aneurismas, acidente vascular cerebral, tromboses), \u00falcera do aparelho digestivo; osteoporose; catarata; impot\u00eancia sexual no homem; infertilidade na mulher; menopausa precoce e complica\u00e7\u00f5es na gravidez\u201d, enumera a m\u00e9dica.<\/p>\n\n\n\n<p><br><strong><span class=\"has-inline-color has-vivid-cyan-blue-color\">For\u00e7a de vontade e supera\u00e7\u00e3o<\/span><\/strong><\/p>\n\n\n\n<p>\u201cAbandonar o v\u00edcio n\u00e3o \u00e9 tarefa f\u00e1cil, exige muito al\u00e9m de for\u00e7a de vontade. \u00c9 preciso o acompanhamento de profissionais especializados e do apoio do n\u00facleo familiar e de amigos. A\u00e7\u00f5es educativas s\u00e3o sempre bem-vindas quando a luta \u00e9 pela extin\u00e7\u00e3o do v\u00edcio e pela sa\u00fade da popula\u00e7\u00e3o\u201d, conclui a Dra. Juliana<\/p>\n\n\n\n<p>Para quem est\u00e1 disposto a parar de fumar, os benef\u00edcios s\u00e3o muitos. Entre os principais est\u00e3o a redu\u00e7\u00e3o do risco de doen\u00e7as, melhora da autoestima, ganho de desempenho em atividades f\u00edsicas entre outros. \u00c9 o que aconteceu com o aposentado M\u00e1rio S\u00e9rgio Dinelli, que fumou por quase 40 anos. Ele participou do projeto Inspirar, da Usisa\u00fade e j\u00e1 est\u00e1 h\u00e1 mais de dois sem fumar. \u201cEu era obcecado por cigarro, sempre estava com um cigarro na m\u00e3o. Comecei comprando para meu irm\u00e3o e quando vi j\u00e1 estava fumando todos os dias. Assim que parei, tudo na minha vida come\u00e7ou a mudar para melhor. Quando fumava, eu tinha muito t\u00e1rtaro nos dentes e um mau cheiro que fazia com que as pessoas se distanciassem de mim. Hoje, as pessoas n\u00e3o se incomodam mais com a minha presen\u00e7a, pelo contr\u00e1rio, eu \u00e9 que me incomodo com o cheiro do cigarro nas pessoas. Minha sa\u00fade melhorou de forma geral. N\u00e3o me sinto t\u00e3o cansado como antes\u201d, relata M\u00e1rio S\u00e9rgio, que contou com o apoio e orienta\u00e7\u00e3o m\u00e9dica dos profissionais do projeto.<\/p>\n","protected":false},"excerpt":{"rendered":"<p>Funda\u00e7\u00e3o S\u00e3o Francisco Xavier alerta sobre os malef\u00edcios do cigarro No dia 31 de maio \u00e9 celebrado o Dia Mundial Sem Tabaco. Criada pela Organiza\u00e7\u00e3o Mundial da Sa\u00fade (OMS), a data tem como objetivo fazer um alerta sobre as doen\u00e7as e mortes evit\u00e1veis relacionadas ao tabagismo. A OMS estima que pelo menos um ter\u00e7o da [&hellip;]<\/p>\n","protected":false},"author":2,"featured_media":0,"comment_status":"open","ping_status":"open","sticky":false,"template":"","format":"standard","meta":{"_acf_changed":false,"site-sidebar-layout":"default","site-content-layout":"","ast-site-content-layout":"default","site-content-style":"default","site-sidebar-style":"default","ast-global-header-display":"","ast-banner-title-visibility":"","ast-main-header-display":"","ast-hfb-above-header-display":"","ast-hfb-below-header-display":"","ast-hfb-mobile-header-display":"","site-post-title":"","ast-breadcrumbs-content":"","ast-featured-img":"","footer-sml-layout":"","theme-transparent-header-meta":"","adv-header-id-meta":"","stick-header-meta":"","header-above-stick-meta":"","header-main-stick-meta":"","header-below-stick-meta":"","astra-migrate-meta-layouts":"default","ast-page-background-enabled":"default","ast-page-background-meta":{"desktop":{"background-color":"var(--ast-global-color-4)","background-image":"","background-repeat":"repeat","background-position":"center center","background-size":"auto","background-attachment":"scroll","background-type":"","background-media":"","overlay-type":"","overlay-color":"","overlay-opacity":"","overlay-gradient":""},"tablet":{"background-color":"","background-image":"","background-repeat":"repeat","background-position":"center center","background-size":"auto","background-attachment":"scroll","background-type":"","background-media":"","overlay-type":"","overlay-color":"","overlay-opacity":"","overlay-gradient":""},"mobile":{"background-color":"","background-image":"","background-repeat":"repeat","background-position":"center center","background-size":"auto","background-attachment":"scroll","background-type":"","background-media":"","overlay-type":"","overlay-color":"","overlay-opacity":"","overlay-gradient":""}},"ast-content-background-meta":{"desktop":{"background-color":"var(--ast-global-color-5)","background-image":"","background-repeat":"repeat","background-position":"center center","background-size":"auto","background-attachment":"scroll","background-type":"","background-media":"","overlay-type":"","overlay-color":"","overlay-opacity":"","overlay-gradient":""},"tablet":{"background-color":"var(--ast-global-color-5)","background-image":"","background-repeat":"repeat","background-position":"center center","background-size":"auto","background-attachment":"scroll","background-type":"","background-media":"","overlay-type":"","overlay-color":"","overlay-opacity":"","overlay-gradient":""},"mobile":{"background-color":"var(--ast-global-color-5)","background-image":"","background-repeat":"repeat","background-position":"center center","background-size":"auto","background-attachment":"scroll","background-type":"","background-media":"","overlay-type":"","overlay-color":"","overlay-opacity":"","overlay-gradient":""}},"footnotes":""},"categories":[1],"tags":[],"class_list":["post-3105","post","type-post","status-publish","format-standard","hentry","category-sem-categoria"],"acf":[],"yoast_head":"<!-- This site is optimized with the Yoast SEO plugin v26.9 - https:\/\/yoast.com\/product\/yoast-seo-wordpress\/ -->\n<title>Dia Mundial Sem Tabaco - Hospital Municipal Carlos Chagas<\/title>\n<meta name=\"robots\" content=\"index, follow, max-snippet:-1, max-image-preview:large, max-video-preview:-1\" \/>\n<link rel=\"canonical\" href=\"https:\/\/www.fsfx.com.br\/hmcc\/dia-mundial-sem-tabaco\/\" \/>\n<meta property=\"og:locale\" content=\"pt_BR\" \/>\n<meta property=\"og:type\" content=\"article\" \/>\n<meta property=\"og:title\" content=\"Dia Mundial Sem Tabaco - Hospital Municipal Carlos Chagas\" \/>\n<meta property=\"og:description\" content=\"Funda\u00e7\u00e3o S\u00e3o Francisco Xavier alerta sobre os malef\u00edcios do cigarro No dia 31 de maio \u00e9 celebrado o Dia Mundial Sem Tabaco. Criada pela Organiza\u00e7\u00e3o Mundial da Sa\u00fade (OMS), a data tem como objetivo fazer um alerta sobre as doen\u00e7as e mortes evit\u00e1veis relacionadas ao tabagismo. A OMS estima que pelo menos um ter\u00e7o da [&hellip;]\" \/>\n<meta property=\"og:url\" content=\"https:\/\/www.fsfx.com.br\/hmcc\/dia-mundial-sem-tabaco\/\" \/>\n<meta property=\"og:site_name\" content=\"Hospital Municipal Carlos Chagas\" \/>\n<meta property=\"article:published_time\" content=\"2021-05-28T13:50:35+00:00\" \/>\n<meta name=\"author\" content=\"claudio\" \/>\n<meta name=\"twitter:card\" content=\"summary_large_image\" \/>\n<meta name=\"twitter:label1\" content=\"Escrito por\" \/>\n\t<meta name=\"twitter:data1\" content=\"claudio\" \/>\n\t<meta name=\"twitter:label2\" content=\"Est. tempo de leitura\" \/>\n\t<meta name=\"twitter:data2\" content=\"3 minutos\" \/>\n<script type=\"application\/ld+json\" class=\"yoast-schema-graph\">{\"@context\":\"https:\/\/schema.org\",\"@graph\":[{\"@type\":\"Article\",\"@id\":\"https:\/\/www.fsfx.com.br\/hmcc\/dia-mundial-sem-tabaco\/#article\",\"isPartOf\":{\"@id\":\"https:\/\/www.fsfx.com.br\/hmcc\/dia-mundial-sem-tabaco\/\"},\"author\":{\"name\":\"claudio\",\"@id\":\"https:\/\/www.fsfx.com.br\/hmcc\/#\/schema\/person\/7d2372fe1973398ab20a060bbb9a87d8\"},\"headline\":\"Dia Mundial Sem Tabaco\",\"datePublished\":\"2021-05-28T13:50:35+00:00\",\"mainEntityOfPage\":{\"@id\":\"https:\/\/www.fsfx.com.br\/hmcc\/dia-mundial-sem-tabaco\/\"},\"wordCount\":670,\"commentCount\":0,\"publisher\":{\"@id\":\"https:\/\/www.fsfx.com.br\/hmcc\/#organization\"},\"inLanguage\":\"pt-BR\",\"potentialAction\":[{\"@type\":\"CommentAction\",\"name\":\"Comment\",\"target\":[\"https:\/\/www.fsfx.com.br\/hmcc\/dia-mundial-sem-tabaco\/#respond\"]}]},{\"@type\":\"WebPage\",\"@id\":\"https:\/\/www.fsfx.com.br\/hmcc\/dia-mundial-sem-tabaco\/\",\"url\":\"https:\/\/www.fsfx.com.br\/hmcc\/dia-mundial-sem-tabaco\/\",\"name\":\"Dia Mundial Sem Tabaco - Hospital Municipal Carlos Chagas\",\"isPartOf\":{\"@id\":\"https:\/\/www.fsfx.com.br\/hmcc\/#website\"},\"datePublished\":\"2021-05-28T13:50:35+00:00\",\"breadcrumb\":{\"@id\":\"https:\/\/www.fsfx.com.br\/hmcc\/dia-mundial-sem-tabaco\/#breadcrumb\"},\"inLanguage\":\"pt-BR\",\"potentialAction\":[{\"@type\":\"ReadAction\",\"target\":[\"https:\/\/www.fsfx.com.br\/hmcc\/dia-mundial-sem-tabaco\/\"]}]},{\"@type\":\"BreadcrumbList\",\"@id\":\"https:\/\/www.fsfx.com.br\/hmcc\/dia-mundial-sem-tabaco\/#breadcrumb\",\"itemListElement\":[{\"@type\":\"ListItem\",\"position\":1,\"name\":\"In\u00edcio\",\"item\":\"https:\/\/www.fsfx.com.br\/hmcc\/\"},{\"@type\":\"ListItem\",\"position\":2,\"name\":\"Dia Mundial Sem Tabaco\"}]},{\"@type\":\"WebSite\",\"@id\":\"https:\/\/www.fsfx.com.br\/hmcc\/#website\",\"url\":\"https:\/\/www.fsfx.com.br\/hmcc\/\",\"name\":\"Hospital Municipal Carlos Chagas\",\"description\":\"Hospital geral, administrado pela Funda\u00e7\u00e3o S\u00e3o Francisco Xavier, com atendimento 100% por meio do Sistema \u00danico de Sa\u00fade.\",\"publisher\":{\"@id\":\"https:\/\/www.fsfx.com.br\/hmcc\/#organization\"},\"potentialAction\":[{\"@type\":\"SearchAction\",\"target\":{\"@type\":\"EntryPoint\",\"urlTemplate\":\"https:\/\/www.fsfx.com.br\/hmcc\/?s={search_term_string}\"},\"query-input\":{\"@type\":\"PropertyValueSpecification\",\"valueRequired\":true,\"valueName\":\"search_term_string\"}}],\"inLanguage\":\"pt-BR\"},{\"@type\":\"Organization\",\"@id\":\"https:\/\/www.fsfx.com.br\/hmcc\/#organization\",\"name\":\"HMCC - Hospital Municipal Carlos Chagas\",\"url\":\"https:\/\/www.fsfx.com.br\/hmcc\/\",\"logo\":{\"@type\":\"ImageObject\",\"inLanguage\":\"pt-BR\",\"@id\":\"https:\/\/www.fsfx.com.br\/hmcc\/#\/schema\/logo\/image\/\",\"url\":\"https:\/\/www.fsfx.com.br\/hmcc\/wp-content\/uploads\/sites\/5\/2022\/03\/logo-hmcc-sticky-header.png\",\"contentUrl\":\"https:\/\/www.fsfx.com.br\/hmcc\/wp-content\/uploads\/sites\/5\/2022\/03\/logo-hmcc-sticky-header.png\",\"width\":261,\"height\":47,\"caption\":\"HMCC - Hospital Municipal Carlos Chagas\"},\"image\":{\"@id\":\"https:\/\/www.fsfx.com.br\/hmcc\/#\/schema\/logo\/image\/\"}},{\"@type\":\"Person\",\"@id\":\"https:\/\/www.fsfx.com.br\/hmcc\/#\/schema\/person\/7d2372fe1973398ab20a060bbb9a87d8\",\"name\":\"claudio\",\"image\":{\"@type\":\"ImageObject\",\"inLanguage\":\"pt-BR\",\"@id\":\"https:\/\/www.fsfx.com.br\/hmcc\/#\/schema\/person\/image\/\",\"url\":\"https:\/\/secure.gravatar.com\/avatar\/724caacf0f2f073275cb3689c577e73e87e40150b1ffd648a67445e75aa7ff03?s=96&d=mm&r=g\",\"contentUrl\":\"https:\/\/secure.gravatar.com\/avatar\/724caacf0f2f073275cb3689c577e73e87e40150b1ffd648a67445e75aa7ff03?s=96&d=mm&r=g\",\"caption\":\"claudio\"},\"url\":\"https:\/\/www.fsfx.com.br\/hmcc\/author\/claudio\/\"}]}<\/script>\n<!-- \/ Yoast SEO plugin. -->","yoast_head_json":{"title":"Dia Mundial Sem Tabaco - Hospital Municipal Carlos Chagas","robots":{"index":"index","follow":"follow","max-snippet":"max-snippet:-1","max-image-preview":"max-image-preview:large","max-video-preview":"max-video-preview:-1"},"canonical":"https:\/\/www.fsfx.com.br\/hmcc\/dia-mundial-sem-tabaco\/","og_locale":"pt_BR","og_type":"article","og_title":"Dia Mundial Sem Tabaco - Hospital Municipal Carlos Chagas","og_description":"Funda\u00e7\u00e3o S\u00e3o Francisco Xavier alerta sobre os malef\u00edcios do cigarro No dia 31 de maio \u00e9 celebrado o Dia Mundial Sem Tabaco. Criada pela Organiza\u00e7\u00e3o Mundial da Sa\u00fade (OMS), a data tem como objetivo fazer um alerta sobre as doen\u00e7as e mortes evit\u00e1veis relacionadas ao tabagismo. A OMS estima que pelo menos um ter\u00e7o da [&hellip;]","og_url":"https:\/\/www.fsfx.com.br\/hmcc\/dia-mundial-sem-tabaco\/","og_site_name":"Hospital Municipal Carlos Chagas","article_published_time":"2021-05-28T13:50:35+00:00","author":"claudio","twitter_card":"summary_large_image","twitter_misc":{"Escrito por":"claudio","Est. tempo de leitura":"3 minutos"},"schema":{"@context":"https:\/\/schema.org","@graph":[{"@type":"Article","@id":"https:\/\/www.fsfx.com.br\/hmcc\/dia-mundial-sem-tabaco\/#article","isPartOf":{"@id":"https:\/\/www.fsfx.com.br\/hmcc\/dia-mundial-sem-tabaco\/"},"author":{"name":"claudio","@id":"https:\/\/www.fsfx.com.br\/hmcc\/#\/schema\/person\/7d2372fe1973398ab20a060bbb9a87d8"},"headline":"Dia Mundial Sem Tabaco","datePublished":"2021-05-28T13:50:35+00:00","mainEntityOfPage":{"@id":"https:\/\/www.fsfx.com.br\/hmcc\/dia-mundial-sem-tabaco\/"},"wordCount":670,"commentCount":0,"publisher":{"@id":"https:\/\/www.fsfx.com.br\/hmcc\/#organization"},"inLanguage":"pt-BR","potentialAction":[{"@type":"CommentAction","name":"Comment","target":["https:\/\/www.fsfx.com.br\/hmcc\/dia-mundial-sem-tabaco\/#respond"]}]},{"@type":"WebPage","@id":"https:\/\/www.fsfx.com.br\/hmcc\/dia-mundial-sem-tabaco\/","url":"https:\/\/www.fsfx.com.br\/hmcc\/dia-mundial-sem-tabaco\/","name":"Dia Mundial Sem Tabaco - Hospital Municipal Carlos Chagas","isPartOf":{"@id":"https:\/\/www.fsfx.com.br\/hmcc\/#website"},"datePublished":"2021-05-28T13:50:35+00:00","breadcrumb":{"@id":"https:\/\/www.fsfx.com.br\/hmcc\/dia-mundial-sem-tabaco\/#breadcrumb"},"inLanguage":"pt-BR","potentialAction":[{"@type":"ReadAction","target":["https:\/\/www.fsfx.com.br\/hmcc\/dia-mundial-sem-tabaco\/"]}]},{"@type":"BreadcrumbList","@id":"https:\/\/www.fsfx.com.br\/hmcc\/dia-mundial-sem-tabaco\/#breadcrumb","itemListElement":[{"@type":"ListItem","position":1,"name":"In\u00edcio","item":"https:\/\/www.fsfx.com.br\/hmcc\/"},{"@type":"ListItem","position":2,"name":"Dia Mundial Sem Tabaco"}]},{"@type":"WebSite","@id":"https:\/\/www.fsfx.com.br\/hmcc\/#website","url":"https:\/\/www.fsfx.com.br\/hmcc\/","name":"Hospital Municipal Carlos Chagas","description":"Hospital geral, administrado pela Funda\u00e7\u00e3o S\u00e3o Francisco Xavier, com atendimento 100% por meio do Sistema \u00danico de Sa\u00fade.","publisher":{"@id":"https:\/\/www.fsfx.com.br\/hmcc\/#organization"},"potentialAction":[{"@type":"SearchAction","target":{"@type":"EntryPoint","urlTemplate":"https:\/\/www.fsfx.com.br\/hmcc\/?s={search_term_string}"},"query-input":{"@type":"PropertyValueSpecification","valueRequired":true,"valueName":"search_term_string"}}],"inLanguage":"pt-BR"},{"@type":"Organization","@id":"https:\/\/www.fsfx.com.br\/hmcc\/#organization","name":"HMCC - Hospital Municipal Carlos Chagas","url":"https:\/\/www.fsfx.com.br\/hmcc\/","logo":{"@type":"ImageObject","inLanguage":"pt-BR","@id":"https:\/\/www.fsfx.com.br\/hmcc\/#\/schema\/logo\/image\/","url":"https:\/\/www.fsfx.com.br\/hmcc\/wp-content\/uploads\/sites\/5\/2022\/03\/logo-hmcc-sticky-header.png","contentUrl":"https:\/\/www.fsfx.com.br\/hmcc\/wp-content\/uploads\/sites\/5\/2022\/03\/logo-hmcc-sticky-header.png","width":261,"height":47,"caption":"HMCC - Hospital Municipal Carlos Chagas"},"image":{"@id":"https:\/\/www.fsfx.com.br\/hmcc\/#\/schema\/logo\/image\/"}},{"@type":"Person","@id":"https:\/\/www.fsfx.com.br\/hmcc\/#\/schema\/person\/7d2372fe1973398ab20a060bbb9a87d8","name":"claudio","image":{"@type":"ImageObject","inLanguage":"pt-BR","@id":"https:\/\/www.fsfx.com.br\/hmcc\/#\/schema\/person\/image\/","url":"https:\/\/secure.gravatar.com\/avatar\/724caacf0f2f073275cb3689c577e73e87e40150b1ffd648a67445e75aa7ff03?s=96&d=mm&r=g","contentUrl":"https:\/\/secure.gravatar.com\/avatar\/724caacf0f2f073275cb3689c577e73e87e40150b1ffd648a67445e75aa7ff03?s=96&d=mm&r=g","caption":"claudio"},"url":"https:\/\/www.fsfx.com.br\/hmcc\/author\/claudio\/"}]}},"_links":{"self":[{"href":"https:\/\/www.fsfx.com.br\/hmcc\/wp-json\/wp\/v2\/posts\/3105","targetHints":{"allow":["GET"]}}],"collection":[{"href":"https:\/\/www.fsfx.com.br\/hmcc\/wp-json\/wp\/v2\/posts"}],"about":[{"href":"https:\/\/www.fsfx.com.br\/hmcc\/wp-json\/wp\/v2\/types\/post"}],"author":[{"embeddable":true,"href":"https:\/\/www.fsfx.com.br\/hmcc\/wp-json\/wp\/v2\/users\/2"}],"replies":[{"embeddable":true,"href":"https:\/\/www.fsfx.com.br\/hmcc\/wp-json\/wp\/v2\/comments?post=3105"}],"version-history":[{"count":0,"href":"https:\/\/www.fsfx.com.br\/hmcc\/wp-json\/wp\/v2\/posts\/3105\/revisions"}],"wp:attachment":[{"href":"https:\/\/www.fsfx.com.br\/hmcc\/wp-json\/wp\/v2\/media?parent=3105"}],"wp:term":[{"taxonomy":"category","embeddable":true,"href":"https:\/\/www.fsfx.com.br\/hmcc\/wp-json\/wp\/v2\/categories?post=3105"},{"taxonomy":"post_tag","embeddable":true,"href":"https:\/\/www.fsfx.com.br\/hmcc\/wp-json\/wp\/v2\/tags?post=3105"}],"curies":[{"name":"wp","href":"https:\/\/api.w.org\/{rel}","templated":true}]}}