{"id":7504,"date":"2023-10-02T13:52:24","date_gmt":"2023-10-02T16:52:24","guid":{"rendered":"https:\/\/www.fsfx.com.br\/hmcc\/?p=7504"},"modified":"2023-10-02T13:52:24","modified_gmt":"2023-10-02T16:52:24","slug":"outubro-rosa-a-prevencao-como-caminho-que-salva-vidas","status":"publish","type":"post","link":"https:\/\/www.fsfx.com.br\/hmcc\/outubro-rosa-a-prevencao-como-caminho-que-salva-vidas\/","title":{"rendered":"Outubro Rosa: a preven\u00e7\u00e3o como caminho que salva vidas"},"content":{"rendered":"<p style=\"text-align: center\"><em>Oncologista e coordenador m\u00e9dico da Unidade de Oncologia do Hospital M\u00e1rcio Cunha fala sobre a import\u00e2ncia dos exames preventivos e o cen\u00e1rio de atendimentos relacionados \u00e0 doen\u00e7a<\/em><\/p>\n<p><img fetchpriority=\"high\" decoding=\"async\" class=\" wp-image-14294 alignleft\" src=\"https:\/\/www.fsfx.com.br\/wp-content\/uploads\/2023\/10\/Outubro-Rosa_Luciano-Viana-Souza-oncologista-e-coordenador-medico-169x300.jpeg\" alt=\"\" width=\"295\" height=\"524\" \/>O m\u00eas de outubro \u00e9 marcado por um movimento global, que abra\u00e7a uma causa elementar para a sa\u00fade da mulher: a import\u00e2ncia da preven\u00e7\u00e3o e do diagn\u00f3stico precoce do c\u00e2ncer de mama. Ainda que seja uma quest\u00e3o divulgada e debatida mundialmente, enquanto sa\u00fade p\u00fablica, o n\u00famero de mulheres diagnosticadas com a doen\u00e7a em todo o mundo \u00e9 crescente. No Brasil, segundo o Instituto Nacional do C\u00e2ncer \u2013 INCA, a patologia \u00e9 a que apresenta maior incid\u00eancia entre as mulheres, com estimativa de 74 mil novos casos at\u00e9 2025. Apesar da gravidade e da incid\u00eancia da doen\u00e7a, o diagn\u00f3stico precoce \u00e9 o grande aliado da mulher. \u201cSe diagnosticado precocemente, em est\u00e1gios iniciais, o c\u00e2ncer de mama tem mais de 90% de chances de cura. Por isso \u00e9 t\u00e3o importante realizar a mamografia, principal exame de rastreamento da doen\u00e7a\u201d, afirma o Luciano de Souza Viana, oncologista cl\u00ednico e coordenador m\u00e9dico da Unidade de Oncologia do Hospital M\u00e1rcio Cunha.<\/p>\n<p>Foi praticando o autocuidado que a assistente social, Alessandra Faria Soares Assis, 39 anos, chegou a um diagn\u00f3stico precoce da doen\u00e7a. Ap\u00f3s fazer o autoexame e perceber uma anormalidade, ela procurou um mastologista e foi direcionada a uma an\u00e1lise de bi\u00f3psia, que constatou resultado positivo para malignidade. Ap\u00f3s o diagn\u00f3stico, Alessandra iniciou o tratamento especializado na Unidade de Oncologia do Hospital M\u00e1rcio Cunha, em Ipatinga\/MG. A cirurgia para a retirada dos n\u00f3dulos e linfonodos ocorreu vinte e cinco dias ap\u00f3s o in\u00edcio do tratamento.<\/p>\n<p><img decoding=\"async\" class=\"wp-image-14293 alignright\" src=\"https:\/\/www.fsfx.com.br\/wp-content\/uploads\/2023\/10\/Outubro-Rosa-_Alessandra-Faria-Soares-Assis-300x297.jpeg\" alt=\"\" width=\"343\" height=\"340\" \/><\/p>\n<p>\u201c\u00c9 importante que todas as mulheres se toquem e procurem o acompanhamento m\u00e9dico peri\u00f3dico para preven\u00e7\u00e3o. Mulheres, n\u00e3o tenham medo das descobertas. Se o diagn\u00f3stico acontecer, lutem pela sua vida. \u00c9 poss\u00edvel vencer a batalha. Quem procura, acha cura!\u201d, celebra Alessandra.<\/p>\n<p>A assistente social \u00e9 moradora da cidade de Ipatinga, que \u00e9 uma das cidades da regi\u00e3o Leste Minas Gerais atendidas pela Unidade de Oncologia do Hospital M\u00e1rcio Cunha, que \u00e9 refer\u00eancia no tratamento a pacientes com c\u00e2ncer de mama, entre outros tipos da doen\u00e7a. A estat\u00edstica de casos de mulheres assistidas na unidade com a neoplasia tamb\u00e9m chama aten\u00e7\u00e3o. Em 2022, 302 mulheres com c\u00e2ncer de mama iniciaram tratamento na Institui\u00e7\u00e3o, \u00edndice que representa um aumento de 16% no n\u00famero de casos, quando comparado ao ano anterior, 2021, com 260 pacientes. A an\u00e1lise considera, ainda, que o p\u00fablico feminino com a doen\u00e7a \u00e9 maior nas faixas-et\u00e1rias entre 41 e 50 anos, e 51 e 60 anos, sendo a maior concentra\u00e7\u00e3o de casos registrados nas cidades de Ipatinga e Coronel Fabriciano.<\/p>\n<p>Segundo o oncologista, o INCA apontou uma redu\u00e7\u00e3o significativa na procura pela mamografia no Sistema \u00danico de Sa\u00fade (SUS). &#8220;A pandemia mudou a rotina das pessoas e mesmo com a mudan\u00e7a do cen\u00e1rio epidemiol\u00f3gico, as mulheres se afastaram do servi\u00e7o de sa\u00fade, desde a sa\u00fade b\u00e1sica at\u00e9 as mais especializadas\u201d, ressalta o especialista.<\/p>\n<p>A recomenda\u00e7\u00e3o atual do Minist\u00e9rio da Sa\u00fade \u00e9 que mulheres sem sintomas ou sinais de doen\u00e7a, com idade entre 50 e 69 anos, fa\u00e7am mamografia a cada dois anos. \u201cDados do INCA e da Sociedade Brasileira de Mastologia mostram que apenas 24,1% das mulheres realizam o rastreamento de forma regular. Esse percentual indica que as mulheres t\u00eam buscado o consult\u00f3rio m\u00e9dico a partir de algum sintoma incomum. Se ela \u00e9 parte do grupo que exige cuidados e aten\u00e7\u00e3o, mesmo que ela n\u00e3o apresente sintomas, \u00e9 necess\u00e1rio que ela fa\u00e7a o acompanhamento anual, junto ao mastologista\u201d, enfatiza o oncologista.<\/p>\n<p>\u00c9 importante o alerta da preven\u00e7\u00e3o independente da idade. Os dados apontam, ainda, que 25% das pacientes com diagn\u00f3stico de c\u00e2ncer de mama t\u00eam idade entre 40 e 50 anos e, nos \u00faltimos dois anos, observa-se um aumento da ocorr\u00eancia da doen\u00e7a em mulheres ainda mais jovens. O \u00edndice de casos de c\u00e2ncer de mama com mulheres com menos de 35 anos aumentou de 2% para 5% nos \u00faltimos anos. Segundo o especialista, a mudan\u00e7a pode ter rela\u00e7\u00e3o com o estilo de vida das pessoas, com o menor n\u00famero de filhos ou pela op\u00e7\u00e3o de n\u00e3o gestar e a gesta\u00e7\u00e3o mais tardia (ap\u00f3s os 30 anos de idade). Para a preven\u00e7\u00e3o da doen\u00e7a, \u00e9 importante evitar o sedentarismo, a ingest\u00e3o de bebidas alco\u00f3licas e manter uma alimenta\u00e7\u00e3o adequada, al\u00e9m de manter uma rotina de vida saud\u00e1vel. Estima-se que por meio da alimenta\u00e7\u00e3o, nutri\u00e7\u00e3o e atividade f\u00edsica \u00e9 poss\u00edvel reduzir em at\u00e9 28% o risco de a mulher desenvolver c\u00e2ncer de mama.<\/p>\n<p><strong>Tratamento no HMC<\/strong><\/p>\n<p>A Unidade de Oncologia do Hospital M\u00e1rcio Cunha (HMC) oferece um tratamento para diversos tipos de c\u00e2ncer, sendo refer\u00eancia para cerca de 1.3 milh\u00e3o de habitantes, de 68 munic\u00edpios do leste e nordeste mineiro. A estrutura da unidade comporta consult\u00f3rios com equipe multiprofissional capacitada para o atendimento oncol\u00f3gico e equipamentos modernos para diagn\u00f3stico e tratamento de c\u00e2ncer. As a\u00e7\u00f5es de humaniza\u00e7\u00e3o tamb\u00e9m s\u00e3o parte do cronograma de atua\u00e7\u00e3o que garantem a efici\u00eancia dos atendimentos prestados na unidade.<\/p>\n<p>Para pacientes em tratamento contra o c\u00e2ncer de mama, o HMC, possui em todas as suas unidades, uma equipe formada por mastologista, oncologista, radioterapeuta, psic\u00f3logo, al\u00e9m dispor de um n\u00facleo de cirurgia pl\u00e1stica que atende a cobertura da reconstru\u00e7\u00e3o de mama, comportando todas as etapas necess\u00e1rias para diagnosticar precocemente, tratar e reabilitar.<\/p>\n","protected":false},"excerpt":{"rendered":"<p>Oncologista e coordenador m\u00e9dico da Unidade de Oncologia do Hospital M\u00e1rcio Cunha fala sobre a import\u00e2ncia dos exames preventivos e o cen\u00e1rio de atendimentos relacionados \u00e0 doen\u00e7a O m\u00eas de outubro \u00e9 marcado por um movimento global, que abra\u00e7a uma causa elementar para a sa\u00fade da mulher: a import\u00e2ncia da preven\u00e7\u00e3o e do diagn\u00f3stico precoce [&hellip;]<\/p>\n","protected":false},"author":6,"featured_media":7505,"comment_status":"open","ping_status":"open","sticky":false,"template":"","format":"standard","meta":{"_acf_changed":false,"site-sidebar-layout":"default","site-content-layout":"","ast-site-content-layout":"default","site-content-style":"default","site-sidebar-style":"default","ast-global-header-display":"","ast-banner-title-visibility":"","ast-main-header-display":"","ast-hfb-above-header-display":"","ast-hfb-below-header-display":"","ast-hfb-mobile-header-display":"","site-post-title":"","ast-breadcrumbs-content":"","ast-featured-img":"","footer-sml-layout":"","theme-transparent-header-meta":"","adv-header-id-meta":"","stick-header-meta":"","header-above-stick-meta":"","header-main-stick-meta":"","header-below-stick-meta":"","astra-migrate-meta-layouts":"default","ast-page-background-enabled":"default","ast-page-background-meta":{"desktop":{"background-color":"var(--ast-global-color-4)","background-image":"","background-repeat":"repeat","background-position":"center center","background-size":"auto","background-attachment":"scroll","background-type":"","background-media":"","overlay-type":"","overlay-color":"","overlay-opacity":"","overlay-gradient":""},"tablet":{"background-color":"","background-image":"","background-repeat":"repeat","background-position":"center center","background-size":"auto","background-attachment":"scroll","background-type":"","background-media":"","overlay-type":"","overlay-color":"","overlay-opacity":"","overlay-gradient":""},"mobile":{"background-color":"","background-image":"","background-repeat":"repeat","background-position":"center center","background-size":"auto","background-attachment":"scroll","background-type":"","background-media":"","overlay-type":"","overlay-color":"","overlay-opacity":"","overlay-gradient":""}},"ast-content-background-meta":{"desktop":{"background-color":"var(--ast-global-color-5)","background-image":"","background-repeat":"repeat","background-position":"center center","background-size":"auto","background-attachment":"scroll","background-type":"","background-media":"","overlay-type":"","overlay-color":"","overlay-opacity":"","overlay-gradient":""},"tablet":{"background-color":"var(--ast-global-color-5)","background-image":"","background-repeat":"repeat","background-position":"center center","background-size":"auto","background-attachment":"scroll","background-type":"","background-media":"","overlay-type":"","overlay-color":"","overlay-opacity":"","overlay-gradient":""},"mobile":{"background-color":"var(--ast-global-color-5)","background-image":"","background-repeat":"repeat","background-position":"center center","background-size":"auto","background-attachment":"scroll","background-type":"","background-media":"","overlay-type":"","overlay-color":"","overlay-opacity":"","overlay-gradient":""}},"footnotes":""},"categories":[21],"tags":[],"class_list":["post-7504","post","type-post","status-publish","format-standard","has-post-thumbnail","hentry","category-saude"],"acf":[],"yoast_head":"<!-- This site is optimized with the Yoast SEO plugin v26.9 - https:\/\/yoast.com\/product\/yoast-seo-wordpress\/ -->\n<title>Outubro Rosa: a preven\u00e7\u00e3o como caminho que salva vidas - Hospital Municipal Carlos Chagas<\/title>\n<meta name=\"robots\" content=\"index, follow, max-snippet:-1, max-image-preview:large, max-video-preview:-1\" \/>\n<link rel=\"canonical\" href=\"https:\/\/www.fsfx.com.br\/hmcc\/outubro-rosa-a-prevencao-como-caminho-que-salva-vidas\/\" \/>\n<meta property=\"og:locale\" content=\"pt_BR\" \/>\n<meta property=\"og:type\" content=\"article\" \/>\n<meta property=\"og:title\" content=\"Outubro Rosa: a preven\u00e7\u00e3o como caminho que salva vidas - Hospital Municipal Carlos Chagas\" \/>\n<meta property=\"og:description\" content=\"Oncologista e coordenador m\u00e9dico da Unidade de Oncologia do Hospital M\u00e1rcio Cunha fala sobre a import\u00e2ncia dos exames preventivos e o cen\u00e1rio de atendimentos relacionados \u00e0 doen\u00e7a O m\u00eas de outubro \u00e9 marcado por um movimento global, que abra\u00e7a uma causa elementar para a sa\u00fade da mulher: a import\u00e2ncia da preven\u00e7\u00e3o e do diagn\u00f3stico precoce [&hellip;]\" \/>\n<meta property=\"og:url\" content=\"https:\/\/www.fsfx.com.br\/hmcc\/outubro-rosa-a-prevencao-como-caminho-que-salva-vidas\/\" \/>\n<meta property=\"og:site_name\" content=\"Hospital Municipal Carlos Chagas\" \/>\n<meta property=\"article:published_time\" content=\"2023-10-02T16:52:24+00:00\" \/>\n<meta property=\"og:image\" content=\"https:\/\/www.fsfx.com.br\/hmcc\/wp-content\/uploads\/sites\/5\/2023\/10\/iStock-1418215116.jpg\" \/>\n\t<meta property=\"og:image:width\" content=\"1920\" \/>\n\t<meta property=\"og:image:height\" content=\"1080\" \/>\n\t<meta property=\"og:image:type\" content=\"image\/jpeg\" \/>\n<meta name=\"author\" content=\"C\u00e1ssio Santana\" \/>\n<meta name=\"twitter:card\" content=\"summary_large_image\" \/>\n<meta name=\"twitter:label1\" content=\"Escrito por\" \/>\n\t<meta name=\"twitter:data1\" content=\"C\u00e1ssio Santana\" \/>\n\t<meta name=\"twitter:label2\" content=\"Est. tempo de leitura\" \/>\n\t<meta name=\"twitter:data2\" content=\"6 minutos\" \/>\n<script type=\"application\/ld+json\" class=\"yoast-schema-graph\">{\"@context\":\"https:\/\/schema.org\",\"@graph\":[{\"@type\":\"Article\",\"@id\":\"https:\/\/www.fsfx.com.br\/hmcc\/outubro-rosa-a-prevencao-como-caminho-que-salva-vidas\/#article\",\"isPartOf\":{\"@id\":\"https:\/\/www.fsfx.com.br\/hmcc\/outubro-rosa-a-prevencao-como-caminho-que-salva-vidas\/\"},\"author\":{\"name\":\"C\u00e1ssio Santana\",\"@id\":\"https:\/\/www.fsfx.com.br\/hmcc\/#\/schema\/person\/6bf2cced2b7a5d5d78f5610fc8f52504\"},\"headline\":\"Outubro Rosa: a preven\u00e7\u00e3o como caminho que salva vidas\",\"datePublished\":\"2023-10-02T16:52:24+00:00\",\"mainEntityOfPage\":{\"@id\":\"https:\/\/www.fsfx.com.br\/hmcc\/outubro-rosa-a-prevencao-como-caminho-que-salva-vidas\/\"},\"wordCount\":979,\"commentCount\":0,\"publisher\":{\"@id\":\"https:\/\/www.fsfx.com.br\/hmcc\/#organization\"},\"image\":{\"@id\":\"https:\/\/www.fsfx.com.br\/hmcc\/outubro-rosa-a-prevencao-como-caminho-que-salva-vidas\/#primaryimage\"},\"thumbnailUrl\":\"https:\/\/www.fsfx.com.br\/hmcc\/wp-content\/uploads\/sites\/5\/2023\/10\/iStock-1418215116.jpg\",\"articleSection\":[\"Sa\u00fade\"],\"inLanguage\":\"pt-BR\",\"potentialAction\":[{\"@type\":\"CommentAction\",\"name\":\"Comment\",\"target\":[\"https:\/\/www.fsfx.com.br\/hmcc\/outubro-rosa-a-prevencao-como-caminho-que-salva-vidas\/#respond\"]}]},{\"@type\":\"WebPage\",\"@id\":\"https:\/\/www.fsfx.com.br\/hmcc\/outubro-rosa-a-prevencao-como-caminho-que-salva-vidas\/\",\"url\":\"https:\/\/www.fsfx.com.br\/hmcc\/outubro-rosa-a-prevencao-como-caminho-que-salva-vidas\/\",\"name\":\"Outubro Rosa: a preven\u00e7\u00e3o como caminho que salva vidas - Hospital Municipal Carlos Chagas\",\"isPartOf\":{\"@id\":\"https:\/\/www.fsfx.com.br\/hmcc\/#website\"},\"primaryImageOfPage\":{\"@id\":\"https:\/\/www.fsfx.com.br\/hmcc\/outubro-rosa-a-prevencao-como-caminho-que-salva-vidas\/#primaryimage\"},\"image\":{\"@id\":\"https:\/\/www.fsfx.com.br\/hmcc\/outubro-rosa-a-prevencao-como-caminho-que-salva-vidas\/#primaryimage\"},\"thumbnailUrl\":\"https:\/\/www.fsfx.com.br\/hmcc\/wp-content\/uploads\/sites\/5\/2023\/10\/iStock-1418215116.jpg\",\"datePublished\":\"2023-10-02T16:52:24+00:00\",\"breadcrumb\":{\"@id\":\"https:\/\/www.fsfx.com.br\/hmcc\/outubro-rosa-a-prevencao-como-caminho-que-salva-vidas\/#breadcrumb\"},\"inLanguage\":\"pt-BR\",\"potentialAction\":[{\"@type\":\"ReadAction\",\"target\":[\"https:\/\/www.fsfx.com.br\/hmcc\/outubro-rosa-a-prevencao-como-caminho-que-salva-vidas\/\"]}]},{\"@type\":\"ImageObject\",\"inLanguage\":\"pt-BR\",\"@id\":\"https:\/\/www.fsfx.com.br\/hmcc\/outubro-rosa-a-prevencao-como-caminho-que-salva-vidas\/#primaryimage\",\"url\":\"https:\/\/www.fsfx.com.br\/hmcc\/wp-content\/uploads\/sites\/5\/2023\/10\/iStock-1418215116.jpg\",\"contentUrl\":\"https:\/\/www.fsfx.com.br\/hmcc\/wp-content\/uploads\/sites\/5\/2023\/10\/iStock-1418215116.jpg\",\"width\":1920,\"height\":1080},{\"@type\":\"BreadcrumbList\",\"@id\":\"https:\/\/www.fsfx.com.br\/hmcc\/outubro-rosa-a-prevencao-como-caminho-que-salva-vidas\/#breadcrumb\",\"itemListElement\":[{\"@type\":\"ListItem\",\"position\":1,\"name\":\"In\u00edcio\",\"item\":\"https:\/\/www.fsfx.com.br\/hmcc\/\"},{\"@type\":\"ListItem\",\"position\":2,\"name\":\"Outubro Rosa: a preven\u00e7\u00e3o como caminho que salva vidas\"}]},{\"@type\":\"WebSite\",\"@id\":\"https:\/\/www.fsfx.com.br\/hmcc\/#website\",\"url\":\"https:\/\/www.fsfx.com.br\/hmcc\/\",\"name\":\"Hospital Municipal Carlos Chagas\",\"description\":\"Hospital geral, administrado pela Funda\u00e7\u00e3o S\u00e3o Francisco Xavier, com atendimento 100% por meio do Sistema \u00danico de Sa\u00fade.\",\"publisher\":{\"@id\":\"https:\/\/www.fsfx.com.br\/hmcc\/#organization\"},\"potentialAction\":[{\"@type\":\"SearchAction\",\"target\":{\"@type\":\"EntryPoint\",\"urlTemplate\":\"https:\/\/www.fsfx.com.br\/hmcc\/?s={search_term_string}\"},\"query-input\":{\"@type\":\"PropertyValueSpecification\",\"valueRequired\":true,\"valueName\":\"search_term_string\"}}],\"inLanguage\":\"pt-BR\"},{\"@type\":\"Organization\",\"@id\":\"https:\/\/www.fsfx.com.br\/hmcc\/#organization\",\"name\":\"HMCC - Hospital Municipal Carlos Chagas\",\"url\":\"https:\/\/www.fsfx.com.br\/hmcc\/\",\"logo\":{\"@type\":\"ImageObject\",\"inLanguage\":\"pt-BR\",\"@id\":\"https:\/\/www.fsfx.com.br\/hmcc\/#\/schema\/logo\/image\/\",\"url\":\"https:\/\/www.fsfx.com.br\/hmcc\/wp-content\/uploads\/sites\/5\/2022\/03\/logo-hmcc-sticky-header.png\",\"contentUrl\":\"https:\/\/www.fsfx.com.br\/hmcc\/wp-content\/uploads\/sites\/5\/2022\/03\/logo-hmcc-sticky-header.png\",\"width\":261,\"height\":47,\"caption\":\"HMCC - Hospital Municipal Carlos Chagas\"},\"image\":{\"@id\":\"https:\/\/www.fsfx.com.br\/hmcc\/#\/schema\/logo\/image\/\"}},{\"@type\":\"Person\",\"@id\":\"https:\/\/www.fsfx.com.br\/hmcc\/#\/schema\/person\/6bf2cced2b7a5d5d78f5610fc8f52504\",\"name\":\"C\u00e1ssio Santana\",\"image\":{\"@type\":\"ImageObject\",\"inLanguage\":\"pt-BR\",\"@id\":\"https:\/\/www.fsfx.com.br\/hmcc\/#\/schema\/person\/image\/\",\"url\":\"https:\/\/secure.gravatar.com\/avatar\/ef79739de3edd2f5c2e7c4930b0808c62af99fc5520eaadc7899948f8bc6d2e1?s=96&d=mm&r=g\",\"contentUrl\":\"https:\/\/secure.gravatar.com\/avatar\/ef79739de3edd2f5c2e7c4930b0808c62af99fc5520eaadc7899948f8bc6d2e1?s=96&d=mm&r=g\",\"caption\":\"C\u00e1ssio Santana\"},\"url\":\"https:\/\/www.fsfx.com.br\/hmcc\/author\/cassio\/\"}]}<\/script>\n<!-- \/ Yoast SEO plugin. -->","yoast_head_json":{"title":"Outubro Rosa: a preven\u00e7\u00e3o como caminho que salva vidas - Hospital Municipal Carlos Chagas","robots":{"index":"index","follow":"follow","max-snippet":"max-snippet:-1","max-image-preview":"max-image-preview:large","max-video-preview":"max-video-preview:-1"},"canonical":"https:\/\/www.fsfx.com.br\/hmcc\/outubro-rosa-a-prevencao-como-caminho-que-salva-vidas\/","og_locale":"pt_BR","og_type":"article","og_title":"Outubro Rosa: a preven\u00e7\u00e3o como caminho que salva vidas - Hospital Municipal Carlos Chagas","og_description":"Oncologista e coordenador m\u00e9dico da Unidade de Oncologia do Hospital M\u00e1rcio Cunha fala sobre a import\u00e2ncia dos exames preventivos e o cen\u00e1rio de atendimentos relacionados \u00e0 doen\u00e7a O m\u00eas de outubro \u00e9 marcado por um movimento global, que abra\u00e7a uma causa elementar para a sa\u00fade da mulher: a import\u00e2ncia da preven\u00e7\u00e3o e do diagn\u00f3stico precoce [&hellip;]","og_url":"https:\/\/www.fsfx.com.br\/hmcc\/outubro-rosa-a-prevencao-como-caminho-que-salva-vidas\/","og_site_name":"Hospital Municipal Carlos Chagas","article_published_time":"2023-10-02T16:52:24+00:00","og_image":[{"width":1920,"height":1080,"url":"https:\/\/www.fsfx.com.br\/hmcc\/wp-content\/uploads\/sites\/5\/2023\/10\/iStock-1418215116.jpg","type":"image\/jpeg"}],"author":"C\u00e1ssio Santana","twitter_card":"summary_large_image","twitter_misc":{"Escrito por":"C\u00e1ssio Santana","Est. tempo de leitura":"6 minutos"},"schema":{"@context":"https:\/\/schema.org","@graph":[{"@type":"Article","@id":"https:\/\/www.fsfx.com.br\/hmcc\/outubro-rosa-a-prevencao-como-caminho-que-salva-vidas\/#article","isPartOf":{"@id":"https:\/\/www.fsfx.com.br\/hmcc\/outubro-rosa-a-prevencao-como-caminho-que-salva-vidas\/"},"author":{"name":"C\u00e1ssio Santana","@id":"https:\/\/www.fsfx.com.br\/hmcc\/#\/schema\/person\/6bf2cced2b7a5d5d78f5610fc8f52504"},"headline":"Outubro Rosa: a preven\u00e7\u00e3o como caminho que salva vidas","datePublished":"2023-10-02T16:52:24+00:00","mainEntityOfPage":{"@id":"https:\/\/www.fsfx.com.br\/hmcc\/outubro-rosa-a-prevencao-como-caminho-que-salva-vidas\/"},"wordCount":979,"commentCount":0,"publisher":{"@id":"https:\/\/www.fsfx.com.br\/hmcc\/#organization"},"image":{"@id":"https:\/\/www.fsfx.com.br\/hmcc\/outubro-rosa-a-prevencao-como-caminho-que-salva-vidas\/#primaryimage"},"thumbnailUrl":"https:\/\/www.fsfx.com.br\/hmcc\/wp-content\/uploads\/sites\/5\/2023\/10\/iStock-1418215116.jpg","articleSection":["Sa\u00fade"],"inLanguage":"pt-BR","potentialAction":[{"@type":"CommentAction","name":"Comment","target":["https:\/\/www.fsfx.com.br\/hmcc\/outubro-rosa-a-prevencao-como-caminho-que-salva-vidas\/#respond"]}]},{"@type":"WebPage","@id":"https:\/\/www.fsfx.com.br\/hmcc\/outubro-rosa-a-prevencao-como-caminho-que-salva-vidas\/","url":"https:\/\/www.fsfx.com.br\/hmcc\/outubro-rosa-a-prevencao-como-caminho-que-salva-vidas\/","name":"Outubro Rosa: a preven\u00e7\u00e3o como caminho que salva vidas - Hospital Municipal Carlos Chagas","isPartOf":{"@id":"https:\/\/www.fsfx.com.br\/hmcc\/#website"},"primaryImageOfPage":{"@id":"https:\/\/www.fsfx.com.br\/hmcc\/outubro-rosa-a-prevencao-como-caminho-que-salva-vidas\/#primaryimage"},"image":{"@id":"https:\/\/www.fsfx.com.br\/hmcc\/outubro-rosa-a-prevencao-como-caminho-que-salva-vidas\/#primaryimage"},"thumbnailUrl":"https:\/\/www.fsfx.com.br\/hmcc\/wp-content\/uploads\/sites\/5\/2023\/10\/iStock-1418215116.jpg","datePublished":"2023-10-02T16:52:24+00:00","breadcrumb":{"@id":"https:\/\/www.fsfx.com.br\/hmcc\/outubro-rosa-a-prevencao-como-caminho-que-salva-vidas\/#breadcrumb"},"inLanguage":"pt-BR","potentialAction":[{"@type":"ReadAction","target":["https:\/\/www.fsfx.com.br\/hmcc\/outubro-rosa-a-prevencao-como-caminho-que-salva-vidas\/"]}]},{"@type":"ImageObject","inLanguage":"pt-BR","@id":"https:\/\/www.fsfx.com.br\/hmcc\/outubro-rosa-a-prevencao-como-caminho-que-salva-vidas\/#primaryimage","url":"https:\/\/www.fsfx.com.br\/hmcc\/wp-content\/uploads\/sites\/5\/2023\/10\/iStock-1418215116.jpg","contentUrl":"https:\/\/www.fsfx.com.br\/hmcc\/wp-content\/uploads\/sites\/5\/2023\/10\/iStock-1418215116.jpg","width":1920,"height":1080},{"@type":"BreadcrumbList","@id":"https:\/\/www.fsfx.com.br\/hmcc\/outubro-rosa-a-prevencao-como-caminho-que-salva-vidas\/#breadcrumb","itemListElement":[{"@type":"ListItem","position":1,"name":"In\u00edcio","item":"https:\/\/www.fsfx.com.br\/hmcc\/"},{"@type":"ListItem","position":2,"name":"Outubro Rosa: a preven\u00e7\u00e3o como caminho que salva vidas"}]},{"@type":"WebSite","@id":"https:\/\/www.fsfx.com.br\/hmcc\/#website","url":"https:\/\/www.fsfx.com.br\/hmcc\/","name":"Hospital Municipal Carlos Chagas","description":"Hospital geral, administrado pela Funda\u00e7\u00e3o S\u00e3o Francisco Xavier, com atendimento 100% por meio do Sistema \u00danico de Sa\u00fade.","publisher":{"@id":"https:\/\/www.fsfx.com.br\/hmcc\/#organization"},"potentialAction":[{"@type":"SearchAction","target":{"@type":"EntryPoint","urlTemplate":"https:\/\/www.fsfx.com.br\/hmcc\/?s={search_term_string}"},"query-input":{"@type":"PropertyValueSpecification","valueRequired":true,"valueName":"search_term_string"}}],"inLanguage":"pt-BR"},{"@type":"Organization","@id":"https:\/\/www.fsfx.com.br\/hmcc\/#organization","name":"HMCC - Hospital Municipal Carlos Chagas","url":"https:\/\/www.fsfx.com.br\/hmcc\/","logo":{"@type":"ImageObject","inLanguage":"pt-BR","@id":"https:\/\/www.fsfx.com.br\/hmcc\/#\/schema\/logo\/image\/","url":"https:\/\/www.fsfx.com.br\/hmcc\/wp-content\/uploads\/sites\/5\/2022\/03\/logo-hmcc-sticky-header.png","contentUrl":"https:\/\/www.fsfx.com.br\/hmcc\/wp-content\/uploads\/sites\/5\/2022\/03\/logo-hmcc-sticky-header.png","width":261,"height":47,"caption":"HMCC - Hospital Municipal Carlos Chagas"},"image":{"@id":"https:\/\/www.fsfx.com.br\/hmcc\/#\/schema\/logo\/image\/"}},{"@type":"Person","@id":"https:\/\/www.fsfx.com.br\/hmcc\/#\/schema\/person\/6bf2cced2b7a5d5d78f5610fc8f52504","name":"C\u00e1ssio Santana","image":{"@type":"ImageObject","inLanguage":"pt-BR","@id":"https:\/\/www.fsfx.com.br\/hmcc\/#\/schema\/person\/image\/","url":"https:\/\/secure.gravatar.com\/avatar\/ef79739de3edd2f5c2e7c4930b0808c62af99fc5520eaadc7899948f8bc6d2e1?s=96&d=mm&r=g","contentUrl":"https:\/\/secure.gravatar.com\/avatar\/ef79739de3edd2f5c2e7c4930b0808c62af99fc5520eaadc7899948f8bc6d2e1?s=96&d=mm&r=g","caption":"C\u00e1ssio Santana"},"url":"https:\/\/www.fsfx.com.br\/hmcc\/author\/cassio\/"}]}},"_links":{"self":[{"href":"https:\/\/www.fsfx.com.br\/hmcc\/wp-json\/wp\/v2\/posts\/7504","targetHints":{"allow":["GET"]}}],"collection":[{"href":"https:\/\/www.fsfx.com.br\/hmcc\/wp-json\/wp\/v2\/posts"}],"about":[{"href":"https:\/\/www.fsfx.com.br\/hmcc\/wp-json\/wp\/v2\/types\/post"}],"author":[{"embeddable":true,"href":"https:\/\/www.fsfx.com.br\/hmcc\/wp-json\/wp\/v2\/users\/6"}],"replies":[{"embeddable":true,"href":"https:\/\/www.fsfx.com.br\/hmcc\/wp-json\/wp\/v2\/comments?post=7504"}],"version-history":[{"count":1,"href":"https:\/\/www.fsfx.com.br\/hmcc\/wp-json\/wp\/v2\/posts\/7504\/revisions"}],"predecessor-version":[{"id":7506,"href":"https:\/\/www.fsfx.com.br\/hmcc\/wp-json\/wp\/v2\/posts\/7504\/revisions\/7506"}],"wp:featuredmedia":[{"embeddable":true,"href":"https:\/\/www.fsfx.com.br\/hmcc\/wp-json\/wp\/v2\/media\/7505"}],"wp:attachment":[{"href":"https:\/\/www.fsfx.com.br\/hmcc\/wp-json\/wp\/v2\/media?parent=7504"}],"wp:term":[{"taxonomy":"category","embeddable":true,"href":"https:\/\/www.fsfx.com.br\/hmcc\/wp-json\/wp\/v2\/categories?post=7504"},{"taxonomy":"post_tag","embeddable":true,"href":"https:\/\/www.fsfx.com.br\/hmcc\/wp-json\/wp\/v2\/tags?post=7504"}],"curies":[{"name":"wp","href":"https:\/\/api.w.org\/{rel}","templated":true}]}}