{"id":7674,"date":"2024-02-19T12:05:51","date_gmt":"2024-02-19T15:05:51","guid":{"rendered":"https:\/\/www.fsfx.com.br\/hmcc\/?p=7674"},"modified":"2024-02-19T12:05:51","modified_gmt":"2024-02-19T15:05:51","slug":"alem-do-descanso-os-beneficios-do-sono-para-a-saude-fisica-e-mental","status":"publish","type":"post","link":"https:\/\/www.fsfx.com.br\/hmcc\/alem-do-descanso-os-beneficios-do-sono-para-a-saude-fisica-e-mental\/","title":{"rendered":"Al\u00e9m do descanso: os benef\u00edcios do sono para a sa\u00fade f\u00edsica e mental"},"content":{"rendered":"<p style=\"text-align: center\"><em>M\u00e9dico do Hospital M\u00e1rcio Cunha alerta sobre a priva\u00e7\u00e3o do sono que pode levar a dist\u00farbios como depress\u00e3o, ins\u00f4nia e apneia. <\/em><\/p>\n<p>O sono adequado desempenha um papel vital no funcionamento otimizado do organismo, sendo crucial para a manuten\u00e7\u00e3o da sa\u00fade f\u00edsica e mental. Segundo a literatura m\u00e9dica, o sono de qualidade \u00e9 fundamental para o corpo recuperar as energias, para a regula\u00e7\u00e3o de horm\u00f4nios, a consolida\u00e7\u00e3o de mem\u00f3rias e ainda desempenha um papel importante na regula\u00e7\u00e3o do apetite e metabolismo, contribuindo para a manuten\u00e7\u00e3o de um peso saud\u00e1vel e a preven\u00e7\u00e3o da obesidade. Apesar de todos os benef\u00edcios, mais da metade dos brasileiros, 65% da popula\u00e7\u00e3o, n\u00e3o desfrutam de um boa noite de descanso. \u00c9 o que aponta o estudo <a href=\"https:\/\/www.sciencedirect.com\/science\/article\/pii\/S2667343622000014\">Epidemiologia do Sono<\/a>, publicado na revista cient\u00edfica <em>SiencDirect<\/em>.<\/p>\n<p><img fetchpriority=\"high\" decoding=\"async\" class=\" wp-image-15310 alignleft\" src=\"https:\/\/www.fsfx.com.br\/wp-content\/uploads\/2024\/02\/Neimar-Rodrigues-Costa-medico-clinico-do-Hospital-Marcio-Cunha-221x300.jpeg\" alt=\"\" width=\"328\" height=\"445\" \/>Para o m\u00e9dico cl\u00ednico do Hospital M\u00e1rcio Cunha, unidade administrada pela Funda\u00e7\u00e3o S\u00e3o Francisco Xavier, Neimar Rodrigues Costa, a priva\u00e7\u00e3o do sono pode gerar uma variedade de efeitos negativos no corpo e na mente, podendo variar de leves a graves, dependendo da extens\u00e3o da priva\u00e7\u00e3o do sono. Os efeitos mais comuns s\u00e3o a fadiga diurna, irritabilidade, dificuldade na concentra\u00e7\u00e3o e mem\u00f3ria, d\u00e9ficit no desempenho f\u00edsico. A priva\u00e7\u00e3o cr\u00f4nica de sono tamb\u00e9m est\u00e1 associada a dist\u00farbios de humor, como a depress\u00e3o, que compromete a fun\u00e7\u00e3o cognitiva, afetando a concentra\u00e7\u00e3o e o desempenho mental. Outro transtorno comum \u00e9 a apneia obstrutiva, condi\u00e7\u00e3o em que a respira\u00e7\u00e3o \u00e9 interrompida repetidamente durante a noite, aumentando o risco de problemas cardiovasculares.<\/p>\n<p>\u201cA sa\u00fade mental \u00e9 profundamente impactada por um boa noite de sono, envolvendo a regula\u00e7\u00e3o de neurotransmissores essenciais, como serotonina e dopamina. Quem se priva, compromete a produ\u00e7\u00e3o adequada de c\u00e9lulas de defesa, anticorpos e outros componentes do sistema imunol\u00f3gico, enfraquecendo a capacidade do corpo de combater infec\u00e7\u00f5es\u201d, alerta o m\u00e9dico.<\/p>\n<p>Para a medicina, o sono \u00e9 caracterizado por um estado fisiol\u00f3gico essencial para a sa\u00fade e bem-estar, definido por uma redu\u00e7\u00e3o da atividade cerebral consciente e uma diminui\u00e7\u00e3o da resposta aos est\u00edmulos do ambiente. O estado de repouso \u00e9 dividido em ciclos que consistem em est\u00e1gios diferentes, sendo os principais o sono REM (Rapid Eye Movement) e o sono n\u00e3o REM. Durante o sono n\u00e3o REM, o corpo relaxa e se recupera, enquanto no sono REM ocorrem sonhos intensos e a atividade cerebral se assemelha ao estado de vig\u00edlia. O ciclo completo \u00e9 crucial para fun\u00e7\u00f5es cognitivas, regula\u00e7\u00e3o emocional e manuten\u00e7\u00e3o da sa\u00fade f\u00edsica.<\/p>\n<p><strong>Benef\u00edcios<\/strong><\/p>\n<p>A rela\u00e7\u00e3o entre sono e pr\u00e1tica de atividade f\u00edsica tamb\u00e9m \u00e9 ben\u00e9fica para aqueles que usufruem de um sono restaurador. Dormir bem influencia a recupera\u00e7\u00e3o muscular e o desempenho durante o exerc\u00edcio. O sono profundo \u00e9 essencial para a libera\u00e7\u00e3o de horm\u00f4nios necess\u00e1rios \u00e0 repara\u00e7\u00e3o e crescimento dos tecidos musculares, al\u00e9m de contribuir para a regula\u00e7\u00e3o do equil\u00edbrio energ\u00e9tico.<\/p>\n<p>\u201cO recomend\u00e1vel \u00e9 que os adultos durmam em m\u00e9dia 8 horas por dia, para ter um descanso consider\u00e1vel. O repouso repercute positivamente no desempenho di\u00e1rio de uma pessoa, podendo favorecer situa\u00e7\u00f5es que exigem desde foco e concentra\u00e7\u00e3o ou performance que requer esfor\u00e7o f\u00edsico\u201d, recomenda.<\/p>\n<p>Para criar um ambiente prop\u00edcio ao sono saud\u00e1vel, Neimar orienta que \u00e9 importante considerar fatores como, ambiente com baixa luminosidade, sil\u00eancio, temperatura adequada e conforto do colch\u00e3o e travesseiros. \u00c9 recomend\u00e1vel evitar o uso de dispositivos tecnol\u00f3gicos antes de dormir, buscar desenvolver uma rotina relaxante e limitar est\u00edmulos como o uso de cafe\u00edna e nicotina. Para o m\u00e9dico, incorporar essas caracter\u00edsticas no per\u00edodo noturno proporcionar\u00e1 um sono restaurador, essencial para a sa\u00fade geral e o bem-estar.<\/p>\n","protected":false},"excerpt":{"rendered":"<p>M\u00e9dico do Hospital M\u00e1rcio Cunha alerta sobre a priva\u00e7\u00e3o do sono que pode levar a dist\u00farbios como depress\u00e3o, ins\u00f4nia e apneia. O sono adequado desempenha um papel vital no funcionamento otimizado do organismo, sendo crucial para a manuten\u00e7\u00e3o da sa\u00fade f\u00edsica e mental. Segundo a literatura m\u00e9dica, o sono de qualidade \u00e9 fundamental para o [&hellip;]<\/p>\n","protected":false},"author":6,"featured_media":7675,"comment_status":"open","ping_status":"open","sticky":false,"template":"","format":"standard","meta":{"_acf_changed":false,"site-sidebar-layout":"default","site-content-layout":"","ast-site-content-layout":"default","site-content-style":"default","site-sidebar-style":"default","ast-global-header-display":"","ast-banner-title-visibility":"","ast-main-header-display":"","ast-hfb-above-header-display":"","ast-hfb-below-header-display":"","ast-hfb-mobile-header-display":"","site-post-title":"","ast-breadcrumbs-content":"","ast-featured-img":"","footer-sml-layout":"","theme-transparent-header-meta":"","adv-header-id-meta":"","stick-header-meta":"","header-above-stick-meta":"","header-main-stick-meta":"","header-below-stick-meta":"","astra-migrate-meta-layouts":"default","ast-page-background-enabled":"default","ast-page-background-meta":{"desktop":{"background-color":"var(--ast-global-color-4)","background-image":"","background-repeat":"repeat","background-position":"center center","background-size":"auto","background-attachment":"scroll","background-type":"","background-media":"","overlay-type":"","overlay-color":"","overlay-opacity":"","overlay-gradient":""},"tablet":{"background-color":"","background-image":"","background-repeat":"repeat","background-position":"center center","background-size":"auto","background-attachment":"scroll","background-type":"","background-media":"","overlay-type":"","overlay-color":"","overlay-opacity":"","overlay-gradient":""},"mobile":{"background-color":"","background-image":"","background-repeat":"repeat","background-position":"center center","background-size":"auto","background-attachment":"scroll","background-type":"","background-media":"","overlay-type":"","overlay-color":"","overlay-opacity":"","overlay-gradient":""}},"ast-content-background-meta":{"desktop":{"background-color":"var(--ast-global-color-5)","background-image":"","background-repeat":"repeat","background-position":"center center","background-size":"auto","background-attachment":"scroll","background-type":"","background-media":"","overlay-type":"","overlay-color":"","overlay-opacity":"","overlay-gradient":""},"tablet":{"background-color":"var(--ast-global-color-5)","background-image":"","background-repeat":"repeat","background-position":"center center","background-size":"auto","background-attachment":"scroll","background-type":"","background-media":"","overlay-type":"","overlay-color":"","overlay-opacity":"","overlay-gradient":""},"mobile":{"background-color":"var(--ast-global-color-5)","background-image":"","background-repeat":"repeat","background-position":"center center","background-size":"auto","background-attachment":"scroll","background-type":"","background-media":"","overlay-type":"","overlay-color":"","overlay-opacity":"","overlay-gradient":""}},"footnotes":""},"categories":[21],"tags":[],"class_list":["post-7674","post","type-post","status-publish","format-standard","has-post-thumbnail","hentry","category-saude"],"acf":[],"yoast_head":"<!-- This site is optimized with the Yoast SEO plugin v26.9 - https:\/\/yoast.com\/product\/yoast-seo-wordpress\/ -->\n<title>Al\u00e9m do descanso: os benef\u00edcios do sono para a sa\u00fade f\u00edsica e mental - Hospital Municipal Carlos Chagas<\/title>\n<meta name=\"robots\" content=\"index, follow, max-snippet:-1, max-image-preview:large, max-video-preview:-1\" \/>\n<link rel=\"canonical\" href=\"https:\/\/www.fsfx.com.br\/hmcc\/alem-do-descanso-os-beneficios-do-sono-para-a-saude-fisica-e-mental\/\" \/>\n<meta property=\"og:locale\" content=\"pt_BR\" \/>\n<meta property=\"og:type\" content=\"article\" \/>\n<meta property=\"og:title\" content=\"Al\u00e9m do descanso: os benef\u00edcios do sono para a sa\u00fade f\u00edsica e mental - Hospital Municipal Carlos Chagas\" \/>\n<meta property=\"og:description\" content=\"M\u00e9dico do Hospital M\u00e1rcio Cunha alerta sobre a priva\u00e7\u00e3o do sono que pode levar a dist\u00farbios como depress\u00e3o, ins\u00f4nia e apneia. O sono adequado desempenha um papel vital no funcionamento otimizado do organismo, sendo crucial para a manuten\u00e7\u00e3o da sa\u00fade f\u00edsica e mental. Segundo a literatura m\u00e9dica, o sono de qualidade \u00e9 fundamental para o [&hellip;]\" \/>\n<meta property=\"og:url\" content=\"https:\/\/www.fsfx.com.br\/hmcc\/alem-do-descanso-os-beneficios-do-sono-para-a-saude-fisica-e-mental\/\" \/>\n<meta property=\"og:site_name\" content=\"Hospital Municipal Carlos Chagas\" \/>\n<meta property=\"article:published_time\" content=\"2024-02-19T15:05:51+00:00\" \/>\n<meta property=\"og:image\" content=\"https:\/\/www.fsfx.com.br\/hmcc\/wp-content\/uploads\/sites\/5\/2024\/02\/iStock-1319025775.jpg\" \/>\n\t<meta property=\"og:image:width\" content=\"1920\" \/>\n\t<meta property=\"og:image:height\" content=\"1280\" \/>\n\t<meta property=\"og:image:type\" content=\"image\/jpeg\" \/>\n<meta name=\"author\" content=\"C\u00e1ssio Santana\" \/>\n<meta name=\"twitter:card\" content=\"summary_large_image\" \/>\n<meta name=\"twitter:label1\" content=\"Escrito por\" \/>\n\t<meta name=\"twitter:data1\" content=\"C\u00e1ssio Santana\" \/>\n\t<meta name=\"twitter:label2\" content=\"Est. tempo de leitura\" \/>\n\t<meta name=\"twitter:data2\" content=\"4 minutos\" \/>\n<script type=\"application\/ld+json\" class=\"yoast-schema-graph\">{\"@context\":\"https:\/\/schema.org\",\"@graph\":[{\"@type\":\"Article\",\"@id\":\"https:\/\/www.fsfx.com.br\/hmcc\/alem-do-descanso-os-beneficios-do-sono-para-a-saude-fisica-e-mental\/#article\",\"isPartOf\":{\"@id\":\"https:\/\/www.fsfx.com.br\/hmcc\/alem-do-descanso-os-beneficios-do-sono-para-a-saude-fisica-e-mental\/\"},\"author\":{\"name\":\"C\u00e1ssio Santana\",\"@id\":\"https:\/\/www.fsfx.com.br\/hmcc\/#\/schema\/person\/6bf2cced2b7a5d5d78f5610fc8f52504\"},\"headline\":\"Al\u00e9m do descanso: os benef\u00edcios do sono para a sa\u00fade f\u00edsica e mental\",\"datePublished\":\"2024-02-19T15:05:51+00:00\",\"mainEntityOfPage\":{\"@id\":\"https:\/\/www.fsfx.com.br\/hmcc\/alem-do-descanso-os-beneficios-do-sono-para-a-saude-fisica-e-mental\/\"},\"wordCount\":681,\"commentCount\":0,\"publisher\":{\"@id\":\"https:\/\/www.fsfx.com.br\/hmcc\/#organization\"},\"image\":{\"@id\":\"https:\/\/www.fsfx.com.br\/hmcc\/alem-do-descanso-os-beneficios-do-sono-para-a-saude-fisica-e-mental\/#primaryimage\"},\"thumbnailUrl\":\"https:\/\/www.fsfx.com.br\/hmcc\/wp-content\/uploads\/sites\/5\/2024\/02\/iStock-1319025775.jpg\",\"articleSection\":[\"Sa\u00fade\"],\"inLanguage\":\"pt-BR\",\"potentialAction\":[{\"@type\":\"CommentAction\",\"name\":\"Comment\",\"target\":[\"https:\/\/www.fsfx.com.br\/hmcc\/alem-do-descanso-os-beneficios-do-sono-para-a-saude-fisica-e-mental\/#respond\"]}]},{\"@type\":\"WebPage\",\"@id\":\"https:\/\/www.fsfx.com.br\/hmcc\/alem-do-descanso-os-beneficios-do-sono-para-a-saude-fisica-e-mental\/\",\"url\":\"https:\/\/www.fsfx.com.br\/hmcc\/alem-do-descanso-os-beneficios-do-sono-para-a-saude-fisica-e-mental\/\",\"name\":\"Al\u00e9m do descanso: os benef\u00edcios do sono para a sa\u00fade f\u00edsica e mental - Hospital Municipal Carlos Chagas\",\"isPartOf\":{\"@id\":\"https:\/\/www.fsfx.com.br\/hmcc\/#website\"},\"primaryImageOfPage\":{\"@id\":\"https:\/\/www.fsfx.com.br\/hmcc\/alem-do-descanso-os-beneficios-do-sono-para-a-saude-fisica-e-mental\/#primaryimage\"},\"image\":{\"@id\":\"https:\/\/www.fsfx.com.br\/hmcc\/alem-do-descanso-os-beneficios-do-sono-para-a-saude-fisica-e-mental\/#primaryimage\"},\"thumbnailUrl\":\"https:\/\/www.fsfx.com.br\/hmcc\/wp-content\/uploads\/sites\/5\/2024\/02\/iStock-1319025775.jpg\",\"datePublished\":\"2024-02-19T15:05:51+00:00\",\"breadcrumb\":{\"@id\":\"https:\/\/www.fsfx.com.br\/hmcc\/alem-do-descanso-os-beneficios-do-sono-para-a-saude-fisica-e-mental\/#breadcrumb\"},\"inLanguage\":\"pt-BR\",\"potentialAction\":[{\"@type\":\"ReadAction\",\"target\":[\"https:\/\/www.fsfx.com.br\/hmcc\/alem-do-descanso-os-beneficios-do-sono-para-a-saude-fisica-e-mental\/\"]}]},{\"@type\":\"ImageObject\",\"inLanguage\":\"pt-BR\",\"@id\":\"https:\/\/www.fsfx.com.br\/hmcc\/alem-do-descanso-os-beneficios-do-sono-para-a-saude-fisica-e-mental\/#primaryimage\",\"url\":\"https:\/\/www.fsfx.com.br\/hmcc\/wp-content\/uploads\/sites\/5\/2024\/02\/iStock-1319025775.jpg\",\"contentUrl\":\"https:\/\/www.fsfx.com.br\/hmcc\/wp-content\/uploads\/sites\/5\/2024\/02\/iStock-1319025775.jpg\",\"width\":1920,\"height\":1280},{\"@type\":\"BreadcrumbList\",\"@id\":\"https:\/\/www.fsfx.com.br\/hmcc\/alem-do-descanso-os-beneficios-do-sono-para-a-saude-fisica-e-mental\/#breadcrumb\",\"itemListElement\":[{\"@type\":\"ListItem\",\"position\":1,\"name\":\"In\u00edcio\",\"item\":\"https:\/\/www.fsfx.com.br\/hmcc\/\"},{\"@type\":\"ListItem\",\"position\":2,\"name\":\"Al\u00e9m do descanso: os benef\u00edcios do sono para a sa\u00fade f\u00edsica e mental\"}]},{\"@type\":\"WebSite\",\"@id\":\"https:\/\/www.fsfx.com.br\/hmcc\/#website\",\"url\":\"https:\/\/www.fsfx.com.br\/hmcc\/\",\"name\":\"Hospital Municipal Carlos Chagas\",\"description\":\"Hospital geral, administrado pela Funda\u00e7\u00e3o S\u00e3o Francisco Xavier, com atendimento 100% por meio do Sistema \u00danico de Sa\u00fade.\",\"publisher\":{\"@id\":\"https:\/\/www.fsfx.com.br\/hmcc\/#organization\"},\"potentialAction\":[{\"@type\":\"SearchAction\",\"target\":{\"@type\":\"EntryPoint\",\"urlTemplate\":\"https:\/\/www.fsfx.com.br\/hmcc\/?s={search_term_string}\"},\"query-input\":{\"@type\":\"PropertyValueSpecification\",\"valueRequired\":true,\"valueName\":\"search_term_string\"}}],\"inLanguage\":\"pt-BR\"},{\"@type\":\"Organization\",\"@id\":\"https:\/\/www.fsfx.com.br\/hmcc\/#organization\",\"name\":\"HMCC - Hospital Municipal Carlos Chagas\",\"url\":\"https:\/\/www.fsfx.com.br\/hmcc\/\",\"logo\":{\"@type\":\"ImageObject\",\"inLanguage\":\"pt-BR\",\"@id\":\"https:\/\/www.fsfx.com.br\/hmcc\/#\/schema\/logo\/image\/\",\"url\":\"https:\/\/www.fsfx.com.br\/hmcc\/wp-content\/uploads\/sites\/5\/2022\/03\/logo-hmcc-sticky-header.png\",\"contentUrl\":\"https:\/\/www.fsfx.com.br\/hmcc\/wp-content\/uploads\/sites\/5\/2022\/03\/logo-hmcc-sticky-header.png\",\"width\":261,\"height\":47,\"caption\":\"HMCC - Hospital Municipal Carlos Chagas\"},\"image\":{\"@id\":\"https:\/\/www.fsfx.com.br\/hmcc\/#\/schema\/logo\/image\/\"}},{\"@type\":\"Person\",\"@id\":\"https:\/\/www.fsfx.com.br\/hmcc\/#\/schema\/person\/6bf2cced2b7a5d5d78f5610fc8f52504\",\"name\":\"C\u00e1ssio Santana\",\"image\":{\"@type\":\"ImageObject\",\"inLanguage\":\"pt-BR\",\"@id\":\"https:\/\/www.fsfx.com.br\/hmcc\/#\/schema\/person\/image\/\",\"url\":\"https:\/\/secure.gravatar.com\/avatar\/ef79739de3edd2f5c2e7c4930b0808c62af99fc5520eaadc7899948f8bc6d2e1?s=96&d=mm&r=g\",\"contentUrl\":\"https:\/\/secure.gravatar.com\/avatar\/ef79739de3edd2f5c2e7c4930b0808c62af99fc5520eaadc7899948f8bc6d2e1?s=96&d=mm&r=g\",\"caption\":\"C\u00e1ssio Santana\"},\"url\":\"https:\/\/www.fsfx.com.br\/hmcc\/author\/cassio\/\"}]}<\/script>\n<!-- \/ Yoast SEO plugin. -->","yoast_head_json":{"title":"Al\u00e9m do descanso: os benef\u00edcios do sono para a sa\u00fade f\u00edsica e mental - Hospital Municipal Carlos Chagas","robots":{"index":"index","follow":"follow","max-snippet":"max-snippet:-1","max-image-preview":"max-image-preview:large","max-video-preview":"max-video-preview:-1"},"canonical":"https:\/\/www.fsfx.com.br\/hmcc\/alem-do-descanso-os-beneficios-do-sono-para-a-saude-fisica-e-mental\/","og_locale":"pt_BR","og_type":"article","og_title":"Al\u00e9m do descanso: os benef\u00edcios do sono para a sa\u00fade f\u00edsica e mental - Hospital Municipal Carlos Chagas","og_description":"M\u00e9dico do Hospital M\u00e1rcio Cunha alerta sobre a priva\u00e7\u00e3o do sono que pode levar a dist\u00farbios como depress\u00e3o, ins\u00f4nia e apneia. O sono adequado desempenha um papel vital no funcionamento otimizado do organismo, sendo crucial para a manuten\u00e7\u00e3o da sa\u00fade f\u00edsica e mental. Segundo a literatura m\u00e9dica, o sono de qualidade \u00e9 fundamental para o [&hellip;]","og_url":"https:\/\/www.fsfx.com.br\/hmcc\/alem-do-descanso-os-beneficios-do-sono-para-a-saude-fisica-e-mental\/","og_site_name":"Hospital Municipal Carlos Chagas","article_published_time":"2024-02-19T15:05:51+00:00","og_image":[{"width":1920,"height":1280,"url":"https:\/\/www.fsfx.com.br\/hmcc\/wp-content\/uploads\/sites\/5\/2024\/02\/iStock-1319025775.jpg","type":"image\/jpeg"}],"author":"C\u00e1ssio Santana","twitter_card":"summary_large_image","twitter_misc":{"Escrito por":"C\u00e1ssio Santana","Est. tempo de leitura":"4 minutos"},"schema":{"@context":"https:\/\/schema.org","@graph":[{"@type":"Article","@id":"https:\/\/www.fsfx.com.br\/hmcc\/alem-do-descanso-os-beneficios-do-sono-para-a-saude-fisica-e-mental\/#article","isPartOf":{"@id":"https:\/\/www.fsfx.com.br\/hmcc\/alem-do-descanso-os-beneficios-do-sono-para-a-saude-fisica-e-mental\/"},"author":{"name":"C\u00e1ssio Santana","@id":"https:\/\/www.fsfx.com.br\/hmcc\/#\/schema\/person\/6bf2cced2b7a5d5d78f5610fc8f52504"},"headline":"Al\u00e9m do descanso: os benef\u00edcios do sono para a sa\u00fade f\u00edsica e mental","datePublished":"2024-02-19T15:05:51+00:00","mainEntityOfPage":{"@id":"https:\/\/www.fsfx.com.br\/hmcc\/alem-do-descanso-os-beneficios-do-sono-para-a-saude-fisica-e-mental\/"},"wordCount":681,"commentCount":0,"publisher":{"@id":"https:\/\/www.fsfx.com.br\/hmcc\/#organization"},"image":{"@id":"https:\/\/www.fsfx.com.br\/hmcc\/alem-do-descanso-os-beneficios-do-sono-para-a-saude-fisica-e-mental\/#primaryimage"},"thumbnailUrl":"https:\/\/www.fsfx.com.br\/hmcc\/wp-content\/uploads\/sites\/5\/2024\/02\/iStock-1319025775.jpg","articleSection":["Sa\u00fade"],"inLanguage":"pt-BR","potentialAction":[{"@type":"CommentAction","name":"Comment","target":["https:\/\/www.fsfx.com.br\/hmcc\/alem-do-descanso-os-beneficios-do-sono-para-a-saude-fisica-e-mental\/#respond"]}]},{"@type":"WebPage","@id":"https:\/\/www.fsfx.com.br\/hmcc\/alem-do-descanso-os-beneficios-do-sono-para-a-saude-fisica-e-mental\/","url":"https:\/\/www.fsfx.com.br\/hmcc\/alem-do-descanso-os-beneficios-do-sono-para-a-saude-fisica-e-mental\/","name":"Al\u00e9m do descanso: os benef\u00edcios do sono para a sa\u00fade f\u00edsica e mental - Hospital Municipal Carlos Chagas","isPartOf":{"@id":"https:\/\/www.fsfx.com.br\/hmcc\/#website"},"primaryImageOfPage":{"@id":"https:\/\/www.fsfx.com.br\/hmcc\/alem-do-descanso-os-beneficios-do-sono-para-a-saude-fisica-e-mental\/#primaryimage"},"image":{"@id":"https:\/\/www.fsfx.com.br\/hmcc\/alem-do-descanso-os-beneficios-do-sono-para-a-saude-fisica-e-mental\/#primaryimage"},"thumbnailUrl":"https:\/\/www.fsfx.com.br\/hmcc\/wp-content\/uploads\/sites\/5\/2024\/02\/iStock-1319025775.jpg","datePublished":"2024-02-19T15:05:51+00:00","breadcrumb":{"@id":"https:\/\/www.fsfx.com.br\/hmcc\/alem-do-descanso-os-beneficios-do-sono-para-a-saude-fisica-e-mental\/#breadcrumb"},"inLanguage":"pt-BR","potentialAction":[{"@type":"ReadAction","target":["https:\/\/www.fsfx.com.br\/hmcc\/alem-do-descanso-os-beneficios-do-sono-para-a-saude-fisica-e-mental\/"]}]},{"@type":"ImageObject","inLanguage":"pt-BR","@id":"https:\/\/www.fsfx.com.br\/hmcc\/alem-do-descanso-os-beneficios-do-sono-para-a-saude-fisica-e-mental\/#primaryimage","url":"https:\/\/www.fsfx.com.br\/hmcc\/wp-content\/uploads\/sites\/5\/2024\/02\/iStock-1319025775.jpg","contentUrl":"https:\/\/www.fsfx.com.br\/hmcc\/wp-content\/uploads\/sites\/5\/2024\/02\/iStock-1319025775.jpg","width":1920,"height":1280},{"@type":"BreadcrumbList","@id":"https:\/\/www.fsfx.com.br\/hmcc\/alem-do-descanso-os-beneficios-do-sono-para-a-saude-fisica-e-mental\/#breadcrumb","itemListElement":[{"@type":"ListItem","position":1,"name":"In\u00edcio","item":"https:\/\/www.fsfx.com.br\/hmcc\/"},{"@type":"ListItem","position":2,"name":"Al\u00e9m do descanso: os benef\u00edcios do sono para a sa\u00fade f\u00edsica e mental"}]},{"@type":"WebSite","@id":"https:\/\/www.fsfx.com.br\/hmcc\/#website","url":"https:\/\/www.fsfx.com.br\/hmcc\/","name":"Hospital Municipal Carlos Chagas","description":"Hospital geral, administrado pela Funda\u00e7\u00e3o S\u00e3o Francisco Xavier, com atendimento 100% por meio do Sistema \u00danico de Sa\u00fade.","publisher":{"@id":"https:\/\/www.fsfx.com.br\/hmcc\/#organization"},"potentialAction":[{"@type":"SearchAction","target":{"@type":"EntryPoint","urlTemplate":"https:\/\/www.fsfx.com.br\/hmcc\/?s={search_term_string}"},"query-input":{"@type":"PropertyValueSpecification","valueRequired":true,"valueName":"search_term_string"}}],"inLanguage":"pt-BR"},{"@type":"Organization","@id":"https:\/\/www.fsfx.com.br\/hmcc\/#organization","name":"HMCC - Hospital Municipal Carlos Chagas","url":"https:\/\/www.fsfx.com.br\/hmcc\/","logo":{"@type":"ImageObject","inLanguage":"pt-BR","@id":"https:\/\/www.fsfx.com.br\/hmcc\/#\/schema\/logo\/image\/","url":"https:\/\/www.fsfx.com.br\/hmcc\/wp-content\/uploads\/sites\/5\/2022\/03\/logo-hmcc-sticky-header.png","contentUrl":"https:\/\/www.fsfx.com.br\/hmcc\/wp-content\/uploads\/sites\/5\/2022\/03\/logo-hmcc-sticky-header.png","width":261,"height":47,"caption":"HMCC - Hospital Municipal Carlos Chagas"},"image":{"@id":"https:\/\/www.fsfx.com.br\/hmcc\/#\/schema\/logo\/image\/"}},{"@type":"Person","@id":"https:\/\/www.fsfx.com.br\/hmcc\/#\/schema\/person\/6bf2cced2b7a5d5d78f5610fc8f52504","name":"C\u00e1ssio Santana","image":{"@type":"ImageObject","inLanguage":"pt-BR","@id":"https:\/\/www.fsfx.com.br\/hmcc\/#\/schema\/person\/image\/","url":"https:\/\/secure.gravatar.com\/avatar\/ef79739de3edd2f5c2e7c4930b0808c62af99fc5520eaadc7899948f8bc6d2e1?s=96&d=mm&r=g","contentUrl":"https:\/\/secure.gravatar.com\/avatar\/ef79739de3edd2f5c2e7c4930b0808c62af99fc5520eaadc7899948f8bc6d2e1?s=96&d=mm&r=g","caption":"C\u00e1ssio Santana"},"url":"https:\/\/www.fsfx.com.br\/hmcc\/author\/cassio\/"}]}},"_links":{"self":[{"href":"https:\/\/www.fsfx.com.br\/hmcc\/wp-json\/wp\/v2\/posts\/7674","targetHints":{"allow":["GET"]}}],"collection":[{"href":"https:\/\/www.fsfx.com.br\/hmcc\/wp-json\/wp\/v2\/posts"}],"about":[{"href":"https:\/\/www.fsfx.com.br\/hmcc\/wp-json\/wp\/v2\/types\/post"}],"author":[{"embeddable":true,"href":"https:\/\/www.fsfx.com.br\/hmcc\/wp-json\/wp\/v2\/users\/6"}],"replies":[{"embeddable":true,"href":"https:\/\/www.fsfx.com.br\/hmcc\/wp-json\/wp\/v2\/comments?post=7674"}],"version-history":[{"count":1,"href":"https:\/\/www.fsfx.com.br\/hmcc\/wp-json\/wp\/v2\/posts\/7674\/revisions"}],"predecessor-version":[{"id":7676,"href":"https:\/\/www.fsfx.com.br\/hmcc\/wp-json\/wp\/v2\/posts\/7674\/revisions\/7676"}],"wp:featuredmedia":[{"embeddable":true,"href":"https:\/\/www.fsfx.com.br\/hmcc\/wp-json\/wp\/v2\/media\/7675"}],"wp:attachment":[{"href":"https:\/\/www.fsfx.com.br\/hmcc\/wp-json\/wp\/v2\/media?parent=7674"}],"wp:term":[{"taxonomy":"category","embeddable":true,"href":"https:\/\/www.fsfx.com.br\/hmcc\/wp-json\/wp\/v2\/categories?post=7674"},{"taxonomy":"post_tag","embeddable":true,"href":"https:\/\/www.fsfx.com.br\/hmcc\/wp-json\/wp\/v2\/tags?post=7674"}],"curies":[{"name":"wp","href":"https:\/\/api.w.org\/{rel}","templated":true}]}}