{"id":7775,"date":"2024-05-29T15:48:14","date_gmt":"2024-05-29T18:48:14","guid":{"rendered":"https:\/\/www.fsfx.com.br\/hmcc\/?p=7775"},"modified":"2024-05-29T15:48:14","modified_gmt":"2024-05-29T18:48:14","slug":"dia-mundial-sem-tabaco-especialista-da-fsfx-reforca-a-importancia-da-conscientizacao-e-do-apoio-para-quem-busca-abandonar-o-vicio","status":"publish","type":"post","link":"https:\/\/www.fsfx.com.br\/hmcc\/dia-mundial-sem-tabaco-especialista-da-fsfx-reforca-a-importancia-da-conscientizacao-e-do-apoio-para-quem-busca-abandonar-o-vicio\/","title":{"rendered":"Dia Mundial Sem Tabaco: especialista da FSFX refor\u00e7a a import\u00e2ncia da conscientiza\u00e7\u00e3o e do apoio para quem busca abandonar o v\u00edcio"},"content":{"rendered":"<p style=\"text-align: center\"><em>Comemorada em 31 de maio, a data refor\u00e7a os danos causados pelo cigarro para quem fuma e quem convive com fumantes<\/em><\/p>\n<p style=\"text-align: center\"><em>\u00a0<\/em><\/p>\n<p>Criado pela Organiza\u00e7\u00e3o Mundial da Sa\u00fade (OMS) em 31 de maio de 1987, o Dia Mundial Sem Tabaco tem o objetivo de alertar a sociedade sobre as doen\u00e7as e mortes relacionadas ao tabagismo, doen\u00e7a que causa cerca de 8 milh\u00f5es de mortes por ano.<\/p>\n<p><img fetchpriority=\"high\" decoding=\"async\" class=\"size-medium wp-image-17559 alignleft\" src=\"https:\/\/www.fsfx.com.br\/wp-content\/uploads\/2024\/05\/Dr.-Bernardo-da-Cunha-Pires-medico-pneumologista-do-Hospital-Marcio-Cunha-168x300.jpeg\" alt=\"\" width=\"168\" height=\"300\" \/>A longo prazo, o uso do tabaco aumenta em mais de 50% as chances de desenvolvimento de c\u00e2ncer, conforme afirma o Dr. Bernardo da Cunha Pires, m\u00e9dico pneumologista do Hospital M\u00e1rcio Cunha. \u201cO tabaco \u00e9 respons\u00e1vel pela maioria dos casos de c\u00e2ncer de pulm\u00e3o e desempenha um papel significativo em eventos graves como acidentes cerebrovasculares e ataques card\u00edacos\u201d, refor\u00e7a.<\/p>\n<p>Al\u00e9m do c\u00e2ncer, mais de 50 doen\u00e7as est\u00e3o associadas ao tabagismo. A nicotina aumenta a press\u00e3o arterial e a frequ\u00eancia card\u00edaca, danifica os vasos sangu\u00edneos e promove a forma\u00e7\u00e3o de co\u00e1gulo sangu\u00edneos. Esses efeitos combinados podem resultar em obstru\u00e7\u00f5es das art\u00e9rias e eventos cardiovasculares graves.<\/p>\n<p>A OMS considera o tabagismo um fator de risco evit\u00e1vel, uma vez que seu uso \u00e9 uma escolha individual. Vale ressaltar que al\u00e9m da pessoa que fuma, aquela que convive com o fumante tamb\u00e9m \u00e9 diretamente afetada. Segundo Dr. Bernardo, os beb\u00eas expostos ao tabagismo passivo t\u00eam cinco vezes mais chances de morte s\u00fabita. \u201cAs crian\u00e7as enfrentam um maior risco de desenvolver bronquite, asma e pneumonia. Al\u00e9m disso, a exposi\u00e7\u00e3o \u00e0 fuma\u00e7a do cigarro aumenta em 24% a probabilidade de ter um infarto agudo do mioc\u00e1rdio para aquelas que n\u00e3o fumam ativamente\u201d, ressalta.<\/p>\n<p>Desde a cria\u00e7\u00e3o do Dia Mundial Sem Tabaco, em 1987, observam-se avan\u00e7os significativos na conscientiza\u00e7\u00e3o sobre os malef\u00edcios do tabaco e na implementa\u00e7\u00e3o de medidas de controle do tabagismo em muitos pa\u00edses. No entanto, ainda h\u00e1 muito a ser feito para proteger a sa\u00fade p\u00fablica e reduzir o impacto do tabagismo em escala global. Segundo Dr. Bernardo, procurar grupos de apoio e buscar orienta\u00e7\u00e3o de um m\u00e9dico capacitado s\u00e3o passos essenciais para quem deseja parar de fumar. \u201cSe voc\u00ea \u00e9 fumante e deseja se libertar desse h\u00e1bito prejudicial, busque a ajuda de um pneumologista ou cl\u00ednico experiente em cessa\u00e7\u00e3o do tabagismo. Entendemos que o cigarro cria uma depend\u00eancia dif\u00edcil de superar, mas se voc\u00ea deseja parar, se preocupa com sua sa\u00fade e com a daqueles que ama, n\u00e3o hesite em buscar ajuda\u201d, aconselha.<\/p>\n<p><strong>Cigarros eletr\u00f4nicos<\/strong><\/p>\n<p>Nos \u00faltimos anos, tem-se observado o surgimento dos cigarros eletr\u00f4nicos e dos vapes que s\u00e3o promovidos como alternativas para atrair as pessoas ao seu consumo, seja como uma forma de parar de fumar ou como substitutos do cigarro convencional. Um novo estudo publicado no peri\u00f3dico Tobacco Control aponta que o uso frequente do aparelho por adolescentes pode aumentar o risco de exposi\u00e7\u00e3o ao chumbo e ao ur\u00e2nio, potencialmente prejudicando o desenvolvimento do c\u00e9rebro e outros \u00f3rg\u00e3os do corpo. Al\u00e9m disso, diversas subst\u00e2ncias identificadas nos vapes podem ser cancer\u00edgenas e causar depend\u00eancia, assim como no cigarro convencional. Essas descobertas ressaltam a necessidade de uma avalia\u00e7\u00e3o cuidadosa dos riscos associados ao uso dos cigarros eletr\u00f4nicos e vapes.<\/p>\n<p><strong>Sobre a Funda\u00e7\u00e3o S\u00e3o Francisco Xavier <\/strong><\/p>\n<p>Criada h\u00e1 54 anos, a Funda\u00e7\u00e3o S\u00e3o Francisco Xavier \u00e9 uma entidade beneficente de assist\u00eancia social, reconhecida pelo Minist\u00e9rio da Sa\u00fade. Presente em cinco estados brasileiros e com mais de 5.500 colaboradores, a FSFX administra duas unidades hospitalares, o Hospital M\u00e1rcio Cunha (HMC) em Ipatinga (MG), e o Hospital Carlos Chagas (HMCC) Itabira (MG). Com uma gest\u00e3o marcada pela responsabilidade, pela oferta de atendimentos de excel\u00eancia e pelas melhores pr\u00e1ticas de seguran\u00e7a, as unidades hospitalares contabilizam mais de 70% de seus atendimentos feitos a pacientes do Sistema \u00danico de Sa\u00fade (SUS).<\/p>\n","protected":false},"excerpt":{"rendered":"<p>Comemorada em 31 de maio, a data refor\u00e7a os danos causados pelo cigarro para quem fuma e quem convive com fumantes \u00a0 Criado pela Organiza\u00e7\u00e3o Mundial da Sa\u00fade (OMS) em 31 de maio de 1987, o Dia Mundial Sem Tabaco tem o objetivo de alertar a sociedade sobre as doen\u00e7as e mortes relacionadas ao tabagismo, [&hellip;]<\/p>\n","protected":false},"author":6,"featured_media":7776,"comment_status":"closed","ping_status":"closed","sticky":false,"template":"","format":"standard","meta":{"_acf_changed":false,"site-sidebar-layout":"default","site-content-layout":"","ast-site-content-layout":"default","site-content-style":"default","site-sidebar-style":"default","ast-global-header-display":"","ast-banner-title-visibility":"","ast-main-header-display":"","ast-hfb-above-header-display":"","ast-hfb-below-header-display":"","ast-hfb-mobile-header-display":"","site-post-title":"","ast-breadcrumbs-content":"","ast-featured-img":"","footer-sml-layout":"","theme-transparent-header-meta":"","adv-header-id-meta":"","stick-header-meta":"","header-above-stick-meta":"","header-main-stick-meta":"","header-below-stick-meta":"","astra-migrate-meta-layouts":"default","ast-page-background-enabled":"default","ast-page-background-meta":{"desktop":{"background-color":"var(--ast-global-color-4)","background-image":"","background-repeat":"repeat","background-position":"center center","background-size":"auto","background-attachment":"scroll","background-type":"","background-media":"","overlay-type":"","overlay-color":"","overlay-opacity":"","overlay-gradient":""},"tablet":{"background-color":"","background-image":"","background-repeat":"repeat","background-position":"center center","background-size":"auto","background-attachment":"scroll","background-type":"","background-media":"","overlay-type":"","overlay-color":"","overlay-opacity":"","overlay-gradient":""},"mobile":{"background-color":"","background-image":"","background-repeat":"repeat","background-position":"center center","background-size":"auto","background-attachment":"scroll","background-type":"","background-media":"","overlay-type":"","overlay-color":"","overlay-opacity":"","overlay-gradient":""}},"ast-content-background-meta":{"desktop":{"background-color":"var(--ast-global-color-5)","background-image":"","background-repeat":"repeat","background-position":"center center","background-size":"auto","background-attachment":"scroll","background-type":"","background-media":"","overlay-type":"","overlay-color":"","overlay-opacity":"","overlay-gradient":""},"tablet":{"background-color":"var(--ast-global-color-5)","background-image":"","background-repeat":"repeat","background-position":"center center","background-size":"auto","background-attachment":"scroll","background-type":"","background-media":"","overlay-type":"","overlay-color":"","overlay-opacity":"","overlay-gradient":""},"mobile":{"background-color":"var(--ast-global-color-5)","background-image":"","background-repeat":"repeat","background-position":"center center","background-size":"auto","background-attachment":"scroll","background-type":"","background-media":"","overlay-type":"","overlay-color":"","overlay-opacity":"","overlay-gradient":""}},"footnotes":""},"categories":[21],"tags":[],"class_list":["post-7775","post","type-post","status-publish","format-standard","has-post-thumbnail","hentry","category-saude"],"acf":[],"yoast_head":"<!-- This site is optimized with the Yoast SEO plugin v26.9 - https:\/\/yoast.com\/product\/yoast-seo-wordpress\/ -->\n<title>Dia Mundial Sem Tabaco: especialista da FSFX refor\u00e7a a import\u00e2ncia da conscientiza\u00e7\u00e3o e do apoio para quem busca abandonar o v\u00edcio - Hospital Municipal Carlos Chagas<\/title>\n<meta name=\"robots\" content=\"index, follow, max-snippet:-1, max-image-preview:large, max-video-preview:-1\" \/>\n<link rel=\"canonical\" href=\"https:\/\/www.fsfx.com.br\/hmcc\/dia-mundial-sem-tabaco-especialista-da-fsfx-reforca-a-importancia-da-conscientizacao-e-do-apoio-para-quem-busca-abandonar-o-vicio\/\" \/>\n<meta property=\"og:locale\" content=\"pt_BR\" \/>\n<meta property=\"og:type\" content=\"article\" \/>\n<meta property=\"og:title\" content=\"Dia Mundial Sem Tabaco: especialista da FSFX refor\u00e7a a import\u00e2ncia da conscientiza\u00e7\u00e3o e do apoio para quem busca abandonar o v\u00edcio - Hospital Municipal Carlos Chagas\" \/>\n<meta property=\"og:description\" content=\"Comemorada em 31 de maio, a data refor\u00e7a os danos causados pelo cigarro para quem fuma e quem convive com fumantes \u00a0 Criado pela Organiza\u00e7\u00e3o Mundial da Sa\u00fade (OMS) em 31 de maio de 1987, o Dia Mundial Sem Tabaco tem o objetivo de alertar a sociedade sobre as doen\u00e7as e mortes relacionadas ao tabagismo, [&hellip;]\" \/>\n<meta property=\"og:url\" content=\"https:\/\/www.fsfx.com.br\/hmcc\/dia-mundial-sem-tabaco-especialista-da-fsfx-reforca-a-importancia-da-conscientizacao-e-do-apoio-para-quem-busca-abandonar-o-vicio\/\" \/>\n<meta property=\"og:site_name\" content=\"Hospital Municipal Carlos Chagas\" \/>\n<meta property=\"article:published_time\" content=\"2024-05-29T18:48:14+00:00\" \/>\n<meta property=\"og:image\" content=\"https:\/\/www.fsfx.com.br\/hmcc\/wp-content\/uploads\/sites\/5\/2024\/05\/Dr.-Bernardo-da-Cunha-Pires-medico-pneumologista-do-Hospital-Marcio-Cunha-destaques.jpg\" \/>\n\t<meta property=\"og:image:width\" content=\"715\" \/>\n\t<meta property=\"og:image:height\" content=\"637\" \/>\n\t<meta property=\"og:image:type\" content=\"image\/jpeg\" \/>\n<meta name=\"author\" content=\"C\u00e1ssio Santana\" \/>\n<meta name=\"twitter:card\" content=\"summary_large_image\" \/>\n<meta name=\"twitter:label1\" content=\"Escrito por\" \/>\n\t<meta name=\"twitter:data1\" content=\"C\u00e1ssio Santana\" \/>\n\t<meta name=\"twitter:label2\" content=\"Est. tempo de leitura\" \/>\n\t<meta name=\"twitter:data2\" content=\"4 minutos\" \/>\n<script type=\"application\/ld+json\" class=\"yoast-schema-graph\">{\"@context\":\"https:\/\/schema.org\",\"@graph\":[{\"@type\":\"Article\",\"@id\":\"https:\/\/www.fsfx.com.br\/hmcc\/dia-mundial-sem-tabaco-especialista-da-fsfx-reforca-a-importancia-da-conscientizacao-e-do-apoio-para-quem-busca-abandonar-o-vicio\/#article\",\"isPartOf\":{\"@id\":\"https:\/\/www.fsfx.com.br\/hmcc\/dia-mundial-sem-tabaco-especialista-da-fsfx-reforca-a-importancia-da-conscientizacao-e-do-apoio-para-quem-busca-abandonar-o-vicio\/\"},\"author\":{\"name\":\"C\u00e1ssio Santana\",\"@id\":\"https:\/\/www.fsfx.com.br\/hmcc\/#\/schema\/person\/6bf2cced2b7a5d5d78f5610fc8f52504\"},\"headline\":\"Dia Mundial Sem Tabaco: especialista da FSFX refor\u00e7a a import\u00e2ncia da conscientiza\u00e7\u00e3o e do apoio para quem busca abandonar o v\u00edcio\",\"datePublished\":\"2024-05-29T18:48:14+00:00\",\"mainEntityOfPage\":{\"@id\":\"https:\/\/www.fsfx.com.br\/hmcc\/dia-mundial-sem-tabaco-especialista-da-fsfx-reforca-a-importancia-da-conscientizacao-e-do-apoio-para-quem-busca-abandonar-o-vicio\/\"},\"wordCount\":701,\"publisher\":{\"@id\":\"https:\/\/www.fsfx.com.br\/hmcc\/#organization\"},\"image\":{\"@id\":\"https:\/\/www.fsfx.com.br\/hmcc\/dia-mundial-sem-tabaco-especialista-da-fsfx-reforca-a-importancia-da-conscientizacao-e-do-apoio-para-quem-busca-abandonar-o-vicio\/#primaryimage\"},\"thumbnailUrl\":\"https:\/\/www.fsfx.com.br\/hmcc\/wp-content\/uploads\/sites\/5\/2024\/05\/Dr.-Bernardo-da-Cunha-Pires-medico-pneumologista-do-Hospital-Marcio-Cunha-destaques.jpg\",\"articleSection\":[\"Sa\u00fade\"],\"inLanguage\":\"pt-BR\"},{\"@type\":\"WebPage\",\"@id\":\"https:\/\/www.fsfx.com.br\/hmcc\/dia-mundial-sem-tabaco-especialista-da-fsfx-reforca-a-importancia-da-conscientizacao-e-do-apoio-para-quem-busca-abandonar-o-vicio\/\",\"url\":\"https:\/\/www.fsfx.com.br\/hmcc\/dia-mundial-sem-tabaco-especialista-da-fsfx-reforca-a-importancia-da-conscientizacao-e-do-apoio-para-quem-busca-abandonar-o-vicio\/\",\"name\":\"Dia Mundial Sem Tabaco: especialista da FSFX refor\u00e7a a import\u00e2ncia da conscientiza\u00e7\u00e3o e do apoio para quem busca abandonar o v\u00edcio - Hospital Municipal Carlos Chagas\",\"isPartOf\":{\"@id\":\"https:\/\/www.fsfx.com.br\/hmcc\/#website\"},\"primaryImageOfPage\":{\"@id\":\"https:\/\/www.fsfx.com.br\/hmcc\/dia-mundial-sem-tabaco-especialista-da-fsfx-reforca-a-importancia-da-conscientizacao-e-do-apoio-para-quem-busca-abandonar-o-vicio\/#primaryimage\"},\"image\":{\"@id\":\"https:\/\/www.fsfx.com.br\/hmcc\/dia-mundial-sem-tabaco-especialista-da-fsfx-reforca-a-importancia-da-conscientizacao-e-do-apoio-para-quem-busca-abandonar-o-vicio\/#primaryimage\"},\"thumbnailUrl\":\"https:\/\/www.fsfx.com.br\/hmcc\/wp-content\/uploads\/sites\/5\/2024\/05\/Dr.-Bernardo-da-Cunha-Pires-medico-pneumologista-do-Hospital-Marcio-Cunha-destaques.jpg\",\"datePublished\":\"2024-05-29T18:48:14+00:00\",\"breadcrumb\":{\"@id\":\"https:\/\/www.fsfx.com.br\/hmcc\/dia-mundial-sem-tabaco-especialista-da-fsfx-reforca-a-importancia-da-conscientizacao-e-do-apoio-para-quem-busca-abandonar-o-vicio\/#breadcrumb\"},\"inLanguage\":\"pt-BR\",\"potentialAction\":[{\"@type\":\"ReadAction\",\"target\":[\"https:\/\/www.fsfx.com.br\/hmcc\/dia-mundial-sem-tabaco-especialista-da-fsfx-reforca-a-importancia-da-conscientizacao-e-do-apoio-para-quem-busca-abandonar-o-vicio\/\"]}]},{\"@type\":\"ImageObject\",\"inLanguage\":\"pt-BR\",\"@id\":\"https:\/\/www.fsfx.com.br\/hmcc\/dia-mundial-sem-tabaco-especialista-da-fsfx-reforca-a-importancia-da-conscientizacao-e-do-apoio-para-quem-busca-abandonar-o-vicio\/#primaryimage\",\"url\":\"https:\/\/www.fsfx.com.br\/hmcc\/wp-content\/uploads\/sites\/5\/2024\/05\/Dr.-Bernardo-da-Cunha-Pires-medico-pneumologista-do-Hospital-Marcio-Cunha-destaques.jpg\",\"contentUrl\":\"https:\/\/www.fsfx.com.br\/hmcc\/wp-content\/uploads\/sites\/5\/2024\/05\/Dr.-Bernardo-da-Cunha-Pires-medico-pneumologista-do-Hospital-Marcio-Cunha-destaques.jpg\",\"width\":715,\"height\":637},{\"@type\":\"BreadcrumbList\",\"@id\":\"https:\/\/www.fsfx.com.br\/hmcc\/dia-mundial-sem-tabaco-especialista-da-fsfx-reforca-a-importancia-da-conscientizacao-e-do-apoio-para-quem-busca-abandonar-o-vicio\/#breadcrumb\",\"itemListElement\":[{\"@type\":\"ListItem\",\"position\":1,\"name\":\"In\u00edcio\",\"item\":\"https:\/\/www.fsfx.com.br\/hmcc\/\"},{\"@type\":\"ListItem\",\"position\":2,\"name\":\"Dia Mundial Sem Tabaco: especialista da FSFX refor\u00e7a a import\u00e2ncia da conscientiza\u00e7\u00e3o e do apoio para quem busca abandonar o v\u00edcio\"}]},{\"@type\":\"WebSite\",\"@id\":\"https:\/\/www.fsfx.com.br\/hmcc\/#website\",\"url\":\"https:\/\/www.fsfx.com.br\/hmcc\/\",\"name\":\"Hospital Municipal Carlos Chagas\",\"description\":\"Hospital geral, administrado pela Funda\u00e7\u00e3o S\u00e3o Francisco Xavier, com atendimento 100% por meio do Sistema \u00danico de Sa\u00fade.\",\"publisher\":{\"@id\":\"https:\/\/www.fsfx.com.br\/hmcc\/#organization\"},\"potentialAction\":[{\"@type\":\"SearchAction\",\"target\":{\"@type\":\"EntryPoint\",\"urlTemplate\":\"https:\/\/www.fsfx.com.br\/hmcc\/?s={search_term_string}\"},\"query-input\":{\"@type\":\"PropertyValueSpecification\",\"valueRequired\":true,\"valueName\":\"search_term_string\"}}],\"inLanguage\":\"pt-BR\"},{\"@type\":\"Organization\",\"@id\":\"https:\/\/www.fsfx.com.br\/hmcc\/#organization\",\"name\":\"HMCC - Hospital Municipal Carlos Chagas\",\"url\":\"https:\/\/www.fsfx.com.br\/hmcc\/\",\"logo\":{\"@type\":\"ImageObject\",\"inLanguage\":\"pt-BR\",\"@id\":\"https:\/\/www.fsfx.com.br\/hmcc\/#\/schema\/logo\/image\/\",\"url\":\"https:\/\/www.fsfx.com.br\/hmcc\/wp-content\/uploads\/sites\/5\/2022\/03\/logo-hmcc-sticky-header.png\",\"contentUrl\":\"https:\/\/www.fsfx.com.br\/hmcc\/wp-content\/uploads\/sites\/5\/2022\/03\/logo-hmcc-sticky-header.png\",\"width\":261,\"height\":47,\"caption\":\"HMCC - Hospital Municipal Carlos Chagas\"},\"image\":{\"@id\":\"https:\/\/www.fsfx.com.br\/hmcc\/#\/schema\/logo\/image\/\"}},{\"@type\":\"Person\",\"@id\":\"https:\/\/www.fsfx.com.br\/hmcc\/#\/schema\/person\/6bf2cced2b7a5d5d78f5610fc8f52504\",\"name\":\"C\u00e1ssio Santana\",\"image\":{\"@type\":\"ImageObject\",\"inLanguage\":\"pt-BR\",\"@id\":\"https:\/\/www.fsfx.com.br\/hmcc\/#\/schema\/person\/image\/\",\"url\":\"https:\/\/secure.gravatar.com\/avatar\/ef79739de3edd2f5c2e7c4930b0808c62af99fc5520eaadc7899948f8bc6d2e1?s=96&d=mm&r=g\",\"contentUrl\":\"https:\/\/secure.gravatar.com\/avatar\/ef79739de3edd2f5c2e7c4930b0808c62af99fc5520eaadc7899948f8bc6d2e1?s=96&d=mm&r=g\",\"caption\":\"C\u00e1ssio Santana\"},\"url\":\"https:\/\/www.fsfx.com.br\/hmcc\/author\/cassio\/\"}]}<\/script>\n<!-- \/ Yoast SEO plugin. -->","yoast_head_json":{"title":"Dia Mundial Sem Tabaco: especialista da FSFX refor\u00e7a a import\u00e2ncia da conscientiza\u00e7\u00e3o e do apoio para quem busca abandonar o v\u00edcio - Hospital Municipal Carlos Chagas","robots":{"index":"index","follow":"follow","max-snippet":"max-snippet:-1","max-image-preview":"max-image-preview:large","max-video-preview":"max-video-preview:-1"},"canonical":"https:\/\/www.fsfx.com.br\/hmcc\/dia-mundial-sem-tabaco-especialista-da-fsfx-reforca-a-importancia-da-conscientizacao-e-do-apoio-para-quem-busca-abandonar-o-vicio\/","og_locale":"pt_BR","og_type":"article","og_title":"Dia Mundial Sem Tabaco: especialista da FSFX refor\u00e7a a import\u00e2ncia da conscientiza\u00e7\u00e3o e do apoio para quem busca abandonar o v\u00edcio - Hospital Municipal Carlos Chagas","og_description":"Comemorada em 31 de maio, a data refor\u00e7a os danos causados pelo cigarro para quem fuma e quem convive com fumantes \u00a0 Criado pela Organiza\u00e7\u00e3o Mundial da Sa\u00fade (OMS) em 31 de maio de 1987, o Dia Mundial Sem Tabaco tem o objetivo de alertar a sociedade sobre as doen\u00e7as e mortes relacionadas ao tabagismo, [&hellip;]","og_url":"https:\/\/www.fsfx.com.br\/hmcc\/dia-mundial-sem-tabaco-especialista-da-fsfx-reforca-a-importancia-da-conscientizacao-e-do-apoio-para-quem-busca-abandonar-o-vicio\/","og_site_name":"Hospital Municipal Carlos Chagas","article_published_time":"2024-05-29T18:48:14+00:00","og_image":[{"width":715,"height":637,"url":"https:\/\/www.fsfx.com.br\/hmcc\/wp-content\/uploads\/sites\/5\/2024\/05\/Dr.-Bernardo-da-Cunha-Pires-medico-pneumologista-do-Hospital-Marcio-Cunha-destaques.jpg","type":"image\/jpeg"}],"author":"C\u00e1ssio Santana","twitter_card":"summary_large_image","twitter_misc":{"Escrito por":"C\u00e1ssio Santana","Est. tempo de leitura":"4 minutos"},"schema":{"@context":"https:\/\/schema.org","@graph":[{"@type":"Article","@id":"https:\/\/www.fsfx.com.br\/hmcc\/dia-mundial-sem-tabaco-especialista-da-fsfx-reforca-a-importancia-da-conscientizacao-e-do-apoio-para-quem-busca-abandonar-o-vicio\/#article","isPartOf":{"@id":"https:\/\/www.fsfx.com.br\/hmcc\/dia-mundial-sem-tabaco-especialista-da-fsfx-reforca-a-importancia-da-conscientizacao-e-do-apoio-para-quem-busca-abandonar-o-vicio\/"},"author":{"name":"C\u00e1ssio Santana","@id":"https:\/\/www.fsfx.com.br\/hmcc\/#\/schema\/person\/6bf2cced2b7a5d5d78f5610fc8f52504"},"headline":"Dia Mundial Sem Tabaco: especialista da FSFX refor\u00e7a a import\u00e2ncia da conscientiza\u00e7\u00e3o e do apoio para quem busca abandonar o v\u00edcio","datePublished":"2024-05-29T18:48:14+00:00","mainEntityOfPage":{"@id":"https:\/\/www.fsfx.com.br\/hmcc\/dia-mundial-sem-tabaco-especialista-da-fsfx-reforca-a-importancia-da-conscientizacao-e-do-apoio-para-quem-busca-abandonar-o-vicio\/"},"wordCount":701,"publisher":{"@id":"https:\/\/www.fsfx.com.br\/hmcc\/#organization"},"image":{"@id":"https:\/\/www.fsfx.com.br\/hmcc\/dia-mundial-sem-tabaco-especialista-da-fsfx-reforca-a-importancia-da-conscientizacao-e-do-apoio-para-quem-busca-abandonar-o-vicio\/#primaryimage"},"thumbnailUrl":"https:\/\/www.fsfx.com.br\/hmcc\/wp-content\/uploads\/sites\/5\/2024\/05\/Dr.-Bernardo-da-Cunha-Pires-medico-pneumologista-do-Hospital-Marcio-Cunha-destaques.jpg","articleSection":["Sa\u00fade"],"inLanguage":"pt-BR"},{"@type":"WebPage","@id":"https:\/\/www.fsfx.com.br\/hmcc\/dia-mundial-sem-tabaco-especialista-da-fsfx-reforca-a-importancia-da-conscientizacao-e-do-apoio-para-quem-busca-abandonar-o-vicio\/","url":"https:\/\/www.fsfx.com.br\/hmcc\/dia-mundial-sem-tabaco-especialista-da-fsfx-reforca-a-importancia-da-conscientizacao-e-do-apoio-para-quem-busca-abandonar-o-vicio\/","name":"Dia Mundial Sem Tabaco: especialista da FSFX refor\u00e7a a import\u00e2ncia da conscientiza\u00e7\u00e3o e do apoio para quem busca abandonar o v\u00edcio - Hospital Municipal Carlos Chagas","isPartOf":{"@id":"https:\/\/www.fsfx.com.br\/hmcc\/#website"},"primaryImageOfPage":{"@id":"https:\/\/www.fsfx.com.br\/hmcc\/dia-mundial-sem-tabaco-especialista-da-fsfx-reforca-a-importancia-da-conscientizacao-e-do-apoio-para-quem-busca-abandonar-o-vicio\/#primaryimage"},"image":{"@id":"https:\/\/www.fsfx.com.br\/hmcc\/dia-mundial-sem-tabaco-especialista-da-fsfx-reforca-a-importancia-da-conscientizacao-e-do-apoio-para-quem-busca-abandonar-o-vicio\/#primaryimage"},"thumbnailUrl":"https:\/\/www.fsfx.com.br\/hmcc\/wp-content\/uploads\/sites\/5\/2024\/05\/Dr.-Bernardo-da-Cunha-Pires-medico-pneumologista-do-Hospital-Marcio-Cunha-destaques.jpg","datePublished":"2024-05-29T18:48:14+00:00","breadcrumb":{"@id":"https:\/\/www.fsfx.com.br\/hmcc\/dia-mundial-sem-tabaco-especialista-da-fsfx-reforca-a-importancia-da-conscientizacao-e-do-apoio-para-quem-busca-abandonar-o-vicio\/#breadcrumb"},"inLanguage":"pt-BR","potentialAction":[{"@type":"ReadAction","target":["https:\/\/www.fsfx.com.br\/hmcc\/dia-mundial-sem-tabaco-especialista-da-fsfx-reforca-a-importancia-da-conscientizacao-e-do-apoio-para-quem-busca-abandonar-o-vicio\/"]}]},{"@type":"ImageObject","inLanguage":"pt-BR","@id":"https:\/\/www.fsfx.com.br\/hmcc\/dia-mundial-sem-tabaco-especialista-da-fsfx-reforca-a-importancia-da-conscientizacao-e-do-apoio-para-quem-busca-abandonar-o-vicio\/#primaryimage","url":"https:\/\/www.fsfx.com.br\/hmcc\/wp-content\/uploads\/sites\/5\/2024\/05\/Dr.-Bernardo-da-Cunha-Pires-medico-pneumologista-do-Hospital-Marcio-Cunha-destaques.jpg","contentUrl":"https:\/\/www.fsfx.com.br\/hmcc\/wp-content\/uploads\/sites\/5\/2024\/05\/Dr.-Bernardo-da-Cunha-Pires-medico-pneumologista-do-Hospital-Marcio-Cunha-destaques.jpg","width":715,"height":637},{"@type":"BreadcrumbList","@id":"https:\/\/www.fsfx.com.br\/hmcc\/dia-mundial-sem-tabaco-especialista-da-fsfx-reforca-a-importancia-da-conscientizacao-e-do-apoio-para-quem-busca-abandonar-o-vicio\/#breadcrumb","itemListElement":[{"@type":"ListItem","position":1,"name":"In\u00edcio","item":"https:\/\/www.fsfx.com.br\/hmcc\/"},{"@type":"ListItem","position":2,"name":"Dia Mundial Sem Tabaco: especialista da FSFX refor\u00e7a a import\u00e2ncia da conscientiza\u00e7\u00e3o e do apoio para quem busca abandonar o v\u00edcio"}]},{"@type":"WebSite","@id":"https:\/\/www.fsfx.com.br\/hmcc\/#website","url":"https:\/\/www.fsfx.com.br\/hmcc\/","name":"Hospital Municipal Carlos Chagas","description":"Hospital geral, administrado pela Funda\u00e7\u00e3o S\u00e3o Francisco Xavier, com atendimento 100% por meio do Sistema \u00danico de Sa\u00fade.","publisher":{"@id":"https:\/\/www.fsfx.com.br\/hmcc\/#organization"},"potentialAction":[{"@type":"SearchAction","target":{"@type":"EntryPoint","urlTemplate":"https:\/\/www.fsfx.com.br\/hmcc\/?s={search_term_string}"},"query-input":{"@type":"PropertyValueSpecification","valueRequired":true,"valueName":"search_term_string"}}],"inLanguage":"pt-BR"},{"@type":"Organization","@id":"https:\/\/www.fsfx.com.br\/hmcc\/#organization","name":"HMCC - Hospital Municipal Carlos Chagas","url":"https:\/\/www.fsfx.com.br\/hmcc\/","logo":{"@type":"ImageObject","inLanguage":"pt-BR","@id":"https:\/\/www.fsfx.com.br\/hmcc\/#\/schema\/logo\/image\/","url":"https:\/\/www.fsfx.com.br\/hmcc\/wp-content\/uploads\/sites\/5\/2022\/03\/logo-hmcc-sticky-header.png","contentUrl":"https:\/\/www.fsfx.com.br\/hmcc\/wp-content\/uploads\/sites\/5\/2022\/03\/logo-hmcc-sticky-header.png","width":261,"height":47,"caption":"HMCC - Hospital Municipal Carlos Chagas"},"image":{"@id":"https:\/\/www.fsfx.com.br\/hmcc\/#\/schema\/logo\/image\/"}},{"@type":"Person","@id":"https:\/\/www.fsfx.com.br\/hmcc\/#\/schema\/person\/6bf2cced2b7a5d5d78f5610fc8f52504","name":"C\u00e1ssio Santana","image":{"@type":"ImageObject","inLanguage":"pt-BR","@id":"https:\/\/www.fsfx.com.br\/hmcc\/#\/schema\/person\/image\/","url":"https:\/\/secure.gravatar.com\/avatar\/ef79739de3edd2f5c2e7c4930b0808c62af99fc5520eaadc7899948f8bc6d2e1?s=96&d=mm&r=g","contentUrl":"https:\/\/secure.gravatar.com\/avatar\/ef79739de3edd2f5c2e7c4930b0808c62af99fc5520eaadc7899948f8bc6d2e1?s=96&d=mm&r=g","caption":"C\u00e1ssio Santana"},"url":"https:\/\/www.fsfx.com.br\/hmcc\/author\/cassio\/"}]}},"_links":{"self":[{"href":"https:\/\/www.fsfx.com.br\/hmcc\/wp-json\/wp\/v2\/posts\/7775","targetHints":{"allow":["GET"]}}],"collection":[{"href":"https:\/\/www.fsfx.com.br\/hmcc\/wp-json\/wp\/v2\/posts"}],"about":[{"href":"https:\/\/www.fsfx.com.br\/hmcc\/wp-json\/wp\/v2\/types\/post"}],"author":[{"embeddable":true,"href":"https:\/\/www.fsfx.com.br\/hmcc\/wp-json\/wp\/v2\/users\/6"}],"replies":[{"embeddable":true,"href":"https:\/\/www.fsfx.com.br\/hmcc\/wp-json\/wp\/v2\/comments?post=7775"}],"version-history":[{"count":1,"href":"https:\/\/www.fsfx.com.br\/hmcc\/wp-json\/wp\/v2\/posts\/7775\/revisions"}],"predecessor-version":[{"id":7777,"href":"https:\/\/www.fsfx.com.br\/hmcc\/wp-json\/wp\/v2\/posts\/7775\/revisions\/7777"}],"wp:featuredmedia":[{"embeddable":true,"href":"https:\/\/www.fsfx.com.br\/hmcc\/wp-json\/wp\/v2\/media\/7776"}],"wp:attachment":[{"href":"https:\/\/www.fsfx.com.br\/hmcc\/wp-json\/wp\/v2\/media?parent=7775"}],"wp:term":[{"taxonomy":"category","embeddable":true,"href":"https:\/\/www.fsfx.com.br\/hmcc\/wp-json\/wp\/v2\/categories?post=7775"},{"taxonomy":"post_tag","embeddable":true,"href":"https:\/\/www.fsfx.com.br\/hmcc\/wp-json\/wp\/v2\/tags?post=7775"}],"curies":[{"name":"wp","href":"https:\/\/api.w.org\/{rel}","templated":true}]}}