{"id":7839,"date":"2024-07-15T16:30:30","date_gmt":"2024-07-15T19:30:30","guid":{"rendered":"https:\/\/www.fsfx.com.br\/hmcc\/?p=7839"},"modified":"2024-07-15T16:30:30","modified_gmt":"2024-07-15T19:30:30","slug":"saude-do-homem-entenda-a-importancia-dos-cuidados-com-a-saude-masculina","status":"publish","type":"post","link":"https:\/\/www.fsfx.com.br\/hmcc\/saude-do-homem-entenda-a-importancia-dos-cuidados-com-a-saude-masculina\/","title":{"rendered":"Sa\u00fade do Homem: entenda a import\u00e2ncia dos cuidados com a sa\u00fade masculina"},"content":{"rendered":"<p>No Brasil, o Dia Nacional do Homem, comemorado em 15 de julho desde 1992, est\u00e1 fortemente ligado ao incentivo \u00e0 preven\u00e7\u00e3o da sa\u00fade masculina. Segundo dados do Minist\u00e9rio da Sa\u00fade, apesar do aumento da expectativa de vida entre os anos 2000 e 2018, os homens vivem 7,1 anos a menos que as mulheres; morrem mais do que as mulheres na maioria das causas de \u00f3bitos e em todas as faixas et\u00e1rias at\u00e9 80 anos.<\/p>\n<p><img fetchpriority=\"high\" decoding=\"async\" class=\" wp-image-17813 alignleft\" src=\"https:\/\/www.fsfx.com.br\/wp-content\/uploads\/2024\/07\/Lucas-Ayres_-medico-da-Atencao-Primaria-FSFX-200x300.jpg\" alt=\"\" width=\"212\" height=\"318\" \/>De acordo com o m\u00e9dico de fam\u00edlia e comunidade da Funda\u00e7\u00e3o S\u00e3o Francisco Xavier, Lucas Ayres de Souza Penna, \u201c\u00c9 preciso chamar aten\u00e7\u00e3o dos homens para o autocuidado. Homem n\u00e3o \u00e9 super-her\u00f3i, eles precisam quebrar o mito de serem fortes o tempo todo. Essa cultura do n\u00e3o se olhar \u00e9 que faz com que os homens morram antes das mulheres\u201d.<\/p>\n<p>Entre as doen\u00e7as cr\u00edticas e comuns entre o p\u00fablico masculino est\u00e3o a obesidade, hipertens\u00e3o, diabetes, c\u00e2ncer de colorretal e o c\u00e2ncer de pr\u00f3stata, que de acordo com o Instituto Nacional de C\u00e2ncer (INCA), \u00e9 a segunda maior causa de morte entre os homens. Para o m\u00e9dico, o cuidado da sa\u00fade mental tamb\u00e9m precisa ser priorizado entre os homens, visto que, a falta a estabilidade emocional provoca o aparecimento de doen\u00e7as como, a ansiedade e depress\u00e3o.<\/p>\n<p>\u201c\u00c9 importante disseminar a cultura da preven\u00e7\u00e3o da sa\u00fade entre os homens em todas as faixas-et\u00e1rias. Muitas vezes, por falta de informa\u00e7\u00e3o ou at\u00e9 mesmo por constrangimento, os homens deixam de se cuidar. A preven\u00e7\u00e3o eficaz depende de um cuidado di\u00e1rio e de a\u00e7\u00f5es preventivas que permitem identificar problemas de sa\u00fade precocemente\u201d, destaca Lucas.<\/p>\n<p>O especialista ressalta ainda a import\u00e2ncia da ado\u00e7\u00e3o de h\u00e1bitos saud\u00e1veis e do diagn\u00f3stico precoce. \u201cA pr\u00e1tica de atividade f\u00edsica regular, a alimenta\u00e7\u00e3o balanceada e o uso moderado de bebidas alco\u00f3licas s\u00e3o cruciais para diminuir estes agravos evit\u00e1veis. O diagn\u00f3stico precoce de doen\u00e7as aumenta as chances de um tratamento eficaz. Por isso, alguns exames devem fazer parte da rotina dos homens. \u00c9 preciso prestar aten\u00e7\u00e3o no corpo e ficar atento aos sinais que ele envia\u201d, ressalta.<\/p>\n<p>A preven\u00e7\u00e3o \u00e9 fundamental para uma vida mais saud\u00e1vel e duradoura, o que compreende visitar o m\u00e9dico regularmente, fazer exames de rotina e adotar h\u00e1bitos mais saud\u00e1veis.\u00a0Fazer consultas e exames de rotina s\u00e3o indispens\u00e1veis n\u00e3o s\u00f3 para acompanhar a sa\u00fade, mas tamb\u00e9m para descobrir eventuais doen\u00e7as de forma precoce e trat\u00e1-la rapidamente. \u201cAo longo da vida, \u00e9 importante os homens avaliarem, tamb\u00e9m, os n\u00edveis de colesterol, a press\u00e3o arterial, a glicemia, a sa\u00fade dos rins e do f\u00edgado. Al\u00e9m de rastrear, de acordo com a indica\u00e7\u00e3o m\u00e9dica, os c\u00e2nceres de intestino e pr\u00f3stata.\u201d, finaliza o m\u00e9dico.<\/p>\n<p>&nbsp;<\/p>\n","protected":false},"excerpt":{"rendered":"<p>No Brasil, o Dia Nacional do Homem, comemorado em 15 de julho desde 1992, est\u00e1 fortemente ligado ao incentivo \u00e0 preven\u00e7\u00e3o da sa\u00fade masculina. Segundo dados do Minist\u00e9rio da Sa\u00fade, apesar do aumento da expectativa de vida entre os anos 2000 e 2018, os homens vivem 7,1 anos a menos que as mulheres; morrem mais [&hellip;]<\/p>\n","protected":false},"author":6,"featured_media":7840,"comment_status":"closed","ping_status":"closed","sticky":false,"template":"","format":"standard","meta":{"_acf_changed":false,"site-sidebar-layout":"default","site-content-layout":"","ast-site-content-layout":"default","site-content-style":"default","site-sidebar-style":"default","ast-global-header-display":"","ast-banner-title-visibility":"","ast-main-header-display":"","ast-hfb-above-header-display":"","ast-hfb-below-header-display":"","ast-hfb-mobile-header-display":"","site-post-title":"","ast-breadcrumbs-content":"","ast-featured-img":"","footer-sml-layout":"","theme-transparent-header-meta":"","adv-header-id-meta":"","stick-header-meta":"","header-above-stick-meta":"","header-main-stick-meta":"","header-below-stick-meta":"","astra-migrate-meta-layouts":"default","ast-page-background-enabled":"default","ast-page-background-meta":{"desktop":{"background-color":"var(--ast-global-color-4)","background-image":"","background-repeat":"repeat","background-position":"center center","background-size":"auto","background-attachment":"scroll","background-type":"","background-media":"","overlay-type":"","overlay-color":"","overlay-opacity":"","overlay-gradient":""},"tablet":{"background-color":"","background-image":"","background-repeat":"repeat","background-position":"center center","background-size":"auto","background-attachment":"scroll","background-type":"","background-media":"","overlay-type":"","overlay-color":"","overlay-opacity":"","overlay-gradient":""},"mobile":{"background-color":"","background-image":"","background-repeat":"repeat","background-position":"center center","background-size":"auto","background-attachment":"scroll","background-type":"","background-media":"","overlay-type":"","overlay-color":"","overlay-opacity":"","overlay-gradient":""}},"ast-content-background-meta":{"desktop":{"background-color":"var(--ast-global-color-5)","background-image":"","background-repeat":"repeat","background-position":"center center","background-size":"auto","background-attachment":"scroll","background-type":"","background-media":"","overlay-type":"","overlay-color":"","overlay-opacity":"","overlay-gradient":""},"tablet":{"background-color":"var(--ast-global-color-5)","background-image":"","background-repeat":"repeat","background-position":"center center","background-size":"auto","background-attachment":"scroll","background-type":"","background-media":"","overlay-type":"","overlay-color":"","overlay-opacity":"","overlay-gradient":""},"mobile":{"background-color":"var(--ast-global-color-5)","background-image":"","background-repeat":"repeat","background-position":"center center","background-size":"auto","background-attachment":"scroll","background-type":"","background-media":"","overlay-type":"","overlay-color":"","overlay-opacity":"","overlay-gradient":""}},"footnotes":""},"categories":[21],"tags":[],"class_list":["post-7839","post","type-post","status-publish","format-standard","has-post-thumbnail","hentry","category-saude"],"acf":[],"yoast_head":"<!-- This site is optimized with the Yoast SEO plugin v26.9 - https:\/\/yoast.com\/product\/yoast-seo-wordpress\/ -->\n<title>Sa\u00fade do Homem: entenda a import\u00e2ncia dos cuidados com a sa\u00fade masculina - Hospital Municipal Carlos Chagas<\/title>\n<meta name=\"robots\" content=\"index, follow, max-snippet:-1, max-image-preview:large, max-video-preview:-1\" \/>\n<link rel=\"canonical\" href=\"https:\/\/www.fsfx.com.br\/hmcc\/saude-do-homem-entenda-a-importancia-dos-cuidados-com-a-saude-masculina\/\" \/>\n<meta property=\"og:locale\" content=\"pt_BR\" \/>\n<meta property=\"og:type\" content=\"article\" \/>\n<meta property=\"og:title\" content=\"Sa\u00fade do Homem: entenda a import\u00e2ncia dos cuidados com a sa\u00fade masculina - Hospital Municipal Carlos Chagas\" \/>\n<meta property=\"og:description\" content=\"No Brasil, o Dia Nacional do Homem, comemorado em 15 de julho desde 1992, est\u00e1 fortemente ligado ao incentivo \u00e0 preven\u00e7\u00e3o da sa\u00fade masculina. Segundo dados do Minist\u00e9rio da Sa\u00fade, apesar do aumento da expectativa de vida entre os anos 2000 e 2018, os homens vivem 7,1 anos a menos que as mulheres; morrem mais [&hellip;]\" \/>\n<meta property=\"og:url\" content=\"https:\/\/www.fsfx.com.br\/hmcc\/saude-do-homem-entenda-a-importancia-dos-cuidados-com-a-saude-masculina\/\" \/>\n<meta property=\"og:site_name\" content=\"Hospital Municipal Carlos Chagas\" \/>\n<meta property=\"article:published_time\" content=\"2024-07-15T19:30:30+00:00\" \/>\n<meta property=\"og:image\" content=\"https:\/\/www.fsfx.com.br\/hmcc\/wp-content\/uploads\/sites\/5\/2024\/07\/DESTAQUE_Lucas-Ayres_-medico-da-Atencao-Primaria-FSFX.jpg\" \/>\n\t<meta property=\"og:image:width\" content=\"886\" \/>\n\t<meta property=\"og:image:height\" content=\"663\" \/>\n\t<meta property=\"og:image:type\" content=\"image\/jpeg\" \/>\n<meta name=\"author\" content=\"C\u00e1ssio Santana\" \/>\n<meta name=\"twitter:card\" content=\"summary_large_image\" \/>\n<meta name=\"twitter:label1\" content=\"Escrito por\" \/>\n\t<meta name=\"twitter:data1\" content=\"C\u00e1ssio Santana\" \/>\n\t<meta name=\"twitter:label2\" content=\"Est. tempo de leitura\" \/>\n\t<meta name=\"twitter:data2\" content=\"3 minutos\" \/>\n<script type=\"application\/ld+json\" class=\"yoast-schema-graph\">{\"@context\":\"https:\/\/schema.org\",\"@graph\":[{\"@type\":\"Article\",\"@id\":\"https:\/\/www.fsfx.com.br\/hmcc\/saude-do-homem-entenda-a-importancia-dos-cuidados-com-a-saude-masculina\/#article\",\"isPartOf\":{\"@id\":\"https:\/\/www.fsfx.com.br\/hmcc\/saude-do-homem-entenda-a-importancia-dos-cuidados-com-a-saude-masculina\/\"},\"author\":{\"name\":\"C\u00e1ssio Santana\",\"@id\":\"https:\/\/www.fsfx.com.br\/hmcc\/#\/schema\/person\/6bf2cced2b7a5d5d78f5610fc8f52504\"},\"headline\":\"Sa\u00fade do Homem: entenda a import\u00e2ncia dos cuidados com a sa\u00fade masculina\",\"datePublished\":\"2024-07-15T19:30:30+00:00\",\"mainEntityOfPage\":{\"@id\":\"https:\/\/www.fsfx.com.br\/hmcc\/saude-do-homem-entenda-a-importancia-dos-cuidados-com-a-saude-masculina\/\"},\"wordCount\":509,\"publisher\":{\"@id\":\"https:\/\/www.fsfx.com.br\/hmcc\/#organization\"},\"image\":{\"@id\":\"https:\/\/www.fsfx.com.br\/hmcc\/saude-do-homem-entenda-a-importancia-dos-cuidados-com-a-saude-masculina\/#primaryimage\"},\"thumbnailUrl\":\"https:\/\/www.fsfx.com.br\/hmcc\/wp-content\/uploads\/sites\/5\/2024\/07\/DESTAQUE_Lucas-Ayres_-medico-da-Atencao-Primaria-FSFX.jpg\",\"articleSection\":[\"Sa\u00fade\"],\"inLanguage\":\"pt-BR\"},{\"@type\":\"WebPage\",\"@id\":\"https:\/\/www.fsfx.com.br\/hmcc\/saude-do-homem-entenda-a-importancia-dos-cuidados-com-a-saude-masculina\/\",\"url\":\"https:\/\/www.fsfx.com.br\/hmcc\/saude-do-homem-entenda-a-importancia-dos-cuidados-com-a-saude-masculina\/\",\"name\":\"Sa\u00fade do Homem: entenda a import\u00e2ncia dos cuidados com a sa\u00fade masculina - Hospital Municipal Carlos Chagas\",\"isPartOf\":{\"@id\":\"https:\/\/www.fsfx.com.br\/hmcc\/#website\"},\"primaryImageOfPage\":{\"@id\":\"https:\/\/www.fsfx.com.br\/hmcc\/saude-do-homem-entenda-a-importancia-dos-cuidados-com-a-saude-masculina\/#primaryimage\"},\"image\":{\"@id\":\"https:\/\/www.fsfx.com.br\/hmcc\/saude-do-homem-entenda-a-importancia-dos-cuidados-com-a-saude-masculina\/#primaryimage\"},\"thumbnailUrl\":\"https:\/\/www.fsfx.com.br\/hmcc\/wp-content\/uploads\/sites\/5\/2024\/07\/DESTAQUE_Lucas-Ayres_-medico-da-Atencao-Primaria-FSFX.jpg\",\"datePublished\":\"2024-07-15T19:30:30+00:00\",\"breadcrumb\":{\"@id\":\"https:\/\/www.fsfx.com.br\/hmcc\/saude-do-homem-entenda-a-importancia-dos-cuidados-com-a-saude-masculina\/#breadcrumb\"},\"inLanguage\":\"pt-BR\",\"potentialAction\":[{\"@type\":\"ReadAction\",\"target\":[\"https:\/\/www.fsfx.com.br\/hmcc\/saude-do-homem-entenda-a-importancia-dos-cuidados-com-a-saude-masculina\/\"]}]},{\"@type\":\"ImageObject\",\"inLanguage\":\"pt-BR\",\"@id\":\"https:\/\/www.fsfx.com.br\/hmcc\/saude-do-homem-entenda-a-importancia-dos-cuidados-com-a-saude-masculina\/#primaryimage\",\"url\":\"https:\/\/www.fsfx.com.br\/hmcc\/wp-content\/uploads\/sites\/5\/2024\/07\/DESTAQUE_Lucas-Ayres_-medico-da-Atencao-Primaria-FSFX.jpg\",\"contentUrl\":\"https:\/\/www.fsfx.com.br\/hmcc\/wp-content\/uploads\/sites\/5\/2024\/07\/DESTAQUE_Lucas-Ayres_-medico-da-Atencao-Primaria-FSFX.jpg\",\"width\":886,\"height\":663},{\"@type\":\"BreadcrumbList\",\"@id\":\"https:\/\/www.fsfx.com.br\/hmcc\/saude-do-homem-entenda-a-importancia-dos-cuidados-com-a-saude-masculina\/#breadcrumb\",\"itemListElement\":[{\"@type\":\"ListItem\",\"position\":1,\"name\":\"In\u00edcio\",\"item\":\"https:\/\/www.fsfx.com.br\/hmcc\/\"},{\"@type\":\"ListItem\",\"position\":2,\"name\":\"Sa\u00fade do Homem: entenda a import\u00e2ncia dos cuidados com a sa\u00fade masculina\"}]},{\"@type\":\"WebSite\",\"@id\":\"https:\/\/www.fsfx.com.br\/hmcc\/#website\",\"url\":\"https:\/\/www.fsfx.com.br\/hmcc\/\",\"name\":\"Hospital Municipal Carlos Chagas\",\"description\":\"Hospital geral, administrado pela Funda\u00e7\u00e3o S\u00e3o Francisco Xavier, com atendimento 100% por meio do Sistema \u00danico de Sa\u00fade.\",\"publisher\":{\"@id\":\"https:\/\/www.fsfx.com.br\/hmcc\/#organization\"},\"potentialAction\":[{\"@type\":\"SearchAction\",\"target\":{\"@type\":\"EntryPoint\",\"urlTemplate\":\"https:\/\/www.fsfx.com.br\/hmcc\/?s={search_term_string}\"},\"query-input\":{\"@type\":\"PropertyValueSpecification\",\"valueRequired\":true,\"valueName\":\"search_term_string\"}}],\"inLanguage\":\"pt-BR\"},{\"@type\":\"Organization\",\"@id\":\"https:\/\/www.fsfx.com.br\/hmcc\/#organization\",\"name\":\"HMCC - Hospital Municipal Carlos Chagas\",\"url\":\"https:\/\/www.fsfx.com.br\/hmcc\/\",\"logo\":{\"@type\":\"ImageObject\",\"inLanguage\":\"pt-BR\",\"@id\":\"https:\/\/www.fsfx.com.br\/hmcc\/#\/schema\/logo\/image\/\",\"url\":\"https:\/\/www.fsfx.com.br\/hmcc\/wp-content\/uploads\/sites\/5\/2022\/03\/logo-hmcc-sticky-header.png\",\"contentUrl\":\"https:\/\/www.fsfx.com.br\/hmcc\/wp-content\/uploads\/sites\/5\/2022\/03\/logo-hmcc-sticky-header.png\",\"width\":261,\"height\":47,\"caption\":\"HMCC - Hospital Municipal Carlos Chagas\"},\"image\":{\"@id\":\"https:\/\/www.fsfx.com.br\/hmcc\/#\/schema\/logo\/image\/\"}},{\"@type\":\"Person\",\"@id\":\"https:\/\/www.fsfx.com.br\/hmcc\/#\/schema\/person\/6bf2cced2b7a5d5d78f5610fc8f52504\",\"name\":\"C\u00e1ssio Santana\",\"image\":{\"@type\":\"ImageObject\",\"inLanguage\":\"pt-BR\",\"@id\":\"https:\/\/www.fsfx.com.br\/hmcc\/#\/schema\/person\/image\/\",\"url\":\"https:\/\/secure.gravatar.com\/avatar\/ef79739de3edd2f5c2e7c4930b0808c62af99fc5520eaadc7899948f8bc6d2e1?s=96&d=mm&r=g\",\"contentUrl\":\"https:\/\/secure.gravatar.com\/avatar\/ef79739de3edd2f5c2e7c4930b0808c62af99fc5520eaadc7899948f8bc6d2e1?s=96&d=mm&r=g\",\"caption\":\"C\u00e1ssio Santana\"},\"url\":\"https:\/\/www.fsfx.com.br\/hmcc\/author\/cassio\/\"}]}<\/script>\n<!-- \/ Yoast SEO plugin. -->","yoast_head_json":{"title":"Sa\u00fade do Homem: entenda a import\u00e2ncia dos cuidados com a sa\u00fade masculina - Hospital Municipal Carlos Chagas","robots":{"index":"index","follow":"follow","max-snippet":"max-snippet:-1","max-image-preview":"max-image-preview:large","max-video-preview":"max-video-preview:-1"},"canonical":"https:\/\/www.fsfx.com.br\/hmcc\/saude-do-homem-entenda-a-importancia-dos-cuidados-com-a-saude-masculina\/","og_locale":"pt_BR","og_type":"article","og_title":"Sa\u00fade do Homem: entenda a import\u00e2ncia dos cuidados com a sa\u00fade masculina - Hospital Municipal Carlos Chagas","og_description":"No Brasil, o Dia Nacional do Homem, comemorado em 15 de julho desde 1992, est\u00e1 fortemente ligado ao incentivo \u00e0 preven\u00e7\u00e3o da sa\u00fade masculina. Segundo dados do Minist\u00e9rio da Sa\u00fade, apesar do aumento da expectativa de vida entre os anos 2000 e 2018, os homens vivem 7,1 anos a menos que as mulheres; morrem mais [&hellip;]","og_url":"https:\/\/www.fsfx.com.br\/hmcc\/saude-do-homem-entenda-a-importancia-dos-cuidados-com-a-saude-masculina\/","og_site_name":"Hospital Municipal Carlos Chagas","article_published_time":"2024-07-15T19:30:30+00:00","og_image":[{"width":886,"height":663,"url":"https:\/\/www.fsfx.com.br\/hmcc\/wp-content\/uploads\/sites\/5\/2024\/07\/DESTAQUE_Lucas-Ayres_-medico-da-Atencao-Primaria-FSFX.jpg","type":"image\/jpeg"}],"author":"C\u00e1ssio Santana","twitter_card":"summary_large_image","twitter_misc":{"Escrito por":"C\u00e1ssio Santana","Est. tempo de leitura":"3 minutos"},"schema":{"@context":"https:\/\/schema.org","@graph":[{"@type":"Article","@id":"https:\/\/www.fsfx.com.br\/hmcc\/saude-do-homem-entenda-a-importancia-dos-cuidados-com-a-saude-masculina\/#article","isPartOf":{"@id":"https:\/\/www.fsfx.com.br\/hmcc\/saude-do-homem-entenda-a-importancia-dos-cuidados-com-a-saude-masculina\/"},"author":{"name":"C\u00e1ssio Santana","@id":"https:\/\/www.fsfx.com.br\/hmcc\/#\/schema\/person\/6bf2cced2b7a5d5d78f5610fc8f52504"},"headline":"Sa\u00fade do Homem: entenda a import\u00e2ncia dos cuidados com a sa\u00fade masculina","datePublished":"2024-07-15T19:30:30+00:00","mainEntityOfPage":{"@id":"https:\/\/www.fsfx.com.br\/hmcc\/saude-do-homem-entenda-a-importancia-dos-cuidados-com-a-saude-masculina\/"},"wordCount":509,"publisher":{"@id":"https:\/\/www.fsfx.com.br\/hmcc\/#organization"},"image":{"@id":"https:\/\/www.fsfx.com.br\/hmcc\/saude-do-homem-entenda-a-importancia-dos-cuidados-com-a-saude-masculina\/#primaryimage"},"thumbnailUrl":"https:\/\/www.fsfx.com.br\/hmcc\/wp-content\/uploads\/sites\/5\/2024\/07\/DESTAQUE_Lucas-Ayres_-medico-da-Atencao-Primaria-FSFX.jpg","articleSection":["Sa\u00fade"],"inLanguage":"pt-BR"},{"@type":"WebPage","@id":"https:\/\/www.fsfx.com.br\/hmcc\/saude-do-homem-entenda-a-importancia-dos-cuidados-com-a-saude-masculina\/","url":"https:\/\/www.fsfx.com.br\/hmcc\/saude-do-homem-entenda-a-importancia-dos-cuidados-com-a-saude-masculina\/","name":"Sa\u00fade do Homem: entenda a import\u00e2ncia dos cuidados com a sa\u00fade masculina - Hospital Municipal Carlos Chagas","isPartOf":{"@id":"https:\/\/www.fsfx.com.br\/hmcc\/#website"},"primaryImageOfPage":{"@id":"https:\/\/www.fsfx.com.br\/hmcc\/saude-do-homem-entenda-a-importancia-dos-cuidados-com-a-saude-masculina\/#primaryimage"},"image":{"@id":"https:\/\/www.fsfx.com.br\/hmcc\/saude-do-homem-entenda-a-importancia-dos-cuidados-com-a-saude-masculina\/#primaryimage"},"thumbnailUrl":"https:\/\/www.fsfx.com.br\/hmcc\/wp-content\/uploads\/sites\/5\/2024\/07\/DESTAQUE_Lucas-Ayres_-medico-da-Atencao-Primaria-FSFX.jpg","datePublished":"2024-07-15T19:30:30+00:00","breadcrumb":{"@id":"https:\/\/www.fsfx.com.br\/hmcc\/saude-do-homem-entenda-a-importancia-dos-cuidados-com-a-saude-masculina\/#breadcrumb"},"inLanguage":"pt-BR","potentialAction":[{"@type":"ReadAction","target":["https:\/\/www.fsfx.com.br\/hmcc\/saude-do-homem-entenda-a-importancia-dos-cuidados-com-a-saude-masculina\/"]}]},{"@type":"ImageObject","inLanguage":"pt-BR","@id":"https:\/\/www.fsfx.com.br\/hmcc\/saude-do-homem-entenda-a-importancia-dos-cuidados-com-a-saude-masculina\/#primaryimage","url":"https:\/\/www.fsfx.com.br\/hmcc\/wp-content\/uploads\/sites\/5\/2024\/07\/DESTAQUE_Lucas-Ayres_-medico-da-Atencao-Primaria-FSFX.jpg","contentUrl":"https:\/\/www.fsfx.com.br\/hmcc\/wp-content\/uploads\/sites\/5\/2024\/07\/DESTAQUE_Lucas-Ayres_-medico-da-Atencao-Primaria-FSFX.jpg","width":886,"height":663},{"@type":"BreadcrumbList","@id":"https:\/\/www.fsfx.com.br\/hmcc\/saude-do-homem-entenda-a-importancia-dos-cuidados-com-a-saude-masculina\/#breadcrumb","itemListElement":[{"@type":"ListItem","position":1,"name":"In\u00edcio","item":"https:\/\/www.fsfx.com.br\/hmcc\/"},{"@type":"ListItem","position":2,"name":"Sa\u00fade do Homem: entenda a import\u00e2ncia dos cuidados com a sa\u00fade masculina"}]},{"@type":"WebSite","@id":"https:\/\/www.fsfx.com.br\/hmcc\/#website","url":"https:\/\/www.fsfx.com.br\/hmcc\/","name":"Hospital Municipal Carlos Chagas","description":"Hospital geral, administrado pela Funda\u00e7\u00e3o S\u00e3o Francisco Xavier, com atendimento 100% por meio do Sistema \u00danico de Sa\u00fade.","publisher":{"@id":"https:\/\/www.fsfx.com.br\/hmcc\/#organization"},"potentialAction":[{"@type":"SearchAction","target":{"@type":"EntryPoint","urlTemplate":"https:\/\/www.fsfx.com.br\/hmcc\/?s={search_term_string}"},"query-input":{"@type":"PropertyValueSpecification","valueRequired":true,"valueName":"search_term_string"}}],"inLanguage":"pt-BR"},{"@type":"Organization","@id":"https:\/\/www.fsfx.com.br\/hmcc\/#organization","name":"HMCC - Hospital Municipal Carlos Chagas","url":"https:\/\/www.fsfx.com.br\/hmcc\/","logo":{"@type":"ImageObject","inLanguage":"pt-BR","@id":"https:\/\/www.fsfx.com.br\/hmcc\/#\/schema\/logo\/image\/","url":"https:\/\/www.fsfx.com.br\/hmcc\/wp-content\/uploads\/sites\/5\/2022\/03\/logo-hmcc-sticky-header.png","contentUrl":"https:\/\/www.fsfx.com.br\/hmcc\/wp-content\/uploads\/sites\/5\/2022\/03\/logo-hmcc-sticky-header.png","width":261,"height":47,"caption":"HMCC - Hospital Municipal Carlos Chagas"},"image":{"@id":"https:\/\/www.fsfx.com.br\/hmcc\/#\/schema\/logo\/image\/"}},{"@type":"Person","@id":"https:\/\/www.fsfx.com.br\/hmcc\/#\/schema\/person\/6bf2cced2b7a5d5d78f5610fc8f52504","name":"C\u00e1ssio Santana","image":{"@type":"ImageObject","inLanguage":"pt-BR","@id":"https:\/\/www.fsfx.com.br\/hmcc\/#\/schema\/person\/image\/","url":"https:\/\/secure.gravatar.com\/avatar\/ef79739de3edd2f5c2e7c4930b0808c62af99fc5520eaadc7899948f8bc6d2e1?s=96&d=mm&r=g","contentUrl":"https:\/\/secure.gravatar.com\/avatar\/ef79739de3edd2f5c2e7c4930b0808c62af99fc5520eaadc7899948f8bc6d2e1?s=96&d=mm&r=g","caption":"C\u00e1ssio Santana"},"url":"https:\/\/www.fsfx.com.br\/hmcc\/author\/cassio\/"}]}},"_links":{"self":[{"href":"https:\/\/www.fsfx.com.br\/hmcc\/wp-json\/wp\/v2\/posts\/7839","targetHints":{"allow":["GET"]}}],"collection":[{"href":"https:\/\/www.fsfx.com.br\/hmcc\/wp-json\/wp\/v2\/posts"}],"about":[{"href":"https:\/\/www.fsfx.com.br\/hmcc\/wp-json\/wp\/v2\/types\/post"}],"author":[{"embeddable":true,"href":"https:\/\/www.fsfx.com.br\/hmcc\/wp-json\/wp\/v2\/users\/6"}],"replies":[{"embeddable":true,"href":"https:\/\/www.fsfx.com.br\/hmcc\/wp-json\/wp\/v2\/comments?post=7839"}],"version-history":[{"count":1,"href":"https:\/\/www.fsfx.com.br\/hmcc\/wp-json\/wp\/v2\/posts\/7839\/revisions"}],"predecessor-version":[{"id":7841,"href":"https:\/\/www.fsfx.com.br\/hmcc\/wp-json\/wp\/v2\/posts\/7839\/revisions\/7841"}],"wp:featuredmedia":[{"embeddable":true,"href":"https:\/\/www.fsfx.com.br\/hmcc\/wp-json\/wp\/v2\/media\/7840"}],"wp:attachment":[{"href":"https:\/\/www.fsfx.com.br\/hmcc\/wp-json\/wp\/v2\/media?parent=7839"}],"wp:term":[{"taxonomy":"category","embeddable":true,"href":"https:\/\/www.fsfx.com.br\/hmcc\/wp-json\/wp\/v2\/categories?post=7839"},{"taxonomy":"post_tag","embeddable":true,"href":"https:\/\/www.fsfx.com.br\/hmcc\/wp-json\/wp\/v2\/tags?post=7839"}],"curies":[{"name":"wp","href":"https:\/\/api.w.org\/{rel}","templated":true}]}}