{"id":7849,"date":"2024-07-26T10:59:47","date_gmt":"2024-07-26T13:59:47","guid":{"rendered":"https:\/\/www.fsfx.com.br\/hmcc\/?p=7849"},"modified":"2024-07-26T10:59:47","modified_gmt":"2024-07-26T13:59:47","slug":"medica-alerta-sobre-os-cuidados-relacionados-as-hepatites-virais","status":"publish","type":"post","link":"https:\/\/www.fsfx.com.br\/hmcc\/medica-alerta-sobre-os-cuidados-relacionados-as-hepatites-virais\/","title":{"rendered":"M\u00e9dica alerta sobre os cuidados relacionados \u00e0s hepatites virais"},"content":{"rendered":"<p>Neste m\u00eas, o Brasil se veste de amarelo n\u00e3o apenas por causa das Olimp\u00edadas, mas tamb\u00e9m por uma causa nobre, o Julho Amarelo, campanha nacional dedicada \u00e0 preven\u00e7\u00e3o, diagn\u00f3stico e tratamento das hepatites virais. Este m\u00eas \u00e9 dedicado para conscientizar a popula\u00e7\u00e3o sobre a import\u00e2ncia do combate a essas doen\u00e7as silenciosas, que afetam milh\u00f5es de pessoas em todo o mundo.<\/p>\n<p>Segundo dados do Minist\u00e9rio da Sa\u00fade, estima-se que, em 2023, 520 mil pessoas no Brasil tenham hepatite C, mas ainda sem diagn\u00f3stico e tratamento. J\u00e1 no caso da hepatite B, o Minist\u00e9rio estima que quase 1 milh\u00e3o de pessoas vivam com a doen\u00e7a no pa\u00eds e, destas, 700 mil ainda n\u00e3o foram diagnosticadas.<\/p>\n<p><img fetchpriority=\"high\" decoding=\"async\" class=\" wp-image-17889 alignleft\" src=\"https:\/\/www.fsfx.com.br\/wp-content\/uploads\/2024\/07\/Dra-Nicoly-Eudes-151x300.jpeg\" alt=\"\" width=\"200\" height=\"397\" \/>As hepatites virais s\u00e3o inflama\u00e7\u00f5es no f\u00edgado causadas por diferentes tipos de v\u00edrus: A, B, C, D e E, como conta a m\u00e9dica Hepatologista da Funda\u00e7\u00e3o S\u00e3o Francisco Xavier, Nicoly Eudes. \u201cEssas doen\u00e7as s\u00e3o consideradas silenciosas, pois na maioria das vezes n\u00e3o ocasionam sintomas. Por\u00e9m, em alguns casos, podem apresentar sintomas pouco espec\u00edficos, como mal-estar, dor abdominal, febre e at\u00e9 sintomas mais espec\u00edficos, como olhos amarelados, urina de cor escura e fezes de cor mais clara. Importante ressaltar que na presen\u00e7a desses sintomas, a pessoa deve procurar um m\u00e9dico, em busca de um diagn\u00f3stico precoce\u201d, explica.<\/p>\n<p>Muitas pessoas n\u00e3o sabem, mas o f\u00edgado \u00e9 um \u00f3rg\u00e3o essencial para o nosso corpo. \u201cEle exerce fun\u00e7\u00f5es muito importantes. O f\u00edgado produz v\u00e1rias subst\u00e2ncias, dentre elas a bile que auxilia na digest\u00e3o dos alimentos. Al\u00e9m disso, o f\u00edgado armazena nutrientes e tem fun\u00e7\u00e3o de desintoxica\u00e7\u00e3o, filtrando subst\u00e2ncias t\u00f3xicas do nosso organismo. Dessa forma, \u00e9 fundamental os cuidados com este \u00f3rg\u00e3o\u201d, conta a profissional.<\/p>\n<p>No Brasil, as hepatites B e C s\u00e3o as mais preocupantes devido ao seu potencial de evoluir para doen\u00e7as cr\u00f4nicas, aumentando o risco de cirrose e de c\u00e2ncer de f\u00edgado, o que ressalta a import\u00e2ncia do tratamento adequado e direcionado a essas patologias.<\/p>\n<p>A detec\u00e7\u00e3o precoce das hepatites virais \u00e9 fundamental para realizar o tratamento eficaz e evitar complica\u00e7\u00f5es mais graves. O diagn\u00f3stico dessas doen\u00e7as \u00e9 realizado atrav\u00e9s de exames de sangue espec\u00edficos e, sendo constatadas, \u00e9 fundamental que o tratamento seja iniciado o mais precoce poss\u00edvel, principalmente nos casos que apresentem indica\u00e7\u00e3o de tratamento espec\u00edfico. Dessa forma, \u00e9 poss\u00edvel reduzir os riscos das complica\u00e7\u00f5es geradas por estas doen\u00e7as e at\u00e9 mesmo possibilitar a cura.<\/p>\n<p>A especialista alerta que a transmiss\u00e3o das hepatites pode ocorrer de v\u00e1rias formas, incluindo contato com sangue contaminado, rela\u00e7\u00f5es sexuais sem prote\u00e7\u00e3o e compartilhamento de seringas, mas n\u00e3o se resumem a isso. \u201cAs pessoas devem estar atentas \u00e0s formas de transmiss\u00e3o: cuidados com a higiene pessoal, como lavar as m\u00e3os ap\u00f3s ir ao banheiro e antes de se alimentar, reduzem a possibilidade de contamina\u00e7\u00e3o com o v\u00edrus da hepatite A. J\u00e1 nos casos das hepatites B e C, a principal forma de transmiss\u00e3o \u00e9 o contato com sangue e secre\u00e7\u00e3o sexual contaminados, portanto, a pessoa deve ter aten\u00e7\u00e3o com materiais perfurocortantes e n\u00e3o fazer o seu compartilhamento, al\u00e9m disso devem se atentar ao uso de preservativo nas rela\u00e7\u00f5es sexuais\u201d, destaca<\/p>\n<p>O Julho Amarelo \u00e9 uma oportunidade vital para refor\u00e7ar a luta contra as hepatites virais no Brasil. Atrav\u00e9s da conscientiza\u00e7\u00e3o, preven\u00e7\u00e3o e tratamento \u00e9 poss\u00edvel reduzir significativamente o impacto dessas doen\u00e7as. \u201cEu gostaria de refor\u00e7ar a import\u00e2ncia da conscientiza\u00e7\u00e3o sobre as hepatites virais, pois alguns tipos podem evoluir para formas cr\u00f4nicas, ocasionar cirrose e aumentar o risco de c\u00e2ncer de f\u00edgado. Portanto \u00e9 fundamental ficar atento ao quadro vacinal e ter os cuidados b\u00e1sicos de higiene. Nas rela\u00e7\u00f5es sexuais, \u00e9 importante fazer o uso de preservativos. Outra dica \u00e9 o n\u00e3o compartilhamento de itens pessoais, como alicates de unha e giletes. Com esses cuidados, \u00e9 poss\u00edvel reduzir o risco de contamina\u00e7\u00e3o pelos v\u00edrus da hepatite\u201d, finaliza Nicoly.<\/p>\n","protected":false},"excerpt":{"rendered":"<p>Neste m\u00eas, o Brasil se veste de amarelo n\u00e3o apenas por causa das Olimp\u00edadas, mas tamb\u00e9m por uma causa nobre, o Julho Amarelo, campanha nacional dedicada \u00e0 preven\u00e7\u00e3o, diagn\u00f3stico e tratamento das hepatites virais. Este m\u00eas \u00e9 dedicado para conscientizar a popula\u00e7\u00e3o sobre a import\u00e2ncia do combate a essas doen\u00e7as silenciosas, que afetam milh\u00f5es de [&hellip;]<\/p>\n","protected":false},"author":6,"featured_media":7850,"comment_status":"closed","ping_status":"closed","sticky":false,"template":"","format":"standard","meta":{"_acf_changed":false,"site-sidebar-layout":"default","site-content-layout":"","ast-site-content-layout":"default","site-content-style":"default","site-sidebar-style":"default","ast-global-header-display":"","ast-banner-title-visibility":"","ast-main-header-display":"","ast-hfb-above-header-display":"","ast-hfb-below-header-display":"","ast-hfb-mobile-header-display":"","site-post-title":"","ast-breadcrumbs-content":"","ast-featured-img":"","footer-sml-layout":"","theme-transparent-header-meta":"","adv-header-id-meta":"","stick-header-meta":"","header-above-stick-meta":"","header-main-stick-meta":"","header-below-stick-meta":"","astra-migrate-meta-layouts":"default","ast-page-background-enabled":"default","ast-page-background-meta":{"desktop":{"background-color":"var(--ast-global-color-4)","background-image":"","background-repeat":"repeat","background-position":"center center","background-size":"auto","background-attachment":"scroll","background-type":"","background-media":"","overlay-type":"","overlay-color":"","overlay-opacity":"","overlay-gradient":""},"tablet":{"background-color":"","background-image":"","background-repeat":"repeat","background-position":"center center","background-size":"auto","background-attachment":"scroll","background-type":"","background-media":"","overlay-type":"","overlay-color":"","overlay-opacity":"","overlay-gradient":""},"mobile":{"background-color":"","background-image":"","background-repeat":"repeat","background-position":"center center","background-size":"auto","background-attachment":"scroll","background-type":"","background-media":"","overlay-type":"","overlay-color":"","overlay-opacity":"","overlay-gradient":""}},"ast-content-background-meta":{"desktop":{"background-color":"var(--ast-global-color-5)","background-image":"","background-repeat":"repeat","background-position":"center center","background-size":"auto","background-attachment":"scroll","background-type":"","background-media":"","overlay-type":"","overlay-color":"","overlay-opacity":"","overlay-gradient":""},"tablet":{"background-color":"var(--ast-global-color-5)","background-image":"","background-repeat":"repeat","background-position":"center center","background-size":"auto","background-attachment":"scroll","background-type":"","background-media":"","overlay-type":"","overlay-color":"","overlay-opacity":"","overlay-gradient":""},"mobile":{"background-color":"var(--ast-global-color-5)","background-image":"","background-repeat":"repeat","background-position":"center center","background-size":"auto","background-attachment":"scroll","background-type":"","background-media":"","overlay-type":"","overlay-color":"","overlay-opacity":"","overlay-gradient":""}},"footnotes":""},"categories":[21],"tags":[],"class_list":["post-7849","post","type-post","status-publish","format-standard","has-post-thumbnail","hentry","category-saude"],"acf":[],"yoast_head":"<!-- This site is optimized with the Yoast SEO plugin v26.9 - https:\/\/yoast.com\/product\/yoast-seo-wordpress\/ -->\n<title>M\u00e9dica alerta sobre os cuidados relacionados \u00e0s hepatites virais - Hospital Municipal Carlos Chagas<\/title>\n<meta name=\"robots\" content=\"index, follow, max-snippet:-1, max-image-preview:large, max-video-preview:-1\" \/>\n<link rel=\"canonical\" href=\"https:\/\/www.fsfx.com.br\/hmcc\/medica-alerta-sobre-os-cuidados-relacionados-as-hepatites-virais\/\" \/>\n<meta property=\"og:locale\" content=\"pt_BR\" \/>\n<meta property=\"og:type\" content=\"article\" \/>\n<meta property=\"og:title\" content=\"M\u00e9dica alerta sobre os cuidados relacionados \u00e0s hepatites virais - Hospital Municipal Carlos Chagas\" \/>\n<meta property=\"og:description\" content=\"Neste m\u00eas, o Brasil se veste de amarelo n\u00e3o apenas por causa das Olimp\u00edadas, mas tamb\u00e9m por uma causa nobre, o Julho Amarelo, campanha nacional dedicada \u00e0 preven\u00e7\u00e3o, diagn\u00f3stico e tratamento das hepatites virais. Este m\u00eas \u00e9 dedicado para conscientizar a popula\u00e7\u00e3o sobre a import\u00e2ncia do combate a essas doen\u00e7as silenciosas, que afetam milh\u00f5es de [&hellip;]\" \/>\n<meta property=\"og:url\" content=\"https:\/\/www.fsfx.com.br\/hmcc\/medica-alerta-sobre-os-cuidados-relacionados-as-hepatites-virais\/\" \/>\n<meta property=\"og:site_name\" content=\"Hospital Municipal Carlos Chagas\" \/>\n<meta property=\"article:published_time\" content=\"2024-07-26T13:59:47+00:00\" \/>\n<meta property=\"og:image\" content=\"https:\/\/www.fsfx.com.br\/hmcc\/wp-content\/uploads\/sites\/5\/2024\/07\/Dra-Nicoly-Eudes-destaque.jpg\" \/>\n\t<meta property=\"og:image:width\" content=\"804\" \/>\n\t<meta property=\"og:image:height\" content=\"703\" \/>\n\t<meta property=\"og:image:type\" content=\"image\/jpeg\" \/>\n<meta name=\"author\" content=\"C\u00e1ssio Santana\" \/>\n<meta name=\"twitter:card\" content=\"summary_large_image\" \/>\n<meta name=\"twitter:label1\" content=\"Escrito por\" \/>\n\t<meta name=\"twitter:data1\" content=\"C\u00e1ssio Santana\" \/>\n\t<meta name=\"twitter:label2\" content=\"Est. tempo de leitura\" \/>\n\t<meta name=\"twitter:data2\" content=\"4 minutos\" \/>\n<script type=\"application\/ld+json\" class=\"yoast-schema-graph\">{\"@context\":\"https:\/\/schema.org\",\"@graph\":[{\"@type\":\"Article\",\"@id\":\"https:\/\/www.fsfx.com.br\/hmcc\/medica-alerta-sobre-os-cuidados-relacionados-as-hepatites-virais\/#article\",\"isPartOf\":{\"@id\":\"https:\/\/www.fsfx.com.br\/hmcc\/medica-alerta-sobre-os-cuidados-relacionados-as-hepatites-virais\/\"},\"author\":{\"name\":\"C\u00e1ssio Santana\",\"@id\":\"https:\/\/www.fsfx.com.br\/hmcc\/#\/schema\/person\/6bf2cced2b7a5d5d78f5610fc8f52504\"},\"headline\":\"M\u00e9dica alerta sobre os cuidados relacionados \u00e0s hepatites virais\",\"datePublished\":\"2024-07-26T13:59:47+00:00\",\"mainEntityOfPage\":{\"@id\":\"https:\/\/www.fsfx.com.br\/hmcc\/medica-alerta-sobre-os-cuidados-relacionados-as-hepatites-virais\/\"},\"wordCount\":718,\"publisher\":{\"@id\":\"https:\/\/www.fsfx.com.br\/hmcc\/#organization\"},\"image\":{\"@id\":\"https:\/\/www.fsfx.com.br\/hmcc\/medica-alerta-sobre-os-cuidados-relacionados-as-hepatites-virais\/#primaryimage\"},\"thumbnailUrl\":\"https:\/\/www.fsfx.com.br\/hmcc\/wp-content\/uploads\/sites\/5\/2024\/07\/Dra-Nicoly-Eudes-destaque.jpg\",\"articleSection\":[\"Sa\u00fade\"],\"inLanguage\":\"pt-BR\"},{\"@type\":\"WebPage\",\"@id\":\"https:\/\/www.fsfx.com.br\/hmcc\/medica-alerta-sobre-os-cuidados-relacionados-as-hepatites-virais\/\",\"url\":\"https:\/\/www.fsfx.com.br\/hmcc\/medica-alerta-sobre-os-cuidados-relacionados-as-hepatites-virais\/\",\"name\":\"M\u00e9dica alerta sobre os cuidados relacionados \u00e0s hepatites virais - Hospital Municipal Carlos Chagas\",\"isPartOf\":{\"@id\":\"https:\/\/www.fsfx.com.br\/hmcc\/#website\"},\"primaryImageOfPage\":{\"@id\":\"https:\/\/www.fsfx.com.br\/hmcc\/medica-alerta-sobre-os-cuidados-relacionados-as-hepatites-virais\/#primaryimage\"},\"image\":{\"@id\":\"https:\/\/www.fsfx.com.br\/hmcc\/medica-alerta-sobre-os-cuidados-relacionados-as-hepatites-virais\/#primaryimage\"},\"thumbnailUrl\":\"https:\/\/www.fsfx.com.br\/hmcc\/wp-content\/uploads\/sites\/5\/2024\/07\/Dra-Nicoly-Eudes-destaque.jpg\",\"datePublished\":\"2024-07-26T13:59:47+00:00\",\"breadcrumb\":{\"@id\":\"https:\/\/www.fsfx.com.br\/hmcc\/medica-alerta-sobre-os-cuidados-relacionados-as-hepatites-virais\/#breadcrumb\"},\"inLanguage\":\"pt-BR\",\"potentialAction\":[{\"@type\":\"ReadAction\",\"target\":[\"https:\/\/www.fsfx.com.br\/hmcc\/medica-alerta-sobre-os-cuidados-relacionados-as-hepatites-virais\/\"]}]},{\"@type\":\"ImageObject\",\"inLanguage\":\"pt-BR\",\"@id\":\"https:\/\/www.fsfx.com.br\/hmcc\/medica-alerta-sobre-os-cuidados-relacionados-as-hepatites-virais\/#primaryimage\",\"url\":\"https:\/\/www.fsfx.com.br\/hmcc\/wp-content\/uploads\/sites\/5\/2024\/07\/Dra-Nicoly-Eudes-destaque.jpg\",\"contentUrl\":\"https:\/\/www.fsfx.com.br\/hmcc\/wp-content\/uploads\/sites\/5\/2024\/07\/Dra-Nicoly-Eudes-destaque.jpg\",\"width\":804,\"height\":703},{\"@type\":\"BreadcrumbList\",\"@id\":\"https:\/\/www.fsfx.com.br\/hmcc\/medica-alerta-sobre-os-cuidados-relacionados-as-hepatites-virais\/#breadcrumb\",\"itemListElement\":[{\"@type\":\"ListItem\",\"position\":1,\"name\":\"In\u00edcio\",\"item\":\"https:\/\/www.fsfx.com.br\/hmcc\/\"},{\"@type\":\"ListItem\",\"position\":2,\"name\":\"M\u00e9dica alerta sobre os cuidados relacionados \u00e0s hepatites virais\"}]},{\"@type\":\"WebSite\",\"@id\":\"https:\/\/www.fsfx.com.br\/hmcc\/#website\",\"url\":\"https:\/\/www.fsfx.com.br\/hmcc\/\",\"name\":\"Hospital Municipal Carlos Chagas\",\"description\":\"Hospital geral, administrado pela Funda\u00e7\u00e3o S\u00e3o Francisco Xavier, com atendimento 100% por meio do Sistema \u00danico de Sa\u00fade.\",\"publisher\":{\"@id\":\"https:\/\/www.fsfx.com.br\/hmcc\/#organization\"},\"potentialAction\":[{\"@type\":\"SearchAction\",\"target\":{\"@type\":\"EntryPoint\",\"urlTemplate\":\"https:\/\/www.fsfx.com.br\/hmcc\/?s={search_term_string}\"},\"query-input\":{\"@type\":\"PropertyValueSpecification\",\"valueRequired\":true,\"valueName\":\"search_term_string\"}}],\"inLanguage\":\"pt-BR\"},{\"@type\":\"Organization\",\"@id\":\"https:\/\/www.fsfx.com.br\/hmcc\/#organization\",\"name\":\"HMCC - Hospital Municipal Carlos Chagas\",\"url\":\"https:\/\/www.fsfx.com.br\/hmcc\/\",\"logo\":{\"@type\":\"ImageObject\",\"inLanguage\":\"pt-BR\",\"@id\":\"https:\/\/www.fsfx.com.br\/hmcc\/#\/schema\/logo\/image\/\",\"url\":\"https:\/\/www.fsfx.com.br\/hmcc\/wp-content\/uploads\/sites\/5\/2022\/03\/logo-hmcc-sticky-header.png\",\"contentUrl\":\"https:\/\/www.fsfx.com.br\/hmcc\/wp-content\/uploads\/sites\/5\/2022\/03\/logo-hmcc-sticky-header.png\",\"width\":261,\"height\":47,\"caption\":\"HMCC - Hospital Municipal Carlos Chagas\"},\"image\":{\"@id\":\"https:\/\/www.fsfx.com.br\/hmcc\/#\/schema\/logo\/image\/\"}},{\"@type\":\"Person\",\"@id\":\"https:\/\/www.fsfx.com.br\/hmcc\/#\/schema\/person\/6bf2cced2b7a5d5d78f5610fc8f52504\",\"name\":\"C\u00e1ssio Santana\",\"image\":{\"@type\":\"ImageObject\",\"inLanguage\":\"pt-BR\",\"@id\":\"https:\/\/www.fsfx.com.br\/hmcc\/#\/schema\/person\/image\/\",\"url\":\"https:\/\/secure.gravatar.com\/avatar\/ef79739de3edd2f5c2e7c4930b0808c62af99fc5520eaadc7899948f8bc6d2e1?s=96&d=mm&r=g\",\"contentUrl\":\"https:\/\/secure.gravatar.com\/avatar\/ef79739de3edd2f5c2e7c4930b0808c62af99fc5520eaadc7899948f8bc6d2e1?s=96&d=mm&r=g\",\"caption\":\"C\u00e1ssio Santana\"},\"url\":\"https:\/\/www.fsfx.com.br\/hmcc\/author\/cassio\/\"}]}<\/script>\n<!-- \/ Yoast SEO plugin. -->","yoast_head_json":{"title":"M\u00e9dica alerta sobre os cuidados relacionados \u00e0s hepatites virais - Hospital Municipal Carlos Chagas","robots":{"index":"index","follow":"follow","max-snippet":"max-snippet:-1","max-image-preview":"max-image-preview:large","max-video-preview":"max-video-preview:-1"},"canonical":"https:\/\/www.fsfx.com.br\/hmcc\/medica-alerta-sobre-os-cuidados-relacionados-as-hepatites-virais\/","og_locale":"pt_BR","og_type":"article","og_title":"M\u00e9dica alerta sobre os cuidados relacionados \u00e0s hepatites virais - Hospital Municipal Carlos Chagas","og_description":"Neste m\u00eas, o Brasil se veste de amarelo n\u00e3o apenas por causa das Olimp\u00edadas, mas tamb\u00e9m por uma causa nobre, o Julho Amarelo, campanha nacional dedicada \u00e0 preven\u00e7\u00e3o, diagn\u00f3stico e tratamento das hepatites virais. Este m\u00eas \u00e9 dedicado para conscientizar a popula\u00e7\u00e3o sobre a import\u00e2ncia do combate a essas doen\u00e7as silenciosas, que afetam milh\u00f5es de [&hellip;]","og_url":"https:\/\/www.fsfx.com.br\/hmcc\/medica-alerta-sobre-os-cuidados-relacionados-as-hepatites-virais\/","og_site_name":"Hospital Municipal Carlos Chagas","article_published_time":"2024-07-26T13:59:47+00:00","og_image":[{"width":804,"height":703,"url":"https:\/\/www.fsfx.com.br\/hmcc\/wp-content\/uploads\/sites\/5\/2024\/07\/Dra-Nicoly-Eudes-destaque.jpg","type":"image\/jpeg"}],"author":"C\u00e1ssio Santana","twitter_card":"summary_large_image","twitter_misc":{"Escrito por":"C\u00e1ssio Santana","Est. tempo de leitura":"4 minutos"},"schema":{"@context":"https:\/\/schema.org","@graph":[{"@type":"Article","@id":"https:\/\/www.fsfx.com.br\/hmcc\/medica-alerta-sobre-os-cuidados-relacionados-as-hepatites-virais\/#article","isPartOf":{"@id":"https:\/\/www.fsfx.com.br\/hmcc\/medica-alerta-sobre-os-cuidados-relacionados-as-hepatites-virais\/"},"author":{"name":"C\u00e1ssio Santana","@id":"https:\/\/www.fsfx.com.br\/hmcc\/#\/schema\/person\/6bf2cced2b7a5d5d78f5610fc8f52504"},"headline":"M\u00e9dica alerta sobre os cuidados relacionados \u00e0s hepatites virais","datePublished":"2024-07-26T13:59:47+00:00","mainEntityOfPage":{"@id":"https:\/\/www.fsfx.com.br\/hmcc\/medica-alerta-sobre-os-cuidados-relacionados-as-hepatites-virais\/"},"wordCount":718,"publisher":{"@id":"https:\/\/www.fsfx.com.br\/hmcc\/#organization"},"image":{"@id":"https:\/\/www.fsfx.com.br\/hmcc\/medica-alerta-sobre-os-cuidados-relacionados-as-hepatites-virais\/#primaryimage"},"thumbnailUrl":"https:\/\/www.fsfx.com.br\/hmcc\/wp-content\/uploads\/sites\/5\/2024\/07\/Dra-Nicoly-Eudes-destaque.jpg","articleSection":["Sa\u00fade"],"inLanguage":"pt-BR"},{"@type":"WebPage","@id":"https:\/\/www.fsfx.com.br\/hmcc\/medica-alerta-sobre-os-cuidados-relacionados-as-hepatites-virais\/","url":"https:\/\/www.fsfx.com.br\/hmcc\/medica-alerta-sobre-os-cuidados-relacionados-as-hepatites-virais\/","name":"M\u00e9dica alerta sobre os cuidados relacionados \u00e0s hepatites virais - Hospital Municipal Carlos Chagas","isPartOf":{"@id":"https:\/\/www.fsfx.com.br\/hmcc\/#website"},"primaryImageOfPage":{"@id":"https:\/\/www.fsfx.com.br\/hmcc\/medica-alerta-sobre-os-cuidados-relacionados-as-hepatites-virais\/#primaryimage"},"image":{"@id":"https:\/\/www.fsfx.com.br\/hmcc\/medica-alerta-sobre-os-cuidados-relacionados-as-hepatites-virais\/#primaryimage"},"thumbnailUrl":"https:\/\/www.fsfx.com.br\/hmcc\/wp-content\/uploads\/sites\/5\/2024\/07\/Dra-Nicoly-Eudes-destaque.jpg","datePublished":"2024-07-26T13:59:47+00:00","breadcrumb":{"@id":"https:\/\/www.fsfx.com.br\/hmcc\/medica-alerta-sobre-os-cuidados-relacionados-as-hepatites-virais\/#breadcrumb"},"inLanguage":"pt-BR","potentialAction":[{"@type":"ReadAction","target":["https:\/\/www.fsfx.com.br\/hmcc\/medica-alerta-sobre-os-cuidados-relacionados-as-hepatites-virais\/"]}]},{"@type":"ImageObject","inLanguage":"pt-BR","@id":"https:\/\/www.fsfx.com.br\/hmcc\/medica-alerta-sobre-os-cuidados-relacionados-as-hepatites-virais\/#primaryimage","url":"https:\/\/www.fsfx.com.br\/hmcc\/wp-content\/uploads\/sites\/5\/2024\/07\/Dra-Nicoly-Eudes-destaque.jpg","contentUrl":"https:\/\/www.fsfx.com.br\/hmcc\/wp-content\/uploads\/sites\/5\/2024\/07\/Dra-Nicoly-Eudes-destaque.jpg","width":804,"height":703},{"@type":"BreadcrumbList","@id":"https:\/\/www.fsfx.com.br\/hmcc\/medica-alerta-sobre-os-cuidados-relacionados-as-hepatites-virais\/#breadcrumb","itemListElement":[{"@type":"ListItem","position":1,"name":"In\u00edcio","item":"https:\/\/www.fsfx.com.br\/hmcc\/"},{"@type":"ListItem","position":2,"name":"M\u00e9dica alerta sobre os cuidados relacionados \u00e0s hepatites virais"}]},{"@type":"WebSite","@id":"https:\/\/www.fsfx.com.br\/hmcc\/#website","url":"https:\/\/www.fsfx.com.br\/hmcc\/","name":"Hospital Municipal Carlos Chagas","description":"Hospital geral, administrado pela Funda\u00e7\u00e3o S\u00e3o Francisco Xavier, com atendimento 100% por meio do Sistema \u00danico de Sa\u00fade.","publisher":{"@id":"https:\/\/www.fsfx.com.br\/hmcc\/#organization"},"potentialAction":[{"@type":"SearchAction","target":{"@type":"EntryPoint","urlTemplate":"https:\/\/www.fsfx.com.br\/hmcc\/?s={search_term_string}"},"query-input":{"@type":"PropertyValueSpecification","valueRequired":true,"valueName":"search_term_string"}}],"inLanguage":"pt-BR"},{"@type":"Organization","@id":"https:\/\/www.fsfx.com.br\/hmcc\/#organization","name":"HMCC - Hospital Municipal Carlos Chagas","url":"https:\/\/www.fsfx.com.br\/hmcc\/","logo":{"@type":"ImageObject","inLanguage":"pt-BR","@id":"https:\/\/www.fsfx.com.br\/hmcc\/#\/schema\/logo\/image\/","url":"https:\/\/www.fsfx.com.br\/hmcc\/wp-content\/uploads\/sites\/5\/2022\/03\/logo-hmcc-sticky-header.png","contentUrl":"https:\/\/www.fsfx.com.br\/hmcc\/wp-content\/uploads\/sites\/5\/2022\/03\/logo-hmcc-sticky-header.png","width":261,"height":47,"caption":"HMCC - Hospital Municipal Carlos Chagas"},"image":{"@id":"https:\/\/www.fsfx.com.br\/hmcc\/#\/schema\/logo\/image\/"}},{"@type":"Person","@id":"https:\/\/www.fsfx.com.br\/hmcc\/#\/schema\/person\/6bf2cced2b7a5d5d78f5610fc8f52504","name":"C\u00e1ssio Santana","image":{"@type":"ImageObject","inLanguage":"pt-BR","@id":"https:\/\/www.fsfx.com.br\/hmcc\/#\/schema\/person\/image\/","url":"https:\/\/secure.gravatar.com\/avatar\/ef79739de3edd2f5c2e7c4930b0808c62af99fc5520eaadc7899948f8bc6d2e1?s=96&d=mm&r=g","contentUrl":"https:\/\/secure.gravatar.com\/avatar\/ef79739de3edd2f5c2e7c4930b0808c62af99fc5520eaadc7899948f8bc6d2e1?s=96&d=mm&r=g","caption":"C\u00e1ssio Santana"},"url":"https:\/\/www.fsfx.com.br\/hmcc\/author\/cassio\/"}]}},"_links":{"self":[{"href":"https:\/\/www.fsfx.com.br\/hmcc\/wp-json\/wp\/v2\/posts\/7849","targetHints":{"allow":["GET"]}}],"collection":[{"href":"https:\/\/www.fsfx.com.br\/hmcc\/wp-json\/wp\/v2\/posts"}],"about":[{"href":"https:\/\/www.fsfx.com.br\/hmcc\/wp-json\/wp\/v2\/types\/post"}],"author":[{"embeddable":true,"href":"https:\/\/www.fsfx.com.br\/hmcc\/wp-json\/wp\/v2\/users\/6"}],"replies":[{"embeddable":true,"href":"https:\/\/www.fsfx.com.br\/hmcc\/wp-json\/wp\/v2\/comments?post=7849"}],"version-history":[{"count":1,"href":"https:\/\/www.fsfx.com.br\/hmcc\/wp-json\/wp\/v2\/posts\/7849\/revisions"}],"predecessor-version":[{"id":7851,"href":"https:\/\/www.fsfx.com.br\/hmcc\/wp-json\/wp\/v2\/posts\/7849\/revisions\/7851"}],"wp:featuredmedia":[{"embeddable":true,"href":"https:\/\/www.fsfx.com.br\/hmcc\/wp-json\/wp\/v2\/media\/7850"}],"wp:attachment":[{"href":"https:\/\/www.fsfx.com.br\/hmcc\/wp-json\/wp\/v2\/media?parent=7849"}],"wp:term":[{"taxonomy":"category","embeddable":true,"href":"https:\/\/www.fsfx.com.br\/hmcc\/wp-json\/wp\/v2\/categories?post=7849"},{"taxonomy":"post_tag","embeddable":true,"href":"https:\/\/www.fsfx.com.br\/hmcc\/wp-json\/wp\/v2\/tags?post=7849"}],"curies":[{"name":"wp","href":"https:\/\/api.w.org\/{rel}","templated":true}]}}