{"id":7866,"date":"2024-08-29T11:30:54","date_gmt":"2024-08-29T14:30:54","guid":{"rendered":"https:\/\/www.fsfx.com.br\/hmcc\/?p=7866"},"modified":"2024-08-29T11:30:54","modified_gmt":"2024-08-29T14:30:54","slug":"esclerose-multipla-um-desafio-que-requer-atencao-e-conscientizacao","status":"publish","type":"post","link":"https:\/\/www.fsfx.com.br\/hmcc\/esclerose-multipla-um-desafio-que-requer-atencao-e-conscientizacao\/","title":{"rendered":"Esclerose M\u00faltipla: um desafio que requer aten\u00e7\u00e3o e conscientiza\u00e7\u00e3o"},"content":{"rendered":"<p>No dia 30 de agosto \u00e9 celebrado o Dia Nacional de Conscientiza\u00e7\u00e3o sobre a Esclerose M\u00faltipla, uma data voltada para promover a conscientiza\u00e7\u00e3o e a compreens\u00e3o sobre a doen\u00e7a. De forma a trazer esclarecimentos \u00e0 popula\u00e7\u00e3o, o m\u00e9dico neurologista e neurorradiologista da Funda\u00e7\u00e3o S\u00e3o Francisco Xavier, Dr. Mateus Vin\u00edcius Marcial, explica o que \u00e9 a esclerose m\u00faltipla e quando procurar ajuda m\u00e9dica.<\/p>\n<p><img fetchpriority=\"high\" decoding=\"async\" class=\" wp-image-12270 alignleft\" src=\"https:\/\/www.fsfx.com.br\/hospital-marcio-cunha\/wp-content\/uploads\/sites\/9\/2024\/08\/Neurologista-Mateus-Marcial-225x300.jpeg\" alt=\"\" width=\"321\" height=\"428\" \/>A esclerose m\u00faltipla (EM) \u00e9 uma doen\u00e7a autoimune, cr\u00f4nica e desmielinizante que afeta o sistema nervoso central, comprometendo tanto o enc\u00e9falo quanto a medula espinhal. \u201cA esclerose m\u00faltipla \u00e9 caracterizada por um processo inflamat\u00f3rio e neurodegenerativo. Ela \u00e9 uma doen\u00e7a que resulta na perda de mielina, a camada protetora que recobre os neur\u00f4nios. Sem essa prote\u00e7\u00e3o, a condu\u00e7\u00e3o dos impulsos nervosos \u00e9 prejudicada, levando a uma ampla variedade de sintomas neurol\u00f3gicos. A destrui\u00e7\u00e3o da mielina n\u00e3o s\u00f3 compromete a fun\u00e7\u00e3o nervosa, mas tamb\u00e9m pode levar \u00e0 perda permanente de neur\u00f4nios, agravando o quadro cl\u00ednico do paciente ao longo do tempo&#8221;, explica.<\/p>\n<p>De acordo com a Organiza\u00e7\u00e3o Mundial da Sa\u00fade (OMS), estima-se que mais de 2,8 milh\u00f5es de pessoas em todo o mundo vivem com esclerose m\u00faltipla, o que representa aproximadamente 35 casos para cada 100 mil habitantes.<\/p>\n<p>Segundo o m\u00e9dico, essa condi\u00e7\u00e3o, cuja preval\u00eancia est\u00e1 aumentando globalmente, \u00e9 um desafio crescente para os sistemas de sa\u00fade, especialmente porque atinge de forma predominante adultos jovens, sendo a principal causa de incapacidade neurol\u00f3gica n\u00e3o traum\u00e1tica nessa faixa et\u00e1ria. \u201cA esclerose m\u00faltipla acomete de maneira desproporcional as mulheres, especialmente na faixa et\u00e1ria dos 20 aos 40 anos. Esse aumento da preval\u00eancia da esclerose m\u00faltipla nos \u00faltimos anos, est\u00e1 relacionado tanto a fatores ambientais quanto a uma maior capacidade diagn\u00f3stica\u201d, detalha Mateus.<\/p>\n<p>Os principais fatores de risco para o desenvolvimento da esclerose m\u00faltipla s\u00e3o diversos e incluem predisposi\u00e7\u00e3o gen\u00e9tica, baixos n\u00edveis de vitamina D, infec\u00e7\u00f5es virais, como a pelo v\u00edrus Epstein-Barr, obesidade e tabagismo. Por\u00e9m, pr\u00e1ticas como atividade f\u00edsica regular, consumo moderado de caf\u00e9 e controle de fatores de risco cardiovascular podem ter um efeito protetor contra a doen\u00e7a. O m\u00e9dico faz o alerta para a popula\u00e7\u00e3o quanto aos sintomas que podem surgir. \u201cEntre os mais comuns est\u00e3o a perda de vis\u00e3o acompanhada de dor ao movimentar os olhos, formigamento ou dorm\u00eancia em partes do corpo, fraqueza muscular e dificuldades de equil\u00edbrio. Em alguns casos, os pacientes podem apresentar fadiga extrema, problemas cognitivos e at\u00e9 dist\u00farbios de humor\u201d, conta.<\/p>\n<p>A esclerose m\u00faltipla manifesta-se em diferentes formas cl\u00ednicas, sendo a mais comum a forma remitente-recorrente, na qual os pacientes apresentam surtos seguidos por per\u00edodos de recupera\u00e7\u00e3o parcial ou total. &#8220;Cada paciente pode ter uma experi\u00eancia \u00fanica com a esclerose m\u00faltipla, o que torna o manejo da doen\u00e7a bastante complexo. Por isso, o diagn\u00f3stico precoce \u00e9 essencial&#8221;, ressalta o Dr. Mateus.<\/p>\n<p>Segundo o m\u00e9dico da FSFX, o tratamento da esclerose m\u00faltipla envolve estrat\u00e9gias para controlar os surtos e prevenir a progress\u00e3o da doen\u00e7a. &#8220;Hoje, contamos com uma gama de medicamentos modificadores do curso da doen\u00e7a, que variam em efic\u00e1cia e perfil de seguran\u00e7a. Esses tratamentos s\u00e3o fundamentais para reduzir o n\u00famero de surtos e limitar a progress\u00e3o da incapacidade f\u00edsica ao longo do tempo&#8221;, acrescenta.<\/p>\n<p>Com os avan\u00e7os terap\u00eauticos, o futuro da pesquisa em esclerose m\u00faltipla \u00e9 promissor. De acordo com o m\u00e9dico, h\u00e1 novas drogas em desenvolvimento que n\u00e3o apenas controlam o componente inflamat\u00f3rio da doen\u00e7a, mas tamb\u00e9m visam a neuroprote\u00e7\u00e3o e a remieliniza\u00e7\u00e3o, o que poderia reverter algumas das sequelas. &#8220;Estamos otimistas com as pesquisas em andamento. Embora ainda seja cedo para conclus\u00f5es definitivas, o progresso na compreens\u00e3o da biologia da esclerose m\u00faltipla e no desenvolvimento de novas terapias pode transformar significativamente o tratamento dessa doen\u00e7a nos pr\u00f3ximos anos. Mas \u00e9 importante ressaltar que a conscientiza\u00e7\u00e3o sobre a esclerose m\u00faltipla e a busca cont\u00ednua por novos tratamentos s\u00e3o essenciais para melhorar a qualidade de vida dos pacientes e suas fam\u00edlias&#8221;, conclui o m\u00e9dico da Funda\u00e7\u00e3o.<\/p>\n<p>&nbsp;<\/p>\n","protected":false},"excerpt":{"rendered":"<p>No dia 30 de agosto \u00e9 celebrado o Dia Nacional de Conscientiza\u00e7\u00e3o sobre a Esclerose M\u00faltipla, uma data voltada para promover a conscientiza\u00e7\u00e3o e a compreens\u00e3o sobre a doen\u00e7a. De forma a trazer esclarecimentos \u00e0 popula\u00e7\u00e3o, o m\u00e9dico neurologista e neurorradiologista da Funda\u00e7\u00e3o S\u00e3o Francisco Xavier, Dr. Mateus Vin\u00edcius Marcial, explica o que \u00e9 a [&hellip;]<\/p>\n","protected":false},"author":6,"featured_media":0,"comment_status":"closed","ping_status":"closed","sticky":false,"template":"","format":"standard","meta":{"_acf_changed":false,"site-sidebar-layout":"default","site-content-layout":"","ast-site-content-layout":"default","site-content-style":"default","site-sidebar-style":"default","ast-global-header-display":"","ast-banner-title-visibility":"","ast-main-header-display":"","ast-hfb-above-header-display":"","ast-hfb-below-header-display":"","ast-hfb-mobile-header-display":"","site-post-title":"","ast-breadcrumbs-content":"","ast-featured-img":"","footer-sml-layout":"","theme-transparent-header-meta":"","adv-header-id-meta":"","stick-header-meta":"","header-above-stick-meta":"","header-main-stick-meta":"","header-below-stick-meta":"","astra-migrate-meta-layouts":"default","ast-page-background-enabled":"default","ast-page-background-meta":{"desktop":{"background-color":"var(--ast-global-color-4)","background-image":"","background-repeat":"repeat","background-position":"center center","background-size":"auto","background-attachment":"scroll","background-type":"","background-media":"","overlay-type":"","overlay-color":"","overlay-opacity":"","overlay-gradient":""},"tablet":{"background-color":"","background-image":"","background-repeat":"repeat","background-position":"center center","background-size":"auto","background-attachment":"scroll","background-type":"","background-media":"","overlay-type":"","overlay-color":"","overlay-opacity":"","overlay-gradient":""},"mobile":{"background-color":"","background-image":"","background-repeat":"repeat","background-position":"center center","background-size":"auto","background-attachment":"scroll","background-type":"","background-media":"","overlay-type":"","overlay-color":"","overlay-opacity":"","overlay-gradient":""}},"ast-content-background-meta":{"desktop":{"background-color":"var(--ast-global-color-5)","background-image":"","background-repeat":"repeat","background-position":"center center","background-size":"auto","background-attachment":"scroll","background-type":"","background-media":"","overlay-type":"","overlay-color":"","overlay-opacity":"","overlay-gradient":""},"tablet":{"background-color":"var(--ast-global-color-5)","background-image":"","background-repeat":"repeat","background-position":"center center","background-size":"auto","background-attachment":"scroll","background-type":"","background-media":"","overlay-type":"","overlay-color":"","overlay-opacity":"","overlay-gradient":""},"mobile":{"background-color":"var(--ast-global-color-5)","background-image":"","background-repeat":"repeat","background-position":"center center","background-size":"auto","background-attachment":"scroll","background-type":"","background-media":"","overlay-type":"","overlay-color":"","overlay-opacity":"","overlay-gradient":""}},"footnotes":""},"categories":[21],"tags":[],"class_list":["post-7866","post","type-post","status-publish","format-standard","hentry","category-saude"],"acf":[],"yoast_head":"<!-- This site is optimized with the Yoast SEO plugin v26.9 - https:\/\/yoast.com\/product\/yoast-seo-wordpress\/ -->\n<title>Esclerose M\u00faltipla: um desafio que requer aten\u00e7\u00e3o e conscientiza\u00e7\u00e3o - Hospital Municipal Carlos Chagas<\/title>\n<meta name=\"robots\" content=\"index, follow, max-snippet:-1, max-image-preview:large, max-video-preview:-1\" \/>\n<link rel=\"canonical\" href=\"https:\/\/www.fsfx.com.br\/hmcc\/esclerose-multipla-um-desafio-que-requer-atencao-e-conscientizacao\/\" \/>\n<meta property=\"og:locale\" content=\"pt_BR\" \/>\n<meta property=\"og:type\" content=\"article\" \/>\n<meta property=\"og:title\" content=\"Esclerose M\u00faltipla: um desafio que requer aten\u00e7\u00e3o e conscientiza\u00e7\u00e3o - Hospital Municipal Carlos Chagas\" \/>\n<meta property=\"og:description\" content=\"No dia 30 de agosto \u00e9 celebrado o Dia Nacional de Conscientiza\u00e7\u00e3o sobre a Esclerose M\u00faltipla, uma data voltada para promover a conscientiza\u00e7\u00e3o e a compreens\u00e3o sobre a doen\u00e7a. De forma a trazer esclarecimentos \u00e0 popula\u00e7\u00e3o, o m\u00e9dico neurologista e neurorradiologista da Funda\u00e7\u00e3o S\u00e3o Francisco Xavier, Dr. Mateus Vin\u00edcius Marcial, explica o que \u00e9 a [&hellip;]\" \/>\n<meta property=\"og:url\" content=\"https:\/\/www.fsfx.com.br\/hmcc\/esclerose-multipla-um-desafio-que-requer-atencao-e-conscientizacao\/\" \/>\n<meta property=\"og:site_name\" content=\"Hospital Municipal Carlos Chagas\" \/>\n<meta property=\"article:published_time\" content=\"2024-08-29T14:30:54+00:00\" \/>\n<meta property=\"og:image\" content=\"https:\/\/www.fsfx.com.br\/hospital-marcio-cunha\/wp-content\/uploads\/sites\/9\/2024\/08\/Neurologista-Mateus-Marcial-225x300.jpeg\" \/>\n<meta name=\"author\" content=\"C\u00e1ssio Santana\" \/>\n<meta name=\"twitter:card\" content=\"summary_large_image\" \/>\n<meta name=\"twitter:label1\" content=\"Escrito por\" \/>\n\t<meta name=\"twitter:data1\" content=\"C\u00e1ssio Santana\" \/>\n\t<meta name=\"twitter:label2\" content=\"Est. tempo de leitura\" \/>\n\t<meta name=\"twitter:data2\" content=\"4 minutos\" \/>\n<script type=\"application\/ld+json\" class=\"yoast-schema-graph\">{\"@context\":\"https:\/\/schema.org\",\"@graph\":[{\"@type\":\"Article\",\"@id\":\"https:\/\/www.fsfx.com.br\/hmcc\/esclerose-multipla-um-desafio-que-requer-atencao-e-conscientizacao\/#article\",\"isPartOf\":{\"@id\":\"https:\/\/www.fsfx.com.br\/hmcc\/esclerose-multipla-um-desafio-que-requer-atencao-e-conscientizacao\/\"},\"author\":{\"name\":\"C\u00e1ssio Santana\",\"@id\":\"https:\/\/www.fsfx.com.br\/hmcc\/#\/schema\/person\/6bf2cced2b7a5d5d78f5610fc8f52504\"},\"headline\":\"Esclerose M\u00faltipla: um desafio que requer aten\u00e7\u00e3o e conscientiza\u00e7\u00e3o\",\"datePublished\":\"2024-08-29T14:30:54+00:00\",\"mainEntityOfPage\":{\"@id\":\"https:\/\/www.fsfx.com.br\/hmcc\/esclerose-multipla-um-desafio-que-requer-atencao-e-conscientizacao\/\"},\"wordCount\":744,\"publisher\":{\"@id\":\"https:\/\/www.fsfx.com.br\/hmcc\/#organization\"},\"image\":{\"@id\":\"https:\/\/www.fsfx.com.br\/hmcc\/esclerose-multipla-um-desafio-que-requer-atencao-e-conscientizacao\/#primaryimage\"},\"thumbnailUrl\":\"https:\/\/www.fsfx.com.br\/hospital-marcio-cunha\/wp-content\/uploads\/sites\/9\/2024\/08\/Neurologista-Mateus-Marcial-225x300.jpeg\",\"articleSection\":[\"Sa\u00fade\"],\"inLanguage\":\"pt-BR\"},{\"@type\":\"WebPage\",\"@id\":\"https:\/\/www.fsfx.com.br\/hmcc\/esclerose-multipla-um-desafio-que-requer-atencao-e-conscientizacao\/\",\"url\":\"https:\/\/www.fsfx.com.br\/hmcc\/esclerose-multipla-um-desafio-que-requer-atencao-e-conscientizacao\/\",\"name\":\"Esclerose M\u00faltipla: um desafio que requer aten\u00e7\u00e3o e conscientiza\u00e7\u00e3o - Hospital Municipal Carlos Chagas\",\"isPartOf\":{\"@id\":\"https:\/\/www.fsfx.com.br\/hmcc\/#website\"},\"primaryImageOfPage\":{\"@id\":\"https:\/\/www.fsfx.com.br\/hmcc\/esclerose-multipla-um-desafio-que-requer-atencao-e-conscientizacao\/#primaryimage\"},\"image\":{\"@id\":\"https:\/\/www.fsfx.com.br\/hmcc\/esclerose-multipla-um-desafio-que-requer-atencao-e-conscientizacao\/#primaryimage\"},\"thumbnailUrl\":\"https:\/\/www.fsfx.com.br\/hospital-marcio-cunha\/wp-content\/uploads\/sites\/9\/2024\/08\/Neurologista-Mateus-Marcial-225x300.jpeg\",\"datePublished\":\"2024-08-29T14:30:54+00:00\",\"breadcrumb\":{\"@id\":\"https:\/\/www.fsfx.com.br\/hmcc\/esclerose-multipla-um-desafio-que-requer-atencao-e-conscientizacao\/#breadcrumb\"},\"inLanguage\":\"pt-BR\",\"potentialAction\":[{\"@type\":\"ReadAction\",\"target\":[\"https:\/\/www.fsfx.com.br\/hmcc\/esclerose-multipla-um-desafio-que-requer-atencao-e-conscientizacao\/\"]}]},{\"@type\":\"ImageObject\",\"inLanguage\":\"pt-BR\",\"@id\":\"https:\/\/www.fsfx.com.br\/hmcc\/esclerose-multipla-um-desafio-que-requer-atencao-e-conscientizacao\/#primaryimage\",\"url\":\"https:\/\/www.fsfx.com.br\/hospital-marcio-cunha\/wp-content\/uploads\/sites\/9\/2024\/08\/Neurologista-Mateus-Marcial-225x300.jpeg\",\"contentUrl\":\"https:\/\/www.fsfx.com.br\/hospital-marcio-cunha\/wp-content\/uploads\/sites\/9\/2024\/08\/Neurologista-Mateus-Marcial-225x300.jpeg\"},{\"@type\":\"BreadcrumbList\",\"@id\":\"https:\/\/www.fsfx.com.br\/hmcc\/esclerose-multipla-um-desafio-que-requer-atencao-e-conscientizacao\/#breadcrumb\",\"itemListElement\":[{\"@type\":\"ListItem\",\"position\":1,\"name\":\"In\u00edcio\",\"item\":\"https:\/\/www.fsfx.com.br\/hmcc\/\"},{\"@type\":\"ListItem\",\"position\":2,\"name\":\"Esclerose M\u00faltipla: um desafio que requer aten\u00e7\u00e3o e conscientiza\u00e7\u00e3o\"}]},{\"@type\":\"WebSite\",\"@id\":\"https:\/\/www.fsfx.com.br\/hmcc\/#website\",\"url\":\"https:\/\/www.fsfx.com.br\/hmcc\/\",\"name\":\"Hospital Municipal Carlos Chagas\",\"description\":\"Hospital geral, administrado pela Funda\u00e7\u00e3o S\u00e3o Francisco Xavier, com atendimento 100% por meio do Sistema \u00danico de Sa\u00fade.\",\"publisher\":{\"@id\":\"https:\/\/www.fsfx.com.br\/hmcc\/#organization\"},\"potentialAction\":[{\"@type\":\"SearchAction\",\"target\":{\"@type\":\"EntryPoint\",\"urlTemplate\":\"https:\/\/www.fsfx.com.br\/hmcc\/?s={search_term_string}\"},\"query-input\":{\"@type\":\"PropertyValueSpecification\",\"valueRequired\":true,\"valueName\":\"search_term_string\"}}],\"inLanguage\":\"pt-BR\"},{\"@type\":\"Organization\",\"@id\":\"https:\/\/www.fsfx.com.br\/hmcc\/#organization\",\"name\":\"HMCC - Hospital Municipal Carlos Chagas\",\"url\":\"https:\/\/www.fsfx.com.br\/hmcc\/\",\"logo\":{\"@type\":\"ImageObject\",\"inLanguage\":\"pt-BR\",\"@id\":\"https:\/\/www.fsfx.com.br\/hmcc\/#\/schema\/logo\/image\/\",\"url\":\"https:\/\/www.fsfx.com.br\/hmcc\/wp-content\/uploads\/sites\/5\/2022\/03\/logo-hmcc-sticky-header.png\",\"contentUrl\":\"https:\/\/www.fsfx.com.br\/hmcc\/wp-content\/uploads\/sites\/5\/2022\/03\/logo-hmcc-sticky-header.png\",\"width\":261,\"height\":47,\"caption\":\"HMCC - Hospital Municipal Carlos Chagas\"},\"image\":{\"@id\":\"https:\/\/www.fsfx.com.br\/hmcc\/#\/schema\/logo\/image\/\"}},{\"@type\":\"Person\",\"@id\":\"https:\/\/www.fsfx.com.br\/hmcc\/#\/schema\/person\/6bf2cced2b7a5d5d78f5610fc8f52504\",\"name\":\"C\u00e1ssio Santana\",\"image\":{\"@type\":\"ImageObject\",\"inLanguage\":\"pt-BR\",\"@id\":\"https:\/\/www.fsfx.com.br\/hmcc\/#\/schema\/person\/image\/\",\"url\":\"https:\/\/secure.gravatar.com\/avatar\/ef79739de3edd2f5c2e7c4930b0808c62af99fc5520eaadc7899948f8bc6d2e1?s=96&d=mm&r=g\",\"contentUrl\":\"https:\/\/secure.gravatar.com\/avatar\/ef79739de3edd2f5c2e7c4930b0808c62af99fc5520eaadc7899948f8bc6d2e1?s=96&d=mm&r=g\",\"caption\":\"C\u00e1ssio Santana\"},\"url\":\"https:\/\/www.fsfx.com.br\/hmcc\/author\/cassio\/\"}]}<\/script>\n<!-- \/ Yoast SEO plugin. -->","yoast_head_json":{"title":"Esclerose M\u00faltipla: um desafio que requer aten\u00e7\u00e3o e conscientiza\u00e7\u00e3o - Hospital Municipal Carlos Chagas","robots":{"index":"index","follow":"follow","max-snippet":"max-snippet:-1","max-image-preview":"max-image-preview:large","max-video-preview":"max-video-preview:-1"},"canonical":"https:\/\/www.fsfx.com.br\/hmcc\/esclerose-multipla-um-desafio-que-requer-atencao-e-conscientizacao\/","og_locale":"pt_BR","og_type":"article","og_title":"Esclerose M\u00faltipla: um desafio que requer aten\u00e7\u00e3o e conscientiza\u00e7\u00e3o - Hospital Municipal Carlos Chagas","og_description":"No dia 30 de agosto \u00e9 celebrado o Dia Nacional de Conscientiza\u00e7\u00e3o sobre a Esclerose M\u00faltipla, uma data voltada para promover a conscientiza\u00e7\u00e3o e a compreens\u00e3o sobre a doen\u00e7a. De forma a trazer esclarecimentos \u00e0 popula\u00e7\u00e3o, o m\u00e9dico neurologista e neurorradiologista da Funda\u00e7\u00e3o S\u00e3o Francisco Xavier, Dr. Mateus Vin\u00edcius Marcial, explica o que \u00e9 a [&hellip;]","og_url":"https:\/\/www.fsfx.com.br\/hmcc\/esclerose-multipla-um-desafio-que-requer-atencao-e-conscientizacao\/","og_site_name":"Hospital Municipal Carlos Chagas","article_published_time":"2024-08-29T14:30:54+00:00","og_image":[{"url":"https:\/\/www.fsfx.com.br\/hospital-marcio-cunha\/wp-content\/uploads\/sites\/9\/2024\/08\/Neurologista-Mateus-Marcial-225x300.jpeg","type":"","width":"","height":""}],"author":"C\u00e1ssio Santana","twitter_card":"summary_large_image","twitter_misc":{"Escrito por":"C\u00e1ssio Santana","Est. tempo de leitura":"4 minutos"},"schema":{"@context":"https:\/\/schema.org","@graph":[{"@type":"Article","@id":"https:\/\/www.fsfx.com.br\/hmcc\/esclerose-multipla-um-desafio-que-requer-atencao-e-conscientizacao\/#article","isPartOf":{"@id":"https:\/\/www.fsfx.com.br\/hmcc\/esclerose-multipla-um-desafio-que-requer-atencao-e-conscientizacao\/"},"author":{"name":"C\u00e1ssio Santana","@id":"https:\/\/www.fsfx.com.br\/hmcc\/#\/schema\/person\/6bf2cced2b7a5d5d78f5610fc8f52504"},"headline":"Esclerose M\u00faltipla: um desafio que requer aten\u00e7\u00e3o e conscientiza\u00e7\u00e3o","datePublished":"2024-08-29T14:30:54+00:00","mainEntityOfPage":{"@id":"https:\/\/www.fsfx.com.br\/hmcc\/esclerose-multipla-um-desafio-que-requer-atencao-e-conscientizacao\/"},"wordCount":744,"publisher":{"@id":"https:\/\/www.fsfx.com.br\/hmcc\/#organization"},"image":{"@id":"https:\/\/www.fsfx.com.br\/hmcc\/esclerose-multipla-um-desafio-que-requer-atencao-e-conscientizacao\/#primaryimage"},"thumbnailUrl":"https:\/\/www.fsfx.com.br\/hospital-marcio-cunha\/wp-content\/uploads\/sites\/9\/2024\/08\/Neurologista-Mateus-Marcial-225x300.jpeg","articleSection":["Sa\u00fade"],"inLanguage":"pt-BR"},{"@type":"WebPage","@id":"https:\/\/www.fsfx.com.br\/hmcc\/esclerose-multipla-um-desafio-que-requer-atencao-e-conscientizacao\/","url":"https:\/\/www.fsfx.com.br\/hmcc\/esclerose-multipla-um-desafio-que-requer-atencao-e-conscientizacao\/","name":"Esclerose M\u00faltipla: um desafio que requer aten\u00e7\u00e3o e conscientiza\u00e7\u00e3o - Hospital Municipal Carlos Chagas","isPartOf":{"@id":"https:\/\/www.fsfx.com.br\/hmcc\/#website"},"primaryImageOfPage":{"@id":"https:\/\/www.fsfx.com.br\/hmcc\/esclerose-multipla-um-desafio-que-requer-atencao-e-conscientizacao\/#primaryimage"},"image":{"@id":"https:\/\/www.fsfx.com.br\/hmcc\/esclerose-multipla-um-desafio-que-requer-atencao-e-conscientizacao\/#primaryimage"},"thumbnailUrl":"https:\/\/www.fsfx.com.br\/hospital-marcio-cunha\/wp-content\/uploads\/sites\/9\/2024\/08\/Neurologista-Mateus-Marcial-225x300.jpeg","datePublished":"2024-08-29T14:30:54+00:00","breadcrumb":{"@id":"https:\/\/www.fsfx.com.br\/hmcc\/esclerose-multipla-um-desafio-que-requer-atencao-e-conscientizacao\/#breadcrumb"},"inLanguage":"pt-BR","potentialAction":[{"@type":"ReadAction","target":["https:\/\/www.fsfx.com.br\/hmcc\/esclerose-multipla-um-desafio-que-requer-atencao-e-conscientizacao\/"]}]},{"@type":"ImageObject","inLanguage":"pt-BR","@id":"https:\/\/www.fsfx.com.br\/hmcc\/esclerose-multipla-um-desafio-que-requer-atencao-e-conscientizacao\/#primaryimage","url":"https:\/\/www.fsfx.com.br\/hospital-marcio-cunha\/wp-content\/uploads\/sites\/9\/2024\/08\/Neurologista-Mateus-Marcial-225x300.jpeg","contentUrl":"https:\/\/www.fsfx.com.br\/hospital-marcio-cunha\/wp-content\/uploads\/sites\/9\/2024\/08\/Neurologista-Mateus-Marcial-225x300.jpeg"},{"@type":"BreadcrumbList","@id":"https:\/\/www.fsfx.com.br\/hmcc\/esclerose-multipla-um-desafio-que-requer-atencao-e-conscientizacao\/#breadcrumb","itemListElement":[{"@type":"ListItem","position":1,"name":"In\u00edcio","item":"https:\/\/www.fsfx.com.br\/hmcc\/"},{"@type":"ListItem","position":2,"name":"Esclerose M\u00faltipla: um desafio que requer aten\u00e7\u00e3o e conscientiza\u00e7\u00e3o"}]},{"@type":"WebSite","@id":"https:\/\/www.fsfx.com.br\/hmcc\/#website","url":"https:\/\/www.fsfx.com.br\/hmcc\/","name":"Hospital Municipal Carlos Chagas","description":"Hospital geral, administrado pela Funda\u00e7\u00e3o S\u00e3o Francisco Xavier, com atendimento 100% por meio do Sistema \u00danico de Sa\u00fade.","publisher":{"@id":"https:\/\/www.fsfx.com.br\/hmcc\/#organization"},"potentialAction":[{"@type":"SearchAction","target":{"@type":"EntryPoint","urlTemplate":"https:\/\/www.fsfx.com.br\/hmcc\/?s={search_term_string}"},"query-input":{"@type":"PropertyValueSpecification","valueRequired":true,"valueName":"search_term_string"}}],"inLanguage":"pt-BR"},{"@type":"Organization","@id":"https:\/\/www.fsfx.com.br\/hmcc\/#organization","name":"HMCC - Hospital Municipal Carlos Chagas","url":"https:\/\/www.fsfx.com.br\/hmcc\/","logo":{"@type":"ImageObject","inLanguage":"pt-BR","@id":"https:\/\/www.fsfx.com.br\/hmcc\/#\/schema\/logo\/image\/","url":"https:\/\/www.fsfx.com.br\/hmcc\/wp-content\/uploads\/sites\/5\/2022\/03\/logo-hmcc-sticky-header.png","contentUrl":"https:\/\/www.fsfx.com.br\/hmcc\/wp-content\/uploads\/sites\/5\/2022\/03\/logo-hmcc-sticky-header.png","width":261,"height":47,"caption":"HMCC - Hospital Municipal Carlos Chagas"},"image":{"@id":"https:\/\/www.fsfx.com.br\/hmcc\/#\/schema\/logo\/image\/"}},{"@type":"Person","@id":"https:\/\/www.fsfx.com.br\/hmcc\/#\/schema\/person\/6bf2cced2b7a5d5d78f5610fc8f52504","name":"C\u00e1ssio Santana","image":{"@type":"ImageObject","inLanguage":"pt-BR","@id":"https:\/\/www.fsfx.com.br\/hmcc\/#\/schema\/person\/image\/","url":"https:\/\/secure.gravatar.com\/avatar\/ef79739de3edd2f5c2e7c4930b0808c62af99fc5520eaadc7899948f8bc6d2e1?s=96&d=mm&r=g","contentUrl":"https:\/\/secure.gravatar.com\/avatar\/ef79739de3edd2f5c2e7c4930b0808c62af99fc5520eaadc7899948f8bc6d2e1?s=96&d=mm&r=g","caption":"C\u00e1ssio Santana"},"url":"https:\/\/www.fsfx.com.br\/hmcc\/author\/cassio\/"}]}},"_links":{"self":[{"href":"https:\/\/www.fsfx.com.br\/hmcc\/wp-json\/wp\/v2\/posts\/7866","targetHints":{"allow":["GET"]}}],"collection":[{"href":"https:\/\/www.fsfx.com.br\/hmcc\/wp-json\/wp\/v2\/posts"}],"about":[{"href":"https:\/\/www.fsfx.com.br\/hmcc\/wp-json\/wp\/v2\/types\/post"}],"author":[{"embeddable":true,"href":"https:\/\/www.fsfx.com.br\/hmcc\/wp-json\/wp\/v2\/users\/6"}],"replies":[{"embeddable":true,"href":"https:\/\/www.fsfx.com.br\/hmcc\/wp-json\/wp\/v2\/comments?post=7866"}],"version-history":[{"count":1,"href":"https:\/\/www.fsfx.com.br\/hmcc\/wp-json\/wp\/v2\/posts\/7866\/revisions"}],"predecessor-version":[{"id":7868,"href":"https:\/\/www.fsfx.com.br\/hmcc\/wp-json\/wp\/v2\/posts\/7866\/revisions\/7868"}],"wp:attachment":[{"href":"https:\/\/www.fsfx.com.br\/hmcc\/wp-json\/wp\/v2\/media?parent=7866"}],"wp:term":[{"taxonomy":"category","embeddable":true,"href":"https:\/\/www.fsfx.com.br\/hmcc\/wp-json\/wp\/v2\/categories?post=7866"},{"taxonomy":"post_tag","embeddable":true,"href":"https:\/\/www.fsfx.com.br\/hmcc\/wp-json\/wp\/v2\/tags?post=7866"}],"curies":[{"name":"wp","href":"https:\/\/api.w.org\/{rel}","templated":true}]}}