{"id":7906,"date":"2024-09-30T13:48:14","date_gmt":"2024-09-30T16:48:14","guid":{"rendered":"https:\/\/www.fsfx.com.br\/hmcc\/?p=7906"},"modified":"2024-09-30T13:48:14","modified_gmt":"2024-09-30T16:48:14","slug":"dia-mundial-do-coracao-saiba-mais-sobre-o-coracao-grande-e-os-cuidados-essenciais-com-esse-orgao-vital","status":"publish","type":"post","link":"https:\/\/www.fsfx.com.br\/hmcc\/dia-mundial-do-coracao-saiba-mais-sobre-o-coracao-grande-e-os-cuidados-essenciais-com-esse-orgao-vital\/","title":{"rendered":"Dia Mundial do Cora\u00e7\u00e3o: saiba mais sobre o \u201ccora\u00e7\u00e3o grande\u201d e os cuidados essenciais com esse \u00f3rg\u00e3o vital"},"content":{"rendered":"<p>No pr\u00f3ximo domingo (29) celebra-se o Dia Mundial do Cora\u00e7\u00e3o, uma data criada para promover reflex\u00f5es sobre a sa\u00fade do cora\u00e7\u00e3o. Como forma de alertar sobre os riscos das doen\u00e7as cardiovasculares e refor\u00e7ar as dicas sobre como preveni-las, o m\u00e9dico cardiologista da Funda\u00e7\u00e3o S\u00e3o Francisco Xavier, Dr. Eduardo Taveira Cota, traz algumas orienta\u00e7\u00f5es sobre como cuidar bem do cora\u00e7\u00e3o.<\/p>\n<p><img fetchpriority=\"high\" decoding=\"async\" class=\"size-medium wp-image-11019 alignleft\" src=\"https:\/\/www.fsfx.com.br\/usisaude\/wp-content\/uploads\/sites\/6\/2024\/09\/Dr.-Eduardo-Taveira-Cota-1-300x169.jpeg\" alt=\"\" width=\"300\" height=\"169\" \/>O m\u00e9dico ressalta que h\u00e1bitos saud\u00e1veis no dia a dia reduzem o risco de doen\u00e7as card\u00edacas, al\u00e9m de fortalecer o organismo, aumentando a qualidade de vida. E quando se fala desse \u00f3rg\u00e3o fundamental para a sobreviv\u00eancia humana, o cardiologista destaca ainda sobre a express\u00e3o \u2018cora\u00e7\u00e3o grande\u2019, que muitas vezes se remete a elogios, mas tamb\u00e9m \u00e9 um termo popular da doen\u00e7a cardiomegalia, um aumento anormal do cora\u00e7\u00e3o, que \u00e9 um sinal de que algo n\u00e3o est\u00e1 bem com o \u00f3rg\u00e3o mais vital do corpo humano.<\/p>\n<p>O profissional explica que a cardiomegalia \u00e9 um aumento do cora\u00e7\u00e3o que pode ser identificado em exames simples, como o eletrocardiograma e a radiografia de t\u00f3rax, ou por exames mais detalhados, como o ecocardiograma e a resson\u00e2ncia magn\u00e9tica card\u00edaca.<\/p>\n<p>O m\u00e9dico complementa que a cardiomegalia n\u00e3o \u00e9 uma doen\u00e7a isolada, mas sim consequ\u00eancia de diversas condi\u00e7\u00f5es que afetam o cora\u00e7\u00e3o. \u00c9 um reflexo de est\u00e1gios mais avan\u00e7ados de problemas card\u00edacos que causaram les\u00e3o no m\u00fasculo do cora\u00e7\u00e3o, ao longo do tempo, interferindo em seu funcionamento. \u201cEntre as principais causas est\u00e3o a hipertens\u00e3o arterial, que se n\u00e3o tratada adequadamente ao longo dos anos, faz com que o cora\u00e7\u00e3o se adapte ao aumento da press\u00e3o, resultando em seu crescimento. Infec\u00e7\u00f5es como a doen\u00e7a de chagas e miocardites virais tamb\u00e9m podem levar a esse quadro, al\u00e9m de condi\u00e7\u00f5es como infarto do mioc\u00e1rdio e at\u00e9 mesmo tratamentos com quimioter\u00e1picos em pacientes oncol\u00f3gicos. Al\u00e9m disso, o infarto do mioc\u00e1rdio \u00e9 uma das causas mais comuns da cardiomegalia em nosso meio, pois resulta em les\u00f5es que provocam o crescimento do cora\u00e7\u00e3o ao longo do tempo\u201d, explica.<\/p>\n<p>A doen\u00e7a pode ter sintomas muitas vezes sutis no in\u00edcio, mas \u00e0 medida que a condi\u00e7\u00e3o progride, podem incluir falta de ar, cansa\u00e7o excessivo, incha\u00e7o nas pernas e p\u00e9s, e, em alguns casos, acordar durante a noite com dificuldade para respirar. Alguns pacientes t\u00eam sintomas leves ou at\u00e9 mesmo nenhum sintoma, tornando o diagn\u00f3stico ainda mais desafiador. Por\u00e9m, em est\u00e1gios mais avan\u00e7ados, o tratamento pode incluir a utiliza\u00e7\u00e3o de dispositivos como marcapassos ressincronizadores e at\u00e9 mesmo um transplante card\u00edaco nos casos mais graves e refrat\u00e1rios a outros tratamentos.<\/p>\n<p>Por isso, o cardiologista refor\u00e7a que a preven\u00e7\u00e3o \u00e9, sem d\u00favida, o melhor caminho para cuidar do cora\u00e7\u00e3o e evitar que ele sofra um aumento significativo. \u201cAdotar um estilo de vida saud\u00e1vel, com uma dieta equilibrada, controle do peso, pr\u00e1tica regular de atividade f\u00edsica, e evitar fatores de risco como o tabagismo e o consumo excessivo de sal, s\u00e3o medidas essenciais para manter o cora\u00e7\u00e3o saud\u00e1vel. Controlar a hipertens\u00e3o, o diabetes e os n\u00edveis de colesterol s\u00e3o passos fundamentais para prevenir o desenvolvimento da cardiomegalia e outras doen\u00e7as card\u00edacas\u201d, alerta.<\/p>\n<p>O m\u00e9dico complementa que a identifica\u00e7\u00e3o precoce \u00e9 crucial para evitar complica\u00e7\u00f5es mais graves, como insufici\u00eancia card\u00edaca e arritmias, que podem levar a consequ\u00eancias fatais. Entretanto, o avan\u00e7o da medicina nas \u00faltimas duas d\u00e9cadas tem trazido novas esperan\u00e7as para os pacientes que j\u00e1 convivem com cardiomegalia e insufici\u00eancia card\u00edaca. \u201cHoje, existem quatro classes de medicamentos que t\u00eam comprovadamente reduzido a mortalidade desses pacientes, e a utiliza\u00e7\u00e3o de tecnologias como o mitralclip, um dispositivo que reduz o refluxo pela v\u00e1lvula mitral, tem contribu\u00eddo para a melhoria da qualidade de vida. A cardiomegalia, antes vista como uma condi\u00e7\u00e3o com poucas op\u00e7\u00f5es de tratamento, agora pode ser manejada de forma mais eficaz, aumentando a sobrevida e a qualidade de vida dos pacientes\u201d, destaca.<\/p>\n<p>O cardiologista da FSFX, Dr. Eduardo Taveira Cota, deixa uma mensagem para as pessoas. \u201cO Dia Mundial do Cora\u00e7\u00e3o \u00e9 uma data que serve como um lembrete da import\u00e2ncia de cuidar do nosso \u00f3rg\u00e3o vital. Pequenas atitudes di\u00e1rias, como se alimentar bem, exercitar-se regularmente e evitar o estresse, fazem toda a diferen\u00e7a na preven\u00e7\u00e3o das doen\u00e7as card\u00edacas. Cuidar do cora\u00e7\u00e3o \u00e9 um investimento em sa\u00fade e qualidade de vida. Portanto, neste Dia Mundial do Cora\u00e7\u00e3o, \u00e9 fundamental refletir sobre os cuidados que temos com nosso cora\u00e7\u00e3o e fazer escolhas que nos permitam viver mais e melhor\u201d, pontua o m\u00e9dico.<\/p>\n","protected":false},"excerpt":{"rendered":"<p>No pr\u00f3ximo domingo (29) celebra-se o Dia Mundial do Cora\u00e7\u00e3o, uma data criada para promover reflex\u00f5es sobre a sa\u00fade do cora\u00e7\u00e3o. Como forma de alertar sobre os riscos das doen\u00e7as cardiovasculares e refor\u00e7ar as dicas sobre como preveni-las, o m\u00e9dico cardiologista da Funda\u00e7\u00e3o S\u00e3o Francisco Xavier, Dr. Eduardo Taveira Cota, traz algumas orienta\u00e7\u00f5es sobre como [&hellip;]<\/p>\n","protected":false},"author":6,"featured_media":7907,"comment_status":"closed","ping_status":"closed","sticky":false,"template":"","format":"standard","meta":{"_acf_changed":false,"site-sidebar-layout":"default","site-content-layout":"","ast-site-content-layout":"default","site-content-style":"default","site-sidebar-style":"default","ast-global-header-display":"","ast-banner-title-visibility":"","ast-main-header-display":"","ast-hfb-above-header-display":"","ast-hfb-below-header-display":"","ast-hfb-mobile-header-display":"","site-post-title":"","ast-breadcrumbs-content":"","ast-featured-img":"","footer-sml-layout":"","theme-transparent-header-meta":"","adv-header-id-meta":"","stick-header-meta":"","header-above-stick-meta":"","header-main-stick-meta":"","header-below-stick-meta":"","astra-migrate-meta-layouts":"default","ast-page-background-enabled":"default","ast-page-background-meta":{"desktop":{"background-color":"var(--ast-global-color-4)","background-image":"","background-repeat":"repeat","background-position":"center center","background-size":"auto","background-attachment":"scroll","background-type":"","background-media":"","overlay-type":"","overlay-color":"","overlay-opacity":"","overlay-gradient":""},"tablet":{"background-color":"","background-image":"","background-repeat":"repeat","background-position":"center center","background-size":"auto","background-attachment":"scroll","background-type":"","background-media":"","overlay-type":"","overlay-color":"","overlay-opacity":"","overlay-gradient":""},"mobile":{"background-color":"","background-image":"","background-repeat":"repeat","background-position":"center center","background-size":"auto","background-attachment":"scroll","background-type":"","background-media":"","overlay-type":"","overlay-color":"","overlay-opacity":"","overlay-gradient":""}},"ast-content-background-meta":{"desktop":{"background-color":"var(--ast-global-color-5)","background-image":"","background-repeat":"repeat","background-position":"center center","background-size":"auto","background-attachment":"scroll","background-type":"","background-media":"","overlay-type":"","overlay-color":"","overlay-opacity":"","overlay-gradient":""},"tablet":{"background-color":"var(--ast-global-color-5)","background-image":"","background-repeat":"repeat","background-position":"center center","background-size":"auto","background-attachment":"scroll","background-type":"","background-media":"","overlay-type":"","overlay-color":"","overlay-opacity":"","overlay-gradient":""},"mobile":{"background-color":"var(--ast-global-color-5)","background-image":"","background-repeat":"repeat","background-position":"center center","background-size":"auto","background-attachment":"scroll","background-type":"","background-media":"","overlay-type":"","overlay-color":"","overlay-opacity":"","overlay-gradient":""}},"footnotes":""},"categories":[1],"tags":[],"class_list":["post-7906","post","type-post","status-publish","format-standard","has-post-thumbnail","hentry","category-sem-categoria"],"acf":[],"yoast_head":"<!-- This site is optimized with the Yoast SEO plugin v26.9 - https:\/\/yoast.com\/product\/yoast-seo-wordpress\/ -->\n<title>Dia Mundial do Cora\u00e7\u00e3o: saiba mais sobre o \u201ccora\u00e7\u00e3o grande\u201d e os cuidados essenciais com esse \u00f3rg\u00e3o vital - Hospital Municipal Carlos Chagas<\/title>\n<meta name=\"robots\" content=\"index, follow, max-snippet:-1, max-image-preview:large, max-video-preview:-1\" \/>\n<link rel=\"canonical\" href=\"https:\/\/www.fsfx.com.br\/hmcc\/dia-mundial-do-coracao-saiba-mais-sobre-o-coracao-grande-e-os-cuidados-essenciais-com-esse-orgao-vital\/\" \/>\n<meta property=\"og:locale\" content=\"pt_BR\" \/>\n<meta property=\"og:type\" content=\"article\" \/>\n<meta property=\"og:title\" content=\"Dia Mundial do Cora\u00e7\u00e3o: saiba mais sobre o \u201ccora\u00e7\u00e3o grande\u201d e os cuidados essenciais com esse \u00f3rg\u00e3o vital - Hospital Municipal Carlos Chagas\" \/>\n<meta property=\"og:description\" content=\"No pr\u00f3ximo domingo (29) celebra-se o Dia Mundial do Cora\u00e7\u00e3o, uma data criada para promover reflex\u00f5es sobre a sa\u00fade do cora\u00e7\u00e3o. Como forma de alertar sobre os riscos das doen\u00e7as cardiovasculares e refor\u00e7ar as dicas sobre como preveni-las, o m\u00e9dico cardiologista da Funda\u00e7\u00e3o S\u00e3o Francisco Xavier, Dr. Eduardo Taveira Cota, traz algumas orienta\u00e7\u00f5es sobre como [&hellip;]\" \/>\n<meta property=\"og:url\" content=\"https:\/\/www.fsfx.com.br\/hmcc\/dia-mundial-do-coracao-saiba-mais-sobre-o-coracao-grande-e-os-cuidados-essenciais-com-esse-orgao-vital\/\" \/>\n<meta property=\"og:site_name\" content=\"Hospital Municipal Carlos Chagas\" \/>\n<meta property=\"article:published_time\" content=\"2024-09-30T16:48:14+00:00\" \/>\n<meta property=\"og:image\" content=\"https:\/\/www.fsfx.com.br\/hmcc\/wp-content\/uploads\/sites\/5\/2024\/09\/Dr.-Eduardo-Taveira-Cota-1.jpeg\" \/>\n\t<meta property=\"og:image:width\" content=\"1920\" \/>\n\t<meta property=\"og:image:height\" content=\"1080\" \/>\n\t<meta property=\"og:image:type\" content=\"image\/jpeg\" \/>\n<meta name=\"author\" content=\"C\u00e1ssio Santana\" \/>\n<meta name=\"twitter:card\" content=\"summary_large_image\" \/>\n<meta name=\"twitter:label1\" content=\"Escrito por\" \/>\n\t<meta name=\"twitter:data1\" content=\"C\u00e1ssio Santana\" \/>\n\t<meta name=\"twitter:label2\" content=\"Est. tempo de leitura\" \/>\n\t<meta name=\"twitter:data2\" content=\"5 minutos\" \/>\n<script type=\"application\/ld+json\" class=\"yoast-schema-graph\">{\"@context\":\"https:\/\/schema.org\",\"@graph\":[{\"@type\":\"Article\",\"@id\":\"https:\/\/www.fsfx.com.br\/hmcc\/dia-mundial-do-coracao-saiba-mais-sobre-o-coracao-grande-e-os-cuidados-essenciais-com-esse-orgao-vital\/#article\",\"isPartOf\":{\"@id\":\"https:\/\/www.fsfx.com.br\/hmcc\/dia-mundial-do-coracao-saiba-mais-sobre-o-coracao-grande-e-os-cuidados-essenciais-com-esse-orgao-vital\/\"},\"author\":{\"name\":\"C\u00e1ssio Santana\",\"@id\":\"https:\/\/www.fsfx.com.br\/hmcc\/#\/schema\/person\/6bf2cced2b7a5d5d78f5610fc8f52504\"},\"headline\":\"Dia Mundial do Cora\u00e7\u00e3o: saiba mais sobre o \u201ccora\u00e7\u00e3o grande\u201d e os cuidados essenciais com esse \u00f3rg\u00e3o vital\",\"datePublished\":\"2024-09-30T16:48:14+00:00\",\"mainEntityOfPage\":{\"@id\":\"https:\/\/www.fsfx.com.br\/hmcc\/dia-mundial-do-coracao-saiba-mais-sobre-o-coracao-grande-e-os-cuidados-essenciais-com-esse-orgao-vital\/\"},\"wordCount\":849,\"publisher\":{\"@id\":\"https:\/\/www.fsfx.com.br\/hmcc\/#organization\"},\"image\":{\"@id\":\"https:\/\/www.fsfx.com.br\/hmcc\/dia-mundial-do-coracao-saiba-mais-sobre-o-coracao-grande-e-os-cuidados-essenciais-com-esse-orgao-vital\/#primaryimage\"},\"thumbnailUrl\":\"https:\/\/www.fsfx.com.br\/hmcc\/wp-content\/uploads\/sites\/5\/2024\/09\/Dr.-Eduardo-Taveira-Cota-1.jpeg\",\"inLanguage\":\"pt-BR\"},{\"@type\":\"WebPage\",\"@id\":\"https:\/\/www.fsfx.com.br\/hmcc\/dia-mundial-do-coracao-saiba-mais-sobre-o-coracao-grande-e-os-cuidados-essenciais-com-esse-orgao-vital\/\",\"url\":\"https:\/\/www.fsfx.com.br\/hmcc\/dia-mundial-do-coracao-saiba-mais-sobre-o-coracao-grande-e-os-cuidados-essenciais-com-esse-orgao-vital\/\",\"name\":\"Dia Mundial do Cora\u00e7\u00e3o: saiba mais sobre o \u201ccora\u00e7\u00e3o grande\u201d e os cuidados essenciais com esse \u00f3rg\u00e3o vital - Hospital Municipal Carlos Chagas\",\"isPartOf\":{\"@id\":\"https:\/\/www.fsfx.com.br\/hmcc\/#website\"},\"primaryImageOfPage\":{\"@id\":\"https:\/\/www.fsfx.com.br\/hmcc\/dia-mundial-do-coracao-saiba-mais-sobre-o-coracao-grande-e-os-cuidados-essenciais-com-esse-orgao-vital\/#primaryimage\"},\"image\":{\"@id\":\"https:\/\/www.fsfx.com.br\/hmcc\/dia-mundial-do-coracao-saiba-mais-sobre-o-coracao-grande-e-os-cuidados-essenciais-com-esse-orgao-vital\/#primaryimage\"},\"thumbnailUrl\":\"https:\/\/www.fsfx.com.br\/hmcc\/wp-content\/uploads\/sites\/5\/2024\/09\/Dr.-Eduardo-Taveira-Cota-1.jpeg\",\"datePublished\":\"2024-09-30T16:48:14+00:00\",\"breadcrumb\":{\"@id\":\"https:\/\/www.fsfx.com.br\/hmcc\/dia-mundial-do-coracao-saiba-mais-sobre-o-coracao-grande-e-os-cuidados-essenciais-com-esse-orgao-vital\/#breadcrumb\"},\"inLanguage\":\"pt-BR\",\"potentialAction\":[{\"@type\":\"ReadAction\",\"target\":[\"https:\/\/www.fsfx.com.br\/hmcc\/dia-mundial-do-coracao-saiba-mais-sobre-o-coracao-grande-e-os-cuidados-essenciais-com-esse-orgao-vital\/\"]}]},{\"@type\":\"ImageObject\",\"inLanguage\":\"pt-BR\",\"@id\":\"https:\/\/www.fsfx.com.br\/hmcc\/dia-mundial-do-coracao-saiba-mais-sobre-o-coracao-grande-e-os-cuidados-essenciais-com-esse-orgao-vital\/#primaryimage\",\"url\":\"https:\/\/www.fsfx.com.br\/hmcc\/wp-content\/uploads\/sites\/5\/2024\/09\/Dr.-Eduardo-Taveira-Cota-1.jpeg\",\"contentUrl\":\"https:\/\/www.fsfx.com.br\/hmcc\/wp-content\/uploads\/sites\/5\/2024\/09\/Dr.-Eduardo-Taveira-Cota-1.jpeg\",\"width\":1920,\"height\":1080},{\"@type\":\"BreadcrumbList\",\"@id\":\"https:\/\/www.fsfx.com.br\/hmcc\/dia-mundial-do-coracao-saiba-mais-sobre-o-coracao-grande-e-os-cuidados-essenciais-com-esse-orgao-vital\/#breadcrumb\",\"itemListElement\":[{\"@type\":\"ListItem\",\"position\":1,\"name\":\"In\u00edcio\",\"item\":\"https:\/\/www.fsfx.com.br\/hmcc\/\"},{\"@type\":\"ListItem\",\"position\":2,\"name\":\"Dia Mundial do Cora\u00e7\u00e3o: saiba mais sobre o \u201ccora\u00e7\u00e3o grande\u201d e os cuidados essenciais com esse \u00f3rg\u00e3o vital\"}]},{\"@type\":\"WebSite\",\"@id\":\"https:\/\/www.fsfx.com.br\/hmcc\/#website\",\"url\":\"https:\/\/www.fsfx.com.br\/hmcc\/\",\"name\":\"Hospital Municipal Carlos Chagas\",\"description\":\"Hospital geral, administrado pela Funda\u00e7\u00e3o S\u00e3o Francisco Xavier, com atendimento 100% por meio do Sistema \u00danico de Sa\u00fade.\",\"publisher\":{\"@id\":\"https:\/\/www.fsfx.com.br\/hmcc\/#organization\"},\"potentialAction\":[{\"@type\":\"SearchAction\",\"target\":{\"@type\":\"EntryPoint\",\"urlTemplate\":\"https:\/\/www.fsfx.com.br\/hmcc\/?s={search_term_string}\"},\"query-input\":{\"@type\":\"PropertyValueSpecification\",\"valueRequired\":true,\"valueName\":\"search_term_string\"}}],\"inLanguage\":\"pt-BR\"},{\"@type\":\"Organization\",\"@id\":\"https:\/\/www.fsfx.com.br\/hmcc\/#organization\",\"name\":\"HMCC - Hospital Municipal Carlos Chagas\",\"url\":\"https:\/\/www.fsfx.com.br\/hmcc\/\",\"logo\":{\"@type\":\"ImageObject\",\"inLanguage\":\"pt-BR\",\"@id\":\"https:\/\/www.fsfx.com.br\/hmcc\/#\/schema\/logo\/image\/\",\"url\":\"https:\/\/www.fsfx.com.br\/hmcc\/wp-content\/uploads\/sites\/5\/2022\/03\/logo-hmcc-sticky-header.png\",\"contentUrl\":\"https:\/\/www.fsfx.com.br\/hmcc\/wp-content\/uploads\/sites\/5\/2022\/03\/logo-hmcc-sticky-header.png\",\"width\":261,\"height\":47,\"caption\":\"HMCC - Hospital Municipal Carlos Chagas\"},\"image\":{\"@id\":\"https:\/\/www.fsfx.com.br\/hmcc\/#\/schema\/logo\/image\/\"}},{\"@type\":\"Person\",\"@id\":\"https:\/\/www.fsfx.com.br\/hmcc\/#\/schema\/person\/6bf2cced2b7a5d5d78f5610fc8f52504\",\"name\":\"C\u00e1ssio Santana\",\"image\":{\"@type\":\"ImageObject\",\"inLanguage\":\"pt-BR\",\"@id\":\"https:\/\/www.fsfx.com.br\/hmcc\/#\/schema\/person\/image\/\",\"url\":\"https:\/\/secure.gravatar.com\/avatar\/ef79739de3edd2f5c2e7c4930b0808c62af99fc5520eaadc7899948f8bc6d2e1?s=96&d=mm&r=g\",\"contentUrl\":\"https:\/\/secure.gravatar.com\/avatar\/ef79739de3edd2f5c2e7c4930b0808c62af99fc5520eaadc7899948f8bc6d2e1?s=96&d=mm&r=g\",\"caption\":\"C\u00e1ssio Santana\"},\"url\":\"https:\/\/www.fsfx.com.br\/hmcc\/author\/cassio\/\"}]}<\/script>\n<!-- \/ Yoast SEO plugin. -->","yoast_head_json":{"title":"Dia Mundial do Cora\u00e7\u00e3o: saiba mais sobre o \u201ccora\u00e7\u00e3o grande\u201d e os cuidados essenciais com esse \u00f3rg\u00e3o vital - Hospital Municipal Carlos Chagas","robots":{"index":"index","follow":"follow","max-snippet":"max-snippet:-1","max-image-preview":"max-image-preview:large","max-video-preview":"max-video-preview:-1"},"canonical":"https:\/\/www.fsfx.com.br\/hmcc\/dia-mundial-do-coracao-saiba-mais-sobre-o-coracao-grande-e-os-cuidados-essenciais-com-esse-orgao-vital\/","og_locale":"pt_BR","og_type":"article","og_title":"Dia Mundial do Cora\u00e7\u00e3o: saiba mais sobre o \u201ccora\u00e7\u00e3o grande\u201d e os cuidados essenciais com esse \u00f3rg\u00e3o vital - Hospital Municipal Carlos Chagas","og_description":"No pr\u00f3ximo domingo (29) celebra-se o Dia Mundial do Cora\u00e7\u00e3o, uma data criada para promover reflex\u00f5es sobre a sa\u00fade do cora\u00e7\u00e3o. Como forma de alertar sobre os riscos das doen\u00e7as cardiovasculares e refor\u00e7ar as dicas sobre como preveni-las, o m\u00e9dico cardiologista da Funda\u00e7\u00e3o S\u00e3o Francisco Xavier, Dr. Eduardo Taveira Cota, traz algumas orienta\u00e7\u00f5es sobre como [&hellip;]","og_url":"https:\/\/www.fsfx.com.br\/hmcc\/dia-mundial-do-coracao-saiba-mais-sobre-o-coracao-grande-e-os-cuidados-essenciais-com-esse-orgao-vital\/","og_site_name":"Hospital Municipal Carlos Chagas","article_published_time":"2024-09-30T16:48:14+00:00","og_image":[{"width":1920,"height":1080,"url":"https:\/\/www.fsfx.com.br\/hmcc\/wp-content\/uploads\/sites\/5\/2024\/09\/Dr.-Eduardo-Taveira-Cota-1.jpeg","type":"image\/jpeg"}],"author":"C\u00e1ssio Santana","twitter_card":"summary_large_image","twitter_misc":{"Escrito por":"C\u00e1ssio Santana","Est. tempo de leitura":"5 minutos"},"schema":{"@context":"https:\/\/schema.org","@graph":[{"@type":"Article","@id":"https:\/\/www.fsfx.com.br\/hmcc\/dia-mundial-do-coracao-saiba-mais-sobre-o-coracao-grande-e-os-cuidados-essenciais-com-esse-orgao-vital\/#article","isPartOf":{"@id":"https:\/\/www.fsfx.com.br\/hmcc\/dia-mundial-do-coracao-saiba-mais-sobre-o-coracao-grande-e-os-cuidados-essenciais-com-esse-orgao-vital\/"},"author":{"name":"C\u00e1ssio Santana","@id":"https:\/\/www.fsfx.com.br\/hmcc\/#\/schema\/person\/6bf2cced2b7a5d5d78f5610fc8f52504"},"headline":"Dia Mundial do Cora\u00e7\u00e3o: saiba mais sobre o \u201ccora\u00e7\u00e3o grande\u201d e os cuidados essenciais com esse \u00f3rg\u00e3o vital","datePublished":"2024-09-30T16:48:14+00:00","mainEntityOfPage":{"@id":"https:\/\/www.fsfx.com.br\/hmcc\/dia-mundial-do-coracao-saiba-mais-sobre-o-coracao-grande-e-os-cuidados-essenciais-com-esse-orgao-vital\/"},"wordCount":849,"publisher":{"@id":"https:\/\/www.fsfx.com.br\/hmcc\/#organization"},"image":{"@id":"https:\/\/www.fsfx.com.br\/hmcc\/dia-mundial-do-coracao-saiba-mais-sobre-o-coracao-grande-e-os-cuidados-essenciais-com-esse-orgao-vital\/#primaryimage"},"thumbnailUrl":"https:\/\/www.fsfx.com.br\/hmcc\/wp-content\/uploads\/sites\/5\/2024\/09\/Dr.-Eduardo-Taveira-Cota-1.jpeg","inLanguage":"pt-BR"},{"@type":"WebPage","@id":"https:\/\/www.fsfx.com.br\/hmcc\/dia-mundial-do-coracao-saiba-mais-sobre-o-coracao-grande-e-os-cuidados-essenciais-com-esse-orgao-vital\/","url":"https:\/\/www.fsfx.com.br\/hmcc\/dia-mundial-do-coracao-saiba-mais-sobre-o-coracao-grande-e-os-cuidados-essenciais-com-esse-orgao-vital\/","name":"Dia Mundial do Cora\u00e7\u00e3o: saiba mais sobre o \u201ccora\u00e7\u00e3o grande\u201d e os cuidados essenciais com esse \u00f3rg\u00e3o vital - Hospital Municipal Carlos Chagas","isPartOf":{"@id":"https:\/\/www.fsfx.com.br\/hmcc\/#website"},"primaryImageOfPage":{"@id":"https:\/\/www.fsfx.com.br\/hmcc\/dia-mundial-do-coracao-saiba-mais-sobre-o-coracao-grande-e-os-cuidados-essenciais-com-esse-orgao-vital\/#primaryimage"},"image":{"@id":"https:\/\/www.fsfx.com.br\/hmcc\/dia-mundial-do-coracao-saiba-mais-sobre-o-coracao-grande-e-os-cuidados-essenciais-com-esse-orgao-vital\/#primaryimage"},"thumbnailUrl":"https:\/\/www.fsfx.com.br\/hmcc\/wp-content\/uploads\/sites\/5\/2024\/09\/Dr.-Eduardo-Taveira-Cota-1.jpeg","datePublished":"2024-09-30T16:48:14+00:00","breadcrumb":{"@id":"https:\/\/www.fsfx.com.br\/hmcc\/dia-mundial-do-coracao-saiba-mais-sobre-o-coracao-grande-e-os-cuidados-essenciais-com-esse-orgao-vital\/#breadcrumb"},"inLanguage":"pt-BR","potentialAction":[{"@type":"ReadAction","target":["https:\/\/www.fsfx.com.br\/hmcc\/dia-mundial-do-coracao-saiba-mais-sobre-o-coracao-grande-e-os-cuidados-essenciais-com-esse-orgao-vital\/"]}]},{"@type":"ImageObject","inLanguage":"pt-BR","@id":"https:\/\/www.fsfx.com.br\/hmcc\/dia-mundial-do-coracao-saiba-mais-sobre-o-coracao-grande-e-os-cuidados-essenciais-com-esse-orgao-vital\/#primaryimage","url":"https:\/\/www.fsfx.com.br\/hmcc\/wp-content\/uploads\/sites\/5\/2024\/09\/Dr.-Eduardo-Taveira-Cota-1.jpeg","contentUrl":"https:\/\/www.fsfx.com.br\/hmcc\/wp-content\/uploads\/sites\/5\/2024\/09\/Dr.-Eduardo-Taveira-Cota-1.jpeg","width":1920,"height":1080},{"@type":"BreadcrumbList","@id":"https:\/\/www.fsfx.com.br\/hmcc\/dia-mundial-do-coracao-saiba-mais-sobre-o-coracao-grande-e-os-cuidados-essenciais-com-esse-orgao-vital\/#breadcrumb","itemListElement":[{"@type":"ListItem","position":1,"name":"In\u00edcio","item":"https:\/\/www.fsfx.com.br\/hmcc\/"},{"@type":"ListItem","position":2,"name":"Dia Mundial do Cora\u00e7\u00e3o: saiba mais sobre o \u201ccora\u00e7\u00e3o grande\u201d e os cuidados essenciais com esse \u00f3rg\u00e3o vital"}]},{"@type":"WebSite","@id":"https:\/\/www.fsfx.com.br\/hmcc\/#website","url":"https:\/\/www.fsfx.com.br\/hmcc\/","name":"Hospital Municipal Carlos Chagas","description":"Hospital geral, administrado pela Funda\u00e7\u00e3o S\u00e3o Francisco Xavier, com atendimento 100% por meio do Sistema \u00danico de Sa\u00fade.","publisher":{"@id":"https:\/\/www.fsfx.com.br\/hmcc\/#organization"},"potentialAction":[{"@type":"SearchAction","target":{"@type":"EntryPoint","urlTemplate":"https:\/\/www.fsfx.com.br\/hmcc\/?s={search_term_string}"},"query-input":{"@type":"PropertyValueSpecification","valueRequired":true,"valueName":"search_term_string"}}],"inLanguage":"pt-BR"},{"@type":"Organization","@id":"https:\/\/www.fsfx.com.br\/hmcc\/#organization","name":"HMCC - Hospital Municipal Carlos Chagas","url":"https:\/\/www.fsfx.com.br\/hmcc\/","logo":{"@type":"ImageObject","inLanguage":"pt-BR","@id":"https:\/\/www.fsfx.com.br\/hmcc\/#\/schema\/logo\/image\/","url":"https:\/\/www.fsfx.com.br\/hmcc\/wp-content\/uploads\/sites\/5\/2022\/03\/logo-hmcc-sticky-header.png","contentUrl":"https:\/\/www.fsfx.com.br\/hmcc\/wp-content\/uploads\/sites\/5\/2022\/03\/logo-hmcc-sticky-header.png","width":261,"height":47,"caption":"HMCC - Hospital Municipal Carlos Chagas"},"image":{"@id":"https:\/\/www.fsfx.com.br\/hmcc\/#\/schema\/logo\/image\/"}},{"@type":"Person","@id":"https:\/\/www.fsfx.com.br\/hmcc\/#\/schema\/person\/6bf2cced2b7a5d5d78f5610fc8f52504","name":"C\u00e1ssio Santana","image":{"@type":"ImageObject","inLanguage":"pt-BR","@id":"https:\/\/www.fsfx.com.br\/hmcc\/#\/schema\/person\/image\/","url":"https:\/\/secure.gravatar.com\/avatar\/ef79739de3edd2f5c2e7c4930b0808c62af99fc5520eaadc7899948f8bc6d2e1?s=96&d=mm&r=g","contentUrl":"https:\/\/secure.gravatar.com\/avatar\/ef79739de3edd2f5c2e7c4930b0808c62af99fc5520eaadc7899948f8bc6d2e1?s=96&d=mm&r=g","caption":"C\u00e1ssio Santana"},"url":"https:\/\/www.fsfx.com.br\/hmcc\/author\/cassio\/"}]}},"_links":{"self":[{"href":"https:\/\/www.fsfx.com.br\/hmcc\/wp-json\/wp\/v2\/posts\/7906","targetHints":{"allow":["GET"]}}],"collection":[{"href":"https:\/\/www.fsfx.com.br\/hmcc\/wp-json\/wp\/v2\/posts"}],"about":[{"href":"https:\/\/www.fsfx.com.br\/hmcc\/wp-json\/wp\/v2\/types\/post"}],"author":[{"embeddable":true,"href":"https:\/\/www.fsfx.com.br\/hmcc\/wp-json\/wp\/v2\/users\/6"}],"replies":[{"embeddable":true,"href":"https:\/\/www.fsfx.com.br\/hmcc\/wp-json\/wp\/v2\/comments?post=7906"}],"version-history":[{"count":1,"href":"https:\/\/www.fsfx.com.br\/hmcc\/wp-json\/wp\/v2\/posts\/7906\/revisions"}],"predecessor-version":[{"id":7908,"href":"https:\/\/www.fsfx.com.br\/hmcc\/wp-json\/wp\/v2\/posts\/7906\/revisions\/7908"}],"wp:featuredmedia":[{"embeddable":true,"href":"https:\/\/www.fsfx.com.br\/hmcc\/wp-json\/wp\/v2\/media\/7907"}],"wp:attachment":[{"href":"https:\/\/www.fsfx.com.br\/hmcc\/wp-json\/wp\/v2\/media?parent=7906"}],"wp:term":[{"taxonomy":"category","embeddable":true,"href":"https:\/\/www.fsfx.com.br\/hmcc\/wp-json\/wp\/v2\/categories?post=7906"},{"taxonomy":"post_tag","embeddable":true,"href":"https:\/\/www.fsfx.com.br\/hmcc\/wp-json\/wp\/v2\/tags?post=7906"}],"curies":[{"name":"wp","href":"https:\/\/api.w.org\/{rel}","templated":true}]}}