{"id":7999,"date":"2025-01-08T13:48:05","date_gmt":"2025-01-08T16:48:05","guid":{"rendered":"https:\/\/www.fsfx.com.br\/hmcc\/?p=7999"},"modified":"2025-01-08T13:48:05","modified_gmt":"2025-01-08T16:48:05","slug":"a-importancia-de-cuidar-da-saude-mental-no-inicio-do-ano","status":"publish","type":"post","link":"https:\/\/www.fsfx.com.br\/hmcc\/a-importancia-de-cuidar-da-saude-mental-no-inicio-do-ano\/","title":{"rendered":"A import\u00e2ncia de cuidar da sa\u00fade mental no in\u00edcio do ano"},"content":{"rendered":"<p>O m\u00eas de janeiro, com sua simbologia de recome\u00e7o e renova\u00e7\u00e3o, traz uma oportunidade \u00fanica de refletirmos sobre nossa sa\u00fade mental. A campanha Janeiro Branco surge como um convite para reescrevermos nossa hist\u00f3ria, fazendo uma pausa para pensar sobre nossos cuidados emocionais e psicol\u00f3gicos. De acordo com o m\u00e9dico da equipe de psiquiatra da Funda\u00e7\u00e3o S\u00e3o Francisco Xavier (FSFX), Dr. Rafael Proc\u00f3pio, \u00e9 crucial quebrar os estigmas em torno da sa\u00fade mental e promover a conscientiza\u00e7\u00e3o.<\/p>\n<p><img fetchpriority=\"high\" decoding=\"async\" class=\" wp-image-19770 alignleft\" src=\"https:\/\/www.fsfx.com.br\/wp-content\/uploads\/2025\/01\/Dr.-Rafael-Procopio-medico-psiquiatra-da-FSFX-300x169.jpg\" alt=\"\" width=\"483\" height=\"272\" \/>Janeiro foi escolhido por ser o m\u00eas que marca o in\u00edcio de um novo ciclo. A cor branca, que simboliza a pureza e a renova\u00e7\u00e3o, faz alus\u00e3o a uma p\u00e1gina em branco, na qual podemos reescrever nossa hist\u00f3ria. \u201c\u00c9 a chance de criar novos objetivos, novas metas e, principalmente, fazer diferente do que fizemos no passado. A sa\u00fade mental, por muito tempo marginalizada e cercada de preconceitos, precisa ser desmistificada. Historicamente, as doen\u00e7as mentais eram vistas como possess\u00f5es ou comportamentos ligados ao ocultismo. Hoje, sabemos que s\u00e3o transtornos que precisam de acolhimento e tratamento\u201d, afirma o especialista.<\/p>\n<p>Atualmente, vivemos em uma sociedade onde o tempo parece cada vez mais escasso. Por esse motivo, o psiquiatra destaca que o equil\u00edbrio entre vida pessoal e profissional \u00e9 fundamental para manter uma sa\u00fade mental saud\u00e1vel. \u201cQuando algu\u00e9m se dedica excessivamente ao trabalho, negligenciando a alimenta\u00e7\u00e3o, o sono ou o lazer, pode estar criando condi\u00e7\u00f5es para o adoecimento mental. Se voc\u00ea est\u00e1 sempre correndo contra o tempo, significa que algo est\u00e1 fora de lugar. O desequil\u00edbrio pode gerar uma sobrecarga emocional e f\u00edsica\u201d, alerta o Dr. Rafael Proc\u00f3pio.<\/p>\n<p>O m\u00e9dico recomenda que, ao perceber sinais como o isolamento social, a falta de tempo para atividades prazerosas e uma rotina desorganizada, a pessoa busque reorganizar o seu tempo e priorizar o que realmente importa.<\/p>\n<p>Dr. Rafael aponta algumas pr\u00e1ticas essenciais para manter a sa\u00fade mental em dia. O sono de qualidade \u00e9 o primeiro passo. \u201cO sono \u00e9 o momento de restaurar a nossa energia e processar as informa\u00e7\u00f5es do dia. Al\u00e9m disso, a pr\u00e1tica regular de atividades f\u00edsicas, especialmente aquelas que geram prazer, \u00e9 fundamental para o bem-estar. Por isso, \u00e9 importante encontrar algo que voc\u00ea goste. O exerc\u00edcio n\u00e3o precisa ser uma obriga\u00e7\u00e3o\u201d, sugere o m\u00e9dico.<\/p>\n<p>Quando se fala em atividade f\u00edsica, o psiquiatra relembra o caso de uma paciente de 62 anos que, ap\u00f3s experimentar o boxe, passou a se engajar com a atividade. \u201cEu sempre refor\u00e7ava para ela fazer uma atividade, e ela sempre rebatia que n\u00e3o gostava de ir para a academia, pois era muito chato. Entretanto, um dia ela conheceu um professor de boxe que a convidou para fazer a atividade. Depois disso, ela passou a pratic\u00e1-la de forma recorrente, pois havia encontrado algo de que gostava\u201d, relembra.<\/p>\n<p>Al\u00e9m desses pontos, o profissional refor\u00e7a que uma alimenta\u00e7\u00e3o equilibrada, o retorno \u00e0 socializa\u00e7\u00e3o e a organiza\u00e7\u00e3o do tempo tamb\u00e9m s\u00e3o pr\u00e1ticas que contribuem para o equil\u00edbrio emocional. \u201cCom o advento das telas, as rela\u00e7\u00f5es pessoais ficaram em segundo plano. Hoje, \u00e9 mais importante postar a atualiza\u00e7\u00e3o no feed da rede social do que interagir com as pessoas que est\u00e3o ao seu redor naquele momento de lazer. Reconectar-se com amigos e familiares \u00e9 crucial\u201d, enfatiza Dr. Rafael.<\/p>\n<p>O autocuidado tem um impacto direto na autoestima e na sa\u00fade mental. Dr. Rafael explica que cuidar de si mesmo transmite a sensa\u00e7\u00e3o de organiza\u00e7\u00e3o e bem-estar. \u201cQuando a pessoa se cuida, seja com uma boa higiene pessoal, tomando um banho relaxante, cabelos cortados ou at\u00e9 mesmo roupas bem passadas, ela se sente melhor consigo mesma e pode melhorar significativamente a sa\u00fade mental\u201d, refor\u00e7a.<\/p>\n<p>Em um mundo corporativo cada vez mais exigente, as empresas t\u00eam um papel fundamental no cuidado com a sa\u00fade mental de seus colaboradores. Dr. Rafael sugere que as organiza\u00e7\u00f5es promovam espa\u00e7os para o di\u00e1logo sobre sa\u00fade mental, ofere\u00e7am ferramentas de apoio, como v\u00eddeos educativos e textos informativos, e disponibilizem canais de acolhimento com profissionais da \u00e1rea. \u201cMomentos de relaxamento, como alongamentos ou atividades de descompress\u00e3o, tamb\u00e9m s\u00e3o essenciais para aliviar a tens\u00e3o do dia a dia\u201d, recomenda.<\/p>\n<p><strong>Quebrando o preconceito<\/strong><\/p>\n<p>Identificar o momento em que a pessoa precisa de ajuda \u00e9 crucial para evitar um adoecimento mais grave. Dr. Rafael explica que, muitas vezes, uma simples conversa pode ser o suficiente para organizar o pensamento e aliviar os conflitos internos. \u201cUma psicoterapia breve pode trazer al\u00edvio imediato, mas, quando h\u00e1 preju\u00edzo funcional, a interven\u00e7\u00e3o m\u00e9dica se torna necess\u00e1ria. A avalia\u00e7\u00e3o adequada e a defini\u00e7\u00e3o do tratamento mais eficaz, que pode envolver terapia ou at\u00e9 medica\u00e7\u00e3o, s\u00e3o fundamentais para a recupera\u00e7\u00e3o do paciente\u201d, afirma.<\/p>\n<p>O medo e o estigma em torno do cuidado psicol\u00f3gico e psiqui\u00e1trico ainda s\u00e3o desafios a serem superados. O psiquiatra defende que, ao conversar sobre o tema com empatia e acolhimento, podemos incentivar as pessoas a buscarem ajuda profissional. \u201cProcurar um psic\u00f3logo ou psiquiatra n\u00e3o \u00e9 sinal de fraqueza, mas de for\u00e7a para lidar com as dificuldades emocionais. E muitas vezes, ao final de um tratamento, os pacientes revelam que se sentem aliviados por n\u00e3o terem esperado tanto tempo para pedir ajuda\u201d, ressalta.<\/p>\n<p>Para concluir, Dr. Rafael Proc\u00f3pio deixa uma mensagem de esperan\u00e7a. \u201cEnquanto viver, voc\u00ea sempre poder\u00e1 buscar fazer diferente. O Sol nasce todos os dias com uma nova oportunidade para recome\u00e7ar. Assim como aprendemos a andar com quedas e tentativas, a vida \u00e9 uma constante de aprendizado. Devemos trabalhar a resili\u00eancia, aprender com nossos traumas e seguir em frente, buscando o equil\u00edbrio mental e f\u00edsico para uma vida mais saud\u00e1vel\u201d, pontua o psiquiatra da FSFX.<\/p>\n","protected":false},"excerpt":{"rendered":"<p>O m\u00eas de janeiro, com sua simbologia de recome\u00e7o e renova\u00e7\u00e3o, traz uma oportunidade \u00fanica de refletirmos sobre nossa sa\u00fade mental. A campanha Janeiro Branco surge como um convite para reescrevermos nossa hist\u00f3ria, fazendo uma pausa para pensar sobre nossos cuidados emocionais e psicol\u00f3gicos. De acordo com o m\u00e9dico da equipe de psiquiatra da Funda\u00e7\u00e3o [&hellip;]<\/p>\n","protected":false},"author":6,"featured_media":8000,"comment_status":"closed","ping_status":"closed","sticky":false,"template":"","format":"standard","meta":{"_acf_changed":false,"site-sidebar-layout":"default","site-content-layout":"","ast-site-content-layout":"default","site-content-style":"default","site-sidebar-style":"default","ast-global-header-display":"","ast-banner-title-visibility":"","ast-main-header-display":"","ast-hfb-above-header-display":"","ast-hfb-below-header-display":"","ast-hfb-mobile-header-display":"","site-post-title":"","ast-breadcrumbs-content":"","ast-featured-img":"","footer-sml-layout":"","theme-transparent-header-meta":"","adv-header-id-meta":"","stick-header-meta":"","header-above-stick-meta":"","header-main-stick-meta":"","header-below-stick-meta":"","astra-migrate-meta-layouts":"default","ast-page-background-enabled":"default","ast-page-background-meta":{"desktop":{"background-color":"var(--ast-global-color-4)","background-image":"","background-repeat":"repeat","background-position":"center center","background-size":"auto","background-attachment":"scroll","background-type":"","background-media":"","overlay-type":"","overlay-color":"","overlay-opacity":"","overlay-gradient":""},"tablet":{"background-color":"","background-image":"","background-repeat":"repeat","background-position":"center center","background-size":"auto","background-attachment":"scroll","background-type":"","background-media":"","overlay-type":"","overlay-color":"","overlay-opacity":"","overlay-gradient":""},"mobile":{"background-color":"","background-image":"","background-repeat":"repeat","background-position":"center center","background-size":"auto","background-attachment":"scroll","background-type":"","background-media":"","overlay-type":"","overlay-color":"","overlay-opacity":"","overlay-gradient":""}},"ast-content-background-meta":{"desktop":{"background-color":"var(--ast-global-color-5)","background-image":"","background-repeat":"repeat","background-position":"center center","background-size":"auto","background-attachment":"scroll","background-type":"","background-media":"","overlay-type":"","overlay-color":"","overlay-opacity":"","overlay-gradient":""},"tablet":{"background-color":"var(--ast-global-color-5)","background-image":"","background-repeat":"repeat","background-position":"center center","background-size":"auto","background-attachment":"scroll","background-type":"","background-media":"","overlay-type":"","overlay-color":"","overlay-opacity":"","overlay-gradient":""},"mobile":{"background-color":"var(--ast-global-color-5)","background-image":"","background-repeat":"repeat","background-position":"center center","background-size":"auto","background-attachment":"scroll","background-type":"","background-media":"","overlay-type":"","overlay-color":"","overlay-opacity":"","overlay-gradient":""}},"footnotes":""},"categories":[21],"tags":[],"class_list":["post-7999","post","type-post","status-publish","format-standard","has-post-thumbnail","hentry","category-saude"],"acf":[],"yoast_head":"<!-- This site is optimized with the Yoast SEO plugin v26.9 - https:\/\/yoast.com\/product\/yoast-seo-wordpress\/ -->\n<title>A import\u00e2ncia de cuidar da sa\u00fade mental no in\u00edcio do ano - Hospital Municipal Carlos Chagas<\/title>\n<meta name=\"robots\" content=\"index, follow, max-snippet:-1, max-image-preview:large, max-video-preview:-1\" \/>\n<link rel=\"canonical\" href=\"https:\/\/www.fsfx.com.br\/hmcc\/a-importancia-de-cuidar-da-saude-mental-no-inicio-do-ano\/\" \/>\n<meta property=\"og:locale\" content=\"pt_BR\" \/>\n<meta property=\"og:type\" content=\"article\" \/>\n<meta property=\"og:title\" content=\"A import\u00e2ncia de cuidar da sa\u00fade mental no in\u00edcio do ano - Hospital Municipal Carlos Chagas\" \/>\n<meta property=\"og:description\" content=\"O m\u00eas de janeiro, com sua simbologia de recome\u00e7o e renova\u00e7\u00e3o, traz uma oportunidade \u00fanica de refletirmos sobre nossa sa\u00fade mental. A campanha Janeiro Branco surge como um convite para reescrevermos nossa hist\u00f3ria, fazendo uma pausa para pensar sobre nossos cuidados emocionais e psicol\u00f3gicos. De acordo com o m\u00e9dico da equipe de psiquiatra da Funda\u00e7\u00e3o [&hellip;]\" \/>\n<meta property=\"og:url\" content=\"https:\/\/www.fsfx.com.br\/hmcc\/a-importancia-de-cuidar-da-saude-mental-no-inicio-do-ano\/\" \/>\n<meta property=\"og:site_name\" content=\"Hospital Municipal Carlos Chagas\" \/>\n<meta property=\"article:published_time\" content=\"2025-01-08T16:48:05+00:00\" \/>\n<meta property=\"og:image\" content=\"https:\/\/www.fsfx.com.br\/hmcc\/wp-content\/uploads\/sites\/5\/2025\/01\/Dr.-Rafael-Procopio-medico-psiquiatra-da-FSFX.jpg\" \/>\n\t<meta property=\"og:image:width\" content=\"1920\" \/>\n\t<meta property=\"og:image:height\" content=\"1080\" \/>\n\t<meta property=\"og:image:type\" content=\"image\/jpeg\" \/>\n<meta name=\"author\" content=\"C\u00e1ssio Santana\" \/>\n<meta name=\"twitter:card\" content=\"summary_large_image\" \/>\n<meta name=\"twitter:label1\" content=\"Escrito por\" \/>\n\t<meta name=\"twitter:data1\" content=\"C\u00e1ssio Santana\" \/>\n\t<meta name=\"twitter:label2\" content=\"Est. tempo de leitura\" \/>\n\t<meta name=\"twitter:data2\" content=\"6 minutos\" \/>\n<script type=\"application\/ld+json\" class=\"yoast-schema-graph\">{\"@context\":\"https:\/\/schema.org\",\"@graph\":[{\"@type\":\"Article\",\"@id\":\"https:\/\/www.fsfx.com.br\/hmcc\/a-importancia-de-cuidar-da-saude-mental-no-inicio-do-ano\/#article\",\"isPartOf\":{\"@id\":\"https:\/\/www.fsfx.com.br\/hmcc\/a-importancia-de-cuidar-da-saude-mental-no-inicio-do-ano\/\"},\"author\":{\"name\":\"C\u00e1ssio Santana\",\"@id\":\"https:\/\/www.fsfx.com.br\/hmcc\/#\/schema\/person\/6bf2cced2b7a5d5d78f5610fc8f52504\"},\"headline\":\"A import\u00e2ncia de cuidar da sa\u00fade mental no in\u00edcio do ano\",\"datePublished\":\"2025-01-08T16:48:05+00:00\",\"mainEntityOfPage\":{\"@id\":\"https:\/\/www.fsfx.com.br\/hmcc\/a-importancia-de-cuidar-da-saude-mental-no-inicio-do-ano\/\"},\"wordCount\":1016,\"publisher\":{\"@id\":\"https:\/\/www.fsfx.com.br\/hmcc\/#organization\"},\"image\":{\"@id\":\"https:\/\/www.fsfx.com.br\/hmcc\/a-importancia-de-cuidar-da-saude-mental-no-inicio-do-ano\/#primaryimage\"},\"thumbnailUrl\":\"https:\/\/www.fsfx.com.br\/hmcc\/wp-content\/uploads\/sites\/5\/2025\/01\/Dr.-Rafael-Procopio-medico-psiquiatra-da-FSFX.jpg\",\"articleSection\":[\"Sa\u00fade\"],\"inLanguage\":\"pt-BR\"},{\"@type\":\"WebPage\",\"@id\":\"https:\/\/www.fsfx.com.br\/hmcc\/a-importancia-de-cuidar-da-saude-mental-no-inicio-do-ano\/\",\"url\":\"https:\/\/www.fsfx.com.br\/hmcc\/a-importancia-de-cuidar-da-saude-mental-no-inicio-do-ano\/\",\"name\":\"A import\u00e2ncia de cuidar da sa\u00fade mental no in\u00edcio do ano - Hospital Municipal Carlos Chagas\",\"isPartOf\":{\"@id\":\"https:\/\/www.fsfx.com.br\/hmcc\/#website\"},\"primaryImageOfPage\":{\"@id\":\"https:\/\/www.fsfx.com.br\/hmcc\/a-importancia-de-cuidar-da-saude-mental-no-inicio-do-ano\/#primaryimage\"},\"image\":{\"@id\":\"https:\/\/www.fsfx.com.br\/hmcc\/a-importancia-de-cuidar-da-saude-mental-no-inicio-do-ano\/#primaryimage\"},\"thumbnailUrl\":\"https:\/\/www.fsfx.com.br\/hmcc\/wp-content\/uploads\/sites\/5\/2025\/01\/Dr.-Rafael-Procopio-medico-psiquiatra-da-FSFX.jpg\",\"datePublished\":\"2025-01-08T16:48:05+00:00\",\"breadcrumb\":{\"@id\":\"https:\/\/www.fsfx.com.br\/hmcc\/a-importancia-de-cuidar-da-saude-mental-no-inicio-do-ano\/#breadcrumb\"},\"inLanguage\":\"pt-BR\",\"potentialAction\":[{\"@type\":\"ReadAction\",\"target\":[\"https:\/\/www.fsfx.com.br\/hmcc\/a-importancia-de-cuidar-da-saude-mental-no-inicio-do-ano\/\"]}]},{\"@type\":\"ImageObject\",\"inLanguage\":\"pt-BR\",\"@id\":\"https:\/\/www.fsfx.com.br\/hmcc\/a-importancia-de-cuidar-da-saude-mental-no-inicio-do-ano\/#primaryimage\",\"url\":\"https:\/\/www.fsfx.com.br\/hmcc\/wp-content\/uploads\/sites\/5\/2025\/01\/Dr.-Rafael-Procopio-medico-psiquiatra-da-FSFX.jpg\",\"contentUrl\":\"https:\/\/www.fsfx.com.br\/hmcc\/wp-content\/uploads\/sites\/5\/2025\/01\/Dr.-Rafael-Procopio-medico-psiquiatra-da-FSFX.jpg\",\"width\":1920,\"height\":1080},{\"@type\":\"BreadcrumbList\",\"@id\":\"https:\/\/www.fsfx.com.br\/hmcc\/a-importancia-de-cuidar-da-saude-mental-no-inicio-do-ano\/#breadcrumb\",\"itemListElement\":[{\"@type\":\"ListItem\",\"position\":1,\"name\":\"In\u00edcio\",\"item\":\"https:\/\/www.fsfx.com.br\/hmcc\/\"},{\"@type\":\"ListItem\",\"position\":2,\"name\":\"A import\u00e2ncia de cuidar da sa\u00fade mental no in\u00edcio do ano\"}]},{\"@type\":\"WebSite\",\"@id\":\"https:\/\/www.fsfx.com.br\/hmcc\/#website\",\"url\":\"https:\/\/www.fsfx.com.br\/hmcc\/\",\"name\":\"Hospital Municipal Carlos Chagas\",\"description\":\"Hospital geral, administrado pela Funda\u00e7\u00e3o S\u00e3o Francisco Xavier, com atendimento 100% por meio do Sistema \u00danico de Sa\u00fade.\",\"publisher\":{\"@id\":\"https:\/\/www.fsfx.com.br\/hmcc\/#organization\"},\"potentialAction\":[{\"@type\":\"SearchAction\",\"target\":{\"@type\":\"EntryPoint\",\"urlTemplate\":\"https:\/\/www.fsfx.com.br\/hmcc\/?s={search_term_string}\"},\"query-input\":{\"@type\":\"PropertyValueSpecification\",\"valueRequired\":true,\"valueName\":\"search_term_string\"}}],\"inLanguage\":\"pt-BR\"},{\"@type\":\"Organization\",\"@id\":\"https:\/\/www.fsfx.com.br\/hmcc\/#organization\",\"name\":\"HMCC - Hospital Municipal Carlos Chagas\",\"url\":\"https:\/\/www.fsfx.com.br\/hmcc\/\",\"logo\":{\"@type\":\"ImageObject\",\"inLanguage\":\"pt-BR\",\"@id\":\"https:\/\/www.fsfx.com.br\/hmcc\/#\/schema\/logo\/image\/\",\"url\":\"https:\/\/www.fsfx.com.br\/hmcc\/wp-content\/uploads\/sites\/5\/2022\/03\/logo-hmcc-sticky-header.png\",\"contentUrl\":\"https:\/\/www.fsfx.com.br\/hmcc\/wp-content\/uploads\/sites\/5\/2022\/03\/logo-hmcc-sticky-header.png\",\"width\":261,\"height\":47,\"caption\":\"HMCC - Hospital Municipal Carlos Chagas\"},\"image\":{\"@id\":\"https:\/\/www.fsfx.com.br\/hmcc\/#\/schema\/logo\/image\/\"}},{\"@type\":\"Person\",\"@id\":\"https:\/\/www.fsfx.com.br\/hmcc\/#\/schema\/person\/6bf2cced2b7a5d5d78f5610fc8f52504\",\"name\":\"C\u00e1ssio Santana\",\"image\":{\"@type\":\"ImageObject\",\"inLanguage\":\"pt-BR\",\"@id\":\"https:\/\/www.fsfx.com.br\/hmcc\/#\/schema\/person\/image\/\",\"url\":\"https:\/\/secure.gravatar.com\/avatar\/ef79739de3edd2f5c2e7c4930b0808c62af99fc5520eaadc7899948f8bc6d2e1?s=96&d=mm&r=g\",\"contentUrl\":\"https:\/\/secure.gravatar.com\/avatar\/ef79739de3edd2f5c2e7c4930b0808c62af99fc5520eaadc7899948f8bc6d2e1?s=96&d=mm&r=g\",\"caption\":\"C\u00e1ssio Santana\"},\"url\":\"https:\/\/www.fsfx.com.br\/hmcc\/author\/cassio\/\"}]}<\/script>\n<!-- \/ Yoast SEO plugin. -->","yoast_head_json":{"title":"A import\u00e2ncia de cuidar da sa\u00fade mental no in\u00edcio do ano - Hospital Municipal Carlos Chagas","robots":{"index":"index","follow":"follow","max-snippet":"max-snippet:-1","max-image-preview":"max-image-preview:large","max-video-preview":"max-video-preview:-1"},"canonical":"https:\/\/www.fsfx.com.br\/hmcc\/a-importancia-de-cuidar-da-saude-mental-no-inicio-do-ano\/","og_locale":"pt_BR","og_type":"article","og_title":"A import\u00e2ncia de cuidar da sa\u00fade mental no in\u00edcio do ano - Hospital Municipal Carlos Chagas","og_description":"O m\u00eas de janeiro, com sua simbologia de recome\u00e7o e renova\u00e7\u00e3o, traz uma oportunidade \u00fanica de refletirmos sobre nossa sa\u00fade mental. A campanha Janeiro Branco surge como um convite para reescrevermos nossa hist\u00f3ria, fazendo uma pausa para pensar sobre nossos cuidados emocionais e psicol\u00f3gicos. De acordo com o m\u00e9dico da equipe de psiquiatra da Funda\u00e7\u00e3o [&hellip;]","og_url":"https:\/\/www.fsfx.com.br\/hmcc\/a-importancia-de-cuidar-da-saude-mental-no-inicio-do-ano\/","og_site_name":"Hospital Municipal Carlos Chagas","article_published_time":"2025-01-08T16:48:05+00:00","og_image":[{"width":1920,"height":1080,"url":"https:\/\/www.fsfx.com.br\/hmcc\/wp-content\/uploads\/sites\/5\/2025\/01\/Dr.-Rafael-Procopio-medico-psiquiatra-da-FSFX.jpg","type":"image\/jpeg"}],"author":"C\u00e1ssio Santana","twitter_card":"summary_large_image","twitter_misc":{"Escrito por":"C\u00e1ssio Santana","Est. tempo de leitura":"6 minutos"},"schema":{"@context":"https:\/\/schema.org","@graph":[{"@type":"Article","@id":"https:\/\/www.fsfx.com.br\/hmcc\/a-importancia-de-cuidar-da-saude-mental-no-inicio-do-ano\/#article","isPartOf":{"@id":"https:\/\/www.fsfx.com.br\/hmcc\/a-importancia-de-cuidar-da-saude-mental-no-inicio-do-ano\/"},"author":{"name":"C\u00e1ssio Santana","@id":"https:\/\/www.fsfx.com.br\/hmcc\/#\/schema\/person\/6bf2cced2b7a5d5d78f5610fc8f52504"},"headline":"A import\u00e2ncia de cuidar da sa\u00fade mental no in\u00edcio do ano","datePublished":"2025-01-08T16:48:05+00:00","mainEntityOfPage":{"@id":"https:\/\/www.fsfx.com.br\/hmcc\/a-importancia-de-cuidar-da-saude-mental-no-inicio-do-ano\/"},"wordCount":1016,"publisher":{"@id":"https:\/\/www.fsfx.com.br\/hmcc\/#organization"},"image":{"@id":"https:\/\/www.fsfx.com.br\/hmcc\/a-importancia-de-cuidar-da-saude-mental-no-inicio-do-ano\/#primaryimage"},"thumbnailUrl":"https:\/\/www.fsfx.com.br\/hmcc\/wp-content\/uploads\/sites\/5\/2025\/01\/Dr.-Rafael-Procopio-medico-psiquiatra-da-FSFX.jpg","articleSection":["Sa\u00fade"],"inLanguage":"pt-BR"},{"@type":"WebPage","@id":"https:\/\/www.fsfx.com.br\/hmcc\/a-importancia-de-cuidar-da-saude-mental-no-inicio-do-ano\/","url":"https:\/\/www.fsfx.com.br\/hmcc\/a-importancia-de-cuidar-da-saude-mental-no-inicio-do-ano\/","name":"A import\u00e2ncia de cuidar da sa\u00fade mental no in\u00edcio do ano - Hospital Municipal Carlos Chagas","isPartOf":{"@id":"https:\/\/www.fsfx.com.br\/hmcc\/#website"},"primaryImageOfPage":{"@id":"https:\/\/www.fsfx.com.br\/hmcc\/a-importancia-de-cuidar-da-saude-mental-no-inicio-do-ano\/#primaryimage"},"image":{"@id":"https:\/\/www.fsfx.com.br\/hmcc\/a-importancia-de-cuidar-da-saude-mental-no-inicio-do-ano\/#primaryimage"},"thumbnailUrl":"https:\/\/www.fsfx.com.br\/hmcc\/wp-content\/uploads\/sites\/5\/2025\/01\/Dr.-Rafael-Procopio-medico-psiquiatra-da-FSFX.jpg","datePublished":"2025-01-08T16:48:05+00:00","breadcrumb":{"@id":"https:\/\/www.fsfx.com.br\/hmcc\/a-importancia-de-cuidar-da-saude-mental-no-inicio-do-ano\/#breadcrumb"},"inLanguage":"pt-BR","potentialAction":[{"@type":"ReadAction","target":["https:\/\/www.fsfx.com.br\/hmcc\/a-importancia-de-cuidar-da-saude-mental-no-inicio-do-ano\/"]}]},{"@type":"ImageObject","inLanguage":"pt-BR","@id":"https:\/\/www.fsfx.com.br\/hmcc\/a-importancia-de-cuidar-da-saude-mental-no-inicio-do-ano\/#primaryimage","url":"https:\/\/www.fsfx.com.br\/hmcc\/wp-content\/uploads\/sites\/5\/2025\/01\/Dr.-Rafael-Procopio-medico-psiquiatra-da-FSFX.jpg","contentUrl":"https:\/\/www.fsfx.com.br\/hmcc\/wp-content\/uploads\/sites\/5\/2025\/01\/Dr.-Rafael-Procopio-medico-psiquiatra-da-FSFX.jpg","width":1920,"height":1080},{"@type":"BreadcrumbList","@id":"https:\/\/www.fsfx.com.br\/hmcc\/a-importancia-de-cuidar-da-saude-mental-no-inicio-do-ano\/#breadcrumb","itemListElement":[{"@type":"ListItem","position":1,"name":"In\u00edcio","item":"https:\/\/www.fsfx.com.br\/hmcc\/"},{"@type":"ListItem","position":2,"name":"A import\u00e2ncia de cuidar da sa\u00fade mental no in\u00edcio do ano"}]},{"@type":"WebSite","@id":"https:\/\/www.fsfx.com.br\/hmcc\/#website","url":"https:\/\/www.fsfx.com.br\/hmcc\/","name":"Hospital Municipal Carlos Chagas","description":"Hospital geral, administrado pela Funda\u00e7\u00e3o S\u00e3o Francisco Xavier, com atendimento 100% por meio do Sistema \u00danico de Sa\u00fade.","publisher":{"@id":"https:\/\/www.fsfx.com.br\/hmcc\/#organization"},"potentialAction":[{"@type":"SearchAction","target":{"@type":"EntryPoint","urlTemplate":"https:\/\/www.fsfx.com.br\/hmcc\/?s={search_term_string}"},"query-input":{"@type":"PropertyValueSpecification","valueRequired":true,"valueName":"search_term_string"}}],"inLanguage":"pt-BR"},{"@type":"Organization","@id":"https:\/\/www.fsfx.com.br\/hmcc\/#organization","name":"HMCC - Hospital Municipal Carlos Chagas","url":"https:\/\/www.fsfx.com.br\/hmcc\/","logo":{"@type":"ImageObject","inLanguage":"pt-BR","@id":"https:\/\/www.fsfx.com.br\/hmcc\/#\/schema\/logo\/image\/","url":"https:\/\/www.fsfx.com.br\/hmcc\/wp-content\/uploads\/sites\/5\/2022\/03\/logo-hmcc-sticky-header.png","contentUrl":"https:\/\/www.fsfx.com.br\/hmcc\/wp-content\/uploads\/sites\/5\/2022\/03\/logo-hmcc-sticky-header.png","width":261,"height":47,"caption":"HMCC - Hospital Municipal Carlos Chagas"},"image":{"@id":"https:\/\/www.fsfx.com.br\/hmcc\/#\/schema\/logo\/image\/"}},{"@type":"Person","@id":"https:\/\/www.fsfx.com.br\/hmcc\/#\/schema\/person\/6bf2cced2b7a5d5d78f5610fc8f52504","name":"C\u00e1ssio Santana","image":{"@type":"ImageObject","inLanguage":"pt-BR","@id":"https:\/\/www.fsfx.com.br\/hmcc\/#\/schema\/person\/image\/","url":"https:\/\/secure.gravatar.com\/avatar\/ef79739de3edd2f5c2e7c4930b0808c62af99fc5520eaadc7899948f8bc6d2e1?s=96&d=mm&r=g","contentUrl":"https:\/\/secure.gravatar.com\/avatar\/ef79739de3edd2f5c2e7c4930b0808c62af99fc5520eaadc7899948f8bc6d2e1?s=96&d=mm&r=g","caption":"C\u00e1ssio Santana"},"url":"https:\/\/www.fsfx.com.br\/hmcc\/author\/cassio\/"}]}},"_links":{"self":[{"href":"https:\/\/www.fsfx.com.br\/hmcc\/wp-json\/wp\/v2\/posts\/7999","targetHints":{"allow":["GET"]}}],"collection":[{"href":"https:\/\/www.fsfx.com.br\/hmcc\/wp-json\/wp\/v2\/posts"}],"about":[{"href":"https:\/\/www.fsfx.com.br\/hmcc\/wp-json\/wp\/v2\/types\/post"}],"author":[{"embeddable":true,"href":"https:\/\/www.fsfx.com.br\/hmcc\/wp-json\/wp\/v2\/users\/6"}],"replies":[{"embeddable":true,"href":"https:\/\/www.fsfx.com.br\/hmcc\/wp-json\/wp\/v2\/comments?post=7999"}],"version-history":[{"count":1,"href":"https:\/\/www.fsfx.com.br\/hmcc\/wp-json\/wp\/v2\/posts\/7999\/revisions"}],"predecessor-version":[{"id":8001,"href":"https:\/\/www.fsfx.com.br\/hmcc\/wp-json\/wp\/v2\/posts\/7999\/revisions\/8001"}],"wp:featuredmedia":[{"embeddable":true,"href":"https:\/\/www.fsfx.com.br\/hmcc\/wp-json\/wp\/v2\/media\/8000"}],"wp:attachment":[{"href":"https:\/\/www.fsfx.com.br\/hmcc\/wp-json\/wp\/v2\/media?parent=7999"}],"wp:term":[{"taxonomy":"category","embeddable":true,"href":"https:\/\/www.fsfx.com.br\/hmcc\/wp-json\/wp\/v2\/categories?post=7999"},{"taxonomy":"post_tag","embeddable":true,"href":"https:\/\/www.fsfx.com.br\/hmcc\/wp-json\/wp\/v2\/tags?post=7999"}],"curies":[{"name":"wp","href":"https:\/\/api.w.org\/{rel}","templated":true}]}}