{"id":8093,"date":"2025-06-18T16:47:10","date_gmt":"2025-06-18T19:47:10","guid":{"rendered":"https:\/\/www.fsfx.com.br\/hmcc\/?p=8093"},"modified":"2025-06-18T16:47:10","modified_gmt":"2025-06-18T19:47:10","slug":"educacao-em-saude-e-cuidado-personalizado-fazem-toda-a-diferenca-no-controle-da-asma","status":"publish","type":"post","link":"https:\/\/www.fsfx.com.br\/hmcc\/educacao-em-saude-e-cuidado-personalizado-fazem-toda-a-diferenca-no-controle-da-asma\/","title":{"rendered":"Educa\u00e7\u00e3o em sa\u00fade e cuidado personalizado fazem toda a diferen\u00e7a no controle da asma"},"content":{"rendered":"<p>Respirar bem sempre foi sin\u00f4nimo de qualidade de vida. Para quem convive com a asma, uma doen\u00e7a cr\u00f4nica que, segundo o Minist\u00e9rio da Sa\u00fade, atinge mais de 20 milh\u00f5es de brasileiros, essa realidade tem ganhado novos contornos com os avan\u00e7os da medicina e o fortalecimento da educa\u00e7\u00e3o em sa\u00fade. No pr\u00f3ximo s\u00e1bado, 21 de junho, \u00e9 celebrado o Dia Nacional de Controle da Asma, data em que o tema ganha ainda mais relev\u00e2ncia, chamando aten\u00e7\u00e3o para o impacto direto do tratamento correto e do conhecimento sobre a doen\u00e7a na rotina dos pacientes.<\/p>\n<p><img fetchpriority=\"high\" decoding=\"async\" class=\"size-medium wp-image-20772 alignleft\" src=\"https:\/\/www.fsfx.com.br\/wp-content\/uploads\/2025\/06\/Dr.-Alexandre-Amilar-Silveira-300x200.jpg\" alt=\"\" width=\"300\" height=\"200\" \/><\/p>\n<p>O pneumologista e intensivista da Funda\u00e7\u00e3o S\u00e3o Francisco Xavier, Dr. Alexandre Amilar da Silveira, destaca que o entendimento atual da asma permite abordagens cada vez mais personalizadas. Ele explica que a doen\u00e7a n\u00e3o \u00e9 \u00fanica para todos e pode se manifestar de formas distintas. \u201cCada paciente apresenta um perfil diferente, por isso o tratamento deve ser individualizado, respeitando as caracter\u00edsticas de cada quadro\u201d, afirma o especialista.<\/p>\n<p>Entre as principais inova\u00e7\u00f5es recentes est\u00e3o os dispositivos inalat\u00f3rios modernos, que oferecem combina\u00e7\u00f5es de um, dois ou at\u00e9 tr\u00eas medicamentos em um \u00fanico aparelho. \u201cS\u00e3o dispositivos seguros e precisos. A escolha do inalador deve levar em conta o que for mais confort\u00e1vel e f\u00e1cil de usar para o paciente. O mais importante \u00e9 que o uso aconte\u00e7a com a t\u00e9cnica correta, orientada pelo m\u00e9dico e revisada, periodicamente, nas consultas de acompanhamento\u201d, explica Dr. Alexandre.<\/p>\n<p>De acordo com o m\u00e9dico, com o bom uso desses novos dispositivos, procedimentos como a nebuliza\u00e7\u00e3o, muito comum no passado, tornaram-se praticamente desnecess\u00e1rios na maioria dos casos.<\/p>\n<p>Para um grupo espec\u00edfico de pacientes com asma grave, surgiram ainda as terapias imuno-biol\u00f3gicas, uma nova linha de medicamentos que atuam diretamente no processo inflamat\u00f3rio. \u201cEmbora sejam indicados para uma parcela menor da popula\u00e7\u00e3o, esses medicamentos v\u00eam oferecendo resultados promissores no controle da doen\u00e7a em quadros mais complexos. S\u00e3o avan\u00e7os importantes que ampliaram o arsenal terap\u00eautico, especialmente para quem enfrenta formas mais severas da asma\u201d, pontua o m\u00e9dico.<\/p>\n<p>Al\u00e9m do tratamento medicamentoso, o conhecimento do pr\u00f3prio paciente sobre sua condi\u00e7\u00e3o tem se mostrado fundamental para o sucesso a longo prazo. A educa\u00e7\u00e3o em sa\u00fade, segundo o Dr. Alexandre, \u00e9 o principal pilar para garantir a ades\u00e3o e efic\u00e1cia do tratamento. \u201cQuando o paciente entende a sua doen\u00e7a, aceita o diagn\u00f3stico e participa do processo, as chances de controle s\u00e3o muito maiores. Ele passa a reconhecer os primeiros sinais de descontrole e busca ajuda antes que as crises se agravem\u201d, destaca.<\/p>\n<p>Segundo o m\u00e9dico, o apoio familiar tamb\u00e9m faz diferen\u00e7a nesse cen\u00e1rio. Ter familiares informados sobre o diagn\u00f3stico ajuda n\u00e3o s\u00f3 na rotina de cuidados, mas tamb\u00e9m na percep\u00e7\u00e3o precoce de altera\u00e7\u00f5es no quadro cl\u00ednico. \u201cO di\u00e1logo dentro de casa fortalece o tratamento e estimula o paciente a manter o acompanhamento regular e a vigil\u00e2ncia sobre sua pr\u00f3pria sa\u00fade\u201d, observa o especialista.<\/p>\n<p>Outro aspecto relevante no controle da asma est\u00e1 relacionado ao ambiente em que o paciente vive. \u201cPoeira, mofo, fuma\u00e7a, produtos de limpeza e perfumes s\u00e3o alguns dos gatilhos que podem desencadear crises. Por isso, identificar e evitar esses fatores ambientais fazem parte do dia a dia de quem convive com a doen\u00e7a, pois cada paciente tem maior ou menor sensibilidade a determinados elementos. Por isso, reconhecer e minimizar a exposi\u00e7\u00e3o aos fatores de risco \u00e9 essencial\u201d, orienta.<\/p>\n<p>O diagn\u00f3stico da asma, na maioria dos casos, \u00e9 feito ainda na conversa entre o m\u00e9dico e o paciente, durante a anamnese. Exames complementares, como a espirometria, ajudam a confirmar o diagn\u00f3stico e acompanhar a evolu\u00e7\u00e3o do tratamento. Segundo o Dr. Alexandre, com um plano bem estruturado e acompanhamento cont\u00ednuo, \u00e9 poss\u00edvel controlar completamente os sintomas e garantir qualidade de vida ao paciente.<\/p>\n<p>A principal mensagem, refor\u00e7a o especialista, \u00e9 que, apesar de ser uma doen\u00e7a cr\u00f4nica, a asma tem controle. \u201cCom o tratamento adequado, orienta\u00e7\u00e3o m\u00e9dica e conhecimento sobre a pr\u00f3pria condi\u00e7\u00e3o, \u00e9 plenamente poss\u00edvel viver bem, manter uma rotina ativa e realizar todas as atividades do cotidiano sem limita\u00e7\u00f5es. Informa\u00e7\u00e3o e acompanhamento s\u00e3o, hoje, os maiores aliados de quem enfrenta a doen\u00e7a\u201d, pontua o m\u00e9dico.<\/p>\n","protected":false},"excerpt":{"rendered":"<p>Respirar bem sempre foi sin\u00f4nimo de qualidade de vida. Para quem convive com a asma, uma doen\u00e7a cr\u00f4nica que, segundo o Minist\u00e9rio da Sa\u00fade, atinge mais de 20 milh\u00f5es de brasileiros, essa realidade tem ganhado novos contornos com os avan\u00e7os da medicina e o fortalecimento da educa\u00e7\u00e3o em sa\u00fade. No pr\u00f3ximo s\u00e1bado, 21 de junho, [&hellip;]<\/p>\n","protected":false},"author":6,"featured_media":0,"comment_status":"closed","ping_status":"closed","sticky":false,"template":"","format":"standard","meta":{"_acf_changed":false,"site-sidebar-layout":"default","site-content-layout":"","ast-site-content-layout":"default","site-content-style":"default","site-sidebar-style":"default","ast-global-header-display":"","ast-banner-title-visibility":"","ast-main-header-display":"","ast-hfb-above-header-display":"","ast-hfb-below-header-display":"","ast-hfb-mobile-header-display":"","site-post-title":"","ast-breadcrumbs-content":"","ast-featured-img":"","footer-sml-layout":"","theme-transparent-header-meta":"","adv-header-id-meta":"","stick-header-meta":"","header-above-stick-meta":"","header-main-stick-meta":"","header-below-stick-meta":"","astra-migrate-meta-layouts":"default","ast-page-background-enabled":"default","ast-page-background-meta":{"desktop":{"background-color":"var(--ast-global-color-4)","background-image":"","background-repeat":"repeat","background-position":"center center","background-size":"auto","background-attachment":"scroll","background-type":"","background-media":"","overlay-type":"","overlay-color":"","overlay-opacity":"","overlay-gradient":""},"tablet":{"background-color":"","background-image":"","background-repeat":"repeat","background-position":"center center","background-size":"auto","background-attachment":"scroll","background-type":"","background-media":"","overlay-type":"","overlay-color":"","overlay-opacity":"","overlay-gradient":""},"mobile":{"background-color":"","background-image":"","background-repeat":"repeat","background-position":"center center","background-size":"auto","background-attachment":"scroll","background-type":"","background-media":"","overlay-type":"","overlay-color":"","overlay-opacity":"","overlay-gradient":""}},"ast-content-background-meta":{"desktop":{"background-color":"var(--ast-global-color-5)","background-image":"","background-repeat":"repeat","background-position":"center center","background-size":"auto","background-attachment":"scroll","background-type":"","background-media":"","overlay-type":"","overlay-color":"","overlay-opacity":"","overlay-gradient":""},"tablet":{"background-color":"var(--ast-global-color-5)","background-image":"","background-repeat":"repeat","background-position":"center center","background-size":"auto","background-attachment":"scroll","background-type":"","background-media":"","overlay-type":"","overlay-color":"","overlay-opacity":"","overlay-gradient":""},"mobile":{"background-color":"var(--ast-global-color-5)","background-image":"","background-repeat":"repeat","background-position":"center center","background-size":"auto","background-attachment":"scroll","background-type":"","background-media":"","overlay-type":"","overlay-color":"","overlay-opacity":"","overlay-gradient":""}},"footnotes":""},"categories":[21],"tags":[],"class_list":["post-8093","post","type-post","status-publish","format-standard","hentry","category-saude"],"acf":[],"yoast_head":"<!-- This site is optimized with the Yoast SEO plugin v26.9 - https:\/\/yoast.com\/product\/yoast-seo-wordpress\/ -->\n<title>Educa\u00e7\u00e3o em sa\u00fade e cuidado personalizado fazem toda a diferen\u00e7a no controle da asma - Hospital Municipal Carlos Chagas<\/title>\n<meta name=\"robots\" content=\"index, follow, max-snippet:-1, max-image-preview:large, max-video-preview:-1\" \/>\n<link rel=\"canonical\" href=\"https:\/\/www.fsfx.com.br\/hmcc\/educacao-em-saude-e-cuidado-personalizado-fazem-toda-a-diferenca-no-controle-da-asma\/\" \/>\n<meta property=\"og:locale\" content=\"pt_BR\" \/>\n<meta property=\"og:type\" content=\"article\" \/>\n<meta property=\"og:title\" content=\"Educa\u00e7\u00e3o em sa\u00fade e cuidado personalizado fazem toda a diferen\u00e7a no controle da asma - Hospital Municipal Carlos Chagas\" \/>\n<meta property=\"og:description\" content=\"Respirar bem sempre foi sin\u00f4nimo de qualidade de vida. Para quem convive com a asma, uma doen\u00e7a cr\u00f4nica que, segundo o Minist\u00e9rio da Sa\u00fade, atinge mais de 20 milh\u00f5es de brasileiros, essa realidade tem ganhado novos contornos com os avan\u00e7os da medicina e o fortalecimento da educa\u00e7\u00e3o em sa\u00fade. No pr\u00f3ximo s\u00e1bado, 21 de junho, [&hellip;]\" \/>\n<meta property=\"og:url\" content=\"https:\/\/www.fsfx.com.br\/hmcc\/educacao-em-saude-e-cuidado-personalizado-fazem-toda-a-diferenca-no-controle-da-asma\/\" \/>\n<meta property=\"og:site_name\" content=\"Hospital Municipal Carlos Chagas\" \/>\n<meta property=\"article:published_time\" content=\"2025-06-18T19:47:10+00:00\" \/>\n<meta name=\"author\" content=\"C\u00e1ssio Santana\" \/>\n<meta name=\"twitter:card\" content=\"summary_large_image\" \/>\n<meta name=\"twitter:label1\" content=\"Escrito por\" \/>\n\t<meta name=\"twitter:data1\" content=\"C\u00e1ssio Santana\" \/>\n\t<meta name=\"twitter:label2\" content=\"Est. tempo de leitura\" \/>\n\t<meta name=\"twitter:data2\" content=\"4 minutos\" \/>\n<script type=\"application\/ld+json\" class=\"yoast-schema-graph\">{\"@context\":\"https:\/\/schema.org\",\"@graph\":[{\"@type\":\"Article\",\"@id\":\"https:\/\/www.fsfx.com.br\/hmcc\/educacao-em-saude-e-cuidado-personalizado-fazem-toda-a-diferenca-no-controle-da-asma\/#article\",\"isPartOf\":{\"@id\":\"https:\/\/www.fsfx.com.br\/hmcc\/educacao-em-saude-e-cuidado-personalizado-fazem-toda-a-diferenca-no-controle-da-asma\/\"},\"author\":{\"name\":\"C\u00e1ssio Santana\",\"@id\":\"https:\/\/www.fsfx.com.br\/hmcc\/#\/schema\/person\/6bf2cced2b7a5d5d78f5610fc8f52504\"},\"headline\":\"Educa\u00e7\u00e3o em sa\u00fade e cuidado personalizado fazem toda a diferen\u00e7a no controle da asma\",\"datePublished\":\"2025-06-18T19:47:10+00:00\",\"mainEntityOfPage\":{\"@id\":\"https:\/\/www.fsfx.com.br\/hmcc\/educacao-em-saude-e-cuidado-personalizado-fazem-toda-a-diferenca-no-controle-da-asma\/\"},\"wordCount\":770,\"publisher\":{\"@id\":\"https:\/\/www.fsfx.com.br\/hmcc\/#organization\"},\"image\":{\"@id\":\"https:\/\/www.fsfx.com.br\/hmcc\/educacao-em-saude-e-cuidado-personalizado-fazem-toda-a-diferenca-no-controle-da-asma\/#primaryimage\"},\"thumbnailUrl\":\"https:\/\/www.fsfx.com.br\/wp-content\/uploads\/2025\/06\/Dr.-Alexandre-Amilar-Silveira-300x200.jpg\",\"articleSection\":[\"Sa\u00fade\"],\"inLanguage\":\"pt-BR\"},{\"@type\":\"WebPage\",\"@id\":\"https:\/\/www.fsfx.com.br\/hmcc\/educacao-em-saude-e-cuidado-personalizado-fazem-toda-a-diferenca-no-controle-da-asma\/\",\"url\":\"https:\/\/www.fsfx.com.br\/hmcc\/educacao-em-saude-e-cuidado-personalizado-fazem-toda-a-diferenca-no-controle-da-asma\/\",\"name\":\"Educa\u00e7\u00e3o em sa\u00fade e cuidado personalizado fazem toda a diferen\u00e7a no controle da asma - Hospital Municipal Carlos Chagas\",\"isPartOf\":{\"@id\":\"https:\/\/www.fsfx.com.br\/hmcc\/#website\"},\"primaryImageOfPage\":{\"@id\":\"https:\/\/www.fsfx.com.br\/hmcc\/educacao-em-saude-e-cuidado-personalizado-fazem-toda-a-diferenca-no-controle-da-asma\/#primaryimage\"},\"image\":{\"@id\":\"https:\/\/www.fsfx.com.br\/hmcc\/educacao-em-saude-e-cuidado-personalizado-fazem-toda-a-diferenca-no-controle-da-asma\/#primaryimage\"},\"thumbnailUrl\":\"https:\/\/www.fsfx.com.br\/wp-content\/uploads\/2025\/06\/Dr.-Alexandre-Amilar-Silveira-300x200.jpg\",\"datePublished\":\"2025-06-18T19:47:10+00:00\",\"breadcrumb\":{\"@id\":\"https:\/\/www.fsfx.com.br\/hmcc\/educacao-em-saude-e-cuidado-personalizado-fazem-toda-a-diferenca-no-controle-da-asma\/#breadcrumb\"},\"inLanguage\":\"pt-BR\",\"potentialAction\":[{\"@type\":\"ReadAction\",\"target\":[\"https:\/\/www.fsfx.com.br\/hmcc\/educacao-em-saude-e-cuidado-personalizado-fazem-toda-a-diferenca-no-controle-da-asma\/\"]}]},{\"@type\":\"ImageObject\",\"inLanguage\":\"pt-BR\",\"@id\":\"https:\/\/www.fsfx.com.br\/hmcc\/educacao-em-saude-e-cuidado-personalizado-fazem-toda-a-diferenca-no-controle-da-asma\/#primaryimage\",\"url\":\"https:\/\/www.fsfx.com.br\/wp-content\/uploads\/2025\/06\/Dr.-Alexandre-Amilar-Silveira-300x200.jpg\",\"contentUrl\":\"https:\/\/www.fsfx.com.br\/wp-content\/uploads\/2025\/06\/Dr.-Alexandre-Amilar-Silveira-300x200.jpg\"},{\"@type\":\"BreadcrumbList\",\"@id\":\"https:\/\/www.fsfx.com.br\/hmcc\/educacao-em-saude-e-cuidado-personalizado-fazem-toda-a-diferenca-no-controle-da-asma\/#breadcrumb\",\"itemListElement\":[{\"@type\":\"ListItem\",\"position\":1,\"name\":\"In\u00edcio\",\"item\":\"https:\/\/www.fsfx.com.br\/hmcc\/\"},{\"@type\":\"ListItem\",\"position\":2,\"name\":\"Educa\u00e7\u00e3o em sa\u00fade e cuidado personalizado fazem toda a diferen\u00e7a no controle da asma\"}]},{\"@type\":\"WebSite\",\"@id\":\"https:\/\/www.fsfx.com.br\/hmcc\/#website\",\"url\":\"https:\/\/www.fsfx.com.br\/hmcc\/\",\"name\":\"Hospital Municipal Carlos Chagas\",\"description\":\"Hospital geral, administrado pela Funda\u00e7\u00e3o S\u00e3o Francisco Xavier, com atendimento 100% por meio do Sistema \u00danico de Sa\u00fade.\",\"publisher\":{\"@id\":\"https:\/\/www.fsfx.com.br\/hmcc\/#organization\"},\"potentialAction\":[{\"@type\":\"SearchAction\",\"target\":{\"@type\":\"EntryPoint\",\"urlTemplate\":\"https:\/\/www.fsfx.com.br\/hmcc\/?s={search_term_string}\"},\"query-input\":{\"@type\":\"PropertyValueSpecification\",\"valueRequired\":true,\"valueName\":\"search_term_string\"}}],\"inLanguage\":\"pt-BR\"},{\"@type\":\"Organization\",\"@id\":\"https:\/\/www.fsfx.com.br\/hmcc\/#organization\",\"name\":\"HMCC - Hospital Municipal Carlos Chagas\",\"url\":\"https:\/\/www.fsfx.com.br\/hmcc\/\",\"logo\":{\"@type\":\"ImageObject\",\"inLanguage\":\"pt-BR\",\"@id\":\"https:\/\/www.fsfx.com.br\/hmcc\/#\/schema\/logo\/image\/\",\"url\":\"https:\/\/www.fsfx.com.br\/hmcc\/wp-content\/uploads\/sites\/5\/2022\/03\/logo-hmcc-sticky-header.png\",\"contentUrl\":\"https:\/\/www.fsfx.com.br\/hmcc\/wp-content\/uploads\/sites\/5\/2022\/03\/logo-hmcc-sticky-header.png\",\"width\":261,\"height\":47,\"caption\":\"HMCC - Hospital Municipal Carlos Chagas\"},\"image\":{\"@id\":\"https:\/\/www.fsfx.com.br\/hmcc\/#\/schema\/logo\/image\/\"}},{\"@type\":\"Person\",\"@id\":\"https:\/\/www.fsfx.com.br\/hmcc\/#\/schema\/person\/6bf2cced2b7a5d5d78f5610fc8f52504\",\"name\":\"C\u00e1ssio Santana\",\"image\":{\"@type\":\"ImageObject\",\"inLanguage\":\"pt-BR\",\"@id\":\"https:\/\/www.fsfx.com.br\/hmcc\/#\/schema\/person\/image\/\",\"url\":\"https:\/\/secure.gravatar.com\/avatar\/ef79739de3edd2f5c2e7c4930b0808c62af99fc5520eaadc7899948f8bc6d2e1?s=96&d=mm&r=g\",\"contentUrl\":\"https:\/\/secure.gravatar.com\/avatar\/ef79739de3edd2f5c2e7c4930b0808c62af99fc5520eaadc7899948f8bc6d2e1?s=96&d=mm&r=g\",\"caption\":\"C\u00e1ssio Santana\"},\"url\":\"https:\/\/www.fsfx.com.br\/hmcc\/author\/cassio\/\"}]}<\/script>\n<!-- \/ Yoast SEO plugin. -->","yoast_head_json":{"title":"Educa\u00e7\u00e3o em sa\u00fade e cuidado personalizado fazem toda a diferen\u00e7a no controle da asma - Hospital Municipal Carlos Chagas","robots":{"index":"index","follow":"follow","max-snippet":"max-snippet:-1","max-image-preview":"max-image-preview:large","max-video-preview":"max-video-preview:-1"},"canonical":"https:\/\/www.fsfx.com.br\/hmcc\/educacao-em-saude-e-cuidado-personalizado-fazem-toda-a-diferenca-no-controle-da-asma\/","og_locale":"pt_BR","og_type":"article","og_title":"Educa\u00e7\u00e3o em sa\u00fade e cuidado personalizado fazem toda a diferen\u00e7a no controle da asma - Hospital Municipal Carlos Chagas","og_description":"Respirar bem sempre foi sin\u00f4nimo de qualidade de vida. Para quem convive com a asma, uma doen\u00e7a cr\u00f4nica que, segundo o Minist\u00e9rio da Sa\u00fade, atinge mais de 20 milh\u00f5es de brasileiros, essa realidade tem ganhado novos contornos com os avan\u00e7os da medicina e o fortalecimento da educa\u00e7\u00e3o em sa\u00fade. No pr\u00f3ximo s\u00e1bado, 21 de junho, [&hellip;]","og_url":"https:\/\/www.fsfx.com.br\/hmcc\/educacao-em-saude-e-cuidado-personalizado-fazem-toda-a-diferenca-no-controle-da-asma\/","og_site_name":"Hospital Municipal Carlos Chagas","article_published_time":"2025-06-18T19:47:10+00:00","author":"C\u00e1ssio Santana","twitter_card":"summary_large_image","twitter_misc":{"Escrito por":"C\u00e1ssio Santana","Est. tempo de leitura":"4 minutos"},"schema":{"@context":"https:\/\/schema.org","@graph":[{"@type":"Article","@id":"https:\/\/www.fsfx.com.br\/hmcc\/educacao-em-saude-e-cuidado-personalizado-fazem-toda-a-diferenca-no-controle-da-asma\/#article","isPartOf":{"@id":"https:\/\/www.fsfx.com.br\/hmcc\/educacao-em-saude-e-cuidado-personalizado-fazem-toda-a-diferenca-no-controle-da-asma\/"},"author":{"name":"C\u00e1ssio Santana","@id":"https:\/\/www.fsfx.com.br\/hmcc\/#\/schema\/person\/6bf2cced2b7a5d5d78f5610fc8f52504"},"headline":"Educa\u00e7\u00e3o em sa\u00fade e cuidado personalizado fazem toda a diferen\u00e7a no controle da asma","datePublished":"2025-06-18T19:47:10+00:00","mainEntityOfPage":{"@id":"https:\/\/www.fsfx.com.br\/hmcc\/educacao-em-saude-e-cuidado-personalizado-fazem-toda-a-diferenca-no-controle-da-asma\/"},"wordCount":770,"publisher":{"@id":"https:\/\/www.fsfx.com.br\/hmcc\/#organization"},"image":{"@id":"https:\/\/www.fsfx.com.br\/hmcc\/educacao-em-saude-e-cuidado-personalizado-fazem-toda-a-diferenca-no-controle-da-asma\/#primaryimage"},"thumbnailUrl":"https:\/\/www.fsfx.com.br\/wp-content\/uploads\/2025\/06\/Dr.-Alexandre-Amilar-Silveira-300x200.jpg","articleSection":["Sa\u00fade"],"inLanguage":"pt-BR"},{"@type":"WebPage","@id":"https:\/\/www.fsfx.com.br\/hmcc\/educacao-em-saude-e-cuidado-personalizado-fazem-toda-a-diferenca-no-controle-da-asma\/","url":"https:\/\/www.fsfx.com.br\/hmcc\/educacao-em-saude-e-cuidado-personalizado-fazem-toda-a-diferenca-no-controle-da-asma\/","name":"Educa\u00e7\u00e3o em sa\u00fade e cuidado personalizado fazem toda a diferen\u00e7a no controle da asma - Hospital Municipal Carlos Chagas","isPartOf":{"@id":"https:\/\/www.fsfx.com.br\/hmcc\/#website"},"primaryImageOfPage":{"@id":"https:\/\/www.fsfx.com.br\/hmcc\/educacao-em-saude-e-cuidado-personalizado-fazem-toda-a-diferenca-no-controle-da-asma\/#primaryimage"},"image":{"@id":"https:\/\/www.fsfx.com.br\/hmcc\/educacao-em-saude-e-cuidado-personalizado-fazem-toda-a-diferenca-no-controle-da-asma\/#primaryimage"},"thumbnailUrl":"https:\/\/www.fsfx.com.br\/wp-content\/uploads\/2025\/06\/Dr.-Alexandre-Amilar-Silveira-300x200.jpg","datePublished":"2025-06-18T19:47:10+00:00","breadcrumb":{"@id":"https:\/\/www.fsfx.com.br\/hmcc\/educacao-em-saude-e-cuidado-personalizado-fazem-toda-a-diferenca-no-controle-da-asma\/#breadcrumb"},"inLanguage":"pt-BR","potentialAction":[{"@type":"ReadAction","target":["https:\/\/www.fsfx.com.br\/hmcc\/educacao-em-saude-e-cuidado-personalizado-fazem-toda-a-diferenca-no-controle-da-asma\/"]}]},{"@type":"ImageObject","inLanguage":"pt-BR","@id":"https:\/\/www.fsfx.com.br\/hmcc\/educacao-em-saude-e-cuidado-personalizado-fazem-toda-a-diferenca-no-controle-da-asma\/#primaryimage","url":"https:\/\/www.fsfx.com.br\/wp-content\/uploads\/2025\/06\/Dr.-Alexandre-Amilar-Silveira-300x200.jpg","contentUrl":"https:\/\/www.fsfx.com.br\/wp-content\/uploads\/2025\/06\/Dr.-Alexandre-Amilar-Silveira-300x200.jpg"},{"@type":"BreadcrumbList","@id":"https:\/\/www.fsfx.com.br\/hmcc\/educacao-em-saude-e-cuidado-personalizado-fazem-toda-a-diferenca-no-controle-da-asma\/#breadcrumb","itemListElement":[{"@type":"ListItem","position":1,"name":"In\u00edcio","item":"https:\/\/www.fsfx.com.br\/hmcc\/"},{"@type":"ListItem","position":2,"name":"Educa\u00e7\u00e3o em sa\u00fade e cuidado personalizado fazem toda a diferen\u00e7a no controle da asma"}]},{"@type":"WebSite","@id":"https:\/\/www.fsfx.com.br\/hmcc\/#website","url":"https:\/\/www.fsfx.com.br\/hmcc\/","name":"Hospital Municipal Carlos Chagas","description":"Hospital geral, administrado pela Funda\u00e7\u00e3o S\u00e3o Francisco Xavier, com atendimento 100% por meio do Sistema \u00danico de Sa\u00fade.","publisher":{"@id":"https:\/\/www.fsfx.com.br\/hmcc\/#organization"},"potentialAction":[{"@type":"SearchAction","target":{"@type":"EntryPoint","urlTemplate":"https:\/\/www.fsfx.com.br\/hmcc\/?s={search_term_string}"},"query-input":{"@type":"PropertyValueSpecification","valueRequired":true,"valueName":"search_term_string"}}],"inLanguage":"pt-BR"},{"@type":"Organization","@id":"https:\/\/www.fsfx.com.br\/hmcc\/#organization","name":"HMCC - Hospital Municipal Carlos Chagas","url":"https:\/\/www.fsfx.com.br\/hmcc\/","logo":{"@type":"ImageObject","inLanguage":"pt-BR","@id":"https:\/\/www.fsfx.com.br\/hmcc\/#\/schema\/logo\/image\/","url":"https:\/\/www.fsfx.com.br\/hmcc\/wp-content\/uploads\/sites\/5\/2022\/03\/logo-hmcc-sticky-header.png","contentUrl":"https:\/\/www.fsfx.com.br\/hmcc\/wp-content\/uploads\/sites\/5\/2022\/03\/logo-hmcc-sticky-header.png","width":261,"height":47,"caption":"HMCC - Hospital Municipal Carlos Chagas"},"image":{"@id":"https:\/\/www.fsfx.com.br\/hmcc\/#\/schema\/logo\/image\/"}},{"@type":"Person","@id":"https:\/\/www.fsfx.com.br\/hmcc\/#\/schema\/person\/6bf2cced2b7a5d5d78f5610fc8f52504","name":"C\u00e1ssio Santana","image":{"@type":"ImageObject","inLanguage":"pt-BR","@id":"https:\/\/www.fsfx.com.br\/hmcc\/#\/schema\/person\/image\/","url":"https:\/\/secure.gravatar.com\/avatar\/ef79739de3edd2f5c2e7c4930b0808c62af99fc5520eaadc7899948f8bc6d2e1?s=96&d=mm&r=g","contentUrl":"https:\/\/secure.gravatar.com\/avatar\/ef79739de3edd2f5c2e7c4930b0808c62af99fc5520eaadc7899948f8bc6d2e1?s=96&d=mm&r=g","caption":"C\u00e1ssio Santana"},"url":"https:\/\/www.fsfx.com.br\/hmcc\/author\/cassio\/"}]}},"_links":{"self":[{"href":"https:\/\/www.fsfx.com.br\/hmcc\/wp-json\/wp\/v2\/posts\/8093","targetHints":{"allow":["GET"]}}],"collection":[{"href":"https:\/\/www.fsfx.com.br\/hmcc\/wp-json\/wp\/v2\/posts"}],"about":[{"href":"https:\/\/www.fsfx.com.br\/hmcc\/wp-json\/wp\/v2\/types\/post"}],"author":[{"embeddable":true,"href":"https:\/\/www.fsfx.com.br\/hmcc\/wp-json\/wp\/v2\/users\/6"}],"replies":[{"embeddable":true,"href":"https:\/\/www.fsfx.com.br\/hmcc\/wp-json\/wp\/v2\/comments?post=8093"}],"version-history":[{"count":2,"href":"https:\/\/www.fsfx.com.br\/hmcc\/wp-json\/wp\/v2\/posts\/8093\/revisions"}],"predecessor-version":[{"id":8096,"href":"https:\/\/www.fsfx.com.br\/hmcc\/wp-json\/wp\/v2\/posts\/8093\/revisions\/8096"}],"wp:attachment":[{"href":"https:\/\/www.fsfx.com.br\/hmcc\/wp-json\/wp\/v2\/media?parent=8093"}],"wp:term":[{"taxonomy":"category","embeddable":true,"href":"https:\/\/www.fsfx.com.br\/hmcc\/wp-json\/wp\/v2\/categories?post=8093"},{"taxonomy":"post_tag","embeddable":true,"href":"https:\/\/www.fsfx.com.br\/hmcc\/wp-json\/wp\/v2\/tags?post=8093"}],"curies":[{"name":"wp","href":"https:\/\/api.w.org\/{rel}","templated":true}]}}