{"id":8097,"date":"2025-06-26T08:03:35","date_gmt":"2025-06-26T11:03:35","guid":{"rendered":"https:\/\/www.fsfx.com.br\/hmcc\/?p=8097"},"modified":"2025-06-26T08:03:35","modified_gmt":"2025-06-26T11:03:35","slug":"vitiligo-a-importancia-da-conscientizacao-e-do-cuidado-integral","status":"publish","type":"post","link":"https:\/\/www.fsfx.com.br\/hmcc\/vitiligo-a-importancia-da-conscientizacao-e-do-cuidado-integral\/","title":{"rendered":"Vitiligo, a import\u00e2ncia da conscientiza\u00e7\u00e3o e do cuidado integral"},"content":{"rendered":"<p>O dia 25 de junho marca o Dia Mundial do Vitiligo, uma data dedicada \u00e0 conscientiza\u00e7\u00e3o sobre essa condi\u00e7\u00e3o de pele que afeta milh\u00f5es de pessoas em todo o mundo. Embora o vitiligo n\u00e3o represente amea\u00e7a direta \u00e0 sa\u00fade f\u00edsica, ele pode impactar profundamente a autoestima e o bem-estar emocional dos pacientes. Neste cen\u00e1rio, campanhas informativas ganham for\u00e7a n\u00e3o apenas para esclarecer a popula\u00e7\u00e3o, mas tamb\u00e9m para combater o preconceito e os estigmas que ainda cercam a doen\u00e7a.<\/p>\n<figure id=\"attachment_20796\" aria-describedby=\"caption-attachment-20796\" style=\"width: 278px\" class=\"wp-caption alignleft\"><img fetchpriority=\"high\" decoding=\"async\" class=\"wp-image-20796\" src=\"https:\/\/www.fsfx.com.br\/wp-content\/uploads\/2025\/06\/Dr.-Ismael-Alves-Rodrigues-medico-FSFX-150x300.jpeg\" alt=\"\" width=\"278\" height=\"556\" \/><figcaption id=\"caption-attachment-20796\" class=\"wp-caption-text\">Dr. Ismael Alves Rodrigues, m\u00e9dico FSFX<\/figcaption><\/figure>\n<p>De acordo com o dermatologista da Funda\u00e7\u00e3o S\u00e3o Francisco Xavier, Dr. Ismael Alves, o vitiligo \u00e9 uma doen\u00e7a de origem gen\u00e9tica. \u201cA pessoa que manifesta vitiligo, seja na inf\u00e2ncia ou na vida adulta, j\u00e1 nasceu com a predisposi\u00e7\u00e3o gen\u00e9tica para desenvolver a doen\u00e7a. No entanto, o fato de ser gen\u00e9tica n\u00e3o significa que ela seja necessariamente familiar, pois h\u00e1 muitas doen\u00e7as gen\u00e9ticas que n\u00e3o s\u00e3o, obrigatoriamente, familiares. O vitiligo \u00e9 uma delas\u201d, explica o m\u00e9dico, ressaltando que muitos pacientes se surpreendem ao saber que ningu\u00e9m na fam\u00edlia teve a condi\u00e7\u00e3o.<\/p>\n<p>De acordo com o m\u00e9dico, alguns fatores ambientais e emocionais podem funcionar como gatilhos para o surgimento ou agravamento das les\u00f5es. Infec\u00e7\u00f5es virais, certos medicamentos e, principalmente, momentos de grande estresse emocional s\u00e3o apontados como poss\u00edveis desencadeadores. Apesar disso, Dr. Ismael faz um alerta: \u201c\u00c9 importante que a sociedade entenda que o vitiligo n\u00e3o \u00e9 causado pelo estresse. Atribuir a doen\u00e7a apenas a fatores emocionais pode levar o paciente a se culpar pelas pr\u00f3prias les\u00f5es, o que \u00e9 injusto e prejudicial\u201d, explica.<\/p>\n<p>Ainda sem cura definitiva, o vitiligo pode ser controlado com tratamentos que variam de acordo com cada paciente. O avan\u00e7o mais promissor, segundo o especialista, est\u00e1 em novas terapias imunol\u00f3gicas que controlam a a\u00e7\u00e3o do sistema imunol\u00f3gico sobre os melan\u00f3citos \u2014 as c\u00e9lulas respons\u00e1veis pela cor da pele. \u201cEsses medicamentos j\u00e1 existem para outras doen\u00e7as e est\u00e3o sendo cada vez mais estudados para o vitiligo, com a vantagem de terem menos efeitos colaterais do que os tratamentos tradicionais\u201d, observa.<\/p>\n<p>Atualmente, os pacientes contam com diferentes abordagens terap\u00eauticas. Segundo o m\u00e9dico, entre elas est\u00e3o cremes, medicamentos de uso oral, fototerapia com luz ultravioleta e, em alguns casos, o transplante de melan\u00f3citos \u2014 t\u00e9cnica que consiste em transferir c\u00e9lulas pigmentares de uma \u00e1rea saud\u00e1vel para as regi\u00f5es despigmentadas da pele. Embora os resultados variem, muitos pacientes conseguem recuperar a cor da pele e manter as manchas sob controle por longos per\u00edodos. O tratamento \u00e9 individualizado e deve considerar o n\u00famero de les\u00f5es, sua localiza\u00e7\u00e3o e se a doen\u00e7a est\u00e1 est\u00e1vel ou em progress\u00e3o.<\/p>\n<p>Al\u00e9m do cuidado m\u00e9dico, o acompanhamento psicol\u00f3gico tem papel fundamental. Dr. Ismael destaca que o maior impacto do vitiligo \u00e9 emocional, especialmente em crian\u00e7as e adolescentes. \u201cAs les\u00f5es n\u00e3o causam dor, n\u00e3o afetam \u00f3rg\u00e3os internos, mas atingem diretamente a autoestima. Por isso, o apoio emocional, inclusive familiar, \u00e9 essencial. Psicoterapia, grupos de apoio e estrat\u00e9gias de enfrentamento s\u00e3o recursos valiosos no tratamento global da doen\u00e7a\u201d, orienta.<\/p>\n<p>O preconceito ainda \u00e9 um dos principais desafios enfrentados por quem convive com o vitiligo. A falta de informa\u00e7\u00e3o leva a julgamentos e exclus\u00f5es, afetando diretamente a qualidade de vida dos pacientes. As campanhas de conscientiza\u00e7\u00e3o realizadas em junho s\u00e3o fundamentais para desmistificar o vitiligo e estimular o acolhimento. \u201cO paciente precisa saber que n\u00e3o est\u00e1 sozinho. Em m\u00e9dia, 1% da popula\u00e7\u00e3o mundial tem vitiligo. Em algumas regi\u00f5es, esse n\u00famero chega a 2%, ou seja, uma a cada 50 pessoas\u201d, destaca Dr. Ismael.<\/p>\n<p>Para quem recebeu o diagn\u00f3stico recentemente, o m\u00e9dico refor\u00e7a que o vitiligo \u00e9 uma condi\u00e7\u00e3o de manifesta\u00e7\u00e3o externa e n\u00e3o compromete a sa\u00fade f\u00edsica. \u201cCom tratamento adequado e apoio emocional \u00e9 poss\u00edvel controlar a progress\u00e3o das manchas e viver com qualidade. O mais importante \u00e9 n\u00e3o se isolar e nem se culpar. O vitiligo n\u00e3o \u00e9 uma falha pessoal, \u00e9 uma condi\u00e7\u00e3o gen\u00e9tica que pode ser manejada com acompanhamento m\u00e9dico e psicol\u00f3gico\u201d, pontua o m\u00e9dico da FSFX.<\/p>\n","protected":false},"excerpt":{"rendered":"<p>O dia 25 de junho marca o Dia Mundial do Vitiligo, uma data dedicada \u00e0 conscientiza\u00e7\u00e3o sobre essa condi\u00e7\u00e3o de pele que afeta milh\u00f5es de pessoas em todo o mundo. Embora o vitiligo n\u00e3o represente amea\u00e7a direta \u00e0 sa\u00fade f\u00edsica, ele pode impactar profundamente a autoestima e o bem-estar emocional dos pacientes. Neste cen\u00e1rio, campanhas [&hellip;]<\/p>\n","protected":false},"author":6,"featured_media":8098,"comment_status":"closed","ping_status":"closed","sticky":false,"template":"","format":"standard","meta":{"_acf_changed":false,"site-sidebar-layout":"default","site-content-layout":"","ast-site-content-layout":"default","site-content-style":"default","site-sidebar-style":"default","ast-global-header-display":"","ast-banner-title-visibility":"","ast-main-header-display":"","ast-hfb-above-header-display":"","ast-hfb-below-header-display":"","ast-hfb-mobile-header-display":"","site-post-title":"","ast-breadcrumbs-content":"","ast-featured-img":"","footer-sml-layout":"","theme-transparent-header-meta":"","adv-header-id-meta":"","stick-header-meta":"","header-above-stick-meta":"","header-main-stick-meta":"","header-below-stick-meta":"","astra-migrate-meta-layouts":"default","ast-page-background-enabled":"default","ast-page-background-meta":{"desktop":{"background-color":"var(--ast-global-color-4)","background-image":"","background-repeat":"repeat","background-position":"center center","background-size":"auto","background-attachment":"scroll","background-type":"","background-media":"","overlay-type":"","overlay-color":"","overlay-opacity":"","overlay-gradient":""},"tablet":{"background-color":"","background-image":"","background-repeat":"repeat","background-position":"center center","background-size":"auto","background-attachment":"scroll","background-type":"","background-media":"","overlay-type":"","overlay-color":"","overlay-opacity":"","overlay-gradient":""},"mobile":{"background-color":"","background-image":"","background-repeat":"repeat","background-position":"center center","background-size":"auto","background-attachment":"scroll","background-type":"","background-media":"","overlay-type":"","overlay-color":"","overlay-opacity":"","overlay-gradient":""}},"ast-content-background-meta":{"desktop":{"background-color":"var(--ast-global-color-5)","background-image":"","background-repeat":"repeat","background-position":"center center","background-size":"auto","background-attachment":"scroll","background-type":"","background-media":"","overlay-type":"","overlay-color":"","overlay-opacity":"","overlay-gradient":""},"tablet":{"background-color":"var(--ast-global-color-5)","background-image":"","background-repeat":"repeat","background-position":"center center","background-size":"auto","background-attachment":"scroll","background-type":"","background-media":"","overlay-type":"","overlay-color":"","overlay-opacity":"","overlay-gradient":""},"mobile":{"background-color":"var(--ast-global-color-5)","background-image":"","background-repeat":"repeat","background-position":"center center","background-size":"auto","background-attachment":"scroll","background-type":"","background-media":"","overlay-type":"","overlay-color":"","overlay-opacity":"","overlay-gradient":""}},"footnotes":""},"categories":[21],"tags":[],"class_list":["post-8097","post","type-post","status-publish","format-standard","has-post-thumbnail","hentry","category-saude"],"acf":[],"yoast_head":"<!-- This site is optimized with the Yoast SEO plugin v26.9 - https:\/\/yoast.com\/product\/yoast-seo-wordpress\/ -->\n<title>Vitiligo, a import\u00e2ncia da conscientiza\u00e7\u00e3o e do cuidado integral - Hospital Municipal Carlos Chagas<\/title>\n<meta name=\"robots\" content=\"index, follow, max-snippet:-1, max-image-preview:large, max-video-preview:-1\" \/>\n<link rel=\"canonical\" href=\"https:\/\/www.fsfx.com.br\/hmcc\/vitiligo-a-importancia-da-conscientizacao-e-do-cuidado-integral\/\" \/>\n<meta property=\"og:locale\" content=\"pt_BR\" \/>\n<meta property=\"og:type\" content=\"article\" \/>\n<meta property=\"og:title\" content=\"Vitiligo, a import\u00e2ncia da conscientiza\u00e7\u00e3o e do cuidado integral - Hospital Municipal Carlos Chagas\" \/>\n<meta property=\"og:description\" content=\"O dia 25 de junho marca o Dia Mundial do Vitiligo, uma data dedicada \u00e0 conscientiza\u00e7\u00e3o sobre essa condi\u00e7\u00e3o de pele que afeta milh\u00f5es de pessoas em todo o mundo. Embora o vitiligo n\u00e3o represente amea\u00e7a direta \u00e0 sa\u00fade f\u00edsica, ele pode impactar profundamente a autoestima e o bem-estar emocional dos pacientes. Neste cen\u00e1rio, campanhas [&hellip;]\" \/>\n<meta property=\"og:url\" content=\"https:\/\/www.fsfx.com.br\/hmcc\/vitiligo-a-importancia-da-conscientizacao-e-do-cuidado-integral\/\" \/>\n<meta property=\"og:site_name\" content=\"Hospital Municipal Carlos Chagas\" \/>\n<meta property=\"article:published_time\" content=\"2025-06-26T11:03:35+00:00\" \/>\n<meta property=\"og:image\" content=\"https:\/\/www.fsfx.com.br\/hmcc\/wp-content\/uploads\/sites\/5\/2025\/06\/mulher-jovem-mostrando-partes-da-pele-com-vitiligo.jpg\" \/>\n\t<meta property=\"og:image:width\" content=\"1920\" \/>\n\t<meta property=\"og:image:height\" content=\"1080\" \/>\n\t<meta property=\"og:image:type\" content=\"image\/jpeg\" \/>\n<meta name=\"author\" content=\"C\u00e1ssio Santana\" \/>\n<meta name=\"twitter:card\" content=\"summary_large_image\" \/>\n<meta name=\"twitter:label1\" content=\"Escrito por\" \/>\n\t<meta name=\"twitter:data1\" content=\"C\u00e1ssio Santana\" \/>\n\t<meta name=\"twitter:label2\" content=\"Est. tempo de leitura\" \/>\n\t<meta name=\"twitter:data2\" content=\"5 minutos\" \/>\n<script type=\"application\/ld+json\" class=\"yoast-schema-graph\">{\"@context\":\"https:\/\/schema.org\",\"@graph\":[{\"@type\":\"Article\",\"@id\":\"https:\/\/www.fsfx.com.br\/hmcc\/vitiligo-a-importancia-da-conscientizacao-e-do-cuidado-integral\/#article\",\"isPartOf\":{\"@id\":\"https:\/\/www.fsfx.com.br\/hmcc\/vitiligo-a-importancia-da-conscientizacao-e-do-cuidado-integral\/\"},\"author\":{\"name\":\"C\u00e1ssio Santana\",\"@id\":\"https:\/\/www.fsfx.com.br\/hmcc\/#\/schema\/person\/6bf2cced2b7a5d5d78f5610fc8f52504\"},\"headline\":\"Vitiligo, a import\u00e2ncia da conscientiza\u00e7\u00e3o e do cuidado integral\",\"datePublished\":\"2025-06-26T11:03:35+00:00\",\"mainEntityOfPage\":{\"@id\":\"https:\/\/www.fsfx.com.br\/hmcc\/vitiligo-a-importancia-da-conscientizacao-e-do-cuidado-integral\/\"},\"wordCount\":751,\"publisher\":{\"@id\":\"https:\/\/www.fsfx.com.br\/hmcc\/#organization\"},\"image\":{\"@id\":\"https:\/\/www.fsfx.com.br\/hmcc\/vitiligo-a-importancia-da-conscientizacao-e-do-cuidado-integral\/#primaryimage\"},\"thumbnailUrl\":\"https:\/\/www.fsfx.com.br\/hmcc\/wp-content\/uploads\/sites\/5\/2025\/06\/mulher-jovem-mostrando-partes-da-pele-com-vitiligo.jpg\",\"articleSection\":[\"Sa\u00fade\"],\"inLanguage\":\"pt-BR\"},{\"@type\":\"WebPage\",\"@id\":\"https:\/\/www.fsfx.com.br\/hmcc\/vitiligo-a-importancia-da-conscientizacao-e-do-cuidado-integral\/\",\"url\":\"https:\/\/www.fsfx.com.br\/hmcc\/vitiligo-a-importancia-da-conscientizacao-e-do-cuidado-integral\/\",\"name\":\"Vitiligo, a import\u00e2ncia da conscientiza\u00e7\u00e3o e do cuidado integral - Hospital Municipal Carlos Chagas\",\"isPartOf\":{\"@id\":\"https:\/\/www.fsfx.com.br\/hmcc\/#website\"},\"primaryImageOfPage\":{\"@id\":\"https:\/\/www.fsfx.com.br\/hmcc\/vitiligo-a-importancia-da-conscientizacao-e-do-cuidado-integral\/#primaryimage\"},\"image\":{\"@id\":\"https:\/\/www.fsfx.com.br\/hmcc\/vitiligo-a-importancia-da-conscientizacao-e-do-cuidado-integral\/#primaryimage\"},\"thumbnailUrl\":\"https:\/\/www.fsfx.com.br\/hmcc\/wp-content\/uploads\/sites\/5\/2025\/06\/mulher-jovem-mostrando-partes-da-pele-com-vitiligo.jpg\",\"datePublished\":\"2025-06-26T11:03:35+00:00\",\"breadcrumb\":{\"@id\":\"https:\/\/www.fsfx.com.br\/hmcc\/vitiligo-a-importancia-da-conscientizacao-e-do-cuidado-integral\/#breadcrumb\"},\"inLanguage\":\"pt-BR\",\"potentialAction\":[{\"@type\":\"ReadAction\",\"target\":[\"https:\/\/www.fsfx.com.br\/hmcc\/vitiligo-a-importancia-da-conscientizacao-e-do-cuidado-integral\/\"]}]},{\"@type\":\"ImageObject\",\"inLanguage\":\"pt-BR\",\"@id\":\"https:\/\/www.fsfx.com.br\/hmcc\/vitiligo-a-importancia-da-conscientizacao-e-do-cuidado-integral\/#primaryimage\",\"url\":\"https:\/\/www.fsfx.com.br\/hmcc\/wp-content\/uploads\/sites\/5\/2025\/06\/mulher-jovem-mostrando-partes-da-pele-com-vitiligo.jpg\",\"contentUrl\":\"https:\/\/www.fsfx.com.br\/hmcc\/wp-content\/uploads\/sites\/5\/2025\/06\/mulher-jovem-mostrando-partes-da-pele-com-vitiligo.jpg\",\"width\":1920,\"height\":1080},{\"@type\":\"BreadcrumbList\",\"@id\":\"https:\/\/www.fsfx.com.br\/hmcc\/vitiligo-a-importancia-da-conscientizacao-e-do-cuidado-integral\/#breadcrumb\",\"itemListElement\":[{\"@type\":\"ListItem\",\"position\":1,\"name\":\"In\u00edcio\",\"item\":\"https:\/\/www.fsfx.com.br\/hmcc\/\"},{\"@type\":\"ListItem\",\"position\":2,\"name\":\"Vitiligo, a import\u00e2ncia da conscientiza\u00e7\u00e3o e do cuidado integral\"}]},{\"@type\":\"WebSite\",\"@id\":\"https:\/\/www.fsfx.com.br\/hmcc\/#website\",\"url\":\"https:\/\/www.fsfx.com.br\/hmcc\/\",\"name\":\"Hospital Municipal Carlos Chagas\",\"description\":\"Hospital geral, administrado pela Funda\u00e7\u00e3o S\u00e3o Francisco Xavier, com atendimento 100% por meio do Sistema \u00danico de Sa\u00fade.\",\"publisher\":{\"@id\":\"https:\/\/www.fsfx.com.br\/hmcc\/#organization\"},\"potentialAction\":[{\"@type\":\"SearchAction\",\"target\":{\"@type\":\"EntryPoint\",\"urlTemplate\":\"https:\/\/www.fsfx.com.br\/hmcc\/?s={search_term_string}\"},\"query-input\":{\"@type\":\"PropertyValueSpecification\",\"valueRequired\":true,\"valueName\":\"search_term_string\"}}],\"inLanguage\":\"pt-BR\"},{\"@type\":\"Organization\",\"@id\":\"https:\/\/www.fsfx.com.br\/hmcc\/#organization\",\"name\":\"HMCC - Hospital Municipal Carlos Chagas\",\"url\":\"https:\/\/www.fsfx.com.br\/hmcc\/\",\"logo\":{\"@type\":\"ImageObject\",\"inLanguage\":\"pt-BR\",\"@id\":\"https:\/\/www.fsfx.com.br\/hmcc\/#\/schema\/logo\/image\/\",\"url\":\"https:\/\/www.fsfx.com.br\/hmcc\/wp-content\/uploads\/sites\/5\/2022\/03\/logo-hmcc-sticky-header.png\",\"contentUrl\":\"https:\/\/www.fsfx.com.br\/hmcc\/wp-content\/uploads\/sites\/5\/2022\/03\/logo-hmcc-sticky-header.png\",\"width\":261,\"height\":47,\"caption\":\"HMCC - Hospital Municipal Carlos Chagas\"},\"image\":{\"@id\":\"https:\/\/www.fsfx.com.br\/hmcc\/#\/schema\/logo\/image\/\"}},{\"@type\":\"Person\",\"@id\":\"https:\/\/www.fsfx.com.br\/hmcc\/#\/schema\/person\/6bf2cced2b7a5d5d78f5610fc8f52504\",\"name\":\"C\u00e1ssio Santana\",\"image\":{\"@type\":\"ImageObject\",\"inLanguage\":\"pt-BR\",\"@id\":\"https:\/\/www.fsfx.com.br\/hmcc\/#\/schema\/person\/image\/\",\"url\":\"https:\/\/secure.gravatar.com\/avatar\/ef79739de3edd2f5c2e7c4930b0808c62af99fc5520eaadc7899948f8bc6d2e1?s=96&d=mm&r=g\",\"contentUrl\":\"https:\/\/secure.gravatar.com\/avatar\/ef79739de3edd2f5c2e7c4930b0808c62af99fc5520eaadc7899948f8bc6d2e1?s=96&d=mm&r=g\",\"caption\":\"C\u00e1ssio Santana\"},\"url\":\"https:\/\/www.fsfx.com.br\/hmcc\/author\/cassio\/\"}]}<\/script>\n<!-- \/ Yoast SEO plugin. -->","yoast_head_json":{"title":"Vitiligo, a import\u00e2ncia da conscientiza\u00e7\u00e3o e do cuidado integral - Hospital Municipal Carlos Chagas","robots":{"index":"index","follow":"follow","max-snippet":"max-snippet:-1","max-image-preview":"max-image-preview:large","max-video-preview":"max-video-preview:-1"},"canonical":"https:\/\/www.fsfx.com.br\/hmcc\/vitiligo-a-importancia-da-conscientizacao-e-do-cuidado-integral\/","og_locale":"pt_BR","og_type":"article","og_title":"Vitiligo, a import\u00e2ncia da conscientiza\u00e7\u00e3o e do cuidado integral - Hospital Municipal Carlos Chagas","og_description":"O dia 25 de junho marca o Dia Mundial do Vitiligo, uma data dedicada \u00e0 conscientiza\u00e7\u00e3o sobre essa condi\u00e7\u00e3o de pele que afeta milh\u00f5es de pessoas em todo o mundo. Embora o vitiligo n\u00e3o represente amea\u00e7a direta \u00e0 sa\u00fade f\u00edsica, ele pode impactar profundamente a autoestima e o bem-estar emocional dos pacientes. Neste cen\u00e1rio, campanhas [&hellip;]","og_url":"https:\/\/www.fsfx.com.br\/hmcc\/vitiligo-a-importancia-da-conscientizacao-e-do-cuidado-integral\/","og_site_name":"Hospital Municipal Carlos Chagas","article_published_time":"2025-06-26T11:03:35+00:00","og_image":[{"width":1920,"height":1080,"url":"https:\/\/www.fsfx.com.br\/hmcc\/wp-content\/uploads\/sites\/5\/2025\/06\/mulher-jovem-mostrando-partes-da-pele-com-vitiligo.jpg","type":"image\/jpeg"}],"author":"C\u00e1ssio Santana","twitter_card":"summary_large_image","twitter_misc":{"Escrito por":"C\u00e1ssio Santana","Est. tempo de leitura":"5 minutos"},"schema":{"@context":"https:\/\/schema.org","@graph":[{"@type":"Article","@id":"https:\/\/www.fsfx.com.br\/hmcc\/vitiligo-a-importancia-da-conscientizacao-e-do-cuidado-integral\/#article","isPartOf":{"@id":"https:\/\/www.fsfx.com.br\/hmcc\/vitiligo-a-importancia-da-conscientizacao-e-do-cuidado-integral\/"},"author":{"name":"C\u00e1ssio Santana","@id":"https:\/\/www.fsfx.com.br\/hmcc\/#\/schema\/person\/6bf2cced2b7a5d5d78f5610fc8f52504"},"headline":"Vitiligo, a import\u00e2ncia da conscientiza\u00e7\u00e3o e do cuidado integral","datePublished":"2025-06-26T11:03:35+00:00","mainEntityOfPage":{"@id":"https:\/\/www.fsfx.com.br\/hmcc\/vitiligo-a-importancia-da-conscientizacao-e-do-cuidado-integral\/"},"wordCount":751,"publisher":{"@id":"https:\/\/www.fsfx.com.br\/hmcc\/#organization"},"image":{"@id":"https:\/\/www.fsfx.com.br\/hmcc\/vitiligo-a-importancia-da-conscientizacao-e-do-cuidado-integral\/#primaryimage"},"thumbnailUrl":"https:\/\/www.fsfx.com.br\/hmcc\/wp-content\/uploads\/sites\/5\/2025\/06\/mulher-jovem-mostrando-partes-da-pele-com-vitiligo.jpg","articleSection":["Sa\u00fade"],"inLanguage":"pt-BR"},{"@type":"WebPage","@id":"https:\/\/www.fsfx.com.br\/hmcc\/vitiligo-a-importancia-da-conscientizacao-e-do-cuidado-integral\/","url":"https:\/\/www.fsfx.com.br\/hmcc\/vitiligo-a-importancia-da-conscientizacao-e-do-cuidado-integral\/","name":"Vitiligo, a import\u00e2ncia da conscientiza\u00e7\u00e3o e do cuidado integral - Hospital Municipal Carlos Chagas","isPartOf":{"@id":"https:\/\/www.fsfx.com.br\/hmcc\/#website"},"primaryImageOfPage":{"@id":"https:\/\/www.fsfx.com.br\/hmcc\/vitiligo-a-importancia-da-conscientizacao-e-do-cuidado-integral\/#primaryimage"},"image":{"@id":"https:\/\/www.fsfx.com.br\/hmcc\/vitiligo-a-importancia-da-conscientizacao-e-do-cuidado-integral\/#primaryimage"},"thumbnailUrl":"https:\/\/www.fsfx.com.br\/hmcc\/wp-content\/uploads\/sites\/5\/2025\/06\/mulher-jovem-mostrando-partes-da-pele-com-vitiligo.jpg","datePublished":"2025-06-26T11:03:35+00:00","breadcrumb":{"@id":"https:\/\/www.fsfx.com.br\/hmcc\/vitiligo-a-importancia-da-conscientizacao-e-do-cuidado-integral\/#breadcrumb"},"inLanguage":"pt-BR","potentialAction":[{"@type":"ReadAction","target":["https:\/\/www.fsfx.com.br\/hmcc\/vitiligo-a-importancia-da-conscientizacao-e-do-cuidado-integral\/"]}]},{"@type":"ImageObject","inLanguage":"pt-BR","@id":"https:\/\/www.fsfx.com.br\/hmcc\/vitiligo-a-importancia-da-conscientizacao-e-do-cuidado-integral\/#primaryimage","url":"https:\/\/www.fsfx.com.br\/hmcc\/wp-content\/uploads\/sites\/5\/2025\/06\/mulher-jovem-mostrando-partes-da-pele-com-vitiligo.jpg","contentUrl":"https:\/\/www.fsfx.com.br\/hmcc\/wp-content\/uploads\/sites\/5\/2025\/06\/mulher-jovem-mostrando-partes-da-pele-com-vitiligo.jpg","width":1920,"height":1080},{"@type":"BreadcrumbList","@id":"https:\/\/www.fsfx.com.br\/hmcc\/vitiligo-a-importancia-da-conscientizacao-e-do-cuidado-integral\/#breadcrumb","itemListElement":[{"@type":"ListItem","position":1,"name":"In\u00edcio","item":"https:\/\/www.fsfx.com.br\/hmcc\/"},{"@type":"ListItem","position":2,"name":"Vitiligo, a import\u00e2ncia da conscientiza\u00e7\u00e3o e do cuidado integral"}]},{"@type":"WebSite","@id":"https:\/\/www.fsfx.com.br\/hmcc\/#website","url":"https:\/\/www.fsfx.com.br\/hmcc\/","name":"Hospital Municipal Carlos Chagas","description":"Hospital geral, administrado pela Funda\u00e7\u00e3o S\u00e3o Francisco Xavier, com atendimento 100% por meio do Sistema \u00danico de Sa\u00fade.","publisher":{"@id":"https:\/\/www.fsfx.com.br\/hmcc\/#organization"},"potentialAction":[{"@type":"SearchAction","target":{"@type":"EntryPoint","urlTemplate":"https:\/\/www.fsfx.com.br\/hmcc\/?s={search_term_string}"},"query-input":{"@type":"PropertyValueSpecification","valueRequired":true,"valueName":"search_term_string"}}],"inLanguage":"pt-BR"},{"@type":"Organization","@id":"https:\/\/www.fsfx.com.br\/hmcc\/#organization","name":"HMCC - Hospital Municipal Carlos Chagas","url":"https:\/\/www.fsfx.com.br\/hmcc\/","logo":{"@type":"ImageObject","inLanguage":"pt-BR","@id":"https:\/\/www.fsfx.com.br\/hmcc\/#\/schema\/logo\/image\/","url":"https:\/\/www.fsfx.com.br\/hmcc\/wp-content\/uploads\/sites\/5\/2022\/03\/logo-hmcc-sticky-header.png","contentUrl":"https:\/\/www.fsfx.com.br\/hmcc\/wp-content\/uploads\/sites\/5\/2022\/03\/logo-hmcc-sticky-header.png","width":261,"height":47,"caption":"HMCC - Hospital Municipal Carlos Chagas"},"image":{"@id":"https:\/\/www.fsfx.com.br\/hmcc\/#\/schema\/logo\/image\/"}},{"@type":"Person","@id":"https:\/\/www.fsfx.com.br\/hmcc\/#\/schema\/person\/6bf2cced2b7a5d5d78f5610fc8f52504","name":"C\u00e1ssio Santana","image":{"@type":"ImageObject","inLanguage":"pt-BR","@id":"https:\/\/www.fsfx.com.br\/hmcc\/#\/schema\/person\/image\/","url":"https:\/\/secure.gravatar.com\/avatar\/ef79739de3edd2f5c2e7c4930b0808c62af99fc5520eaadc7899948f8bc6d2e1?s=96&d=mm&r=g","contentUrl":"https:\/\/secure.gravatar.com\/avatar\/ef79739de3edd2f5c2e7c4930b0808c62af99fc5520eaadc7899948f8bc6d2e1?s=96&d=mm&r=g","caption":"C\u00e1ssio Santana"},"url":"https:\/\/www.fsfx.com.br\/hmcc\/author\/cassio\/"}]}},"_links":{"self":[{"href":"https:\/\/www.fsfx.com.br\/hmcc\/wp-json\/wp\/v2\/posts\/8097","targetHints":{"allow":["GET"]}}],"collection":[{"href":"https:\/\/www.fsfx.com.br\/hmcc\/wp-json\/wp\/v2\/posts"}],"about":[{"href":"https:\/\/www.fsfx.com.br\/hmcc\/wp-json\/wp\/v2\/types\/post"}],"author":[{"embeddable":true,"href":"https:\/\/www.fsfx.com.br\/hmcc\/wp-json\/wp\/v2\/users\/6"}],"replies":[{"embeddable":true,"href":"https:\/\/www.fsfx.com.br\/hmcc\/wp-json\/wp\/v2\/comments?post=8097"}],"version-history":[{"count":1,"href":"https:\/\/www.fsfx.com.br\/hmcc\/wp-json\/wp\/v2\/posts\/8097\/revisions"}],"predecessor-version":[{"id":8099,"href":"https:\/\/www.fsfx.com.br\/hmcc\/wp-json\/wp\/v2\/posts\/8097\/revisions\/8099"}],"wp:featuredmedia":[{"embeddable":true,"href":"https:\/\/www.fsfx.com.br\/hmcc\/wp-json\/wp\/v2\/media\/8098"}],"wp:attachment":[{"href":"https:\/\/www.fsfx.com.br\/hmcc\/wp-json\/wp\/v2\/media?parent=8097"}],"wp:term":[{"taxonomy":"category","embeddable":true,"href":"https:\/\/www.fsfx.com.br\/hmcc\/wp-json\/wp\/v2\/categories?post=8097"},{"taxonomy":"post_tag","embeddable":true,"href":"https:\/\/www.fsfx.com.br\/hmcc\/wp-json\/wp\/v2\/tags?post=8097"}],"curies":[{"name":"wp","href":"https:\/\/api.w.org\/{rel}","templated":true}]}}