{"id":8108,"date":"2025-07-10T16:11:40","date_gmt":"2025-07-10T19:11:40","guid":{"rendered":"https:\/\/www.fsfx.com.br\/hmcc\/?p=8108"},"modified":"2025-07-10T16:11:40","modified_gmt":"2025-07-10T19:11:40","slug":"dia-mundial-da-saude-ocular-os-olhos-revelam-muito-mais-do-que-voce-imagina","status":"publish","type":"post","link":"https:\/\/www.fsfx.com.br\/hmcc\/dia-mundial-da-saude-ocular-os-olhos-revelam-muito-mais-do-que-voce-imagina\/","title":{"rendered":"Dia Mundial da Sa\u00fade Ocular: os olhos revelam muito mais do que voc\u00ea imagina"},"content":{"rendered":"<p>No Dia Mundial da Sa\u00fade Ocular, celebrado em 10 de julho, especialistas refor\u00e7am a import\u00e2ncia dos exames oftalmol\u00f3gicos regulares como forma de preven\u00e7\u00e3o \u00e0 perda de vis\u00e3o e ao diagn\u00f3stico precoce de doen\u00e7as graves. Segundo dados do Minist\u00e9rio da Sa\u00fade, mais de 35 milh\u00f5es de brasileiros vivem com algum problema de vis\u00e3o, sendo que cerca de 80% dos casos poderiam ser evitados ou tratados com acompanhamento adequado. Apesar disso, grande parte da popula\u00e7\u00e3o ainda negligencia a sa\u00fade dos olhos, acreditando que enxergar bem \u00e9 sin\u00f4nimo de estar saud\u00e1vel.<\/p>\n<figure id=\"attachment_20884\" aria-describedby=\"caption-attachment-20884\" style=\"width: 362px\" class=\"wp-caption alignleft\"><img fetchpriority=\"high\" decoding=\"async\" class=\"wp-image-20884\" src=\"https:\/\/www.fsfx.com.br\/wp-content\/uploads\/2025\/07\/Medico-oftalmologista-da-FSFX-Dr.-Silas-Machado-Franco-Junior-300x200.jpg\" alt=\"\" width=\"362\" height=\"242\" \/><figcaption id=\"caption-attachment-20884\" class=\"wp-caption-text\">M\u00e9dico oftalmologista da FSFX, Dr. Silas Machado Franco J\u00fanior<\/figcaption><\/figure>\n<p>O oftalmologista Dr. Silas Franco, da Funda\u00e7\u00e3o S\u00e3o Francisco Xavier, explica que o exame oftalmol\u00f3gico completo por si s\u00f3 j\u00e1 mant\u00e9m a sa\u00fade dos olhos em dia, pois segundo ele, esse exame vai muito al\u00e9m de saber se a pessoa precisa de \u00f3culos ou n\u00e3o. \u201cN\u00f3s avaliamos a acuidade visual, fazemos a refra\u00e7\u00e3o, a motilidade ocular, a biomicroscopia, medimos a press\u00e3o intraocular e observamos o fundo de olho. \u00c9 um check-up completo. Pois, \u00e9 justamente no fundo de olho que muitos problemas graves podem ser identificados. O olho \u00e9 o \u00fanico \u00f3rg\u00e3o que conseguimos visualizar diretamente o nervo e a vasculatura. Altera\u00e7\u00f5es nesse exame podem ser os primeiros sinais de doen\u00e7as como diabetes, hipertens\u00e3o, esclerose m\u00faltipla, toxoplasmose e at\u00e9 tumores intracranianos\u201d, alerta o especialista.<\/p>\n<p>Muitos mitos ainda rondam a sa\u00fade ocular. Como cirurgi\u00e3o de catarata e c\u00f3rnea, Dr. Silas cita algumas d\u00favidas de pacientes, principalmente ap\u00f3s a cirurgia. \u201cSempre perguntam se podem comer carne de porco, chocolate, ovo ou quiabo depois da cirurgia. Isso \u00e9 mito, n\u00e3o tem nenhuma comprova\u00e7\u00e3o cient\u00edfica. Outra cren\u00e7a comum \u00e9 que o uso de \u00f3culos \u2018enfraquece\u2019 a vis\u00e3o. Isso tamb\u00e9m \u00e9 mito. Se h\u00e1 indica\u00e7\u00e3o, o uso dos \u00f3culos oferece mais conforto, qualidade de vis\u00e3o e \u00e9 ainda mais importante em crian\u00e7as e adolescentes\u201d, afirma.<\/p>\n<p>O m\u00e9dico da FSFX afirma que a sa\u00fade ocular deve ser cuidada desde os primeiros meses de vida. \u201cA Sociedade Brasileira de Oftalmopediatria recomenda a primeira consulta entre 6 e 12 meses. Depois, entre 3 e 5 anos de idade, e, a partir da\u00ed, anualmente, principalmente se houver hist\u00f3rico familiar ou queixas como dor de cabe\u00e7a ou dificuldade de aprendizado. J\u00e1 na vida adulta, at\u00e9 os 40 anos e sem doen\u00e7as pr\u00e9-existentes, o exame pode ser feito a cada dois anos. Ap\u00f3s os 40, o ideal \u00e9 que seja anual\u201d, explica Dr. Silas.<\/p>\n<p>No Hospital M\u00e1rcio Cunha (HMC) a popula\u00e7\u00e3o conta com estrutura de ponta para cuidar da sa\u00fade dos olhos, com a Cl\u00ednica de Olhos que oferece desde exames oftalmol\u00f3gicos at\u00e9 os procedimentos mais avan\u00e7ados. A estrutura conta com equipamentos de \u00faltima gera\u00e7\u00e3o que auxiliam na preven\u00e7\u00e3o, diagn\u00f3stico e tratamento de v\u00e1rias doen\u00e7as oculares. \u201cHoje temos 13 oftalmologistas atuando diretamente no HMC. Realizamos desde exames simples, como paquimetria e mapeamento de retina, at\u00e9 exames mais complexos como tomografias de c\u00f3rnea e retina. Tamb\u00e9m realizamos praticamente todas as cirurgias oftalmol\u00f3gicas, desde cal\u00e1zio e pter\u00edgio at\u00e9 transplantes de c\u00f3rnea\u201d, detalha o m\u00e9dico.<\/p>\n<p>Por fim, Dr. Silas deixa um alerta direto e impactante. \u201cA vis\u00e3o, entre os \u00f3rg\u00e3os dos sentidos, \u00e9 o mais importante. E, uma vez que o paciente negligencia os olhos, infelizmente, ele paga com a pr\u00f3pria vis\u00e3o. O glaucoma, por exemplo, \u00e9 uma doen\u00e7a silenciosa. A retinopatia diab\u00e9tica tamb\u00e9m. Quando o paciente deixa para depois, o risco \u00e9 perder a vis\u00e3o, \u00e0s vezes de forma irrevers\u00edvel. Portanto, neste Dia Mundial da Sa\u00fade Ocular, o convite \u00e9 simples, mas poderoso. Marque sua consulta, cuide dos seus olhos e lembre-se que ver bem \u00e9 viver melhor\u201d, pontua Dr. Silas Franco.<\/p>\n<p>E quando se fala em Glaucoma, o Hospital Municipal Carlos Chagas (HMCC), em Itabira, administrado pela FSFX, oferece o Programa Glaucoma, do Governo Federal, por meio do Sistema \u00danico de Sa\u00fade (SUS). O Programa inclui diagn\u00f3stico, acompanhamento e tratamento, a fim de garantir o acesso gratuito para todos os pacientes portadores do glaucoma.<\/p>\n<p>A equipe multidisciplinar liderada pela especialista, Dra. Juliana Ayupe de Oliveira, oferta em m\u00e9dia 750 atendimentos por m\u00eas, atendendo de segunda a sexta-feira. Com foco na preven\u00e7\u00e3o e progress\u00e3o da doen\u00e7a, o programa vem apresentando resultados expressivos, o que permite a inclus\u00e3o mensal de aproximadamente 30 novos pacientes.<\/p>\n<p>Atualmente, cerca de 2.250 pessoas est\u00e3o cadastradas e realizam, trimestralmente, consultas de atendimento especializado, exames de campimetria visual computadorizada (CVC) e a curva tensional di\u00e1ria (CTD), e o recebimento cont\u00ednuo de medica\u00e7\u00e3o (col\u00edrios), at\u00e9 a data do pr\u00f3ximo atendimento.<\/p>\n<p>A Funda\u00e7\u00e3o S\u00e3o Francisco Xavier reafirma, com essa estrutura, seu compromisso com a sa\u00fade integral da popula\u00e7\u00e3o, oferecendo tecnologia e atendimento especializado para garantir mais qualidade de vida e preven\u00e7\u00e3o de doen\u00e7as silenciosas.<\/p>\n","protected":false},"excerpt":{"rendered":"<p>No Dia Mundial da Sa\u00fade Ocular, celebrado em 10 de julho, especialistas refor\u00e7am a import\u00e2ncia dos exames oftalmol\u00f3gicos regulares como forma de preven\u00e7\u00e3o \u00e0 perda de vis\u00e3o e ao diagn\u00f3stico precoce de doen\u00e7as graves. Segundo dados do Minist\u00e9rio da Sa\u00fade, mais de 35 milh\u00f5es de brasileiros vivem com algum problema de vis\u00e3o, sendo que cerca [&hellip;]<\/p>\n","protected":false},"author":6,"featured_media":8109,"comment_status":"closed","ping_status":"closed","sticky":false,"template":"","format":"standard","meta":{"_acf_changed":false,"site-sidebar-layout":"default","site-content-layout":"","ast-site-content-layout":"default","site-content-style":"default","site-sidebar-style":"default","ast-global-header-display":"","ast-banner-title-visibility":"","ast-main-header-display":"","ast-hfb-above-header-display":"","ast-hfb-below-header-display":"","ast-hfb-mobile-header-display":"","site-post-title":"","ast-breadcrumbs-content":"","ast-featured-img":"","footer-sml-layout":"","theme-transparent-header-meta":"","adv-header-id-meta":"","stick-header-meta":"","header-above-stick-meta":"","header-main-stick-meta":"","header-below-stick-meta":"","astra-migrate-meta-layouts":"default","ast-page-background-enabled":"default","ast-page-background-meta":{"desktop":{"background-color":"var(--ast-global-color-4)","background-image":"","background-repeat":"repeat","background-position":"center center","background-size":"auto","background-attachment":"scroll","background-type":"","background-media":"","overlay-type":"","overlay-color":"","overlay-opacity":"","overlay-gradient":""},"tablet":{"background-color":"","background-image":"","background-repeat":"repeat","background-position":"center center","background-size":"auto","background-attachment":"scroll","background-type":"","background-media":"","overlay-type":"","overlay-color":"","overlay-opacity":"","overlay-gradient":""},"mobile":{"background-color":"","background-image":"","background-repeat":"repeat","background-position":"center center","background-size":"auto","background-attachment":"scroll","background-type":"","background-media":"","overlay-type":"","overlay-color":"","overlay-opacity":"","overlay-gradient":""}},"ast-content-background-meta":{"desktop":{"background-color":"var(--ast-global-color-5)","background-image":"","background-repeat":"repeat","background-position":"center center","background-size":"auto","background-attachment":"scroll","background-type":"","background-media":"","overlay-type":"","overlay-color":"","overlay-opacity":"","overlay-gradient":""},"tablet":{"background-color":"var(--ast-global-color-5)","background-image":"","background-repeat":"repeat","background-position":"center center","background-size":"auto","background-attachment":"scroll","background-type":"","background-media":"","overlay-type":"","overlay-color":"","overlay-opacity":"","overlay-gradient":""},"mobile":{"background-color":"var(--ast-global-color-5)","background-image":"","background-repeat":"repeat","background-position":"center center","background-size":"auto","background-attachment":"scroll","background-type":"","background-media":"","overlay-type":"","overlay-color":"","overlay-opacity":"","overlay-gradient":""}},"footnotes":""},"categories":[21],"tags":[],"class_list":["post-8108","post","type-post","status-publish","format-standard","has-post-thumbnail","hentry","category-saude"],"acf":[],"yoast_head":"<!-- This site is optimized with the Yoast SEO plugin v26.9 - https:\/\/yoast.com\/product\/yoast-seo-wordpress\/ -->\n<title>Dia Mundial da Sa\u00fade Ocular: os olhos revelam muito mais do que voc\u00ea imagina - Hospital Municipal Carlos Chagas<\/title>\n<meta name=\"robots\" content=\"index, follow, max-snippet:-1, max-image-preview:large, max-video-preview:-1\" \/>\n<link rel=\"canonical\" href=\"https:\/\/www.fsfx.com.br\/hmcc\/dia-mundial-da-saude-ocular-os-olhos-revelam-muito-mais-do-que-voce-imagina\/\" \/>\n<meta property=\"og:locale\" content=\"pt_BR\" \/>\n<meta property=\"og:type\" content=\"article\" \/>\n<meta property=\"og:title\" content=\"Dia Mundial da Sa\u00fade Ocular: os olhos revelam muito mais do que voc\u00ea imagina - Hospital Municipal Carlos Chagas\" \/>\n<meta property=\"og:description\" content=\"No Dia Mundial da Sa\u00fade Ocular, celebrado em 10 de julho, especialistas refor\u00e7am a import\u00e2ncia dos exames oftalmol\u00f3gicos regulares como forma de preven\u00e7\u00e3o \u00e0 perda de vis\u00e3o e ao diagn\u00f3stico precoce de doen\u00e7as graves. Segundo dados do Minist\u00e9rio da Sa\u00fade, mais de 35 milh\u00f5es de brasileiros vivem com algum problema de vis\u00e3o, sendo que cerca [&hellip;]\" \/>\n<meta property=\"og:url\" content=\"https:\/\/www.fsfx.com.br\/hmcc\/dia-mundial-da-saude-ocular-os-olhos-revelam-muito-mais-do-que-voce-imagina\/\" \/>\n<meta property=\"og:site_name\" content=\"Hospital Municipal Carlos Chagas\" \/>\n<meta property=\"article:published_time\" content=\"2025-07-10T19:11:40+00:00\" \/>\n<meta property=\"og:image\" content=\"https:\/\/www.fsfx.com.br\/hmcc\/wp-content\/uploads\/sites\/5\/2025\/07\/Medico-oftalmologista-da-FSFX-Dr.-Silas-Machado-Franco-Junior.jpg\" \/>\n\t<meta property=\"og:image:width\" content=\"1920\" \/>\n\t<meta property=\"og:image:height\" content=\"1280\" \/>\n\t<meta property=\"og:image:type\" content=\"image\/jpeg\" \/>\n<meta name=\"author\" content=\"C\u00e1ssio Santana\" \/>\n<meta name=\"twitter:card\" content=\"summary_large_image\" \/>\n<meta name=\"twitter:label1\" content=\"Escrito por\" \/>\n\t<meta name=\"twitter:data1\" content=\"C\u00e1ssio Santana\" \/>\n\t<meta name=\"twitter:label2\" content=\"Est. tempo de leitura\" \/>\n\t<meta name=\"twitter:data2\" content=\"5 minutos\" \/>\n<script type=\"application\/ld+json\" class=\"yoast-schema-graph\">{\"@context\":\"https:\/\/schema.org\",\"@graph\":[{\"@type\":\"Article\",\"@id\":\"https:\/\/www.fsfx.com.br\/hmcc\/dia-mundial-da-saude-ocular-os-olhos-revelam-muito-mais-do-que-voce-imagina\/#article\",\"isPartOf\":{\"@id\":\"https:\/\/www.fsfx.com.br\/hmcc\/dia-mundial-da-saude-ocular-os-olhos-revelam-muito-mais-do-que-voce-imagina\/\"},\"author\":{\"name\":\"C\u00e1ssio Santana\",\"@id\":\"https:\/\/www.fsfx.com.br\/hmcc\/#\/schema\/person\/6bf2cced2b7a5d5d78f5610fc8f52504\"},\"headline\":\"Dia Mundial da Sa\u00fade Ocular: os olhos revelam muito mais do que voc\u00ea imagina\",\"datePublished\":\"2025-07-10T19:11:40+00:00\",\"mainEntityOfPage\":{\"@id\":\"https:\/\/www.fsfx.com.br\/hmcc\/dia-mundial-da-saude-ocular-os-olhos-revelam-muito-mais-do-que-voce-imagina\/\"},\"wordCount\":865,\"publisher\":{\"@id\":\"https:\/\/www.fsfx.com.br\/hmcc\/#organization\"},\"image\":{\"@id\":\"https:\/\/www.fsfx.com.br\/hmcc\/dia-mundial-da-saude-ocular-os-olhos-revelam-muito-mais-do-que-voce-imagina\/#primaryimage\"},\"thumbnailUrl\":\"https:\/\/www.fsfx.com.br\/hmcc\/wp-content\/uploads\/sites\/5\/2025\/07\/Medico-oftalmologista-da-FSFX-Dr.-Silas-Machado-Franco-Junior.jpg\",\"articleSection\":[\"Sa\u00fade\"],\"inLanguage\":\"pt-BR\"},{\"@type\":\"WebPage\",\"@id\":\"https:\/\/www.fsfx.com.br\/hmcc\/dia-mundial-da-saude-ocular-os-olhos-revelam-muito-mais-do-que-voce-imagina\/\",\"url\":\"https:\/\/www.fsfx.com.br\/hmcc\/dia-mundial-da-saude-ocular-os-olhos-revelam-muito-mais-do-que-voce-imagina\/\",\"name\":\"Dia Mundial da Sa\u00fade Ocular: os olhos revelam muito mais do que voc\u00ea imagina - Hospital Municipal Carlos Chagas\",\"isPartOf\":{\"@id\":\"https:\/\/www.fsfx.com.br\/hmcc\/#website\"},\"primaryImageOfPage\":{\"@id\":\"https:\/\/www.fsfx.com.br\/hmcc\/dia-mundial-da-saude-ocular-os-olhos-revelam-muito-mais-do-que-voce-imagina\/#primaryimage\"},\"image\":{\"@id\":\"https:\/\/www.fsfx.com.br\/hmcc\/dia-mundial-da-saude-ocular-os-olhos-revelam-muito-mais-do-que-voce-imagina\/#primaryimage\"},\"thumbnailUrl\":\"https:\/\/www.fsfx.com.br\/hmcc\/wp-content\/uploads\/sites\/5\/2025\/07\/Medico-oftalmologista-da-FSFX-Dr.-Silas-Machado-Franco-Junior.jpg\",\"datePublished\":\"2025-07-10T19:11:40+00:00\",\"breadcrumb\":{\"@id\":\"https:\/\/www.fsfx.com.br\/hmcc\/dia-mundial-da-saude-ocular-os-olhos-revelam-muito-mais-do-que-voce-imagina\/#breadcrumb\"},\"inLanguage\":\"pt-BR\",\"potentialAction\":[{\"@type\":\"ReadAction\",\"target\":[\"https:\/\/www.fsfx.com.br\/hmcc\/dia-mundial-da-saude-ocular-os-olhos-revelam-muito-mais-do-que-voce-imagina\/\"]}]},{\"@type\":\"ImageObject\",\"inLanguage\":\"pt-BR\",\"@id\":\"https:\/\/www.fsfx.com.br\/hmcc\/dia-mundial-da-saude-ocular-os-olhos-revelam-muito-mais-do-que-voce-imagina\/#primaryimage\",\"url\":\"https:\/\/www.fsfx.com.br\/hmcc\/wp-content\/uploads\/sites\/5\/2025\/07\/Medico-oftalmologista-da-FSFX-Dr.-Silas-Machado-Franco-Junior.jpg\",\"contentUrl\":\"https:\/\/www.fsfx.com.br\/hmcc\/wp-content\/uploads\/sites\/5\/2025\/07\/Medico-oftalmologista-da-FSFX-Dr.-Silas-Machado-Franco-Junior.jpg\",\"width\":1920,\"height\":1280},{\"@type\":\"BreadcrumbList\",\"@id\":\"https:\/\/www.fsfx.com.br\/hmcc\/dia-mundial-da-saude-ocular-os-olhos-revelam-muito-mais-do-que-voce-imagina\/#breadcrumb\",\"itemListElement\":[{\"@type\":\"ListItem\",\"position\":1,\"name\":\"In\u00edcio\",\"item\":\"https:\/\/www.fsfx.com.br\/hmcc\/\"},{\"@type\":\"ListItem\",\"position\":2,\"name\":\"Dia Mundial da Sa\u00fade Ocular: os olhos revelam muito mais do que voc\u00ea imagina\"}]},{\"@type\":\"WebSite\",\"@id\":\"https:\/\/www.fsfx.com.br\/hmcc\/#website\",\"url\":\"https:\/\/www.fsfx.com.br\/hmcc\/\",\"name\":\"Hospital Municipal Carlos Chagas\",\"description\":\"Hospital geral, administrado pela Funda\u00e7\u00e3o S\u00e3o Francisco Xavier, com atendimento 100% por meio do Sistema \u00danico de Sa\u00fade.\",\"publisher\":{\"@id\":\"https:\/\/www.fsfx.com.br\/hmcc\/#organization\"},\"potentialAction\":[{\"@type\":\"SearchAction\",\"target\":{\"@type\":\"EntryPoint\",\"urlTemplate\":\"https:\/\/www.fsfx.com.br\/hmcc\/?s={search_term_string}\"},\"query-input\":{\"@type\":\"PropertyValueSpecification\",\"valueRequired\":true,\"valueName\":\"search_term_string\"}}],\"inLanguage\":\"pt-BR\"},{\"@type\":\"Organization\",\"@id\":\"https:\/\/www.fsfx.com.br\/hmcc\/#organization\",\"name\":\"HMCC - Hospital Municipal Carlos Chagas\",\"url\":\"https:\/\/www.fsfx.com.br\/hmcc\/\",\"logo\":{\"@type\":\"ImageObject\",\"inLanguage\":\"pt-BR\",\"@id\":\"https:\/\/www.fsfx.com.br\/hmcc\/#\/schema\/logo\/image\/\",\"url\":\"https:\/\/www.fsfx.com.br\/hmcc\/wp-content\/uploads\/sites\/5\/2022\/03\/logo-hmcc-sticky-header.png\",\"contentUrl\":\"https:\/\/www.fsfx.com.br\/hmcc\/wp-content\/uploads\/sites\/5\/2022\/03\/logo-hmcc-sticky-header.png\",\"width\":261,\"height\":47,\"caption\":\"HMCC - Hospital Municipal Carlos Chagas\"},\"image\":{\"@id\":\"https:\/\/www.fsfx.com.br\/hmcc\/#\/schema\/logo\/image\/\"}},{\"@type\":\"Person\",\"@id\":\"https:\/\/www.fsfx.com.br\/hmcc\/#\/schema\/person\/6bf2cced2b7a5d5d78f5610fc8f52504\",\"name\":\"C\u00e1ssio Santana\",\"image\":{\"@type\":\"ImageObject\",\"inLanguage\":\"pt-BR\",\"@id\":\"https:\/\/www.fsfx.com.br\/hmcc\/#\/schema\/person\/image\/\",\"url\":\"https:\/\/secure.gravatar.com\/avatar\/ef79739de3edd2f5c2e7c4930b0808c62af99fc5520eaadc7899948f8bc6d2e1?s=96&d=mm&r=g\",\"contentUrl\":\"https:\/\/secure.gravatar.com\/avatar\/ef79739de3edd2f5c2e7c4930b0808c62af99fc5520eaadc7899948f8bc6d2e1?s=96&d=mm&r=g\",\"caption\":\"C\u00e1ssio Santana\"},\"url\":\"https:\/\/www.fsfx.com.br\/hmcc\/author\/cassio\/\"}]}<\/script>\n<!-- \/ Yoast SEO plugin. -->","yoast_head_json":{"title":"Dia Mundial da Sa\u00fade Ocular: os olhos revelam muito mais do que voc\u00ea imagina - Hospital Municipal Carlos Chagas","robots":{"index":"index","follow":"follow","max-snippet":"max-snippet:-1","max-image-preview":"max-image-preview:large","max-video-preview":"max-video-preview:-1"},"canonical":"https:\/\/www.fsfx.com.br\/hmcc\/dia-mundial-da-saude-ocular-os-olhos-revelam-muito-mais-do-que-voce-imagina\/","og_locale":"pt_BR","og_type":"article","og_title":"Dia Mundial da Sa\u00fade Ocular: os olhos revelam muito mais do que voc\u00ea imagina - Hospital Municipal Carlos Chagas","og_description":"No Dia Mundial da Sa\u00fade Ocular, celebrado em 10 de julho, especialistas refor\u00e7am a import\u00e2ncia dos exames oftalmol\u00f3gicos regulares como forma de preven\u00e7\u00e3o \u00e0 perda de vis\u00e3o e ao diagn\u00f3stico precoce de doen\u00e7as graves. Segundo dados do Minist\u00e9rio da Sa\u00fade, mais de 35 milh\u00f5es de brasileiros vivem com algum problema de vis\u00e3o, sendo que cerca [&hellip;]","og_url":"https:\/\/www.fsfx.com.br\/hmcc\/dia-mundial-da-saude-ocular-os-olhos-revelam-muito-mais-do-que-voce-imagina\/","og_site_name":"Hospital Municipal Carlos Chagas","article_published_time":"2025-07-10T19:11:40+00:00","og_image":[{"width":1920,"height":1280,"url":"https:\/\/www.fsfx.com.br\/hmcc\/wp-content\/uploads\/sites\/5\/2025\/07\/Medico-oftalmologista-da-FSFX-Dr.-Silas-Machado-Franco-Junior.jpg","type":"image\/jpeg"}],"author":"C\u00e1ssio Santana","twitter_card":"summary_large_image","twitter_misc":{"Escrito por":"C\u00e1ssio Santana","Est. tempo de leitura":"5 minutos"},"schema":{"@context":"https:\/\/schema.org","@graph":[{"@type":"Article","@id":"https:\/\/www.fsfx.com.br\/hmcc\/dia-mundial-da-saude-ocular-os-olhos-revelam-muito-mais-do-que-voce-imagina\/#article","isPartOf":{"@id":"https:\/\/www.fsfx.com.br\/hmcc\/dia-mundial-da-saude-ocular-os-olhos-revelam-muito-mais-do-que-voce-imagina\/"},"author":{"name":"C\u00e1ssio Santana","@id":"https:\/\/www.fsfx.com.br\/hmcc\/#\/schema\/person\/6bf2cced2b7a5d5d78f5610fc8f52504"},"headline":"Dia Mundial da Sa\u00fade Ocular: os olhos revelam muito mais do que voc\u00ea imagina","datePublished":"2025-07-10T19:11:40+00:00","mainEntityOfPage":{"@id":"https:\/\/www.fsfx.com.br\/hmcc\/dia-mundial-da-saude-ocular-os-olhos-revelam-muito-mais-do-que-voce-imagina\/"},"wordCount":865,"publisher":{"@id":"https:\/\/www.fsfx.com.br\/hmcc\/#organization"},"image":{"@id":"https:\/\/www.fsfx.com.br\/hmcc\/dia-mundial-da-saude-ocular-os-olhos-revelam-muito-mais-do-que-voce-imagina\/#primaryimage"},"thumbnailUrl":"https:\/\/www.fsfx.com.br\/hmcc\/wp-content\/uploads\/sites\/5\/2025\/07\/Medico-oftalmologista-da-FSFX-Dr.-Silas-Machado-Franco-Junior.jpg","articleSection":["Sa\u00fade"],"inLanguage":"pt-BR"},{"@type":"WebPage","@id":"https:\/\/www.fsfx.com.br\/hmcc\/dia-mundial-da-saude-ocular-os-olhos-revelam-muito-mais-do-que-voce-imagina\/","url":"https:\/\/www.fsfx.com.br\/hmcc\/dia-mundial-da-saude-ocular-os-olhos-revelam-muito-mais-do-que-voce-imagina\/","name":"Dia Mundial da Sa\u00fade Ocular: os olhos revelam muito mais do que voc\u00ea imagina - Hospital Municipal Carlos Chagas","isPartOf":{"@id":"https:\/\/www.fsfx.com.br\/hmcc\/#website"},"primaryImageOfPage":{"@id":"https:\/\/www.fsfx.com.br\/hmcc\/dia-mundial-da-saude-ocular-os-olhos-revelam-muito-mais-do-que-voce-imagina\/#primaryimage"},"image":{"@id":"https:\/\/www.fsfx.com.br\/hmcc\/dia-mundial-da-saude-ocular-os-olhos-revelam-muito-mais-do-que-voce-imagina\/#primaryimage"},"thumbnailUrl":"https:\/\/www.fsfx.com.br\/hmcc\/wp-content\/uploads\/sites\/5\/2025\/07\/Medico-oftalmologista-da-FSFX-Dr.-Silas-Machado-Franco-Junior.jpg","datePublished":"2025-07-10T19:11:40+00:00","breadcrumb":{"@id":"https:\/\/www.fsfx.com.br\/hmcc\/dia-mundial-da-saude-ocular-os-olhos-revelam-muito-mais-do-que-voce-imagina\/#breadcrumb"},"inLanguage":"pt-BR","potentialAction":[{"@type":"ReadAction","target":["https:\/\/www.fsfx.com.br\/hmcc\/dia-mundial-da-saude-ocular-os-olhos-revelam-muito-mais-do-que-voce-imagina\/"]}]},{"@type":"ImageObject","inLanguage":"pt-BR","@id":"https:\/\/www.fsfx.com.br\/hmcc\/dia-mundial-da-saude-ocular-os-olhos-revelam-muito-mais-do-que-voce-imagina\/#primaryimage","url":"https:\/\/www.fsfx.com.br\/hmcc\/wp-content\/uploads\/sites\/5\/2025\/07\/Medico-oftalmologista-da-FSFX-Dr.-Silas-Machado-Franco-Junior.jpg","contentUrl":"https:\/\/www.fsfx.com.br\/hmcc\/wp-content\/uploads\/sites\/5\/2025\/07\/Medico-oftalmologista-da-FSFX-Dr.-Silas-Machado-Franco-Junior.jpg","width":1920,"height":1280},{"@type":"BreadcrumbList","@id":"https:\/\/www.fsfx.com.br\/hmcc\/dia-mundial-da-saude-ocular-os-olhos-revelam-muito-mais-do-que-voce-imagina\/#breadcrumb","itemListElement":[{"@type":"ListItem","position":1,"name":"In\u00edcio","item":"https:\/\/www.fsfx.com.br\/hmcc\/"},{"@type":"ListItem","position":2,"name":"Dia Mundial da Sa\u00fade Ocular: os olhos revelam muito mais do que voc\u00ea imagina"}]},{"@type":"WebSite","@id":"https:\/\/www.fsfx.com.br\/hmcc\/#website","url":"https:\/\/www.fsfx.com.br\/hmcc\/","name":"Hospital Municipal Carlos Chagas","description":"Hospital geral, administrado pela Funda\u00e7\u00e3o S\u00e3o Francisco Xavier, com atendimento 100% por meio do Sistema \u00danico de Sa\u00fade.","publisher":{"@id":"https:\/\/www.fsfx.com.br\/hmcc\/#organization"},"potentialAction":[{"@type":"SearchAction","target":{"@type":"EntryPoint","urlTemplate":"https:\/\/www.fsfx.com.br\/hmcc\/?s={search_term_string}"},"query-input":{"@type":"PropertyValueSpecification","valueRequired":true,"valueName":"search_term_string"}}],"inLanguage":"pt-BR"},{"@type":"Organization","@id":"https:\/\/www.fsfx.com.br\/hmcc\/#organization","name":"HMCC - Hospital Municipal Carlos Chagas","url":"https:\/\/www.fsfx.com.br\/hmcc\/","logo":{"@type":"ImageObject","inLanguage":"pt-BR","@id":"https:\/\/www.fsfx.com.br\/hmcc\/#\/schema\/logo\/image\/","url":"https:\/\/www.fsfx.com.br\/hmcc\/wp-content\/uploads\/sites\/5\/2022\/03\/logo-hmcc-sticky-header.png","contentUrl":"https:\/\/www.fsfx.com.br\/hmcc\/wp-content\/uploads\/sites\/5\/2022\/03\/logo-hmcc-sticky-header.png","width":261,"height":47,"caption":"HMCC - Hospital Municipal Carlos Chagas"},"image":{"@id":"https:\/\/www.fsfx.com.br\/hmcc\/#\/schema\/logo\/image\/"}},{"@type":"Person","@id":"https:\/\/www.fsfx.com.br\/hmcc\/#\/schema\/person\/6bf2cced2b7a5d5d78f5610fc8f52504","name":"C\u00e1ssio Santana","image":{"@type":"ImageObject","inLanguage":"pt-BR","@id":"https:\/\/www.fsfx.com.br\/hmcc\/#\/schema\/person\/image\/","url":"https:\/\/secure.gravatar.com\/avatar\/ef79739de3edd2f5c2e7c4930b0808c62af99fc5520eaadc7899948f8bc6d2e1?s=96&d=mm&r=g","contentUrl":"https:\/\/secure.gravatar.com\/avatar\/ef79739de3edd2f5c2e7c4930b0808c62af99fc5520eaadc7899948f8bc6d2e1?s=96&d=mm&r=g","caption":"C\u00e1ssio Santana"},"url":"https:\/\/www.fsfx.com.br\/hmcc\/author\/cassio\/"}]}},"_links":{"self":[{"href":"https:\/\/www.fsfx.com.br\/hmcc\/wp-json\/wp\/v2\/posts\/8108","targetHints":{"allow":["GET"]}}],"collection":[{"href":"https:\/\/www.fsfx.com.br\/hmcc\/wp-json\/wp\/v2\/posts"}],"about":[{"href":"https:\/\/www.fsfx.com.br\/hmcc\/wp-json\/wp\/v2\/types\/post"}],"author":[{"embeddable":true,"href":"https:\/\/www.fsfx.com.br\/hmcc\/wp-json\/wp\/v2\/users\/6"}],"replies":[{"embeddable":true,"href":"https:\/\/www.fsfx.com.br\/hmcc\/wp-json\/wp\/v2\/comments?post=8108"}],"version-history":[{"count":1,"href":"https:\/\/www.fsfx.com.br\/hmcc\/wp-json\/wp\/v2\/posts\/8108\/revisions"}],"predecessor-version":[{"id":8110,"href":"https:\/\/www.fsfx.com.br\/hmcc\/wp-json\/wp\/v2\/posts\/8108\/revisions\/8110"}],"wp:featuredmedia":[{"embeddable":true,"href":"https:\/\/www.fsfx.com.br\/hmcc\/wp-json\/wp\/v2\/media\/8109"}],"wp:attachment":[{"href":"https:\/\/www.fsfx.com.br\/hmcc\/wp-json\/wp\/v2\/media?parent=8108"}],"wp:term":[{"taxonomy":"category","embeddable":true,"href":"https:\/\/www.fsfx.com.br\/hmcc\/wp-json\/wp\/v2\/categories?post=8108"},{"taxonomy":"post_tag","embeddable":true,"href":"https:\/\/www.fsfx.com.br\/hmcc\/wp-json\/wp\/v2\/tags?post=8108"}],"curies":[{"name":"wp","href":"https:\/\/api.w.org\/{rel}","templated":true}]}}