{"id":8185,"date":"2025-10-03T16:51:52","date_gmt":"2025-10-03T19:51:52","guid":{"rendered":"https:\/\/www.fsfx.com.br\/hmcc\/?p=8185"},"modified":"2025-10-03T16:51:52","modified_gmt":"2025-10-03T19:51:52","slug":"outubro-rosa-fachadas-iluminadas-vidas-transformadas","status":"publish","type":"post","link":"https:\/\/www.fsfx.com.br\/hmcc\/outubro-rosa-fachadas-iluminadas-vidas-transformadas\/","title":{"rendered":"Outubro Rosa: fachadas iluminadas, vidas transformadas"},"content":{"rendered":"<p style=\"text-align: center;\"><em>Unidade de Oncologia do Hospital M\u00e1rcio Cunha mostra a for\u00e7a da preven\u00e7\u00e3o contra o c\u00e2ncer de mama<\/em><\/p>\n<p>O m\u00eas de outubro traz consigo um movimento que vai al\u00e9m da cor rosa nas ruas e pr\u00e9dios: \u00e9 o chamado \u00e0 vida. O Outubro Rosa \u00e9 uma campanha global que busca conscientizar mulheres e fam\u00edlias sobre a import\u00e2ncia da preven\u00e7\u00e3o e do diagn\u00f3stico precoce do c\u00e2ncer de mama, uma doen\u00e7a que ainda \u00e9 a principal causa de morte por c\u00e2ncer entre as mulheres brasileiras.<\/p>\n<p>De acordo com o Instituto Nacional de C\u00e2ncer (INCA), o Brasil registra mais de 73 mil novos casos de c\u00e2ncer de mama por ano. Apesar dos n\u00fameros expressivos, o \u00edndice de cura pode ultrapassar 90% quando a doen\u00e7a \u00e9 diagnosticada na fase inicial. \u00c9 justamente por isso que informa\u00e7\u00e3o e cuidado fazem toda a diferen\u00e7a.<\/p>\n<figure id=\"attachment_21297\" aria-describedby=\"caption-attachment-21297\" style=\"width: 300px\" class=\"wp-caption alignleft\"><img fetchpriority=\"high\" decoding=\"async\" class=\"wp-image-21297 size-medium\" src=\"https:\/\/www.fsfx.com.br\/wp-content\/uploads\/2025\/10\/Dr.-Luciano-Viana-Oncologista-do-HMC-300x200.jpg\" alt=\"\" width=\"300\" height=\"200\" \/><figcaption id=\"caption-attachment-21297\" class=\"wp-caption-text\">Dr. Luciano Viana &#8211; Oncologista do HMC<\/figcaption><\/figure>\n<p>Aproveitando o m\u00eas de conscientiza\u00e7\u00e3o e preven\u00e7\u00e3o do c\u00e2ncer de mama, o m\u00e9dico oncologista da Unidade de Oncologia do Hospital M\u00e1rcio Cunha (HMC), em Ipatinga, Dr. Luciano Viana, refor\u00e7a a import\u00e2ncia do diagn\u00f3stico precoce no tratamento da doen\u00e7a. \u201cO c\u00e2ncer de mama n\u00e3o \u00e9 diferente de outros tipos, por isso quanto mais cedo o diagn\u00f3stico, maior a chance de cura. Quando descobrimos a doen\u00e7a em est\u00e1gio inicial, antes dela se espalhar, a mulher tem grandes possibilidades de superar esse desafio\u201d, explica o m\u00e9dico.<\/p>\n<p>Para ele, quebrar o estigma da doen\u00e7a \u00e9 um passo essencial. \u201cDurante muito tempo, o c\u00e2ncer de mama foi sin\u00f4nimo de medo e perda. Hoje sabemos que, com informa\u00e7\u00e3o, exames em dia e tratamento adequado, as mulheres saem mais fortes, curadas e prontas para retomar a vida. O diagn\u00f3stico precoce n\u00e3o \u00e9 uma senten\u00e7a de morte, mas uma oportunidade de vit\u00f3ria\u201d, refor\u00e7a o oncologista.<\/p>\n<figure id=\"attachment_21298\" aria-describedby=\"caption-attachment-21298\" style=\"width: 261px\" class=\"wp-caption alignright\"><img decoding=\"async\" class=\"wp-image-21298\" src=\"https:\/\/www.fsfx.com.br\/wp-content\/uploads\/2025\/10\/Paciente-Camila-Bredder-200x300.jpg\" alt=\"\" width=\"261\" height=\"392\" \/><figcaption id=\"caption-attachment-21298\" class=\"wp-caption-text\">Paciente Camila Bredder e fam\u00edlia.<\/figcaption><\/figure>\n<p>Essa foi a realidade vivida por Camila Bredder, 38 anos, que h\u00e1 um ano recebeu o diagn\u00f3stico de c\u00e2ncer de mama. \u201cReceber a not\u00edcia nunca \u00e9 f\u00e1cil. O medo, a d\u00favida e a incerteza tomam conta. Mas tamb\u00e9m \u00e9 um chamado para agir. O tratamento feito no momento certo faz toda a diferen\u00e7a. Hoje estou aqui para dizer que o c\u00e2ncer n\u00e3o \u00e9 uma senten\u00e7a. Ele me ensinou sobre amor-pr\u00f3prio, f\u00e9 e supera\u00e7\u00e3o\u201d, compartilha emocionada.<\/p>\n<p>Camila decidiu transformar a sua dor em acolhimento, criando o projeto \u201cA Cura \u00e9 Logo Ali\u201d, que leva esperan\u00e7a e informa\u00e7\u00e3o a outras mulheres. \u201cConhecer o corpo, fazer o autoexame, prestar aten\u00e7\u00e3o \u00e0s mudan\u00e7as e n\u00e3o deixar os exames em atraso s\u00e3o atos de coragem. Compartilhar hist\u00f3rias e falar sobre o c\u00e2ncer de mama salva vidas. Nunca deixe o medo ser maior que a esperan\u00e7a\u201d, afirma.<\/p>\n<p>Al\u00e9m do autoexame, Dr. Luciano Viana refor\u00e7a que a mamografia \u00e9 fundamental. \u201cDesde setembro deste ano, o Minist\u00e9rio da Sa\u00fade mudou sua diretriz, orientando a realiza\u00e7\u00e3o da mamografia a partir dos 40 anos, seguindo a idade j\u00e1 recomendada pela Sociedade Brasileira de Mastologia. Por isso \u00e9 importante estar em dia com sua mamografia. Al\u00e9m disso, mulheres com hist\u00f3rico familiar da doen\u00e7a devem redobrar a aten\u00e7\u00e3o, j\u00e1 que a hereditariedade aumenta os riscos. Hoje, testes gen\u00e9ticos j\u00e1 permitem identificar muta\u00e7\u00f5es associadas ao c\u00e2ncer de mama, possibilitando um acompanhamento ainda mais rigoroso\u201d, explica o m\u00e9dico da Unidade de Oncologia do Hospital M\u00e1rcio Cunha.<\/p>\n<p>Outro fator importante levantado pelo m\u00e9dico \u00e9 a autorreflex\u00e3o que vai ajudar na preven\u00e7\u00e3o. \u201cOutubro \u00e9 o momento de reavaliar a rotina de sa\u00fade. Estou fazendo atividade f\u00edsica? Estou mantendo o peso adequado? Estou evitando cigarro e \u00e1lcool? Esses fatores somam na preven\u00e7\u00e3o. E, claro, verificar se a mamografia est\u00e1 em dia. Isso pode salvar uma vida\u201d, completa o Dr. Luciano.<\/p>\n<p>Dr. Luciano explica que o c\u00e2ncer de mama n\u00e3o afeta apenas a paciente, mas toda a fam\u00edlia. Amigos, colegas de trabalho e a rede de apoio t\u00eam papel fundamental nesse processo. \u201cA mulher em tratamento passa por transforma\u00e7\u00f5es f\u00edsicas e emocionais. Com acolhimento, ela percebe que n\u00e3o est\u00e1 sozinha, que pode vencer e retomar a sua vida com ainda mais for\u00e7a\u201d, lembra o m\u00e9dico.<\/p>\n<p>A paciente Camila Bredder refor\u00e7a esse ponto. \u201cA cura n\u00e3o acontece sozinha. Ela \u00e9 sustentada pelo corpo, pela alma e pelo esp\u00edrito. Ter f\u00e9, ter apoio e acreditar no futuro fazem toda a diferen\u00e7a na minha jornada\u201d, pontua.<\/p>\n<p><strong>Fachadas que comunicam<\/strong><\/p>\n<figure id=\"attachment_8186\" aria-describedby=\"caption-attachment-8186\" style=\"width: 300px\" class=\"wp-caption alignleft\"><img decoding=\"async\" class=\"wp-image-8186 size-medium\" src=\"https:\/\/www.fsfx.com.br\/hmcc\/wp-content\/uploads\/sites\/5\/2025\/10\/WhatsApp-Image-2025-10-03-at-08.45.22-300x169.jpeg\" alt=\"\" width=\"300\" height=\"169\" srcset=\"https:\/\/www.fsfx.com.br\/hmcc\/wp-content\/uploads\/sites\/5\/2025\/10\/WhatsApp-Image-2025-10-03-at-08.45.22-300x169.jpeg 300w, https:\/\/www.fsfx.com.br\/hmcc\/wp-content\/uploads\/sites\/5\/2025\/10\/WhatsApp-Image-2025-10-03-at-08.45.22-1024x576.jpeg 1024w, https:\/\/www.fsfx.com.br\/hmcc\/wp-content\/uploads\/sites\/5\/2025\/10\/WhatsApp-Image-2025-10-03-at-08.45.22-768x432.jpeg 768w, https:\/\/www.fsfx.com.br\/hmcc\/wp-content\/uploads\/sites\/5\/2025\/10\/WhatsApp-Image-2025-10-03-at-08.45.22.jpeg 1280w\" sizes=\"(max-width: 300px) 100vw, 300px\" \/><figcaption id=\"caption-attachment-8186\" class=\"wp-caption-text\">Hospital Municipal Carlos Chagas, em Itabira<\/figcaption><\/figure>\n<p>A Funda\u00e7\u00e3o S\u00e3o Francisco Xavier (FSFX), administradora do Hospital M\u00e1rcio Cunha, em Ipatinga, e o Hospital Municipal Carlos Chagas, em Itabira, refor\u00e7a essa mensagem ao iluminar as fachadas de suas unidades hospitalares de rosa. Mais do que um gesto est\u00e9tico, \u00e9 um s\u00edmbolo de esperan\u00e7a que se espalha pela comunidade. \u201cO papel social da Funda\u00e7\u00e3o \u00e9 levar informa\u00e7\u00e3o, acolhimento e cuidado. Quando iluminamos nossas unidades, queremos lembrar cada mulher da import\u00e2ncia de se olhar, de se cuidar e de colocar a sa\u00fade como prioridade\u201d, destaca o oncologista.<\/p>\n<figure id=\"attachment_21301\" aria-describedby=\"caption-attachment-21301\" style=\"width: 300px\" class=\"wp-caption alignright\"><img loading=\"lazy\" decoding=\"async\" class=\"wp-image-21301 size-medium\" src=\"https:\/\/www.fsfx.com.br\/wp-content\/uploads\/2025\/10\/Unidade-de-Oncologia-do-Hospital-Marcio-Cunha-em-Ipatinga-1-300x169.jpg\" alt=\"\" width=\"300\" height=\"169\" \/><figcaption id=\"caption-attachment-21301\" class=\"wp-caption-text\">Unidade de Oncologia do Hospital M\u00e1rcio Cunha, em Ipatinga<\/figcaption><\/figure>\n<p>Neste Outubro Rosa, quando pr\u00e9dios s\u00e3o iluminados e hist\u00f3rias como a de Camila ganham voz, a mensagem \u00e9 que prevenir \u00e9 escolher viver: por voc\u00ea e pela sua fam\u00edlia. Amor-pr\u00f3prio, amor pela fam\u00edlia, amor pela vida.<\/p>\n<p>Portanto, \u00e9 importante que a cor rosa n\u00e3o seja lembrada apenas em outubro, mas todos os dias como um convite ao cuidado. Porque quanto antes o c\u00e2ncer de mama \u00e9 diagnosticado, maiores s\u00e3o as chances de vit\u00f3ria.<\/p>\n","protected":false},"excerpt":{"rendered":"<p>Unidade de Oncologia do Hospital M\u00e1rcio Cunha mostra a for\u00e7a da preven\u00e7\u00e3o contra o c\u00e2ncer de mama O m\u00eas de outubro traz consigo um movimento que vai al\u00e9m da cor rosa nas ruas e pr\u00e9dios: \u00e9 o chamado \u00e0 vida. O Outubro Rosa \u00e9 uma campanha global que busca conscientizar mulheres e fam\u00edlias sobre a [&hellip;]<\/p>\n","protected":false},"author":6,"featured_media":0,"comment_status":"closed","ping_status":"closed","sticky":false,"template":"","format":"standard","meta":{"_acf_changed":false,"site-sidebar-layout":"default","site-content-layout":"","ast-site-content-layout":"default","site-content-style":"default","site-sidebar-style":"default","ast-global-header-display":"","ast-banner-title-visibility":"","ast-main-header-display":"","ast-hfb-above-header-display":"","ast-hfb-below-header-display":"","ast-hfb-mobile-header-display":"","site-post-title":"","ast-breadcrumbs-content":"","ast-featured-img":"","footer-sml-layout":"","theme-transparent-header-meta":"","adv-header-id-meta":"","stick-header-meta":"","header-above-stick-meta":"","header-main-stick-meta":"","header-below-stick-meta":"","astra-migrate-meta-layouts":"default","ast-page-background-enabled":"default","ast-page-background-meta":{"desktop":{"background-color":"var(--ast-global-color-4)","background-image":"","background-repeat":"repeat","background-position":"center center","background-size":"auto","background-attachment":"scroll","background-type":"","background-media":"","overlay-type":"","overlay-color":"","overlay-opacity":"","overlay-gradient":""},"tablet":{"background-color":"","background-image":"","background-repeat":"repeat","background-position":"center center","background-size":"auto","background-attachment":"scroll","background-type":"","background-media":"","overlay-type":"","overlay-color":"","overlay-opacity":"","overlay-gradient":""},"mobile":{"background-color":"","background-image":"","background-repeat":"repeat","background-position":"center center","background-size":"auto","background-attachment":"scroll","background-type":"","background-media":"","overlay-type":"","overlay-color":"","overlay-opacity":"","overlay-gradient":""}},"ast-content-background-meta":{"desktop":{"background-color":"var(--ast-global-color-5)","background-image":"","background-repeat":"repeat","background-position":"center center","background-size":"auto","background-attachment":"scroll","background-type":"","background-media":"","overlay-type":"","overlay-color":"","overlay-opacity":"","overlay-gradient":""},"tablet":{"background-color":"var(--ast-global-color-5)","background-image":"","background-repeat":"repeat","background-position":"center center","background-size":"auto","background-attachment":"scroll","background-type":"","background-media":"","overlay-type":"","overlay-color":"","overlay-opacity":"","overlay-gradient":""},"mobile":{"background-color":"var(--ast-global-color-5)","background-image":"","background-repeat":"repeat","background-position":"center center","background-size":"auto","background-attachment":"scroll","background-type":"","background-media":"","overlay-type":"","overlay-color":"","overlay-opacity":"","overlay-gradient":""}},"footnotes":""},"categories":[21],"tags":[],"class_list":["post-8185","post","type-post","status-publish","format-standard","hentry","category-saude"],"acf":[],"yoast_head":"<!-- This site is optimized with the Yoast SEO plugin v26.9 - https:\/\/yoast.com\/product\/yoast-seo-wordpress\/ -->\n<title>Outubro Rosa: fachadas iluminadas, vidas transformadas - Hospital Municipal Carlos Chagas<\/title>\n<meta name=\"robots\" content=\"index, follow, max-snippet:-1, max-image-preview:large, max-video-preview:-1\" \/>\n<link rel=\"canonical\" href=\"https:\/\/www.fsfx.com.br\/hmcc\/outubro-rosa-fachadas-iluminadas-vidas-transformadas\/\" \/>\n<meta property=\"og:locale\" content=\"pt_BR\" \/>\n<meta property=\"og:type\" content=\"article\" \/>\n<meta property=\"og:title\" content=\"Outubro Rosa: fachadas iluminadas, vidas transformadas - Hospital Municipal Carlos Chagas\" \/>\n<meta property=\"og:description\" content=\"Unidade de Oncologia do Hospital M\u00e1rcio Cunha mostra a for\u00e7a da preven\u00e7\u00e3o contra o c\u00e2ncer de mama O m\u00eas de outubro traz consigo um movimento que vai al\u00e9m da cor rosa nas ruas e pr\u00e9dios: \u00e9 o chamado \u00e0 vida. O Outubro Rosa \u00e9 uma campanha global que busca conscientizar mulheres e fam\u00edlias sobre a [&hellip;]\" \/>\n<meta property=\"og:url\" content=\"https:\/\/www.fsfx.com.br\/hmcc\/outubro-rosa-fachadas-iluminadas-vidas-transformadas\/\" \/>\n<meta property=\"og:site_name\" content=\"Hospital Municipal Carlos Chagas\" \/>\n<meta property=\"article:published_time\" content=\"2025-10-03T19:51:52+00:00\" \/>\n<meta name=\"author\" content=\"C\u00e1ssio Santana\" \/>\n<meta name=\"twitter:card\" content=\"summary_large_image\" \/>\n<meta name=\"twitter:label1\" content=\"Escrito por\" \/>\n\t<meta name=\"twitter:data1\" content=\"C\u00e1ssio Santana\" \/>\n\t<meta name=\"twitter:label2\" content=\"Est. tempo de leitura\" \/>\n\t<meta name=\"twitter:data2\" content=\"6 minutos\" \/>\n<script type=\"application\/ld+json\" class=\"yoast-schema-graph\">{\"@context\":\"https:\/\/schema.org\",\"@graph\":[{\"@type\":\"Article\",\"@id\":\"https:\/\/www.fsfx.com.br\/hmcc\/outubro-rosa-fachadas-iluminadas-vidas-transformadas\/#article\",\"isPartOf\":{\"@id\":\"https:\/\/www.fsfx.com.br\/hmcc\/outubro-rosa-fachadas-iluminadas-vidas-transformadas\/\"},\"author\":{\"name\":\"C\u00e1ssio Santana\",\"@id\":\"https:\/\/www.fsfx.com.br\/hmcc\/#\/schema\/person\/6bf2cced2b7a5d5d78f5610fc8f52504\"},\"headline\":\"Outubro Rosa: fachadas iluminadas, vidas transformadas\",\"datePublished\":\"2025-10-03T19:51:52+00:00\",\"mainEntityOfPage\":{\"@id\":\"https:\/\/www.fsfx.com.br\/hmcc\/outubro-rosa-fachadas-iluminadas-vidas-transformadas\/\"},\"wordCount\":1007,\"publisher\":{\"@id\":\"https:\/\/www.fsfx.com.br\/hmcc\/#organization\"},\"image\":{\"@id\":\"https:\/\/www.fsfx.com.br\/hmcc\/outubro-rosa-fachadas-iluminadas-vidas-transformadas\/#primaryimage\"},\"thumbnailUrl\":\"https:\/\/www.fsfx.com.br\/wp-content\/uploads\/2025\/10\/Dr.-Luciano-Viana-Oncologista-do-HMC-300x200.jpg\",\"articleSection\":[\"Sa\u00fade\"],\"inLanguage\":\"pt-BR\"},{\"@type\":\"WebPage\",\"@id\":\"https:\/\/www.fsfx.com.br\/hmcc\/outubro-rosa-fachadas-iluminadas-vidas-transformadas\/\",\"url\":\"https:\/\/www.fsfx.com.br\/hmcc\/outubro-rosa-fachadas-iluminadas-vidas-transformadas\/\",\"name\":\"Outubro Rosa: fachadas iluminadas, vidas transformadas - Hospital Municipal Carlos Chagas\",\"isPartOf\":{\"@id\":\"https:\/\/www.fsfx.com.br\/hmcc\/#website\"},\"primaryImageOfPage\":{\"@id\":\"https:\/\/www.fsfx.com.br\/hmcc\/outubro-rosa-fachadas-iluminadas-vidas-transformadas\/#primaryimage\"},\"image\":{\"@id\":\"https:\/\/www.fsfx.com.br\/hmcc\/outubro-rosa-fachadas-iluminadas-vidas-transformadas\/#primaryimage\"},\"thumbnailUrl\":\"https:\/\/www.fsfx.com.br\/wp-content\/uploads\/2025\/10\/Dr.-Luciano-Viana-Oncologista-do-HMC-300x200.jpg\",\"datePublished\":\"2025-10-03T19:51:52+00:00\",\"breadcrumb\":{\"@id\":\"https:\/\/www.fsfx.com.br\/hmcc\/outubro-rosa-fachadas-iluminadas-vidas-transformadas\/#breadcrumb\"},\"inLanguage\":\"pt-BR\",\"potentialAction\":[{\"@type\":\"ReadAction\",\"target\":[\"https:\/\/www.fsfx.com.br\/hmcc\/outubro-rosa-fachadas-iluminadas-vidas-transformadas\/\"]}]},{\"@type\":\"ImageObject\",\"inLanguage\":\"pt-BR\",\"@id\":\"https:\/\/www.fsfx.com.br\/hmcc\/outubro-rosa-fachadas-iluminadas-vidas-transformadas\/#primaryimage\",\"url\":\"https:\/\/www.fsfx.com.br\/wp-content\/uploads\/2025\/10\/Dr.-Luciano-Viana-Oncologista-do-HMC-300x200.jpg\",\"contentUrl\":\"https:\/\/www.fsfx.com.br\/wp-content\/uploads\/2025\/10\/Dr.-Luciano-Viana-Oncologista-do-HMC-300x200.jpg\"},{\"@type\":\"BreadcrumbList\",\"@id\":\"https:\/\/www.fsfx.com.br\/hmcc\/outubro-rosa-fachadas-iluminadas-vidas-transformadas\/#breadcrumb\",\"itemListElement\":[{\"@type\":\"ListItem\",\"position\":1,\"name\":\"In\u00edcio\",\"item\":\"https:\/\/www.fsfx.com.br\/hmcc\/\"},{\"@type\":\"ListItem\",\"position\":2,\"name\":\"Outubro Rosa: fachadas iluminadas, vidas transformadas\"}]},{\"@type\":\"WebSite\",\"@id\":\"https:\/\/www.fsfx.com.br\/hmcc\/#website\",\"url\":\"https:\/\/www.fsfx.com.br\/hmcc\/\",\"name\":\"Hospital Municipal Carlos Chagas\",\"description\":\"Hospital geral, administrado pela Funda\u00e7\u00e3o S\u00e3o Francisco Xavier, com atendimento 100% por meio do Sistema \u00danico de Sa\u00fade.\",\"publisher\":{\"@id\":\"https:\/\/www.fsfx.com.br\/hmcc\/#organization\"},\"potentialAction\":[{\"@type\":\"SearchAction\",\"target\":{\"@type\":\"EntryPoint\",\"urlTemplate\":\"https:\/\/www.fsfx.com.br\/hmcc\/?s={search_term_string}\"},\"query-input\":{\"@type\":\"PropertyValueSpecification\",\"valueRequired\":true,\"valueName\":\"search_term_string\"}}],\"inLanguage\":\"pt-BR\"},{\"@type\":\"Organization\",\"@id\":\"https:\/\/www.fsfx.com.br\/hmcc\/#organization\",\"name\":\"HMCC - Hospital Municipal Carlos Chagas\",\"url\":\"https:\/\/www.fsfx.com.br\/hmcc\/\",\"logo\":{\"@type\":\"ImageObject\",\"inLanguage\":\"pt-BR\",\"@id\":\"https:\/\/www.fsfx.com.br\/hmcc\/#\/schema\/logo\/image\/\",\"url\":\"https:\/\/www.fsfx.com.br\/hmcc\/wp-content\/uploads\/sites\/5\/2022\/03\/logo-hmcc-sticky-header.png\",\"contentUrl\":\"https:\/\/www.fsfx.com.br\/hmcc\/wp-content\/uploads\/sites\/5\/2022\/03\/logo-hmcc-sticky-header.png\",\"width\":261,\"height\":47,\"caption\":\"HMCC - Hospital Municipal Carlos Chagas\"},\"image\":{\"@id\":\"https:\/\/www.fsfx.com.br\/hmcc\/#\/schema\/logo\/image\/\"}},{\"@type\":\"Person\",\"@id\":\"https:\/\/www.fsfx.com.br\/hmcc\/#\/schema\/person\/6bf2cced2b7a5d5d78f5610fc8f52504\",\"name\":\"C\u00e1ssio Santana\",\"image\":{\"@type\":\"ImageObject\",\"inLanguage\":\"pt-BR\",\"@id\":\"https:\/\/www.fsfx.com.br\/hmcc\/#\/schema\/person\/image\/\",\"url\":\"https:\/\/secure.gravatar.com\/avatar\/ef79739de3edd2f5c2e7c4930b0808c62af99fc5520eaadc7899948f8bc6d2e1?s=96&d=mm&r=g\",\"contentUrl\":\"https:\/\/secure.gravatar.com\/avatar\/ef79739de3edd2f5c2e7c4930b0808c62af99fc5520eaadc7899948f8bc6d2e1?s=96&d=mm&r=g\",\"caption\":\"C\u00e1ssio Santana\"},\"url\":\"https:\/\/www.fsfx.com.br\/hmcc\/author\/cassio\/\"}]}<\/script>\n<!-- \/ Yoast SEO plugin. -->","yoast_head_json":{"title":"Outubro Rosa: fachadas iluminadas, vidas transformadas - Hospital Municipal Carlos Chagas","robots":{"index":"index","follow":"follow","max-snippet":"max-snippet:-1","max-image-preview":"max-image-preview:large","max-video-preview":"max-video-preview:-1"},"canonical":"https:\/\/www.fsfx.com.br\/hmcc\/outubro-rosa-fachadas-iluminadas-vidas-transformadas\/","og_locale":"pt_BR","og_type":"article","og_title":"Outubro Rosa: fachadas iluminadas, vidas transformadas - Hospital Municipal Carlos Chagas","og_description":"Unidade de Oncologia do Hospital M\u00e1rcio Cunha mostra a for\u00e7a da preven\u00e7\u00e3o contra o c\u00e2ncer de mama O m\u00eas de outubro traz consigo um movimento que vai al\u00e9m da cor rosa nas ruas e pr\u00e9dios: \u00e9 o chamado \u00e0 vida. O Outubro Rosa \u00e9 uma campanha global que busca conscientizar mulheres e fam\u00edlias sobre a [&hellip;]","og_url":"https:\/\/www.fsfx.com.br\/hmcc\/outubro-rosa-fachadas-iluminadas-vidas-transformadas\/","og_site_name":"Hospital Municipal Carlos Chagas","article_published_time":"2025-10-03T19:51:52+00:00","author":"C\u00e1ssio Santana","twitter_card":"summary_large_image","twitter_misc":{"Escrito por":"C\u00e1ssio Santana","Est. tempo de leitura":"6 minutos"},"schema":{"@context":"https:\/\/schema.org","@graph":[{"@type":"Article","@id":"https:\/\/www.fsfx.com.br\/hmcc\/outubro-rosa-fachadas-iluminadas-vidas-transformadas\/#article","isPartOf":{"@id":"https:\/\/www.fsfx.com.br\/hmcc\/outubro-rosa-fachadas-iluminadas-vidas-transformadas\/"},"author":{"name":"C\u00e1ssio Santana","@id":"https:\/\/www.fsfx.com.br\/hmcc\/#\/schema\/person\/6bf2cced2b7a5d5d78f5610fc8f52504"},"headline":"Outubro Rosa: fachadas iluminadas, vidas transformadas","datePublished":"2025-10-03T19:51:52+00:00","mainEntityOfPage":{"@id":"https:\/\/www.fsfx.com.br\/hmcc\/outubro-rosa-fachadas-iluminadas-vidas-transformadas\/"},"wordCount":1007,"publisher":{"@id":"https:\/\/www.fsfx.com.br\/hmcc\/#organization"},"image":{"@id":"https:\/\/www.fsfx.com.br\/hmcc\/outubro-rosa-fachadas-iluminadas-vidas-transformadas\/#primaryimage"},"thumbnailUrl":"https:\/\/www.fsfx.com.br\/wp-content\/uploads\/2025\/10\/Dr.-Luciano-Viana-Oncologista-do-HMC-300x200.jpg","articleSection":["Sa\u00fade"],"inLanguage":"pt-BR"},{"@type":"WebPage","@id":"https:\/\/www.fsfx.com.br\/hmcc\/outubro-rosa-fachadas-iluminadas-vidas-transformadas\/","url":"https:\/\/www.fsfx.com.br\/hmcc\/outubro-rosa-fachadas-iluminadas-vidas-transformadas\/","name":"Outubro Rosa: fachadas iluminadas, vidas transformadas - Hospital Municipal Carlos Chagas","isPartOf":{"@id":"https:\/\/www.fsfx.com.br\/hmcc\/#website"},"primaryImageOfPage":{"@id":"https:\/\/www.fsfx.com.br\/hmcc\/outubro-rosa-fachadas-iluminadas-vidas-transformadas\/#primaryimage"},"image":{"@id":"https:\/\/www.fsfx.com.br\/hmcc\/outubro-rosa-fachadas-iluminadas-vidas-transformadas\/#primaryimage"},"thumbnailUrl":"https:\/\/www.fsfx.com.br\/wp-content\/uploads\/2025\/10\/Dr.-Luciano-Viana-Oncologista-do-HMC-300x200.jpg","datePublished":"2025-10-03T19:51:52+00:00","breadcrumb":{"@id":"https:\/\/www.fsfx.com.br\/hmcc\/outubro-rosa-fachadas-iluminadas-vidas-transformadas\/#breadcrumb"},"inLanguage":"pt-BR","potentialAction":[{"@type":"ReadAction","target":["https:\/\/www.fsfx.com.br\/hmcc\/outubro-rosa-fachadas-iluminadas-vidas-transformadas\/"]}]},{"@type":"ImageObject","inLanguage":"pt-BR","@id":"https:\/\/www.fsfx.com.br\/hmcc\/outubro-rosa-fachadas-iluminadas-vidas-transformadas\/#primaryimage","url":"https:\/\/www.fsfx.com.br\/wp-content\/uploads\/2025\/10\/Dr.-Luciano-Viana-Oncologista-do-HMC-300x200.jpg","contentUrl":"https:\/\/www.fsfx.com.br\/wp-content\/uploads\/2025\/10\/Dr.-Luciano-Viana-Oncologista-do-HMC-300x200.jpg"},{"@type":"BreadcrumbList","@id":"https:\/\/www.fsfx.com.br\/hmcc\/outubro-rosa-fachadas-iluminadas-vidas-transformadas\/#breadcrumb","itemListElement":[{"@type":"ListItem","position":1,"name":"In\u00edcio","item":"https:\/\/www.fsfx.com.br\/hmcc\/"},{"@type":"ListItem","position":2,"name":"Outubro Rosa: fachadas iluminadas, vidas transformadas"}]},{"@type":"WebSite","@id":"https:\/\/www.fsfx.com.br\/hmcc\/#website","url":"https:\/\/www.fsfx.com.br\/hmcc\/","name":"Hospital Municipal Carlos Chagas","description":"Hospital geral, administrado pela Funda\u00e7\u00e3o S\u00e3o Francisco Xavier, com atendimento 100% por meio do Sistema \u00danico de Sa\u00fade.","publisher":{"@id":"https:\/\/www.fsfx.com.br\/hmcc\/#organization"},"potentialAction":[{"@type":"SearchAction","target":{"@type":"EntryPoint","urlTemplate":"https:\/\/www.fsfx.com.br\/hmcc\/?s={search_term_string}"},"query-input":{"@type":"PropertyValueSpecification","valueRequired":true,"valueName":"search_term_string"}}],"inLanguage":"pt-BR"},{"@type":"Organization","@id":"https:\/\/www.fsfx.com.br\/hmcc\/#organization","name":"HMCC - Hospital Municipal Carlos Chagas","url":"https:\/\/www.fsfx.com.br\/hmcc\/","logo":{"@type":"ImageObject","inLanguage":"pt-BR","@id":"https:\/\/www.fsfx.com.br\/hmcc\/#\/schema\/logo\/image\/","url":"https:\/\/www.fsfx.com.br\/hmcc\/wp-content\/uploads\/sites\/5\/2022\/03\/logo-hmcc-sticky-header.png","contentUrl":"https:\/\/www.fsfx.com.br\/hmcc\/wp-content\/uploads\/sites\/5\/2022\/03\/logo-hmcc-sticky-header.png","width":261,"height":47,"caption":"HMCC - Hospital Municipal Carlos Chagas"},"image":{"@id":"https:\/\/www.fsfx.com.br\/hmcc\/#\/schema\/logo\/image\/"}},{"@type":"Person","@id":"https:\/\/www.fsfx.com.br\/hmcc\/#\/schema\/person\/6bf2cced2b7a5d5d78f5610fc8f52504","name":"C\u00e1ssio Santana","image":{"@type":"ImageObject","inLanguage":"pt-BR","@id":"https:\/\/www.fsfx.com.br\/hmcc\/#\/schema\/person\/image\/","url":"https:\/\/secure.gravatar.com\/avatar\/ef79739de3edd2f5c2e7c4930b0808c62af99fc5520eaadc7899948f8bc6d2e1?s=96&d=mm&r=g","contentUrl":"https:\/\/secure.gravatar.com\/avatar\/ef79739de3edd2f5c2e7c4930b0808c62af99fc5520eaadc7899948f8bc6d2e1?s=96&d=mm&r=g","caption":"C\u00e1ssio Santana"},"url":"https:\/\/www.fsfx.com.br\/hmcc\/author\/cassio\/"}]}},"_links":{"self":[{"href":"https:\/\/www.fsfx.com.br\/hmcc\/wp-json\/wp\/v2\/posts\/8185","targetHints":{"allow":["GET"]}}],"collection":[{"href":"https:\/\/www.fsfx.com.br\/hmcc\/wp-json\/wp\/v2\/posts"}],"about":[{"href":"https:\/\/www.fsfx.com.br\/hmcc\/wp-json\/wp\/v2\/types\/post"}],"author":[{"embeddable":true,"href":"https:\/\/www.fsfx.com.br\/hmcc\/wp-json\/wp\/v2\/users\/6"}],"replies":[{"embeddable":true,"href":"https:\/\/www.fsfx.com.br\/hmcc\/wp-json\/wp\/v2\/comments?post=8185"}],"version-history":[{"count":1,"href":"https:\/\/www.fsfx.com.br\/hmcc\/wp-json\/wp\/v2\/posts\/8185\/revisions"}],"predecessor-version":[{"id":8187,"href":"https:\/\/www.fsfx.com.br\/hmcc\/wp-json\/wp\/v2\/posts\/8185\/revisions\/8187"}],"wp:attachment":[{"href":"https:\/\/www.fsfx.com.br\/hmcc\/wp-json\/wp\/v2\/media?parent=8185"}],"wp:term":[{"taxonomy":"category","embeddable":true,"href":"https:\/\/www.fsfx.com.br\/hmcc\/wp-json\/wp\/v2\/categories?post=8185"},{"taxonomy":"post_tag","embeddable":true,"href":"https:\/\/www.fsfx.com.br\/hmcc\/wp-json\/wp\/v2\/tags?post=8185"}],"curies":[{"name":"wp","href":"https:\/\/api.w.org\/{rel}","templated":true}]}}