{"id":10206,"date":"2022-12-05T13:42:35","date_gmt":"2022-12-05T16:42:35","guid":{"rendered":"https:\/\/www.fsfx.com.br\/hospital-marcio-cunha\/?p=10206"},"modified":"2022-12-05T13:42:35","modified_gmt":"2022-12-05T16:42:35","slug":"fundacao-sao-francisco-xavier-e-usiminas-participam-de-pesquisa-internacional-que-compara-a-resposta-de-anticorpos-de-sete-vacina-contra-covid-19","status":"publish","type":"post","link":"https:\/\/www.fsfx.com.br\/hospital-marcio-cunha\/fundacao-sao-francisco-xavier-e-usiminas-participam-de-pesquisa-internacional-que-compara-a-resposta-de-anticorpos-de-sete-vacina-contra-covid-19\/","title":{"rendered":"Funda\u00e7\u00e3o S\u00e3o Francisco Xavier e Usiminas participam de pesquisa internacional que compara a resposta de anticorpos de sete vacina contra covid-19"},"content":{"rendered":"<p style=\"text-align: center\"><em>Os dados coletados pelo Grupo Techint em tr\u00eas continentes mostram que todas as vacinas geraram anticorpos e s\u00e3o bem toleradas, incluindo Sputnik e Coronavac. A compara\u00e7\u00e3o foi poss\u00edvel gra\u00e7as a uma metodologia diagn\u00f3stica padr\u00e3o. Uma iniciativa \u00fanica neste segmento para acompanhar as campanhas de vacina\u00e7\u00e3o e verificar a seguran\u00e7a dos funcion\u00e1rios e colaboradores.<\/em><\/p>\n<p>Foram publicados no <em>Frontiers in Immunology<\/em> os resultados do estudo realizado simultaneamente em quatro pa\u00edses, Argentina, Brasil, It\u00e1lia e M\u00e9xico, envolvendo quase 2000 funcion\u00e1rios das empresas do Grupo Techint, com o objetivo de verificar a efetividade da imuniza\u00e7\u00e3o e, portanto, a seguran\u00e7a ap\u00f3s a vacina\u00e7\u00e3o contra a Covid-19, avaliar a efic\u00e1cia das vacinas aprovadas e estimar a dura\u00e7\u00e3o dos n\u00edveis de anticorpos no sangue.<\/p>\n<p>A peculiaridade do estudo \u00e9 que foi poss\u00edvel comparar os dados internacionais gra\u00e7as a um protocolo cl\u00ednico uniforme, com o mesmo momento de aquisi\u00e7\u00e3o das amostras de sangue e um \u00fanico teste de diagn\u00f3stico para todos os sete tipos de vacinas utilizadas nos diversos pa\u00edses: mRna, DNA, vetor viral e vacinas \u00e0 base de v\u00edrus inativos, em dose \u00fanica e bidose.<\/p>\n<p>O estudo foi coordenado pelo Humanitas com o Hospital Clinica Nova de Monterrey, no M\u00e9xico, e a rede hospitalar da Funda\u00e7\u00e3o S\u00e3o Francisco Xavier, no Brasil.<\/p>\n<p>Por meio do N\u00facleo de Ensino, Pesquisa, Extens\u00e3o e Inova\u00e7\u00e3o (<em><strong>NEPEI), participaram dos testes, cerca de 600 colaboradores da FSFX e Usiminas. <\/strong><\/em><\/p>\n<p>O resultado \u00e9 uma amostra capaz de comparar diferentes vacinas e a resposta que elas conseguiram ativar diante do desenvolvimento de qualquer evento adverso, antes da chegada da variante \u00d4micron de Sars-CoV-2 (a administra\u00e7\u00e3o da dose de refor\u00e7o est\u00e1 fora do escopo do estudo).<\/p>\n<p>\u201cOs dados que surgem \u2013 explica a professora Maria Rescigno, docente de patologia geral e vice-reitora respons\u00e1vel por pesquisa na Universidade Humanitas, que coordenou o trabalho no qual tamb\u00e9m participou a Dra. Elena Azzolini, respons\u00e1vel pelo Centro de Vacina\u00e7\u00e3o Humanitas \u2013 nos dizem que todas as vacinas induziram uma resposta de anticorpos, incluindo Sputnik e Coronavac. A amostra diz respeito ao SARS-CoV-2 at\u00e9 a chegada da variante Delta. Como o estudo ainda est\u00e1 em andamento, no futuro tamb\u00e9m poderemos avaliar a efic\u00e1cia das diversas vacinas na prote\u00e7\u00e3o contra a doen\u00e7a\u201d.<\/p>\n<p>Os dados coletados tamb\u00e9m inclu\u00edram os eventos adversos relacionados \u00e0 capacidade das vacinas de induzir uma resposta de anticorpos. Verificou-se que quanto maior a resposta de anticorpos, como nas vacinas Moderna e Pfizer-BioNTech, mais efeitos colaterais foram registrados, principalmente febre, dor no bra\u00e7o, dor de cabe\u00e7a e fadiga. Coronavac e Sputnik, por outro lado, s\u00e3o caracterizadas por terem poucos efeitos colaterais.<\/p>\n<p>\u201cEste \u00e9 realmente um grande esfor\u00e7o coordenado de equipe \u2013 explica Mauro Teixeira, professor de imunologia da Universidade Federal de Minas Gerais, Brasil -. O estudo nos permite comparar as respostas imunes \u00e0s v\u00e1rias vacinas ao redor do mundo. Esse tipo de conhecimento \u00e9 fundamental para informar as pessoas sobre a efic\u00e1cia comparativa das vacinas e ajuda a desenhar estudos que definir\u00e3o os melhores calend\u00e1rios vacinais que permanecer\u00e3o no futuro\u201d.<\/p>\n<p>\u201cEste \u00e9 um extraordin\u00e1rio trabalho de pesquisa, no qual tivemos a oportunidade de avaliar e comparar as respostas imunes das vacinas mais importantes e de maior circula\u00e7\u00e3o a n\u00edvel mundial, obtendo informa\u00e7\u00e3o s\u00f3lida e consistente enquanto \u00e0 seguran\u00e7a e a efetividade contra o SARS-CoV-2 &#8211; diz Miguel Sanz, m\u00e9dico diretor do Hospital Cl\u00ednica Nova, no M\u00e9xico -. Al\u00e9m disso, este \u00e9 o primeiro estudo que publicamos em colabora\u00e7\u00e3o com as institui\u00e7\u00f5es sanit\u00e1rias do Grupo Techint e estamos muito contentes com os resultados\u201d.<\/p>\n<p><strong>O estudo: um m\u00e9todo padronizado para obter dados compar\u00e1veis<\/strong><\/p>\n<p>O protocolo do estudo, que ainda est\u00e1 em andamento, prev\u00ea 5 amostras de sangue para cada pessoa de acordo com um cronograma preciso: imediatamente antes da primeira dose e da segunda dose, 21 dias ap\u00f3s a segunda dose, 6 meses ap\u00f3s a segunda dose, 12 meses ap\u00f3s a segunda dose.<\/p>\n<p>Os investigadores dos 4 pa\u00edses utilizaram o mesmo tipo de teste, particularmente sens\u00edvel, e com um range de avalia\u00e7\u00e3o muito amplo, capaz de &#8220;n\u00e3o achatar&#8221; os dados relativos a limiares elevados de anticorpos no sangue, de modo a poder tamb\u00e9m comparar respostas com amplitudes diferentes.<\/p>\n<p>LINK DOI: <a href=\"https:\/\/doi.org\/10.3389\/fimmu.2022.894277\">https:\/\/doi.org\/10.3389\/fimmu.2022.894277<\/a><\/p>\n","protected":false},"excerpt":{"rendered":"<p>Os dados coletados pelo Grupo Techint em tr\u00eas continentes mostram que todas as vacinas geraram anticorpos e s\u00e3o bem toleradas, incluindo Sputnik e Coronavac. A compara\u00e7\u00e3o foi poss\u00edvel gra\u00e7as a uma metodologia diagn\u00f3stica padr\u00e3o. Uma iniciativa \u00fanica neste segmento para acompanhar as campanhas de vacina\u00e7\u00e3o e verificar a seguran\u00e7a dos funcion\u00e1rios e colaboradores. Foram publicados [&hellip;]<\/p>\n","protected":false},"author":6,"featured_media":10207,"comment_status":"open","ping_status":"open","sticky":false,"template":"","format":"standard","meta":{"_acf_changed":false,"site-sidebar-layout":"default","site-content-layout":"","ast-site-content-layout":"default","site-content-style":"default","site-sidebar-style":"default","ast-global-header-display":"","ast-banner-title-visibility":"","ast-main-header-display":"","ast-hfb-above-header-display":"","ast-hfb-below-header-display":"","ast-hfb-mobile-header-display":"","site-post-title":"","ast-breadcrumbs-content":"","ast-featured-img":"","footer-sml-layout":"","theme-transparent-header-meta":"","adv-header-id-meta":"","stick-header-meta":"","header-above-stick-meta":"","header-main-stick-meta":"","header-below-stick-meta":"","astra-migrate-meta-layouts":"default","ast-page-background-enabled":"default","ast-page-background-meta":{"desktop":{"background-color":"var(--ast-global-color-4)","background-image":"","background-repeat":"repeat","background-position":"center center","background-size":"auto","background-attachment":"scroll","background-type":"","background-media":"","overlay-type":"","overlay-color":"","overlay-opacity":"","overlay-gradient":""},"tablet":{"background-color":"","background-image":"","background-repeat":"repeat","background-position":"center center","background-size":"auto","background-attachment":"scroll","background-type":"","background-media":"","overlay-type":"","overlay-color":"","overlay-opacity":"","overlay-gradient":""},"mobile":{"background-color":"","background-image":"","background-repeat":"repeat","background-position":"center center","background-size":"auto","background-attachment":"scroll","background-type":"","background-media":"","overlay-type":"","overlay-color":"","overlay-opacity":"","overlay-gradient":""}},"ast-content-background-meta":{"desktop":{"background-color":"var(--ast-global-color-5)","background-image":"","background-repeat":"repeat","background-position":"center center","background-size":"auto","background-attachment":"scroll","background-type":"","background-media":"","overlay-type":"","overlay-color":"","overlay-opacity":"","overlay-gradient":""},"tablet":{"background-color":"var(--ast-global-color-5)","background-image":"","background-repeat":"repeat","background-position":"center center","background-size":"auto","background-attachment":"scroll","background-type":"","background-media":"","overlay-type":"","overlay-color":"","overlay-opacity":"","overlay-gradient":""},"mobile":{"background-color":"var(--ast-global-color-5)","background-image":"","background-repeat":"repeat","background-position":"center center","background-size":"auto","background-attachment":"scroll","background-type":"","background-media":"","overlay-type":"","overlay-color":"","overlay-opacity":"","overlay-gradient":""}},"footnotes":""},"categories":[1],"tags":[],"class_list":["post-10206","post","type-post","status-publish","format-standard","has-post-thumbnail","hentry","category-sem-categoria"],"acf":[],"yoast_head":"<!-- This site is optimized with the Yoast SEO plugin v26.9 - https:\/\/yoast.com\/product\/yoast-seo-wordpress\/ -->\n<title>Funda\u00e7\u00e3o S\u00e3o Francisco Xavier e Usiminas participam de pesquisa internacional que compara a resposta de anticorpos de sete vacina contra covid-19 - Hospital M\u00e1rcio Cunha<\/title>\n<meta name=\"robots\" content=\"index, follow, max-snippet:-1, max-image-preview:large, max-video-preview:-1\" \/>\n<link rel=\"canonical\" href=\"https:\/\/www.fsfx.com.br\/hospital-marcio-cunha\/fundacao-sao-francisco-xavier-e-usiminas-participam-de-pesquisa-internacional-que-compara-a-resposta-de-anticorpos-de-sete-vacina-contra-covid-19\/\" \/>\n<meta property=\"og:locale\" content=\"pt_BR\" \/>\n<meta property=\"og:type\" content=\"article\" \/>\n<meta property=\"og:title\" content=\"Funda\u00e7\u00e3o S\u00e3o Francisco Xavier e Usiminas participam de pesquisa internacional que compara a resposta de anticorpos de sete vacina contra covid-19 - Hospital M\u00e1rcio Cunha\" \/>\n<meta property=\"og:description\" content=\"Os dados coletados pelo Grupo Techint em tr\u00eas continentes mostram que todas as vacinas geraram anticorpos e s\u00e3o bem toleradas, incluindo Sputnik e Coronavac. A compara\u00e7\u00e3o foi poss\u00edvel gra\u00e7as a uma metodologia diagn\u00f3stica padr\u00e3o. Uma iniciativa \u00fanica neste segmento para acompanhar as campanhas de vacina\u00e7\u00e3o e verificar a seguran\u00e7a dos funcion\u00e1rios e colaboradores. Foram publicados [&hellip;]\" \/>\n<meta property=\"og:url\" content=\"https:\/\/www.fsfx.com.br\/hospital-marcio-cunha\/fundacao-sao-francisco-xavier-e-usiminas-participam-de-pesquisa-internacional-que-compara-a-resposta-de-anticorpos-de-sete-vacina-contra-covid-19\/\" \/>\n<meta property=\"og:site_name\" content=\"Hospital M\u00e1rcio Cunha\" \/>\n<meta property=\"article:published_time\" content=\"2022-12-05T16:42:35+00:00\" \/>\n<meta property=\"og:image\" content=\"https:\/\/www.fsfx.com.br\/hospital-marcio-cunha\/wp-content\/uploads\/sites\/9\/2022\/12\/Aerea_1-scaled.jpg\" \/>\n\t<meta property=\"og:image:width\" content=\"2560\" \/>\n\t<meta property=\"og:image:height\" content=\"1440\" \/>\n\t<meta property=\"og:image:type\" content=\"image\/jpeg\" \/>\n<meta name=\"author\" content=\"C\u00e1ssio Santana\" \/>\n<meta name=\"twitter:card\" content=\"summary_large_image\" \/>\n<meta name=\"twitter:label1\" content=\"Escrito por\" \/>\n\t<meta name=\"twitter:data1\" content=\"C\u00e1ssio Santana\" \/>\n\t<meta name=\"twitter:label2\" content=\"Est. tempo de leitura\" \/>\n\t<meta name=\"twitter:data2\" content=\"4 minutos\" \/>\n<script type=\"application\/ld+json\" class=\"yoast-schema-graph\">{\"@context\":\"https:\/\/schema.org\",\"@graph\":[{\"@type\":\"Article\",\"@id\":\"https:\/\/www.fsfx.com.br\/hospital-marcio-cunha\/fundacao-sao-francisco-xavier-e-usiminas-participam-de-pesquisa-internacional-que-compara-a-resposta-de-anticorpos-de-sete-vacina-contra-covid-19\/#article\",\"isPartOf\":{\"@id\":\"https:\/\/www.fsfx.com.br\/hospital-marcio-cunha\/fundacao-sao-francisco-xavier-e-usiminas-participam-de-pesquisa-internacional-que-compara-a-resposta-de-anticorpos-de-sete-vacina-contra-covid-19\/\"},\"author\":{\"name\":\"C\u00e1ssio Santana\",\"@id\":\"https:\/\/www.fsfx.com.br\/hospital-marcio-cunha\/#\/schema\/person\/6bf2cced2b7a5d5d78f5610fc8f52504\"},\"headline\":\"Funda\u00e7\u00e3o S\u00e3o Francisco Xavier e Usiminas participam de pesquisa internacional que compara a resposta de anticorpos de sete vacina contra covid-19\",\"datePublished\":\"2022-12-05T16:42:35+00:00\",\"mainEntityOfPage\":{\"@id\":\"https:\/\/www.fsfx.com.br\/hospital-marcio-cunha\/fundacao-sao-francisco-xavier-e-usiminas-participam-de-pesquisa-internacional-que-compara-a-resposta-de-anticorpos-de-sete-vacina-contra-covid-19\/\"},\"wordCount\":765,\"commentCount\":0,\"publisher\":{\"@id\":\"https:\/\/www.fsfx.com.br\/hospital-marcio-cunha\/#organization\"},\"image\":{\"@id\":\"https:\/\/www.fsfx.com.br\/hospital-marcio-cunha\/fundacao-sao-francisco-xavier-e-usiminas-participam-de-pesquisa-internacional-que-compara-a-resposta-de-anticorpos-de-sete-vacina-contra-covid-19\/#primaryimage\"},\"thumbnailUrl\":\"https:\/\/www.fsfx.com.br\/hospital-marcio-cunha\/wp-content\/uploads\/sites\/9\/2022\/12\/Aerea_1-scaled.jpg\",\"inLanguage\":\"pt-BR\",\"potentialAction\":[{\"@type\":\"CommentAction\",\"name\":\"Comment\",\"target\":[\"https:\/\/www.fsfx.com.br\/hospital-marcio-cunha\/fundacao-sao-francisco-xavier-e-usiminas-participam-de-pesquisa-internacional-que-compara-a-resposta-de-anticorpos-de-sete-vacina-contra-covid-19\/#respond\"]}]},{\"@type\":\"WebPage\",\"@id\":\"https:\/\/www.fsfx.com.br\/hospital-marcio-cunha\/fundacao-sao-francisco-xavier-e-usiminas-participam-de-pesquisa-internacional-que-compara-a-resposta-de-anticorpos-de-sete-vacina-contra-covid-19\/\",\"url\":\"https:\/\/www.fsfx.com.br\/hospital-marcio-cunha\/fundacao-sao-francisco-xavier-e-usiminas-participam-de-pesquisa-internacional-que-compara-a-resposta-de-anticorpos-de-sete-vacina-contra-covid-19\/\",\"name\":\"Funda\u00e7\u00e3o S\u00e3o Francisco Xavier e Usiminas participam de pesquisa internacional que compara a resposta de anticorpos de sete vacina contra covid-19 - Hospital M\u00e1rcio Cunha\",\"isPartOf\":{\"@id\":\"https:\/\/www.fsfx.com.br\/hospital-marcio-cunha\/#website\"},\"primaryImageOfPage\":{\"@id\":\"https:\/\/www.fsfx.com.br\/hospital-marcio-cunha\/fundacao-sao-francisco-xavier-e-usiminas-participam-de-pesquisa-internacional-que-compara-a-resposta-de-anticorpos-de-sete-vacina-contra-covid-19\/#primaryimage\"},\"image\":{\"@id\":\"https:\/\/www.fsfx.com.br\/hospital-marcio-cunha\/fundacao-sao-francisco-xavier-e-usiminas-participam-de-pesquisa-internacional-que-compara-a-resposta-de-anticorpos-de-sete-vacina-contra-covid-19\/#primaryimage\"},\"thumbnailUrl\":\"https:\/\/www.fsfx.com.br\/hospital-marcio-cunha\/wp-content\/uploads\/sites\/9\/2022\/12\/Aerea_1-scaled.jpg\",\"datePublished\":\"2022-12-05T16:42:35+00:00\",\"breadcrumb\":{\"@id\":\"https:\/\/www.fsfx.com.br\/hospital-marcio-cunha\/fundacao-sao-francisco-xavier-e-usiminas-participam-de-pesquisa-internacional-que-compara-a-resposta-de-anticorpos-de-sete-vacina-contra-covid-19\/#breadcrumb\"},\"inLanguage\":\"pt-BR\",\"potentialAction\":[{\"@type\":\"ReadAction\",\"target\":[\"https:\/\/www.fsfx.com.br\/hospital-marcio-cunha\/fundacao-sao-francisco-xavier-e-usiminas-participam-de-pesquisa-internacional-que-compara-a-resposta-de-anticorpos-de-sete-vacina-contra-covid-19\/\"]}]},{\"@type\":\"ImageObject\",\"inLanguage\":\"pt-BR\",\"@id\":\"https:\/\/www.fsfx.com.br\/hospital-marcio-cunha\/fundacao-sao-francisco-xavier-e-usiminas-participam-de-pesquisa-internacional-que-compara-a-resposta-de-anticorpos-de-sete-vacina-contra-covid-19\/#primaryimage\",\"url\":\"https:\/\/www.fsfx.com.br\/hospital-marcio-cunha\/wp-content\/uploads\/sites\/9\/2022\/12\/Aerea_1-scaled.jpg\",\"contentUrl\":\"https:\/\/www.fsfx.com.br\/hospital-marcio-cunha\/wp-content\/uploads\/sites\/9\/2022\/12\/Aerea_1-scaled.jpg\",\"width\":2560,\"height\":1440},{\"@type\":\"BreadcrumbList\",\"@id\":\"https:\/\/www.fsfx.com.br\/hospital-marcio-cunha\/fundacao-sao-francisco-xavier-e-usiminas-participam-de-pesquisa-internacional-que-compara-a-resposta-de-anticorpos-de-sete-vacina-contra-covid-19\/#breadcrumb\",\"itemListElement\":[{\"@type\":\"ListItem\",\"position\":1,\"name\":\"In\u00edcio\",\"item\":\"https:\/\/www.fsfx.com.br\/hospital-marcio-cunha\/\"},{\"@type\":\"ListItem\",\"position\":2,\"name\":\"Funda\u00e7\u00e3o S\u00e3o Francisco Xavier e Usiminas participam de pesquisa internacional que compara a resposta de anticorpos de sete vacina contra covid-19\"}]},{\"@type\":\"WebSite\",\"@id\":\"https:\/\/www.fsfx.com.br\/hospital-marcio-cunha\/#website\",\"url\":\"https:\/\/www.fsfx.com.br\/hospital-marcio-cunha\/\",\"name\":\"Hospital M\u00e1rcio Cunha\",\"description\":\"O Hospital M\u00e1rcio Cunha (HMC) \u00e9 um hospital geral de alta complexidade, com 558 leitos e tr\u00eas unidades, sendo uma unidade exclusiva para o tratamento oncol\u00f3gico.\",\"publisher\":{\"@id\":\"https:\/\/www.fsfx.com.br\/hospital-marcio-cunha\/#organization\"},\"potentialAction\":[{\"@type\":\"SearchAction\",\"target\":{\"@type\":\"EntryPoint\",\"urlTemplate\":\"https:\/\/www.fsfx.com.br\/hospital-marcio-cunha\/?s={search_term_string}\"},\"query-input\":{\"@type\":\"PropertyValueSpecification\",\"valueRequired\":true,\"valueName\":\"search_term_string\"}}],\"inLanguage\":\"pt-BR\"},{\"@type\":\"Organization\",\"@id\":\"https:\/\/www.fsfx.com.br\/hospital-marcio-cunha\/#organization\",\"name\":\"HMC - Hospital M\u00e1rcio Cunha\",\"url\":\"https:\/\/www.fsfx.com.br\/hospital-marcio-cunha\/\",\"logo\":{\"@type\":\"ImageObject\",\"inLanguage\":\"pt-BR\",\"@id\":\"https:\/\/www.fsfx.com.br\/hospital-marcio-cunha\/#\/schema\/logo\/image\/\",\"url\":\"https:\/\/www.fsfx.com.br\/hospital-marcio-cunha\/wp-content\/uploads\/sites\/9\/2022\/04\/logo-hmc-color.png\",\"contentUrl\":\"https:\/\/www.fsfx.com.br\/hospital-marcio-cunha\/wp-content\/uploads\/sites\/9\/2022\/04\/logo-hmc-color.png\",\"width\":264,\"height\":59,\"caption\":\"HMC - Hospital M\u00e1rcio Cunha\"},\"image\":{\"@id\":\"https:\/\/www.fsfx.com.br\/hospital-marcio-cunha\/#\/schema\/logo\/image\/\"}},{\"@type\":\"Person\",\"@id\":\"https:\/\/www.fsfx.com.br\/hospital-marcio-cunha\/#\/schema\/person\/6bf2cced2b7a5d5d78f5610fc8f52504\",\"name\":\"C\u00e1ssio Santana\",\"image\":{\"@type\":\"ImageObject\",\"inLanguage\":\"pt-BR\",\"@id\":\"https:\/\/www.fsfx.com.br\/hospital-marcio-cunha\/#\/schema\/person\/image\/\",\"url\":\"https:\/\/secure.gravatar.com\/avatar\/ef79739de3edd2f5c2e7c4930b0808c62af99fc5520eaadc7899948f8bc6d2e1?s=96&d=mm&r=g\",\"contentUrl\":\"https:\/\/secure.gravatar.com\/avatar\/ef79739de3edd2f5c2e7c4930b0808c62af99fc5520eaadc7899948f8bc6d2e1?s=96&d=mm&r=g\",\"caption\":\"C\u00e1ssio Santana\"},\"url\":\"https:\/\/www.fsfx.com.br\/hospital-marcio-cunha\/author\/cassio\/\"}]}<\/script>\n<!-- \/ Yoast SEO plugin. -->","yoast_head_json":{"title":"Funda\u00e7\u00e3o S\u00e3o Francisco Xavier e Usiminas participam de pesquisa internacional que compara a resposta de anticorpos de sete vacina contra covid-19 - Hospital M\u00e1rcio Cunha","robots":{"index":"index","follow":"follow","max-snippet":"max-snippet:-1","max-image-preview":"max-image-preview:large","max-video-preview":"max-video-preview:-1"},"canonical":"https:\/\/www.fsfx.com.br\/hospital-marcio-cunha\/fundacao-sao-francisco-xavier-e-usiminas-participam-de-pesquisa-internacional-que-compara-a-resposta-de-anticorpos-de-sete-vacina-contra-covid-19\/","og_locale":"pt_BR","og_type":"article","og_title":"Funda\u00e7\u00e3o S\u00e3o Francisco Xavier e Usiminas participam de pesquisa internacional que compara a resposta de anticorpos de sete vacina contra covid-19 - Hospital M\u00e1rcio Cunha","og_description":"Os dados coletados pelo Grupo Techint em tr\u00eas continentes mostram que todas as vacinas geraram anticorpos e s\u00e3o bem toleradas, incluindo Sputnik e Coronavac. A compara\u00e7\u00e3o foi poss\u00edvel gra\u00e7as a uma metodologia diagn\u00f3stica padr\u00e3o. Uma iniciativa \u00fanica neste segmento para acompanhar as campanhas de vacina\u00e7\u00e3o e verificar a seguran\u00e7a dos funcion\u00e1rios e colaboradores. Foram publicados [&hellip;]","og_url":"https:\/\/www.fsfx.com.br\/hospital-marcio-cunha\/fundacao-sao-francisco-xavier-e-usiminas-participam-de-pesquisa-internacional-que-compara-a-resposta-de-anticorpos-de-sete-vacina-contra-covid-19\/","og_site_name":"Hospital M\u00e1rcio Cunha","article_published_time":"2022-12-05T16:42:35+00:00","og_image":[{"width":2560,"height":1440,"url":"https:\/\/www.fsfx.com.br\/hospital-marcio-cunha\/wp-content\/uploads\/sites\/9\/2022\/12\/Aerea_1-scaled.jpg","type":"image\/jpeg"}],"author":"C\u00e1ssio Santana","twitter_card":"summary_large_image","twitter_misc":{"Escrito por":"C\u00e1ssio Santana","Est. tempo de leitura":"4 minutos"},"schema":{"@context":"https:\/\/schema.org","@graph":[{"@type":"Article","@id":"https:\/\/www.fsfx.com.br\/hospital-marcio-cunha\/fundacao-sao-francisco-xavier-e-usiminas-participam-de-pesquisa-internacional-que-compara-a-resposta-de-anticorpos-de-sete-vacina-contra-covid-19\/#article","isPartOf":{"@id":"https:\/\/www.fsfx.com.br\/hospital-marcio-cunha\/fundacao-sao-francisco-xavier-e-usiminas-participam-de-pesquisa-internacional-que-compara-a-resposta-de-anticorpos-de-sete-vacina-contra-covid-19\/"},"author":{"name":"C\u00e1ssio Santana","@id":"https:\/\/www.fsfx.com.br\/hospital-marcio-cunha\/#\/schema\/person\/6bf2cced2b7a5d5d78f5610fc8f52504"},"headline":"Funda\u00e7\u00e3o S\u00e3o Francisco Xavier e Usiminas participam de pesquisa internacional que compara a resposta de anticorpos de sete vacina contra covid-19","datePublished":"2022-12-05T16:42:35+00:00","mainEntityOfPage":{"@id":"https:\/\/www.fsfx.com.br\/hospital-marcio-cunha\/fundacao-sao-francisco-xavier-e-usiminas-participam-de-pesquisa-internacional-que-compara-a-resposta-de-anticorpos-de-sete-vacina-contra-covid-19\/"},"wordCount":765,"commentCount":0,"publisher":{"@id":"https:\/\/www.fsfx.com.br\/hospital-marcio-cunha\/#organization"},"image":{"@id":"https:\/\/www.fsfx.com.br\/hospital-marcio-cunha\/fundacao-sao-francisco-xavier-e-usiminas-participam-de-pesquisa-internacional-que-compara-a-resposta-de-anticorpos-de-sete-vacina-contra-covid-19\/#primaryimage"},"thumbnailUrl":"https:\/\/www.fsfx.com.br\/hospital-marcio-cunha\/wp-content\/uploads\/sites\/9\/2022\/12\/Aerea_1-scaled.jpg","inLanguage":"pt-BR","potentialAction":[{"@type":"CommentAction","name":"Comment","target":["https:\/\/www.fsfx.com.br\/hospital-marcio-cunha\/fundacao-sao-francisco-xavier-e-usiminas-participam-de-pesquisa-internacional-que-compara-a-resposta-de-anticorpos-de-sete-vacina-contra-covid-19\/#respond"]}]},{"@type":"WebPage","@id":"https:\/\/www.fsfx.com.br\/hospital-marcio-cunha\/fundacao-sao-francisco-xavier-e-usiminas-participam-de-pesquisa-internacional-que-compara-a-resposta-de-anticorpos-de-sete-vacina-contra-covid-19\/","url":"https:\/\/www.fsfx.com.br\/hospital-marcio-cunha\/fundacao-sao-francisco-xavier-e-usiminas-participam-de-pesquisa-internacional-que-compara-a-resposta-de-anticorpos-de-sete-vacina-contra-covid-19\/","name":"Funda\u00e7\u00e3o S\u00e3o Francisco Xavier e Usiminas participam de pesquisa internacional que compara a resposta de anticorpos de sete vacina contra covid-19 - Hospital M\u00e1rcio Cunha","isPartOf":{"@id":"https:\/\/www.fsfx.com.br\/hospital-marcio-cunha\/#website"},"primaryImageOfPage":{"@id":"https:\/\/www.fsfx.com.br\/hospital-marcio-cunha\/fundacao-sao-francisco-xavier-e-usiminas-participam-de-pesquisa-internacional-que-compara-a-resposta-de-anticorpos-de-sete-vacina-contra-covid-19\/#primaryimage"},"image":{"@id":"https:\/\/www.fsfx.com.br\/hospital-marcio-cunha\/fundacao-sao-francisco-xavier-e-usiminas-participam-de-pesquisa-internacional-que-compara-a-resposta-de-anticorpos-de-sete-vacina-contra-covid-19\/#primaryimage"},"thumbnailUrl":"https:\/\/www.fsfx.com.br\/hospital-marcio-cunha\/wp-content\/uploads\/sites\/9\/2022\/12\/Aerea_1-scaled.jpg","datePublished":"2022-12-05T16:42:35+00:00","breadcrumb":{"@id":"https:\/\/www.fsfx.com.br\/hospital-marcio-cunha\/fundacao-sao-francisco-xavier-e-usiminas-participam-de-pesquisa-internacional-que-compara-a-resposta-de-anticorpos-de-sete-vacina-contra-covid-19\/#breadcrumb"},"inLanguage":"pt-BR","potentialAction":[{"@type":"ReadAction","target":["https:\/\/www.fsfx.com.br\/hospital-marcio-cunha\/fundacao-sao-francisco-xavier-e-usiminas-participam-de-pesquisa-internacional-que-compara-a-resposta-de-anticorpos-de-sete-vacina-contra-covid-19\/"]}]},{"@type":"ImageObject","inLanguage":"pt-BR","@id":"https:\/\/www.fsfx.com.br\/hospital-marcio-cunha\/fundacao-sao-francisco-xavier-e-usiminas-participam-de-pesquisa-internacional-que-compara-a-resposta-de-anticorpos-de-sete-vacina-contra-covid-19\/#primaryimage","url":"https:\/\/www.fsfx.com.br\/hospital-marcio-cunha\/wp-content\/uploads\/sites\/9\/2022\/12\/Aerea_1-scaled.jpg","contentUrl":"https:\/\/www.fsfx.com.br\/hospital-marcio-cunha\/wp-content\/uploads\/sites\/9\/2022\/12\/Aerea_1-scaled.jpg","width":2560,"height":1440},{"@type":"BreadcrumbList","@id":"https:\/\/www.fsfx.com.br\/hospital-marcio-cunha\/fundacao-sao-francisco-xavier-e-usiminas-participam-de-pesquisa-internacional-que-compara-a-resposta-de-anticorpos-de-sete-vacina-contra-covid-19\/#breadcrumb","itemListElement":[{"@type":"ListItem","position":1,"name":"In\u00edcio","item":"https:\/\/www.fsfx.com.br\/hospital-marcio-cunha\/"},{"@type":"ListItem","position":2,"name":"Funda\u00e7\u00e3o S\u00e3o Francisco Xavier e Usiminas participam de pesquisa internacional que compara a resposta de anticorpos de sete vacina contra covid-19"}]},{"@type":"WebSite","@id":"https:\/\/www.fsfx.com.br\/hospital-marcio-cunha\/#website","url":"https:\/\/www.fsfx.com.br\/hospital-marcio-cunha\/","name":"Hospital M\u00e1rcio Cunha","description":"O Hospital M\u00e1rcio Cunha (HMC) \u00e9 um hospital geral de alta complexidade, com 558 leitos e tr\u00eas unidades, sendo uma unidade exclusiva para o tratamento oncol\u00f3gico.","publisher":{"@id":"https:\/\/www.fsfx.com.br\/hospital-marcio-cunha\/#organization"},"potentialAction":[{"@type":"SearchAction","target":{"@type":"EntryPoint","urlTemplate":"https:\/\/www.fsfx.com.br\/hospital-marcio-cunha\/?s={search_term_string}"},"query-input":{"@type":"PropertyValueSpecification","valueRequired":true,"valueName":"search_term_string"}}],"inLanguage":"pt-BR"},{"@type":"Organization","@id":"https:\/\/www.fsfx.com.br\/hospital-marcio-cunha\/#organization","name":"HMC - Hospital M\u00e1rcio Cunha","url":"https:\/\/www.fsfx.com.br\/hospital-marcio-cunha\/","logo":{"@type":"ImageObject","inLanguage":"pt-BR","@id":"https:\/\/www.fsfx.com.br\/hospital-marcio-cunha\/#\/schema\/logo\/image\/","url":"https:\/\/www.fsfx.com.br\/hospital-marcio-cunha\/wp-content\/uploads\/sites\/9\/2022\/04\/logo-hmc-color.png","contentUrl":"https:\/\/www.fsfx.com.br\/hospital-marcio-cunha\/wp-content\/uploads\/sites\/9\/2022\/04\/logo-hmc-color.png","width":264,"height":59,"caption":"HMC - Hospital M\u00e1rcio Cunha"},"image":{"@id":"https:\/\/www.fsfx.com.br\/hospital-marcio-cunha\/#\/schema\/logo\/image\/"}},{"@type":"Person","@id":"https:\/\/www.fsfx.com.br\/hospital-marcio-cunha\/#\/schema\/person\/6bf2cced2b7a5d5d78f5610fc8f52504","name":"C\u00e1ssio Santana","image":{"@type":"ImageObject","inLanguage":"pt-BR","@id":"https:\/\/www.fsfx.com.br\/hospital-marcio-cunha\/#\/schema\/person\/image\/","url":"https:\/\/secure.gravatar.com\/avatar\/ef79739de3edd2f5c2e7c4930b0808c62af99fc5520eaadc7899948f8bc6d2e1?s=96&d=mm&r=g","contentUrl":"https:\/\/secure.gravatar.com\/avatar\/ef79739de3edd2f5c2e7c4930b0808c62af99fc5520eaadc7899948f8bc6d2e1?s=96&d=mm&r=g","caption":"C\u00e1ssio Santana"},"url":"https:\/\/www.fsfx.com.br\/hospital-marcio-cunha\/author\/cassio\/"}]}},"_links":{"self":[{"href":"https:\/\/www.fsfx.com.br\/hospital-marcio-cunha\/wp-json\/wp\/v2\/posts\/10206","targetHints":{"allow":["GET"]}}],"collection":[{"href":"https:\/\/www.fsfx.com.br\/hospital-marcio-cunha\/wp-json\/wp\/v2\/posts"}],"about":[{"href":"https:\/\/www.fsfx.com.br\/hospital-marcio-cunha\/wp-json\/wp\/v2\/types\/post"}],"author":[{"embeddable":true,"href":"https:\/\/www.fsfx.com.br\/hospital-marcio-cunha\/wp-json\/wp\/v2\/users\/6"}],"replies":[{"embeddable":true,"href":"https:\/\/www.fsfx.com.br\/hospital-marcio-cunha\/wp-json\/wp\/v2\/comments?post=10206"}],"version-history":[{"count":0,"href":"https:\/\/www.fsfx.com.br\/hospital-marcio-cunha\/wp-json\/wp\/v2\/posts\/10206\/revisions"}],"wp:featuredmedia":[{"embeddable":true,"href":"https:\/\/www.fsfx.com.br\/hospital-marcio-cunha\/wp-json\/wp\/v2\/media\/10207"}],"wp:attachment":[{"href":"https:\/\/www.fsfx.com.br\/hospital-marcio-cunha\/wp-json\/wp\/v2\/media?parent=10206"}],"wp:term":[{"taxonomy":"category","embeddable":true,"href":"https:\/\/www.fsfx.com.br\/hospital-marcio-cunha\/wp-json\/wp\/v2\/categories?post=10206"},{"taxonomy":"post_tag","embeddable":true,"href":"https:\/\/www.fsfx.com.br\/hospital-marcio-cunha\/wp-json\/wp\/v2\/tags?post=10206"}],"curies":[{"name":"wp","href":"https:\/\/api.w.org\/{rel}","templated":true}]}}