{"id":11130,"date":"2023-06-26T09:42:54","date_gmt":"2023-06-26T12:42:54","guid":{"rendered":"https:\/\/www.fsfx.com.br\/hospital-marcio-cunha\/?p=11130"},"modified":"2023-06-26T09:59:01","modified_gmt":"2023-06-26T12:59:01","slug":"dia-nacional-do-diabetes","status":"publish","type":"post","link":"https:\/\/www.fsfx.com.br\/hospital-marcio-cunha\/dia-nacional-do-diabetes\/","title":{"rendered":"Dia Nacional do Diabetes"},"content":{"rendered":"<p style=\"text-align: center\"><strong>Brasil \u00e9 o 5\u00ba pa\u00eds do mundo em incid\u00eancia de diabetes com quase 17 milh\u00f5es de pessoas afetadas<\/strong><strong>\u00a0<\/strong><\/p>\n<p>O engenheiro aposentado Edmilson Ribeiro Pereira, de 72 anos, \u00e9 um exemplo de supera\u00e7\u00e3o e de que \u00e9 poss\u00edvel mudar h\u00e1bitos e ter uma vida saud\u00e1vel mesmo com o diagn\u00f3stico de diabetes. Edmilson fumou dos 25 aos 39 anos e parou de beber h\u00e1 apenas dez anos. Ele se considera um alco\u00f3latra, pois n\u00e3o pode beber o primeiro copo. Al\u00e9m do cigarro e da bebida, o aposentado tamb\u00e9m era sedent\u00e1rio e n\u00e3o praticava atividades f\u00edsicas. Aos 45 anos, mesmo sem hist\u00f3rico na fam\u00edlia, mas com fatores de risco, Edmilson foi diagnosticado com diabetes.<\/p>\n<p><img fetchpriority=\"high\" decoding=\"async\" class=\"alignleft wp-image-13543\" src=\"https:\/\/www.fsfx.com.br\/wp-content\/uploads\/2023\/06\/Edmilson-Ribeiro-Pereira-aposentado-72-anos-225x300.jpeg\" alt=\"\" width=\"209\" height=\"279\" \/>\u201cEu virei uma chave na minha vida. N\u00e3o fumo mais, n\u00e3o bebo. Sou disciplinado e cumpri certinho tudo o que os m\u00e9dicos me indicaram.\u00a0 Mudei a minha dieta completamente. N\u00e3o como mais p\u00e3o, doces e pudim que eu amo. Acrescentei verduras e tudo que fosse bom para a sa\u00fade na minha alimenta\u00e7\u00e3o e passei a praticar atividade f\u00edsica. Caminho de 5 a 10 km todos os dias. Troquei a bebida pelo exerc\u00edcio e minha vida mudou completamente. Minha diabetes est\u00e1 controlada e hoje me sinto muito mais saud\u00e1vel, gra\u00e7as a Deus, aos m\u00e9dicos e \u00e0 minha for\u00e7a de vontade\u201d, comenta.<\/p>\n<p>Edmilson \u00e9 uma das quase 17 milh\u00f5es de pessoas com diabetes no Brasil. A doen\u00e7a \u00e9 uma epidemia global e uma quest\u00e3o de sa\u00fade p\u00fablica que afeta milh\u00f5es de pessoas em todo o mundo e preocupa a comunidade m\u00e9dico-cient\u00edfica. De acordo com o Atlas do Diabetes da Federa\u00e7\u00e3o Internacional do Diabetes, existem mais de 537 milh\u00f5es de adultos com a doen\u00e7a em todo mundo e essa condi\u00e7\u00e3o levou a 6,7 milh\u00f5es de mortes apenas no ano de 2021- uma vida perdida a cada cinco segundos.<\/p>\n<p>No Brasil, s\u00e3o mais de 16,8 milh\u00f5es de casos entre pessoas com idades de 20 a 79 anos, o que nos coloca como quinto pa\u00eds com maior incid\u00eancia de diabetes no mundo.\u00a0\u00a0No Dia Nacional do Diabetes, celebrado em 26 de junho, \u00e9 essencial refletirmos sobre a import\u00e2ncia de combater essa doen\u00e7a silenciosa.<\/p>\n<p>O n\u00famero de pessoas com diabetes nas Am\u00e9ricas, por exemplo, mais que triplicou em tr\u00eas d\u00e9cadas, segundo dados do relat\u00f3rio da Organiza\u00e7\u00e3o Pan-Americana da Sa\u00fade (OPAS). Pelo menos 62 milh\u00f5es de pessoas vivem com diabetes nas Am\u00e9ricas, n\u00famero que pode ser ainda maior visto que cerca de 40% das pessoas n\u00e3o sabem que t\u00eam a doen\u00e7a.<\/p>\n<p><strong>O que \u00e9 o diabetes<\/strong><\/p>\n<p><img decoding=\"async\" class=\" wp-image-13542 alignright\" src=\"https:\/\/www.fsfx.com.br\/wp-content\/uploads\/2023\/06\/Dia-Nacional-do-Diabetes-Dra-Milyan-225x300.jpg\" alt=\"\" width=\"263\" height=\"351\" \/>Milyan Moreira Gomes, m\u00e9dica geriatra e endocrinologista da Usisa\u00fade explica a complexidade da enfermidade. \u201cO diabetes \u00e9 uma doen\u00e7a cr\u00f4nica e complexa. Que resulta de defeitos na a\u00e7\u00e3o ou produ\u00e7\u00e3o da insulina, horm\u00f4nios respons\u00e1veis por regular os n\u00edveis de a\u00e7\u00facar no sangue. Ele se manifesta por meio de fatores gen\u00e9ticos, biol\u00f3gicos e ambientais, originados em hiperglicemia cr\u00f4nica- aumento dos n\u00edveis de a\u00e7\u00facar no sangue\u201d.<\/p>\n<p>A especialista destaca que a obesidade, a m\u00e1 alimenta\u00e7\u00e3o e a falta de atividade f\u00edsica s\u00e3o fatores-chave\u00a0para o aumento\u00a0alarmante de casos de diabetes.<\/p>\n<p><strong>Tipos<\/strong><\/p>\n<p>Existem v\u00e1rios tipos de diabetes, mas os mais comuns s\u00e3o o diabetes Tipo 1 e Tipo 2. Segundo a especialista, o Tipo 1 geralmente surge na inf\u00e2ncia ou adolesc\u00eancia, mas tamb\u00e9m pode ser adquirido em adultos. J\u00e1 o diabetes Tipo 2 se manifesta mais frequentemente em adultos, mas crian\u00e7as tamb\u00e9m podem apresentar.\u00a0A doen\u00e7a\u00a0est\u00e1 diretamente\u00a0relacionada\u00a0a fatores de risco como sobrepeso, sedentarismo, n\u00edveis elevados de triglicer\u00eddeos, hipertens\u00e3o e h\u00e1bitos alimentares inadequados. Cerca de 90% das pessoas com diabetes t\u00eam o Tipo 2.<\/p>\n<p><strong>Conscientiza\u00e7\u00e3o<\/strong><\/p>\n<p>O grande desafio no controle e combate ao diabetes est\u00e1 em adotar um estilo de vida saud\u00e1vel. Por isso, \u00e9 imprescind\u00edvel educa\u00e7\u00e3o e conscientiza\u00e7\u00e3o. \u201cA pr\u00e1tica regular de atividades f\u00edsicas, aliada a uma alimenta\u00e7\u00e3o equilibrada, s\u00e3o as principais medidas preventivas. Al\u00e9m disso, \u00e9 preciso estar atento aos fatores de risco como press\u00e3o alta, colesterol alto, hist\u00f3rico familiar da doen\u00e7a, sobrepeso e tabagismo\u201d, pontua Milyan Gomes.<\/p>\n<p>A m\u00e9dica endocrinologista\u00a0destaca a import\u00e2ncia da conscientiza\u00e7\u00e3o para prevenir e controlar o diabetes. \u201c\u00c9 preciso que governos, comunidade cient\u00edfica e sociedade estabele\u00e7am mais campanhas de conscientiza\u00e7\u00e3o e formas de atua\u00e7\u00e3o de controle e combate \u00e0 doen\u00e7a.\u00a0 \u00c9 essencial garantir o acesso a exames regulares, tratamentos e medicamentos para aqueles que j\u00e1 vivem com a doen\u00e7a. A conscientiza\u00e7\u00e3o desempenha um papel crucial na luta contra o diabetes\u201d, conclui a especialista.<\/p>\n","protected":false},"excerpt":{"rendered":"<p>Brasil \u00e9 o 5\u00ba pa\u00eds do mundo em incid\u00eancia de diabetes com quase 17 milh\u00f5es de pessoas afetadas\u00a0 O engenheiro aposentado Edmilson Ribeiro Pereira, de 72 anos, \u00e9 um exemplo de supera\u00e7\u00e3o e de que \u00e9 poss\u00edvel mudar h\u00e1bitos e ter uma vida saud\u00e1vel mesmo com o diagn\u00f3stico de diabetes. Edmilson fumou dos 25 aos [&hellip;]<\/p>\n","protected":false},"author":6,"featured_media":11131,"comment_status":"open","ping_status":"open","sticky":false,"template":"","format":"standard","meta":{"_acf_changed":false,"site-sidebar-layout":"default","site-content-layout":"","ast-site-content-layout":"default","site-content-style":"default","site-sidebar-style":"default","ast-global-header-display":"","ast-banner-title-visibility":"","ast-main-header-display":"","ast-hfb-above-header-display":"","ast-hfb-below-header-display":"","ast-hfb-mobile-header-display":"","site-post-title":"","ast-breadcrumbs-content":"","ast-featured-img":"","footer-sml-layout":"","theme-transparent-header-meta":"","adv-header-id-meta":"","stick-header-meta":"","header-above-stick-meta":"","header-main-stick-meta":"","header-below-stick-meta":"","astra-migrate-meta-layouts":"default","ast-page-background-enabled":"default","ast-page-background-meta":{"desktop":{"background-color":"var(--ast-global-color-4)","background-image":"","background-repeat":"repeat","background-position":"center center","background-size":"auto","background-attachment":"scroll","background-type":"","background-media":"","overlay-type":"","overlay-color":"","overlay-opacity":"","overlay-gradient":""},"tablet":{"background-color":"","background-image":"","background-repeat":"repeat","background-position":"center center","background-size":"auto","background-attachment":"scroll","background-type":"","background-media":"","overlay-type":"","overlay-color":"","overlay-opacity":"","overlay-gradient":""},"mobile":{"background-color":"","background-image":"","background-repeat":"repeat","background-position":"center center","background-size":"auto","background-attachment":"scroll","background-type":"","background-media":"","overlay-type":"","overlay-color":"","overlay-opacity":"","overlay-gradient":""}},"ast-content-background-meta":{"desktop":{"background-color":"var(--ast-global-color-5)","background-image":"","background-repeat":"repeat","background-position":"center center","background-size":"auto","background-attachment":"scroll","background-type":"","background-media":"","overlay-type":"","overlay-color":"","overlay-opacity":"","overlay-gradient":""},"tablet":{"background-color":"var(--ast-global-color-5)","background-image":"","background-repeat":"repeat","background-position":"center center","background-size":"auto","background-attachment":"scroll","background-type":"","background-media":"","overlay-type":"","overlay-color":"","overlay-opacity":"","overlay-gradient":""},"mobile":{"background-color":"var(--ast-global-color-5)","background-image":"","background-repeat":"repeat","background-position":"center center","background-size":"auto","background-attachment":"scroll","background-type":"","background-media":"","overlay-type":"","overlay-color":"","overlay-opacity":"","overlay-gradient":""}},"footnotes":""},"categories":[24],"tags":[],"class_list":["post-11130","post","type-post","status-publish","format-standard","has-post-thumbnail","hentry","category-saude"],"acf":[],"yoast_head":"<!-- This site is optimized with the Yoast SEO plugin v26.9 - https:\/\/yoast.com\/product\/yoast-seo-wordpress\/ -->\n<title>Dia Nacional do Diabetes - Hospital M\u00e1rcio Cunha<\/title>\n<meta name=\"robots\" content=\"index, follow, max-snippet:-1, max-image-preview:large, max-video-preview:-1\" \/>\n<link rel=\"canonical\" href=\"https:\/\/www.fsfx.com.br\/hospital-marcio-cunha\/dia-nacional-do-diabetes\/\" \/>\n<meta property=\"og:locale\" content=\"pt_BR\" \/>\n<meta property=\"og:type\" content=\"article\" \/>\n<meta property=\"og:title\" content=\"Dia Nacional do Diabetes - Hospital M\u00e1rcio Cunha\" \/>\n<meta property=\"og:description\" content=\"Brasil \u00e9 o 5\u00ba pa\u00eds do mundo em incid\u00eancia de diabetes com quase 17 milh\u00f5es de pessoas afetadas\u00a0 O engenheiro aposentado Edmilson Ribeiro Pereira, de 72 anos, \u00e9 um exemplo de supera\u00e7\u00e3o e de que \u00e9 poss\u00edvel mudar h\u00e1bitos e ter uma vida saud\u00e1vel mesmo com o diagn\u00f3stico de diabetes. Edmilson fumou dos 25 aos [&hellip;]\" \/>\n<meta property=\"og:url\" content=\"https:\/\/www.fsfx.com.br\/hospital-marcio-cunha\/dia-nacional-do-diabetes\/\" \/>\n<meta property=\"og:site_name\" content=\"Hospital M\u00e1rcio Cunha\" \/>\n<meta property=\"article:published_time\" content=\"2023-06-26T12:42:54+00:00\" \/>\n<meta property=\"article:modified_time\" content=\"2023-06-26T12:59:01+00:00\" \/>\n<meta property=\"og:image\" content=\"https:\/\/www.fsfx.com.br\/hospital-marcio-cunha\/wp-content\/uploads\/sites\/9\/2023\/06\/iStock-876767526.jpg\" \/>\n\t<meta property=\"og:image:width\" content=\"724\" \/>\n\t<meta property=\"og:image:height\" content=\"483\" \/>\n\t<meta property=\"og:image:type\" content=\"image\/jpeg\" \/>\n<meta name=\"author\" content=\"C\u00e1ssio Santana\" \/>\n<meta name=\"twitter:card\" content=\"summary_large_image\" \/>\n<meta name=\"twitter:label1\" content=\"Escrito por\" \/>\n\t<meta name=\"twitter:data1\" content=\"C\u00e1ssio Santana\" \/>\n\t<meta name=\"twitter:label2\" content=\"Est. tempo de leitura\" \/>\n\t<meta name=\"twitter:data2\" content=\"5 minutos\" \/>\n<script type=\"application\/ld+json\" class=\"yoast-schema-graph\">{\"@context\":\"https:\/\/schema.org\",\"@graph\":[{\"@type\":\"Article\",\"@id\":\"https:\/\/www.fsfx.com.br\/hospital-marcio-cunha\/dia-nacional-do-diabetes\/#article\",\"isPartOf\":{\"@id\":\"https:\/\/www.fsfx.com.br\/hospital-marcio-cunha\/dia-nacional-do-diabetes\/\"},\"author\":{\"name\":\"C\u00e1ssio Santana\",\"@id\":\"https:\/\/www.fsfx.com.br\/hospital-marcio-cunha\/#\/schema\/person\/6bf2cced2b7a5d5d78f5610fc8f52504\"},\"headline\":\"Dia Nacional do Diabetes\",\"datePublished\":\"2023-06-26T12:42:54+00:00\",\"dateModified\":\"2023-06-26T12:59:01+00:00\",\"mainEntityOfPage\":{\"@id\":\"https:\/\/www.fsfx.com.br\/hospital-marcio-cunha\/dia-nacional-do-diabetes\/\"},\"wordCount\":803,\"commentCount\":0,\"publisher\":{\"@id\":\"https:\/\/www.fsfx.com.br\/hospital-marcio-cunha\/#organization\"},\"image\":{\"@id\":\"https:\/\/www.fsfx.com.br\/hospital-marcio-cunha\/dia-nacional-do-diabetes\/#primaryimage\"},\"thumbnailUrl\":\"https:\/\/www.fsfx.com.br\/hospital-marcio-cunha\/wp-content\/uploads\/sites\/9\/2023\/06\/iStock-876767526.jpg\",\"articleSection\":[\"Sa\u00fade\"],\"inLanguage\":\"pt-BR\",\"potentialAction\":[{\"@type\":\"CommentAction\",\"name\":\"Comment\",\"target\":[\"https:\/\/www.fsfx.com.br\/hospital-marcio-cunha\/dia-nacional-do-diabetes\/#respond\"]}]},{\"@type\":\"WebPage\",\"@id\":\"https:\/\/www.fsfx.com.br\/hospital-marcio-cunha\/dia-nacional-do-diabetes\/\",\"url\":\"https:\/\/www.fsfx.com.br\/hospital-marcio-cunha\/dia-nacional-do-diabetes\/\",\"name\":\"Dia Nacional do Diabetes - Hospital M\u00e1rcio Cunha\",\"isPartOf\":{\"@id\":\"https:\/\/www.fsfx.com.br\/hospital-marcio-cunha\/#website\"},\"primaryImageOfPage\":{\"@id\":\"https:\/\/www.fsfx.com.br\/hospital-marcio-cunha\/dia-nacional-do-diabetes\/#primaryimage\"},\"image\":{\"@id\":\"https:\/\/www.fsfx.com.br\/hospital-marcio-cunha\/dia-nacional-do-diabetes\/#primaryimage\"},\"thumbnailUrl\":\"https:\/\/www.fsfx.com.br\/hospital-marcio-cunha\/wp-content\/uploads\/sites\/9\/2023\/06\/iStock-876767526.jpg\",\"datePublished\":\"2023-06-26T12:42:54+00:00\",\"dateModified\":\"2023-06-26T12:59:01+00:00\",\"breadcrumb\":{\"@id\":\"https:\/\/www.fsfx.com.br\/hospital-marcio-cunha\/dia-nacional-do-diabetes\/#breadcrumb\"},\"inLanguage\":\"pt-BR\",\"potentialAction\":[{\"@type\":\"ReadAction\",\"target\":[\"https:\/\/www.fsfx.com.br\/hospital-marcio-cunha\/dia-nacional-do-diabetes\/\"]}]},{\"@type\":\"ImageObject\",\"inLanguage\":\"pt-BR\",\"@id\":\"https:\/\/www.fsfx.com.br\/hospital-marcio-cunha\/dia-nacional-do-diabetes\/#primaryimage\",\"url\":\"https:\/\/www.fsfx.com.br\/hospital-marcio-cunha\/wp-content\/uploads\/sites\/9\/2023\/06\/iStock-876767526.jpg\",\"contentUrl\":\"https:\/\/www.fsfx.com.br\/hospital-marcio-cunha\/wp-content\/uploads\/sites\/9\/2023\/06\/iStock-876767526.jpg\",\"width\":724,\"height\":483,\"caption\":\"Doctor use glucosmeter checking blood sugar level from patient hand\"},{\"@type\":\"BreadcrumbList\",\"@id\":\"https:\/\/www.fsfx.com.br\/hospital-marcio-cunha\/dia-nacional-do-diabetes\/#breadcrumb\",\"itemListElement\":[{\"@type\":\"ListItem\",\"position\":1,\"name\":\"In\u00edcio\",\"item\":\"https:\/\/www.fsfx.com.br\/hospital-marcio-cunha\/\"},{\"@type\":\"ListItem\",\"position\":2,\"name\":\"Dia Nacional do Diabetes\"}]},{\"@type\":\"WebSite\",\"@id\":\"https:\/\/www.fsfx.com.br\/hospital-marcio-cunha\/#website\",\"url\":\"https:\/\/www.fsfx.com.br\/hospital-marcio-cunha\/\",\"name\":\"Hospital M\u00e1rcio Cunha\",\"description\":\"O Hospital M\u00e1rcio Cunha (HMC) \u00e9 um hospital geral de alta complexidade, com 558 leitos e tr\u00eas unidades, sendo uma unidade exclusiva para o tratamento oncol\u00f3gico.\",\"publisher\":{\"@id\":\"https:\/\/www.fsfx.com.br\/hospital-marcio-cunha\/#organization\"},\"potentialAction\":[{\"@type\":\"SearchAction\",\"target\":{\"@type\":\"EntryPoint\",\"urlTemplate\":\"https:\/\/www.fsfx.com.br\/hospital-marcio-cunha\/?s={search_term_string}\"},\"query-input\":{\"@type\":\"PropertyValueSpecification\",\"valueRequired\":true,\"valueName\":\"search_term_string\"}}],\"inLanguage\":\"pt-BR\"},{\"@type\":\"Organization\",\"@id\":\"https:\/\/www.fsfx.com.br\/hospital-marcio-cunha\/#organization\",\"name\":\"HMC - Hospital M\u00e1rcio Cunha\",\"url\":\"https:\/\/www.fsfx.com.br\/hospital-marcio-cunha\/\",\"logo\":{\"@type\":\"ImageObject\",\"inLanguage\":\"pt-BR\",\"@id\":\"https:\/\/www.fsfx.com.br\/hospital-marcio-cunha\/#\/schema\/logo\/image\/\",\"url\":\"https:\/\/www.fsfx.com.br\/hospital-marcio-cunha\/wp-content\/uploads\/sites\/9\/2022\/04\/logo-hmc-color.png\",\"contentUrl\":\"https:\/\/www.fsfx.com.br\/hospital-marcio-cunha\/wp-content\/uploads\/sites\/9\/2022\/04\/logo-hmc-color.png\",\"width\":264,\"height\":59,\"caption\":\"HMC - Hospital M\u00e1rcio Cunha\"},\"image\":{\"@id\":\"https:\/\/www.fsfx.com.br\/hospital-marcio-cunha\/#\/schema\/logo\/image\/\"}},{\"@type\":\"Person\",\"@id\":\"https:\/\/www.fsfx.com.br\/hospital-marcio-cunha\/#\/schema\/person\/6bf2cced2b7a5d5d78f5610fc8f52504\",\"name\":\"C\u00e1ssio Santana\",\"image\":{\"@type\":\"ImageObject\",\"inLanguage\":\"pt-BR\",\"@id\":\"https:\/\/www.fsfx.com.br\/hospital-marcio-cunha\/#\/schema\/person\/image\/\",\"url\":\"https:\/\/secure.gravatar.com\/avatar\/ef79739de3edd2f5c2e7c4930b0808c62af99fc5520eaadc7899948f8bc6d2e1?s=96&d=mm&r=g\",\"contentUrl\":\"https:\/\/secure.gravatar.com\/avatar\/ef79739de3edd2f5c2e7c4930b0808c62af99fc5520eaadc7899948f8bc6d2e1?s=96&d=mm&r=g\",\"caption\":\"C\u00e1ssio Santana\"},\"url\":\"https:\/\/www.fsfx.com.br\/hospital-marcio-cunha\/author\/cassio\/\"}]}<\/script>\n<!-- \/ Yoast SEO plugin. -->","yoast_head_json":{"title":"Dia Nacional do Diabetes - Hospital M\u00e1rcio Cunha","robots":{"index":"index","follow":"follow","max-snippet":"max-snippet:-1","max-image-preview":"max-image-preview:large","max-video-preview":"max-video-preview:-1"},"canonical":"https:\/\/www.fsfx.com.br\/hospital-marcio-cunha\/dia-nacional-do-diabetes\/","og_locale":"pt_BR","og_type":"article","og_title":"Dia Nacional do Diabetes - Hospital M\u00e1rcio Cunha","og_description":"Brasil \u00e9 o 5\u00ba pa\u00eds do mundo em incid\u00eancia de diabetes com quase 17 milh\u00f5es de pessoas afetadas\u00a0 O engenheiro aposentado Edmilson Ribeiro Pereira, de 72 anos, \u00e9 um exemplo de supera\u00e7\u00e3o e de que \u00e9 poss\u00edvel mudar h\u00e1bitos e ter uma vida saud\u00e1vel mesmo com o diagn\u00f3stico de diabetes. Edmilson fumou dos 25 aos [&hellip;]","og_url":"https:\/\/www.fsfx.com.br\/hospital-marcio-cunha\/dia-nacional-do-diabetes\/","og_site_name":"Hospital M\u00e1rcio Cunha","article_published_time":"2023-06-26T12:42:54+00:00","article_modified_time":"2023-06-26T12:59:01+00:00","og_image":[{"width":724,"height":483,"url":"https:\/\/www.fsfx.com.br\/hospital-marcio-cunha\/wp-content\/uploads\/sites\/9\/2023\/06\/iStock-876767526.jpg","type":"image\/jpeg"}],"author":"C\u00e1ssio Santana","twitter_card":"summary_large_image","twitter_misc":{"Escrito por":"C\u00e1ssio Santana","Est. tempo de leitura":"5 minutos"},"schema":{"@context":"https:\/\/schema.org","@graph":[{"@type":"Article","@id":"https:\/\/www.fsfx.com.br\/hospital-marcio-cunha\/dia-nacional-do-diabetes\/#article","isPartOf":{"@id":"https:\/\/www.fsfx.com.br\/hospital-marcio-cunha\/dia-nacional-do-diabetes\/"},"author":{"name":"C\u00e1ssio Santana","@id":"https:\/\/www.fsfx.com.br\/hospital-marcio-cunha\/#\/schema\/person\/6bf2cced2b7a5d5d78f5610fc8f52504"},"headline":"Dia Nacional do Diabetes","datePublished":"2023-06-26T12:42:54+00:00","dateModified":"2023-06-26T12:59:01+00:00","mainEntityOfPage":{"@id":"https:\/\/www.fsfx.com.br\/hospital-marcio-cunha\/dia-nacional-do-diabetes\/"},"wordCount":803,"commentCount":0,"publisher":{"@id":"https:\/\/www.fsfx.com.br\/hospital-marcio-cunha\/#organization"},"image":{"@id":"https:\/\/www.fsfx.com.br\/hospital-marcio-cunha\/dia-nacional-do-diabetes\/#primaryimage"},"thumbnailUrl":"https:\/\/www.fsfx.com.br\/hospital-marcio-cunha\/wp-content\/uploads\/sites\/9\/2023\/06\/iStock-876767526.jpg","articleSection":["Sa\u00fade"],"inLanguage":"pt-BR","potentialAction":[{"@type":"CommentAction","name":"Comment","target":["https:\/\/www.fsfx.com.br\/hospital-marcio-cunha\/dia-nacional-do-diabetes\/#respond"]}]},{"@type":"WebPage","@id":"https:\/\/www.fsfx.com.br\/hospital-marcio-cunha\/dia-nacional-do-diabetes\/","url":"https:\/\/www.fsfx.com.br\/hospital-marcio-cunha\/dia-nacional-do-diabetes\/","name":"Dia Nacional do Diabetes - Hospital M\u00e1rcio Cunha","isPartOf":{"@id":"https:\/\/www.fsfx.com.br\/hospital-marcio-cunha\/#website"},"primaryImageOfPage":{"@id":"https:\/\/www.fsfx.com.br\/hospital-marcio-cunha\/dia-nacional-do-diabetes\/#primaryimage"},"image":{"@id":"https:\/\/www.fsfx.com.br\/hospital-marcio-cunha\/dia-nacional-do-diabetes\/#primaryimage"},"thumbnailUrl":"https:\/\/www.fsfx.com.br\/hospital-marcio-cunha\/wp-content\/uploads\/sites\/9\/2023\/06\/iStock-876767526.jpg","datePublished":"2023-06-26T12:42:54+00:00","dateModified":"2023-06-26T12:59:01+00:00","breadcrumb":{"@id":"https:\/\/www.fsfx.com.br\/hospital-marcio-cunha\/dia-nacional-do-diabetes\/#breadcrumb"},"inLanguage":"pt-BR","potentialAction":[{"@type":"ReadAction","target":["https:\/\/www.fsfx.com.br\/hospital-marcio-cunha\/dia-nacional-do-diabetes\/"]}]},{"@type":"ImageObject","inLanguage":"pt-BR","@id":"https:\/\/www.fsfx.com.br\/hospital-marcio-cunha\/dia-nacional-do-diabetes\/#primaryimage","url":"https:\/\/www.fsfx.com.br\/hospital-marcio-cunha\/wp-content\/uploads\/sites\/9\/2023\/06\/iStock-876767526.jpg","contentUrl":"https:\/\/www.fsfx.com.br\/hospital-marcio-cunha\/wp-content\/uploads\/sites\/9\/2023\/06\/iStock-876767526.jpg","width":724,"height":483,"caption":"Doctor use glucosmeter checking blood sugar level from patient hand"},{"@type":"BreadcrumbList","@id":"https:\/\/www.fsfx.com.br\/hospital-marcio-cunha\/dia-nacional-do-diabetes\/#breadcrumb","itemListElement":[{"@type":"ListItem","position":1,"name":"In\u00edcio","item":"https:\/\/www.fsfx.com.br\/hospital-marcio-cunha\/"},{"@type":"ListItem","position":2,"name":"Dia Nacional do Diabetes"}]},{"@type":"WebSite","@id":"https:\/\/www.fsfx.com.br\/hospital-marcio-cunha\/#website","url":"https:\/\/www.fsfx.com.br\/hospital-marcio-cunha\/","name":"Hospital M\u00e1rcio Cunha","description":"O Hospital M\u00e1rcio Cunha (HMC) \u00e9 um hospital geral de alta complexidade, com 558 leitos e tr\u00eas unidades, sendo uma unidade exclusiva para o tratamento oncol\u00f3gico.","publisher":{"@id":"https:\/\/www.fsfx.com.br\/hospital-marcio-cunha\/#organization"},"potentialAction":[{"@type":"SearchAction","target":{"@type":"EntryPoint","urlTemplate":"https:\/\/www.fsfx.com.br\/hospital-marcio-cunha\/?s={search_term_string}"},"query-input":{"@type":"PropertyValueSpecification","valueRequired":true,"valueName":"search_term_string"}}],"inLanguage":"pt-BR"},{"@type":"Organization","@id":"https:\/\/www.fsfx.com.br\/hospital-marcio-cunha\/#organization","name":"HMC - Hospital M\u00e1rcio Cunha","url":"https:\/\/www.fsfx.com.br\/hospital-marcio-cunha\/","logo":{"@type":"ImageObject","inLanguage":"pt-BR","@id":"https:\/\/www.fsfx.com.br\/hospital-marcio-cunha\/#\/schema\/logo\/image\/","url":"https:\/\/www.fsfx.com.br\/hospital-marcio-cunha\/wp-content\/uploads\/sites\/9\/2022\/04\/logo-hmc-color.png","contentUrl":"https:\/\/www.fsfx.com.br\/hospital-marcio-cunha\/wp-content\/uploads\/sites\/9\/2022\/04\/logo-hmc-color.png","width":264,"height":59,"caption":"HMC - Hospital M\u00e1rcio Cunha"},"image":{"@id":"https:\/\/www.fsfx.com.br\/hospital-marcio-cunha\/#\/schema\/logo\/image\/"}},{"@type":"Person","@id":"https:\/\/www.fsfx.com.br\/hospital-marcio-cunha\/#\/schema\/person\/6bf2cced2b7a5d5d78f5610fc8f52504","name":"C\u00e1ssio Santana","image":{"@type":"ImageObject","inLanguage":"pt-BR","@id":"https:\/\/www.fsfx.com.br\/hospital-marcio-cunha\/#\/schema\/person\/image\/","url":"https:\/\/secure.gravatar.com\/avatar\/ef79739de3edd2f5c2e7c4930b0808c62af99fc5520eaadc7899948f8bc6d2e1?s=96&d=mm&r=g","contentUrl":"https:\/\/secure.gravatar.com\/avatar\/ef79739de3edd2f5c2e7c4930b0808c62af99fc5520eaadc7899948f8bc6d2e1?s=96&d=mm&r=g","caption":"C\u00e1ssio Santana"},"url":"https:\/\/www.fsfx.com.br\/hospital-marcio-cunha\/author\/cassio\/"}]}},"_links":{"self":[{"href":"https:\/\/www.fsfx.com.br\/hospital-marcio-cunha\/wp-json\/wp\/v2\/posts\/11130","targetHints":{"allow":["GET"]}}],"collection":[{"href":"https:\/\/www.fsfx.com.br\/hospital-marcio-cunha\/wp-json\/wp\/v2\/posts"}],"about":[{"href":"https:\/\/www.fsfx.com.br\/hospital-marcio-cunha\/wp-json\/wp\/v2\/types\/post"}],"author":[{"embeddable":true,"href":"https:\/\/www.fsfx.com.br\/hospital-marcio-cunha\/wp-json\/wp\/v2\/users\/6"}],"replies":[{"embeddable":true,"href":"https:\/\/www.fsfx.com.br\/hospital-marcio-cunha\/wp-json\/wp\/v2\/comments?post=11130"}],"version-history":[{"count":2,"href":"https:\/\/www.fsfx.com.br\/hospital-marcio-cunha\/wp-json\/wp\/v2\/posts\/11130\/revisions"}],"predecessor-version":[{"id":11133,"href":"https:\/\/www.fsfx.com.br\/hospital-marcio-cunha\/wp-json\/wp\/v2\/posts\/11130\/revisions\/11133"}],"wp:featuredmedia":[{"embeddable":true,"href":"https:\/\/www.fsfx.com.br\/hospital-marcio-cunha\/wp-json\/wp\/v2\/media\/11131"}],"wp:attachment":[{"href":"https:\/\/www.fsfx.com.br\/hospital-marcio-cunha\/wp-json\/wp\/v2\/media?parent=11130"}],"wp:term":[{"taxonomy":"category","embeddable":true,"href":"https:\/\/www.fsfx.com.br\/hospital-marcio-cunha\/wp-json\/wp\/v2\/categories?post=11130"},{"taxonomy":"post_tag","embeddable":true,"href":"https:\/\/www.fsfx.com.br\/hospital-marcio-cunha\/wp-json\/wp\/v2\/tags?post=11130"}],"curies":[{"name":"wp","href":"https:\/\/api.w.org\/{rel}","templated":true}]}}